{"id":416104,"date":"2026-07-27T00:53:07","date_gmt":"2026-07-27T04:53:07","guid":{"rendered":"https:\/\/www.eldiario.net\/portal\/?p=416104"},"modified":"2026-07-26T19:53:59","modified_gmt":"2026-07-26T23:53:59","slug":"samsung-trae-a-bolivia-su-nueva-generacion-de-televisores-mini-led-con-inteligencia-artificial","status":"publish","type":"post","link":"https:\/\/www.eldiario.net\/portal\/2026\/07\/27\/samsung-trae-a-bolivia-su-nueva-generacion-de-televisores-mini-led-con-inteligencia-artificial\/","title":{"rendered":"Samsung trae a Bolivia su nueva generaci\u00f3n de televisores Mini LED con Inteligencia Artificial"},"content":{"rendered":"<p><strong>La Paz, julio de 2026.-<\/strong> Samsung present\u00f3 oficialmente en Bolivia su nueva l\u00ednea de televisores Mini LED, una generaci\u00f3n de pantallas que combina Inteligencia Artificial (IA), mayor precisi\u00f3n de color y un ecosistema conectado que busca transformar la experiencia de entretenimiento en el hogar de los bolivianos.<\/p>\n<p>Disponibles en tama\u00f1os de 55, 65, 75 y 85 pulgadas, los nuevos televisores 4K Smart TV incorporan la tecnolog\u00eda Pure Spectrum Color, Vision AI y protecci\u00f3n mediante Samsung Knox, integrando funciones que optimizan autom\u00e1ticamente la imagen, el sonido y la interacci\u00f3n del usuario seg\u00fan el contenido y el entorno.<\/p>\n<p>\u00abLa evoluci\u00f3n de las pantallas ya no pasa \u00fanicamente por ofrecer una mejor calidad de imagen. Hoy la IA permite que el televisor entienda el contenido, se adapte a las preferencias y se convierta en el centro del hogar conectado. Con esta nueva l\u00ednea Mini LED queremos acercar esa experiencia premium a los hogares bolivianos\u00bb, destac\u00f3 la encargada de Marketing de Consumer Electronics en Samsung Bolivia, Daniela Daza.<\/p>\n<p><strong>Inteligencia Artificial que personaliza la experiencia<\/strong><\/p>\n<p>Los nuevos modelos incorporan Vision AI, una plataforma que analiza el contenido en tiempo real para optimizar autom\u00e1ticamente brillo, contraste, sonido y colores. Adem\u00e1s, funciones como 4K AI Upscaling y Auto HDR Remastering utilizan IA para mejorar contenidos de menor resoluci\u00f3n y ofrecer im\u00e1genes m\u00e1s definidas, cercanas a una calidad cinematogr\u00e1fica.<\/p>\n<p>La tecnolog\u00eda Pure Spectrum Color, junto con la certificaci\u00f3n Pantone Validated, permite reproducir colores m\u00e1s precisos y naturales, ofreciendo mayor profundidad en escenas brillantes y oscuras.<\/p>\n<p><strong>Una TV para cada forma de disfrutar el entretenimiento<\/strong><\/p>\n<p>La nueva generaci\u00f3n Mini LED fue desarrollada para responder a distintos perfiles de usuarios y formas de consumo.<\/p>\n<ul>\n<li>Para los aficionados al deporte, <strong>AI Soccer Mode<\/strong> (AI modo f\u00fatbol) reconoce autom\u00e1ticamente las transmisiones deportivas y ajusta la imagen y el sonido para resaltar los movimientos r\u00e1pidos, mejorar la nitidez y recrear la atm\u00f3sfera de un estadio desde la sala del hogar.<\/li>\n<li>Quienes buscan una experiencia cinematogr\u00e1fica pueden disfrutar de colores m\u00e1s vivos, contrastes m\u00e1s profundos y un procesamiento inteligente que optimiza autom\u00e1ticamente pel\u00edculas, series y plataformas de streaming.<\/li>\n<li>En el caso de los videojuegos, tecnolog\u00edas como <strong>FreeSync Premium<\/strong> y <strong>Motion Xcelerator<\/strong> de hasta 144 Hz ofrecen una mayor fluidez, tiempos de respuesta m\u00e1s r\u00e1pidos y una experiencia visual m\u00e1s estable durante las partidas.<\/li>\n<\/ul>\n<p><strong>El centro del hogar inteligente<\/strong><\/p>\n<p>M\u00e1s all\u00e1 del entretenimiento, los nuevos televisores Mini LED funcionan como un centro de control del hogar conectado gracias a su integraci\u00f3n con <strong>SmartThings<\/strong>, permitiendo administrar iluminaci\u00f3n, electrodom\u00e9sticos y otros dispositivos inteligentes directamente desde la pantalla.<\/p>\n<p>Las funciones de <strong>Vision AI Companion<\/strong> ampl\u00edan esta experiencia mediante sugerencias inteligentes, asistencia visual impulsada por IA y traducci\u00f3n de contenidos en tiempo real, facilitando una interacci\u00f3n m\u00e1s natural con el televisor.<\/p>\n<p>\u00abHoy los consumidores esperan mucho m\u00e1s que una pantalla. Buscan dispositivos inteligentes que simplifiquen su vida, se integren con el resto de sus equipos y ofrezcan experiencias personalizadas. Esta nueva l\u00ednea responde precisamente a esa evoluci\u00f3n del entretenimiento\u00bb, a\u00f1adi\u00f3 la ejecutiva de Samsung.<\/p>\n<p>La nueva l\u00ednea tambi\u00e9n apuesta por un <strong>dise\u00f1o minimalista con pantallas ultradelgadas<\/strong> <strong>y acabados sofisticados<\/strong> que se integran naturalmente a distintos espacios del hogar. Gracias a sensores inteligentes, los televisores ajustan autom\u00e1ticamente el brillo, el contraste y la temperatura del color seg\u00fan la iluminaci\u00f3n del ambiente.<\/p>\n<p>Con este lanzamiento, Samsung reafirma su liderazgo en innovaci\u00f3n y contin\u00faa impulsando la evoluci\u00f3n del televisor como una plataforma que integra entretenimiento, Inteligencia Artificial, conectividad y dise\u00f1o en una \u00fanica experiencia para los hogares bolivianos.<\/p>\n","protected":false},"excerpt":{"rendered":"<p>La Paz, julio de 2026.- Samsung present\u00f3 oficialmente en Bolivia su nueva l\u00ednea de televisores Mini LED, una generaci\u00f3n de pantallas que combina Inteligencia Artificial (IA), mayor precisi\u00f3n de color y un ecosistema conectado que busca transformar la experiencia de entretenimiento en el hogar de los bolivianos. Disponibles en tama\u00f1os de 55, 65, 75 y [&hellip;]<\/p>\n","protected":false},"author":1,"featured_media":416105,"comment_status":"closed","ping_status":"open","sticky":false,"template":"","format":"standard","meta":{"_acf_changed":false,"footnotes":""},"categories":[46],"tags":[],"class_list":["post-416104","post","type-post","status-publish","format-standard","has-post-thumbnail","category-ciencia-computacion"],"acf":{"antetitulo":""},"yoast_head":"<!-- This site is optimized with the Yoast SEO plugin v28.4 - https:\/\/yoast.com\/product\/yoast-seo-wordpress\/ -->\n<title>Samsung trae a Bolivia su nueva generaci\u00f3n de televisores Mini LED con Inteligencia Artificial - El Diario - Bolivia<\/title>\n<meta name=\"robots\" content=\"index, follow, max-snippet:-1, max-image-preview:large, max-video-preview:-1\" \/>\n<link rel=\"canonical\" href=\"https:\/\/www.eldiario.net\/portal\/2026\/07\/27\/samsung-trae-a-bolivia-su-nueva-generacion-de-televisores-mini-led-con-inteligencia-artificial\/\" \/>\n<meta property=\"og:locale\" content=\"es_ES\" \/>\n<meta property=\"og:type\" content=\"article\" \/>\n<meta property=\"og:title\" content=\"Samsung trae a Bolivia su nueva generaci\u00f3n de televisores Mini LED con Inteligencia Artificial - El Diario - Bolivia\" \/>\n<meta property=\"og:description\" content=\"La Paz, julio de 2026.- Samsung present\u00f3 oficialmente en Bolivia su nueva l\u00ednea de televisores Mini LED, una generaci\u00f3n de pantallas que combina Inteligencia Artificial (IA), mayor precisi\u00f3n de color y un ecosistema conectado que busca transformar la experiencia de entretenimiento en el hogar de los bolivianos. Disponibles en tama\u00f1os de 55, 65, 75 y [&hellip;]\" \/>\n<meta property=\"og:url\" content=\"https:\/\/www.eldiario.net\/portal\/2026\/07\/27\/samsung-trae-a-bolivia-su-nueva-generacion-de-televisores-mini-led-con-inteligencia-artificial\/\" \/>\n<meta property=\"og:site_name\" content=\"El Diario - Bolivia\" \/>\n<meta property=\"article:publisher\" content=\"https:\/\/www.facebook.com\/eldiario.bolivia\/\" \/>\n<meta property=\"article:published_time\" content=\"2026-07-27T04:53:07+00:00\" \/>\n<meta property=\"og:image\" content=\"https:\/\/www.eldiario.net\/portal\/wp-content\/uploads\/2026\/07\/2-A.webp\" \/>\n\t<meta property=\"og:image:width\" content=\"1600\" \/>\n\t<meta property=\"og:image:height\" content=\"1077\" \/>\n\t<meta property=\"og:image:type\" content=\"image\/webp\" \/>\n<meta name=\"author\" content=\"Jeanette\" \/>\n<meta name=\"twitter:card\" content=\"summary_large_image\" \/>\n<meta name=\"twitter:creator\" content=\"@eldiario_net\" \/>\n<meta name=\"twitter:site\" content=\"@eldiario_net\" \/>\n<meta name=\"twitter:label1\" content=\"Escrito por\" \/>\n\t<meta name=\"twitter:data1\" content=\"Jeanette\" \/>\n\t<meta name=\"twitter:label2\" content=\"Tiempo de lectura\" \/>\n\t<meta name=\"twitter:data2\" content=\"3 minutos\" \/>\n<script type=\"application\/ld+json\" class=\"yoast-schema-graph\">{\"@context\":\"https:\\\/\\\/schema.org\",\"@graph\":[{\"@type\":\"Article\",\"@id\":\"https:\\\/\\\/www.eldiario.net\\\/portal\\\/2026\\\/07\\\/27\\\/samsung-trae-a-bolivia-su-nueva-generacion-de-televisores-mini-led-con-inteligencia-artificial\\\/#article\",\"isPartOf\":{\"@id\":\"https:\\\/\\\/www.eldiario.net\\\/portal\\\/2026\\\/07\\\/27\\\/samsung-trae-a-bolivia-su-nueva-generacion-de-televisores-mini-led-con-inteligencia-artificial\\\/\"},\"author\":{\"name\":\"Jeanette\",\"@id\":\"https:\\\/\\\/www.eldiario.net\\\/portal\\\/#\\\/schema\\\/person\\\/2c57cf2b7a7ae032e449e4c9b1019eac\"},\"headline\":\"Samsung trae a Bolivia su nueva generaci\u00f3n de televisores Mini LED con Inteligencia Artificial\",\"datePublished\":\"2026-07-27T04:53:07+00:00\",\"mainEntityOfPage\":{\"@id\":\"https:\\\/\\\/www.eldiario.net\\\/portal\\\/2026\\\/07\\\/27\\\/samsung-trae-a-bolivia-su-nueva-generacion-de-televisores-mini-led-con-inteligencia-artificial\\\/\"},\"wordCount\":642,\"publisher\":{\"@id\":\"https:\\\/\\\/www.eldiario.net\\\/portal\\\/#organization\"},\"image\":{\"@id\":\"https:\\\/\\\/www.eldiario.net\\\/portal\\\/2026\\\/07\\\/27\\\/samsung-trae-a-bolivia-su-nueva-generacion-de-televisores-mini-led-con-inteligencia-artificial\\\/#primaryimage\"},\"thumbnailUrl\":\"https:\\\/\\\/www.eldiario.net\\\/portal\\\/wp-content\\\/uploads\\\/2026\\\/07\\\/2-A.webp\",\"articleSection\":[\"Ciencia y Computaci\u00f3n\"],\"inLanguage\":\"es\"},{\"@type\":\"WebPage\",\"@id\":\"https:\\\/\\\/www.eldiario.net\\\/portal\\\/2026\\\/07\\\/27\\\/samsung-trae-a-bolivia-su-nueva-generacion-de-televisores-mini-led-con-inteligencia-artificial\\\/\",\"url\":\"https:\\\/\\\/www.eldiario.net\\\/portal\\\/2026\\\/07\\\/27\\\/samsung-trae-a-bolivia-su-nueva-generacion-de-televisores-mini-led-con-inteligencia-artificial\\\/\",\"name\":\"Samsung trae a Bolivia su nueva generaci\u00f3n de televisores Mini LED con Inteligencia Artificial - El Diario - Bolivia\",\"isPartOf\":{\"@id\":\"https:\\\/\\\/www.eldiario.net\\\/portal\\\/#website\"},\"primaryImageOfPage\":{\"@id\":\"https:\\\/\\\/www.eldiario.net\\\/portal\\\/2026\\\/07\\\/27\\\/samsung-trae-a-bolivia-su-nueva-generacion-de-televisores-mini-led-con-inteligencia-artificial\\\/#primaryimage\"},\"image\":{\"@id\":\"https:\\\/\\\/www.eldiario.net\\\/portal\\\/2026\\\/07\\\/27\\\/samsung-trae-a-bolivia-su-nueva-generacion-de-televisores-mini-led-con-inteligencia-artificial\\\/#primaryimage\"},\"thumbnailUrl\":\"https:\\\/\\\/www.eldiario.net\\\/portal\\\/wp-content\\\/uploads\\\/2026\\\/07\\\/2-A.webp\",\"datePublished\":\"2026-07-27T04:53:07+00:00\",\"breadcrumb\":{\"@id\":\"https:\\\/\\\/www.eldiario.net\\\/portal\\\/2026\\\/07\\\/27\\\/samsung-trae-a-bolivia-su-nueva-generacion-de-televisores-mini-led-con-inteligencia-artificial\\\/#breadcrumb\"},\"inLanguage\":\"es\",\"potentialAction\":[{\"@type\":\"ReadAction\",\"target\":[\"https:\\\/\\\/www.eldiario.net\\\/portal\\\/2026\\\/07\\\/27\\\/samsung-trae-a-bolivia-su-nueva-generacion-de-televisores-mini-led-con-inteligencia-artificial\\\/\"]}]},{\"@type\":\"ImageObject\",\"inLanguage\":\"es\",\"@id\":\"https:\\\/\\\/www.eldiario.net\\\/portal\\\/2026\\\/07\\\/27\\\/samsung-trae-a-bolivia-su-nueva-generacion-de-televisores-mini-led-con-inteligencia-artificial\\\/#primaryimage\",\"url\":\"https:\\\/\\\/www.eldiario.net\\\/portal\\\/wp-content\\\/uploads\\\/2026\\\/07\\\/2-A.webp\",\"contentUrl\":\"https:\\\/\\\/www.eldiario.net\\\/portal\\\/wp-content\\\/uploads\\\/2026\\\/07\\\/2-A.webp\",\"width\":1600,\"height\":1077},{\"@type\":\"BreadcrumbList\",\"@id\":\"https:\\\/\\\/www.eldiario.net\\\/portal\\\/2026\\\/07\\\/27\\\/samsung-trae-a-bolivia-su-nueva-generacion-de-televisores-mini-led-con-inteligencia-artificial\\\/#breadcrumb\",\"itemListElement\":[{\"@type\":\"ListItem\",\"position\":1,\"name\":\"Portada\",\"item\":\"https:\\\/\\\/www.eldiario.net\\\/portal\\\/\"},{\"@type\":\"ListItem\",\"position\":2,\"name\":\"Samsung trae a Bolivia su nueva generaci\u00f3n de televisores Mini LED con Inteligencia Artificial\"}]},{\"@type\":\"WebSite\",\"@id\":\"https:\\\/\\\/www.eldiario.net\\\/portal\\\/#website\",\"url\":\"https:\\\/\\\/www.eldiario.net\\\/portal\\\/\",\"name\":\"El Diario - Decano de la prensa nacional\",\"description\":\"El Diario - Decano de la prensa nacional\",\"publisher\":{\"@id\":\"https:\\\/\\\/www.eldiario.net\\\/portal\\\/#organization\"},\"potentialAction\":[{\"@type\":\"SearchAction\",\"target\":{\"@type\":\"EntryPoint\",\"urlTemplate\":\"https:\\\/\\\/www.eldiario.net\\\/portal\\\/?s={search_term_string}\"},\"query-input\":{\"@type\":\"PropertyValueSpecification\",\"valueRequired\":true,\"valueName\":\"search_term_string\"}}],\"inLanguage\":\"es\"},{\"@type\":\"Organization\",\"@id\":\"https:\\\/\\\/www.eldiario.net\\\/portal\\\/#organization\",\"name\":\"El Diario - Decano de la prensa nacional\",\"url\":\"https:\\\/\\\/www.eldiario.net\\\/portal\\\/\",\"logo\":{\"@type\":\"ImageObject\",\"inLanguage\":\"es\",\"@id\":\"https:\\\/\\\/www.eldiario.net\\\/portal\\\/#\\\/schema\\\/logo\\\/image\\\/\",\"url\":\"https:\\\/\\\/www.eldiario.net\\\/portal\\\/wp-content\\\/uploads\\\/2023\\\/07\\\/logo_ED.jpg\",\"contentUrl\":\"https:\\\/\\\/www.eldiario.net\\\/portal\\\/wp-content\\\/uploads\\\/2023\\\/07\\\/logo_ED.jpg\",\"width\":272,\"height\":52,\"caption\":\"El Diario - Decano de la prensa nacional\"},\"image\":{\"@id\":\"https:\\\/\\\/www.eldiario.net\\\/portal\\\/#\\\/schema\\\/logo\\\/image\\\/\"},\"sameAs\":[\"https:\\\/\\\/www.facebook.com\\\/eldiario.bolivia\\\/\",\"https:\\\/\\\/x.com\\\/eldiario_net\"]},{\"@type\":\"Person\",\"@id\":\"https:\\\/\\\/www.eldiario.net\\\/portal\\\/#\\\/schema\\\/person\\\/2c57cf2b7a7ae032e449e4c9b1019eac\",\"name\":\"Jeanette\",\"image\":{\"@type\":\"ImageObject\",\"inLanguage\":\"es\",\"@id\":\"https:\\\/\\\/secure.gravatar.com\\\/avatar\\\/3ea2118a5f7dad2b7138b1187a6b7ee55f160b9968b66013c3a3ef39dd7e5798?s=96&d=mm&r=g\",\"url\":\"https:\\\/\\\/secure.gravatar.com\\\/avatar\\\/3ea2118a5f7dad2b7138b1187a6b7ee55f160b9968b66013c3a3ef39dd7e5798?s=96&d=mm&r=g\",\"contentUrl\":\"https:\\\/\\\/secure.gravatar.com\\\/avatar\\\/3ea2118a5f7dad2b7138b1187a6b7ee55f160b9968b66013c3a3ef39dd7e5798?s=96&d=mm&r=g\",\"caption\":\"Jeanette\"},\"sameAs\":[\"https:\\\/\\\/www.eldiario.net\\\/portal\"],\"url\":\"https:\\\/\\\/www.eldiario.net\\\/portal\\\/author\\\/jeanette\\\/\"}]}<\/script>\n<!-- \/ Yoast SEO plugin. -->","yoast_head_json":{"title":"Samsung trae a Bolivia su nueva generaci\u00f3n de televisores Mini LED con Inteligencia Artificial - El Diario - Bolivia","robots":{"index":"index","follow":"follow","max-snippet":"max-snippet:-1","max-image-preview":"max-image-preview:large","max-video-preview":"max-video-preview:-1"},"canonical":"https:\/\/www.eldiario.net\/portal\/2026\/07\/27\/samsung-trae-a-bolivia-su-nueva-generacion-de-televisores-mini-led-con-inteligencia-artificial\/","og_locale":"es_ES","og_type":"article","og_title":"Samsung trae a Bolivia su nueva generaci\u00f3n de televisores Mini LED con Inteligencia Artificial - El Diario - Bolivia","og_description":"La Paz, julio de 2026.- Samsung present\u00f3 oficialmente en Bolivia su nueva l\u00ednea de televisores Mini LED, una generaci\u00f3n de pantallas que combina Inteligencia Artificial (IA), mayor precisi\u00f3n de color y un ecosistema conectado que busca transformar la experiencia de entretenimiento en el hogar de los bolivianos. Disponibles en tama\u00f1os de 55, 65, 75 y [&hellip;]","og_url":"https:\/\/www.eldiario.net\/portal\/2026\/07\/27\/samsung-trae-a-bolivia-su-nueva-generacion-de-televisores-mini-led-con-inteligencia-artificial\/","og_site_name":"El Diario - Bolivia","article_publisher":"https:\/\/www.facebook.com\/eldiario.bolivia\/","article_published_time":"2026-07-27T04:53:07+00:00","og_image":[{"width":1600,"height":1077,"url":"https:\/\/www.eldiario.net\/portal\/wp-content\/uploads\/2026\/07\/2-A.webp","type":"image\/webp"}],"author":"Jeanette","twitter_card":"summary_large_image","twitter_creator":"@eldiario_net","twitter_site":"@eldiario_net","twitter_misc":{"Escrito por":"Jeanette","Tiempo de lectura":"3 minutos"},"schema":{"@context":"https:\/\/schema.org","@graph":[{"@type":"Article","@id":"https:\/\/www.eldiario.net\/portal\/2026\/07\/27\/samsung-trae-a-bolivia-su-nueva-generacion-de-televisores-mini-led-con-inteligencia-artificial\/#article","isPartOf":{"@id":"https:\/\/www.eldiario.net\/portal\/2026\/07\/27\/samsung-trae-a-bolivia-su-nueva-generacion-de-televisores-mini-led-con-inteligencia-artificial\/"},"author":{"name":"Jeanette","@id":"https:\/\/www.eldiario.net\/portal\/#\/schema\/person\/2c57cf2b7a7ae032e449e4c9b1019eac"},"headline":"Samsung trae a Bolivia su nueva generaci\u00f3n de televisores Mini LED con Inteligencia Artificial","datePublished":"2026-07-27T04:53:07+00:00","mainEntityOfPage":{"@id":"https:\/\/www.eldiario.net\/portal\/2026\/07\/27\/samsung-trae-a-bolivia-su-nueva-generacion-de-televisores-mini-led-con-inteligencia-artificial\/"},"wordCount":642,"publisher":{"@id":"https:\/\/www.eldiario.net\/portal\/#organization"},"image":{"@id":"https:\/\/www.eldiario.net\/portal\/2026\/07\/27\/samsung-trae-a-bolivia-su-nueva-generacion-de-televisores-mini-led-con-inteligencia-artificial\/#primaryimage"},"thumbnailUrl":"https:\/\/www.eldiario.net\/portal\/wp-content\/uploads\/2026\/07\/2-A.webp","articleSection":["Ciencia y Computaci\u00f3n"],"inLanguage":"es"},{"@type":"WebPage","@id":"https:\/\/www.eldiario.net\/portal\/2026\/07\/27\/samsung-trae-a-bolivia-su-nueva-generacion-de-televisores-mini-led-con-inteligencia-artificial\/","url":"https:\/\/www.eldiario.net\/portal\/2026\/07\/27\/samsung-trae-a-bolivia-su-nueva-generacion-de-televisores-mini-led-con-inteligencia-artificial\/","name":"Samsung trae a Bolivia su nueva generaci\u00f3n de televisores Mini LED con Inteligencia Artificial - El Diario - Bolivia","isPartOf":{"@id":"https:\/\/www.eldiario.net\/portal\/#website"},"primaryImageOfPage":{"@id":"https:\/\/www.eldiario.net\/portal\/2026\/07\/27\/samsung-trae-a-bolivia-su-nueva-generacion-de-televisores-mini-led-con-inteligencia-artificial\/#primaryimage"},"image":{"@id":"https:\/\/www.eldiario.net\/portal\/2026\/07\/27\/samsung-trae-a-bolivia-su-nueva-generacion-de-televisores-mini-led-con-inteligencia-artificial\/#primaryimage"},"thumbnailUrl":"https:\/\/www.eldiario.net\/portal\/wp-content\/uploads\/2026\/07\/2-A.webp","datePublished":"2026-07-27T04:53:07+00:00","breadcrumb":{"@id":"https:\/\/www.eldiario.net\/portal\/2026\/07\/27\/samsung-trae-a-bolivia-su-nueva-generacion-de-televisores-mini-led-con-inteligencia-artificial\/#breadcrumb"},"inLanguage":"es","potentialAction":[{"@type":"ReadAction","target":["https:\/\/www.eldiario.net\/portal\/2026\/07\/27\/samsung-trae-a-bolivia-su-nueva-generacion-de-televisores-mini-led-con-inteligencia-artificial\/"]}]},{"@type":"ImageObject","inLanguage":"es","@id":"https:\/\/www.eldiario.net\/portal\/2026\/07\/27\/samsung-trae-a-bolivia-su-nueva-generacion-de-televisores-mini-led-con-inteligencia-artificial\/#primaryimage","url":"https:\/\/www.eldiario.net\/portal\/wp-content\/uploads\/2026\/07\/2-A.webp","contentUrl":"https:\/\/www.eldiario.net\/portal\/wp-content\/uploads\/2026\/07\/2-A.webp","width":1600,"height":1077},{"@type":"BreadcrumbList","@id":"https:\/\/www.eldiario.net\/portal\/2026\/07\/27\/samsung-trae-a-bolivia-su-nueva-generacion-de-televisores-mini-led-con-inteligencia-artificial\/#breadcrumb","itemListElement":[{"@type":"ListItem","position":1,"name":"Portada","item":"https:\/\/www.eldiario.net\/portal\/"},{"@type":"ListItem","position":2,"name":"Samsung trae a Bolivia su nueva generaci\u00f3n de televisores Mini LED con Inteligencia Artificial"}]},{"@type":"WebSite","@id":"https:\/\/www.eldiario.net\/portal\/#website","url":"https:\/\/www.eldiario.net\/portal\/","name":"El Diario - Decano de la prensa nacional","description":"El Diario - Decano de la prensa nacional","publisher":{"@id":"https:\/\/www.eldiario.net\/portal\/#organization"},"potentialAction":[{"@type":"SearchAction","target":{"@type":"EntryPoint","urlTemplate":"https:\/\/www.eldiario.net\/portal\/?s={search_term_string}"},"query-input":{"@type":"PropertyValueSpecification","valueRequired":true,"valueName":"search_term_string"}}],"inLanguage":"es"},{"@type":"Organization","@id":"https:\/\/www.eldiario.net\/portal\/#organization","name":"El Diario - Decano de la prensa nacional","url":"https:\/\/www.eldiario.net\/portal\/","logo":{"@type":"ImageObject","inLanguage":"es","@id":"https:\/\/www.eldiario.net\/portal\/#\/schema\/logo\/image\/","url":"https:\/\/www.eldiario.net\/portal\/wp-content\/uploads\/2023\/07\/logo_ED.jpg","contentUrl":"https:\/\/www.eldiario.net\/portal\/wp-content\/uploads\/2023\/07\/logo_ED.jpg","width":272,"height":52,"caption":"El Diario - Decano de la prensa nacional"},"image":{"@id":"https:\/\/www.eldiario.net\/portal\/#\/schema\/logo\/image\/"},"sameAs":["https:\/\/www.facebook.com\/eldiario.bolivia\/","https:\/\/x.com\/eldiario_net"]},{"@type":"Person","@id":"https:\/\/www.eldiario.net\/portal\/#\/schema\/person\/2c57cf2b7a7ae032e449e4c9b1019eac","name":"Jeanette","image":{"@type":"ImageObject","inLanguage":"es","@id":"https:\/\/secure.gravatar.com\/avatar\/3ea2118a5f7dad2b7138b1187a6b7ee55f160b9968b66013c3a3ef39dd7e5798?s=96&d=mm&r=g","url":"https:\/\/secure.gravatar.com\/avatar\/3ea2118a5f7dad2b7138b1187a6b7ee55f160b9968b66013c3a3ef39dd7e5798?s=96&d=mm&r=g","contentUrl":"https:\/\/secure.gravatar.com\/avatar\/3ea2118a5f7dad2b7138b1187a6b7ee55f160b9968b66013c3a3ef39dd7e5798?s=96&d=mm&r=g","caption":"Jeanette"},"sameAs":["https:\/\/www.eldiario.net\/portal"],"url":"https:\/\/www.eldiario.net\/portal\/author\/jeanette\/"}]}},"_links":{"self":[{"href":"https:\/\/www.eldiario.net\/portal\/wp-json\/wp\/v2\/posts\/416104","targetHints":{"allow":["GET"]}}],"collection":[{"href":"https:\/\/www.eldiario.net\/portal\/wp-json\/wp\/v2\/posts"}],"about":[{"href":"https:\/\/www.eldiario.net\/portal\/wp-json\/wp\/v2\/types\/post"}],"author":[{"embeddable":true,"href":"https:\/\/www.eldiario.net\/portal\/wp-json\/wp\/v2\/users\/1"}],"replies":[{"embeddable":true,"href":"https:\/\/www.eldiario.net\/portal\/wp-json\/wp\/v2\/comments?post=416104"}],"version-history":[{"count":1,"href":"https:\/\/www.eldiario.net\/portal\/wp-json\/wp\/v2\/posts\/416104\/revisions"}],"predecessor-version":[{"id":416106,"href":"https:\/\/www.eldiario.net\/portal\/wp-json\/wp\/v2\/posts\/416104\/revisions\/416106"}],"wp:featuredmedia":[{"embeddable":true,"href":"https:\/\/www.eldiario.net\/portal\/wp-json\/wp\/v2\/media\/416105"}],"wp:attachment":[{"href":"https:\/\/www.eldiario.net\/portal\/wp-json\/wp\/v2\/media?parent=416104"}],"wp:term":[{"taxonomy":"category","embeddable":true,"href":"https:\/\/www.eldiario.net\/portal\/wp-json\/wp\/v2\/categories?post=416104"},{"taxonomy":"post_tag","embeddable":true,"href":"https:\/\/www.eldiario.net\/portal\/wp-json\/wp\/v2\/tags?post=416104"}],"curies":[{"name":"wp","href":"https:\/\/api.w.org\/{rel}","templated":true}]}}