{"id":416101,"date":"2026-07-27T00:52:35","date_gmt":"2026-07-27T04:52:35","guid":{"rendered":"https:\/\/www.eldiario.net\/portal\/?p=416101"},"modified":"2026-07-26T19:53:01","modified_gmt":"2026-07-26T23:53:01","slug":"tu-copia-de-android-ahora-ocupa-espacio","status":"publish","type":"post","link":"https:\/\/www.eldiario.net\/portal\/2026\/07\/27\/tu-copia-de-android-ahora-ocupa-espacio\/","title":{"rendered":"Tu copia de Android ahora ocupa espacio"},"content":{"rendered":"<p>Google ha dado un giro importante en la manera de gestionar las copias de seguridad de Android. Lo que antes era un respaldo invisible y sin coste de almacenamiento, ahora empezar\u00e1 a descontarse de los 15 GB gratuitos que cada usuario tiene en su cuenta de Google. Este cambio, que ya se est\u00e1 comunicando por correo electr\u00f3nico, marca un antes y un despu\u00e9s en la relaci\u00f3n entre los usuarios y la nube de la compa\u00f1\u00eda.<\/p>\n<p><strong>El cambio en las reglas del juego<\/strong><\/p>\n<p>Hasta ahora, las copias de seguridad de Android \u2014que incluyen configuraciones, datos del sistema y aplicaciones\u2014 no afectaban al espacio disponible en tu cuenta. Era un recurso pr\u00e1ctico: pod\u00edas cambiar de m\u00f3vil o restaurar tu dispositivo sin preocuparte por el l\u00edmite de almacenamiento. Sin embargo, Google ha confirmado que estas copias empezar\u00e1n a contabilizarse junto con los datos de Gmail, Google Drive y Google Fotos.<\/p>\n<p>La transici\u00f3n ser\u00e1 progresiva, con avisos previos para que los usuarios se preparen. Aunque en la mayor\u00eda de los casos el impacto ser\u00e1 m\u00ednimo, la medida obliga a replantear c\u00f3mo gestionamos nuestro espacio digital.<\/p>\n<p><strong>El verdadero problema: quedarse sin espacio<\/strong><\/p>\n<p>El cambio no ser\u00e1 dram\u00e1tico para quienes a\u00fan tengan margen en sus 15 GB gratuitos. Pero quienes est\u00e9n cerca del l\u00edmite podr\u00edan enfrentarse a un inconveniente serio: Android dejar\u00e1 de generar copias de seguridad autom\u00e1ticas.<\/p>\n<p>Esto significa que tu informaci\u00f3n en la nube dejar\u00e1 de actualizarse. El m\u00f3vil seguir\u00e1 funcionando, s\u00ed, pero si lo pierdes, se da\u00f1a o necesitas restaurarlo, podr\u00edas quedarte sin la versi\u00f3n m\u00e1s reciente de tus datos. En un mundo donde dependemos del tel\u00e9fono para casi todo, esa ausencia puede convertirse en un dolor de cabeza.<\/p>\n<p><strong>Qu\u00e9 datos cuentan y cu\u00e1les no<\/strong><\/p>\n<p>Conviene aclarar que las fotos y los v\u00eddeos ya ocupaban espacio en tu cuenta desde hace tiempo, por lo que no forman parte de este cambio. Lo que ahora se suma al c\u00f3mputo son los datos del sistema, configuraciones y aplicaciones.<\/p>\n<p>Seg\u00fan Google, el incremento de espacio usado por estas copias suele rondar entre 30 y 60 MB, una cantidad peque\u00f1a dentro de los 15 GB gratuitos. En la pr\u00e1ctica, no ser\u00e1 un cambio que se note demasiado, salvo en cuentas que ya est\u00e9n saturadas.<\/p>\n<p><strong>C\u00f3mo saber si te afecta<\/strong><\/p>\n<p>Para comprobar cu\u00e1nto espacio ocupa tu copia de seguridad, basta con entrar en la aplicaci\u00f3n Google One o revisar los ajustes de copia de seguridad en Android. Desde all\u00ed tambi\u00e9n podr\u00e1s gestionar qu\u00e9 informaci\u00f3n conservar en la nube y qu\u00e9 descartar.<\/p>\n<p>Este control adicional es clave: si tu cuenta est\u00e1 al l\u00edmite, puedes decidir qu\u00e9 datos respaldar y cu\u00e1les dejar fuera, evitando que el sistema se bloquee por falta de espacio.<\/p>\n<p><strong>M\u00e1s control para el usuario<\/strong><\/p>\n<p>La modificaci\u00f3n viene acompa\u00f1ada de nuevas herramientas en Android. Los usuarios con versiones 9 o posteriores podr\u00e1n elegir qu\u00e9 tipos de datos respaldar y qu\u00e9 aplicaciones incluir en la copia. Esto da m\u00e1s autonom\u00eda y permite optimizar el uso del almacenamiento.<\/p>\n<p>En otras palabras, Google no solo impone un l\u00edmite, tambi\u00e9n ofrece la posibilidad de administrar mejor qu\u00e9 se guarda y c\u00f3mo se guarda. Es un paso hacia una gesti\u00f3n m\u00e1s consciente del espacio digital.<\/p>\n<p>El cambio de Google puede parecer un retroceso, pero en realidad busca alinear las copias de seguridad con el resto de servicios de la compa\u00f1\u00eda. Aunque el impacto inicial ser\u00e1 peque\u00f1o, conviene estar atentos: quedarse sin espacio puede dejarte sin respaldo en el momento menos oportuno.<\/p>\n<p>La clave est\u00e1 en revisar tu cuenta, liberar espacio cuando sea necesario y aprovechar las nuevas opciones de control que Android pone a tu disposici\u00f3n. Porque en la era digital, tu copia de seguridad es tu salvavidas.<\/p>\n","protected":false},"excerpt":{"rendered":"<p>Google ha dado un giro importante en la manera de gestionar las copias de seguridad de Android. Lo que antes era un respaldo invisible y sin coste de almacenamiento, ahora empezar\u00e1 a descontarse de los 15 GB gratuitos que cada usuario tiene en su cuenta de Google. Este cambio, que ya se est\u00e1 comunicando por [&hellip;]<\/p>\n","protected":false},"author":1,"featured_media":416102,"comment_status":"closed","ping_status":"open","sticky":false,"template":"","format":"standard","meta":{"_acf_changed":false,"footnotes":""},"categories":[46],"tags":[],"class_list":["post-416101","post","type-post","status-publish","format-standard","has-post-thumbnail","category-ciencia-computacion"],"acf":{"antetitulo":""},"yoast_head":"<!-- This site is optimized with the Yoast SEO plugin v28.4 - https:\/\/yoast.com\/product\/yoast-seo-wordpress\/ -->\n<title>Tu copia de Android ahora ocupa espacio - El Diario - Bolivia<\/title>\n<meta name=\"robots\" content=\"index, follow, max-snippet:-1, max-image-preview:large, max-video-preview:-1\" \/>\n<link rel=\"canonical\" href=\"https:\/\/www.eldiario.net\/portal\/2026\/07\/27\/tu-copia-de-android-ahora-ocupa-espacio\/\" \/>\n<meta property=\"og:locale\" content=\"es_ES\" \/>\n<meta property=\"og:type\" content=\"article\" \/>\n<meta property=\"og:title\" content=\"Tu copia de Android ahora ocupa espacio - El Diario - Bolivia\" \/>\n<meta property=\"og:description\" content=\"Google ha dado un giro importante en la manera de gestionar las copias de seguridad de Android. Lo que antes era un respaldo invisible y sin coste de almacenamiento, ahora empezar\u00e1 a descontarse de los 15 GB gratuitos que cada usuario tiene en su cuenta de Google. Este cambio, que ya se est\u00e1 comunicando por [&hellip;]\" \/>\n<meta property=\"og:url\" content=\"https:\/\/www.eldiario.net\/portal\/2026\/07\/27\/tu-copia-de-android-ahora-ocupa-espacio\/\" \/>\n<meta property=\"og:site_name\" content=\"El Diario - Bolivia\" \/>\n<meta property=\"article:publisher\" content=\"https:\/\/www.facebook.com\/eldiario.bolivia\/\" \/>\n<meta property=\"article:published_time\" content=\"2026-07-27T04:52:35+00:00\" \/>\n<meta property=\"og:image\" content=\"https:\/\/www.eldiario.net\/portal\/wp-content\/uploads\/2026\/07\/5-A-1.webp\" \/>\n\t<meta property=\"og:image:width\" content=\"691\" \/>\n\t<meta property=\"og:image:height\" content=\"461\" \/>\n\t<meta property=\"og:image:type\" content=\"image\/webp\" \/>\n<meta name=\"author\" content=\"Jeanette\" \/>\n<meta name=\"twitter:card\" content=\"summary_large_image\" \/>\n<meta name=\"twitter:creator\" content=\"@eldiario_net\" \/>\n<meta name=\"twitter:site\" content=\"@eldiario_net\" \/>\n<meta name=\"twitter:label1\" content=\"Escrito por\" \/>\n\t<meta name=\"twitter:data1\" content=\"Jeanette\" \/>\n\t<meta name=\"twitter:label2\" content=\"Tiempo de lectura\" \/>\n\t<meta name=\"twitter:data2\" content=\"3 minutos\" \/>\n<script type=\"application\/ld+json\" class=\"yoast-schema-graph\">{\"@context\":\"https:\\\/\\\/schema.org\",\"@graph\":[{\"@type\":\"Article\",\"@id\":\"https:\\\/\\\/www.eldiario.net\\\/portal\\\/2026\\\/07\\\/27\\\/tu-copia-de-android-ahora-ocupa-espacio\\\/#article\",\"isPartOf\":{\"@id\":\"https:\\\/\\\/www.eldiario.net\\\/portal\\\/2026\\\/07\\\/27\\\/tu-copia-de-android-ahora-ocupa-espacio\\\/\"},\"author\":{\"name\":\"Jeanette\",\"@id\":\"https:\\\/\\\/www.eldiario.net\\\/portal\\\/#\\\/schema\\\/person\\\/2c57cf2b7a7ae032e449e4c9b1019eac\"},\"headline\":\"Tu copia de Android ahora ocupa espacio\",\"datePublished\":\"2026-07-27T04:52:35+00:00\",\"mainEntityOfPage\":{\"@id\":\"https:\\\/\\\/www.eldiario.net\\\/portal\\\/2026\\\/07\\\/27\\\/tu-copia-de-android-ahora-ocupa-espacio\\\/\"},\"wordCount\":662,\"publisher\":{\"@id\":\"https:\\\/\\\/www.eldiario.net\\\/portal\\\/#organization\"},\"image\":{\"@id\":\"https:\\\/\\\/www.eldiario.net\\\/portal\\\/2026\\\/07\\\/27\\\/tu-copia-de-android-ahora-ocupa-espacio\\\/#primaryimage\"},\"thumbnailUrl\":\"https:\\\/\\\/www.eldiario.net\\\/portal\\\/wp-content\\\/uploads\\\/2026\\\/07\\\/5-A-1.webp\",\"articleSection\":[\"Ciencia y Computaci\u00f3n\"],\"inLanguage\":\"es\"},{\"@type\":\"WebPage\",\"@id\":\"https:\\\/\\\/www.eldiario.net\\\/portal\\\/2026\\\/07\\\/27\\\/tu-copia-de-android-ahora-ocupa-espacio\\\/\",\"url\":\"https:\\\/\\\/www.eldiario.net\\\/portal\\\/2026\\\/07\\\/27\\\/tu-copia-de-android-ahora-ocupa-espacio\\\/\",\"name\":\"Tu copia de Android ahora ocupa espacio - El Diario - Bolivia\",\"isPartOf\":{\"@id\":\"https:\\\/\\\/www.eldiario.net\\\/portal\\\/#website\"},\"primaryImageOfPage\":{\"@id\":\"https:\\\/\\\/www.eldiario.net\\\/portal\\\/2026\\\/07\\\/27\\\/tu-copia-de-android-ahora-ocupa-espacio\\\/#primaryimage\"},\"image\":{\"@id\":\"https:\\\/\\\/www.eldiario.net\\\/portal\\\/2026\\\/07\\\/27\\\/tu-copia-de-android-ahora-ocupa-espacio\\\/#primaryimage\"},\"thumbnailUrl\":\"https:\\\/\\\/www.eldiario.net\\\/portal\\\/wp-content\\\/uploads\\\/2026\\\/07\\\/5-A-1.webp\",\"datePublished\":\"2026-07-27T04:52:35+00:00\",\"breadcrumb\":{\"@id\":\"https:\\\/\\\/www.eldiario.net\\\/portal\\\/2026\\\/07\\\/27\\\/tu-copia-de-android-ahora-ocupa-espacio\\\/#breadcrumb\"},\"inLanguage\":\"es\",\"potentialAction\":[{\"@type\":\"ReadAction\",\"target\":[\"https:\\\/\\\/www.eldiario.net\\\/portal\\\/2026\\\/07\\\/27\\\/tu-copia-de-android-ahora-ocupa-espacio\\\/\"]}]},{\"@type\":\"ImageObject\",\"inLanguage\":\"es\",\"@id\":\"https:\\\/\\\/www.eldiario.net\\\/portal\\\/2026\\\/07\\\/27\\\/tu-copia-de-android-ahora-ocupa-espacio\\\/#primaryimage\",\"url\":\"https:\\\/\\\/www.eldiario.net\\\/portal\\\/wp-content\\\/uploads\\\/2026\\\/07\\\/5-A-1.webp\",\"contentUrl\":\"https:\\\/\\\/www.eldiario.net\\\/portal\\\/wp-content\\\/uploads\\\/2026\\\/07\\\/5-A-1.webp\",\"width\":691,\"height\":461},{\"@type\":\"BreadcrumbList\",\"@id\":\"https:\\\/\\\/www.eldiario.net\\\/portal\\\/2026\\\/07\\\/27\\\/tu-copia-de-android-ahora-ocupa-espacio\\\/#breadcrumb\",\"itemListElement\":[{\"@type\":\"ListItem\",\"position\":1,\"name\":\"Portada\",\"item\":\"https:\\\/\\\/www.eldiario.net\\\/portal\\\/\"},{\"@type\":\"ListItem\",\"position\":2,\"name\":\"Tu copia de Android ahora ocupa espacio\"}]},{\"@type\":\"WebSite\",\"@id\":\"https:\\\/\\\/www.eldiario.net\\\/portal\\\/#website\",\"url\":\"https:\\\/\\\/www.eldiario.net\\\/portal\\\/\",\"name\":\"El Diario - Decano de la prensa nacional\",\"description\":\"El Diario - Decano de la prensa nacional\",\"publisher\":{\"@id\":\"https:\\\/\\\/www.eldiario.net\\\/portal\\\/#organization\"},\"potentialAction\":[{\"@type\":\"SearchAction\",\"target\":{\"@type\":\"EntryPoint\",\"urlTemplate\":\"https:\\\/\\\/www.eldiario.net\\\/portal\\\/?s={search_term_string}\"},\"query-input\":{\"@type\":\"PropertyValueSpecification\",\"valueRequired\":true,\"valueName\":\"search_term_string\"}}],\"inLanguage\":\"es\"},{\"@type\":\"Organization\",\"@id\":\"https:\\\/\\\/www.eldiario.net\\\/portal\\\/#organization\",\"name\":\"El Diario - Decano de la prensa nacional\",\"url\":\"https:\\\/\\\/www.eldiario.net\\\/portal\\\/\",\"logo\":{\"@type\":\"ImageObject\",\"inLanguage\":\"es\",\"@id\":\"https:\\\/\\\/www.eldiario.net\\\/portal\\\/#\\\/schema\\\/logo\\\/image\\\/\",\"url\":\"https:\\\/\\\/www.eldiario.net\\\/portal\\\/wp-content\\\/uploads\\\/2023\\\/07\\\/logo_ED.jpg\",\"contentUrl\":\"https:\\\/\\\/www.eldiario.net\\\/portal\\\/wp-content\\\/uploads\\\/2023\\\/07\\\/logo_ED.jpg\",\"width\":272,\"height\":52,\"caption\":\"El Diario - Decano de la prensa nacional\"},\"image\":{\"@id\":\"https:\\\/\\\/www.eldiario.net\\\/portal\\\/#\\\/schema\\\/logo\\\/image\\\/\"},\"sameAs\":[\"https:\\\/\\\/www.facebook.com\\\/eldiario.bolivia\\\/\",\"https:\\\/\\\/x.com\\\/eldiario_net\"]},{\"@type\":\"Person\",\"@id\":\"https:\\\/\\\/www.eldiario.net\\\/portal\\\/#\\\/schema\\\/person\\\/2c57cf2b7a7ae032e449e4c9b1019eac\",\"name\":\"Jeanette\",\"image\":{\"@type\":\"ImageObject\",\"inLanguage\":\"es\",\"@id\":\"https:\\\/\\\/secure.gravatar.com\\\/avatar\\\/3ea2118a5f7dad2b7138b1187a6b7ee55f160b9968b66013c3a3ef39dd7e5798?s=96&d=mm&r=g\",\"url\":\"https:\\\/\\\/secure.gravatar.com\\\/avatar\\\/3ea2118a5f7dad2b7138b1187a6b7ee55f160b9968b66013c3a3ef39dd7e5798?s=96&d=mm&r=g\",\"contentUrl\":\"https:\\\/\\\/secure.gravatar.com\\\/avatar\\\/3ea2118a5f7dad2b7138b1187a6b7ee55f160b9968b66013c3a3ef39dd7e5798?s=96&d=mm&r=g\",\"caption\":\"Jeanette\"},\"sameAs\":[\"https:\\\/\\\/www.eldiario.net\\\/portal\"],\"url\":\"https:\\\/\\\/www.eldiario.net\\\/portal\\\/author\\\/jeanette\\\/\"}]}<\/script>\n<!-- \/ Yoast SEO plugin. -->","yoast_head_json":{"title":"Tu copia de Android ahora ocupa espacio - El Diario - Bolivia","robots":{"index":"index","follow":"follow","max-snippet":"max-snippet:-1","max-image-preview":"max-image-preview:large","max-video-preview":"max-video-preview:-1"},"canonical":"https:\/\/www.eldiario.net\/portal\/2026\/07\/27\/tu-copia-de-android-ahora-ocupa-espacio\/","og_locale":"es_ES","og_type":"article","og_title":"Tu copia de Android ahora ocupa espacio - El Diario - Bolivia","og_description":"Google ha dado un giro importante en la manera de gestionar las copias de seguridad de Android. Lo que antes era un respaldo invisible y sin coste de almacenamiento, ahora empezar\u00e1 a descontarse de los 15 GB gratuitos que cada usuario tiene en su cuenta de Google. Este cambio, que ya se est\u00e1 comunicando por [&hellip;]","og_url":"https:\/\/www.eldiario.net\/portal\/2026\/07\/27\/tu-copia-de-android-ahora-ocupa-espacio\/","og_site_name":"El Diario - Bolivia","article_publisher":"https:\/\/www.facebook.com\/eldiario.bolivia\/","article_published_time":"2026-07-27T04:52:35+00:00","og_image":[{"width":691,"height":461,"url":"https:\/\/www.eldiario.net\/portal\/wp-content\/uploads\/2026\/07\/5-A-1.webp","type":"image\/webp"}],"author":"Jeanette","twitter_card":"summary_large_image","twitter_creator":"@eldiario_net","twitter_site":"@eldiario_net","twitter_misc":{"Escrito por":"Jeanette","Tiempo de lectura":"3 minutos"},"schema":{"@context":"https:\/\/schema.org","@graph":[{"@type":"Article","@id":"https:\/\/www.eldiario.net\/portal\/2026\/07\/27\/tu-copia-de-android-ahora-ocupa-espacio\/#article","isPartOf":{"@id":"https:\/\/www.eldiario.net\/portal\/2026\/07\/27\/tu-copia-de-android-ahora-ocupa-espacio\/"},"author":{"name":"Jeanette","@id":"https:\/\/www.eldiario.net\/portal\/#\/schema\/person\/2c57cf2b7a7ae032e449e4c9b1019eac"},"headline":"Tu copia de Android ahora ocupa espacio","datePublished":"2026-07-27T04:52:35+00:00","mainEntityOfPage":{"@id":"https:\/\/www.eldiario.net\/portal\/2026\/07\/27\/tu-copia-de-android-ahora-ocupa-espacio\/"},"wordCount":662,"publisher":{"@id":"https:\/\/www.eldiario.net\/portal\/#organization"},"image":{"@id":"https:\/\/www.eldiario.net\/portal\/2026\/07\/27\/tu-copia-de-android-ahora-ocupa-espacio\/#primaryimage"},"thumbnailUrl":"https:\/\/www.eldiario.net\/portal\/wp-content\/uploads\/2026\/07\/5-A-1.webp","articleSection":["Ciencia y Computaci\u00f3n"],"inLanguage":"es"},{"@type":"WebPage","@id":"https:\/\/www.eldiario.net\/portal\/2026\/07\/27\/tu-copia-de-android-ahora-ocupa-espacio\/","url":"https:\/\/www.eldiario.net\/portal\/2026\/07\/27\/tu-copia-de-android-ahora-ocupa-espacio\/","name":"Tu copia de Android ahora ocupa espacio - El Diario - Bolivia","isPartOf":{"@id":"https:\/\/www.eldiario.net\/portal\/#website"},"primaryImageOfPage":{"@id":"https:\/\/www.eldiario.net\/portal\/2026\/07\/27\/tu-copia-de-android-ahora-ocupa-espacio\/#primaryimage"},"image":{"@id":"https:\/\/www.eldiario.net\/portal\/2026\/07\/27\/tu-copia-de-android-ahora-ocupa-espacio\/#primaryimage"},"thumbnailUrl":"https:\/\/www.eldiario.net\/portal\/wp-content\/uploads\/2026\/07\/5-A-1.webp","datePublished":"2026-07-27T04:52:35+00:00","breadcrumb":{"@id":"https:\/\/www.eldiario.net\/portal\/2026\/07\/27\/tu-copia-de-android-ahora-ocupa-espacio\/#breadcrumb"},"inLanguage":"es","potentialAction":[{"@type":"ReadAction","target":["https:\/\/www.eldiario.net\/portal\/2026\/07\/27\/tu-copia-de-android-ahora-ocupa-espacio\/"]}]},{"@type":"ImageObject","inLanguage":"es","@id":"https:\/\/www.eldiario.net\/portal\/2026\/07\/27\/tu-copia-de-android-ahora-ocupa-espacio\/#primaryimage","url":"https:\/\/www.eldiario.net\/portal\/wp-content\/uploads\/2026\/07\/5-A-1.webp","contentUrl":"https:\/\/www.eldiario.net\/portal\/wp-content\/uploads\/2026\/07\/5-A-1.webp","width":691,"height":461},{"@type":"BreadcrumbList","@id":"https:\/\/www.eldiario.net\/portal\/2026\/07\/27\/tu-copia-de-android-ahora-ocupa-espacio\/#breadcrumb","itemListElement":[{"@type":"ListItem","position":1,"name":"Portada","item":"https:\/\/www.eldiario.net\/portal\/"},{"@type":"ListItem","position":2,"name":"Tu copia de Android ahora ocupa espacio"}]},{"@type":"WebSite","@id":"https:\/\/www.eldiario.net\/portal\/#website","url":"https:\/\/www.eldiario.net\/portal\/","name":"El Diario - Decano de la prensa nacional","description":"El Diario - Decano de la prensa nacional","publisher":{"@id":"https:\/\/www.eldiario.net\/portal\/#organization"},"potentialAction":[{"@type":"SearchAction","target":{"@type":"EntryPoint","urlTemplate":"https:\/\/www.eldiario.net\/portal\/?s={search_term_string}"},"query-input":{"@type":"PropertyValueSpecification","valueRequired":true,"valueName":"search_term_string"}}],"inLanguage":"es"},{"@type":"Organization","@id":"https:\/\/www.eldiario.net\/portal\/#organization","name":"El Diario - Decano de la prensa nacional","url":"https:\/\/www.eldiario.net\/portal\/","logo":{"@type":"ImageObject","inLanguage":"es","@id":"https:\/\/www.eldiario.net\/portal\/#\/schema\/logo\/image\/","url":"https:\/\/www.eldiario.net\/portal\/wp-content\/uploads\/2023\/07\/logo_ED.jpg","contentUrl":"https:\/\/www.eldiario.net\/portal\/wp-content\/uploads\/2023\/07\/logo_ED.jpg","width":272,"height":52,"caption":"El Diario - Decano de la prensa nacional"},"image":{"@id":"https:\/\/www.eldiario.net\/portal\/#\/schema\/logo\/image\/"},"sameAs":["https:\/\/www.facebook.com\/eldiario.bolivia\/","https:\/\/x.com\/eldiario_net"]},{"@type":"Person","@id":"https:\/\/www.eldiario.net\/portal\/#\/schema\/person\/2c57cf2b7a7ae032e449e4c9b1019eac","name":"Jeanette","image":{"@type":"ImageObject","inLanguage":"es","@id":"https:\/\/secure.gravatar.com\/avatar\/3ea2118a5f7dad2b7138b1187a6b7ee55f160b9968b66013c3a3ef39dd7e5798?s=96&d=mm&r=g","url":"https:\/\/secure.gravatar.com\/avatar\/3ea2118a5f7dad2b7138b1187a6b7ee55f160b9968b66013c3a3ef39dd7e5798?s=96&d=mm&r=g","contentUrl":"https:\/\/secure.gravatar.com\/avatar\/3ea2118a5f7dad2b7138b1187a6b7ee55f160b9968b66013c3a3ef39dd7e5798?s=96&d=mm&r=g","caption":"Jeanette"},"sameAs":["https:\/\/www.eldiario.net\/portal"],"url":"https:\/\/www.eldiario.net\/portal\/author\/jeanette\/"}]}},"_links":{"self":[{"href":"https:\/\/www.eldiario.net\/portal\/wp-json\/wp\/v2\/posts\/416101","targetHints":{"allow":["GET"]}}],"collection":[{"href":"https:\/\/www.eldiario.net\/portal\/wp-json\/wp\/v2\/posts"}],"about":[{"href":"https:\/\/www.eldiario.net\/portal\/wp-json\/wp\/v2\/types\/post"}],"author":[{"embeddable":true,"href":"https:\/\/www.eldiario.net\/portal\/wp-json\/wp\/v2\/users\/1"}],"replies":[{"embeddable":true,"href":"https:\/\/www.eldiario.net\/portal\/wp-json\/wp\/v2\/comments?post=416101"}],"version-history":[{"count":1,"href":"https:\/\/www.eldiario.net\/portal\/wp-json\/wp\/v2\/posts\/416101\/revisions"}],"predecessor-version":[{"id":416103,"href":"https:\/\/www.eldiario.net\/portal\/wp-json\/wp\/v2\/posts\/416101\/revisions\/416103"}],"wp:featuredmedia":[{"embeddable":true,"href":"https:\/\/www.eldiario.net\/portal\/wp-json\/wp\/v2\/media\/416102"}],"wp:attachment":[{"href":"https:\/\/www.eldiario.net\/portal\/wp-json\/wp\/v2\/media?parent=416101"}],"wp:term":[{"taxonomy":"category","embeddable":true,"href":"https:\/\/www.eldiario.net\/portal\/wp-json\/wp\/v2\/categories?post=416101"},{"taxonomy":"post_tag","embeddable":true,"href":"https:\/\/www.eldiario.net\/portal\/wp-json\/wp\/v2\/tags?post=416101"}],"curies":[{"name":"wp","href":"https:\/\/api.w.org\/{rel}","templated":true}]}}