{"id":416098,"date":"2026-07-27T00:51:59","date_gmt":"2026-07-27T04:51:59","guid":{"rendered":"https:\/\/www.eldiario.net\/portal\/?p=416098"},"modified":"2026-07-26T19:52:24","modified_gmt":"2026-07-26T23:52:24","slug":"volkswagen-cierra-la-puerta-a-android-alternativo","status":"publish","type":"post","link":"https:\/\/www.eldiario.net\/portal\/2026\/07\/27\/volkswagen-cierra-la-puerta-a-android-alternativo\/","title":{"rendered":"Volkswagen cierra la puerta a Android alternativo"},"content":{"rendered":"<p>La relaci\u00f3n entre Android y la libertad de personalizaci\u00f3n siempre ha sido uno de los pilares del sistema operativo. Sin embargo, en los \u00faltimos a\u00f1os Google ha reforzado sus mecanismos de control, y el caso m\u00e1s reciente involucra directamente a los conductores del Grupo Volkswagen. La decisi\u00f3n de la marca de exigir los servicios de Google para que su aplicaci\u00f3n oficial funcione ha dejado fuera a quienes utilizan ROMs alternativas como GrapheneOS, LineageOS o \/e\/ OS.<\/p>\n<p><strong>Un bloqueo que afecta a la comunidad alternativa<\/strong><\/p>\n<p>Los usuarios de estas versiones de Android se han encontrado con que la app de Volkswagen ya no es compatible. Esto significa que han perdido funciones clave como consultar la autonom\u00eda del veh\u00edculo, programar citas en el taller o controlar opciones remotas desde el m\u00f3vil. En la pr\u00e1ctica, el software de automoci\u00f3n se convierte en inaccesible para quienes apuestan por sistemas libres de la infraestructura de Google.<\/p>\n<p><strong>El papel de Play Integrity<\/strong><\/p>\n<p>Volkswagen confirm\u00f3 que esta limitaci\u00f3n no es un error, sino una decisi\u00f3n consciente. La aplicaci\u00f3n ahora requiere la validaci\u00f3n de la API <strong>Play Integrity<\/strong>, una herramienta de Google dise\u00f1ada para certificar que la integridad del dispositivo no ha sido comprometida. El problema es que esta API solo est\u00e1 disponible en tel\u00e9fonos con los servicios de Google Play instalados.<\/p>\n<p>La mayor\u00eda de los usuarios no notar\u00e1 la diferencia, ya que sus m\u00f3viles cuentan con estos servicios. Pero para quienes usan ROMs personalizadas, la consecuencia es clara: exclusi\u00f3n. Algo similar ocurre con los dispositivos Huawei, que tampoco pueden acceder a esta verificaci\u00f3n.<\/p>\n<p><strong>Cr\u00edticas desde la comunidad de c\u00f3digo abierto<\/strong><\/p>\n<p>La medida ha generado pol\u00e9mica y ha reavivado el descontento de la comunidad que defiende el software libre. Los responsables de GrapheneOS han denunciado p\u00fablicamente que Google enga\u00f1a a las empresas respecto a las funciones de su API. Seg\u00fan ellos, Play Integrity \u201cno garantiza realmente un dispositivo seguro, solo aparenta hacerlo\u201d, y su objetivo es imponer los intereses comerciales de Google, bloqueando alternativas que en muchos casos ofrecen mayor robustez y privacidad.<\/p>\n<p>Este debate no es nuevo, pero se intensifica con cada paso que limita la diversidad dentro del ecosistema Android. La tensi\u00f3n entre seguridad y libertad se convierte en el eje central de la discusi\u00f3n.<\/p>\n<p><strong>La comparaci\u00f3n con Hyundai y Kia<\/strong><\/p>\n<p>El argumento de que Play Integrity es indispensable pierde fuerza cuando se observa lo que hacen otros fabricantes. Hyundai y Kia han demostrado que existen m\u00e9todos alternativos de verificaci\u00f3n. Su aplicaci\u00f3n <strong>myHyundai<\/strong> ofrece soporte expl\u00edcito para usuarios de GrapheneOS, utilizando sistemas de atestaci\u00f3n distintos que no dependen de Google.<\/p>\n<p>Este contraste deja en evidencia que la decisi\u00f3n de Volkswagen no responde a una imposibilidad t\u00e9cnica, sino a una elecci\u00f3n estrat\u00e9gica. Mientras algunos fabricantes buscan incluir a m\u00e1s usuarios, otros prefieren alinearse con los requisitos de Google.<\/p>\n<p><strong>La respuesta de los usuarios<\/strong><\/p>\n<p>Ante esta situaci\u00f3n, los desarrolladores de GrapheneOS han animado a los afectados a dejar valoraciones negativas en la Play Store y a presentar quejas formales al servicio de atenci\u00f3n al cliente de Volkswagen. El objetivo es presionar a la compa\u00f1\u00eda para que adopte m\u00e9todos de verificaci\u00f3n m\u00e1s inclusivos o, al menos, ofrecer compensaciones por la p\u00e9rdida de funcionalidades.<\/p>\n<p><strong>Un futuro cada vez m\u00e1s cerrado<\/strong><\/p>\n<p>La llegada de Android 17 refuerza la idea de que el sistema operativo se ha convertido en un \u201cjard\u00edn vallado\u201d donde Google controla qui\u00e9n entra y qui\u00e9n queda fuera. Lo que comenz\u00f3 como un proyecto abierto y flexible se transforma progresivamente en un entorno m\u00e1s restrictivo.<\/p>\n<p>Para los usuarios de ROMs alternativas, el caso de Volkswagen es un recordatorio de que la libertad tecnol\u00f3gica puede chocar con los intereses comerciales. Y aunque la mayor\u00eda de los consumidores no se ver\u00e1 afectada, la discusi\u00f3n sobre seguridad, privacidad y control seguir\u00e1 marcando el rumbo de Android en los pr\u00f3ximos a\u00f1os.<\/p>\n<p>En definitiva, la decisi\u00f3n de Volkswagen de exigir Play Integrity para su aplicaci\u00f3n oficial no solo limita a un grupo de usuarios, sino que abre un debate m\u00e1s amplio sobre el futuro de Android y el papel de Google en la definici\u00f3n de sus reglas.<\/p>\n<p>&nbsp;<\/p>\n","protected":false},"excerpt":{"rendered":"<p>La relaci\u00f3n entre Android y la libertad de personalizaci\u00f3n siempre ha sido uno de los pilares del sistema operativo. Sin embargo, en los \u00faltimos a\u00f1os Google ha reforzado sus mecanismos de control, y el caso m\u00e1s reciente involucra directamente a los conductores del Grupo Volkswagen. La decisi\u00f3n de la marca de exigir los servicios de [&hellip;]<\/p>\n","protected":false},"author":1,"featured_media":416099,"comment_status":"closed","ping_status":"open","sticky":false,"template":"","format":"standard","meta":{"_acf_changed":false,"footnotes":""},"categories":[46],"tags":[],"class_list":["post-416098","post","type-post","status-publish","format-standard","has-post-thumbnail","category-ciencia-computacion"],"acf":{"antetitulo":""},"yoast_head":"<!-- This site is optimized with the Yoast SEO plugin v28.4 - https:\/\/yoast.com\/product\/yoast-seo-wordpress\/ -->\n<title>Volkswagen cierra la puerta a Android alternativo - El Diario - Bolivia<\/title>\n<meta name=\"robots\" content=\"index, follow, max-snippet:-1, max-image-preview:large, max-video-preview:-1\" \/>\n<link rel=\"canonical\" href=\"https:\/\/www.eldiario.net\/portal\/2026\/07\/27\/volkswagen-cierra-la-puerta-a-android-alternativo\/\" \/>\n<meta property=\"og:locale\" content=\"es_ES\" \/>\n<meta property=\"og:type\" content=\"article\" \/>\n<meta property=\"og:title\" content=\"Volkswagen cierra la puerta a Android alternativo - El Diario - Bolivia\" \/>\n<meta property=\"og:description\" content=\"La relaci\u00f3n entre Android y la libertad de personalizaci\u00f3n siempre ha sido uno de los pilares del sistema operativo. Sin embargo, en los \u00faltimos a\u00f1os Google ha reforzado sus mecanismos de control, y el caso m\u00e1s reciente involucra directamente a los conductores del Grupo Volkswagen. La decisi\u00f3n de la marca de exigir los servicios de [&hellip;]\" \/>\n<meta property=\"og:url\" content=\"https:\/\/www.eldiario.net\/portal\/2026\/07\/27\/volkswagen-cierra-la-puerta-a-android-alternativo\/\" \/>\n<meta property=\"og:site_name\" content=\"El Diario - Bolivia\" \/>\n<meta property=\"article:publisher\" content=\"https:\/\/www.facebook.com\/eldiario.bolivia\/\" \/>\n<meta property=\"article:published_time\" content=\"2026-07-27T04:51:59+00:00\" \/>\n<meta property=\"og:image\" content=\"https:\/\/www.eldiario.net\/portal\/wp-content\/uploads\/2026\/07\/3-C-.webp\" \/>\n\t<meta property=\"og:image:width\" content=\"722\" \/>\n\t<meta property=\"og:image:height\" content=\"398\" \/>\n\t<meta property=\"og:image:type\" content=\"image\/webp\" \/>\n<meta name=\"author\" content=\"Jeanette\" \/>\n<meta name=\"twitter:card\" content=\"summary_large_image\" \/>\n<meta name=\"twitter:creator\" content=\"@eldiario_net\" \/>\n<meta name=\"twitter:site\" content=\"@eldiario_net\" \/>\n<meta name=\"twitter:label1\" content=\"Escrito por\" \/>\n\t<meta name=\"twitter:data1\" content=\"Jeanette\" \/>\n\t<meta name=\"twitter:label2\" content=\"Tiempo de lectura\" \/>\n\t<meta name=\"twitter:data2\" content=\"4 minutos\" \/>\n<script type=\"application\/ld+json\" class=\"yoast-schema-graph\">{\"@context\":\"https:\\\/\\\/schema.org\",\"@graph\":[{\"@type\":\"Article\",\"@id\":\"https:\\\/\\\/www.eldiario.net\\\/portal\\\/2026\\\/07\\\/27\\\/volkswagen-cierra-la-puerta-a-android-alternativo\\\/#article\",\"isPartOf\":{\"@id\":\"https:\\\/\\\/www.eldiario.net\\\/portal\\\/2026\\\/07\\\/27\\\/volkswagen-cierra-la-puerta-a-android-alternativo\\\/\"},\"author\":{\"name\":\"Jeanette\",\"@id\":\"https:\\\/\\\/www.eldiario.net\\\/portal\\\/#\\\/schema\\\/person\\\/2c57cf2b7a7ae032e449e4c9b1019eac\"},\"headline\":\"Volkswagen cierra la puerta a Android alternativo\",\"datePublished\":\"2026-07-27T04:51:59+00:00\",\"mainEntityOfPage\":{\"@id\":\"https:\\\/\\\/www.eldiario.net\\\/portal\\\/2026\\\/07\\\/27\\\/volkswagen-cierra-la-puerta-a-android-alternativo\\\/\"},\"wordCount\":741,\"publisher\":{\"@id\":\"https:\\\/\\\/www.eldiario.net\\\/portal\\\/#organization\"},\"image\":{\"@id\":\"https:\\\/\\\/www.eldiario.net\\\/portal\\\/2026\\\/07\\\/27\\\/volkswagen-cierra-la-puerta-a-android-alternativo\\\/#primaryimage\"},\"thumbnailUrl\":\"https:\\\/\\\/www.eldiario.net\\\/portal\\\/wp-content\\\/uploads\\\/2026\\\/07\\\/3-C-.webp\",\"articleSection\":[\"Ciencia y Computaci\u00f3n\"],\"inLanguage\":\"es\"},{\"@type\":\"WebPage\",\"@id\":\"https:\\\/\\\/www.eldiario.net\\\/portal\\\/2026\\\/07\\\/27\\\/volkswagen-cierra-la-puerta-a-android-alternativo\\\/\",\"url\":\"https:\\\/\\\/www.eldiario.net\\\/portal\\\/2026\\\/07\\\/27\\\/volkswagen-cierra-la-puerta-a-android-alternativo\\\/\",\"name\":\"Volkswagen cierra la puerta a Android alternativo - El Diario - Bolivia\",\"isPartOf\":{\"@id\":\"https:\\\/\\\/www.eldiario.net\\\/portal\\\/#website\"},\"primaryImageOfPage\":{\"@id\":\"https:\\\/\\\/www.eldiario.net\\\/portal\\\/2026\\\/07\\\/27\\\/volkswagen-cierra-la-puerta-a-android-alternativo\\\/#primaryimage\"},\"image\":{\"@id\":\"https:\\\/\\\/www.eldiario.net\\\/portal\\\/2026\\\/07\\\/27\\\/volkswagen-cierra-la-puerta-a-android-alternativo\\\/#primaryimage\"},\"thumbnailUrl\":\"https:\\\/\\\/www.eldiario.net\\\/portal\\\/wp-content\\\/uploads\\\/2026\\\/07\\\/3-C-.webp\",\"datePublished\":\"2026-07-27T04:51:59+00:00\",\"breadcrumb\":{\"@id\":\"https:\\\/\\\/www.eldiario.net\\\/portal\\\/2026\\\/07\\\/27\\\/volkswagen-cierra-la-puerta-a-android-alternativo\\\/#breadcrumb\"},\"inLanguage\":\"es\",\"potentialAction\":[{\"@type\":\"ReadAction\",\"target\":[\"https:\\\/\\\/www.eldiario.net\\\/portal\\\/2026\\\/07\\\/27\\\/volkswagen-cierra-la-puerta-a-android-alternativo\\\/\"]}]},{\"@type\":\"ImageObject\",\"inLanguage\":\"es\",\"@id\":\"https:\\\/\\\/www.eldiario.net\\\/portal\\\/2026\\\/07\\\/27\\\/volkswagen-cierra-la-puerta-a-android-alternativo\\\/#primaryimage\",\"url\":\"https:\\\/\\\/www.eldiario.net\\\/portal\\\/wp-content\\\/uploads\\\/2026\\\/07\\\/3-C-.webp\",\"contentUrl\":\"https:\\\/\\\/www.eldiario.net\\\/portal\\\/wp-content\\\/uploads\\\/2026\\\/07\\\/3-C-.webp\",\"width\":722,\"height\":398},{\"@type\":\"BreadcrumbList\",\"@id\":\"https:\\\/\\\/www.eldiario.net\\\/portal\\\/2026\\\/07\\\/27\\\/volkswagen-cierra-la-puerta-a-android-alternativo\\\/#breadcrumb\",\"itemListElement\":[{\"@type\":\"ListItem\",\"position\":1,\"name\":\"Portada\",\"item\":\"https:\\\/\\\/www.eldiario.net\\\/portal\\\/\"},{\"@type\":\"ListItem\",\"position\":2,\"name\":\"Volkswagen cierra la puerta a Android alternativo\"}]},{\"@type\":\"WebSite\",\"@id\":\"https:\\\/\\\/www.eldiario.net\\\/portal\\\/#website\",\"url\":\"https:\\\/\\\/www.eldiario.net\\\/portal\\\/\",\"name\":\"El Diario - Decano de la prensa nacional\",\"description\":\"El Diario - Decano de la prensa nacional\",\"publisher\":{\"@id\":\"https:\\\/\\\/www.eldiario.net\\\/portal\\\/#organization\"},\"potentialAction\":[{\"@type\":\"SearchAction\",\"target\":{\"@type\":\"EntryPoint\",\"urlTemplate\":\"https:\\\/\\\/www.eldiario.net\\\/portal\\\/?s={search_term_string}\"},\"query-input\":{\"@type\":\"PropertyValueSpecification\",\"valueRequired\":true,\"valueName\":\"search_term_string\"}}],\"inLanguage\":\"es\"},{\"@type\":\"Organization\",\"@id\":\"https:\\\/\\\/www.eldiario.net\\\/portal\\\/#organization\",\"name\":\"El Diario - Decano de la prensa nacional\",\"url\":\"https:\\\/\\\/www.eldiario.net\\\/portal\\\/\",\"logo\":{\"@type\":\"ImageObject\",\"inLanguage\":\"es\",\"@id\":\"https:\\\/\\\/www.eldiario.net\\\/portal\\\/#\\\/schema\\\/logo\\\/image\\\/\",\"url\":\"https:\\\/\\\/www.eldiario.net\\\/portal\\\/wp-content\\\/uploads\\\/2023\\\/07\\\/logo_ED.jpg\",\"contentUrl\":\"https:\\\/\\\/www.eldiario.net\\\/portal\\\/wp-content\\\/uploads\\\/2023\\\/07\\\/logo_ED.jpg\",\"width\":272,\"height\":52,\"caption\":\"El Diario - Decano de la prensa nacional\"},\"image\":{\"@id\":\"https:\\\/\\\/www.eldiario.net\\\/portal\\\/#\\\/schema\\\/logo\\\/image\\\/\"},\"sameAs\":[\"https:\\\/\\\/www.facebook.com\\\/eldiario.bolivia\\\/\",\"https:\\\/\\\/x.com\\\/eldiario_net\"]},{\"@type\":\"Person\",\"@id\":\"https:\\\/\\\/www.eldiario.net\\\/portal\\\/#\\\/schema\\\/person\\\/2c57cf2b7a7ae032e449e4c9b1019eac\",\"name\":\"Jeanette\",\"image\":{\"@type\":\"ImageObject\",\"inLanguage\":\"es\",\"@id\":\"https:\\\/\\\/secure.gravatar.com\\\/avatar\\\/3ea2118a5f7dad2b7138b1187a6b7ee55f160b9968b66013c3a3ef39dd7e5798?s=96&d=mm&r=g\",\"url\":\"https:\\\/\\\/secure.gravatar.com\\\/avatar\\\/3ea2118a5f7dad2b7138b1187a6b7ee55f160b9968b66013c3a3ef39dd7e5798?s=96&d=mm&r=g\",\"contentUrl\":\"https:\\\/\\\/secure.gravatar.com\\\/avatar\\\/3ea2118a5f7dad2b7138b1187a6b7ee55f160b9968b66013c3a3ef39dd7e5798?s=96&d=mm&r=g\",\"caption\":\"Jeanette\"},\"sameAs\":[\"https:\\\/\\\/www.eldiario.net\\\/portal\"],\"url\":\"https:\\\/\\\/www.eldiario.net\\\/portal\\\/author\\\/jeanette\\\/\"}]}<\/script>\n<!-- \/ Yoast SEO plugin. -->","yoast_head_json":{"title":"Volkswagen cierra la puerta a Android alternativo - El Diario - Bolivia","robots":{"index":"index","follow":"follow","max-snippet":"max-snippet:-1","max-image-preview":"max-image-preview:large","max-video-preview":"max-video-preview:-1"},"canonical":"https:\/\/www.eldiario.net\/portal\/2026\/07\/27\/volkswagen-cierra-la-puerta-a-android-alternativo\/","og_locale":"es_ES","og_type":"article","og_title":"Volkswagen cierra la puerta a Android alternativo - El Diario - Bolivia","og_description":"La relaci\u00f3n entre Android y la libertad de personalizaci\u00f3n siempre ha sido uno de los pilares del sistema operativo. Sin embargo, en los \u00faltimos a\u00f1os Google ha reforzado sus mecanismos de control, y el caso m\u00e1s reciente involucra directamente a los conductores del Grupo Volkswagen. La decisi\u00f3n de la marca de exigir los servicios de [&hellip;]","og_url":"https:\/\/www.eldiario.net\/portal\/2026\/07\/27\/volkswagen-cierra-la-puerta-a-android-alternativo\/","og_site_name":"El Diario - Bolivia","article_publisher":"https:\/\/www.facebook.com\/eldiario.bolivia\/","article_published_time":"2026-07-27T04:51:59+00:00","og_image":[{"width":722,"height":398,"url":"https:\/\/www.eldiario.net\/portal\/wp-content\/uploads\/2026\/07\/3-C-.webp","type":"image\/webp"}],"author":"Jeanette","twitter_card":"summary_large_image","twitter_creator":"@eldiario_net","twitter_site":"@eldiario_net","twitter_misc":{"Escrito por":"Jeanette","Tiempo de lectura":"4 minutos"},"schema":{"@context":"https:\/\/schema.org","@graph":[{"@type":"Article","@id":"https:\/\/www.eldiario.net\/portal\/2026\/07\/27\/volkswagen-cierra-la-puerta-a-android-alternativo\/#article","isPartOf":{"@id":"https:\/\/www.eldiario.net\/portal\/2026\/07\/27\/volkswagen-cierra-la-puerta-a-android-alternativo\/"},"author":{"name":"Jeanette","@id":"https:\/\/www.eldiario.net\/portal\/#\/schema\/person\/2c57cf2b7a7ae032e449e4c9b1019eac"},"headline":"Volkswagen cierra la puerta a Android alternativo","datePublished":"2026-07-27T04:51:59+00:00","mainEntityOfPage":{"@id":"https:\/\/www.eldiario.net\/portal\/2026\/07\/27\/volkswagen-cierra-la-puerta-a-android-alternativo\/"},"wordCount":741,"publisher":{"@id":"https:\/\/www.eldiario.net\/portal\/#organization"},"image":{"@id":"https:\/\/www.eldiario.net\/portal\/2026\/07\/27\/volkswagen-cierra-la-puerta-a-android-alternativo\/#primaryimage"},"thumbnailUrl":"https:\/\/www.eldiario.net\/portal\/wp-content\/uploads\/2026\/07\/3-C-.webp","articleSection":["Ciencia y Computaci\u00f3n"],"inLanguage":"es"},{"@type":"WebPage","@id":"https:\/\/www.eldiario.net\/portal\/2026\/07\/27\/volkswagen-cierra-la-puerta-a-android-alternativo\/","url":"https:\/\/www.eldiario.net\/portal\/2026\/07\/27\/volkswagen-cierra-la-puerta-a-android-alternativo\/","name":"Volkswagen cierra la puerta a Android alternativo - El Diario - Bolivia","isPartOf":{"@id":"https:\/\/www.eldiario.net\/portal\/#website"},"primaryImageOfPage":{"@id":"https:\/\/www.eldiario.net\/portal\/2026\/07\/27\/volkswagen-cierra-la-puerta-a-android-alternativo\/#primaryimage"},"image":{"@id":"https:\/\/www.eldiario.net\/portal\/2026\/07\/27\/volkswagen-cierra-la-puerta-a-android-alternativo\/#primaryimage"},"thumbnailUrl":"https:\/\/www.eldiario.net\/portal\/wp-content\/uploads\/2026\/07\/3-C-.webp","datePublished":"2026-07-27T04:51:59+00:00","breadcrumb":{"@id":"https:\/\/www.eldiario.net\/portal\/2026\/07\/27\/volkswagen-cierra-la-puerta-a-android-alternativo\/#breadcrumb"},"inLanguage":"es","potentialAction":[{"@type":"ReadAction","target":["https:\/\/www.eldiario.net\/portal\/2026\/07\/27\/volkswagen-cierra-la-puerta-a-android-alternativo\/"]}]},{"@type":"ImageObject","inLanguage":"es","@id":"https:\/\/www.eldiario.net\/portal\/2026\/07\/27\/volkswagen-cierra-la-puerta-a-android-alternativo\/#primaryimage","url":"https:\/\/www.eldiario.net\/portal\/wp-content\/uploads\/2026\/07\/3-C-.webp","contentUrl":"https:\/\/www.eldiario.net\/portal\/wp-content\/uploads\/2026\/07\/3-C-.webp","width":722,"height":398},{"@type":"BreadcrumbList","@id":"https:\/\/www.eldiario.net\/portal\/2026\/07\/27\/volkswagen-cierra-la-puerta-a-android-alternativo\/#breadcrumb","itemListElement":[{"@type":"ListItem","position":1,"name":"Portada","item":"https:\/\/www.eldiario.net\/portal\/"},{"@type":"ListItem","position":2,"name":"Volkswagen cierra la puerta a Android alternativo"}]},{"@type":"WebSite","@id":"https:\/\/www.eldiario.net\/portal\/#website","url":"https:\/\/www.eldiario.net\/portal\/","name":"El Diario - Decano de la prensa nacional","description":"El Diario - Decano de la prensa nacional","publisher":{"@id":"https:\/\/www.eldiario.net\/portal\/#organization"},"potentialAction":[{"@type":"SearchAction","target":{"@type":"EntryPoint","urlTemplate":"https:\/\/www.eldiario.net\/portal\/?s={search_term_string}"},"query-input":{"@type":"PropertyValueSpecification","valueRequired":true,"valueName":"search_term_string"}}],"inLanguage":"es"},{"@type":"Organization","@id":"https:\/\/www.eldiario.net\/portal\/#organization","name":"El Diario - Decano de la prensa nacional","url":"https:\/\/www.eldiario.net\/portal\/","logo":{"@type":"ImageObject","inLanguage":"es","@id":"https:\/\/www.eldiario.net\/portal\/#\/schema\/logo\/image\/","url":"https:\/\/www.eldiario.net\/portal\/wp-content\/uploads\/2023\/07\/logo_ED.jpg","contentUrl":"https:\/\/www.eldiario.net\/portal\/wp-content\/uploads\/2023\/07\/logo_ED.jpg","width":272,"height":52,"caption":"El Diario - Decano de la prensa nacional"},"image":{"@id":"https:\/\/www.eldiario.net\/portal\/#\/schema\/logo\/image\/"},"sameAs":["https:\/\/www.facebook.com\/eldiario.bolivia\/","https:\/\/x.com\/eldiario_net"]},{"@type":"Person","@id":"https:\/\/www.eldiario.net\/portal\/#\/schema\/person\/2c57cf2b7a7ae032e449e4c9b1019eac","name":"Jeanette","image":{"@type":"ImageObject","inLanguage":"es","@id":"https:\/\/secure.gravatar.com\/avatar\/3ea2118a5f7dad2b7138b1187a6b7ee55f160b9968b66013c3a3ef39dd7e5798?s=96&d=mm&r=g","url":"https:\/\/secure.gravatar.com\/avatar\/3ea2118a5f7dad2b7138b1187a6b7ee55f160b9968b66013c3a3ef39dd7e5798?s=96&d=mm&r=g","contentUrl":"https:\/\/secure.gravatar.com\/avatar\/3ea2118a5f7dad2b7138b1187a6b7ee55f160b9968b66013c3a3ef39dd7e5798?s=96&d=mm&r=g","caption":"Jeanette"},"sameAs":["https:\/\/www.eldiario.net\/portal"],"url":"https:\/\/www.eldiario.net\/portal\/author\/jeanette\/"}]}},"_links":{"self":[{"href":"https:\/\/www.eldiario.net\/portal\/wp-json\/wp\/v2\/posts\/416098","targetHints":{"allow":["GET"]}}],"collection":[{"href":"https:\/\/www.eldiario.net\/portal\/wp-json\/wp\/v2\/posts"}],"about":[{"href":"https:\/\/www.eldiario.net\/portal\/wp-json\/wp\/v2\/types\/post"}],"author":[{"embeddable":true,"href":"https:\/\/www.eldiario.net\/portal\/wp-json\/wp\/v2\/users\/1"}],"replies":[{"embeddable":true,"href":"https:\/\/www.eldiario.net\/portal\/wp-json\/wp\/v2\/comments?post=416098"}],"version-history":[{"count":1,"href":"https:\/\/www.eldiario.net\/portal\/wp-json\/wp\/v2\/posts\/416098\/revisions"}],"predecessor-version":[{"id":416100,"href":"https:\/\/www.eldiario.net\/portal\/wp-json\/wp\/v2\/posts\/416098\/revisions\/416100"}],"wp:featuredmedia":[{"embeddable":true,"href":"https:\/\/www.eldiario.net\/portal\/wp-json\/wp\/v2\/media\/416099"}],"wp:attachment":[{"href":"https:\/\/www.eldiario.net\/portal\/wp-json\/wp\/v2\/media?parent=416098"}],"wp:term":[{"taxonomy":"category","embeddable":true,"href":"https:\/\/www.eldiario.net\/portal\/wp-json\/wp\/v2\/categories?post=416098"},{"taxonomy":"post_tag","embeddable":true,"href":"https:\/\/www.eldiario.net\/portal\/wp-json\/wp\/v2\/tags?post=416098"}],"curies":[{"name":"wp","href":"https:\/\/api.w.org\/{rel}","templated":true}]}}