{"id":416095,"date":"2026-07-27T00:50:58","date_gmt":"2026-07-27T04:50:58","guid":{"rendered":"https:\/\/www.eldiario.net\/portal\/?p=416095"},"modified":"2026-07-26T19:51:38","modified_gmt":"2026-07-26T23:51:38","slug":"whatsapp-estrena-funciones-clave","status":"publish","type":"post","link":"https:\/\/www.eldiario.net\/portal\/2026\/07\/27\/whatsapp-estrena-funciones-clave\/","title":{"rendered":"WhatsApp estrena funciones clave"},"content":{"rendered":"<p>WhatsApp ha lanzado una serie de novedades que refuerzan su presencia en distintos dispositivos y mejoran la experiencia de uso. Desde una interfaz m\u00e1s completa en CarPlay, hasta la posibilidad de registrar una cuenta directamente en el iPad y trabajar sobre archivos PDF sin salir del chat, la aplicaci\u00f3n sigue ampliando sus horizontes. A continuaci\u00f3n, repasamos cada una de estas funciones que ya est\u00e1n disponibles o en proceso de llegar a todos los usuarios.<\/p>\n<p><strong>CarPlay: WhatsApp m\u00e1s \u00fatil en el coche<\/strong><\/p>\n<p>La primera gran novedad es la <strong>interfaz renovada para CarPlay<\/strong>, que ya lleva algunos meses activa. Antes, la integraci\u00f3n de WhatsApp en el coche era limitada: apenas un icono dependiente de Siri. Ahora, la aplicaci\u00f3n cuenta con pesta\u00f1as propias de <strong>Chats, Llamadas y Favoritos<\/strong>, dise\u00f1adas para simplificar la interacci\u00f3n mientras conduces.<\/p>\n<ul>\n<li>En <strong>Chats<\/strong> puedes escuchar mensajes pendientes o dictar uno nuevo.<\/li>\n<li>En <strong>Llamadas<\/strong> revisas tu historial y marcas directamente a tus contactos.<\/li>\n<li>En <strong>Favoritos<\/strong> tienes acceso r\u00e1pido a las personas con las que m\u00e1s interact\u00faas.<\/li>\n<\/ul>\n<p>El dise\u00f1o es sencillo, pero cumple con lo esencial: mantener la comunicaci\u00f3n sin distraerte de la carretera.<\/p>\n<p><strong>Registro directo en el iPad<\/strong><\/p>\n<p>Otra de las funciones m\u00e1s esperadas es la posibilidad de <strong>crear una cuenta de WhatsApp directamente en el iPad<\/strong>, sin necesidad de vincularla previamente a un iPhone. Esto significa que puedes instalar la aplicaci\u00f3n, registrar tu n\u00famero y configurar todo desde la tablet, de manera independiente.<\/p>\n<p>Este cambio responde a una petici\u00f3n constante de los usuarios y convierte al iPad en un dispositivo aut\u00f3nomo para usar WhatsApp, lo que resulta especialmente \u00fatil para quienes lo emplean como herramienta principal de trabajo o comunicaci\u00f3n.<\/p>\n<p><strong>PDF integrados en el chat<\/strong><\/p>\n<p>WhatsApp tambi\u00e9n ha mejorado la forma de trabajar con documentos. Ahora, los <strong>PDF pueden abrirse directamente dentro de la conversaci\u00f3n<\/strong>, gracias a la integraci\u00f3n con Adobe Acrobat. Ya no es necesario descargarlos para leerlos.<\/p>\n<p>Adem\u00e1s, puedes <strong>destacar texto, a\u00f1adir comentarios o realizar anotaciones<\/strong> sin salir de la aplicaci\u00f3n. Esto convierte a WhatsApp en una herramienta m\u00e1s vers\u00e1til para quienes reciben documentos constantemente y necesitan revisarlos de manera r\u00e1pida y colaborativa.<\/p>\n<p><strong>M\u00fasica en tu estado<\/strong><\/p>\n<p>La \u00faltima novedad est\u00e1 relacionada con la forma de compartir contenido. WhatsApp permite ahora <strong>publicar canciones en tu estado directamente desde Apple Music o Spotify<\/strong>. Tus contactos podr\u00e1n ver qu\u00e9 est\u00e1s escuchando en ese momento, al estilo de lo que ocurre en Instagram.<\/p>\n<p>Este detalle refuerza la dimensi\u00f3n social de la aplicaci\u00f3n, permitiendo que la m\u00fasica se convierta en parte de la conversaci\u00f3n diaria.<\/p>\n<p><strong>Usa WhatsApp en CarPlay<\/strong><\/p>\n<p>Accede a chats, llamadas y favoritos desde la nueva interfaz mientras conduces.<\/p>\n<p><strong>Registra tu cuenta en iPad<\/strong><\/p>\n<p>Crea tu cuenta directamente en la tablet sin depender de un iPhone.<\/p>\n<p><strong>Abre PDF dentro del chat<\/strong><\/p>\n<p>Visualiza y anota documentos sin salir de la conversaci\u00f3n gracias a Adobe Acrobat.<\/p>\n<p><strong>Comparte m\u00fasica en tu estado<\/strong><\/p>\n<p>Publica canciones desde Apple Music o Spotify para mostrar lo que escuchas.<\/p>\n<p>Las novedades de WhatsApp apuntan a mejorar la integraci\u00f3n con distintos dispositivos y a ofrecer m\u00e1s comodidad en el d\u00eda a d\u00eda. CarPlay facilita la comunicaci\u00f3n en el coche, el iPad gana independencia, los PDF se vuelven interactivos y los estados se enriquecen con m\u00fasica.<\/p>\n<p>Todas estas funciones ya est\u00e1n en proceso de implementaci\u00f3n, por lo que pronto estar\u00e1n disponibles para todos los usuarios. WhatsApp sigue evolucionando para mantenerse como una de las aplicaciones de mensajer\u00eda m\u00e1s completas y vers\u00e1tiles del mercado.<\/p>\n<p>&nbsp;<\/p>\n","protected":false},"excerpt":{"rendered":"<p>WhatsApp ha lanzado una serie de novedades que refuerzan su presencia en distintos dispositivos y mejoran la experiencia de uso. Desde una interfaz m\u00e1s completa en CarPlay, hasta la posibilidad de registrar una cuenta directamente en el iPad y trabajar sobre archivos PDF sin salir del chat, la aplicaci\u00f3n sigue ampliando sus horizontes. A continuaci\u00f3n, [&hellip;]<\/p>\n","protected":false},"author":1,"featured_media":416096,"comment_status":"closed","ping_status":"open","sticky":false,"template":"","format":"standard","meta":{"_acf_changed":false,"footnotes":""},"categories":[46],"tags":[],"class_list":["post-416095","post","type-post","status-publish","format-standard","has-post-thumbnail","category-ciencia-computacion"],"acf":{"antetitulo":""},"yoast_head":"<!-- This site is optimized with the Yoast SEO plugin v28.4 - https:\/\/yoast.com\/product\/yoast-seo-wordpress\/ -->\n<title>WhatsApp estrena funciones clave - El Diario - Bolivia<\/title>\n<meta name=\"robots\" content=\"index, follow, max-snippet:-1, max-image-preview:large, max-video-preview:-1\" \/>\n<link rel=\"canonical\" href=\"https:\/\/www.eldiario.net\/portal\/2026\/07\/27\/whatsapp-estrena-funciones-clave\/\" \/>\n<meta property=\"og:locale\" content=\"es_ES\" \/>\n<meta property=\"og:type\" content=\"article\" \/>\n<meta property=\"og:title\" content=\"WhatsApp estrena funciones clave - El Diario - Bolivia\" \/>\n<meta property=\"og:description\" content=\"WhatsApp ha lanzado una serie de novedades que refuerzan su presencia en distintos dispositivos y mejoran la experiencia de uso. Desde una interfaz m\u00e1s completa en CarPlay, hasta la posibilidad de registrar una cuenta directamente en el iPad y trabajar sobre archivos PDF sin salir del chat, la aplicaci\u00f3n sigue ampliando sus horizontes. A continuaci\u00f3n, [&hellip;]\" \/>\n<meta property=\"og:url\" content=\"https:\/\/www.eldiario.net\/portal\/2026\/07\/27\/whatsapp-estrena-funciones-clave\/\" \/>\n<meta property=\"og:site_name\" content=\"El Diario - Bolivia\" \/>\n<meta property=\"article:publisher\" content=\"https:\/\/www.facebook.com\/eldiario.bolivia\/\" \/>\n<meta property=\"article:published_time\" content=\"2026-07-27T04:50:58+00:00\" \/>\n<meta property=\"og:image\" content=\"https:\/\/www.eldiario.net\/portal\/wp-content\/uploads\/2026\/07\/7-B.webp\" \/>\n\t<meta property=\"og:image:width\" content=\"640\" \/>\n\t<meta property=\"og:image:height\" content=\"360\" \/>\n\t<meta property=\"og:image:type\" content=\"image\/webp\" \/>\n<meta name=\"author\" content=\"Jeanette\" \/>\n<meta name=\"twitter:card\" content=\"summary_large_image\" \/>\n<meta name=\"twitter:creator\" content=\"@eldiario_net\" \/>\n<meta name=\"twitter:site\" content=\"@eldiario_net\" \/>\n<meta name=\"twitter:label1\" content=\"Escrito por\" \/>\n\t<meta name=\"twitter:data1\" content=\"Jeanette\" \/>\n\t<meta name=\"twitter:label2\" content=\"Tiempo de lectura\" \/>\n\t<meta name=\"twitter:data2\" content=\"3 minutos\" \/>\n<script type=\"application\/ld+json\" class=\"yoast-schema-graph\">{\"@context\":\"https:\\\/\\\/schema.org\",\"@graph\":[{\"@type\":\"Article\",\"@id\":\"https:\\\/\\\/www.eldiario.net\\\/portal\\\/2026\\\/07\\\/27\\\/whatsapp-estrena-funciones-clave\\\/#article\",\"isPartOf\":{\"@id\":\"https:\\\/\\\/www.eldiario.net\\\/portal\\\/2026\\\/07\\\/27\\\/whatsapp-estrena-funciones-clave\\\/\"},\"author\":{\"name\":\"Jeanette\",\"@id\":\"https:\\\/\\\/www.eldiario.net\\\/portal\\\/#\\\/schema\\\/person\\\/2c57cf2b7a7ae032e449e4c9b1019eac\"},\"headline\":\"WhatsApp estrena funciones clave\",\"datePublished\":\"2026-07-27T04:50:58+00:00\",\"mainEntityOfPage\":{\"@id\":\"https:\\\/\\\/www.eldiario.net\\\/portal\\\/2026\\\/07\\\/27\\\/whatsapp-estrena-funciones-clave\\\/\"},\"wordCount\":620,\"publisher\":{\"@id\":\"https:\\\/\\\/www.eldiario.net\\\/portal\\\/#organization\"},\"image\":{\"@id\":\"https:\\\/\\\/www.eldiario.net\\\/portal\\\/2026\\\/07\\\/27\\\/whatsapp-estrena-funciones-clave\\\/#primaryimage\"},\"thumbnailUrl\":\"https:\\\/\\\/www.eldiario.net\\\/portal\\\/wp-content\\\/uploads\\\/2026\\\/07\\\/7-B.webp\",\"articleSection\":[\"Ciencia y Computaci\u00f3n\"],\"inLanguage\":\"es\"},{\"@type\":\"WebPage\",\"@id\":\"https:\\\/\\\/www.eldiario.net\\\/portal\\\/2026\\\/07\\\/27\\\/whatsapp-estrena-funciones-clave\\\/\",\"url\":\"https:\\\/\\\/www.eldiario.net\\\/portal\\\/2026\\\/07\\\/27\\\/whatsapp-estrena-funciones-clave\\\/\",\"name\":\"WhatsApp estrena funciones clave - El Diario - Bolivia\",\"isPartOf\":{\"@id\":\"https:\\\/\\\/www.eldiario.net\\\/portal\\\/#website\"},\"primaryImageOfPage\":{\"@id\":\"https:\\\/\\\/www.eldiario.net\\\/portal\\\/2026\\\/07\\\/27\\\/whatsapp-estrena-funciones-clave\\\/#primaryimage\"},\"image\":{\"@id\":\"https:\\\/\\\/www.eldiario.net\\\/portal\\\/2026\\\/07\\\/27\\\/whatsapp-estrena-funciones-clave\\\/#primaryimage\"},\"thumbnailUrl\":\"https:\\\/\\\/www.eldiario.net\\\/portal\\\/wp-content\\\/uploads\\\/2026\\\/07\\\/7-B.webp\",\"datePublished\":\"2026-07-27T04:50:58+00:00\",\"breadcrumb\":{\"@id\":\"https:\\\/\\\/www.eldiario.net\\\/portal\\\/2026\\\/07\\\/27\\\/whatsapp-estrena-funciones-clave\\\/#breadcrumb\"},\"inLanguage\":\"es\",\"potentialAction\":[{\"@type\":\"ReadAction\",\"target\":[\"https:\\\/\\\/www.eldiario.net\\\/portal\\\/2026\\\/07\\\/27\\\/whatsapp-estrena-funciones-clave\\\/\"]}]},{\"@type\":\"ImageObject\",\"inLanguage\":\"es\",\"@id\":\"https:\\\/\\\/www.eldiario.net\\\/portal\\\/2026\\\/07\\\/27\\\/whatsapp-estrena-funciones-clave\\\/#primaryimage\",\"url\":\"https:\\\/\\\/www.eldiario.net\\\/portal\\\/wp-content\\\/uploads\\\/2026\\\/07\\\/7-B.webp\",\"contentUrl\":\"https:\\\/\\\/www.eldiario.net\\\/portal\\\/wp-content\\\/uploads\\\/2026\\\/07\\\/7-B.webp\",\"width\":640,\"height\":360},{\"@type\":\"BreadcrumbList\",\"@id\":\"https:\\\/\\\/www.eldiario.net\\\/portal\\\/2026\\\/07\\\/27\\\/whatsapp-estrena-funciones-clave\\\/#breadcrumb\",\"itemListElement\":[{\"@type\":\"ListItem\",\"position\":1,\"name\":\"Portada\",\"item\":\"https:\\\/\\\/www.eldiario.net\\\/portal\\\/\"},{\"@type\":\"ListItem\",\"position\":2,\"name\":\"WhatsApp estrena funciones clave\"}]},{\"@type\":\"WebSite\",\"@id\":\"https:\\\/\\\/www.eldiario.net\\\/portal\\\/#website\",\"url\":\"https:\\\/\\\/www.eldiario.net\\\/portal\\\/\",\"name\":\"El Diario - Decano de la prensa nacional\",\"description\":\"El Diario - Decano de la prensa nacional\",\"publisher\":{\"@id\":\"https:\\\/\\\/www.eldiario.net\\\/portal\\\/#organization\"},\"potentialAction\":[{\"@type\":\"SearchAction\",\"target\":{\"@type\":\"EntryPoint\",\"urlTemplate\":\"https:\\\/\\\/www.eldiario.net\\\/portal\\\/?s={search_term_string}\"},\"query-input\":{\"@type\":\"PropertyValueSpecification\",\"valueRequired\":true,\"valueName\":\"search_term_string\"}}],\"inLanguage\":\"es\"},{\"@type\":\"Organization\",\"@id\":\"https:\\\/\\\/www.eldiario.net\\\/portal\\\/#organization\",\"name\":\"El Diario - Decano de la prensa nacional\",\"url\":\"https:\\\/\\\/www.eldiario.net\\\/portal\\\/\",\"logo\":{\"@type\":\"ImageObject\",\"inLanguage\":\"es\",\"@id\":\"https:\\\/\\\/www.eldiario.net\\\/portal\\\/#\\\/schema\\\/logo\\\/image\\\/\",\"url\":\"https:\\\/\\\/www.eldiario.net\\\/portal\\\/wp-content\\\/uploads\\\/2023\\\/07\\\/logo_ED.jpg\",\"contentUrl\":\"https:\\\/\\\/www.eldiario.net\\\/portal\\\/wp-content\\\/uploads\\\/2023\\\/07\\\/logo_ED.jpg\",\"width\":272,\"height\":52,\"caption\":\"El Diario - Decano de la prensa nacional\"},\"image\":{\"@id\":\"https:\\\/\\\/www.eldiario.net\\\/portal\\\/#\\\/schema\\\/logo\\\/image\\\/\"},\"sameAs\":[\"https:\\\/\\\/www.facebook.com\\\/eldiario.bolivia\\\/\",\"https:\\\/\\\/x.com\\\/eldiario_net\"]},{\"@type\":\"Person\",\"@id\":\"https:\\\/\\\/www.eldiario.net\\\/portal\\\/#\\\/schema\\\/person\\\/2c57cf2b7a7ae032e449e4c9b1019eac\",\"name\":\"Jeanette\",\"image\":{\"@type\":\"ImageObject\",\"inLanguage\":\"es\",\"@id\":\"https:\\\/\\\/secure.gravatar.com\\\/avatar\\\/3ea2118a5f7dad2b7138b1187a6b7ee55f160b9968b66013c3a3ef39dd7e5798?s=96&d=mm&r=g\",\"url\":\"https:\\\/\\\/secure.gravatar.com\\\/avatar\\\/3ea2118a5f7dad2b7138b1187a6b7ee55f160b9968b66013c3a3ef39dd7e5798?s=96&d=mm&r=g\",\"contentUrl\":\"https:\\\/\\\/secure.gravatar.com\\\/avatar\\\/3ea2118a5f7dad2b7138b1187a6b7ee55f160b9968b66013c3a3ef39dd7e5798?s=96&d=mm&r=g\",\"caption\":\"Jeanette\"},\"sameAs\":[\"https:\\\/\\\/www.eldiario.net\\\/portal\"],\"url\":\"https:\\\/\\\/www.eldiario.net\\\/portal\\\/author\\\/jeanette\\\/\"}]}<\/script>\n<!-- \/ Yoast SEO plugin. -->","yoast_head_json":{"title":"WhatsApp estrena funciones clave - El Diario - Bolivia","robots":{"index":"index","follow":"follow","max-snippet":"max-snippet:-1","max-image-preview":"max-image-preview:large","max-video-preview":"max-video-preview:-1"},"canonical":"https:\/\/www.eldiario.net\/portal\/2026\/07\/27\/whatsapp-estrena-funciones-clave\/","og_locale":"es_ES","og_type":"article","og_title":"WhatsApp estrena funciones clave - El Diario - Bolivia","og_description":"WhatsApp ha lanzado una serie de novedades que refuerzan su presencia en distintos dispositivos y mejoran la experiencia de uso. Desde una interfaz m\u00e1s completa en CarPlay, hasta la posibilidad de registrar una cuenta directamente en el iPad y trabajar sobre archivos PDF sin salir del chat, la aplicaci\u00f3n sigue ampliando sus horizontes. A continuaci\u00f3n, [&hellip;]","og_url":"https:\/\/www.eldiario.net\/portal\/2026\/07\/27\/whatsapp-estrena-funciones-clave\/","og_site_name":"El Diario - Bolivia","article_publisher":"https:\/\/www.facebook.com\/eldiario.bolivia\/","article_published_time":"2026-07-27T04:50:58+00:00","og_image":[{"width":640,"height":360,"url":"https:\/\/www.eldiario.net\/portal\/wp-content\/uploads\/2026\/07\/7-B.webp","type":"image\/webp"}],"author":"Jeanette","twitter_card":"summary_large_image","twitter_creator":"@eldiario_net","twitter_site":"@eldiario_net","twitter_misc":{"Escrito por":"Jeanette","Tiempo de lectura":"3 minutos"},"schema":{"@context":"https:\/\/schema.org","@graph":[{"@type":"Article","@id":"https:\/\/www.eldiario.net\/portal\/2026\/07\/27\/whatsapp-estrena-funciones-clave\/#article","isPartOf":{"@id":"https:\/\/www.eldiario.net\/portal\/2026\/07\/27\/whatsapp-estrena-funciones-clave\/"},"author":{"name":"Jeanette","@id":"https:\/\/www.eldiario.net\/portal\/#\/schema\/person\/2c57cf2b7a7ae032e449e4c9b1019eac"},"headline":"WhatsApp estrena funciones clave","datePublished":"2026-07-27T04:50:58+00:00","mainEntityOfPage":{"@id":"https:\/\/www.eldiario.net\/portal\/2026\/07\/27\/whatsapp-estrena-funciones-clave\/"},"wordCount":620,"publisher":{"@id":"https:\/\/www.eldiario.net\/portal\/#organization"},"image":{"@id":"https:\/\/www.eldiario.net\/portal\/2026\/07\/27\/whatsapp-estrena-funciones-clave\/#primaryimage"},"thumbnailUrl":"https:\/\/www.eldiario.net\/portal\/wp-content\/uploads\/2026\/07\/7-B.webp","articleSection":["Ciencia y Computaci\u00f3n"],"inLanguage":"es"},{"@type":"WebPage","@id":"https:\/\/www.eldiario.net\/portal\/2026\/07\/27\/whatsapp-estrena-funciones-clave\/","url":"https:\/\/www.eldiario.net\/portal\/2026\/07\/27\/whatsapp-estrena-funciones-clave\/","name":"WhatsApp estrena funciones clave - El Diario - Bolivia","isPartOf":{"@id":"https:\/\/www.eldiario.net\/portal\/#website"},"primaryImageOfPage":{"@id":"https:\/\/www.eldiario.net\/portal\/2026\/07\/27\/whatsapp-estrena-funciones-clave\/#primaryimage"},"image":{"@id":"https:\/\/www.eldiario.net\/portal\/2026\/07\/27\/whatsapp-estrena-funciones-clave\/#primaryimage"},"thumbnailUrl":"https:\/\/www.eldiario.net\/portal\/wp-content\/uploads\/2026\/07\/7-B.webp","datePublished":"2026-07-27T04:50:58+00:00","breadcrumb":{"@id":"https:\/\/www.eldiario.net\/portal\/2026\/07\/27\/whatsapp-estrena-funciones-clave\/#breadcrumb"},"inLanguage":"es","potentialAction":[{"@type":"ReadAction","target":["https:\/\/www.eldiario.net\/portal\/2026\/07\/27\/whatsapp-estrena-funciones-clave\/"]}]},{"@type":"ImageObject","inLanguage":"es","@id":"https:\/\/www.eldiario.net\/portal\/2026\/07\/27\/whatsapp-estrena-funciones-clave\/#primaryimage","url":"https:\/\/www.eldiario.net\/portal\/wp-content\/uploads\/2026\/07\/7-B.webp","contentUrl":"https:\/\/www.eldiario.net\/portal\/wp-content\/uploads\/2026\/07\/7-B.webp","width":640,"height":360},{"@type":"BreadcrumbList","@id":"https:\/\/www.eldiario.net\/portal\/2026\/07\/27\/whatsapp-estrena-funciones-clave\/#breadcrumb","itemListElement":[{"@type":"ListItem","position":1,"name":"Portada","item":"https:\/\/www.eldiario.net\/portal\/"},{"@type":"ListItem","position":2,"name":"WhatsApp estrena funciones clave"}]},{"@type":"WebSite","@id":"https:\/\/www.eldiario.net\/portal\/#website","url":"https:\/\/www.eldiario.net\/portal\/","name":"El Diario - Decano de la prensa nacional","description":"El Diario - Decano de la prensa nacional","publisher":{"@id":"https:\/\/www.eldiario.net\/portal\/#organization"},"potentialAction":[{"@type":"SearchAction","target":{"@type":"EntryPoint","urlTemplate":"https:\/\/www.eldiario.net\/portal\/?s={search_term_string}"},"query-input":{"@type":"PropertyValueSpecification","valueRequired":true,"valueName":"search_term_string"}}],"inLanguage":"es"},{"@type":"Organization","@id":"https:\/\/www.eldiario.net\/portal\/#organization","name":"El Diario - Decano de la prensa nacional","url":"https:\/\/www.eldiario.net\/portal\/","logo":{"@type":"ImageObject","inLanguage":"es","@id":"https:\/\/www.eldiario.net\/portal\/#\/schema\/logo\/image\/","url":"https:\/\/www.eldiario.net\/portal\/wp-content\/uploads\/2023\/07\/logo_ED.jpg","contentUrl":"https:\/\/www.eldiario.net\/portal\/wp-content\/uploads\/2023\/07\/logo_ED.jpg","width":272,"height":52,"caption":"El Diario - Decano de la prensa nacional"},"image":{"@id":"https:\/\/www.eldiario.net\/portal\/#\/schema\/logo\/image\/"},"sameAs":["https:\/\/www.facebook.com\/eldiario.bolivia\/","https:\/\/x.com\/eldiario_net"]},{"@type":"Person","@id":"https:\/\/www.eldiario.net\/portal\/#\/schema\/person\/2c57cf2b7a7ae032e449e4c9b1019eac","name":"Jeanette","image":{"@type":"ImageObject","inLanguage":"es","@id":"https:\/\/secure.gravatar.com\/avatar\/3ea2118a5f7dad2b7138b1187a6b7ee55f160b9968b66013c3a3ef39dd7e5798?s=96&d=mm&r=g","url":"https:\/\/secure.gravatar.com\/avatar\/3ea2118a5f7dad2b7138b1187a6b7ee55f160b9968b66013c3a3ef39dd7e5798?s=96&d=mm&r=g","contentUrl":"https:\/\/secure.gravatar.com\/avatar\/3ea2118a5f7dad2b7138b1187a6b7ee55f160b9968b66013c3a3ef39dd7e5798?s=96&d=mm&r=g","caption":"Jeanette"},"sameAs":["https:\/\/www.eldiario.net\/portal"],"url":"https:\/\/www.eldiario.net\/portal\/author\/jeanette\/"}]}},"_links":{"self":[{"href":"https:\/\/www.eldiario.net\/portal\/wp-json\/wp\/v2\/posts\/416095","targetHints":{"allow":["GET"]}}],"collection":[{"href":"https:\/\/www.eldiario.net\/portal\/wp-json\/wp\/v2\/posts"}],"about":[{"href":"https:\/\/www.eldiario.net\/portal\/wp-json\/wp\/v2\/types\/post"}],"author":[{"embeddable":true,"href":"https:\/\/www.eldiario.net\/portal\/wp-json\/wp\/v2\/users\/1"}],"replies":[{"embeddable":true,"href":"https:\/\/www.eldiario.net\/portal\/wp-json\/wp\/v2\/comments?post=416095"}],"version-history":[{"count":1,"href":"https:\/\/www.eldiario.net\/portal\/wp-json\/wp\/v2\/posts\/416095\/revisions"}],"predecessor-version":[{"id":416097,"href":"https:\/\/www.eldiario.net\/portal\/wp-json\/wp\/v2\/posts\/416095\/revisions\/416097"}],"wp:featuredmedia":[{"embeddable":true,"href":"https:\/\/www.eldiario.net\/portal\/wp-json\/wp\/v2\/media\/416096"}],"wp:attachment":[{"href":"https:\/\/www.eldiario.net\/portal\/wp-json\/wp\/v2\/media?parent=416095"}],"wp:term":[{"taxonomy":"category","embeddable":true,"href":"https:\/\/www.eldiario.net\/portal\/wp-json\/wp\/v2\/categories?post=416095"},{"taxonomy":"post_tag","embeddable":true,"href":"https:\/\/www.eldiario.net\/portal\/wp-json\/wp\/v2\/tags?post=416095"}],"curies":[{"name":"wp","href":"https:\/\/api.w.org\/{rel}","templated":true}]}}