{"id":416037,"date":"2026-07-26T08:26:19","date_gmt":"2026-07-26T12:26:19","guid":{"rendered":"https:\/\/www.eldiario.net\/portal\/?p=416037"},"modified":"2026-07-26T08:26:19","modified_gmt":"2026-07-26T12:26:19","slug":"realmente-importa-el-espacio","status":"publish","type":"post","link":"https:\/\/www.eldiario.net\/portal\/2026\/07\/26\/realmente-importa-el-espacio\/","title":{"rendered":"\u00bfREALMENTE IMPORTA EL ESPACIO?"},"content":{"rendered":"<p><strong>Por: M.A. Arq. Cecilia Vania Burgoa Diaz<\/strong><\/p>\n<p><a href=\"mailto:ceciliaburgoadiaz@gmail.com\">ceciliaburgoadiaz@gmail.com<\/a><\/p>\n<p>&nbsp;<\/p>\n<p>Con frecuencia pensamos que el dise\u00f1o de interiores se relaciona \u00fanicamente con la decoraci\u00f3n, los colores, las tendencias o el mobiliario. Sin embargo, los espacios que habitamos influyen en nuestra vida de una forma mucho m\u00e1s profunda. Pueden afectar c\u00f3mo descansamos, trabajamos, estudiamos, comemos, nos concentramos, nos relacionamos y cuidamos de nosotros mismos.<\/p>\n<p>A pesar de esta influencia, es poco com\u00fan escuchar a una persona decir al entrar en un lugar cotidiano: \u00a1Mira este espacio, qu\u00e9 buena experiencia! La mayor\u00eda suele recordar la comida de un restaurante, la atenci\u00f3n recibida, los objetos decorativos o la m\u00fasica, pero pocas veces presta atenci\u00f3n al ambiente en su conjunto.<\/p>\n<p>En la vida diaria, muchas personas ocupan los espacios porque necesitan hacerlo. Viven en una casa, trabajan en una oficina, estudian en un aula o esperan en una sala sin detenerse a observar c\u00f3mo se sienten en ese lugar. No suelen pensar en la luz, el ruido, la comodidad, el orden, la distribuci\u00f3n o la facilidad para moverse.<\/p>\n<p>Esta actitud cambia al visitar un museo, una exposici\u00f3n o una galer\u00eda. En estos casos, las personas llegan preparadas para observar. Recorren el lugar con mayor atenci\u00f3n, miran sus detalles y entienden que el espacio tambi\u00e9n forma parte de la experiencia.<\/p>\n<p>Entonces surge una pregunta: Si las personas no siempre perciben de manera consciente los lugares que habitan, \u00bfpor qu\u00e9 el espacio es tan importante?<\/p>\n<p>La respuesta se encuentra en su influencia diaria. Un espacio puede afectar nuestras acciones y emociones, aunque no pensemos en ello. Una cocina ordenada puede facilitar la preparaci\u00f3n de alimentos saludables. Un lugar con buena iluminaci\u00f3n puede motivar la lectura. Un dormitorio tranquilo puede favorecer el descanso. Un \u00e1rea de trabajo organizada puede ayudar a mantener la concentraci\u00f3n.<\/p>\n<p>Esta situaci\u00f3n tambi\u00e9n plantea un dilema. Un espacio puede pasar desapercibido porque est\u00e1 bien dise\u00f1ado y responde con naturalidad a las necesidades de las personas. Pero tambi\u00e9n puede ser ignorado porque sus usuarios se han acostumbrado a la incomodidad, al desorden o a una mala organizaci\u00f3n.<\/p>\n<p>La falta de atenci\u00f3n no significa que el espacio no tenga efectos. Aunque una persona no observe de manera consciente el lugar donde se encuentra, ese entorno sigue influyendo en sus movimientos, h\u00e1bitos y emociones.<\/p>\n<p>El dise\u00f1o de interiores no consiste solamente en crear ambientes atractivos. Su funci\u00f3n es facilitar la vida cotidiana, apoyar h\u00e1bitos saludables y generar bienestar. El espacio importa porque, incluso cuando no lo miramos, participa de manera constante y silenciosa en nuestra forma de vivir.<\/p>\n<p>&nbsp;<\/p>\n","protected":false},"excerpt":{"rendered":"<p>Por: M.A. Arq. Cecilia Vania Burgoa Diaz ceciliaburgoadiaz@gmail.com &nbsp; Con frecuencia pensamos que el dise\u00f1o de interiores se relaciona \u00fanicamente con la decoraci\u00f3n, los colores, las tendencias o el mobiliario. Sin embargo, los espacios que habitamos influyen en nuestra vida de una forma mucho m\u00e1s profunda. Pueden afectar c\u00f3mo descansamos, trabajamos, estudiamos, comemos, nos concentramos, [&hellip;]<\/p>\n","protected":false},"author":1,"featured_media":416038,"comment_status":"closed","ping_status":"open","sticky":false,"template":"","format":"standard","meta":{"_acf_changed":false,"footnotes":""},"categories":[52],"tags":[],"class_list":["post-416037","post","type-post","status-publish","format-standard","has-post-thumbnail","category-de-salud-mas-vida"],"acf":{"antetitulo":""},"yoast_head":"<!-- This site is optimized with the Yoast SEO plugin v28.3 - https:\/\/yoast.com\/product\/yoast-seo-wordpress\/ -->\n<title>\u00bfREALMENTE IMPORTA EL ESPACIO? - El Diario - Bolivia<\/title>\n<meta name=\"robots\" content=\"index, follow, max-snippet:-1, max-image-preview:large, max-video-preview:-1\" \/>\n<link rel=\"canonical\" href=\"https:\/\/www.eldiario.net\/portal\/2026\/07\/26\/realmente-importa-el-espacio\/\" \/>\n<meta property=\"og:locale\" content=\"es_ES\" \/>\n<meta property=\"og:type\" content=\"article\" \/>\n<meta property=\"og:title\" content=\"\u00bfREALMENTE IMPORTA EL ESPACIO? - El Diario - Bolivia\" \/>\n<meta property=\"og:description\" content=\"Por: M.A. Arq. Cecilia Vania Burgoa Diaz ceciliaburgoadiaz@gmail.com &nbsp; Con frecuencia pensamos que el dise\u00f1o de interiores se relaciona \u00fanicamente con la decoraci\u00f3n, los colores, las tendencias o el mobiliario. Sin embargo, los espacios que habitamos influyen en nuestra vida de una forma mucho m\u00e1s profunda. Pueden afectar c\u00f3mo descansamos, trabajamos, estudiamos, comemos, nos concentramos, [&hellip;]\" \/>\n<meta property=\"og:url\" content=\"https:\/\/www.eldiario.net\/portal\/2026\/07\/26\/realmente-importa-el-espacio\/\" \/>\n<meta property=\"og:site_name\" content=\"El Diario - Bolivia\" \/>\n<meta property=\"article:publisher\" content=\"https:\/\/www.facebook.com\/eldiario.bolivia\/\" \/>\n<meta property=\"article:published_time\" content=\"2026-07-26T12:26:19+00:00\" \/>\n<meta property=\"og:image\" content=\"https:\/\/www.eldiario.net\/portal\/wp-content\/uploads\/2026\/07\/\u00bfREALMENTE-IMPORTA-EL-ESPACIO-copia.webp\" \/>\n\t<meta property=\"og:image:width\" content=\"1080\" \/>\n\t<meta property=\"og:image:height\" content=\"589\" \/>\n\t<meta property=\"og:image:type\" content=\"image\/webp\" \/>\n<meta name=\"author\" content=\"Jeanette\" \/>\n<meta name=\"twitter:card\" content=\"summary_large_image\" \/>\n<meta name=\"twitter:creator\" content=\"@eldiario_net\" \/>\n<meta name=\"twitter:site\" content=\"@eldiario_net\" \/>\n<meta name=\"twitter:label1\" content=\"Escrito por\" \/>\n\t<meta name=\"twitter:data1\" content=\"Jeanette\" \/>\n\t<meta name=\"twitter:label2\" content=\"Tiempo de lectura\" \/>\n\t<meta name=\"twitter:data2\" content=\"3 minutos\" \/>\n<script type=\"application\/ld+json\" class=\"yoast-schema-graph\">{\"@context\":\"https:\\\/\\\/schema.org\",\"@graph\":[{\"@type\":\"Article\",\"@id\":\"https:\\\/\\\/www.eldiario.net\\\/portal\\\/2026\\\/07\\\/26\\\/realmente-importa-el-espacio\\\/#article\",\"isPartOf\":{\"@id\":\"https:\\\/\\\/www.eldiario.net\\\/portal\\\/2026\\\/07\\\/26\\\/realmente-importa-el-espacio\\\/\"},\"author\":{\"name\":\"Jeanette\",\"@id\":\"https:\\\/\\\/www.eldiario.net\\\/portal\\\/#\\\/schema\\\/person\\\/f46445640444750d7d753ccd04ae01b7\"},\"headline\":\"\u00bfREALMENTE IMPORTA EL ESPACIO?\",\"datePublished\":\"2026-07-26T12:26:19+00:00\",\"mainEntityOfPage\":{\"@id\":\"https:\\\/\\\/www.eldiario.net\\\/portal\\\/2026\\\/07\\\/26\\\/realmente-importa-el-espacio\\\/\"},\"wordCount\":457,\"publisher\":{\"@id\":\"https:\\\/\\\/www.eldiario.net\\\/portal\\\/#organization\"},\"image\":{\"@id\":\"https:\\\/\\\/www.eldiario.net\\\/portal\\\/2026\\\/07\\\/26\\\/realmente-importa-el-espacio\\\/#primaryimage\"},\"thumbnailUrl\":\"https:\\\/\\\/www.eldiario.net\\\/portal\\\/wp-content\\\/uploads\\\/2026\\\/07\\\/\u00bfREALMENTE-IMPORTA-EL-ESPACIO-copia.webp\",\"articleSection\":[\"De Salud + vida\"],\"inLanguage\":\"es\"},{\"@type\":\"WebPage\",\"@id\":\"https:\\\/\\\/www.eldiario.net\\\/portal\\\/2026\\\/07\\\/26\\\/realmente-importa-el-espacio\\\/\",\"url\":\"https:\\\/\\\/www.eldiario.net\\\/portal\\\/2026\\\/07\\\/26\\\/realmente-importa-el-espacio\\\/\",\"name\":\"\u00bfREALMENTE IMPORTA EL ESPACIO? - El Diario - Bolivia\",\"isPartOf\":{\"@id\":\"https:\\\/\\\/www.eldiario.net\\\/portal\\\/#website\"},\"primaryImageOfPage\":{\"@id\":\"https:\\\/\\\/www.eldiario.net\\\/portal\\\/2026\\\/07\\\/26\\\/realmente-importa-el-espacio\\\/#primaryimage\"},\"image\":{\"@id\":\"https:\\\/\\\/www.eldiario.net\\\/portal\\\/2026\\\/07\\\/26\\\/realmente-importa-el-espacio\\\/#primaryimage\"},\"thumbnailUrl\":\"https:\\\/\\\/www.eldiario.net\\\/portal\\\/wp-content\\\/uploads\\\/2026\\\/07\\\/\u00bfREALMENTE-IMPORTA-EL-ESPACIO-copia.webp\",\"datePublished\":\"2026-07-26T12:26:19+00:00\",\"breadcrumb\":{\"@id\":\"https:\\\/\\\/www.eldiario.net\\\/portal\\\/2026\\\/07\\\/26\\\/realmente-importa-el-espacio\\\/#breadcrumb\"},\"inLanguage\":\"es\",\"potentialAction\":[{\"@type\":\"ReadAction\",\"target\":[\"https:\\\/\\\/www.eldiario.net\\\/portal\\\/2026\\\/07\\\/26\\\/realmente-importa-el-espacio\\\/\"]}]},{\"@type\":\"ImageObject\",\"inLanguage\":\"es\",\"@id\":\"https:\\\/\\\/www.eldiario.net\\\/portal\\\/2026\\\/07\\\/26\\\/realmente-importa-el-espacio\\\/#primaryimage\",\"url\":\"https:\\\/\\\/www.eldiario.net\\\/portal\\\/wp-content\\\/uploads\\\/2026\\\/07\\\/\u00bfREALMENTE-IMPORTA-EL-ESPACIO-copia.webp\",\"contentUrl\":\"https:\\\/\\\/www.eldiario.net\\\/portal\\\/wp-content\\\/uploads\\\/2026\\\/07\\\/\u00bfREALMENTE-IMPORTA-EL-ESPACIO-copia.webp\",\"width\":1080,\"height\":589},{\"@type\":\"BreadcrumbList\",\"@id\":\"https:\\\/\\\/www.eldiario.net\\\/portal\\\/2026\\\/07\\\/26\\\/realmente-importa-el-espacio\\\/#breadcrumb\",\"itemListElement\":[{\"@type\":\"ListItem\",\"position\":1,\"name\":\"Portada\",\"item\":\"https:\\\/\\\/www.eldiario.net\\\/portal\\\/\"},{\"@type\":\"ListItem\",\"position\":2,\"name\":\"\u00bfREALMENTE IMPORTA EL ESPACIO?\"}]},{\"@type\":\"WebSite\",\"@id\":\"https:\\\/\\\/www.eldiario.net\\\/portal\\\/#website\",\"url\":\"https:\\\/\\\/www.eldiario.net\\\/portal\\\/\",\"name\":\"El Diario - Decano de la prensa nacional\",\"description\":\"El Diario - Decano de la prensa nacional\",\"publisher\":{\"@id\":\"https:\\\/\\\/www.eldiario.net\\\/portal\\\/#organization\"},\"potentialAction\":[{\"@type\":\"SearchAction\",\"target\":{\"@type\":\"EntryPoint\",\"urlTemplate\":\"https:\\\/\\\/www.eldiario.net\\\/portal\\\/?s={search_term_string}\"},\"query-input\":{\"@type\":\"PropertyValueSpecification\",\"valueRequired\":true,\"valueName\":\"search_term_string\"}}],\"inLanguage\":\"es\"},{\"@type\":\"Organization\",\"@id\":\"https:\\\/\\\/www.eldiario.net\\\/portal\\\/#organization\",\"name\":\"El Diario - Decano de la prensa nacional\",\"url\":\"https:\\\/\\\/www.eldiario.net\\\/portal\\\/\",\"logo\":{\"@type\":\"ImageObject\",\"inLanguage\":\"es\",\"@id\":\"https:\\\/\\\/www.eldiario.net\\\/portal\\\/#\\\/schema\\\/logo\\\/image\\\/\",\"url\":\"https:\\\/\\\/www.eldiario.net\\\/portal\\\/wp-content\\\/uploads\\\/2023\\\/07\\\/logo_ED.jpg\",\"contentUrl\":\"https:\\\/\\\/www.eldiario.net\\\/portal\\\/wp-content\\\/uploads\\\/2023\\\/07\\\/logo_ED.jpg\",\"width\":272,\"height\":52,\"caption\":\"El Diario - Decano de la prensa nacional\"},\"image\":{\"@id\":\"https:\\\/\\\/www.eldiario.net\\\/portal\\\/#\\\/schema\\\/logo\\\/image\\\/\"},\"sameAs\":[\"https:\\\/\\\/www.facebook.com\\\/eldiario.bolivia\\\/\",\"https:\\\/\\\/x.com\\\/eldiario_net\"]},{\"@type\":\"Person\",\"@id\":\"https:\\\/\\\/www.eldiario.net\\\/portal\\\/#\\\/schema\\\/person\\\/f46445640444750d7d753ccd04ae01b7\",\"name\":\"Jeanette\",\"image\":{\"@type\":\"ImageObject\",\"inLanguage\":\"es\",\"@id\":\"https:\\\/\\\/secure.gravatar.com\\\/avatar\\\/3ea2118a5f7dad2b7138b1187a6b7ee55f160b9968b66013c3a3ef39dd7e5798?s=96&d=mm&r=g\",\"url\":\"https:\\\/\\\/secure.gravatar.com\\\/avatar\\\/3ea2118a5f7dad2b7138b1187a6b7ee55f160b9968b66013c3a3ef39dd7e5798?s=96&d=mm&r=g\",\"contentUrl\":\"https:\\\/\\\/secure.gravatar.com\\\/avatar\\\/3ea2118a5f7dad2b7138b1187a6b7ee55f160b9968b66013c3a3ef39dd7e5798?s=96&d=mm&r=g\",\"caption\":\"Jeanette\"},\"sameAs\":[\"https:\\\/\\\/www.eldiario.net\\\/portal\"],\"url\":\"https:\\\/\\\/www.eldiario.net\\\/portal\\\/author\\\/jeanette\\\/\"}]}<\/script>\n<!-- \/ Yoast SEO plugin. -->","yoast_head_json":{"title":"\u00bfREALMENTE IMPORTA EL ESPACIO? - El Diario - Bolivia","robots":{"index":"index","follow":"follow","max-snippet":"max-snippet:-1","max-image-preview":"max-image-preview:large","max-video-preview":"max-video-preview:-1"},"canonical":"https:\/\/www.eldiario.net\/portal\/2026\/07\/26\/realmente-importa-el-espacio\/","og_locale":"es_ES","og_type":"article","og_title":"\u00bfREALMENTE IMPORTA EL ESPACIO? - El Diario - Bolivia","og_description":"Por: M.A. Arq. Cecilia Vania Burgoa Diaz ceciliaburgoadiaz@gmail.com &nbsp; Con frecuencia pensamos que el dise\u00f1o de interiores se relaciona \u00fanicamente con la decoraci\u00f3n, los colores, las tendencias o el mobiliario. Sin embargo, los espacios que habitamos influyen en nuestra vida de una forma mucho m\u00e1s profunda. Pueden afectar c\u00f3mo descansamos, trabajamos, estudiamos, comemos, nos concentramos, [&hellip;]","og_url":"https:\/\/www.eldiario.net\/portal\/2026\/07\/26\/realmente-importa-el-espacio\/","og_site_name":"El Diario - Bolivia","article_publisher":"https:\/\/www.facebook.com\/eldiario.bolivia\/","article_published_time":"2026-07-26T12:26:19+00:00","og_image":[{"width":1080,"height":589,"url":"https:\/\/www.eldiario.net\/portal\/wp-content\/uploads\/2026\/07\/\u00bfREALMENTE-IMPORTA-EL-ESPACIO-copia.webp","type":"image\/webp"}],"author":"Jeanette","twitter_card":"summary_large_image","twitter_creator":"@eldiario_net","twitter_site":"@eldiario_net","twitter_misc":{"Escrito por":"Jeanette","Tiempo de lectura":"3 minutos"},"schema":{"@context":"https:\/\/schema.org","@graph":[{"@type":"Article","@id":"https:\/\/www.eldiario.net\/portal\/2026\/07\/26\/realmente-importa-el-espacio\/#article","isPartOf":{"@id":"https:\/\/www.eldiario.net\/portal\/2026\/07\/26\/realmente-importa-el-espacio\/"},"author":{"name":"Jeanette","@id":"https:\/\/www.eldiario.net\/portal\/#\/schema\/person\/f46445640444750d7d753ccd04ae01b7"},"headline":"\u00bfREALMENTE IMPORTA EL ESPACIO?","datePublished":"2026-07-26T12:26:19+00:00","mainEntityOfPage":{"@id":"https:\/\/www.eldiario.net\/portal\/2026\/07\/26\/realmente-importa-el-espacio\/"},"wordCount":457,"publisher":{"@id":"https:\/\/www.eldiario.net\/portal\/#organization"},"image":{"@id":"https:\/\/www.eldiario.net\/portal\/2026\/07\/26\/realmente-importa-el-espacio\/#primaryimage"},"thumbnailUrl":"https:\/\/www.eldiario.net\/portal\/wp-content\/uploads\/2026\/07\/\u00bfREALMENTE-IMPORTA-EL-ESPACIO-copia.webp","articleSection":["De Salud + vida"],"inLanguage":"es"},{"@type":"WebPage","@id":"https:\/\/www.eldiario.net\/portal\/2026\/07\/26\/realmente-importa-el-espacio\/","url":"https:\/\/www.eldiario.net\/portal\/2026\/07\/26\/realmente-importa-el-espacio\/","name":"\u00bfREALMENTE IMPORTA EL ESPACIO? - El Diario - Bolivia","isPartOf":{"@id":"https:\/\/www.eldiario.net\/portal\/#website"},"primaryImageOfPage":{"@id":"https:\/\/www.eldiario.net\/portal\/2026\/07\/26\/realmente-importa-el-espacio\/#primaryimage"},"image":{"@id":"https:\/\/www.eldiario.net\/portal\/2026\/07\/26\/realmente-importa-el-espacio\/#primaryimage"},"thumbnailUrl":"https:\/\/www.eldiario.net\/portal\/wp-content\/uploads\/2026\/07\/\u00bfREALMENTE-IMPORTA-EL-ESPACIO-copia.webp","datePublished":"2026-07-26T12:26:19+00:00","breadcrumb":{"@id":"https:\/\/www.eldiario.net\/portal\/2026\/07\/26\/realmente-importa-el-espacio\/#breadcrumb"},"inLanguage":"es","potentialAction":[{"@type":"ReadAction","target":["https:\/\/www.eldiario.net\/portal\/2026\/07\/26\/realmente-importa-el-espacio\/"]}]},{"@type":"ImageObject","inLanguage":"es","@id":"https:\/\/www.eldiario.net\/portal\/2026\/07\/26\/realmente-importa-el-espacio\/#primaryimage","url":"https:\/\/www.eldiario.net\/portal\/wp-content\/uploads\/2026\/07\/\u00bfREALMENTE-IMPORTA-EL-ESPACIO-copia.webp","contentUrl":"https:\/\/www.eldiario.net\/portal\/wp-content\/uploads\/2026\/07\/\u00bfREALMENTE-IMPORTA-EL-ESPACIO-copia.webp","width":1080,"height":589},{"@type":"BreadcrumbList","@id":"https:\/\/www.eldiario.net\/portal\/2026\/07\/26\/realmente-importa-el-espacio\/#breadcrumb","itemListElement":[{"@type":"ListItem","position":1,"name":"Portada","item":"https:\/\/www.eldiario.net\/portal\/"},{"@type":"ListItem","position":2,"name":"\u00bfREALMENTE IMPORTA EL ESPACIO?"}]},{"@type":"WebSite","@id":"https:\/\/www.eldiario.net\/portal\/#website","url":"https:\/\/www.eldiario.net\/portal\/","name":"El Diario - Decano de la prensa nacional","description":"El Diario - Decano de la prensa nacional","publisher":{"@id":"https:\/\/www.eldiario.net\/portal\/#organization"},"potentialAction":[{"@type":"SearchAction","target":{"@type":"EntryPoint","urlTemplate":"https:\/\/www.eldiario.net\/portal\/?s={search_term_string}"},"query-input":{"@type":"PropertyValueSpecification","valueRequired":true,"valueName":"search_term_string"}}],"inLanguage":"es"},{"@type":"Organization","@id":"https:\/\/www.eldiario.net\/portal\/#organization","name":"El Diario - Decano de la prensa nacional","url":"https:\/\/www.eldiario.net\/portal\/","logo":{"@type":"ImageObject","inLanguage":"es","@id":"https:\/\/www.eldiario.net\/portal\/#\/schema\/logo\/image\/","url":"https:\/\/www.eldiario.net\/portal\/wp-content\/uploads\/2023\/07\/logo_ED.jpg","contentUrl":"https:\/\/www.eldiario.net\/portal\/wp-content\/uploads\/2023\/07\/logo_ED.jpg","width":272,"height":52,"caption":"El Diario - Decano de la prensa nacional"},"image":{"@id":"https:\/\/www.eldiario.net\/portal\/#\/schema\/logo\/image\/"},"sameAs":["https:\/\/www.facebook.com\/eldiario.bolivia\/","https:\/\/x.com\/eldiario_net"]},{"@type":"Person","@id":"https:\/\/www.eldiario.net\/portal\/#\/schema\/person\/f46445640444750d7d753ccd04ae01b7","name":"Jeanette","image":{"@type":"ImageObject","inLanguage":"es","@id":"https:\/\/secure.gravatar.com\/avatar\/3ea2118a5f7dad2b7138b1187a6b7ee55f160b9968b66013c3a3ef39dd7e5798?s=96&d=mm&r=g","url":"https:\/\/secure.gravatar.com\/avatar\/3ea2118a5f7dad2b7138b1187a6b7ee55f160b9968b66013c3a3ef39dd7e5798?s=96&d=mm&r=g","contentUrl":"https:\/\/secure.gravatar.com\/avatar\/3ea2118a5f7dad2b7138b1187a6b7ee55f160b9968b66013c3a3ef39dd7e5798?s=96&d=mm&r=g","caption":"Jeanette"},"sameAs":["https:\/\/www.eldiario.net\/portal"],"url":"https:\/\/www.eldiario.net\/portal\/author\/jeanette\/"}]}},"_links":{"self":[{"href":"https:\/\/www.eldiario.net\/portal\/wp-json\/wp\/v2\/posts\/416037","targetHints":{"allow":["GET"]}}],"collection":[{"href":"https:\/\/www.eldiario.net\/portal\/wp-json\/wp\/v2\/posts"}],"about":[{"href":"https:\/\/www.eldiario.net\/portal\/wp-json\/wp\/v2\/types\/post"}],"author":[{"embeddable":true,"href":"https:\/\/www.eldiario.net\/portal\/wp-json\/wp\/v2\/users\/1"}],"replies":[{"embeddable":true,"href":"https:\/\/www.eldiario.net\/portal\/wp-json\/wp\/v2\/comments?post=416037"}],"version-history":[{"count":1,"href":"https:\/\/www.eldiario.net\/portal\/wp-json\/wp\/v2\/posts\/416037\/revisions"}],"predecessor-version":[{"id":416039,"href":"https:\/\/www.eldiario.net\/portal\/wp-json\/wp\/v2\/posts\/416037\/revisions\/416039"}],"wp:featuredmedia":[{"embeddable":true,"href":"https:\/\/www.eldiario.net\/portal\/wp-json\/wp\/v2\/media\/416038"}],"wp:attachment":[{"href":"https:\/\/www.eldiario.net\/portal\/wp-json\/wp\/v2\/media?parent=416037"}],"wp:term":[{"taxonomy":"category","embeddable":true,"href":"https:\/\/www.eldiario.net\/portal\/wp-json\/wp\/v2\/categories?post=416037"},{"taxonomy":"post_tag","embeddable":true,"href":"https:\/\/www.eldiario.net\/portal\/wp-json\/wp\/v2\/tags?post=416037"}],"curies":[{"name":"wp","href":"https:\/\/api.w.org\/{rel}","templated":true}]}}