{"id":415958,"date":"2026-07-26T07:52:19","date_gmt":"2026-07-26T11:52:19","guid":{"rendered":"https:\/\/www.eldiario.net\/portal\/?p=415958"},"modified":"2026-07-26T07:52:19","modified_gmt":"2026-07-26T11:52:19","slug":"evaluan-produccion-de-cacao-en-palos-blancos","status":"publish","type":"post","link":"https:\/\/www.eldiario.net\/portal\/2026\/07\/26\/evaluan-produccion-de-cacao-en-palos-blancos\/","title":{"rendered":"Eval\u00faan producci\u00f3n de  cacao en Palos Blancos"},"content":{"rendered":"<p>El Instituto Nacional de Innovaci\u00f3n Agropecuaria y Forestal (Iniaf) realiz\u00f3 un seguimiento t\u00e9cnico a parcelas de investigaci\u00f3n en el municipio de Palos Blancos, en el departamento de La Paz, con el objetivo de evaluar el rendimiento de los sistemas de producci\u00f3n de cacao, fortalecer la productividad y sostenibilidad del cultivo.<br \/>\nSeg\u00fan informaci\u00f3n institucional, la actividad se desarroll\u00f3 en el marco del proyecto de cooperaci\u00f3n internacional Kolfaci Cacao, bajo el lema \u201cEnfrentando retos para mejorar la productividad, calidad, gen\u00e9tica y contribuciones ambientales de los sistemas modernos de cacao en Am\u00e9rica Latina\u201d.<br \/>\nEl trabajo cont\u00f3 con la participaci\u00f3n del Centro de Innovaci\u00f3n Tecnol\u00f3gico del Caf\u00e9 (CIT-Cacao) y de estudiantes de la regi\u00f3n para difundir las acciones cient\u00edficas que impulsa el sector.<br \/>\nDurante la jornada, el equipo t\u00e9cnico compar\u00f3 el rendimiento de grano entre una parcela rehabilitada y una tradicional en distintas campa\u00f1as de cosecha y de acuerdo con la fenolog\u00eda del cultivo.<br \/>\nLos especialistas tambi\u00e9n efectuaron el inventario de las especies asociadas dentro de la unidad experimental para evaluar el impacto ambiental de estos sistemas de producci\u00f3n.<br \/>\nEl Iniaf destac\u00f3 que estas acciones fortalecen la transferencia tecnol\u00f3gica y respaldan la sostenibilidad de los productores de cacao de los Yungas.<br \/>\nRecordemos que el norte pace\u00f1o tiene un potencial importante para la producci\u00f3n de alimentos, as\u00ed como de frutas. De Palos Blancos llegan naranjas, mandarinas, que de a poco va reemplazando a Caranavi, debido al incremento de producci\u00f3n de cocales.<br \/>\nLos empresarios e industriales identificaron las potencialidades que hay en la zona, por ello plantean la marcha al norte con la implementaci\u00f3n de caminos, que en esta materia el departamento pace\u00f1o est\u00e1 rezagado.<br \/>\nLa vinculaci\u00f3n caminera entre Beni y La Paz podr\u00eda significar un nuevo polo de desarrollo entre ambos departamentos, y en algunos casos abaratar costos de producci\u00f3n, as\u00ed como bajar el valor de algunos productos.<\/p>\n","protected":false},"excerpt":{"rendered":"<p>El Instituto Nacional de Innovaci\u00f3n Agropecuaria y Forestal (Iniaf) realiz\u00f3 un seguimiento t\u00e9cnico a parcelas de investigaci\u00f3n en el municipio de Palos Blancos, en el departamento de La Paz, con el objetivo de evaluar el rendimiento de los sistemas de producci\u00f3n de cacao, fortalecer la productividad y sostenibilidad del cultivo. Seg\u00fan informaci\u00f3n institucional, la actividad [&hellip;]<\/p>\n","protected":false},"author":1,"featured_media":415959,"comment_status":"closed","ping_status":"open","sticky":false,"template":"","format":"standard","meta":{"_acf_changed":false,"footnotes":""},"categories":[7],"tags":[],"class_list":["post-415958","post","type-post","status-publish","format-standard","has-post-thumbnail","category-economia"],"acf":{"antetitulo":""},"yoast_head":"<!-- This site is optimized with the Yoast SEO plugin v28.3 - https:\/\/yoast.com\/product\/yoast-seo-wordpress\/ -->\n<title>Eval\u00faan producci\u00f3n de cacao en Palos Blancos - El Diario - Bolivia<\/title>\n<meta name=\"robots\" content=\"index, follow, max-snippet:-1, max-image-preview:large, max-video-preview:-1\" \/>\n<link rel=\"canonical\" href=\"https:\/\/www.eldiario.net\/portal\/2026\/07\/26\/evaluan-produccion-de-cacao-en-palos-blancos\/\" \/>\n<meta property=\"og:locale\" content=\"es_ES\" \/>\n<meta property=\"og:type\" content=\"article\" \/>\n<meta property=\"og:title\" content=\"Eval\u00faan producci\u00f3n de cacao en Palos Blancos - El Diario - Bolivia\" \/>\n<meta property=\"og:description\" content=\"El Instituto Nacional de Innovaci\u00f3n Agropecuaria y Forestal (Iniaf) realiz\u00f3 un seguimiento t\u00e9cnico a parcelas de investigaci\u00f3n en el municipio de Palos Blancos, en el departamento de La Paz, con el objetivo de evaluar el rendimiento de los sistemas de producci\u00f3n de cacao, fortalecer la productividad y sostenibilidad del cultivo. Seg\u00fan informaci\u00f3n institucional, la actividad [&hellip;]\" \/>\n<meta property=\"og:url\" content=\"https:\/\/www.eldiario.net\/portal\/2026\/07\/26\/evaluan-produccion-de-cacao-en-palos-blancos\/\" \/>\n<meta property=\"og:site_name\" content=\"El Diario - Bolivia\" \/>\n<meta property=\"article:publisher\" content=\"https:\/\/www.facebook.com\/eldiario.bolivia\/\" \/>\n<meta property=\"article:published_time\" content=\"2026-07-26T11:52:19+00:00\" \/>\n<meta property=\"og:image\" content=\"https:\/\/www.eldiario.net\/portal\/wp-content\/uploads\/2026\/07\/cacao.webp\" \/>\n\t<meta property=\"og:image:width\" content=\"1280\" \/>\n\t<meta property=\"og:image:height\" content=\"720\" \/>\n\t<meta property=\"og:image:type\" content=\"image\/webp\" \/>\n<meta name=\"author\" content=\"Jeanette\" \/>\n<meta name=\"twitter:card\" content=\"summary_large_image\" \/>\n<meta name=\"twitter:creator\" content=\"@eldiario_net\" \/>\n<meta name=\"twitter:site\" content=\"@eldiario_net\" \/>\n<meta name=\"twitter:label1\" content=\"Escrito por\" \/>\n\t<meta name=\"twitter:data1\" content=\"Jeanette\" \/>\n\t<meta name=\"twitter:label2\" content=\"Tiempo de lectura\" \/>\n\t<meta name=\"twitter:data2\" content=\"2 minutos\" \/>\n<script type=\"application\/ld+json\" class=\"yoast-schema-graph\">{\"@context\":\"https:\\\/\\\/schema.org\",\"@graph\":[{\"@type\":\"Article\",\"@id\":\"https:\\\/\\\/www.eldiario.net\\\/portal\\\/2026\\\/07\\\/26\\\/evaluan-produccion-de-cacao-en-palos-blancos\\\/#article\",\"isPartOf\":{\"@id\":\"https:\\\/\\\/www.eldiario.net\\\/portal\\\/2026\\\/07\\\/26\\\/evaluan-produccion-de-cacao-en-palos-blancos\\\/\"},\"author\":{\"name\":\"Jeanette\",\"@id\":\"https:\\\/\\\/www.eldiario.net\\\/portal\\\/#\\\/schema\\\/person\\\/f46445640444750d7d753ccd04ae01b7\"},\"headline\":\"Eval\u00faan producci\u00f3n de cacao en Palos Blancos\",\"datePublished\":\"2026-07-26T11:52:19+00:00\",\"mainEntityOfPage\":{\"@id\":\"https:\\\/\\\/www.eldiario.net\\\/portal\\\/2026\\\/07\\\/26\\\/evaluan-produccion-de-cacao-en-palos-blancos\\\/\"},\"wordCount\":340,\"publisher\":{\"@id\":\"https:\\\/\\\/www.eldiario.net\\\/portal\\\/#organization\"},\"image\":{\"@id\":\"https:\\\/\\\/www.eldiario.net\\\/portal\\\/2026\\\/07\\\/26\\\/evaluan-produccion-de-cacao-en-palos-blancos\\\/#primaryimage\"},\"thumbnailUrl\":\"https:\\\/\\\/www.eldiario.net\\\/portal\\\/wp-content\\\/uploads\\\/2026\\\/07\\\/cacao.webp\",\"articleSection\":[\"Econom\u00eda\"],\"inLanguage\":\"es\"},{\"@type\":\"WebPage\",\"@id\":\"https:\\\/\\\/www.eldiario.net\\\/portal\\\/2026\\\/07\\\/26\\\/evaluan-produccion-de-cacao-en-palos-blancos\\\/\",\"url\":\"https:\\\/\\\/www.eldiario.net\\\/portal\\\/2026\\\/07\\\/26\\\/evaluan-produccion-de-cacao-en-palos-blancos\\\/\",\"name\":\"Eval\u00faan producci\u00f3n de cacao en Palos Blancos - El Diario - Bolivia\",\"isPartOf\":{\"@id\":\"https:\\\/\\\/www.eldiario.net\\\/portal\\\/#website\"},\"primaryImageOfPage\":{\"@id\":\"https:\\\/\\\/www.eldiario.net\\\/portal\\\/2026\\\/07\\\/26\\\/evaluan-produccion-de-cacao-en-palos-blancos\\\/#primaryimage\"},\"image\":{\"@id\":\"https:\\\/\\\/www.eldiario.net\\\/portal\\\/2026\\\/07\\\/26\\\/evaluan-produccion-de-cacao-en-palos-blancos\\\/#primaryimage\"},\"thumbnailUrl\":\"https:\\\/\\\/www.eldiario.net\\\/portal\\\/wp-content\\\/uploads\\\/2026\\\/07\\\/cacao.webp\",\"datePublished\":\"2026-07-26T11:52:19+00:00\",\"breadcrumb\":{\"@id\":\"https:\\\/\\\/www.eldiario.net\\\/portal\\\/2026\\\/07\\\/26\\\/evaluan-produccion-de-cacao-en-palos-blancos\\\/#breadcrumb\"},\"inLanguage\":\"es\",\"potentialAction\":[{\"@type\":\"ReadAction\",\"target\":[\"https:\\\/\\\/www.eldiario.net\\\/portal\\\/2026\\\/07\\\/26\\\/evaluan-produccion-de-cacao-en-palos-blancos\\\/\"]}]},{\"@type\":\"ImageObject\",\"inLanguage\":\"es\",\"@id\":\"https:\\\/\\\/www.eldiario.net\\\/portal\\\/2026\\\/07\\\/26\\\/evaluan-produccion-de-cacao-en-palos-blancos\\\/#primaryimage\",\"url\":\"https:\\\/\\\/www.eldiario.net\\\/portal\\\/wp-content\\\/uploads\\\/2026\\\/07\\\/cacao.webp\",\"contentUrl\":\"https:\\\/\\\/www.eldiario.net\\\/portal\\\/wp-content\\\/uploads\\\/2026\\\/07\\\/cacao.webp\",\"width\":1280,\"height\":720,\"caption\":\"Cosecha de cacao en el departamento de La Paz.\"},{\"@type\":\"BreadcrumbList\",\"@id\":\"https:\\\/\\\/www.eldiario.net\\\/portal\\\/2026\\\/07\\\/26\\\/evaluan-produccion-de-cacao-en-palos-blancos\\\/#breadcrumb\",\"itemListElement\":[{\"@type\":\"ListItem\",\"position\":1,\"name\":\"Portada\",\"item\":\"https:\\\/\\\/www.eldiario.net\\\/portal\\\/\"},{\"@type\":\"ListItem\",\"position\":2,\"name\":\"Eval\u00faan producci\u00f3n de cacao en Palos Blancos\"}]},{\"@type\":\"WebSite\",\"@id\":\"https:\\\/\\\/www.eldiario.net\\\/portal\\\/#website\",\"url\":\"https:\\\/\\\/www.eldiario.net\\\/portal\\\/\",\"name\":\"El Diario - Decano de la prensa nacional\",\"description\":\"El Diario - Decano de la prensa nacional\",\"publisher\":{\"@id\":\"https:\\\/\\\/www.eldiario.net\\\/portal\\\/#organization\"},\"potentialAction\":[{\"@type\":\"SearchAction\",\"target\":{\"@type\":\"EntryPoint\",\"urlTemplate\":\"https:\\\/\\\/www.eldiario.net\\\/portal\\\/?s={search_term_string}\"},\"query-input\":{\"@type\":\"PropertyValueSpecification\",\"valueRequired\":true,\"valueName\":\"search_term_string\"}}],\"inLanguage\":\"es\"},{\"@type\":\"Organization\",\"@id\":\"https:\\\/\\\/www.eldiario.net\\\/portal\\\/#organization\",\"name\":\"El Diario - Decano de la prensa nacional\",\"url\":\"https:\\\/\\\/www.eldiario.net\\\/portal\\\/\",\"logo\":{\"@type\":\"ImageObject\",\"inLanguage\":\"es\",\"@id\":\"https:\\\/\\\/www.eldiario.net\\\/portal\\\/#\\\/schema\\\/logo\\\/image\\\/\",\"url\":\"https:\\\/\\\/www.eldiario.net\\\/portal\\\/wp-content\\\/uploads\\\/2023\\\/07\\\/logo_ED.jpg\",\"contentUrl\":\"https:\\\/\\\/www.eldiario.net\\\/portal\\\/wp-content\\\/uploads\\\/2023\\\/07\\\/logo_ED.jpg\",\"width\":272,\"height\":52,\"caption\":\"El Diario - Decano de la prensa nacional\"},\"image\":{\"@id\":\"https:\\\/\\\/www.eldiario.net\\\/portal\\\/#\\\/schema\\\/logo\\\/image\\\/\"},\"sameAs\":[\"https:\\\/\\\/www.facebook.com\\\/eldiario.bolivia\\\/\",\"https:\\\/\\\/x.com\\\/eldiario_net\"]},{\"@type\":\"Person\",\"@id\":\"https:\\\/\\\/www.eldiario.net\\\/portal\\\/#\\\/schema\\\/person\\\/f46445640444750d7d753ccd04ae01b7\",\"name\":\"Jeanette\",\"image\":{\"@type\":\"ImageObject\",\"inLanguage\":\"es\",\"@id\":\"https:\\\/\\\/secure.gravatar.com\\\/avatar\\\/3ea2118a5f7dad2b7138b1187a6b7ee55f160b9968b66013c3a3ef39dd7e5798?s=96&d=mm&r=g\",\"url\":\"https:\\\/\\\/secure.gravatar.com\\\/avatar\\\/3ea2118a5f7dad2b7138b1187a6b7ee55f160b9968b66013c3a3ef39dd7e5798?s=96&d=mm&r=g\",\"contentUrl\":\"https:\\\/\\\/secure.gravatar.com\\\/avatar\\\/3ea2118a5f7dad2b7138b1187a6b7ee55f160b9968b66013c3a3ef39dd7e5798?s=96&d=mm&r=g\",\"caption\":\"Jeanette\"},\"sameAs\":[\"https:\\\/\\\/www.eldiario.net\\\/portal\"],\"url\":\"https:\\\/\\\/www.eldiario.net\\\/portal\\\/author\\\/jeanette\\\/\"}]}<\/script>\n<!-- \/ Yoast SEO plugin. -->","yoast_head_json":{"title":"Eval\u00faan producci\u00f3n de cacao en Palos Blancos - El Diario - Bolivia","robots":{"index":"index","follow":"follow","max-snippet":"max-snippet:-1","max-image-preview":"max-image-preview:large","max-video-preview":"max-video-preview:-1"},"canonical":"https:\/\/www.eldiario.net\/portal\/2026\/07\/26\/evaluan-produccion-de-cacao-en-palos-blancos\/","og_locale":"es_ES","og_type":"article","og_title":"Eval\u00faan producci\u00f3n de cacao en Palos Blancos - El Diario - Bolivia","og_description":"El Instituto Nacional de Innovaci\u00f3n Agropecuaria y Forestal (Iniaf) realiz\u00f3 un seguimiento t\u00e9cnico a parcelas de investigaci\u00f3n en el municipio de Palos Blancos, en el departamento de La Paz, con el objetivo de evaluar el rendimiento de los sistemas de producci\u00f3n de cacao, fortalecer la productividad y sostenibilidad del cultivo. Seg\u00fan informaci\u00f3n institucional, la actividad [&hellip;]","og_url":"https:\/\/www.eldiario.net\/portal\/2026\/07\/26\/evaluan-produccion-de-cacao-en-palos-blancos\/","og_site_name":"El Diario - Bolivia","article_publisher":"https:\/\/www.facebook.com\/eldiario.bolivia\/","article_published_time":"2026-07-26T11:52:19+00:00","og_image":[{"width":1280,"height":720,"url":"https:\/\/www.eldiario.net\/portal\/wp-content\/uploads\/2026\/07\/cacao.webp","type":"image\/webp"}],"author":"Jeanette","twitter_card":"summary_large_image","twitter_creator":"@eldiario_net","twitter_site":"@eldiario_net","twitter_misc":{"Escrito por":"Jeanette","Tiempo de lectura":"2 minutos"},"schema":{"@context":"https:\/\/schema.org","@graph":[{"@type":"Article","@id":"https:\/\/www.eldiario.net\/portal\/2026\/07\/26\/evaluan-produccion-de-cacao-en-palos-blancos\/#article","isPartOf":{"@id":"https:\/\/www.eldiario.net\/portal\/2026\/07\/26\/evaluan-produccion-de-cacao-en-palos-blancos\/"},"author":{"name":"Jeanette","@id":"https:\/\/www.eldiario.net\/portal\/#\/schema\/person\/f46445640444750d7d753ccd04ae01b7"},"headline":"Eval\u00faan producci\u00f3n de cacao en Palos Blancos","datePublished":"2026-07-26T11:52:19+00:00","mainEntityOfPage":{"@id":"https:\/\/www.eldiario.net\/portal\/2026\/07\/26\/evaluan-produccion-de-cacao-en-palos-blancos\/"},"wordCount":340,"publisher":{"@id":"https:\/\/www.eldiario.net\/portal\/#organization"},"image":{"@id":"https:\/\/www.eldiario.net\/portal\/2026\/07\/26\/evaluan-produccion-de-cacao-en-palos-blancos\/#primaryimage"},"thumbnailUrl":"https:\/\/www.eldiario.net\/portal\/wp-content\/uploads\/2026\/07\/cacao.webp","articleSection":["Econom\u00eda"],"inLanguage":"es"},{"@type":"WebPage","@id":"https:\/\/www.eldiario.net\/portal\/2026\/07\/26\/evaluan-produccion-de-cacao-en-palos-blancos\/","url":"https:\/\/www.eldiario.net\/portal\/2026\/07\/26\/evaluan-produccion-de-cacao-en-palos-blancos\/","name":"Eval\u00faan producci\u00f3n de cacao en Palos Blancos - El Diario - Bolivia","isPartOf":{"@id":"https:\/\/www.eldiario.net\/portal\/#website"},"primaryImageOfPage":{"@id":"https:\/\/www.eldiario.net\/portal\/2026\/07\/26\/evaluan-produccion-de-cacao-en-palos-blancos\/#primaryimage"},"image":{"@id":"https:\/\/www.eldiario.net\/portal\/2026\/07\/26\/evaluan-produccion-de-cacao-en-palos-blancos\/#primaryimage"},"thumbnailUrl":"https:\/\/www.eldiario.net\/portal\/wp-content\/uploads\/2026\/07\/cacao.webp","datePublished":"2026-07-26T11:52:19+00:00","breadcrumb":{"@id":"https:\/\/www.eldiario.net\/portal\/2026\/07\/26\/evaluan-produccion-de-cacao-en-palos-blancos\/#breadcrumb"},"inLanguage":"es","potentialAction":[{"@type":"ReadAction","target":["https:\/\/www.eldiario.net\/portal\/2026\/07\/26\/evaluan-produccion-de-cacao-en-palos-blancos\/"]}]},{"@type":"ImageObject","inLanguage":"es","@id":"https:\/\/www.eldiario.net\/portal\/2026\/07\/26\/evaluan-produccion-de-cacao-en-palos-blancos\/#primaryimage","url":"https:\/\/www.eldiario.net\/portal\/wp-content\/uploads\/2026\/07\/cacao.webp","contentUrl":"https:\/\/www.eldiario.net\/portal\/wp-content\/uploads\/2026\/07\/cacao.webp","width":1280,"height":720,"caption":"Cosecha de cacao en el departamento de La Paz."},{"@type":"BreadcrumbList","@id":"https:\/\/www.eldiario.net\/portal\/2026\/07\/26\/evaluan-produccion-de-cacao-en-palos-blancos\/#breadcrumb","itemListElement":[{"@type":"ListItem","position":1,"name":"Portada","item":"https:\/\/www.eldiario.net\/portal\/"},{"@type":"ListItem","position":2,"name":"Eval\u00faan producci\u00f3n de cacao en Palos Blancos"}]},{"@type":"WebSite","@id":"https:\/\/www.eldiario.net\/portal\/#website","url":"https:\/\/www.eldiario.net\/portal\/","name":"El Diario - Decano de la prensa nacional","description":"El Diario - Decano de la prensa nacional","publisher":{"@id":"https:\/\/www.eldiario.net\/portal\/#organization"},"potentialAction":[{"@type":"SearchAction","target":{"@type":"EntryPoint","urlTemplate":"https:\/\/www.eldiario.net\/portal\/?s={search_term_string}"},"query-input":{"@type":"PropertyValueSpecification","valueRequired":true,"valueName":"search_term_string"}}],"inLanguage":"es"},{"@type":"Organization","@id":"https:\/\/www.eldiario.net\/portal\/#organization","name":"El Diario - Decano de la prensa nacional","url":"https:\/\/www.eldiario.net\/portal\/","logo":{"@type":"ImageObject","inLanguage":"es","@id":"https:\/\/www.eldiario.net\/portal\/#\/schema\/logo\/image\/","url":"https:\/\/www.eldiario.net\/portal\/wp-content\/uploads\/2023\/07\/logo_ED.jpg","contentUrl":"https:\/\/www.eldiario.net\/portal\/wp-content\/uploads\/2023\/07\/logo_ED.jpg","width":272,"height":52,"caption":"El Diario - Decano de la prensa nacional"},"image":{"@id":"https:\/\/www.eldiario.net\/portal\/#\/schema\/logo\/image\/"},"sameAs":["https:\/\/www.facebook.com\/eldiario.bolivia\/","https:\/\/x.com\/eldiario_net"]},{"@type":"Person","@id":"https:\/\/www.eldiario.net\/portal\/#\/schema\/person\/f46445640444750d7d753ccd04ae01b7","name":"Jeanette","image":{"@type":"ImageObject","inLanguage":"es","@id":"https:\/\/secure.gravatar.com\/avatar\/3ea2118a5f7dad2b7138b1187a6b7ee55f160b9968b66013c3a3ef39dd7e5798?s=96&d=mm&r=g","url":"https:\/\/secure.gravatar.com\/avatar\/3ea2118a5f7dad2b7138b1187a6b7ee55f160b9968b66013c3a3ef39dd7e5798?s=96&d=mm&r=g","contentUrl":"https:\/\/secure.gravatar.com\/avatar\/3ea2118a5f7dad2b7138b1187a6b7ee55f160b9968b66013c3a3ef39dd7e5798?s=96&d=mm&r=g","caption":"Jeanette"},"sameAs":["https:\/\/www.eldiario.net\/portal"],"url":"https:\/\/www.eldiario.net\/portal\/author\/jeanette\/"}]}},"_links":{"self":[{"href":"https:\/\/www.eldiario.net\/portal\/wp-json\/wp\/v2\/posts\/415958","targetHints":{"allow":["GET"]}}],"collection":[{"href":"https:\/\/www.eldiario.net\/portal\/wp-json\/wp\/v2\/posts"}],"about":[{"href":"https:\/\/www.eldiario.net\/portal\/wp-json\/wp\/v2\/types\/post"}],"author":[{"embeddable":true,"href":"https:\/\/www.eldiario.net\/portal\/wp-json\/wp\/v2\/users\/1"}],"replies":[{"embeddable":true,"href":"https:\/\/www.eldiario.net\/portal\/wp-json\/wp\/v2\/comments?post=415958"}],"version-history":[{"count":1,"href":"https:\/\/www.eldiario.net\/portal\/wp-json\/wp\/v2\/posts\/415958\/revisions"}],"predecessor-version":[{"id":415960,"href":"https:\/\/www.eldiario.net\/portal\/wp-json\/wp\/v2\/posts\/415958\/revisions\/415960"}],"wp:featuredmedia":[{"embeddable":true,"href":"https:\/\/www.eldiario.net\/portal\/wp-json\/wp\/v2\/media\/415959"}],"wp:attachment":[{"href":"https:\/\/www.eldiario.net\/portal\/wp-json\/wp\/v2\/media?parent=415958"}],"wp:term":[{"taxonomy":"category","embeddable":true,"href":"https:\/\/www.eldiario.net\/portal\/wp-json\/wp\/v2\/categories?post=415958"},{"taxonomy":"post_tag","embeddable":true,"href":"https:\/\/www.eldiario.net\/portal\/wp-json\/wp\/v2\/tags?post=415958"}],"curies":[{"name":"wp","href":"https:\/\/api.w.org\/{rel}","templated":true}]}}