{"id":415956,"date":"2026-07-26T07:51:32","date_gmt":"2026-07-26T11:51:32","guid":{"rendered":"https:\/\/www.eldiario.net\/portal\/?p=415956"},"modified":"2026-07-26T07:51:32","modified_gmt":"2026-07-26T11:51:32","slug":"que-facil-resulta-decidir-sobre-la-vida-de-otros","status":"publish","type":"post","link":"https:\/\/www.eldiario.net\/portal\/2026\/07\/26\/que-facil-resulta-decidir-sobre-la-vida-de-otros\/","title":{"rendered":"Qu\u00e9 f\u00e1cil resulta decidir sobre la vida de otros"},"content":{"rendered":"<p>El proyecto de ley de atenci\u00f3n integral, que plantea la esterilizaci\u00f3n de mujeres en situaci\u00f3n de calle con drogodependencia, ha suscitado un intenso debate p\u00fablico, particularmente, en redes sociales. Una parte significativa de la opini\u00f3n p\u00fablica ha expresado su respaldo a esta iniciativa apelando a argumentos que van desde la supuesta erradicaci\u00f3n de la pobreza hasta planteamientos cercanos a una forma de ingenier\u00eda gen\u00e9tica, donde la discapacidad y la vulnerabilidad son concebidas como problemas que deben ser evitados antes que comprendidos. Esta postura revela, adem\u00e1s, una sociedad que parece m\u00e1s dispuesta a juzgar la miseria ajena que a confrontar sus propias contradicciones.<br \/>\nResulta imprescindible recordar que las personas en situaci\u00f3n de calle no eligieron voluntariamente esa condici\u00f3n. En la mayor\u00eda de los casos, son el resultado de historias marcadas por el abandono, la violencia intrafamiliar, el abuso y la exclusi\u00f3n social. La calle representa para ellas el \u00faltimo refugio cuando todas las dem\u00e1s estructuras de protecci\u00f3n han fracasado. Reducir esta compleja realidad a una pol\u00edtica de esterilizaci\u00f3n significa ignorar las verdaderas causas del problema y desconocer que, antes que cualquier otra medida, estas personas necesitan aceptaci\u00f3n, acompa\u00f1amiento y oportunidades reales de rehabilitaci\u00f3n.<br \/>\nAunque el proyecto de ley a\u00fan debe ser debatido en la Asamblea Legislativa Plurinacional, el verdadero debate parece haberse instalado en las redes sociales. Para muchos, las personas en situaci\u00f3n de calle \u00fanicamente representan un elemento que \u201cafea\u201d las ciudades y simboliza el fracaso social; desde esa perspectiva, se les considera incapaces de tomar decisiones responsables sobre sus propias vidas, atribuyendo al Estado la obligaci\u00f3n de intervenir, no mediante programas de reinserci\u00f3n o recuperaci\u00f3n integral, sino mediante mecanismos de control reproductivo que impidan el nacimiento de nuevas generaciones en condiciones de pobreza.<br \/>\nDetr\u00e1s de esta l\u00f3gica subyace una visi\u00f3n profundamente determinista del ser humano: se parte de la premisa de que quien nace en la pobreza est\u00e1 condenado a permanecer en ella y que quien crece en la calle inevitablemente morir\u00e1 en la misma condici\u00f3n, sin posibilidad alguna de un cambio de vida. Llevado a su extremo, este razonamiento conduce a una conclusi\u00f3n moralmente inquietante: para acabar con la pobreza bastar\u00eda con impedir que existan los pobres.<br \/>\nLas personas en situaci\u00f3n de calle requieren mucho m\u00e1s que propuestas de esterilizaci\u00f3n masiva. Necesitan pol\u00edticas p\u00fablicas que promuevan su recuperaci\u00f3n integral, acceso a servicios de salud f\u00edsica y mental, programas de rehabilitaci\u00f3n frente a las adicciones, oportunidades laborales y procesos efectivos de reinserci\u00f3n social. Transformar una vida implica mucho m\u00e1s que modificar una circunstancia material; exige reconstruir la esperanza y generar condiciones que permitan romper los ciclos de exclusi\u00f3n.<br \/>\nEn este contexto, resulta pertinente la reflexi\u00f3n del fil\u00f3sofo, Byung-Chul Han, quien sostiene que la sociedad contempor\u00e1nea ha desarrollado una obsesi\u00f3n por la belleza, la positividad y la perfecci\u00f3n superficial. Todo aquello que representa sufrimiento, pobreza o fragilidad se convierte en un elemento inc\u00f3modo que se procura invisibilizar. Seg\u00fan el fil\u00f3sofo, esta est\u00e9tica de lo perfectamente pulido termina siendo casi pornogr\u00e1fica, pues elimina toda huella del dolor humano y rechaza cualquier realidad que altere la imagen idealizada del bienestar permanente.<br \/>\nDesde esta perspectiva, las personas en situaci\u00f3n de calle desaf\u00edan precisamente esa est\u00e9tica de la modernidad, pues su sola presencia recuerda las profundas desigualdades que persisten en nuestras sociedades y obliga a reconocer que la exclusi\u00f3n no es \u00fanicamente responsabilidad individual, sino tambi\u00e9n consecuencia de m\u00faltiples fallas familiares, institucionales y sociales.<br \/>\nLas personas en situaci\u00f3n de calle no son animales ni objetos sobre los cuales otros puedan decidir. Son seres humanos dotados de dignidad intr\u00ednseca, independientemente de su condici\u00f3n econ\u00f3mica o social. Ninguna pol\u00edtica p\u00fablica puede construirse sobre la negaci\u00f3n de esa dignidad. Antes de imponer soluciones homog\u00e9neas que terminen ahondando la miseria humana bajo el disfraz de una supuesta conciencia social, corresponde promover el respeto, la rehabilitaci\u00f3n, la inclusi\u00f3n y la aut\u00e9ntica promoci\u00f3n humana, \u00fanicos caminos compatibles con una sociedad que aspire verdaderamente a la justicia y al reconocimiento del valor de toda vida.<\/p>\n<p>El autor es te\u00f3logo, escritor y educador.<\/p>\n","protected":false},"excerpt":{"rendered":"<p>El proyecto de ley de atenci\u00f3n integral, que plantea la esterilizaci\u00f3n de mujeres en situaci\u00f3n de calle con drogodependencia, ha suscitado un intenso debate p\u00fablico, particularmente, en redes sociales. Una parte significativa de la opini\u00f3n p\u00fablica ha expresado su respaldo a esta iniciativa apelando a argumentos que van desde la supuesta erradicaci\u00f3n de la pobreza [&hellip;]<\/p>\n","protected":false},"author":1,"featured_media":161861,"comment_status":"closed","ping_status":"open","sticky":false,"template":"","format":"standard","meta":{"_acf_changed":false,"footnotes":""},"categories":[9],"tags":[],"class_list":["post-415956","post","type-post","status-publish","format-standard","has-post-thumbnail","category-opinion"],"acf":{"antetitulo":""},"yoast_head":"<!-- This site is optimized with the Yoast SEO plugin v28.3 - https:\/\/yoast.com\/product\/yoast-seo-wordpress\/ -->\n<title>Qu\u00e9 f\u00e1cil resulta decidir sobre la vida de otros - El Diario - Bolivia<\/title>\n<meta name=\"robots\" content=\"index, follow, max-snippet:-1, max-image-preview:large, max-video-preview:-1\" \/>\n<link rel=\"canonical\" href=\"https:\/\/www.eldiario.net\/portal\/2026\/07\/26\/que-facil-resulta-decidir-sobre-la-vida-de-otros\/\" \/>\n<meta property=\"og:locale\" content=\"es_ES\" \/>\n<meta property=\"og:type\" content=\"article\" \/>\n<meta property=\"og:title\" content=\"Qu\u00e9 f\u00e1cil resulta decidir sobre la vida de otros - El Diario - Bolivia\" \/>\n<meta property=\"og:description\" content=\"El proyecto de ley de atenci\u00f3n integral, que plantea la esterilizaci\u00f3n de mujeres en situaci\u00f3n de calle con drogodependencia, ha suscitado un intenso debate p\u00fablico, particularmente, en redes sociales. Una parte significativa de la opini\u00f3n p\u00fablica ha expresado su respaldo a esta iniciativa apelando a argumentos que van desde la supuesta erradicaci\u00f3n de la pobreza [&hellip;]\" \/>\n<meta property=\"og:url\" content=\"https:\/\/www.eldiario.net\/portal\/2026\/07\/26\/que-facil-resulta-decidir-sobre-la-vida-de-otros\/\" \/>\n<meta property=\"og:site_name\" content=\"El Diario - Bolivia\" \/>\n<meta property=\"article:publisher\" content=\"https:\/\/www.facebook.com\/eldiario.bolivia\/\" \/>\n<meta property=\"article:published_time\" content=\"2026-07-26T11:51:32+00:00\" \/>\n<meta property=\"og:image\" content=\"https:\/\/www.eldiario.net\/portal\/wp-content\/uploads\/2023\/06\/Marcelo-Miranda-Loayza.jpg\" \/>\n\t<meta property=\"og:image:width\" content=\"1200\" \/>\n\t<meta property=\"og:image:height\" content=\"628\" \/>\n\t<meta property=\"og:image:type\" content=\"image\/jpeg\" \/>\n<meta name=\"author\" content=\"Jeanette\" \/>\n<meta name=\"twitter:card\" content=\"summary_large_image\" \/>\n<meta name=\"twitter:creator\" content=\"@eldiario_net\" \/>\n<meta name=\"twitter:site\" content=\"@eldiario_net\" \/>\n<meta name=\"twitter:label1\" content=\"Escrito por\" \/>\n\t<meta name=\"twitter:data1\" content=\"Jeanette\" \/>\n\t<meta name=\"twitter:label2\" content=\"Tiempo de lectura\" \/>\n\t<meta name=\"twitter:data2\" content=\"4 minutos\" \/>\n<script type=\"application\/ld+json\" class=\"yoast-schema-graph\">{\"@context\":\"https:\\\/\\\/schema.org\",\"@graph\":[{\"@type\":\"Article\",\"@id\":\"https:\\\/\\\/www.eldiario.net\\\/portal\\\/2026\\\/07\\\/26\\\/que-facil-resulta-decidir-sobre-la-vida-de-otros\\\/#article\",\"isPartOf\":{\"@id\":\"https:\\\/\\\/www.eldiario.net\\\/portal\\\/2026\\\/07\\\/26\\\/que-facil-resulta-decidir-sobre-la-vida-de-otros\\\/\"},\"author\":{\"name\":\"Jeanette\",\"@id\":\"https:\\\/\\\/www.eldiario.net\\\/portal\\\/#\\\/schema\\\/person\\\/f46445640444750d7d753ccd04ae01b7\"},\"headline\":\"Qu\u00e9 f\u00e1cil resulta decidir sobre la vida de otros\",\"datePublished\":\"2026-07-26T11:51:32+00:00\",\"mainEntityOfPage\":{\"@id\":\"https:\\\/\\\/www.eldiario.net\\\/portal\\\/2026\\\/07\\\/26\\\/que-facil-resulta-decidir-sobre-la-vida-de-otros\\\/\"},\"wordCount\":744,\"publisher\":{\"@id\":\"https:\\\/\\\/www.eldiario.net\\\/portal\\\/#organization\"},\"image\":{\"@id\":\"https:\\\/\\\/www.eldiario.net\\\/portal\\\/2026\\\/07\\\/26\\\/que-facil-resulta-decidir-sobre-la-vida-de-otros\\\/#primaryimage\"},\"thumbnailUrl\":\"https:\\\/\\\/www.eldiario.net\\\/portal\\\/wp-content\\\/uploads\\\/2023\\\/06\\\/Marcelo-Miranda-Loayza.jpg\",\"articleSection\":[\"Opini\u00f3n\"],\"inLanguage\":\"es\"},{\"@type\":\"WebPage\",\"@id\":\"https:\\\/\\\/www.eldiario.net\\\/portal\\\/2026\\\/07\\\/26\\\/que-facil-resulta-decidir-sobre-la-vida-de-otros\\\/\",\"url\":\"https:\\\/\\\/www.eldiario.net\\\/portal\\\/2026\\\/07\\\/26\\\/que-facil-resulta-decidir-sobre-la-vida-de-otros\\\/\",\"name\":\"Qu\u00e9 f\u00e1cil resulta decidir sobre la vida de otros - El Diario - Bolivia\",\"isPartOf\":{\"@id\":\"https:\\\/\\\/www.eldiario.net\\\/portal\\\/#website\"},\"primaryImageOfPage\":{\"@id\":\"https:\\\/\\\/www.eldiario.net\\\/portal\\\/2026\\\/07\\\/26\\\/que-facil-resulta-decidir-sobre-la-vida-de-otros\\\/#primaryimage\"},\"image\":{\"@id\":\"https:\\\/\\\/www.eldiario.net\\\/portal\\\/2026\\\/07\\\/26\\\/que-facil-resulta-decidir-sobre-la-vida-de-otros\\\/#primaryimage\"},\"thumbnailUrl\":\"https:\\\/\\\/www.eldiario.net\\\/portal\\\/wp-content\\\/uploads\\\/2023\\\/06\\\/Marcelo-Miranda-Loayza.jpg\",\"datePublished\":\"2026-07-26T11:51:32+00:00\",\"breadcrumb\":{\"@id\":\"https:\\\/\\\/www.eldiario.net\\\/portal\\\/2026\\\/07\\\/26\\\/que-facil-resulta-decidir-sobre-la-vida-de-otros\\\/#breadcrumb\"},\"inLanguage\":\"es\",\"potentialAction\":[{\"@type\":\"ReadAction\",\"target\":[\"https:\\\/\\\/www.eldiario.net\\\/portal\\\/2026\\\/07\\\/26\\\/que-facil-resulta-decidir-sobre-la-vida-de-otros\\\/\"]}]},{\"@type\":\"ImageObject\",\"inLanguage\":\"es\",\"@id\":\"https:\\\/\\\/www.eldiario.net\\\/portal\\\/2026\\\/07\\\/26\\\/que-facil-resulta-decidir-sobre-la-vida-de-otros\\\/#primaryimage\",\"url\":\"https:\\\/\\\/www.eldiario.net\\\/portal\\\/wp-content\\\/uploads\\\/2023\\\/06\\\/Marcelo-Miranda-Loayza.jpg\",\"contentUrl\":\"https:\\\/\\\/www.eldiario.net\\\/portal\\\/wp-content\\\/uploads\\\/2023\\\/06\\\/Marcelo-Miranda-Loayza.jpg\",\"width\":1200,\"height\":628,\"caption\":\"Marcelo Miranda Loayza\"},{\"@type\":\"BreadcrumbList\",\"@id\":\"https:\\\/\\\/www.eldiario.net\\\/portal\\\/2026\\\/07\\\/26\\\/que-facil-resulta-decidir-sobre-la-vida-de-otros\\\/#breadcrumb\",\"itemListElement\":[{\"@type\":\"ListItem\",\"position\":1,\"name\":\"Portada\",\"item\":\"https:\\\/\\\/www.eldiario.net\\\/portal\\\/\"},{\"@type\":\"ListItem\",\"position\":2,\"name\":\"Qu\u00e9 f\u00e1cil resulta decidir sobre la vida de otros\"}]},{\"@type\":\"WebSite\",\"@id\":\"https:\\\/\\\/www.eldiario.net\\\/portal\\\/#website\",\"url\":\"https:\\\/\\\/www.eldiario.net\\\/portal\\\/\",\"name\":\"El Diario - Decano de la prensa nacional\",\"description\":\"El Diario - Decano de la prensa nacional\",\"publisher\":{\"@id\":\"https:\\\/\\\/www.eldiario.net\\\/portal\\\/#organization\"},\"potentialAction\":[{\"@type\":\"SearchAction\",\"target\":{\"@type\":\"EntryPoint\",\"urlTemplate\":\"https:\\\/\\\/www.eldiario.net\\\/portal\\\/?s={search_term_string}\"},\"query-input\":{\"@type\":\"PropertyValueSpecification\",\"valueRequired\":true,\"valueName\":\"search_term_string\"}}],\"inLanguage\":\"es\"},{\"@type\":\"Organization\",\"@id\":\"https:\\\/\\\/www.eldiario.net\\\/portal\\\/#organization\",\"name\":\"El Diario - Decano de la prensa nacional\",\"url\":\"https:\\\/\\\/www.eldiario.net\\\/portal\\\/\",\"logo\":{\"@type\":\"ImageObject\",\"inLanguage\":\"es\",\"@id\":\"https:\\\/\\\/www.eldiario.net\\\/portal\\\/#\\\/schema\\\/logo\\\/image\\\/\",\"url\":\"https:\\\/\\\/www.eldiario.net\\\/portal\\\/wp-content\\\/uploads\\\/2023\\\/07\\\/logo_ED.jpg\",\"contentUrl\":\"https:\\\/\\\/www.eldiario.net\\\/portal\\\/wp-content\\\/uploads\\\/2023\\\/07\\\/logo_ED.jpg\",\"width\":272,\"height\":52,\"caption\":\"El Diario - Decano de la prensa nacional\"},\"image\":{\"@id\":\"https:\\\/\\\/www.eldiario.net\\\/portal\\\/#\\\/schema\\\/logo\\\/image\\\/\"},\"sameAs\":[\"https:\\\/\\\/www.facebook.com\\\/eldiario.bolivia\\\/\",\"https:\\\/\\\/x.com\\\/eldiario_net\"]},{\"@type\":\"Person\",\"@id\":\"https:\\\/\\\/www.eldiario.net\\\/portal\\\/#\\\/schema\\\/person\\\/f46445640444750d7d753ccd04ae01b7\",\"name\":\"Jeanette\",\"image\":{\"@type\":\"ImageObject\",\"inLanguage\":\"es\",\"@id\":\"https:\\\/\\\/secure.gravatar.com\\\/avatar\\\/3ea2118a5f7dad2b7138b1187a6b7ee55f160b9968b66013c3a3ef39dd7e5798?s=96&d=mm&r=g\",\"url\":\"https:\\\/\\\/secure.gravatar.com\\\/avatar\\\/3ea2118a5f7dad2b7138b1187a6b7ee55f160b9968b66013c3a3ef39dd7e5798?s=96&d=mm&r=g\",\"contentUrl\":\"https:\\\/\\\/secure.gravatar.com\\\/avatar\\\/3ea2118a5f7dad2b7138b1187a6b7ee55f160b9968b66013c3a3ef39dd7e5798?s=96&d=mm&r=g\",\"caption\":\"Jeanette\"},\"sameAs\":[\"https:\\\/\\\/www.eldiario.net\\\/portal\"],\"url\":\"https:\\\/\\\/www.eldiario.net\\\/portal\\\/author\\\/jeanette\\\/\"}]}<\/script>\n<!-- \/ Yoast SEO plugin. -->","yoast_head_json":{"title":"Qu\u00e9 f\u00e1cil resulta decidir sobre la vida de otros - El Diario - Bolivia","robots":{"index":"index","follow":"follow","max-snippet":"max-snippet:-1","max-image-preview":"max-image-preview:large","max-video-preview":"max-video-preview:-1"},"canonical":"https:\/\/www.eldiario.net\/portal\/2026\/07\/26\/que-facil-resulta-decidir-sobre-la-vida-de-otros\/","og_locale":"es_ES","og_type":"article","og_title":"Qu\u00e9 f\u00e1cil resulta decidir sobre la vida de otros - El Diario - Bolivia","og_description":"El proyecto de ley de atenci\u00f3n integral, que plantea la esterilizaci\u00f3n de mujeres en situaci\u00f3n de calle con drogodependencia, ha suscitado un intenso debate p\u00fablico, particularmente, en redes sociales. Una parte significativa de la opini\u00f3n p\u00fablica ha expresado su respaldo a esta iniciativa apelando a argumentos que van desde la supuesta erradicaci\u00f3n de la pobreza [&hellip;]","og_url":"https:\/\/www.eldiario.net\/portal\/2026\/07\/26\/que-facil-resulta-decidir-sobre-la-vida-de-otros\/","og_site_name":"El Diario - Bolivia","article_publisher":"https:\/\/www.facebook.com\/eldiario.bolivia\/","article_published_time":"2026-07-26T11:51:32+00:00","og_image":[{"width":1200,"height":628,"url":"https:\/\/www.eldiario.net\/portal\/wp-content\/uploads\/2023\/06\/Marcelo-Miranda-Loayza.jpg","type":"image\/jpeg"}],"author":"Jeanette","twitter_card":"summary_large_image","twitter_creator":"@eldiario_net","twitter_site":"@eldiario_net","twitter_misc":{"Escrito por":"Jeanette","Tiempo de lectura":"4 minutos"},"schema":{"@context":"https:\/\/schema.org","@graph":[{"@type":"Article","@id":"https:\/\/www.eldiario.net\/portal\/2026\/07\/26\/que-facil-resulta-decidir-sobre-la-vida-de-otros\/#article","isPartOf":{"@id":"https:\/\/www.eldiario.net\/portal\/2026\/07\/26\/que-facil-resulta-decidir-sobre-la-vida-de-otros\/"},"author":{"name":"Jeanette","@id":"https:\/\/www.eldiario.net\/portal\/#\/schema\/person\/f46445640444750d7d753ccd04ae01b7"},"headline":"Qu\u00e9 f\u00e1cil resulta decidir sobre la vida de otros","datePublished":"2026-07-26T11:51:32+00:00","mainEntityOfPage":{"@id":"https:\/\/www.eldiario.net\/portal\/2026\/07\/26\/que-facil-resulta-decidir-sobre-la-vida-de-otros\/"},"wordCount":744,"publisher":{"@id":"https:\/\/www.eldiario.net\/portal\/#organization"},"image":{"@id":"https:\/\/www.eldiario.net\/portal\/2026\/07\/26\/que-facil-resulta-decidir-sobre-la-vida-de-otros\/#primaryimage"},"thumbnailUrl":"https:\/\/www.eldiario.net\/portal\/wp-content\/uploads\/2023\/06\/Marcelo-Miranda-Loayza.jpg","articleSection":["Opini\u00f3n"],"inLanguage":"es"},{"@type":"WebPage","@id":"https:\/\/www.eldiario.net\/portal\/2026\/07\/26\/que-facil-resulta-decidir-sobre-la-vida-de-otros\/","url":"https:\/\/www.eldiario.net\/portal\/2026\/07\/26\/que-facil-resulta-decidir-sobre-la-vida-de-otros\/","name":"Qu\u00e9 f\u00e1cil resulta decidir sobre la vida de otros - El Diario - Bolivia","isPartOf":{"@id":"https:\/\/www.eldiario.net\/portal\/#website"},"primaryImageOfPage":{"@id":"https:\/\/www.eldiario.net\/portal\/2026\/07\/26\/que-facil-resulta-decidir-sobre-la-vida-de-otros\/#primaryimage"},"image":{"@id":"https:\/\/www.eldiario.net\/portal\/2026\/07\/26\/que-facil-resulta-decidir-sobre-la-vida-de-otros\/#primaryimage"},"thumbnailUrl":"https:\/\/www.eldiario.net\/portal\/wp-content\/uploads\/2023\/06\/Marcelo-Miranda-Loayza.jpg","datePublished":"2026-07-26T11:51:32+00:00","breadcrumb":{"@id":"https:\/\/www.eldiario.net\/portal\/2026\/07\/26\/que-facil-resulta-decidir-sobre-la-vida-de-otros\/#breadcrumb"},"inLanguage":"es","potentialAction":[{"@type":"ReadAction","target":["https:\/\/www.eldiario.net\/portal\/2026\/07\/26\/que-facil-resulta-decidir-sobre-la-vida-de-otros\/"]}]},{"@type":"ImageObject","inLanguage":"es","@id":"https:\/\/www.eldiario.net\/portal\/2026\/07\/26\/que-facil-resulta-decidir-sobre-la-vida-de-otros\/#primaryimage","url":"https:\/\/www.eldiario.net\/portal\/wp-content\/uploads\/2023\/06\/Marcelo-Miranda-Loayza.jpg","contentUrl":"https:\/\/www.eldiario.net\/portal\/wp-content\/uploads\/2023\/06\/Marcelo-Miranda-Loayza.jpg","width":1200,"height":628,"caption":"Marcelo Miranda Loayza"},{"@type":"BreadcrumbList","@id":"https:\/\/www.eldiario.net\/portal\/2026\/07\/26\/que-facil-resulta-decidir-sobre-la-vida-de-otros\/#breadcrumb","itemListElement":[{"@type":"ListItem","position":1,"name":"Portada","item":"https:\/\/www.eldiario.net\/portal\/"},{"@type":"ListItem","position":2,"name":"Qu\u00e9 f\u00e1cil resulta decidir sobre la vida de otros"}]},{"@type":"WebSite","@id":"https:\/\/www.eldiario.net\/portal\/#website","url":"https:\/\/www.eldiario.net\/portal\/","name":"El Diario - Decano de la prensa nacional","description":"El Diario - Decano de la prensa nacional","publisher":{"@id":"https:\/\/www.eldiario.net\/portal\/#organization"},"potentialAction":[{"@type":"SearchAction","target":{"@type":"EntryPoint","urlTemplate":"https:\/\/www.eldiario.net\/portal\/?s={search_term_string}"},"query-input":{"@type":"PropertyValueSpecification","valueRequired":true,"valueName":"search_term_string"}}],"inLanguage":"es"},{"@type":"Organization","@id":"https:\/\/www.eldiario.net\/portal\/#organization","name":"El Diario - Decano de la prensa nacional","url":"https:\/\/www.eldiario.net\/portal\/","logo":{"@type":"ImageObject","inLanguage":"es","@id":"https:\/\/www.eldiario.net\/portal\/#\/schema\/logo\/image\/","url":"https:\/\/www.eldiario.net\/portal\/wp-content\/uploads\/2023\/07\/logo_ED.jpg","contentUrl":"https:\/\/www.eldiario.net\/portal\/wp-content\/uploads\/2023\/07\/logo_ED.jpg","width":272,"height":52,"caption":"El Diario - Decano de la prensa nacional"},"image":{"@id":"https:\/\/www.eldiario.net\/portal\/#\/schema\/logo\/image\/"},"sameAs":["https:\/\/www.facebook.com\/eldiario.bolivia\/","https:\/\/x.com\/eldiario_net"]},{"@type":"Person","@id":"https:\/\/www.eldiario.net\/portal\/#\/schema\/person\/f46445640444750d7d753ccd04ae01b7","name":"Jeanette","image":{"@type":"ImageObject","inLanguage":"es","@id":"https:\/\/secure.gravatar.com\/avatar\/3ea2118a5f7dad2b7138b1187a6b7ee55f160b9968b66013c3a3ef39dd7e5798?s=96&d=mm&r=g","url":"https:\/\/secure.gravatar.com\/avatar\/3ea2118a5f7dad2b7138b1187a6b7ee55f160b9968b66013c3a3ef39dd7e5798?s=96&d=mm&r=g","contentUrl":"https:\/\/secure.gravatar.com\/avatar\/3ea2118a5f7dad2b7138b1187a6b7ee55f160b9968b66013c3a3ef39dd7e5798?s=96&d=mm&r=g","caption":"Jeanette"},"sameAs":["https:\/\/www.eldiario.net\/portal"],"url":"https:\/\/www.eldiario.net\/portal\/author\/jeanette\/"}]}},"_links":{"self":[{"href":"https:\/\/www.eldiario.net\/portal\/wp-json\/wp\/v2\/posts\/415956","targetHints":{"allow":["GET"]}}],"collection":[{"href":"https:\/\/www.eldiario.net\/portal\/wp-json\/wp\/v2\/posts"}],"about":[{"href":"https:\/\/www.eldiario.net\/portal\/wp-json\/wp\/v2\/types\/post"}],"author":[{"embeddable":true,"href":"https:\/\/www.eldiario.net\/portal\/wp-json\/wp\/v2\/users\/1"}],"replies":[{"embeddable":true,"href":"https:\/\/www.eldiario.net\/portal\/wp-json\/wp\/v2\/comments?post=415956"}],"version-history":[{"count":1,"href":"https:\/\/www.eldiario.net\/portal\/wp-json\/wp\/v2\/posts\/415956\/revisions"}],"predecessor-version":[{"id":415957,"href":"https:\/\/www.eldiario.net\/portal\/wp-json\/wp\/v2\/posts\/415956\/revisions\/415957"}],"wp:featuredmedia":[{"embeddable":true,"href":"https:\/\/www.eldiario.net\/portal\/wp-json\/wp\/v2\/media\/161861"}],"wp:attachment":[{"href":"https:\/\/www.eldiario.net\/portal\/wp-json\/wp\/v2\/media?parent=415956"}],"wp:term":[{"taxonomy":"category","embeddable":true,"href":"https:\/\/www.eldiario.net\/portal\/wp-json\/wp\/v2\/categories?post=415956"},{"taxonomy":"post_tag","embeddable":true,"href":"https:\/\/www.eldiario.net\/portal\/wp-json\/wp\/v2\/tags?post=415956"}],"curies":[{"name":"wp","href":"https:\/\/api.w.org\/{rel}","templated":true}]}}