{"id":415837,"date":"2026-07-26T07:06:09","date_gmt":"2026-07-26T11:06:09","guid":{"rendered":"https:\/\/www.eldiario.net\/portal\/?p=415837"},"modified":"2026-07-26T07:06:09","modified_gmt":"2026-07-26T11:06:09","slug":"mas-de-us-3-700-millones-de-apoyo-para-el-mundial-2026","status":"publish","type":"post","link":"https:\/\/www.eldiario.net\/portal\/2026\/07\/26\/mas-de-us-3-700-millones-de-apoyo-para-el-mundial-2026\/","title":{"rendered":"M\u00e1s de $us 3.700 millones de  apoyo para el Mundial 2026"},"content":{"rendered":"<p>Seg\u00fan los datos oficiales del FIFA Financial Report y los an\u00e1lisis de la firma especializada 2Playbook, el presupuesto total de gastos e inversiones operativas directamente gestionadas por el m\u00e1ximo organismo del f\u00fatbol asciende a la astron\u00f3mica cifra de 3.756 millones de d\u00f3lares, monto destinado para la organizaci\u00f3n del Mundial de F\u00fatbol que concluy\u00f3 este mes, coronando al seleccionado de Espa\u00f1a.<br \/>\nEste fondo se destin\u00f3 estrictamente a la operaci\u00f3n global del torneo, la producci\u00f3n televisiva, la premiaci\u00f3n de las selecciones y la log\u00edstica central. Sin embargo, el verdadero motor econ\u00f3mico del torneo se encuentra en las venas de los tres pa\u00edses coanfitriones (Estados Unidos, M\u00e9xico y Canad\u00e1), cuyas inversiones p\u00fablicas y privadas disparan el costo real de la Copa del Mundo a niveles nunca antes vistos.<br \/>\nEstados Unidos destin\u00f3 aproximadamente 2.000 millones de d\u00f3lares en costos operativos locales, seguridad p\u00fablica de alta complejidad y readecuaci\u00f3n tecnol\u00f3gica de los estadios de la NFL.<br \/>\nM\u00e9xico tuvo una inversi\u00f3n estimada de 3.000 millones de d\u00f3lares, de los cuales alrededor del 10% de este capital (unos 300 millones de d\u00f3lares) se inyect\u00f3 de forma exclusiva en la remodelaci\u00f3n integral y modernizaci\u00f3n del m\u00edtico Estadio Azteca, el 90% restante abarca una profunda transformaci\u00f3n de la infraestructura hotelera, conectividad vial, telecomunicaciones y optimizaci\u00f3n de aeropuertos en las tres ciudades sede.<br \/>\nCanad\u00e1 invirti\u00f3 1.066 millones de d\u00f3lares canadienses (aproximadamente 780 millones de d\u00f3lares estadounidenses) en la ampliaci\u00f3n y remodelaci\u00f3n de los estadios BMO Field en Toronto y el BC Place en Vancouver para cumplir con los aforos internacionales.<br \/>\nLa ausencia de Bolivia en el Mundial 2026 tambi\u00e9n tiene una consecuencia econ\u00f3mica, ya que el pa\u00eds perdi\u00f3 la oportunidad de lograr 20 millones de d\u00f3lares, s\u00f3lo por participar y si hubiera ganado partidos y pasado a fases, ese monto hubiera ido en ascenso, seg\u00fan el analista deportivo Juan Manuel Miranda, quien fue entrevistado por Econom\u00eda y Empresa del canal YouTube EDI TV BOLIVIA.<br \/>\nLos pa\u00edses organizadores del Mundial 2026, m\u00e1s que un gasto, realizaron una inversi\u00f3n que les proporcion\u00f3 un millonario retorno, pues este mundial es considerado como hist\u00f3rico y sin precedentes en el contexto econ\u00f3mico.<\/p>\n<p>&nbsp;<\/p>\n","protected":false},"excerpt":{"rendered":"<p>Seg\u00fan los datos oficiales del FIFA Financial Report y los an\u00e1lisis de la firma especializada 2Playbook, el presupuesto total de gastos e inversiones operativas directamente gestionadas por el m\u00e1ximo organismo del f\u00fatbol asciende a la astron\u00f3mica cifra de 3.756 millones de d\u00f3lares, monto destinado para la organizaci\u00f3n del Mundial de F\u00fatbol que concluy\u00f3 este mes, [&hellip;]<\/p>\n","protected":false},"author":1,"featured_media":415838,"comment_status":"closed","ping_status":"open","sticky":false,"template":"","format":"standard","meta":{"_acf_changed":false,"footnotes":""},"categories":[15],"tags":[],"class_list":["post-415837","post","type-post","status-publish","format-standard","has-post-thumbnail","category-portada"],"acf":{"antetitulo":"Econom\u00eda y Empresa"},"yoast_head":"<!-- This site is optimized with the Yoast SEO plugin v28.4 - https:\/\/yoast.com\/product\/yoast-seo-wordpress\/ -->\n<title>M\u00e1s de $us 3.700 millones de apoyo para el Mundial 2026 - El Diario - Bolivia<\/title>\n<meta name=\"robots\" content=\"index, follow, max-snippet:-1, max-image-preview:large, max-video-preview:-1\" \/>\n<link rel=\"canonical\" href=\"https:\/\/www.eldiario.net\/portal\/2026\/07\/26\/mas-de-us-3-700-millones-de-apoyo-para-el-mundial-2026\/\" \/>\n<meta property=\"og:locale\" content=\"es_ES\" \/>\n<meta property=\"og:type\" content=\"article\" \/>\n<meta property=\"og:title\" content=\"M\u00e1s de $us 3.700 millones de apoyo para el Mundial 2026 - El Diario - Bolivia\" \/>\n<meta property=\"og:description\" content=\"Seg\u00fan los datos oficiales del FIFA Financial Report y los an\u00e1lisis de la firma especializada 2Playbook, el presupuesto total de gastos e inversiones operativas directamente gestionadas por el m\u00e1ximo organismo del f\u00fatbol asciende a la astron\u00f3mica cifra de 3.756 millones de d\u00f3lares, monto destinado para la organizaci\u00f3n del Mundial de F\u00fatbol que concluy\u00f3 este mes, [&hellip;]\" \/>\n<meta property=\"og:url\" content=\"https:\/\/www.eldiario.net\/portal\/2026\/07\/26\/mas-de-us-3-700-millones-de-apoyo-para-el-mundial-2026\/\" \/>\n<meta property=\"og:site_name\" content=\"El Diario - Bolivia\" \/>\n<meta property=\"article:publisher\" content=\"https:\/\/www.facebook.com\/eldiario.bolivia\/\" \/>\n<meta property=\"article:published_time\" content=\"2026-07-26T11:06:09+00:00\" \/>\n<meta property=\"og:image\" content=\"https:\/\/www.eldiario.net\/portal\/wp-content\/uploads\/2026\/07\/Mundial-EyE-10-cm-x-6.webp\" \/>\n\t<meta property=\"og:image:width\" content=\"1280\" \/>\n\t<meta property=\"og:image:height\" content=\"853\" \/>\n\t<meta property=\"og:image:type\" content=\"image\/webp\" \/>\n<meta name=\"author\" content=\"Jeanette\" \/>\n<meta name=\"twitter:card\" content=\"summary_large_image\" \/>\n<meta name=\"twitter:creator\" content=\"@eldiario_net\" \/>\n<meta name=\"twitter:site\" content=\"@eldiario_net\" \/>\n<meta name=\"twitter:label1\" content=\"Escrito por\" \/>\n\t<meta name=\"twitter:data1\" content=\"Jeanette\" \/>\n\t<meta name=\"twitter:label2\" content=\"Tiempo de lectura\" \/>\n\t<meta name=\"twitter:data2\" content=\"2 minutos\" \/>\n<script type=\"application\/ld+json\" class=\"yoast-schema-graph\">{\"@context\":\"https:\\\/\\\/schema.org\",\"@graph\":[{\"@type\":\"Article\",\"@id\":\"https:\\\/\\\/www.eldiario.net\\\/portal\\\/2026\\\/07\\\/26\\\/mas-de-us-3-700-millones-de-apoyo-para-el-mundial-2026\\\/#article\",\"isPartOf\":{\"@id\":\"https:\\\/\\\/www.eldiario.net\\\/portal\\\/2026\\\/07\\\/26\\\/mas-de-us-3-700-millones-de-apoyo-para-el-mundial-2026\\\/\"},\"author\":{\"name\":\"Jeanette\",\"@id\":\"https:\\\/\\\/www.eldiario.net\\\/portal\\\/#\\\/schema\\\/person\\\/f46445640444750d7d753ccd04ae01b7\"},\"headline\":\"M\u00e1s de $us 3.700 millones de apoyo para el Mundial 2026\",\"datePublished\":\"2026-07-26T11:06:09+00:00\",\"mainEntityOfPage\":{\"@id\":\"https:\\\/\\\/www.eldiario.net\\\/portal\\\/2026\\\/07\\\/26\\\/mas-de-us-3-700-millones-de-apoyo-para-el-mundial-2026\\\/\"},\"wordCount\":393,\"publisher\":{\"@id\":\"https:\\\/\\\/www.eldiario.net\\\/portal\\\/#organization\"},\"image\":{\"@id\":\"https:\\\/\\\/www.eldiario.net\\\/portal\\\/2026\\\/07\\\/26\\\/mas-de-us-3-700-millones-de-apoyo-para-el-mundial-2026\\\/#primaryimage\"},\"thumbnailUrl\":\"https:\\\/\\\/www.eldiario.net\\\/portal\\\/wp-content\\\/uploads\\\/2026\\\/07\\\/Mundial-EyE-10-cm-x-6.webp\",\"articleSection\":[\"Portada\"],\"inLanguage\":\"es\"},{\"@type\":\"WebPage\",\"@id\":\"https:\\\/\\\/www.eldiario.net\\\/portal\\\/2026\\\/07\\\/26\\\/mas-de-us-3-700-millones-de-apoyo-para-el-mundial-2026\\\/\",\"url\":\"https:\\\/\\\/www.eldiario.net\\\/portal\\\/2026\\\/07\\\/26\\\/mas-de-us-3-700-millones-de-apoyo-para-el-mundial-2026\\\/\",\"name\":\"M\u00e1s de $us 3.700 millones de apoyo para el Mundial 2026 - El Diario - Bolivia\",\"isPartOf\":{\"@id\":\"https:\\\/\\\/www.eldiario.net\\\/portal\\\/#website\"},\"primaryImageOfPage\":{\"@id\":\"https:\\\/\\\/www.eldiario.net\\\/portal\\\/2026\\\/07\\\/26\\\/mas-de-us-3-700-millones-de-apoyo-para-el-mundial-2026\\\/#primaryimage\"},\"image\":{\"@id\":\"https:\\\/\\\/www.eldiario.net\\\/portal\\\/2026\\\/07\\\/26\\\/mas-de-us-3-700-millones-de-apoyo-para-el-mundial-2026\\\/#primaryimage\"},\"thumbnailUrl\":\"https:\\\/\\\/www.eldiario.net\\\/portal\\\/wp-content\\\/uploads\\\/2026\\\/07\\\/Mundial-EyE-10-cm-x-6.webp\",\"datePublished\":\"2026-07-26T11:06:09+00:00\",\"breadcrumb\":{\"@id\":\"https:\\\/\\\/www.eldiario.net\\\/portal\\\/2026\\\/07\\\/26\\\/mas-de-us-3-700-millones-de-apoyo-para-el-mundial-2026\\\/#breadcrumb\"},\"inLanguage\":\"es\",\"potentialAction\":[{\"@type\":\"ReadAction\",\"target\":[\"https:\\\/\\\/www.eldiario.net\\\/portal\\\/2026\\\/07\\\/26\\\/mas-de-us-3-700-millones-de-apoyo-para-el-mundial-2026\\\/\"]}]},{\"@type\":\"ImageObject\",\"inLanguage\":\"es\",\"@id\":\"https:\\\/\\\/www.eldiario.net\\\/portal\\\/2026\\\/07\\\/26\\\/mas-de-us-3-700-millones-de-apoyo-para-el-mundial-2026\\\/#primaryimage\",\"url\":\"https:\\\/\\\/www.eldiario.net\\\/portal\\\/wp-content\\\/uploads\\\/2026\\\/07\\\/Mundial-EyE-10-cm-x-6.webp\",\"contentUrl\":\"https:\\\/\\\/www.eldiario.net\\\/portal\\\/wp-content\\\/uploads\\\/2026\\\/07\\\/Mundial-EyE-10-cm-x-6.webp\",\"width\":1280,\"height\":853,\"caption\":\"El Mundial de F\u00fatbol FIFA 2026 requiri\u00f3 una elevada inversi\u00f3n econ\u00f3mica para su organizaci\u00f3n.\"},{\"@type\":\"BreadcrumbList\",\"@id\":\"https:\\\/\\\/www.eldiario.net\\\/portal\\\/2026\\\/07\\\/26\\\/mas-de-us-3-700-millones-de-apoyo-para-el-mundial-2026\\\/#breadcrumb\",\"itemListElement\":[{\"@type\":\"ListItem\",\"position\":1,\"name\":\"Portada\",\"item\":\"https:\\\/\\\/www.eldiario.net\\\/portal\\\/\"},{\"@type\":\"ListItem\",\"position\":2,\"name\":\"M\u00e1s de $us 3.700 millones de apoyo para el Mundial 2026\"}]},{\"@type\":\"WebSite\",\"@id\":\"https:\\\/\\\/www.eldiario.net\\\/portal\\\/#website\",\"url\":\"https:\\\/\\\/www.eldiario.net\\\/portal\\\/\",\"name\":\"El Diario - Decano de la prensa nacional\",\"description\":\"El Diario - Decano de la prensa nacional\",\"publisher\":{\"@id\":\"https:\\\/\\\/www.eldiario.net\\\/portal\\\/#organization\"},\"potentialAction\":[{\"@type\":\"SearchAction\",\"target\":{\"@type\":\"EntryPoint\",\"urlTemplate\":\"https:\\\/\\\/www.eldiario.net\\\/portal\\\/?s={search_term_string}\"},\"query-input\":{\"@type\":\"PropertyValueSpecification\",\"valueRequired\":true,\"valueName\":\"search_term_string\"}}],\"inLanguage\":\"es\"},{\"@type\":\"Organization\",\"@id\":\"https:\\\/\\\/www.eldiario.net\\\/portal\\\/#organization\",\"name\":\"El Diario - Decano de la prensa nacional\",\"url\":\"https:\\\/\\\/www.eldiario.net\\\/portal\\\/\",\"logo\":{\"@type\":\"ImageObject\",\"inLanguage\":\"es\",\"@id\":\"https:\\\/\\\/www.eldiario.net\\\/portal\\\/#\\\/schema\\\/logo\\\/image\\\/\",\"url\":\"https:\\\/\\\/www.eldiario.net\\\/portal\\\/wp-content\\\/uploads\\\/2023\\\/07\\\/logo_ED.jpg\",\"contentUrl\":\"https:\\\/\\\/www.eldiario.net\\\/portal\\\/wp-content\\\/uploads\\\/2023\\\/07\\\/logo_ED.jpg\",\"width\":272,\"height\":52,\"caption\":\"El Diario - Decano de la prensa nacional\"},\"image\":{\"@id\":\"https:\\\/\\\/www.eldiario.net\\\/portal\\\/#\\\/schema\\\/logo\\\/image\\\/\"},\"sameAs\":[\"https:\\\/\\\/www.facebook.com\\\/eldiario.bolivia\\\/\",\"https:\\\/\\\/x.com\\\/eldiario_net\"]},{\"@type\":\"Person\",\"@id\":\"https:\\\/\\\/www.eldiario.net\\\/portal\\\/#\\\/schema\\\/person\\\/f46445640444750d7d753ccd04ae01b7\",\"name\":\"Jeanette\",\"image\":{\"@type\":\"ImageObject\",\"inLanguage\":\"es\",\"@id\":\"https:\\\/\\\/secure.gravatar.com\\\/avatar\\\/3ea2118a5f7dad2b7138b1187a6b7ee55f160b9968b66013c3a3ef39dd7e5798?s=96&d=mm&r=g\",\"url\":\"https:\\\/\\\/secure.gravatar.com\\\/avatar\\\/3ea2118a5f7dad2b7138b1187a6b7ee55f160b9968b66013c3a3ef39dd7e5798?s=96&d=mm&r=g\",\"contentUrl\":\"https:\\\/\\\/secure.gravatar.com\\\/avatar\\\/3ea2118a5f7dad2b7138b1187a6b7ee55f160b9968b66013c3a3ef39dd7e5798?s=96&d=mm&r=g\",\"caption\":\"Jeanette\"},\"sameAs\":[\"https:\\\/\\\/www.eldiario.net\\\/portal\"],\"url\":\"https:\\\/\\\/www.eldiario.net\\\/portal\\\/author\\\/jeanette\\\/\"}]}<\/script>\n<!-- \/ Yoast SEO plugin. -->","yoast_head_json":{"title":"M\u00e1s de $us 3.700 millones de apoyo para el Mundial 2026 - El Diario - Bolivia","robots":{"index":"index","follow":"follow","max-snippet":"max-snippet:-1","max-image-preview":"max-image-preview:large","max-video-preview":"max-video-preview:-1"},"canonical":"https:\/\/www.eldiario.net\/portal\/2026\/07\/26\/mas-de-us-3-700-millones-de-apoyo-para-el-mundial-2026\/","og_locale":"es_ES","og_type":"article","og_title":"M\u00e1s de $us 3.700 millones de apoyo para el Mundial 2026 - El Diario - Bolivia","og_description":"Seg\u00fan los datos oficiales del FIFA Financial Report y los an\u00e1lisis de la firma especializada 2Playbook, el presupuesto total de gastos e inversiones operativas directamente gestionadas por el m\u00e1ximo organismo del f\u00fatbol asciende a la astron\u00f3mica cifra de 3.756 millones de d\u00f3lares, monto destinado para la organizaci\u00f3n del Mundial de F\u00fatbol que concluy\u00f3 este mes, [&hellip;]","og_url":"https:\/\/www.eldiario.net\/portal\/2026\/07\/26\/mas-de-us-3-700-millones-de-apoyo-para-el-mundial-2026\/","og_site_name":"El Diario - Bolivia","article_publisher":"https:\/\/www.facebook.com\/eldiario.bolivia\/","article_published_time":"2026-07-26T11:06:09+00:00","og_image":[{"width":1280,"height":853,"url":"https:\/\/www.eldiario.net\/portal\/wp-content\/uploads\/2026\/07\/Mundial-EyE-10-cm-x-6.webp","type":"image\/webp"}],"author":"Jeanette","twitter_card":"summary_large_image","twitter_creator":"@eldiario_net","twitter_site":"@eldiario_net","twitter_misc":{"Escrito por":"Jeanette","Tiempo de lectura":"2 minutos"},"schema":{"@context":"https:\/\/schema.org","@graph":[{"@type":"Article","@id":"https:\/\/www.eldiario.net\/portal\/2026\/07\/26\/mas-de-us-3-700-millones-de-apoyo-para-el-mundial-2026\/#article","isPartOf":{"@id":"https:\/\/www.eldiario.net\/portal\/2026\/07\/26\/mas-de-us-3-700-millones-de-apoyo-para-el-mundial-2026\/"},"author":{"name":"Jeanette","@id":"https:\/\/www.eldiario.net\/portal\/#\/schema\/person\/f46445640444750d7d753ccd04ae01b7"},"headline":"M\u00e1s de $us 3.700 millones de apoyo para el Mundial 2026","datePublished":"2026-07-26T11:06:09+00:00","mainEntityOfPage":{"@id":"https:\/\/www.eldiario.net\/portal\/2026\/07\/26\/mas-de-us-3-700-millones-de-apoyo-para-el-mundial-2026\/"},"wordCount":393,"publisher":{"@id":"https:\/\/www.eldiario.net\/portal\/#organization"},"image":{"@id":"https:\/\/www.eldiario.net\/portal\/2026\/07\/26\/mas-de-us-3-700-millones-de-apoyo-para-el-mundial-2026\/#primaryimage"},"thumbnailUrl":"https:\/\/www.eldiario.net\/portal\/wp-content\/uploads\/2026\/07\/Mundial-EyE-10-cm-x-6.webp","articleSection":["Portada"],"inLanguage":"es"},{"@type":"WebPage","@id":"https:\/\/www.eldiario.net\/portal\/2026\/07\/26\/mas-de-us-3-700-millones-de-apoyo-para-el-mundial-2026\/","url":"https:\/\/www.eldiario.net\/portal\/2026\/07\/26\/mas-de-us-3-700-millones-de-apoyo-para-el-mundial-2026\/","name":"M\u00e1s de $us 3.700 millones de apoyo para el Mundial 2026 - El Diario - Bolivia","isPartOf":{"@id":"https:\/\/www.eldiario.net\/portal\/#website"},"primaryImageOfPage":{"@id":"https:\/\/www.eldiario.net\/portal\/2026\/07\/26\/mas-de-us-3-700-millones-de-apoyo-para-el-mundial-2026\/#primaryimage"},"image":{"@id":"https:\/\/www.eldiario.net\/portal\/2026\/07\/26\/mas-de-us-3-700-millones-de-apoyo-para-el-mundial-2026\/#primaryimage"},"thumbnailUrl":"https:\/\/www.eldiario.net\/portal\/wp-content\/uploads\/2026\/07\/Mundial-EyE-10-cm-x-6.webp","datePublished":"2026-07-26T11:06:09+00:00","breadcrumb":{"@id":"https:\/\/www.eldiario.net\/portal\/2026\/07\/26\/mas-de-us-3-700-millones-de-apoyo-para-el-mundial-2026\/#breadcrumb"},"inLanguage":"es","potentialAction":[{"@type":"ReadAction","target":["https:\/\/www.eldiario.net\/portal\/2026\/07\/26\/mas-de-us-3-700-millones-de-apoyo-para-el-mundial-2026\/"]}]},{"@type":"ImageObject","inLanguage":"es","@id":"https:\/\/www.eldiario.net\/portal\/2026\/07\/26\/mas-de-us-3-700-millones-de-apoyo-para-el-mundial-2026\/#primaryimage","url":"https:\/\/www.eldiario.net\/portal\/wp-content\/uploads\/2026\/07\/Mundial-EyE-10-cm-x-6.webp","contentUrl":"https:\/\/www.eldiario.net\/portal\/wp-content\/uploads\/2026\/07\/Mundial-EyE-10-cm-x-6.webp","width":1280,"height":853,"caption":"El Mundial de F\u00fatbol FIFA 2026 requiri\u00f3 una elevada inversi\u00f3n econ\u00f3mica para su organizaci\u00f3n."},{"@type":"BreadcrumbList","@id":"https:\/\/www.eldiario.net\/portal\/2026\/07\/26\/mas-de-us-3-700-millones-de-apoyo-para-el-mundial-2026\/#breadcrumb","itemListElement":[{"@type":"ListItem","position":1,"name":"Portada","item":"https:\/\/www.eldiario.net\/portal\/"},{"@type":"ListItem","position":2,"name":"M\u00e1s de $us 3.700 millones de apoyo para el Mundial 2026"}]},{"@type":"WebSite","@id":"https:\/\/www.eldiario.net\/portal\/#website","url":"https:\/\/www.eldiario.net\/portal\/","name":"El Diario - Decano de la prensa nacional","description":"El Diario - Decano de la prensa nacional","publisher":{"@id":"https:\/\/www.eldiario.net\/portal\/#organization"},"potentialAction":[{"@type":"SearchAction","target":{"@type":"EntryPoint","urlTemplate":"https:\/\/www.eldiario.net\/portal\/?s={search_term_string}"},"query-input":{"@type":"PropertyValueSpecification","valueRequired":true,"valueName":"search_term_string"}}],"inLanguage":"es"},{"@type":"Organization","@id":"https:\/\/www.eldiario.net\/portal\/#organization","name":"El Diario - Decano de la prensa nacional","url":"https:\/\/www.eldiario.net\/portal\/","logo":{"@type":"ImageObject","inLanguage":"es","@id":"https:\/\/www.eldiario.net\/portal\/#\/schema\/logo\/image\/","url":"https:\/\/www.eldiario.net\/portal\/wp-content\/uploads\/2023\/07\/logo_ED.jpg","contentUrl":"https:\/\/www.eldiario.net\/portal\/wp-content\/uploads\/2023\/07\/logo_ED.jpg","width":272,"height":52,"caption":"El Diario - Decano de la prensa nacional"},"image":{"@id":"https:\/\/www.eldiario.net\/portal\/#\/schema\/logo\/image\/"},"sameAs":["https:\/\/www.facebook.com\/eldiario.bolivia\/","https:\/\/x.com\/eldiario_net"]},{"@type":"Person","@id":"https:\/\/www.eldiario.net\/portal\/#\/schema\/person\/f46445640444750d7d753ccd04ae01b7","name":"Jeanette","image":{"@type":"ImageObject","inLanguage":"es","@id":"https:\/\/secure.gravatar.com\/avatar\/3ea2118a5f7dad2b7138b1187a6b7ee55f160b9968b66013c3a3ef39dd7e5798?s=96&d=mm&r=g","url":"https:\/\/secure.gravatar.com\/avatar\/3ea2118a5f7dad2b7138b1187a6b7ee55f160b9968b66013c3a3ef39dd7e5798?s=96&d=mm&r=g","contentUrl":"https:\/\/secure.gravatar.com\/avatar\/3ea2118a5f7dad2b7138b1187a6b7ee55f160b9968b66013c3a3ef39dd7e5798?s=96&d=mm&r=g","caption":"Jeanette"},"sameAs":["https:\/\/www.eldiario.net\/portal"],"url":"https:\/\/www.eldiario.net\/portal\/author\/jeanette\/"}]}},"_links":{"self":[{"href":"https:\/\/www.eldiario.net\/portal\/wp-json\/wp\/v2\/posts\/415837","targetHints":{"allow":["GET"]}}],"collection":[{"href":"https:\/\/www.eldiario.net\/portal\/wp-json\/wp\/v2\/posts"}],"about":[{"href":"https:\/\/www.eldiario.net\/portal\/wp-json\/wp\/v2\/types\/post"}],"author":[{"embeddable":true,"href":"https:\/\/www.eldiario.net\/portal\/wp-json\/wp\/v2\/users\/1"}],"replies":[{"embeddable":true,"href":"https:\/\/www.eldiario.net\/portal\/wp-json\/wp\/v2\/comments?post=415837"}],"version-history":[{"count":1,"href":"https:\/\/www.eldiario.net\/portal\/wp-json\/wp\/v2\/posts\/415837\/revisions"}],"predecessor-version":[{"id":415839,"href":"https:\/\/www.eldiario.net\/portal\/wp-json\/wp\/v2\/posts\/415837\/revisions\/415839"}],"wp:featuredmedia":[{"embeddable":true,"href":"https:\/\/www.eldiario.net\/portal\/wp-json\/wp\/v2\/media\/415838"}],"wp:attachment":[{"href":"https:\/\/www.eldiario.net\/portal\/wp-json\/wp\/v2\/media?parent=415837"}],"wp:term":[{"taxonomy":"category","embeddable":true,"href":"https:\/\/www.eldiario.net\/portal\/wp-json\/wp\/v2\/categories?post=415837"},{"taxonomy":"post_tag","embeddable":true,"href":"https:\/\/www.eldiario.net\/portal\/wp-json\/wp\/v2\/tags?post=415837"}],"curies":[{"name":"wp","href":"https:\/\/api.w.org\/{rel}","templated":true}]}}