{"id":415627,"date":"2026-07-25T06:53:14","date_gmt":"2026-07-25T10:53:14","guid":{"rendered":"https:\/\/www.eldiario.net\/portal\/?p=415627"},"modified":"2026-07-25T06:53:14","modified_gmt":"2026-07-25T10:53:14","slug":"alerta-por-desbordes-en-rios-de-santa-cruz-y-cochabamba","status":"publish","type":"post","link":"https:\/\/www.eldiario.net\/portal\/2026\/07\/25\/alerta-por-desbordes-en-rios-de-santa-cruz-y-cochabamba\/","title":{"rendered":"Alerta por desbordes en r\u00edos de Santa Cruz y Cochabamba"},"content":{"rendered":"<p>La alerta naranja por el riesgo de desborde de varios r\u00edos en los departamentos de Santa Cruz y Cochabamba, se mantiene vigente debido al incremento de sus caudales por las lluvias, seg\u00fan el Servicio Nacional de Meteorolog\u00eda e Hidrolog\u00eda (Senamhi).<br \/>\nEn Santa Cruz, el aviso incluye la cuenca de los r\u00edos Ichilo, Yapacan\u00ed y Surut\u00fa, donde se prev\u00e9n aumentos repentinos del nivel del agua con posibles desbordes.<br \/>\nEl Senamhi explic\u00f3 que una alerta naranja se emite cuando las lluvias y el aumento del caudal elevan la probabilidad de inundaciones en las pr\u00f3ximas horas, por lo que recomend\u00f3 a la poblaci\u00f3n que vive cerca de estos r\u00edos mantenerse atenta a los reportes oficiales y tomar las precauciones necesaria.<br \/>\nDe acuerdo con el reporte de la instituci\u00f3n, el r\u00edo Ichilo, Ivirgarzama, Magare\u00f1o, Chimor\u00e9 y Mamorecillo y sus afluentes secundarios en Cochabamba pod\u00edan presentar crecidas en su caudal con posibles desbordes y afectar a la poblaci\u00f3n cercana.<br \/>\nEn la cuenca del r\u00edo Ichilo y Yapacan\u00ed en Santa Cruz, en los r\u00edos Ichilo, Yapacan\u00ed y Surut\u00fa son los lugares con \u201cprobables ascensos repentinos de nivel, con posibles desbordes\u201d, seg\u00fan el informe del Senamhi.<br \/>\nSe da un nivel de amenaza naranja cuando existe la tendencia ascendente de los niveles de los r\u00edos y la persistencia e intensidad de las lluvias indican la posibilidad de presentar desbordes en las pr\u00f3ximas horas, indic\u00f3 la instituci\u00f3n dedicada al reporte del clima. (Abi)<\/p>\n","protected":false},"excerpt":{"rendered":"<p>La alerta naranja por el riesgo de desborde de varios r\u00edos en los departamentos de Santa Cruz y Cochabamba, se mantiene vigente debido al incremento de sus caudales por las lluvias, seg\u00fan el Servicio Nacional de Meteorolog\u00eda e Hidrolog\u00eda (Senamhi). En Santa Cruz, el aviso incluye la cuenca de los r\u00edos Ichilo, Yapacan\u00ed y Surut\u00fa, [&hellip;]<\/p>\n","protected":false},"author":1,"featured_media":415628,"comment_status":"closed","ping_status":"open","sticky":false,"template":"","format":"standard","meta":{"_acf_changed":false,"footnotes":""},"categories":[15],"tags":[],"class_list":["post-415627","post","type-post","status-publish","format-standard","has-post-thumbnail","category-portada"],"acf":{"antetitulo":"Informe de Senamhi"},"yoast_head":"<!-- This site is optimized with the Yoast SEO plugin v28.4 - https:\/\/yoast.com\/product\/yoast-seo-wordpress\/ -->\n<title>Alerta por desbordes en r\u00edos de Santa Cruz y Cochabamba - El Diario - Bolivia<\/title>\n<meta name=\"robots\" content=\"index, follow, max-snippet:-1, max-image-preview:large, max-video-preview:-1\" \/>\n<link rel=\"canonical\" href=\"https:\/\/www.eldiario.net\/portal\/2026\/07\/25\/alerta-por-desbordes-en-rios-de-santa-cruz-y-cochabamba\/\" \/>\n<meta property=\"og:locale\" content=\"es_ES\" \/>\n<meta property=\"og:type\" content=\"article\" \/>\n<meta property=\"og:title\" content=\"Alerta por desbordes en r\u00edos de Santa Cruz y Cochabamba - El Diario - Bolivia\" \/>\n<meta property=\"og:description\" content=\"La alerta naranja por el riesgo de desborde de varios r\u00edos en los departamentos de Santa Cruz y Cochabamba, se mantiene vigente debido al incremento de sus caudales por las lluvias, seg\u00fan el Servicio Nacional de Meteorolog\u00eda e Hidrolog\u00eda (Senamhi). En Santa Cruz, el aviso incluye la cuenca de los r\u00edos Ichilo, Yapacan\u00ed y Surut\u00fa, [&hellip;]\" \/>\n<meta property=\"og:url\" content=\"https:\/\/www.eldiario.net\/portal\/2026\/07\/25\/alerta-por-desbordes-en-rios-de-santa-cruz-y-cochabamba\/\" \/>\n<meta property=\"og:site_name\" content=\"El Diario - Bolivia\" \/>\n<meta property=\"article:publisher\" content=\"https:\/\/www.facebook.com\/eldiario.bolivia\/\" \/>\n<meta property=\"article:published_time\" content=\"2026-07-25T10:53:14+00:00\" \/>\n<meta property=\"og:image\" content=\"https:\/\/www.eldiario.net\/portal\/wp-content\/uploads\/2026\/07\/rios-senamhi-10-cm-x-7.webp\" \/>\n\t<meta property=\"og:image:width\" content=\"735\" \/>\n\t<meta property=\"og:image:height\" content=\"400\" \/>\n\t<meta property=\"og:image:type\" content=\"image\/webp\" \/>\n<meta name=\"author\" content=\"Jeanette\" \/>\n<meta name=\"twitter:card\" content=\"summary_large_image\" \/>\n<meta name=\"twitter:creator\" content=\"@eldiario_net\" \/>\n<meta name=\"twitter:site\" content=\"@eldiario_net\" \/>\n<meta name=\"twitter:label1\" content=\"Escrito por\" \/>\n\t<meta name=\"twitter:data1\" content=\"Jeanette\" \/>\n\t<meta name=\"twitter:label2\" content=\"Tiempo de lectura\" \/>\n\t<meta name=\"twitter:data2\" content=\"2 minutos\" \/>\n<script type=\"application\/ld+json\" class=\"yoast-schema-graph\">{\"@context\":\"https:\\\/\\\/schema.org\",\"@graph\":[{\"@type\":\"Article\",\"@id\":\"https:\\\/\\\/www.eldiario.net\\\/portal\\\/2026\\\/07\\\/25\\\/alerta-por-desbordes-en-rios-de-santa-cruz-y-cochabamba\\\/#article\",\"isPartOf\":{\"@id\":\"https:\\\/\\\/www.eldiario.net\\\/portal\\\/2026\\\/07\\\/25\\\/alerta-por-desbordes-en-rios-de-santa-cruz-y-cochabamba\\\/\"},\"author\":{\"name\":\"Jeanette\",\"@id\":\"https:\\\/\\\/www.eldiario.net\\\/portal\\\/#\\\/schema\\\/person\\\/f46445640444750d7d753ccd04ae01b7\"},\"headline\":\"Alerta por desbordes en r\u00edos de Santa Cruz y Cochabamba\",\"datePublished\":\"2026-07-25T10:53:14+00:00\",\"mainEntityOfPage\":{\"@id\":\"https:\\\/\\\/www.eldiario.net\\\/portal\\\/2026\\\/07\\\/25\\\/alerta-por-desbordes-en-rios-de-santa-cruz-y-cochabamba\\\/\"},\"wordCount\":265,\"publisher\":{\"@id\":\"https:\\\/\\\/www.eldiario.net\\\/portal\\\/#organization\"},\"image\":{\"@id\":\"https:\\\/\\\/www.eldiario.net\\\/portal\\\/2026\\\/07\\\/25\\\/alerta-por-desbordes-en-rios-de-santa-cruz-y-cochabamba\\\/#primaryimage\"},\"thumbnailUrl\":\"https:\\\/\\\/www.eldiario.net\\\/portal\\\/wp-content\\\/uploads\\\/2026\\\/07\\\/rios-senamhi-10-cm-x-7.webp\",\"articleSection\":[\"Portada\"],\"inLanguage\":\"es\"},{\"@type\":\"WebPage\",\"@id\":\"https:\\\/\\\/www.eldiario.net\\\/portal\\\/2026\\\/07\\\/25\\\/alerta-por-desbordes-en-rios-de-santa-cruz-y-cochabamba\\\/\",\"url\":\"https:\\\/\\\/www.eldiario.net\\\/portal\\\/2026\\\/07\\\/25\\\/alerta-por-desbordes-en-rios-de-santa-cruz-y-cochabamba\\\/\",\"name\":\"Alerta por desbordes en r\u00edos de Santa Cruz y Cochabamba - El Diario - Bolivia\",\"isPartOf\":{\"@id\":\"https:\\\/\\\/www.eldiario.net\\\/portal\\\/#website\"},\"primaryImageOfPage\":{\"@id\":\"https:\\\/\\\/www.eldiario.net\\\/portal\\\/2026\\\/07\\\/25\\\/alerta-por-desbordes-en-rios-de-santa-cruz-y-cochabamba\\\/#primaryimage\"},\"image\":{\"@id\":\"https:\\\/\\\/www.eldiario.net\\\/portal\\\/2026\\\/07\\\/25\\\/alerta-por-desbordes-en-rios-de-santa-cruz-y-cochabamba\\\/#primaryimage\"},\"thumbnailUrl\":\"https:\\\/\\\/www.eldiario.net\\\/portal\\\/wp-content\\\/uploads\\\/2026\\\/07\\\/rios-senamhi-10-cm-x-7.webp\",\"datePublished\":\"2026-07-25T10:53:14+00:00\",\"breadcrumb\":{\"@id\":\"https:\\\/\\\/www.eldiario.net\\\/portal\\\/2026\\\/07\\\/25\\\/alerta-por-desbordes-en-rios-de-santa-cruz-y-cochabamba\\\/#breadcrumb\"},\"inLanguage\":\"es\",\"potentialAction\":[{\"@type\":\"ReadAction\",\"target\":[\"https:\\\/\\\/www.eldiario.net\\\/portal\\\/2026\\\/07\\\/25\\\/alerta-por-desbordes-en-rios-de-santa-cruz-y-cochabamba\\\/\"]}]},{\"@type\":\"ImageObject\",\"inLanguage\":\"es\",\"@id\":\"https:\\\/\\\/www.eldiario.net\\\/portal\\\/2026\\\/07\\\/25\\\/alerta-por-desbordes-en-rios-de-santa-cruz-y-cochabamba\\\/#primaryimage\",\"url\":\"https:\\\/\\\/www.eldiario.net\\\/portal\\\/wp-content\\\/uploads\\\/2026\\\/07\\\/rios-senamhi-10-cm-x-7.webp\",\"contentUrl\":\"https:\\\/\\\/www.eldiario.net\\\/portal\\\/wp-content\\\/uploads\\\/2026\\\/07\\\/rios-senamhi-10-cm-x-7.webp\",\"width\":735,\"height\":400,\"caption\":\"Senamhi mantiene alerta por posible desborde de r\u00edos en Santa Cruz y Cochabamba.\"},{\"@type\":\"BreadcrumbList\",\"@id\":\"https:\\\/\\\/www.eldiario.net\\\/portal\\\/2026\\\/07\\\/25\\\/alerta-por-desbordes-en-rios-de-santa-cruz-y-cochabamba\\\/#breadcrumb\",\"itemListElement\":[{\"@type\":\"ListItem\",\"position\":1,\"name\":\"Portada\",\"item\":\"https:\\\/\\\/www.eldiario.net\\\/portal\\\/\"},{\"@type\":\"ListItem\",\"position\":2,\"name\":\"Alerta por desbordes en r\u00edos de Santa Cruz y Cochabamba\"}]},{\"@type\":\"WebSite\",\"@id\":\"https:\\\/\\\/www.eldiario.net\\\/portal\\\/#website\",\"url\":\"https:\\\/\\\/www.eldiario.net\\\/portal\\\/\",\"name\":\"El Diario - Decano de la prensa nacional\",\"description\":\"El Diario - Decano de la prensa nacional\",\"publisher\":{\"@id\":\"https:\\\/\\\/www.eldiario.net\\\/portal\\\/#organization\"},\"potentialAction\":[{\"@type\":\"SearchAction\",\"target\":{\"@type\":\"EntryPoint\",\"urlTemplate\":\"https:\\\/\\\/www.eldiario.net\\\/portal\\\/?s={search_term_string}\"},\"query-input\":{\"@type\":\"PropertyValueSpecification\",\"valueRequired\":true,\"valueName\":\"search_term_string\"}}],\"inLanguage\":\"es\"},{\"@type\":\"Organization\",\"@id\":\"https:\\\/\\\/www.eldiario.net\\\/portal\\\/#organization\",\"name\":\"El Diario - Decano de la prensa nacional\",\"url\":\"https:\\\/\\\/www.eldiario.net\\\/portal\\\/\",\"logo\":{\"@type\":\"ImageObject\",\"inLanguage\":\"es\",\"@id\":\"https:\\\/\\\/www.eldiario.net\\\/portal\\\/#\\\/schema\\\/logo\\\/image\\\/\",\"url\":\"https:\\\/\\\/www.eldiario.net\\\/portal\\\/wp-content\\\/uploads\\\/2023\\\/07\\\/logo_ED.jpg\",\"contentUrl\":\"https:\\\/\\\/www.eldiario.net\\\/portal\\\/wp-content\\\/uploads\\\/2023\\\/07\\\/logo_ED.jpg\",\"width\":272,\"height\":52,\"caption\":\"El Diario - Decano de la prensa nacional\"},\"image\":{\"@id\":\"https:\\\/\\\/www.eldiario.net\\\/portal\\\/#\\\/schema\\\/logo\\\/image\\\/\"},\"sameAs\":[\"https:\\\/\\\/www.facebook.com\\\/eldiario.bolivia\\\/\",\"https:\\\/\\\/x.com\\\/eldiario_net\"]},{\"@type\":\"Person\",\"@id\":\"https:\\\/\\\/www.eldiario.net\\\/portal\\\/#\\\/schema\\\/person\\\/f46445640444750d7d753ccd04ae01b7\",\"name\":\"Jeanette\",\"image\":{\"@type\":\"ImageObject\",\"inLanguage\":\"es\",\"@id\":\"https:\\\/\\\/secure.gravatar.com\\\/avatar\\\/3ea2118a5f7dad2b7138b1187a6b7ee55f160b9968b66013c3a3ef39dd7e5798?s=96&d=mm&r=g\",\"url\":\"https:\\\/\\\/secure.gravatar.com\\\/avatar\\\/3ea2118a5f7dad2b7138b1187a6b7ee55f160b9968b66013c3a3ef39dd7e5798?s=96&d=mm&r=g\",\"contentUrl\":\"https:\\\/\\\/secure.gravatar.com\\\/avatar\\\/3ea2118a5f7dad2b7138b1187a6b7ee55f160b9968b66013c3a3ef39dd7e5798?s=96&d=mm&r=g\",\"caption\":\"Jeanette\"},\"sameAs\":[\"https:\\\/\\\/www.eldiario.net\\\/portal\"],\"url\":\"https:\\\/\\\/www.eldiario.net\\\/portal\\\/author\\\/jeanette\\\/\"}]}<\/script>\n<!-- \/ Yoast SEO plugin. -->","yoast_head_json":{"title":"Alerta por desbordes en r\u00edos de Santa Cruz y Cochabamba - El Diario - Bolivia","robots":{"index":"index","follow":"follow","max-snippet":"max-snippet:-1","max-image-preview":"max-image-preview:large","max-video-preview":"max-video-preview:-1"},"canonical":"https:\/\/www.eldiario.net\/portal\/2026\/07\/25\/alerta-por-desbordes-en-rios-de-santa-cruz-y-cochabamba\/","og_locale":"es_ES","og_type":"article","og_title":"Alerta por desbordes en r\u00edos de Santa Cruz y Cochabamba - El Diario - Bolivia","og_description":"La alerta naranja por el riesgo de desborde de varios r\u00edos en los departamentos de Santa Cruz y Cochabamba, se mantiene vigente debido al incremento de sus caudales por las lluvias, seg\u00fan el Servicio Nacional de Meteorolog\u00eda e Hidrolog\u00eda (Senamhi). En Santa Cruz, el aviso incluye la cuenca de los r\u00edos Ichilo, Yapacan\u00ed y Surut\u00fa, [&hellip;]","og_url":"https:\/\/www.eldiario.net\/portal\/2026\/07\/25\/alerta-por-desbordes-en-rios-de-santa-cruz-y-cochabamba\/","og_site_name":"El Diario - Bolivia","article_publisher":"https:\/\/www.facebook.com\/eldiario.bolivia\/","article_published_time":"2026-07-25T10:53:14+00:00","og_image":[{"width":735,"height":400,"url":"https:\/\/www.eldiario.net\/portal\/wp-content\/uploads\/2026\/07\/rios-senamhi-10-cm-x-7.webp","type":"image\/webp"}],"author":"Jeanette","twitter_card":"summary_large_image","twitter_creator":"@eldiario_net","twitter_site":"@eldiario_net","twitter_misc":{"Escrito por":"Jeanette","Tiempo de lectura":"2 minutos"},"schema":{"@context":"https:\/\/schema.org","@graph":[{"@type":"Article","@id":"https:\/\/www.eldiario.net\/portal\/2026\/07\/25\/alerta-por-desbordes-en-rios-de-santa-cruz-y-cochabamba\/#article","isPartOf":{"@id":"https:\/\/www.eldiario.net\/portal\/2026\/07\/25\/alerta-por-desbordes-en-rios-de-santa-cruz-y-cochabamba\/"},"author":{"name":"Jeanette","@id":"https:\/\/www.eldiario.net\/portal\/#\/schema\/person\/f46445640444750d7d753ccd04ae01b7"},"headline":"Alerta por desbordes en r\u00edos de Santa Cruz y Cochabamba","datePublished":"2026-07-25T10:53:14+00:00","mainEntityOfPage":{"@id":"https:\/\/www.eldiario.net\/portal\/2026\/07\/25\/alerta-por-desbordes-en-rios-de-santa-cruz-y-cochabamba\/"},"wordCount":265,"publisher":{"@id":"https:\/\/www.eldiario.net\/portal\/#organization"},"image":{"@id":"https:\/\/www.eldiario.net\/portal\/2026\/07\/25\/alerta-por-desbordes-en-rios-de-santa-cruz-y-cochabamba\/#primaryimage"},"thumbnailUrl":"https:\/\/www.eldiario.net\/portal\/wp-content\/uploads\/2026\/07\/rios-senamhi-10-cm-x-7.webp","articleSection":["Portada"],"inLanguage":"es"},{"@type":"WebPage","@id":"https:\/\/www.eldiario.net\/portal\/2026\/07\/25\/alerta-por-desbordes-en-rios-de-santa-cruz-y-cochabamba\/","url":"https:\/\/www.eldiario.net\/portal\/2026\/07\/25\/alerta-por-desbordes-en-rios-de-santa-cruz-y-cochabamba\/","name":"Alerta por desbordes en r\u00edos de Santa Cruz y Cochabamba - El Diario - Bolivia","isPartOf":{"@id":"https:\/\/www.eldiario.net\/portal\/#website"},"primaryImageOfPage":{"@id":"https:\/\/www.eldiario.net\/portal\/2026\/07\/25\/alerta-por-desbordes-en-rios-de-santa-cruz-y-cochabamba\/#primaryimage"},"image":{"@id":"https:\/\/www.eldiario.net\/portal\/2026\/07\/25\/alerta-por-desbordes-en-rios-de-santa-cruz-y-cochabamba\/#primaryimage"},"thumbnailUrl":"https:\/\/www.eldiario.net\/portal\/wp-content\/uploads\/2026\/07\/rios-senamhi-10-cm-x-7.webp","datePublished":"2026-07-25T10:53:14+00:00","breadcrumb":{"@id":"https:\/\/www.eldiario.net\/portal\/2026\/07\/25\/alerta-por-desbordes-en-rios-de-santa-cruz-y-cochabamba\/#breadcrumb"},"inLanguage":"es","potentialAction":[{"@type":"ReadAction","target":["https:\/\/www.eldiario.net\/portal\/2026\/07\/25\/alerta-por-desbordes-en-rios-de-santa-cruz-y-cochabamba\/"]}]},{"@type":"ImageObject","inLanguage":"es","@id":"https:\/\/www.eldiario.net\/portal\/2026\/07\/25\/alerta-por-desbordes-en-rios-de-santa-cruz-y-cochabamba\/#primaryimage","url":"https:\/\/www.eldiario.net\/portal\/wp-content\/uploads\/2026\/07\/rios-senamhi-10-cm-x-7.webp","contentUrl":"https:\/\/www.eldiario.net\/portal\/wp-content\/uploads\/2026\/07\/rios-senamhi-10-cm-x-7.webp","width":735,"height":400,"caption":"Senamhi mantiene alerta por posible desborde de r\u00edos en Santa Cruz y Cochabamba."},{"@type":"BreadcrumbList","@id":"https:\/\/www.eldiario.net\/portal\/2026\/07\/25\/alerta-por-desbordes-en-rios-de-santa-cruz-y-cochabamba\/#breadcrumb","itemListElement":[{"@type":"ListItem","position":1,"name":"Portada","item":"https:\/\/www.eldiario.net\/portal\/"},{"@type":"ListItem","position":2,"name":"Alerta por desbordes en r\u00edos de Santa Cruz y Cochabamba"}]},{"@type":"WebSite","@id":"https:\/\/www.eldiario.net\/portal\/#website","url":"https:\/\/www.eldiario.net\/portal\/","name":"El Diario - Decano de la prensa nacional","description":"El Diario - Decano de la prensa nacional","publisher":{"@id":"https:\/\/www.eldiario.net\/portal\/#organization"},"potentialAction":[{"@type":"SearchAction","target":{"@type":"EntryPoint","urlTemplate":"https:\/\/www.eldiario.net\/portal\/?s={search_term_string}"},"query-input":{"@type":"PropertyValueSpecification","valueRequired":true,"valueName":"search_term_string"}}],"inLanguage":"es"},{"@type":"Organization","@id":"https:\/\/www.eldiario.net\/portal\/#organization","name":"El Diario - Decano de la prensa nacional","url":"https:\/\/www.eldiario.net\/portal\/","logo":{"@type":"ImageObject","inLanguage":"es","@id":"https:\/\/www.eldiario.net\/portal\/#\/schema\/logo\/image\/","url":"https:\/\/www.eldiario.net\/portal\/wp-content\/uploads\/2023\/07\/logo_ED.jpg","contentUrl":"https:\/\/www.eldiario.net\/portal\/wp-content\/uploads\/2023\/07\/logo_ED.jpg","width":272,"height":52,"caption":"El Diario - Decano de la prensa nacional"},"image":{"@id":"https:\/\/www.eldiario.net\/portal\/#\/schema\/logo\/image\/"},"sameAs":["https:\/\/www.facebook.com\/eldiario.bolivia\/","https:\/\/x.com\/eldiario_net"]},{"@type":"Person","@id":"https:\/\/www.eldiario.net\/portal\/#\/schema\/person\/f46445640444750d7d753ccd04ae01b7","name":"Jeanette","image":{"@type":"ImageObject","inLanguage":"es","@id":"https:\/\/secure.gravatar.com\/avatar\/3ea2118a5f7dad2b7138b1187a6b7ee55f160b9968b66013c3a3ef39dd7e5798?s=96&d=mm&r=g","url":"https:\/\/secure.gravatar.com\/avatar\/3ea2118a5f7dad2b7138b1187a6b7ee55f160b9968b66013c3a3ef39dd7e5798?s=96&d=mm&r=g","contentUrl":"https:\/\/secure.gravatar.com\/avatar\/3ea2118a5f7dad2b7138b1187a6b7ee55f160b9968b66013c3a3ef39dd7e5798?s=96&d=mm&r=g","caption":"Jeanette"},"sameAs":["https:\/\/www.eldiario.net\/portal"],"url":"https:\/\/www.eldiario.net\/portal\/author\/jeanette\/"}]}},"_links":{"self":[{"href":"https:\/\/www.eldiario.net\/portal\/wp-json\/wp\/v2\/posts\/415627","targetHints":{"allow":["GET"]}}],"collection":[{"href":"https:\/\/www.eldiario.net\/portal\/wp-json\/wp\/v2\/posts"}],"about":[{"href":"https:\/\/www.eldiario.net\/portal\/wp-json\/wp\/v2\/types\/post"}],"author":[{"embeddable":true,"href":"https:\/\/www.eldiario.net\/portal\/wp-json\/wp\/v2\/users\/1"}],"replies":[{"embeddable":true,"href":"https:\/\/www.eldiario.net\/portal\/wp-json\/wp\/v2\/comments?post=415627"}],"version-history":[{"count":1,"href":"https:\/\/www.eldiario.net\/portal\/wp-json\/wp\/v2\/posts\/415627\/revisions"}],"predecessor-version":[{"id":415629,"href":"https:\/\/www.eldiario.net\/portal\/wp-json\/wp\/v2\/posts\/415627\/revisions\/415629"}],"wp:featuredmedia":[{"embeddable":true,"href":"https:\/\/www.eldiario.net\/portal\/wp-json\/wp\/v2\/media\/415628"}],"wp:attachment":[{"href":"https:\/\/www.eldiario.net\/portal\/wp-json\/wp\/v2\/media?parent=415627"}],"wp:term":[{"taxonomy":"category","embeddable":true,"href":"https:\/\/www.eldiario.net\/portal\/wp-json\/wp\/v2\/categories?post=415627"},{"taxonomy":"post_tag","embeddable":true,"href":"https:\/\/www.eldiario.net\/portal\/wp-json\/wp\/v2\/tags?post=415627"}],"curies":[{"name":"wp","href":"https:\/\/api.w.org\/{rel}","templated":true}]}}