{"id":415410,"date":"2026-07-24T06:56:06","date_gmt":"2026-07-24T10:56:06","guid":{"rendered":"https:\/\/www.eldiario.net\/portal\/?p=415410"},"modified":"2026-07-24T06:56:06","modified_gmt":"2026-07-24T10:56:06","slug":"preocupan-declaraciones-de-ortega","status":"publish","type":"post","link":"https:\/\/www.eldiario.net\/portal\/2026\/07\/24\/preocupan-declaraciones-de-ortega\/","title":{"rendered":"Preocupan declaraciones  de Ortega"},"content":{"rendered":"<p>El Gobierno, mediante un comunicado de la Canciller\u00eda, expres\u00f3 su preocupaci\u00f3n por las recientes declaraciones del presidente de Nicaragua, Daniel Ortega Saavedra, quien afirm\u00f3 que no habr\u00e1 m\u00e1s elecciones en su pa\u00eds, y le exhort\u00f3 a respetar los principios democr\u00e1ticos y los compromisos internacionales.<br \/>\n\u201cEl Estado Plurinacional de Bolivia expresa su profunda preocupaci\u00f3n por las recientes declaraciones del presidente de la Rep\u00fablica de Nicaragua, Daniel Ortega, relativas a la celebraci\u00f3n de futuros procesos electorales en ese pa\u00eds\u201d, se\u00f1ala un comunicado de la Canciller\u00eda.<br \/>\nDurante un acto por el 47 aniversario de la revoluci\u00f3n sandinista en Managua, Ortega cerr\u00f3 la posibilidad de que se celebren nuevas elecciones y de que exista alternancia democr\u00e1tica.<br \/>\n\u201cAqu\u00ed (en Nicaragua) no volver\u00e1n a haber elecciones para que por all\u00ed intenten ellos (oposici\u00f3n) atrapar el Gobierno, atrapar el poder\u201d, lanz\u00f3 en un discurso el mandatario.<br \/>\nEn el comunicado, la Canciller\u00eda de Bolivia recuerda que la celebraci\u00f3n de elecciones libres, peri\u00f3dicas y transparentes constituye un elemento esencial de la democracia representativa y uno de los pilares de los Estados democr\u00e1ticos.<br \/>\nAdem\u00e1s, exhorta al gobierno de Nicaragua a \u201cactuar en estricto apego a los principios democr\u00e1ticos y a los compromisos internacionales asumidos en el marco del Sistema Interamericano, en resguardo de los derechos pol\u00edticos y de la voluntad soberana del pueblo nicarag\u00fcense\u201d.<br \/>\nAsimismo, las declaraciones de Ortega recibieron cr\u00edticas de diversos pa\u00edses y organismos internacionales.<br \/>\nEl secretario de Estado de Estados Unidos, Marco Rubio, advirti\u00f3 que la administraci\u00f3n de Donald Trump no permanecer\u00e1 pasiva frente al anuncio.<br \/>\n\u201cEl gobierno de Trump y la comunidad internacional no se quedar\u00e1n de brazos cruzados, mientras la dictadura de (Rosario) Murillo (esposa del presidente nicarag\u00fcense) y Ortega intensifica la represi\u00f3n interna y genera una inestabilidad que amenaza la seguridad nacional de Estados Unidos\u201d.<br \/>\nOrtega, de 80 a\u00f1os, gobierna Nicaragua desde 2007 bajo un r\u00e9gimen que ha perseguido y acallado a la oposici\u00f3n. (Br\u00fajula Digital)<\/p>\n","protected":false},"excerpt":{"rendered":"<p>El Gobierno, mediante un comunicado de la Canciller\u00eda, expres\u00f3 su preocupaci\u00f3n por las recientes declaraciones del presidente de Nicaragua, Daniel Ortega Saavedra, quien afirm\u00f3 que no habr\u00e1 m\u00e1s elecciones en su pa\u00eds, y le exhort\u00f3 a respetar los principios democr\u00e1ticos y los compromisos internacionales. \u201cEl Estado Plurinacional de Bolivia expresa su profunda preocupaci\u00f3n por las [&hellip;]<\/p>\n","protected":false},"author":1,"featured_media":194754,"comment_status":"closed","ping_status":"open","sticky":false,"template":"","format":"standard","meta":{"_acf_changed":false,"footnotes":""},"categories":[14],"tags":[],"class_list":["post-415410","post","type-post","status-publish","format-standard","has-post-thumbnail","category-politica"],"acf":{"antetitulo":""},"yoast_head":"<!-- This site is optimized with the Yoast SEO plugin v28.3 - https:\/\/yoast.com\/product\/yoast-seo-wordpress\/ -->\n<title>Preocupan declaraciones de Ortega - El Diario - Bolivia<\/title>\n<meta name=\"robots\" content=\"index, follow, max-snippet:-1, max-image-preview:large, max-video-preview:-1\" \/>\n<link rel=\"canonical\" href=\"https:\/\/www.eldiario.net\/portal\/2026\/07\/24\/preocupan-declaraciones-de-ortega\/\" \/>\n<meta property=\"og:locale\" content=\"es_ES\" \/>\n<meta property=\"og:type\" content=\"article\" \/>\n<meta property=\"og:title\" content=\"Preocupan declaraciones de Ortega - El Diario - Bolivia\" \/>\n<meta property=\"og:description\" content=\"El Gobierno, mediante un comunicado de la Canciller\u00eda, expres\u00f3 su preocupaci\u00f3n por las recientes declaraciones del presidente de Nicaragua, Daniel Ortega Saavedra, quien afirm\u00f3 que no habr\u00e1 m\u00e1s elecciones en su pa\u00eds, y le exhort\u00f3 a respetar los principios democr\u00e1ticos y los compromisos internacionales. \u201cEl Estado Plurinacional de Bolivia expresa su profunda preocupaci\u00f3n por las [&hellip;]\" \/>\n<meta property=\"og:url\" content=\"https:\/\/www.eldiario.net\/portal\/2026\/07\/24\/preocupan-declaraciones-de-ortega\/\" \/>\n<meta property=\"og:site_name\" content=\"El Diario - Bolivia\" \/>\n<meta property=\"article:publisher\" content=\"https:\/\/www.facebook.com\/eldiario.bolivia\/\" \/>\n<meta property=\"article:published_time\" content=\"2026-07-24T10:56:06+00:00\" \/>\n<meta property=\"og:image\" content=\"https:\/\/www.eldiario.net\/portal\/wp-content\/uploads\/2023\/12\/Politica.jpg\" \/>\n\t<meta property=\"og:image:width\" content=\"800\" \/>\n\t<meta property=\"og:image:height\" content=\"500\" \/>\n\t<meta property=\"og:image:type\" content=\"image\/jpeg\" \/>\n<meta name=\"author\" content=\"Jeanette\" \/>\n<meta name=\"twitter:card\" content=\"summary_large_image\" \/>\n<meta name=\"twitter:creator\" content=\"@eldiario_net\" \/>\n<meta name=\"twitter:site\" content=\"@eldiario_net\" \/>\n<meta name=\"twitter:label1\" content=\"Escrito por\" \/>\n\t<meta name=\"twitter:data1\" content=\"Jeanette\" \/>\n\t<meta name=\"twitter:label2\" content=\"Tiempo de lectura\" \/>\n\t<meta name=\"twitter:data2\" content=\"2 minutos\" \/>\n<script type=\"application\/ld+json\" class=\"yoast-schema-graph\">{\"@context\":\"https:\\\/\\\/schema.org\",\"@graph\":[{\"@type\":\"Article\",\"@id\":\"https:\\\/\\\/www.eldiario.net\\\/portal\\\/2026\\\/07\\\/24\\\/preocupan-declaraciones-de-ortega\\\/#article\",\"isPartOf\":{\"@id\":\"https:\\\/\\\/www.eldiario.net\\\/portal\\\/2026\\\/07\\\/24\\\/preocupan-declaraciones-de-ortega\\\/\"},\"author\":{\"name\":\"Jeanette\",\"@id\":\"https:\\\/\\\/www.eldiario.net\\\/portal\\\/#\\\/schema\\\/person\\\/f46445640444750d7d753ccd04ae01b7\"},\"headline\":\"Preocupan declaraciones de Ortega\",\"datePublished\":\"2026-07-24T10:56:06+00:00\",\"mainEntityOfPage\":{\"@id\":\"https:\\\/\\\/www.eldiario.net\\\/portal\\\/2026\\\/07\\\/24\\\/preocupan-declaraciones-de-ortega\\\/\"},\"wordCount\":346,\"publisher\":{\"@id\":\"https:\\\/\\\/www.eldiario.net\\\/portal\\\/#organization\"},\"image\":{\"@id\":\"https:\\\/\\\/www.eldiario.net\\\/portal\\\/2026\\\/07\\\/24\\\/preocupan-declaraciones-de-ortega\\\/#primaryimage\"},\"thumbnailUrl\":\"https:\\\/\\\/www.eldiario.net\\\/portal\\\/wp-content\\\/uploads\\\/2023\\\/12\\\/Politica.jpg\",\"articleSection\":[\"Pol\u00edtica\"],\"inLanguage\":\"es\"},{\"@type\":\"WebPage\",\"@id\":\"https:\\\/\\\/www.eldiario.net\\\/portal\\\/2026\\\/07\\\/24\\\/preocupan-declaraciones-de-ortega\\\/\",\"url\":\"https:\\\/\\\/www.eldiario.net\\\/portal\\\/2026\\\/07\\\/24\\\/preocupan-declaraciones-de-ortega\\\/\",\"name\":\"Preocupan declaraciones de Ortega - El Diario - Bolivia\",\"isPartOf\":{\"@id\":\"https:\\\/\\\/www.eldiario.net\\\/portal\\\/#website\"},\"primaryImageOfPage\":{\"@id\":\"https:\\\/\\\/www.eldiario.net\\\/portal\\\/2026\\\/07\\\/24\\\/preocupan-declaraciones-de-ortega\\\/#primaryimage\"},\"image\":{\"@id\":\"https:\\\/\\\/www.eldiario.net\\\/portal\\\/2026\\\/07\\\/24\\\/preocupan-declaraciones-de-ortega\\\/#primaryimage\"},\"thumbnailUrl\":\"https:\\\/\\\/www.eldiario.net\\\/portal\\\/wp-content\\\/uploads\\\/2023\\\/12\\\/Politica.jpg\",\"datePublished\":\"2026-07-24T10:56:06+00:00\",\"breadcrumb\":{\"@id\":\"https:\\\/\\\/www.eldiario.net\\\/portal\\\/2026\\\/07\\\/24\\\/preocupan-declaraciones-de-ortega\\\/#breadcrumb\"},\"inLanguage\":\"es\",\"potentialAction\":[{\"@type\":\"ReadAction\",\"target\":[\"https:\\\/\\\/www.eldiario.net\\\/portal\\\/2026\\\/07\\\/24\\\/preocupan-declaraciones-de-ortega\\\/\"]}]},{\"@type\":\"ImageObject\",\"inLanguage\":\"es\",\"@id\":\"https:\\\/\\\/www.eldiario.net\\\/portal\\\/2026\\\/07\\\/24\\\/preocupan-declaraciones-de-ortega\\\/#primaryimage\",\"url\":\"https:\\\/\\\/www.eldiario.net\\\/portal\\\/wp-content\\\/uploads\\\/2023\\\/12\\\/Politica.jpg\",\"contentUrl\":\"https:\\\/\\\/www.eldiario.net\\\/portal\\\/wp-content\\\/uploads\\\/2023\\\/12\\\/Politica.jpg\",\"width\":800,\"height\":500},{\"@type\":\"BreadcrumbList\",\"@id\":\"https:\\\/\\\/www.eldiario.net\\\/portal\\\/2026\\\/07\\\/24\\\/preocupan-declaraciones-de-ortega\\\/#breadcrumb\",\"itemListElement\":[{\"@type\":\"ListItem\",\"position\":1,\"name\":\"Portada\",\"item\":\"https:\\\/\\\/www.eldiario.net\\\/portal\\\/\"},{\"@type\":\"ListItem\",\"position\":2,\"name\":\"Preocupan declaraciones de Ortega\"}]},{\"@type\":\"WebSite\",\"@id\":\"https:\\\/\\\/www.eldiario.net\\\/portal\\\/#website\",\"url\":\"https:\\\/\\\/www.eldiario.net\\\/portal\\\/\",\"name\":\"El Diario - Decano de la prensa nacional\",\"description\":\"El Diario - Decano de la prensa nacional\",\"publisher\":{\"@id\":\"https:\\\/\\\/www.eldiario.net\\\/portal\\\/#organization\"},\"potentialAction\":[{\"@type\":\"SearchAction\",\"target\":{\"@type\":\"EntryPoint\",\"urlTemplate\":\"https:\\\/\\\/www.eldiario.net\\\/portal\\\/?s={search_term_string}\"},\"query-input\":{\"@type\":\"PropertyValueSpecification\",\"valueRequired\":true,\"valueName\":\"search_term_string\"}}],\"inLanguage\":\"es\"},{\"@type\":\"Organization\",\"@id\":\"https:\\\/\\\/www.eldiario.net\\\/portal\\\/#organization\",\"name\":\"El Diario - Decano de la prensa nacional\",\"url\":\"https:\\\/\\\/www.eldiario.net\\\/portal\\\/\",\"logo\":{\"@type\":\"ImageObject\",\"inLanguage\":\"es\",\"@id\":\"https:\\\/\\\/www.eldiario.net\\\/portal\\\/#\\\/schema\\\/logo\\\/image\\\/\",\"url\":\"https:\\\/\\\/www.eldiario.net\\\/portal\\\/wp-content\\\/uploads\\\/2023\\\/07\\\/logo_ED.jpg\",\"contentUrl\":\"https:\\\/\\\/www.eldiario.net\\\/portal\\\/wp-content\\\/uploads\\\/2023\\\/07\\\/logo_ED.jpg\",\"width\":272,\"height\":52,\"caption\":\"El Diario - Decano de la prensa nacional\"},\"image\":{\"@id\":\"https:\\\/\\\/www.eldiario.net\\\/portal\\\/#\\\/schema\\\/logo\\\/image\\\/\"},\"sameAs\":[\"https:\\\/\\\/www.facebook.com\\\/eldiario.bolivia\\\/\",\"https:\\\/\\\/x.com\\\/eldiario_net\"]},{\"@type\":\"Person\",\"@id\":\"https:\\\/\\\/www.eldiario.net\\\/portal\\\/#\\\/schema\\\/person\\\/f46445640444750d7d753ccd04ae01b7\",\"name\":\"Jeanette\",\"image\":{\"@type\":\"ImageObject\",\"inLanguage\":\"es\",\"@id\":\"https:\\\/\\\/secure.gravatar.com\\\/avatar\\\/3ea2118a5f7dad2b7138b1187a6b7ee55f160b9968b66013c3a3ef39dd7e5798?s=96&d=mm&r=g\",\"url\":\"https:\\\/\\\/secure.gravatar.com\\\/avatar\\\/3ea2118a5f7dad2b7138b1187a6b7ee55f160b9968b66013c3a3ef39dd7e5798?s=96&d=mm&r=g\",\"contentUrl\":\"https:\\\/\\\/secure.gravatar.com\\\/avatar\\\/3ea2118a5f7dad2b7138b1187a6b7ee55f160b9968b66013c3a3ef39dd7e5798?s=96&d=mm&r=g\",\"caption\":\"Jeanette\"},\"sameAs\":[\"https:\\\/\\\/www.eldiario.net\\\/portal\"],\"url\":\"https:\\\/\\\/www.eldiario.net\\\/portal\\\/author\\\/jeanette\\\/\"}]}<\/script>\n<!-- \/ Yoast SEO plugin. -->","yoast_head_json":{"title":"Preocupan declaraciones de Ortega - El Diario - Bolivia","robots":{"index":"index","follow":"follow","max-snippet":"max-snippet:-1","max-image-preview":"max-image-preview:large","max-video-preview":"max-video-preview:-1"},"canonical":"https:\/\/www.eldiario.net\/portal\/2026\/07\/24\/preocupan-declaraciones-de-ortega\/","og_locale":"es_ES","og_type":"article","og_title":"Preocupan declaraciones de Ortega - El Diario - Bolivia","og_description":"El Gobierno, mediante un comunicado de la Canciller\u00eda, expres\u00f3 su preocupaci\u00f3n por las recientes declaraciones del presidente de Nicaragua, Daniel Ortega Saavedra, quien afirm\u00f3 que no habr\u00e1 m\u00e1s elecciones en su pa\u00eds, y le exhort\u00f3 a respetar los principios democr\u00e1ticos y los compromisos internacionales. \u201cEl Estado Plurinacional de Bolivia expresa su profunda preocupaci\u00f3n por las [&hellip;]","og_url":"https:\/\/www.eldiario.net\/portal\/2026\/07\/24\/preocupan-declaraciones-de-ortega\/","og_site_name":"El Diario - Bolivia","article_publisher":"https:\/\/www.facebook.com\/eldiario.bolivia\/","article_published_time":"2026-07-24T10:56:06+00:00","og_image":[{"width":800,"height":500,"url":"https:\/\/www.eldiario.net\/portal\/wp-content\/uploads\/2023\/12\/Politica.jpg","type":"image\/jpeg"}],"author":"Jeanette","twitter_card":"summary_large_image","twitter_creator":"@eldiario_net","twitter_site":"@eldiario_net","twitter_misc":{"Escrito por":"Jeanette","Tiempo de lectura":"2 minutos"},"schema":{"@context":"https:\/\/schema.org","@graph":[{"@type":"Article","@id":"https:\/\/www.eldiario.net\/portal\/2026\/07\/24\/preocupan-declaraciones-de-ortega\/#article","isPartOf":{"@id":"https:\/\/www.eldiario.net\/portal\/2026\/07\/24\/preocupan-declaraciones-de-ortega\/"},"author":{"name":"Jeanette","@id":"https:\/\/www.eldiario.net\/portal\/#\/schema\/person\/f46445640444750d7d753ccd04ae01b7"},"headline":"Preocupan declaraciones de Ortega","datePublished":"2026-07-24T10:56:06+00:00","mainEntityOfPage":{"@id":"https:\/\/www.eldiario.net\/portal\/2026\/07\/24\/preocupan-declaraciones-de-ortega\/"},"wordCount":346,"publisher":{"@id":"https:\/\/www.eldiario.net\/portal\/#organization"},"image":{"@id":"https:\/\/www.eldiario.net\/portal\/2026\/07\/24\/preocupan-declaraciones-de-ortega\/#primaryimage"},"thumbnailUrl":"https:\/\/www.eldiario.net\/portal\/wp-content\/uploads\/2023\/12\/Politica.jpg","articleSection":["Pol\u00edtica"],"inLanguage":"es"},{"@type":"WebPage","@id":"https:\/\/www.eldiario.net\/portal\/2026\/07\/24\/preocupan-declaraciones-de-ortega\/","url":"https:\/\/www.eldiario.net\/portal\/2026\/07\/24\/preocupan-declaraciones-de-ortega\/","name":"Preocupan declaraciones de Ortega - El Diario - Bolivia","isPartOf":{"@id":"https:\/\/www.eldiario.net\/portal\/#website"},"primaryImageOfPage":{"@id":"https:\/\/www.eldiario.net\/portal\/2026\/07\/24\/preocupan-declaraciones-de-ortega\/#primaryimage"},"image":{"@id":"https:\/\/www.eldiario.net\/portal\/2026\/07\/24\/preocupan-declaraciones-de-ortega\/#primaryimage"},"thumbnailUrl":"https:\/\/www.eldiario.net\/portal\/wp-content\/uploads\/2023\/12\/Politica.jpg","datePublished":"2026-07-24T10:56:06+00:00","breadcrumb":{"@id":"https:\/\/www.eldiario.net\/portal\/2026\/07\/24\/preocupan-declaraciones-de-ortega\/#breadcrumb"},"inLanguage":"es","potentialAction":[{"@type":"ReadAction","target":["https:\/\/www.eldiario.net\/portal\/2026\/07\/24\/preocupan-declaraciones-de-ortega\/"]}]},{"@type":"ImageObject","inLanguage":"es","@id":"https:\/\/www.eldiario.net\/portal\/2026\/07\/24\/preocupan-declaraciones-de-ortega\/#primaryimage","url":"https:\/\/www.eldiario.net\/portal\/wp-content\/uploads\/2023\/12\/Politica.jpg","contentUrl":"https:\/\/www.eldiario.net\/portal\/wp-content\/uploads\/2023\/12\/Politica.jpg","width":800,"height":500},{"@type":"BreadcrumbList","@id":"https:\/\/www.eldiario.net\/portal\/2026\/07\/24\/preocupan-declaraciones-de-ortega\/#breadcrumb","itemListElement":[{"@type":"ListItem","position":1,"name":"Portada","item":"https:\/\/www.eldiario.net\/portal\/"},{"@type":"ListItem","position":2,"name":"Preocupan declaraciones de Ortega"}]},{"@type":"WebSite","@id":"https:\/\/www.eldiario.net\/portal\/#website","url":"https:\/\/www.eldiario.net\/portal\/","name":"El Diario - Decano de la prensa nacional","description":"El Diario - Decano de la prensa nacional","publisher":{"@id":"https:\/\/www.eldiario.net\/portal\/#organization"},"potentialAction":[{"@type":"SearchAction","target":{"@type":"EntryPoint","urlTemplate":"https:\/\/www.eldiario.net\/portal\/?s={search_term_string}"},"query-input":{"@type":"PropertyValueSpecification","valueRequired":true,"valueName":"search_term_string"}}],"inLanguage":"es"},{"@type":"Organization","@id":"https:\/\/www.eldiario.net\/portal\/#organization","name":"El Diario - Decano de la prensa nacional","url":"https:\/\/www.eldiario.net\/portal\/","logo":{"@type":"ImageObject","inLanguage":"es","@id":"https:\/\/www.eldiario.net\/portal\/#\/schema\/logo\/image\/","url":"https:\/\/www.eldiario.net\/portal\/wp-content\/uploads\/2023\/07\/logo_ED.jpg","contentUrl":"https:\/\/www.eldiario.net\/portal\/wp-content\/uploads\/2023\/07\/logo_ED.jpg","width":272,"height":52,"caption":"El Diario - Decano de la prensa nacional"},"image":{"@id":"https:\/\/www.eldiario.net\/portal\/#\/schema\/logo\/image\/"},"sameAs":["https:\/\/www.facebook.com\/eldiario.bolivia\/","https:\/\/x.com\/eldiario_net"]},{"@type":"Person","@id":"https:\/\/www.eldiario.net\/portal\/#\/schema\/person\/f46445640444750d7d753ccd04ae01b7","name":"Jeanette","image":{"@type":"ImageObject","inLanguage":"es","@id":"https:\/\/secure.gravatar.com\/avatar\/3ea2118a5f7dad2b7138b1187a6b7ee55f160b9968b66013c3a3ef39dd7e5798?s=96&d=mm&r=g","url":"https:\/\/secure.gravatar.com\/avatar\/3ea2118a5f7dad2b7138b1187a6b7ee55f160b9968b66013c3a3ef39dd7e5798?s=96&d=mm&r=g","contentUrl":"https:\/\/secure.gravatar.com\/avatar\/3ea2118a5f7dad2b7138b1187a6b7ee55f160b9968b66013c3a3ef39dd7e5798?s=96&d=mm&r=g","caption":"Jeanette"},"sameAs":["https:\/\/www.eldiario.net\/portal"],"url":"https:\/\/www.eldiario.net\/portal\/author\/jeanette\/"}]}},"_links":{"self":[{"href":"https:\/\/www.eldiario.net\/portal\/wp-json\/wp\/v2\/posts\/415410","targetHints":{"allow":["GET"]}}],"collection":[{"href":"https:\/\/www.eldiario.net\/portal\/wp-json\/wp\/v2\/posts"}],"about":[{"href":"https:\/\/www.eldiario.net\/portal\/wp-json\/wp\/v2\/types\/post"}],"author":[{"embeddable":true,"href":"https:\/\/www.eldiario.net\/portal\/wp-json\/wp\/v2\/users\/1"}],"replies":[{"embeddable":true,"href":"https:\/\/www.eldiario.net\/portal\/wp-json\/wp\/v2\/comments?post=415410"}],"version-history":[{"count":1,"href":"https:\/\/www.eldiario.net\/portal\/wp-json\/wp\/v2\/posts\/415410\/revisions"}],"predecessor-version":[{"id":415411,"href":"https:\/\/www.eldiario.net\/portal\/wp-json\/wp\/v2\/posts\/415410\/revisions\/415411"}],"wp:featuredmedia":[{"embeddable":true,"href":"https:\/\/www.eldiario.net\/portal\/wp-json\/wp\/v2\/media\/194754"}],"wp:attachment":[{"href":"https:\/\/www.eldiario.net\/portal\/wp-json\/wp\/v2\/media?parent=415410"}],"wp:term":[{"taxonomy":"category","embeddable":true,"href":"https:\/\/www.eldiario.net\/portal\/wp-json\/wp\/v2\/categories?post=415410"},{"taxonomy":"post_tag","embeddable":true,"href":"https:\/\/www.eldiario.net\/portal\/wp-json\/wp\/v2\/tags?post=415410"}],"curies":[{"name":"wp","href":"https:\/\/api.w.org\/{rel}","templated":true}]}}