{"id":415404,"date":"2026-07-24T06:54:44","date_gmt":"2026-07-24T10:54:44","guid":{"rendered":"https:\/\/www.eldiario.net\/portal\/?p=415404"},"modified":"2026-07-24T06:54:44","modified_gmt":"2026-07-24T10:54:44","slug":"inauguran-pavimento-rigido-de-avenida-panoramica-norte-2","status":"publish","type":"post","link":"https:\/\/www.eldiario.net\/portal\/2026\/07\/24\/inauguran-pavimento-rigido-de-avenida-panoramica-norte-2\/","title":{"rendered":"Inauguran pavimento r\u00edgido  de avenida Panor\u00e1mica Norte"},"content":{"rendered":"<p>Con una ofrenda a la Pachamama (Madre Tierra) y con la presencia del presidente del Estado, Rodrigo Paz Pereira, autoridades municipales y vecinos de la ciudad de El Alto inauguraron el pavimento r\u00edgido de la avenida Panor\u00e1mica Norte, cuya inversi\u00f3n fue de Bs 14,5 millones.<br \/>\n\u201cVamos a trabajar conjuntamente para que la platita que consigamos se invierta bien, se hagan estas avenidas. Tenemos enlosetados, luminarias y una serie de proyectos\u201d, se\u00f1al\u00f3 el jefe de Estado en el acto de entrega de la obra.<br \/>\nLa v\u00eda, ubicada en el Distrito 6 de la urbe alte\u00f1a, est\u00e1 hecha con pavimento r\u00edgido, tiene una extensi\u00f3n de 1,6 kil\u00f3metros con una inversi\u00f3n total de Bs 14.561.827.<br \/>\nSe prev\u00e9 que sea un corredor que beneficiar\u00e1, de manera directa, a 22 zonas de tres distritos y a m\u00e1s de 6.000 familias alte\u00f1as, mejorando la conexi\u00f3n entre los barrios, reduciendo los tiempos de traslado, facilitando el transporte p\u00fablico y privado, fortaleciendo la actividad econ\u00f3mica, ya que tambi\u00e9n conecta con la feria de la zona 16 de Julio, y brindando mayor seguridad a quienes recorren diariamente esta importante zona.<br \/>\nAdem\u00e1s, el alcalde alte\u00f1o Eliser Roca asegur\u00f3 que la avenida Panor\u00e1mica Norte tambi\u00e9n conecta hacia Zongo y el Norte pace\u00f1o. Es una \u201cimportante v\u00eda de escape\u201d y m\u00e1s ahora que est\u00e1 pavimentada, ya que permitir\u00e1 a los viajeros ahorrar tiempo de viaje.<br \/>\n\u201cSe puede minimizar los tiempos para llegar al norte pace\u00f1o, es un cr\u00e9dito del Fondo Nacional de Desarrollo Regional (FNDR) que el municipio lo va a pagar (\u2026) Por ac\u00e1 podemos ir tranquilamente hasta el sector de Zongo, son arterias que s\u00ed necesitamos en El Alto\u201d, sostuvo el burgomaestre.<br \/>\nEn tanto, el director general Ejecutivo del Fondo Nacional de Desarrollo Regional, Roger Cronembold, destac\u00f3 m\u00e1s beneficios de la v\u00eda.<br \/>\n\u201cEsta obra significa mayor seguridad vial, mejores condiciones para nuestros estudiantes, trabajadores, comerciantes y para toda la familia de El Alto\u201d, manifest\u00f3.<\/p>\n<p>DATOS<br \/>\nLa avenida Panor\u00e1mica, tramo comprendido entre la Calle 38 y cercan\u00edas de la avenida T\u00fapac Katari, fue financiada por el FNDR con 11 millones de bolivianos, adem\u00e1s de un aporte de 3,5 millones de bolivianos por parte del municipio de El Alto.<br \/>\nEl proyecto consisti\u00f3 en la construcci\u00f3n de 1.609 metros lineales de pavimento r\u00edgido de 20 cent\u00edmetros de espesor, distribuidos en dos carriles. El primer tramo cuenta con una calzada de nueve metros de ancho (4,50 metros por carril) y el segundo con una calzada de siete metros (3,50 metros por carril).<br \/>\nTambi\u00e9n incluye sistema de drenaje pluvial, muros de contenci\u00f3n, cordones de acera, se\u00f1alizaci\u00f3n horizontal e iluminaci\u00f3n en un lado de la avenida.<br \/>\nEl beneficio va directamente a m\u00e1s de 50 mil vecinos, unas 6.000 familias, de los distritos 1, 5 y 6 de El Alto.<\/p>\n<p>BUSCAN<br \/>\nFINANCIAMIENTO<br \/>\nTanto el presidente de los bolivianos como el alcalde de El Alto, coincidieron que se debe continuar con la conclusi\u00f3n de otra parte de la avenida, pero para ellos requieren recursos econ\u00f3micos que deben conseguirse.<br \/>\nAl respecto, Paz cont\u00f3 que el alcalde alte\u00f1o le dijo: \u201cRodrigo, estoy sin platita (para obras)\u201d, y \u00e9l le respondi\u00f3: \u201cYo tambi\u00e9n estoy sin platita porque nos han dejado un \u2018Estado tranca\u2019 quebrado\u201d. Entonces, el mandatario le propuso que, de manera conjunta y con los dirigentes de los distritos de la urbe alte\u00f1a, se acuda a organismos internacionales por recursos econ\u00f3micos.<br \/>\n\u201cAlcalde, yo te ayudo a ir a las embajadas, vamos a la Corporaci\u00f3n Andina de Fomento (CAF), vamos al Banco Interamericano de Desarrollo (BID), vamos al Banco Mundial (BM), vamos a buscar platita\u201d, indic\u00f3 el primer mandatario.<br \/>\nPaz tambi\u00e9n explic\u00f3 que, para todo financiamiento, lo importante es que el dinero que se obtenga sea bien invertido en obras que realmente necesite la poblaci\u00f3n.<br \/>\nRecord\u00f3 que, adem\u00e1s de esta obra, se est\u00e1n construyendo puentes importantes en R\u00edo Seco y R\u00edo Seque. \u201cTenemos luminarias y una serie de proyectos que hemos ido hablando con el alcalde y nos hemos puesto en campa\u00f1a\u201d, asegur\u00f3.<\/p>\n<figure id=\"attachment_415405\" aria-describedby=\"caption-attachment-415405\" style=\"width: 1280px\" class=\"wp-caption aligncenter\"><img loading=\"lazy\" decoding=\"async\" class=\"size-full wp-image-415405\" src=\"https:\/\/www.eldiario.net\/portal\/wp-content\/uploads\/2026\/07\/F-2-Panoramica.webp\" alt=\"\" width=\"1280\" height=\"853\" srcset=\"https:\/\/www.eldiario.net\/portal\/wp-content\/uploads\/2026\/07\/F-2-Panoramica.webp 1280w, https:\/\/www.eldiario.net\/portal\/wp-content\/uploads\/2026\/07\/F-2-Panoramica-300x200.webp 300w, https:\/\/www.eldiario.net\/portal\/wp-content\/uploads\/2026\/07\/F-2-Panoramica-1024x682.webp 1024w, https:\/\/www.eldiario.net\/portal\/wp-content\/uploads\/2026\/07\/F-2-Panoramica-768x512.webp 768w, https:\/\/www.eldiario.net\/portal\/wp-content\/uploads\/2026\/07\/F-2-Panoramica-630x420.webp 630w, https:\/\/www.eldiario.net\/portal\/wp-content\/uploads\/2026\/07\/F-2-Panoramica-150x100.webp 150w, https:\/\/www.eldiario.net\/portal\/wp-content\/uploads\/2026\/07\/F-2-Panoramica-696x464.webp 696w, https:\/\/www.eldiario.net\/portal\/wp-content\/uploads\/2026\/07\/F-2-Panoramica-1068x712.webp 1068w\" sizes=\"auto, (max-width: 1280px) 100vw, 1280px\" \/><figcaption id=\"caption-attachment-415405\" class=\"wp-caption-text\">La avenida entregada. El presidente Rodrigo Paz junto al alcalde de El Alto, Eliser Roca.<\/figcaption><\/figure>\n","protected":false},"excerpt":{"rendered":"<p>Con una ofrenda a la Pachamama (Madre Tierra) y con la presencia del presidente del Estado, Rodrigo Paz Pereira, autoridades municipales y vecinos de la ciudad de El Alto inauguraron el pavimento r\u00edgido de la avenida Panor\u00e1mica Norte, cuya inversi\u00f3n fue de Bs 14,5 millones. \u201cVamos a trabajar conjuntamente para que la platita que consigamos [&hellip;]<\/p>\n","protected":false},"author":1,"featured_media":415406,"comment_status":"closed","ping_status":"open","sticky":false,"template":"","format":"standard","meta":{"_acf_changed":false,"footnotes":""},"categories":[12],"tags":[],"class_list":["post-415404","post","type-post","status-publish","format-standard","has-post-thumbnail","category-nacional"],"acf":{"antetitulo":"Con inversi\u00f3n de Bs 14,5 millones"},"yoast_head":"<!-- This site is optimized with the Yoast SEO plugin v28.3 - https:\/\/yoast.com\/product\/yoast-seo-wordpress\/ -->\n<title>Inauguran pavimento r\u00edgido de avenida Panor\u00e1mica Norte - El Diario - Bolivia<\/title>\n<meta name=\"robots\" content=\"index, follow, max-snippet:-1, max-image-preview:large, max-video-preview:-1\" \/>\n<link rel=\"canonical\" href=\"https:\/\/www.eldiario.net\/portal\/2026\/07\/24\/inauguran-pavimento-rigido-de-avenida-panoramica-norte-2\/\" \/>\n<meta property=\"og:locale\" content=\"es_ES\" \/>\n<meta property=\"og:type\" content=\"article\" \/>\n<meta property=\"og:title\" content=\"Inauguran pavimento r\u00edgido de avenida Panor\u00e1mica Norte - El Diario - Bolivia\" \/>\n<meta property=\"og:description\" content=\"Con una ofrenda a la Pachamama (Madre Tierra) y con la presencia del presidente del Estado, Rodrigo Paz Pereira, autoridades municipales y vecinos de la ciudad de El Alto inauguraron el pavimento r\u00edgido de la avenida Panor\u00e1mica Norte, cuya inversi\u00f3n fue de Bs 14,5 millones. \u201cVamos a trabajar conjuntamente para que la platita que consigamos [&hellip;]\" \/>\n<meta property=\"og:url\" content=\"https:\/\/www.eldiario.net\/portal\/2026\/07\/24\/inauguran-pavimento-rigido-de-avenida-panoramica-norte-2\/\" \/>\n<meta property=\"og:site_name\" content=\"El Diario - Bolivia\" \/>\n<meta property=\"article:publisher\" content=\"https:\/\/www.facebook.com\/eldiario.bolivia\/\" \/>\n<meta property=\"article:published_time\" content=\"2026-07-24T10:54:44+00:00\" \/>\n<meta property=\"og:image\" content=\"https:\/\/www.eldiario.net\/portal\/wp-content\/uploads\/2026\/07\/F-1-Panoramica.webp\" \/>\n\t<meta property=\"og:image:width\" content=\"1060\" \/>\n\t<meta property=\"og:image:height\" content=\"584\" \/>\n\t<meta property=\"og:image:type\" content=\"image\/webp\" \/>\n<meta name=\"author\" content=\"Jeanette\" \/>\n<meta name=\"twitter:card\" content=\"summary_large_image\" \/>\n<meta name=\"twitter:creator\" content=\"@eldiario_net\" \/>\n<meta name=\"twitter:site\" content=\"@eldiario_net\" \/>\n<meta name=\"twitter:label1\" content=\"Escrito por\" \/>\n\t<meta name=\"twitter:data1\" content=\"Jeanette\" \/>\n\t<meta name=\"twitter:label2\" content=\"Tiempo de lectura\" \/>\n\t<meta name=\"twitter:data2\" content=\"4 minutos\" \/>\n<script type=\"application\/ld+json\" class=\"yoast-schema-graph\">{\"@context\":\"https:\\\/\\\/schema.org\",\"@graph\":[{\"@type\":\"Article\",\"@id\":\"https:\\\/\\\/www.eldiario.net\\\/portal\\\/2026\\\/07\\\/24\\\/inauguran-pavimento-rigido-de-avenida-panoramica-norte-2\\\/#article\",\"isPartOf\":{\"@id\":\"https:\\\/\\\/www.eldiario.net\\\/portal\\\/2026\\\/07\\\/24\\\/inauguran-pavimento-rigido-de-avenida-panoramica-norte-2\\\/\"},\"author\":{\"name\":\"Jeanette\",\"@id\":\"https:\\\/\\\/www.eldiario.net\\\/portal\\\/#\\\/schema\\\/person\\\/f46445640444750d7d753ccd04ae01b7\"},\"headline\":\"Inauguran pavimento r\u00edgido de avenida Panor\u00e1mica Norte\",\"datePublished\":\"2026-07-24T10:54:44+00:00\",\"mainEntityOfPage\":{\"@id\":\"https:\\\/\\\/www.eldiario.net\\\/portal\\\/2026\\\/07\\\/24\\\/inauguran-pavimento-rigido-de-avenida-panoramica-norte-2\\\/\"},\"wordCount\":717,\"publisher\":{\"@id\":\"https:\\\/\\\/www.eldiario.net\\\/portal\\\/#organization\"},\"image\":{\"@id\":\"https:\\\/\\\/www.eldiario.net\\\/portal\\\/2026\\\/07\\\/24\\\/inauguran-pavimento-rigido-de-avenida-panoramica-norte-2\\\/#primaryimage\"},\"thumbnailUrl\":\"https:\\\/\\\/www.eldiario.net\\\/portal\\\/wp-content\\\/uploads\\\/2026\\\/07\\\/F-1-Panoramica.webp\",\"articleSection\":[\"Nacional\"],\"inLanguage\":\"es\"},{\"@type\":\"WebPage\",\"@id\":\"https:\\\/\\\/www.eldiario.net\\\/portal\\\/2026\\\/07\\\/24\\\/inauguran-pavimento-rigido-de-avenida-panoramica-norte-2\\\/\",\"url\":\"https:\\\/\\\/www.eldiario.net\\\/portal\\\/2026\\\/07\\\/24\\\/inauguran-pavimento-rigido-de-avenida-panoramica-norte-2\\\/\",\"name\":\"Inauguran pavimento r\u00edgido de avenida Panor\u00e1mica Norte - El Diario - Bolivia\",\"isPartOf\":{\"@id\":\"https:\\\/\\\/www.eldiario.net\\\/portal\\\/#website\"},\"primaryImageOfPage\":{\"@id\":\"https:\\\/\\\/www.eldiario.net\\\/portal\\\/2026\\\/07\\\/24\\\/inauguran-pavimento-rigido-de-avenida-panoramica-norte-2\\\/#primaryimage\"},\"image\":{\"@id\":\"https:\\\/\\\/www.eldiario.net\\\/portal\\\/2026\\\/07\\\/24\\\/inauguran-pavimento-rigido-de-avenida-panoramica-norte-2\\\/#primaryimage\"},\"thumbnailUrl\":\"https:\\\/\\\/www.eldiario.net\\\/portal\\\/wp-content\\\/uploads\\\/2026\\\/07\\\/F-1-Panoramica.webp\",\"datePublished\":\"2026-07-24T10:54:44+00:00\",\"breadcrumb\":{\"@id\":\"https:\\\/\\\/www.eldiario.net\\\/portal\\\/2026\\\/07\\\/24\\\/inauguran-pavimento-rigido-de-avenida-panoramica-norte-2\\\/#breadcrumb\"},\"inLanguage\":\"es\",\"potentialAction\":[{\"@type\":\"ReadAction\",\"target\":[\"https:\\\/\\\/www.eldiario.net\\\/portal\\\/2026\\\/07\\\/24\\\/inauguran-pavimento-rigido-de-avenida-panoramica-norte-2\\\/\"]}]},{\"@type\":\"ImageObject\",\"inLanguage\":\"es\",\"@id\":\"https:\\\/\\\/www.eldiario.net\\\/portal\\\/2026\\\/07\\\/24\\\/inauguran-pavimento-rigido-de-avenida-panoramica-norte-2\\\/#primaryimage\",\"url\":\"https:\\\/\\\/www.eldiario.net\\\/portal\\\/wp-content\\\/uploads\\\/2026\\\/07\\\/F-1-Panoramica.webp\",\"contentUrl\":\"https:\\\/\\\/www.eldiario.net\\\/portal\\\/wp-content\\\/uploads\\\/2026\\\/07\\\/F-1-Panoramica.webp\",\"width\":1060,\"height\":584},{\"@type\":\"BreadcrumbList\",\"@id\":\"https:\\\/\\\/www.eldiario.net\\\/portal\\\/2026\\\/07\\\/24\\\/inauguran-pavimento-rigido-de-avenida-panoramica-norte-2\\\/#breadcrumb\",\"itemListElement\":[{\"@type\":\"ListItem\",\"position\":1,\"name\":\"Portada\",\"item\":\"https:\\\/\\\/www.eldiario.net\\\/portal\\\/\"},{\"@type\":\"ListItem\",\"position\":2,\"name\":\"Inauguran pavimento r\u00edgido de avenida Panor\u00e1mica Norte\"}]},{\"@type\":\"WebSite\",\"@id\":\"https:\\\/\\\/www.eldiario.net\\\/portal\\\/#website\",\"url\":\"https:\\\/\\\/www.eldiario.net\\\/portal\\\/\",\"name\":\"El Diario - Decano de la prensa nacional\",\"description\":\"El Diario - Decano de la prensa nacional\",\"publisher\":{\"@id\":\"https:\\\/\\\/www.eldiario.net\\\/portal\\\/#organization\"},\"potentialAction\":[{\"@type\":\"SearchAction\",\"target\":{\"@type\":\"EntryPoint\",\"urlTemplate\":\"https:\\\/\\\/www.eldiario.net\\\/portal\\\/?s={search_term_string}\"},\"query-input\":{\"@type\":\"PropertyValueSpecification\",\"valueRequired\":true,\"valueName\":\"search_term_string\"}}],\"inLanguage\":\"es\"},{\"@type\":\"Organization\",\"@id\":\"https:\\\/\\\/www.eldiario.net\\\/portal\\\/#organization\",\"name\":\"El Diario - Decano de la prensa nacional\",\"url\":\"https:\\\/\\\/www.eldiario.net\\\/portal\\\/\",\"logo\":{\"@type\":\"ImageObject\",\"inLanguage\":\"es\",\"@id\":\"https:\\\/\\\/www.eldiario.net\\\/portal\\\/#\\\/schema\\\/logo\\\/image\\\/\",\"url\":\"https:\\\/\\\/www.eldiario.net\\\/portal\\\/wp-content\\\/uploads\\\/2023\\\/07\\\/logo_ED.jpg\",\"contentUrl\":\"https:\\\/\\\/www.eldiario.net\\\/portal\\\/wp-content\\\/uploads\\\/2023\\\/07\\\/logo_ED.jpg\",\"width\":272,\"height\":52,\"caption\":\"El Diario - Decano de la prensa nacional\"},\"image\":{\"@id\":\"https:\\\/\\\/www.eldiario.net\\\/portal\\\/#\\\/schema\\\/logo\\\/image\\\/\"},\"sameAs\":[\"https:\\\/\\\/www.facebook.com\\\/eldiario.bolivia\\\/\",\"https:\\\/\\\/x.com\\\/eldiario_net\"]},{\"@type\":\"Person\",\"@id\":\"https:\\\/\\\/www.eldiario.net\\\/portal\\\/#\\\/schema\\\/person\\\/f46445640444750d7d753ccd04ae01b7\",\"name\":\"Jeanette\",\"image\":{\"@type\":\"ImageObject\",\"inLanguage\":\"es\",\"@id\":\"https:\\\/\\\/secure.gravatar.com\\\/avatar\\\/3ea2118a5f7dad2b7138b1187a6b7ee55f160b9968b66013c3a3ef39dd7e5798?s=96&d=mm&r=g\",\"url\":\"https:\\\/\\\/secure.gravatar.com\\\/avatar\\\/3ea2118a5f7dad2b7138b1187a6b7ee55f160b9968b66013c3a3ef39dd7e5798?s=96&d=mm&r=g\",\"contentUrl\":\"https:\\\/\\\/secure.gravatar.com\\\/avatar\\\/3ea2118a5f7dad2b7138b1187a6b7ee55f160b9968b66013c3a3ef39dd7e5798?s=96&d=mm&r=g\",\"caption\":\"Jeanette\"},\"sameAs\":[\"https:\\\/\\\/www.eldiario.net\\\/portal\"],\"url\":\"https:\\\/\\\/www.eldiario.net\\\/portal\\\/author\\\/jeanette\\\/\"}]}<\/script>\n<!-- \/ Yoast SEO plugin. -->","yoast_head_json":{"title":"Inauguran pavimento r\u00edgido de avenida Panor\u00e1mica Norte - El Diario - Bolivia","robots":{"index":"index","follow":"follow","max-snippet":"max-snippet:-1","max-image-preview":"max-image-preview:large","max-video-preview":"max-video-preview:-1"},"canonical":"https:\/\/www.eldiario.net\/portal\/2026\/07\/24\/inauguran-pavimento-rigido-de-avenida-panoramica-norte-2\/","og_locale":"es_ES","og_type":"article","og_title":"Inauguran pavimento r\u00edgido de avenida Panor\u00e1mica Norte - El Diario - Bolivia","og_description":"Con una ofrenda a la Pachamama (Madre Tierra) y con la presencia del presidente del Estado, Rodrigo Paz Pereira, autoridades municipales y vecinos de la ciudad de El Alto inauguraron el pavimento r\u00edgido de la avenida Panor\u00e1mica Norte, cuya inversi\u00f3n fue de Bs 14,5 millones. \u201cVamos a trabajar conjuntamente para que la platita que consigamos [&hellip;]","og_url":"https:\/\/www.eldiario.net\/portal\/2026\/07\/24\/inauguran-pavimento-rigido-de-avenida-panoramica-norte-2\/","og_site_name":"El Diario - Bolivia","article_publisher":"https:\/\/www.facebook.com\/eldiario.bolivia\/","article_published_time":"2026-07-24T10:54:44+00:00","og_image":[{"width":1060,"height":584,"url":"https:\/\/www.eldiario.net\/portal\/wp-content\/uploads\/2026\/07\/F-1-Panoramica.webp","type":"image\/webp"}],"author":"Jeanette","twitter_card":"summary_large_image","twitter_creator":"@eldiario_net","twitter_site":"@eldiario_net","twitter_misc":{"Escrito por":"Jeanette","Tiempo de lectura":"4 minutos"},"schema":{"@context":"https:\/\/schema.org","@graph":[{"@type":"Article","@id":"https:\/\/www.eldiario.net\/portal\/2026\/07\/24\/inauguran-pavimento-rigido-de-avenida-panoramica-norte-2\/#article","isPartOf":{"@id":"https:\/\/www.eldiario.net\/portal\/2026\/07\/24\/inauguran-pavimento-rigido-de-avenida-panoramica-norte-2\/"},"author":{"name":"Jeanette","@id":"https:\/\/www.eldiario.net\/portal\/#\/schema\/person\/f46445640444750d7d753ccd04ae01b7"},"headline":"Inauguran pavimento r\u00edgido de avenida Panor\u00e1mica Norte","datePublished":"2026-07-24T10:54:44+00:00","mainEntityOfPage":{"@id":"https:\/\/www.eldiario.net\/portal\/2026\/07\/24\/inauguran-pavimento-rigido-de-avenida-panoramica-norte-2\/"},"wordCount":717,"publisher":{"@id":"https:\/\/www.eldiario.net\/portal\/#organization"},"image":{"@id":"https:\/\/www.eldiario.net\/portal\/2026\/07\/24\/inauguran-pavimento-rigido-de-avenida-panoramica-norte-2\/#primaryimage"},"thumbnailUrl":"https:\/\/www.eldiario.net\/portal\/wp-content\/uploads\/2026\/07\/F-1-Panoramica.webp","articleSection":["Nacional"],"inLanguage":"es"},{"@type":"WebPage","@id":"https:\/\/www.eldiario.net\/portal\/2026\/07\/24\/inauguran-pavimento-rigido-de-avenida-panoramica-norte-2\/","url":"https:\/\/www.eldiario.net\/portal\/2026\/07\/24\/inauguran-pavimento-rigido-de-avenida-panoramica-norte-2\/","name":"Inauguran pavimento r\u00edgido de avenida Panor\u00e1mica Norte - El Diario - Bolivia","isPartOf":{"@id":"https:\/\/www.eldiario.net\/portal\/#website"},"primaryImageOfPage":{"@id":"https:\/\/www.eldiario.net\/portal\/2026\/07\/24\/inauguran-pavimento-rigido-de-avenida-panoramica-norte-2\/#primaryimage"},"image":{"@id":"https:\/\/www.eldiario.net\/portal\/2026\/07\/24\/inauguran-pavimento-rigido-de-avenida-panoramica-norte-2\/#primaryimage"},"thumbnailUrl":"https:\/\/www.eldiario.net\/portal\/wp-content\/uploads\/2026\/07\/F-1-Panoramica.webp","datePublished":"2026-07-24T10:54:44+00:00","breadcrumb":{"@id":"https:\/\/www.eldiario.net\/portal\/2026\/07\/24\/inauguran-pavimento-rigido-de-avenida-panoramica-norte-2\/#breadcrumb"},"inLanguage":"es","potentialAction":[{"@type":"ReadAction","target":["https:\/\/www.eldiario.net\/portal\/2026\/07\/24\/inauguran-pavimento-rigido-de-avenida-panoramica-norte-2\/"]}]},{"@type":"ImageObject","inLanguage":"es","@id":"https:\/\/www.eldiario.net\/portal\/2026\/07\/24\/inauguran-pavimento-rigido-de-avenida-panoramica-norte-2\/#primaryimage","url":"https:\/\/www.eldiario.net\/portal\/wp-content\/uploads\/2026\/07\/F-1-Panoramica.webp","contentUrl":"https:\/\/www.eldiario.net\/portal\/wp-content\/uploads\/2026\/07\/F-1-Panoramica.webp","width":1060,"height":584},{"@type":"BreadcrumbList","@id":"https:\/\/www.eldiario.net\/portal\/2026\/07\/24\/inauguran-pavimento-rigido-de-avenida-panoramica-norte-2\/#breadcrumb","itemListElement":[{"@type":"ListItem","position":1,"name":"Portada","item":"https:\/\/www.eldiario.net\/portal\/"},{"@type":"ListItem","position":2,"name":"Inauguran pavimento r\u00edgido de avenida Panor\u00e1mica Norte"}]},{"@type":"WebSite","@id":"https:\/\/www.eldiario.net\/portal\/#website","url":"https:\/\/www.eldiario.net\/portal\/","name":"El Diario - Decano de la prensa nacional","description":"El Diario - Decano de la prensa nacional","publisher":{"@id":"https:\/\/www.eldiario.net\/portal\/#organization"},"potentialAction":[{"@type":"SearchAction","target":{"@type":"EntryPoint","urlTemplate":"https:\/\/www.eldiario.net\/portal\/?s={search_term_string}"},"query-input":{"@type":"PropertyValueSpecification","valueRequired":true,"valueName":"search_term_string"}}],"inLanguage":"es"},{"@type":"Organization","@id":"https:\/\/www.eldiario.net\/portal\/#organization","name":"El Diario - Decano de la prensa nacional","url":"https:\/\/www.eldiario.net\/portal\/","logo":{"@type":"ImageObject","inLanguage":"es","@id":"https:\/\/www.eldiario.net\/portal\/#\/schema\/logo\/image\/","url":"https:\/\/www.eldiario.net\/portal\/wp-content\/uploads\/2023\/07\/logo_ED.jpg","contentUrl":"https:\/\/www.eldiario.net\/portal\/wp-content\/uploads\/2023\/07\/logo_ED.jpg","width":272,"height":52,"caption":"El Diario - Decano de la prensa nacional"},"image":{"@id":"https:\/\/www.eldiario.net\/portal\/#\/schema\/logo\/image\/"},"sameAs":["https:\/\/www.facebook.com\/eldiario.bolivia\/","https:\/\/x.com\/eldiario_net"]},{"@type":"Person","@id":"https:\/\/www.eldiario.net\/portal\/#\/schema\/person\/f46445640444750d7d753ccd04ae01b7","name":"Jeanette","image":{"@type":"ImageObject","inLanguage":"es","@id":"https:\/\/secure.gravatar.com\/avatar\/3ea2118a5f7dad2b7138b1187a6b7ee55f160b9968b66013c3a3ef39dd7e5798?s=96&d=mm&r=g","url":"https:\/\/secure.gravatar.com\/avatar\/3ea2118a5f7dad2b7138b1187a6b7ee55f160b9968b66013c3a3ef39dd7e5798?s=96&d=mm&r=g","contentUrl":"https:\/\/secure.gravatar.com\/avatar\/3ea2118a5f7dad2b7138b1187a6b7ee55f160b9968b66013c3a3ef39dd7e5798?s=96&d=mm&r=g","caption":"Jeanette"},"sameAs":["https:\/\/www.eldiario.net\/portal"],"url":"https:\/\/www.eldiario.net\/portal\/author\/jeanette\/"}]}},"_links":{"self":[{"href":"https:\/\/www.eldiario.net\/portal\/wp-json\/wp\/v2\/posts\/415404","targetHints":{"allow":["GET"]}}],"collection":[{"href":"https:\/\/www.eldiario.net\/portal\/wp-json\/wp\/v2\/posts"}],"about":[{"href":"https:\/\/www.eldiario.net\/portal\/wp-json\/wp\/v2\/types\/post"}],"author":[{"embeddable":true,"href":"https:\/\/www.eldiario.net\/portal\/wp-json\/wp\/v2\/users\/1"}],"replies":[{"embeddable":true,"href":"https:\/\/www.eldiario.net\/portal\/wp-json\/wp\/v2\/comments?post=415404"}],"version-history":[{"count":1,"href":"https:\/\/www.eldiario.net\/portal\/wp-json\/wp\/v2\/posts\/415404\/revisions"}],"predecessor-version":[{"id":415407,"href":"https:\/\/www.eldiario.net\/portal\/wp-json\/wp\/v2\/posts\/415404\/revisions\/415407"}],"wp:featuredmedia":[{"embeddable":true,"href":"https:\/\/www.eldiario.net\/portal\/wp-json\/wp\/v2\/media\/415406"}],"wp:attachment":[{"href":"https:\/\/www.eldiario.net\/portal\/wp-json\/wp\/v2\/media?parent=415404"}],"wp:term":[{"taxonomy":"category","embeddable":true,"href":"https:\/\/www.eldiario.net\/portal\/wp-json\/wp\/v2\/categories?post=415404"},{"taxonomy":"post_tag","embeddable":true,"href":"https:\/\/www.eldiario.net\/portal\/wp-json\/wp\/v2\/tags?post=415404"}],"curies":[{"name":"wp","href":"https:\/\/api.w.org\/{rel}","templated":true}]}}