{"id":415374,"date":"2026-07-24T06:44:40","date_gmt":"2026-07-24T10:44:40","guid":{"rendered":"https:\/\/www.eldiario.net\/portal\/?p=415374"},"modified":"2026-07-24T06:44:40","modified_gmt":"2026-07-24T10:44:40","slug":"ue-aprueba-nuevas-sanciones-para-rusia-y-limita-precio-del-crudo","status":"publish","type":"post","link":"https:\/\/www.eldiario.net\/portal\/2026\/07\/24\/ue-aprueba-nuevas-sanciones-para-rusia-y-limita-precio-del-crudo\/","title":{"rendered":"UE aprueba nuevas sanciones para Rusia y limita precio del crudo"},"content":{"rendered":"<p>Los pa\u00edses de la Uni\u00f3n Europea (UE) lograron ayer un acuerdo para desbloquear el vig\u00e9simo primer paquete de sanciones a Rusia, con la extensi\u00f3n durante 12 meses del tope al precio del petr\u00f3leo, fijado en 44,10 d\u00f3lares, como una de las principales medidas.<br \/>\nLa medida llega tras semanas de negociaci\u00f3n marcadas por las reticencias de algunos pa\u00edses a la prohibici\u00f3n de transportar gas natural licuado (GNL) ruso a terceros pa\u00edses, una medida con fuerte impacto en el sector naviero europeo especializado en ese transporte, como el de Grecia.<br \/>\nFinalmente, se acord\u00f3 una exenci\u00f3n limitada para los contratos y compras vinculados firmados antes del 24 de febrero de 2022, con restricciones a cualquier ampliaci\u00f3n futura de dichas transferencias y a una revisi\u00f3n anual por parte del Consejo de la UE (los pa\u00edses miembros).<br \/>\nEl paquete, propuesto por la Comisi\u00f3n Europea (CE) el 9 de junio, contempla adem\u00e1s el mayor n\u00famero de inclusiones individuales en listas de sanciones de los \u00faltimos cuatro a\u00f1os, con restricciones y prohibiciones de transacciones dirigidas al sector financiero ruso y nuevas medidas relacionadas con las criptomonedas, aunque el texto final a\u00fan no se refrend\u00f3.<br \/>\nLa presidenta de la Comisi\u00f3n Europea, Ursula von der Leyen, celebr\u00f3 el acuerdo y afirm\u00f3 en la red social X que las sanciones \u201ccontin\u00faan debilitando los cimientos econ\u00f3micos del esfuerzo b\u00e9lico de Rusia\u201d en su guerra contra Ucrania.<br \/>\nVon der Leyen precis\u00f3 que el paquete suma 32 nuevos bancos rusos a la lista de entidades sujetas a prohibici\u00f3n de transacciones, adem\u00e1s de plataformas de criptomonedas y de comercio de petr\u00f3leo.<br \/>\nEl presidente del Consejo Europeo, Ant\u00f3nio Costa, defini\u00f3 el pacto como \u201cotro paso decisivo para intensificar la presi\u00f3n sobre Rusia\u201d y asegur\u00f3 que el apoyo europeo a Ucrania \u201csigue siendo inquebrantable\u201d.<br \/>\nLa presidencia irlandesa del Consejo de la UE se\u00f1al\u00f3, por su parte, que el acuerdo busca \u201cgolpear las fuentes de ingresos de Rusia, dificultar su flota en la sombra y alterar sus cadenas de suministro\u201d. (Dw)<\/p>\n","protected":false},"excerpt":{"rendered":"<p>Los pa\u00edses de la Uni\u00f3n Europea (UE) lograron ayer un acuerdo para desbloquear el vig\u00e9simo primer paquete de sanciones a Rusia, con la extensi\u00f3n durante 12 meses del tope al precio del petr\u00f3leo, fijado en 44,10 d\u00f3lares, como una de las principales medidas. La medida llega tras semanas de negociaci\u00f3n marcadas por las reticencias de [&hellip;]<\/p>\n","protected":false},"author":1,"featured_media":415375,"comment_status":"closed","ping_status":"open","sticky":false,"template":"","format":"standard","meta":{"_acf_changed":false,"footnotes":""},"categories":[3],"tags":[],"class_list":["post-415374","post","type-post","status-publish","format-standard","has-post-thumbnail","category-internacional"],"acf":{"antetitulo":""},"yoast_head":"<!-- This site is optimized with the Yoast SEO plugin v28.4 - https:\/\/yoast.com\/product\/yoast-seo-wordpress\/ -->\n<title>UE aprueba nuevas sanciones para Rusia y limita precio del crudo - El Diario - Bolivia<\/title>\n<meta name=\"robots\" content=\"index, follow, max-snippet:-1, max-image-preview:large, max-video-preview:-1\" \/>\n<link rel=\"canonical\" href=\"https:\/\/www.eldiario.net\/portal\/2026\/07\/24\/ue-aprueba-nuevas-sanciones-para-rusia-y-limita-precio-del-crudo\/\" \/>\n<meta property=\"og:locale\" content=\"es_ES\" \/>\n<meta property=\"og:type\" content=\"article\" \/>\n<meta property=\"og:title\" content=\"UE aprueba nuevas sanciones para Rusia y limita precio del crudo - El Diario - Bolivia\" \/>\n<meta property=\"og:description\" content=\"Los pa\u00edses de la Uni\u00f3n Europea (UE) lograron ayer un acuerdo para desbloquear el vig\u00e9simo primer paquete de sanciones a Rusia, con la extensi\u00f3n durante 12 meses del tope al precio del petr\u00f3leo, fijado en 44,10 d\u00f3lares, como una de las principales medidas. La medida llega tras semanas de negociaci\u00f3n marcadas por las reticencias de [&hellip;]\" \/>\n<meta property=\"og:url\" content=\"https:\/\/www.eldiario.net\/portal\/2026\/07\/24\/ue-aprueba-nuevas-sanciones-para-rusia-y-limita-precio-del-crudo\/\" \/>\n<meta property=\"og:site_name\" content=\"El Diario - Bolivia\" \/>\n<meta property=\"article:publisher\" content=\"https:\/\/www.facebook.com\/eldiario.bolivia\/\" \/>\n<meta property=\"article:published_time\" content=\"2026-07-24T10:44:40+00:00\" \/>\n<meta property=\"og:image\" content=\"https:\/\/www.eldiario.net\/portal\/wp-content\/uploads\/2026\/07\/EUROPA-Picture-Alliance-1.webp\" \/>\n\t<meta property=\"og:image:width\" content=\"1200\" \/>\n\t<meta property=\"og:image:height\" content=\"525\" \/>\n\t<meta property=\"og:image:type\" content=\"image\/webp\" \/>\n<meta name=\"author\" content=\"Jeanette\" \/>\n<meta name=\"twitter:card\" content=\"summary_large_image\" \/>\n<meta name=\"twitter:creator\" content=\"@eldiario_net\" \/>\n<meta name=\"twitter:site\" content=\"@eldiario_net\" \/>\n<meta name=\"twitter:label1\" content=\"Escrito por\" \/>\n\t<meta name=\"twitter:data1\" content=\"Jeanette\" \/>\n\t<meta name=\"twitter:label2\" content=\"Tiempo de lectura\" \/>\n\t<meta name=\"twitter:data2\" content=\"2 minutos\" \/>\n<script type=\"application\/ld+json\" class=\"yoast-schema-graph\">{\"@context\":\"https:\\\/\\\/schema.org\",\"@graph\":[{\"@type\":\"Article\",\"@id\":\"https:\\\/\\\/www.eldiario.net\\\/portal\\\/2026\\\/07\\\/24\\\/ue-aprueba-nuevas-sanciones-para-rusia-y-limita-precio-del-crudo\\\/#article\",\"isPartOf\":{\"@id\":\"https:\\\/\\\/www.eldiario.net\\\/portal\\\/2026\\\/07\\\/24\\\/ue-aprueba-nuevas-sanciones-para-rusia-y-limita-precio-del-crudo\\\/\"},\"author\":{\"name\":\"Jeanette\",\"@id\":\"https:\\\/\\\/www.eldiario.net\\\/portal\\\/#\\\/schema\\\/person\\\/f46445640444750d7d753ccd04ae01b7\"},\"headline\":\"UE aprueba nuevas sanciones para Rusia y limita precio del crudo\",\"datePublished\":\"2026-07-24T10:44:40+00:00\",\"mainEntityOfPage\":{\"@id\":\"https:\\\/\\\/www.eldiario.net\\\/portal\\\/2026\\\/07\\\/24\\\/ue-aprueba-nuevas-sanciones-para-rusia-y-limita-precio-del-crudo\\\/\"},\"wordCount\":358,\"publisher\":{\"@id\":\"https:\\\/\\\/www.eldiario.net\\\/portal\\\/#organization\"},\"image\":{\"@id\":\"https:\\\/\\\/www.eldiario.net\\\/portal\\\/2026\\\/07\\\/24\\\/ue-aprueba-nuevas-sanciones-para-rusia-y-limita-precio-del-crudo\\\/#primaryimage\"},\"thumbnailUrl\":\"https:\\\/\\\/www.eldiario.net\\\/portal\\\/wp-content\\\/uploads\\\/2026\\\/07\\\/EUROPA-Picture-Alliance-1.webp\",\"articleSection\":[\"Internacional\"],\"inLanguage\":\"es\"},{\"@type\":\"WebPage\",\"@id\":\"https:\\\/\\\/www.eldiario.net\\\/portal\\\/2026\\\/07\\\/24\\\/ue-aprueba-nuevas-sanciones-para-rusia-y-limita-precio-del-crudo\\\/\",\"url\":\"https:\\\/\\\/www.eldiario.net\\\/portal\\\/2026\\\/07\\\/24\\\/ue-aprueba-nuevas-sanciones-para-rusia-y-limita-precio-del-crudo\\\/\",\"name\":\"UE aprueba nuevas sanciones para Rusia y limita precio del crudo - El Diario - Bolivia\",\"isPartOf\":{\"@id\":\"https:\\\/\\\/www.eldiario.net\\\/portal\\\/#website\"},\"primaryImageOfPage\":{\"@id\":\"https:\\\/\\\/www.eldiario.net\\\/portal\\\/2026\\\/07\\\/24\\\/ue-aprueba-nuevas-sanciones-para-rusia-y-limita-precio-del-crudo\\\/#primaryimage\"},\"image\":{\"@id\":\"https:\\\/\\\/www.eldiario.net\\\/portal\\\/2026\\\/07\\\/24\\\/ue-aprueba-nuevas-sanciones-para-rusia-y-limita-precio-del-crudo\\\/#primaryimage\"},\"thumbnailUrl\":\"https:\\\/\\\/www.eldiario.net\\\/portal\\\/wp-content\\\/uploads\\\/2026\\\/07\\\/EUROPA-Picture-Alliance-1.webp\",\"datePublished\":\"2026-07-24T10:44:40+00:00\",\"breadcrumb\":{\"@id\":\"https:\\\/\\\/www.eldiario.net\\\/portal\\\/2026\\\/07\\\/24\\\/ue-aprueba-nuevas-sanciones-para-rusia-y-limita-precio-del-crudo\\\/#breadcrumb\"},\"inLanguage\":\"es\",\"potentialAction\":[{\"@type\":\"ReadAction\",\"target\":[\"https:\\\/\\\/www.eldiario.net\\\/portal\\\/2026\\\/07\\\/24\\\/ue-aprueba-nuevas-sanciones-para-rusia-y-limita-precio-del-crudo\\\/\"]}]},{\"@type\":\"ImageObject\",\"inLanguage\":\"es\",\"@id\":\"https:\\\/\\\/www.eldiario.net\\\/portal\\\/2026\\\/07\\\/24\\\/ue-aprueba-nuevas-sanciones-para-rusia-y-limita-precio-del-crudo\\\/#primaryimage\",\"url\":\"https:\\\/\\\/www.eldiario.net\\\/portal\\\/wp-content\\\/uploads\\\/2026\\\/07\\\/EUROPA-Picture-Alliance-1.webp\",\"contentUrl\":\"https:\\\/\\\/www.eldiario.net\\\/portal\\\/wp-content\\\/uploads\\\/2026\\\/07\\\/EUROPA-Picture-Alliance-1.webp\",\"width\":1200,\"height\":525,\"caption\":\"La presidenta de la Comisi\u00f3n Europea, Ursula von der Leyen.\"},{\"@type\":\"BreadcrumbList\",\"@id\":\"https:\\\/\\\/www.eldiario.net\\\/portal\\\/2026\\\/07\\\/24\\\/ue-aprueba-nuevas-sanciones-para-rusia-y-limita-precio-del-crudo\\\/#breadcrumb\",\"itemListElement\":[{\"@type\":\"ListItem\",\"position\":1,\"name\":\"Portada\",\"item\":\"https:\\\/\\\/www.eldiario.net\\\/portal\\\/\"},{\"@type\":\"ListItem\",\"position\":2,\"name\":\"UE aprueba nuevas sanciones para Rusia y limita precio del crudo\"}]},{\"@type\":\"WebSite\",\"@id\":\"https:\\\/\\\/www.eldiario.net\\\/portal\\\/#website\",\"url\":\"https:\\\/\\\/www.eldiario.net\\\/portal\\\/\",\"name\":\"El Diario - Decano de la prensa nacional\",\"description\":\"El Diario - Decano de la prensa nacional\",\"publisher\":{\"@id\":\"https:\\\/\\\/www.eldiario.net\\\/portal\\\/#organization\"},\"potentialAction\":[{\"@type\":\"SearchAction\",\"target\":{\"@type\":\"EntryPoint\",\"urlTemplate\":\"https:\\\/\\\/www.eldiario.net\\\/portal\\\/?s={search_term_string}\"},\"query-input\":{\"@type\":\"PropertyValueSpecification\",\"valueRequired\":true,\"valueName\":\"search_term_string\"}}],\"inLanguage\":\"es\"},{\"@type\":\"Organization\",\"@id\":\"https:\\\/\\\/www.eldiario.net\\\/portal\\\/#organization\",\"name\":\"El Diario - Decano de la prensa nacional\",\"url\":\"https:\\\/\\\/www.eldiario.net\\\/portal\\\/\",\"logo\":{\"@type\":\"ImageObject\",\"inLanguage\":\"es\",\"@id\":\"https:\\\/\\\/www.eldiario.net\\\/portal\\\/#\\\/schema\\\/logo\\\/image\\\/\",\"url\":\"https:\\\/\\\/www.eldiario.net\\\/portal\\\/wp-content\\\/uploads\\\/2023\\\/07\\\/logo_ED.jpg\",\"contentUrl\":\"https:\\\/\\\/www.eldiario.net\\\/portal\\\/wp-content\\\/uploads\\\/2023\\\/07\\\/logo_ED.jpg\",\"width\":272,\"height\":52,\"caption\":\"El Diario - Decano de la prensa nacional\"},\"image\":{\"@id\":\"https:\\\/\\\/www.eldiario.net\\\/portal\\\/#\\\/schema\\\/logo\\\/image\\\/\"},\"sameAs\":[\"https:\\\/\\\/www.facebook.com\\\/eldiario.bolivia\\\/\",\"https:\\\/\\\/x.com\\\/eldiario_net\"]},{\"@type\":\"Person\",\"@id\":\"https:\\\/\\\/www.eldiario.net\\\/portal\\\/#\\\/schema\\\/person\\\/f46445640444750d7d753ccd04ae01b7\",\"name\":\"Jeanette\",\"image\":{\"@type\":\"ImageObject\",\"inLanguage\":\"es\",\"@id\":\"https:\\\/\\\/secure.gravatar.com\\\/avatar\\\/3ea2118a5f7dad2b7138b1187a6b7ee55f160b9968b66013c3a3ef39dd7e5798?s=96&d=mm&r=g\",\"url\":\"https:\\\/\\\/secure.gravatar.com\\\/avatar\\\/3ea2118a5f7dad2b7138b1187a6b7ee55f160b9968b66013c3a3ef39dd7e5798?s=96&d=mm&r=g\",\"contentUrl\":\"https:\\\/\\\/secure.gravatar.com\\\/avatar\\\/3ea2118a5f7dad2b7138b1187a6b7ee55f160b9968b66013c3a3ef39dd7e5798?s=96&d=mm&r=g\",\"caption\":\"Jeanette\"},\"sameAs\":[\"https:\\\/\\\/www.eldiario.net\\\/portal\"],\"url\":\"https:\\\/\\\/www.eldiario.net\\\/portal\\\/author\\\/jeanette\\\/\"}]}<\/script>\n<!-- \/ Yoast SEO plugin. -->","yoast_head_json":{"title":"UE aprueba nuevas sanciones para Rusia y limita precio del crudo - El Diario - Bolivia","robots":{"index":"index","follow":"follow","max-snippet":"max-snippet:-1","max-image-preview":"max-image-preview:large","max-video-preview":"max-video-preview:-1"},"canonical":"https:\/\/www.eldiario.net\/portal\/2026\/07\/24\/ue-aprueba-nuevas-sanciones-para-rusia-y-limita-precio-del-crudo\/","og_locale":"es_ES","og_type":"article","og_title":"UE aprueba nuevas sanciones para Rusia y limita precio del crudo - El Diario - Bolivia","og_description":"Los pa\u00edses de la Uni\u00f3n Europea (UE) lograron ayer un acuerdo para desbloquear el vig\u00e9simo primer paquete de sanciones a Rusia, con la extensi\u00f3n durante 12 meses del tope al precio del petr\u00f3leo, fijado en 44,10 d\u00f3lares, como una de las principales medidas. La medida llega tras semanas de negociaci\u00f3n marcadas por las reticencias de [&hellip;]","og_url":"https:\/\/www.eldiario.net\/portal\/2026\/07\/24\/ue-aprueba-nuevas-sanciones-para-rusia-y-limita-precio-del-crudo\/","og_site_name":"El Diario - Bolivia","article_publisher":"https:\/\/www.facebook.com\/eldiario.bolivia\/","article_published_time":"2026-07-24T10:44:40+00:00","og_image":[{"width":1200,"height":525,"url":"https:\/\/www.eldiario.net\/portal\/wp-content\/uploads\/2026\/07\/EUROPA-Picture-Alliance-1.webp","type":"image\/webp"}],"author":"Jeanette","twitter_card":"summary_large_image","twitter_creator":"@eldiario_net","twitter_site":"@eldiario_net","twitter_misc":{"Escrito por":"Jeanette","Tiempo de lectura":"2 minutos"},"schema":{"@context":"https:\/\/schema.org","@graph":[{"@type":"Article","@id":"https:\/\/www.eldiario.net\/portal\/2026\/07\/24\/ue-aprueba-nuevas-sanciones-para-rusia-y-limita-precio-del-crudo\/#article","isPartOf":{"@id":"https:\/\/www.eldiario.net\/portal\/2026\/07\/24\/ue-aprueba-nuevas-sanciones-para-rusia-y-limita-precio-del-crudo\/"},"author":{"name":"Jeanette","@id":"https:\/\/www.eldiario.net\/portal\/#\/schema\/person\/f46445640444750d7d753ccd04ae01b7"},"headline":"UE aprueba nuevas sanciones para Rusia y limita precio del crudo","datePublished":"2026-07-24T10:44:40+00:00","mainEntityOfPage":{"@id":"https:\/\/www.eldiario.net\/portal\/2026\/07\/24\/ue-aprueba-nuevas-sanciones-para-rusia-y-limita-precio-del-crudo\/"},"wordCount":358,"publisher":{"@id":"https:\/\/www.eldiario.net\/portal\/#organization"},"image":{"@id":"https:\/\/www.eldiario.net\/portal\/2026\/07\/24\/ue-aprueba-nuevas-sanciones-para-rusia-y-limita-precio-del-crudo\/#primaryimage"},"thumbnailUrl":"https:\/\/www.eldiario.net\/portal\/wp-content\/uploads\/2026\/07\/EUROPA-Picture-Alliance-1.webp","articleSection":["Internacional"],"inLanguage":"es"},{"@type":"WebPage","@id":"https:\/\/www.eldiario.net\/portal\/2026\/07\/24\/ue-aprueba-nuevas-sanciones-para-rusia-y-limita-precio-del-crudo\/","url":"https:\/\/www.eldiario.net\/portal\/2026\/07\/24\/ue-aprueba-nuevas-sanciones-para-rusia-y-limita-precio-del-crudo\/","name":"UE aprueba nuevas sanciones para Rusia y limita precio del crudo - El Diario - Bolivia","isPartOf":{"@id":"https:\/\/www.eldiario.net\/portal\/#website"},"primaryImageOfPage":{"@id":"https:\/\/www.eldiario.net\/portal\/2026\/07\/24\/ue-aprueba-nuevas-sanciones-para-rusia-y-limita-precio-del-crudo\/#primaryimage"},"image":{"@id":"https:\/\/www.eldiario.net\/portal\/2026\/07\/24\/ue-aprueba-nuevas-sanciones-para-rusia-y-limita-precio-del-crudo\/#primaryimage"},"thumbnailUrl":"https:\/\/www.eldiario.net\/portal\/wp-content\/uploads\/2026\/07\/EUROPA-Picture-Alliance-1.webp","datePublished":"2026-07-24T10:44:40+00:00","breadcrumb":{"@id":"https:\/\/www.eldiario.net\/portal\/2026\/07\/24\/ue-aprueba-nuevas-sanciones-para-rusia-y-limita-precio-del-crudo\/#breadcrumb"},"inLanguage":"es","potentialAction":[{"@type":"ReadAction","target":["https:\/\/www.eldiario.net\/portal\/2026\/07\/24\/ue-aprueba-nuevas-sanciones-para-rusia-y-limita-precio-del-crudo\/"]}]},{"@type":"ImageObject","inLanguage":"es","@id":"https:\/\/www.eldiario.net\/portal\/2026\/07\/24\/ue-aprueba-nuevas-sanciones-para-rusia-y-limita-precio-del-crudo\/#primaryimage","url":"https:\/\/www.eldiario.net\/portal\/wp-content\/uploads\/2026\/07\/EUROPA-Picture-Alliance-1.webp","contentUrl":"https:\/\/www.eldiario.net\/portal\/wp-content\/uploads\/2026\/07\/EUROPA-Picture-Alliance-1.webp","width":1200,"height":525,"caption":"La presidenta de la Comisi\u00f3n Europea, Ursula von der Leyen."},{"@type":"BreadcrumbList","@id":"https:\/\/www.eldiario.net\/portal\/2026\/07\/24\/ue-aprueba-nuevas-sanciones-para-rusia-y-limita-precio-del-crudo\/#breadcrumb","itemListElement":[{"@type":"ListItem","position":1,"name":"Portada","item":"https:\/\/www.eldiario.net\/portal\/"},{"@type":"ListItem","position":2,"name":"UE aprueba nuevas sanciones para Rusia y limita precio del crudo"}]},{"@type":"WebSite","@id":"https:\/\/www.eldiario.net\/portal\/#website","url":"https:\/\/www.eldiario.net\/portal\/","name":"El Diario - Decano de la prensa nacional","description":"El Diario - Decano de la prensa nacional","publisher":{"@id":"https:\/\/www.eldiario.net\/portal\/#organization"},"potentialAction":[{"@type":"SearchAction","target":{"@type":"EntryPoint","urlTemplate":"https:\/\/www.eldiario.net\/portal\/?s={search_term_string}"},"query-input":{"@type":"PropertyValueSpecification","valueRequired":true,"valueName":"search_term_string"}}],"inLanguage":"es"},{"@type":"Organization","@id":"https:\/\/www.eldiario.net\/portal\/#organization","name":"El Diario - Decano de la prensa nacional","url":"https:\/\/www.eldiario.net\/portal\/","logo":{"@type":"ImageObject","inLanguage":"es","@id":"https:\/\/www.eldiario.net\/portal\/#\/schema\/logo\/image\/","url":"https:\/\/www.eldiario.net\/portal\/wp-content\/uploads\/2023\/07\/logo_ED.jpg","contentUrl":"https:\/\/www.eldiario.net\/portal\/wp-content\/uploads\/2023\/07\/logo_ED.jpg","width":272,"height":52,"caption":"El Diario - Decano de la prensa nacional"},"image":{"@id":"https:\/\/www.eldiario.net\/portal\/#\/schema\/logo\/image\/"},"sameAs":["https:\/\/www.facebook.com\/eldiario.bolivia\/","https:\/\/x.com\/eldiario_net"]},{"@type":"Person","@id":"https:\/\/www.eldiario.net\/portal\/#\/schema\/person\/f46445640444750d7d753ccd04ae01b7","name":"Jeanette","image":{"@type":"ImageObject","inLanguage":"es","@id":"https:\/\/secure.gravatar.com\/avatar\/3ea2118a5f7dad2b7138b1187a6b7ee55f160b9968b66013c3a3ef39dd7e5798?s=96&d=mm&r=g","url":"https:\/\/secure.gravatar.com\/avatar\/3ea2118a5f7dad2b7138b1187a6b7ee55f160b9968b66013c3a3ef39dd7e5798?s=96&d=mm&r=g","contentUrl":"https:\/\/secure.gravatar.com\/avatar\/3ea2118a5f7dad2b7138b1187a6b7ee55f160b9968b66013c3a3ef39dd7e5798?s=96&d=mm&r=g","caption":"Jeanette"},"sameAs":["https:\/\/www.eldiario.net\/portal"],"url":"https:\/\/www.eldiario.net\/portal\/author\/jeanette\/"}]}},"_links":{"self":[{"href":"https:\/\/www.eldiario.net\/portal\/wp-json\/wp\/v2\/posts\/415374","targetHints":{"allow":["GET"]}}],"collection":[{"href":"https:\/\/www.eldiario.net\/portal\/wp-json\/wp\/v2\/posts"}],"about":[{"href":"https:\/\/www.eldiario.net\/portal\/wp-json\/wp\/v2\/types\/post"}],"author":[{"embeddable":true,"href":"https:\/\/www.eldiario.net\/portal\/wp-json\/wp\/v2\/users\/1"}],"replies":[{"embeddable":true,"href":"https:\/\/www.eldiario.net\/portal\/wp-json\/wp\/v2\/comments?post=415374"}],"version-history":[{"count":1,"href":"https:\/\/www.eldiario.net\/portal\/wp-json\/wp\/v2\/posts\/415374\/revisions"}],"predecessor-version":[{"id":415376,"href":"https:\/\/www.eldiario.net\/portal\/wp-json\/wp\/v2\/posts\/415374\/revisions\/415376"}],"wp:featuredmedia":[{"embeddable":true,"href":"https:\/\/www.eldiario.net\/portal\/wp-json\/wp\/v2\/media\/415375"}],"wp:attachment":[{"href":"https:\/\/www.eldiario.net\/portal\/wp-json\/wp\/v2\/media?parent=415374"}],"wp:term":[{"taxonomy":"category","embeddable":true,"href":"https:\/\/www.eldiario.net\/portal\/wp-json\/wp\/v2\/categories?post=415374"},{"taxonomy":"post_tag","embeddable":true,"href":"https:\/\/www.eldiario.net\/portal\/wp-json\/wp\/v2\/tags?post=415374"}],"curies":[{"name":"wp","href":"https:\/\/api.w.org\/{rel}","templated":true}]}}