{"id":415371,"date":"2026-07-24T06:43:22","date_gmt":"2026-07-24T10:43:22","guid":{"rendered":"https:\/\/www.eldiario.net\/portal\/?p=415371"},"modified":"2026-07-24T06:43:22","modified_gmt":"2026-07-24T10:43:22","slug":"focos-de-calor-bajan-un-55-en-todo-el-pais","status":"publish","type":"post","link":"https:\/\/www.eldiario.net\/portal\/2026\/07\/24\/focos-de-calor-bajan-un-55-en-todo-el-pais\/","title":{"rendered":"Focos de calor bajan un 55% en todo el pa\u00eds"},"content":{"rendered":"<p>El Servicio Nacional de Meteorolog\u00eda e Hidrolog\u00eda (Senamhi) report\u00f3 una reducci\u00f3n del 55% de los focos de calor en el pa\u00eds en comparaci\u00f3n con la jornada previa.<br \/>\nDe acuerdo con datos publicados en el reporte diario que emite la entidad estatal, existen 526 puntos calientes detectados, 643 menos que los reportados el mi\u00e9rcoles cuando era de 1.169.<br \/>\nLos otros departamentos que le siguen son Beni y Chuquisaca; luego est\u00e1n La Paz, Oruro y Pando.<br \/>\nRespecto al incendio en Tarija, el presidente Rodrigo Paz afirm\u00f3 el pasado mi\u00e9rcoles que contin\u00faan los trabajos para extinguir los incendios forestales en Tarija y que se est\u00e1 \u201cmuy cerca\u201d de controlar la emergencia, que dej\u00f3 cuantiosas hect\u00e1reas afectadas.<br \/>\nD\u00edas previos, el Jefe de Estado inst\u00f3 investigar el origen de estos hechos registrados en el pa\u00eds, luego de que sobrevuelos realizados en las zonas afectadas en el departamento tarije\u00f1o, uno de los m\u00e1s afectados, reportaran la presencia de focos de calor aislados que, de manera preliminar, no tendr\u00edan conexi\u00f3n con los incendios ya existentes.<br \/>\nAsimismo, el Senamhi pidi\u00f3 a las personas que tengan alg\u00fan reporte de incendio forestal, comunicarse con el n\u00famero habilitado 64210076.<\/p>\n<p>SANTA CRUZ<br \/>\nLa directora de Recursos Naturales de la Gobernaci\u00f3n (Direna), Indiana Ascarrunz, inform\u00f3 que, de acuerdo con el Sistema de Alerta Temprana de Incendios Forestales (Satif), el departamento de Santa Cruz no registra incendios forestales activos. No obstante, record\u00f3 que se mantiene vigente la alerta amarilla ante el riesgo de nuevas emergencias.<br \/>\n\u201cEstamos con cero incendios activos. Recalcamos a la poblaci\u00f3n que seguimos en alerta amarilla y pedimos a los municipios activar los mecanismos de monitoreo de los focos de calor para evitar que estos se conviertan en incendios de gran magnitud\u201d, se\u00f1al\u00f3 Ascarrunz.<br \/>\nRespecto al incendio que afect\u00f3 al parque Otuquis, el subgobernador de la provincia Germ\u00e1n Busch, Luis Delgadillo, confirm\u00f3 que el fuego fue declarado oficialmente extinguido tras una ardua tarea que cont\u00f3 con la colaboraci\u00f3n de diferentes instituciones.<br \/>\n\u201cVamos a trabajar de manera coordinada, incluso mediante nuevas gestiones binacionales, para evitar que una situaci\u00f3n como esta vuelva a repetirse. Adem\u00e1s, junto con la Polic\u00eda de la provincia Germ\u00e1n Busch, el Quinto Distrito Naval y el Gobierno Municipal, socializaremos un decreto departamental que suspender\u00e1 todas las actividades relacionadas con las quemas\u201d, explic\u00f3.<br \/>\nDirena indic\u00f3 adem\u00e1s que ayer se registraron 430 focos de calor en el departamento y que los incendios forestales atendidos durante la presente temporada dejaron una afectaci\u00f3n superior a 20.000 hect\u00e1reas.<br \/>\nAscarrunz y Delgadillo destacaron el trabajo conjunto de las instituciones que participaron en el control y la liquidaci\u00f3n del incendio en Otuquis.<br \/>\n\u201cNuestro reconocimiento a los guardaparques del Sernap y del parque Otuquis, a la Armada Boliviana, la Alcald\u00eda de Puerto Su\u00e1rez, la empresa sider\u00fargica Mut\u00fan, Nativa y a todas las personas e instituciones que contribuyeron a preservar la biodiversidad de esta importante \u00e1rea protegida\u201d, concluy\u00f3 la directora de Direna. (agencias)<\/p>\n","protected":false},"excerpt":{"rendered":"<p>El Servicio Nacional de Meteorolog\u00eda e Hidrolog\u00eda (Senamhi) report\u00f3 una reducci\u00f3n del 55% de los focos de calor en el pa\u00eds en comparaci\u00f3n con la jornada previa. De acuerdo con datos publicados en el reporte diario que emite la entidad estatal, existen 526 puntos calientes detectados, 643 menos que los reportados el mi\u00e9rcoles cuando era [&hellip;]<\/p>\n","protected":false},"author":1,"featured_media":415372,"comment_status":"closed","ping_status":"open","sticky":false,"template":"","format":"standard","meta":{"_acf_changed":false,"footnotes":""},"categories":[12],"tags":[],"class_list":["post-415371","post","type-post","status-publish","format-standard","has-post-thumbnail","category-nacional"],"acf":{"antetitulo":""},"yoast_head":"<!-- This site is optimized with the Yoast SEO plugin v28.4 - https:\/\/yoast.com\/product\/yoast-seo-wordpress\/ -->\n<title>Focos de calor bajan un 55% en todo el pa\u00eds - El Diario - Bolivia<\/title>\n<meta name=\"robots\" content=\"index, follow, max-snippet:-1, max-image-preview:large, max-video-preview:-1\" \/>\n<link rel=\"canonical\" href=\"https:\/\/www.eldiario.net\/portal\/2026\/07\/24\/focos-de-calor-bajan-un-55-en-todo-el-pais\/\" \/>\n<meta property=\"og:locale\" content=\"es_ES\" \/>\n<meta property=\"og:type\" content=\"article\" \/>\n<meta property=\"og:title\" content=\"Focos de calor bajan un 55% en todo el pa\u00eds - El Diario - Bolivia\" \/>\n<meta property=\"og:description\" content=\"El Servicio Nacional de Meteorolog\u00eda e Hidrolog\u00eda (Senamhi) report\u00f3 una reducci\u00f3n del 55% de los focos de calor en el pa\u00eds en comparaci\u00f3n con la jornada previa. De acuerdo con datos publicados en el reporte diario que emite la entidad estatal, existen 526 puntos calientes detectados, 643 menos que los reportados el mi\u00e9rcoles cuando era [&hellip;]\" \/>\n<meta property=\"og:url\" content=\"https:\/\/www.eldiario.net\/portal\/2026\/07\/24\/focos-de-calor-bajan-un-55-en-todo-el-pais\/\" \/>\n<meta property=\"og:site_name\" content=\"El Diario - Bolivia\" \/>\n<meta property=\"article:publisher\" content=\"https:\/\/www.facebook.com\/eldiario.bolivia\/\" \/>\n<meta property=\"article:published_time\" content=\"2026-07-24T10:43:22+00:00\" \/>\n<meta property=\"og:image\" content=\"https:\/\/www.eldiario.net\/portal\/wp-content\/uploads\/2026\/07\/70-NAL-10.webp\" \/>\n\t<meta property=\"og:image:width\" content=\"1536\" \/>\n\t<meta property=\"og:image:height\" content=\"865\" \/>\n\t<meta property=\"og:image:type\" content=\"image\/webp\" \/>\n<meta name=\"author\" content=\"Jeanette\" \/>\n<meta name=\"twitter:card\" content=\"summary_large_image\" \/>\n<meta name=\"twitter:creator\" content=\"@eldiario_net\" \/>\n<meta name=\"twitter:site\" content=\"@eldiario_net\" \/>\n<meta name=\"twitter:label1\" content=\"Escrito por\" \/>\n\t<meta name=\"twitter:data1\" content=\"Jeanette\" \/>\n\t<meta name=\"twitter:label2\" content=\"Tiempo de lectura\" \/>\n\t<meta name=\"twitter:data2\" content=\"3 minutos\" \/>\n<script type=\"application\/ld+json\" class=\"yoast-schema-graph\">{\"@context\":\"https:\\\/\\\/schema.org\",\"@graph\":[{\"@type\":\"Article\",\"@id\":\"https:\\\/\\\/www.eldiario.net\\\/portal\\\/2026\\\/07\\\/24\\\/focos-de-calor-bajan-un-55-en-todo-el-pais\\\/#article\",\"isPartOf\":{\"@id\":\"https:\\\/\\\/www.eldiario.net\\\/portal\\\/2026\\\/07\\\/24\\\/focos-de-calor-bajan-un-55-en-todo-el-pais\\\/\"},\"author\":{\"name\":\"Jeanette\",\"@id\":\"https:\\\/\\\/www.eldiario.net\\\/portal\\\/#\\\/schema\\\/person\\\/f46445640444750d7d753ccd04ae01b7\"},\"headline\":\"Focos de calor bajan un 55% en todo el pa\u00eds\",\"datePublished\":\"2026-07-24T10:43:22+00:00\",\"mainEntityOfPage\":{\"@id\":\"https:\\\/\\\/www.eldiario.net\\\/portal\\\/2026\\\/07\\\/24\\\/focos-de-calor-bajan-un-55-en-todo-el-pais\\\/\"},\"wordCount\":513,\"publisher\":{\"@id\":\"https:\\\/\\\/www.eldiario.net\\\/portal\\\/#organization\"},\"image\":{\"@id\":\"https:\\\/\\\/www.eldiario.net\\\/portal\\\/2026\\\/07\\\/24\\\/focos-de-calor-bajan-un-55-en-todo-el-pais\\\/#primaryimage\"},\"thumbnailUrl\":\"https:\\\/\\\/www.eldiario.net\\\/portal\\\/wp-content\\\/uploads\\\/2026\\\/07\\\/70-NAL-10.webp\",\"articleSection\":[\"Nacional\"],\"inLanguage\":\"es\"},{\"@type\":\"WebPage\",\"@id\":\"https:\\\/\\\/www.eldiario.net\\\/portal\\\/2026\\\/07\\\/24\\\/focos-de-calor-bajan-un-55-en-todo-el-pais\\\/\",\"url\":\"https:\\\/\\\/www.eldiario.net\\\/portal\\\/2026\\\/07\\\/24\\\/focos-de-calor-bajan-un-55-en-todo-el-pais\\\/\",\"name\":\"Focos de calor bajan un 55% en todo el pa\u00eds - El Diario - Bolivia\",\"isPartOf\":{\"@id\":\"https:\\\/\\\/www.eldiario.net\\\/portal\\\/#website\"},\"primaryImageOfPage\":{\"@id\":\"https:\\\/\\\/www.eldiario.net\\\/portal\\\/2026\\\/07\\\/24\\\/focos-de-calor-bajan-un-55-en-todo-el-pais\\\/#primaryimage\"},\"image\":{\"@id\":\"https:\\\/\\\/www.eldiario.net\\\/portal\\\/2026\\\/07\\\/24\\\/focos-de-calor-bajan-un-55-en-todo-el-pais\\\/#primaryimage\"},\"thumbnailUrl\":\"https:\\\/\\\/www.eldiario.net\\\/portal\\\/wp-content\\\/uploads\\\/2026\\\/07\\\/70-NAL-10.webp\",\"datePublished\":\"2026-07-24T10:43:22+00:00\",\"breadcrumb\":{\"@id\":\"https:\\\/\\\/www.eldiario.net\\\/portal\\\/2026\\\/07\\\/24\\\/focos-de-calor-bajan-un-55-en-todo-el-pais\\\/#breadcrumb\"},\"inLanguage\":\"es\",\"potentialAction\":[{\"@type\":\"ReadAction\",\"target\":[\"https:\\\/\\\/www.eldiario.net\\\/portal\\\/2026\\\/07\\\/24\\\/focos-de-calor-bajan-un-55-en-todo-el-pais\\\/\"]}]},{\"@type\":\"ImageObject\",\"inLanguage\":\"es\",\"@id\":\"https:\\\/\\\/www.eldiario.net\\\/portal\\\/2026\\\/07\\\/24\\\/focos-de-calor-bajan-un-55-en-todo-el-pais\\\/#primaryimage\",\"url\":\"https:\\\/\\\/www.eldiario.net\\\/portal\\\/wp-content\\\/uploads\\\/2026\\\/07\\\/70-NAL-10.webp\",\"contentUrl\":\"https:\\\/\\\/www.eldiario.net\\\/portal\\\/wp-content\\\/uploads\\\/2026\\\/07\\\/70-NAL-10.webp\",\"width\":1536,\"height\":865,\"caption\":\"Bomberos enfr\u00edan vestigios del fuego en Tarija.\"},{\"@type\":\"BreadcrumbList\",\"@id\":\"https:\\\/\\\/www.eldiario.net\\\/portal\\\/2026\\\/07\\\/24\\\/focos-de-calor-bajan-un-55-en-todo-el-pais\\\/#breadcrumb\",\"itemListElement\":[{\"@type\":\"ListItem\",\"position\":1,\"name\":\"Portada\",\"item\":\"https:\\\/\\\/www.eldiario.net\\\/portal\\\/\"},{\"@type\":\"ListItem\",\"position\":2,\"name\":\"Focos de calor bajan un 55% en todo el pa\u00eds\"}]},{\"@type\":\"WebSite\",\"@id\":\"https:\\\/\\\/www.eldiario.net\\\/portal\\\/#website\",\"url\":\"https:\\\/\\\/www.eldiario.net\\\/portal\\\/\",\"name\":\"El Diario - Decano de la prensa nacional\",\"description\":\"El Diario - Decano de la prensa nacional\",\"publisher\":{\"@id\":\"https:\\\/\\\/www.eldiario.net\\\/portal\\\/#organization\"},\"potentialAction\":[{\"@type\":\"SearchAction\",\"target\":{\"@type\":\"EntryPoint\",\"urlTemplate\":\"https:\\\/\\\/www.eldiario.net\\\/portal\\\/?s={search_term_string}\"},\"query-input\":{\"@type\":\"PropertyValueSpecification\",\"valueRequired\":true,\"valueName\":\"search_term_string\"}}],\"inLanguage\":\"es\"},{\"@type\":\"Organization\",\"@id\":\"https:\\\/\\\/www.eldiario.net\\\/portal\\\/#organization\",\"name\":\"El Diario - Decano de la prensa nacional\",\"url\":\"https:\\\/\\\/www.eldiario.net\\\/portal\\\/\",\"logo\":{\"@type\":\"ImageObject\",\"inLanguage\":\"es\",\"@id\":\"https:\\\/\\\/www.eldiario.net\\\/portal\\\/#\\\/schema\\\/logo\\\/image\\\/\",\"url\":\"https:\\\/\\\/www.eldiario.net\\\/portal\\\/wp-content\\\/uploads\\\/2023\\\/07\\\/logo_ED.jpg\",\"contentUrl\":\"https:\\\/\\\/www.eldiario.net\\\/portal\\\/wp-content\\\/uploads\\\/2023\\\/07\\\/logo_ED.jpg\",\"width\":272,\"height\":52,\"caption\":\"El Diario - Decano de la prensa nacional\"},\"image\":{\"@id\":\"https:\\\/\\\/www.eldiario.net\\\/portal\\\/#\\\/schema\\\/logo\\\/image\\\/\"},\"sameAs\":[\"https:\\\/\\\/www.facebook.com\\\/eldiario.bolivia\\\/\",\"https:\\\/\\\/x.com\\\/eldiario_net\"]},{\"@type\":\"Person\",\"@id\":\"https:\\\/\\\/www.eldiario.net\\\/portal\\\/#\\\/schema\\\/person\\\/f46445640444750d7d753ccd04ae01b7\",\"name\":\"Jeanette\",\"image\":{\"@type\":\"ImageObject\",\"inLanguage\":\"es\",\"@id\":\"https:\\\/\\\/secure.gravatar.com\\\/avatar\\\/3ea2118a5f7dad2b7138b1187a6b7ee55f160b9968b66013c3a3ef39dd7e5798?s=96&d=mm&r=g\",\"url\":\"https:\\\/\\\/secure.gravatar.com\\\/avatar\\\/3ea2118a5f7dad2b7138b1187a6b7ee55f160b9968b66013c3a3ef39dd7e5798?s=96&d=mm&r=g\",\"contentUrl\":\"https:\\\/\\\/secure.gravatar.com\\\/avatar\\\/3ea2118a5f7dad2b7138b1187a6b7ee55f160b9968b66013c3a3ef39dd7e5798?s=96&d=mm&r=g\",\"caption\":\"Jeanette\"},\"sameAs\":[\"https:\\\/\\\/www.eldiario.net\\\/portal\"],\"url\":\"https:\\\/\\\/www.eldiario.net\\\/portal\\\/author\\\/jeanette\\\/\"}]}<\/script>\n<!-- \/ Yoast SEO plugin. -->","yoast_head_json":{"title":"Focos de calor bajan un 55% en todo el pa\u00eds - El Diario - Bolivia","robots":{"index":"index","follow":"follow","max-snippet":"max-snippet:-1","max-image-preview":"max-image-preview:large","max-video-preview":"max-video-preview:-1"},"canonical":"https:\/\/www.eldiario.net\/portal\/2026\/07\/24\/focos-de-calor-bajan-un-55-en-todo-el-pais\/","og_locale":"es_ES","og_type":"article","og_title":"Focos de calor bajan un 55% en todo el pa\u00eds - El Diario - Bolivia","og_description":"El Servicio Nacional de Meteorolog\u00eda e Hidrolog\u00eda (Senamhi) report\u00f3 una reducci\u00f3n del 55% de los focos de calor en el pa\u00eds en comparaci\u00f3n con la jornada previa. De acuerdo con datos publicados en el reporte diario que emite la entidad estatal, existen 526 puntos calientes detectados, 643 menos que los reportados el mi\u00e9rcoles cuando era [&hellip;]","og_url":"https:\/\/www.eldiario.net\/portal\/2026\/07\/24\/focos-de-calor-bajan-un-55-en-todo-el-pais\/","og_site_name":"El Diario - Bolivia","article_publisher":"https:\/\/www.facebook.com\/eldiario.bolivia\/","article_published_time":"2026-07-24T10:43:22+00:00","og_image":[{"width":1536,"height":865,"url":"https:\/\/www.eldiario.net\/portal\/wp-content\/uploads\/2026\/07\/70-NAL-10.webp","type":"image\/webp"}],"author":"Jeanette","twitter_card":"summary_large_image","twitter_creator":"@eldiario_net","twitter_site":"@eldiario_net","twitter_misc":{"Escrito por":"Jeanette","Tiempo de lectura":"3 minutos"},"schema":{"@context":"https:\/\/schema.org","@graph":[{"@type":"Article","@id":"https:\/\/www.eldiario.net\/portal\/2026\/07\/24\/focos-de-calor-bajan-un-55-en-todo-el-pais\/#article","isPartOf":{"@id":"https:\/\/www.eldiario.net\/portal\/2026\/07\/24\/focos-de-calor-bajan-un-55-en-todo-el-pais\/"},"author":{"name":"Jeanette","@id":"https:\/\/www.eldiario.net\/portal\/#\/schema\/person\/f46445640444750d7d753ccd04ae01b7"},"headline":"Focos de calor bajan un 55% en todo el pa\u00eds","datePublished":"2026-07-24T10:43:22+00:00","mainEntityOfPage":{"@id":"https:\/\/www.eldiario.net\/portal\/2026\/07\/24\/focos-de-calor-bajan-un-55-en-todo-el-pais\/"},"wordCount":513,"publisher":{"@id":"https:\/\/www.eldiario.net\/portal\/#organization"},"image":{"@id":"https:\/\/www.eldiario.net\/portal\/2026\/07\/24\/focos-de-calor-bajan-un-55-en-todo-el-pais\/#primaryimage"},"thumbnailUrl":"https:\/\/www.eldiario.net\/portal\/wp-content\/uploads\/2026\/07\/70-NAL-10.webp","articleSection":["Nacional"],"inLanguage":"es"},{"@type":"WebPage","@id":"https:\/\/www.eldiario.net\/portal\/2026\/07\/24\/focos-de-calor-bajan-un-55-en-todo-el-pais\/","url":"https:\/\/www.eldiario.net\/portal\/2026\/07\/24\/focos-de-calor-bajan-un-55-en-todo-el-pais\/","name":"Focos de calor bajan un 55% en todo el pa\u00eds - El Diario - Bolivia","isPartOf":{"@id":"https:\/\/www.eldiario.net\/portal\/#website"},"primaryImageOfPage":{"@id":"https:\/\/www.eldiario.net\/portal\/2026\/07\/24\/focos-de-calor-bajan-un-55-en-todo-el-pais\/#primaryimage"},"image":{"@id":"https:\/\/www.eldiario.net\/portal\/2026\/07\/24\/focos-de-calor-bajan-un-55-en-todo-el-pais\/#primaryimage"},"thumbnailUrl":"https:\/\/www.eldiario.net\/portal\/wp-content\/uploads\/2026\/07\/70-NAL-10.webp","datePublished":"2026-07-24T10:43:22+00:00","breadcrumb":{"@id":"https:\/\/www.eldiario.net\/portal\/2026\/07\/24\/focos-de-calor-bajan-un-55-en-todo-el-pais\/#breadcrumb"},"inLanguage":"es","potentialAction":[{"@type":"ReadAction","target":["https:\/\/www.eldiario.net\/portal\/2026\/07\/24\/focos-de-calor-bajan-un-55-en-todo-el-pais\/"]}]},{"@type":"ImageObject","inLanguage":"es","@id":"https:\/\/www.eldiario.net\/portal\/2026\/07\/24\/focos-de-calor-bajan-un-55-en-todo-el-pais\/#primaryimage","url":"https:\/\/www.eldiario.net\/portal\/wp-content\/uploads\/2026\/07\/70-NAL-10.webp","contentUrl":"https:\/\/www.eldiario.net\/portal\/wp-content\/uploads\/2026\/07\/70-NAL-10.webp","width":1536,"height":865,"caption":"Bomberos enfr\u00edan vestigios del fuego en Tarija."},{"@type":"BreadcrumbList","@id":"https:\/\/www.eldiario.net\/portal\/2026\/07\/24\/focos-de-calor-bajan-un-55-en-todo-el-pais\/#breadcrumb","itemListElement":[{"@type":"ListItem","position":1,"name":"Portada","item":"https:\/\/www.eldiario.net\/portal\/"},{"@type":"ListItem","position":2,"name":"Focos de calor bajan un 55% en todo el pa\u00eds"}]},{"@type":"WebSite","@id":"https:\/\/www.eldiario.net\/portal\/#website","url":"https:\/\/www.eldiario.net\/portal\/","name":"El Diario - Decano de la prensa nacional","description":"El Diario - Decano de la prensa nacional","publisher":{"@id":"https:\/\/www.eldiario.net\/portal\/#organization"},"potentialAction":[{"@type":"SearchAction","target":{"@type":"EntryPoint","urlTemplate":"https:\/\/www.eldiario.net\/portal\/?s={search_term_string}"},"query-input":{"@type":"PropertyValueSpecification","valueRequired":true,"valueName":"search_term_string"}}],"inLanguage":"es"},{"@type":"Organization","@id":"https:\/\/www.eldiario.net\/portal\/#organization","name":"El Diario - Decano de la prensa nacional","url":"https:\/\/www.eldiario.net\/portal\/","logo":{"@type":"ImageObject","inLanguage":"es","@id":"https:\/\/www.eldiario.net\/portal\/#\/schema\/logo\/image\/","url":"https:\/\/www.eldiario.net\/portal\/wp-content\/uploads\/2023\/07\/logo_ED.jpg","contentUrl":"https:\/\/www.eldiario.net\/portal\/wp-content\/uploads\/2023\/07\/logo_ED.jpg","width":272,"height":52,"caption":"El Diario - Decano de la prensa nacional"},"image":{"@id":"https:\/\/www.eldiario.net\/portal\/#\/schema\/logo\/image\/"},"sameAs":["https:\/\/www.facebook.com\/eldiario.bolivia\/","https:\/\/x.com\/eldiario_net"]},{"@type":"Person","@id":"https:\/\/www.eldiario.net\/portal\/#\/schema\/person\/f46445640444750d7d753ccd04ae01b7","name":"Jeanette","image":{"@type":"ImageObject","inLanguage":"es","@id":"https:\/\/secure.gravatar.com\/avatar\/3ea2118a5f7dad2b7138b1187a6b7ee55f160b9968b66013c3a3ef39dd7e5798?s=96&d=mm&r=g","url":"https:\/\/secure.gravatar.com\/avatar\/3ea2118a5f7dad2b7138b1187a6b7ee55f160b9968b66013c3a3ef39dd7e5798?s=96&d=mm&r=g","contentUrl":"https:\/\/secure.gravatar.com\/avatar\/3ea2118a5f7dad2b7138b1187a6b7ee55f160b9968b66013c3a3ef39dd7e5798?s=96&d=mm&r=g","caption":"Jeanette"},"sameAs":["https:\/\/www.eldiario.net\/portal"],"url":"https:\/\/www.eldiario.net\/portal\/author\/jeanette\/"}]}},"_links":{"self":[{"href":"https:\/\/www.eldiario.net\/portal\/wp-json\/wp\/v2\/posts\/415371","targetHints":{"allow":["GET"]}}],"collection":[{"href":"https:\/\/www.eldiario.net\/portal\/wp-json\/wp\/v2\/posts"}],"about":[{"href":"https:\/\/www.eldiario.net\/portal\/wp-json\/wp\/v2\/types\/post"}],"author":[{"embeddable":true,"href":"https:\/\/www.eldiario.net\/portal\/wp-json\/wp\/v2\/users\/1"}],"replies":[{"embeddable":true,"href":"https:\/\/www.eldiario.net\/portal\/wp-json\/wp\/v2\/comments?post=415371"}],"version-history":[{"count":1,"href":"https:\/\/www.eldiario.net\/portal\/wp-json\/wp\/v2\/posts\/415371\/revisions"}],"predecessor-version":[{"id":415373,"href":"https:\/\/www.eldiario.net\/portal\/wp-json\/wp\/v2\/posts\/415371\/revisions\/415373"}],"wp:featuredmedia":[{"embeddable":true,"href":"https:\/\/www.eldiario.net\/portal\/wp-json\/wp\/v2\/media\/415372"}],"wp:attachment":[{"href":"https:\/\/www.eldiario.net\/portal\/wp-json\/wp\/v2\/media?parent=415371"}],"wp:term":[{"taxonomy":"category","embeddable":true,"href":"https:\/\/www.eldiario.net\/portal\/wp-json\/wp\/v2\/categories?post=415371"},{"taxonomy":"post_tag","embeddable":true,"href":"https:\/\/www.eldiario.net\/portal\/wp-json\/wp\/v2\/tags?post=415371"}],"curies":[{"name":"wp","href":"https:\/\/api.w.org\/{rel}","templated":true}]}}