{"id":415362,"date":"2026-07-24T06:41:35","date_gmt":"2026-07-24T10:41:35","guid":{"rendered":"https:\/\/www.eldiario.net\/portal\/?p=415362"},"modified":"2026-07-24T06:41:35","modified_gmt":"2026-07-24T10:41:35","slug":"investigacion-activa-campana-para-detectar-el-cancer-oral","status":"publish","type":"post","link":"https:\/\/www.eldiario.net\/portal\/2026\/07\/24\/investigacion-activa-campana-para-detectar-el-cancer-oral\/","title":{"rendered":"Investigaci\u00f3n activa campa\u00f1a  para detectar el c\u00e1ncer oral"},"content":{"rendered":"<p>Una investigaci\u00f3n desarrollada por el Servicio de Oncolog\u00eda del Hospital de Tercer Nivel Montero identific\u00f3 una preocupante presencia de c\u00e1ncer de cavidad oral y lesiones precancerosas en la provincia Velasco, hallazgo que motiv\u00f3 a la Gobernaci\u00f3n de Santa Cruz a poner en marcha la primera campa\u00f1a de prevenci\u00f3n y detecci\u00f3n temprana de esta enfermedad en la regi\u00f3n.<br \/>\nLa iniciativa comenz\u00f3 con la capacitaci\u00f3n de profesionales de salud para fortalecer el diagn\u00f3stico oportuno y la referencia de pacientes al tercer nivel de atenci\u00f3n. La estrategia busca acercar servicios especializados a las provincias y mejorar las posibilidades de tratamiento mediante la detecci\u00f3n precoz.<br \/>\nLa campa\u00f1a es resultado del trabajo coordinado entre la Gobernaci\u00f3n de Santa Cruz, la Asamblea Legislativa Departamental, el Servicio Departamental de Salud (Sedes), la Subgobernaci\u00f3n de la provincia Velasco y los gobiernos municipales, con el objetivo de fortalecer la prevenci\u00f3n y ampliar el acceso a la atenci\u00f3n oncol\u00f3gica especializada.<br \/>\nLa gerente del Hospital de Tercer Nivel Montero, Jackeline Rojas, destac\u00f3 el compromiso del establecimiento con la atenci\u00f3n de pacientes de la Chiquitania.<br \/>\n\u201cA un solo llamado, Montero dijo presente porque entendemos que la salud es lo primordial\u201d, expres\u00f3, al se\u00f1alar que el hospital desplaz\u00f3 especialistas y recursos tecnol\u00f3gicos para respaldar la campa\u00f1a.<br \/>\nLa autoridad exhort\u00f3 a la poblaci\u00f3n que presente llagas que no cicatrizan, manchas blancas o rojas, o cualquier lesi\u00f3n persistente en la cavidad oral, a acudir a los centros de salud para una evaluaci\u00f3n gratuita durante la campa\u00f1a. (Santa Cruz, agencias)<\/p>\n","protected":false},"excerpt":{"rendered":"<p>Una investigaci\u00f3n desarrollada por el Servicio de Oncolog\u00eda del Hospital de Tercer Nivel Montero identific\u00f3 una preocupante presencia de c\u00e1ncer de cavidad oral y lesiones precancerosas en la provincia Velasco, hallazgo que motiv\u00f3 a la Gobernaci\u00f3n de Santa Cruz a poner en marcha la primera campa\u00f1a de prevenci\u00f3n y detecci\u00f3n temprana de esta enfermedad en [&hellip;]<\/p>\n","protected":false},"author":1,"featured_media":415363,"comment_status":"closed","ping_status":"open","sticky":false,"template":"","format":"standard","meta":{"_acf_changed":false,"footnotes":""},"categories":[15],"tags":[],"class_list":["post-415362","post","type-post","status-publish","format-standard","has-post-thumbnail","category-portada"],"acf":{"antetitulo":"Santa Cruz"},"yoast_head":"<!-- This site is optimized with the Yoast SEO plugin v28.4 - https:\/\/yoast.com\/product\/yoast-seo-wordpress\/ -->\n<title>Investigaci\u00f3n activa campa\u00f1a para detectar el c\u00e1ncer oral - El Diario - Bolivia<\/title>\n<meta name=\"robots\" content=\"index, follow, max-snippet:-1, max-image-preview:large, max-video-preview:-1\" \/>\n<link rel=\"canonical\" href=\"https:\/\/www.eldiario.net\/portal\/2026\/07\/24\/investigacion-activa-campana-para-detectar-el-cancer-oral\/\" \/>\n<meta property=\"og:locale\" content=\"es_ES\" \/>\n<meta property=\"og:type\" content=\"article\" \/>\n<meta property=\"og:title\" content=\"Investigaci\u00f3n activa campa\u00f1a para detectar el c\u00e1ncer oral - El Diario - Bolivia\" \/>\n<meta property=\"og:description\" content=\"Una investigaci\u00f3n desarrollada por el Servicio de Oncolog\u00eda del Hospital de Tercer Nivel Montero identific\u00f3 una preocupante presencia de c\u00e1ncer de cavidad oral y lesiones precancerosas en la provincia Velasco, hallazgo que motiv\u00f3 a la Gobernaci\u00f3n de Santa Cruz a poner en marcha la primera campa\u00f1a de prevenci\u00f3n y detecci\u00f3n temprana de esta enfermedad en [&hellip;]\" \/>\n<meta property=\"og:url\" content=\"https:\/\/www.eldiario.net\/portal\/2026\/07\/24\/investigacion-activa-campana-para-detectar-el-cancer-oral\/\" \/>\n<meta property=\"og:site_name\" content=\"El Diario - Bolivia\" \/>\n<meta property=\"article:publisher\" content=\"https:\/\/www.facebook.com\/eldiario.bolivia\/\" \/>\n<meta property=\"article:published_time\" content=\"2026-07-24T10:41:35+00:00\" \/>\n<meta property=\"og:image\" content=\"https:\/\/www.eldiario.net\/portal\/wp-content\/uploads\/2026\/07\/73-NAL-5.webp\" \/>\n\t<meta property=\"og:image:width\" content=\"735\" \/>\n\t<meta property=\"og:image:height\" content=\"490\" \/>\n\t<meta property=\"og:image:type\" content=\"image\/webp\" \/>\n<meta name=\"author\" content=\"Jeanette\" \/>\n<meta name=\"twitter:card\" content=\"summary_large_image\" \/>\n<meta name=\"twitter:creator\" content=\"@eldiario_net\" \/>\n<meta name=\"twitter:site\" content=\"@eldiario_net\" \/>\n<meta name=\"twitter:label1\" content=\"Escrito por\" \/>\n\t<meta name=\"twitter:data1\" content=\"Jeanette\" \/>\n\t<meta name=\"twitter:label2\" content=\"Tiempo de lectura\" \/>\n\t<meta name=\"twitter:data2\" content=\"2 minutos\" \/>\n<script type=\"application\/ld+json\" class=\"yoast-schema-graph\">{\"@context\":\"https:\\\/\\\/schema.org\",\"@graph\":[{\"@type\":\"Article\",\"@id\":\"https:\\\/\\\/www.eldiario.net\\\/portal\\\/2026\\\/07\\\/24\\\/investigacion-activa-campana-para-detectar-el-cancer-oral\\\/#article\",\"isPartOf\":{\"@id\":\"https:\\\/\\\/www.eldiario.net\\\/portal\\\/2026\\\/07\\\/24\\\/investigacion-activa-campana-para-detectar-el-cancer-oral\\\/\"},\"author\":{\"name\":\"Jeanette\",\"@id\":\"https:\\\/\\\/www.eldiario.net\\\/portal\\\/#\\\/schema\\\/person\\\/f46445640444750d7d753ccd04ae01b7\"},\"headline\":\"Investigaci\u00f3n activa campa\u00f1a para detectar el c\u00e1ncer oral\",\"datePublished\":\"2026-07-24T10:41:35+00:00\",\"mainEntityOfPage\":{\"@id\":\"https:\\\/\\\/www.eldiario.net\\\/portal\\\/2026\\\/07\\\/24\\\/investigacion-activa-campana-para-detectar-el-cancer-oral\\\/\"},\"wordCount\":281,\"publisher\":{\"@id\":\"https:\\\/\\\/www.eldiario.net\\\/portal\\\/#organization\"},\"image\":{\"@id\":\"https:\\\/\\\/www.eldiario.net\\\/portal\\\/2026\\\/07\\\/24\\\/investigacion-activa-campana-para-detectar-el-cancer-oral\\\/#primaryimage\"},\"thumbnailUrl\":\"https:\\\/\\\/www.eldiario.net\\\/portal\\\/wp-content\\\/uploads\\\/2026\\\/07\\\/73-NAL-5.webp\",\"articleSection\":[\"Portada\"],\"inLanguage\":\"es\"},{\"@type\":\"WebPage\",\"@id\":\"https:\\\/\\\/www.eldiario.net\\\/portal\\\/2026\\\/07\\\/24\\\/investigacion-activa-campana-para-detectar-el-cancer-oral\\\/\",\"url\":\"https:\\\/\\\/www.eldiario.net\\\/portal\\\/2026\\\/07\\\/24\\\/investigacion-activa-campana-para-detectar-el-cancer-oral\\\/\",\"name\":\"Investigaci\u00f3n activa campa\u00f1a para detectar el c\u00e1ncer oral - El Diario - Bolivia\",\"isPartOf\":{\"@id\":\"https:\\\/\\\/www.eldiario.net\\\/portal\\\/#website\"},\"primaryImageOfPage\":{\"@id\":\"https:\\\/\\\/www.eldiario.net\\\/portal\\\/2026\\\/07\\\/24\\\/investigacion-activa-campana-para-detectar-el-cancer-oral\\\/#primaryimage\"},\"image\":{\"@id\":\"https:\\\/\\\/www.eldiario.net\\\/portal\\\/2026\\\/07\\\/24\\\/investigacion-activa-campana-para-detectar-el-cancer-oral\\\/#primaryimage\"},\"thumbnailUrl\":\"https:\\\/\\\/www.eldiario.net\\\/portal\\\/wp-content\\\/uploads\\\/2026\\\/07\\\/73-NAL-5.webp\",\"datePublished\":\"2026-07-24T10:41:35+00:00\",\"breadcrumb\":{\"@id\":\"https:\\\/\\\/www.eldiario.net\\\/portal\\\/2026\\\/07\\\/24\\\/investigacion-activa-campana-para-detectar-el-cancer-oral\\\/#breadcrumb\"},\"inLanguage\":\"es\",\"potentialAction\":[{\"@type\":\"ReadAction\",\"target\":[\"https:\\\/\\\/www.eldiario.net\\\/portal\\\/2026\\\/07\\\/24\\\/investigacion-activa-campana-para-detectar-el-cancer-oral\\\/\"]}]},{\"@type\":\"ImageObject\",\"inLanguage\":\"es\",\"@id\":\"https:\\\/\\\/www.eldiario.net\\\/portal\\\/2026\\\/07\\\/24\\\/investigacion-activa-campana-para-detectar-el-cancer-oral\\\/#primaryimage\",\"url\":\"https:\\\/\\\/www.eldiario.net\\\/portal\\\/wp-content\\\/uploads\\\/2026\\\/07\\\/73-NAL-5.webp\",\"contentUrl\":\"https:\\\/\\\/www.eldiario.net\\\/portal\\\/wp-content\\\/uploads\\\/2026\\\/07\\\/73-NAL-5.webp\",\"width\":735,\"height\":490,\"caption\":\"Presentaci\u00f3n del estudio en el hospital de Montero.\"},{\"@type\":\"BreadcrumbList\",\"@id\":\"https:\\\/\\\/www.eldiario.net\\\/portal\\\/2026\\\/07\\\/24\\\/investigacion-activa-campana-para-detectar-el-cancer-oral\\\/#breadcrumb\",\"itemListElement\":[{\"@type\":\"ListItem\",\"position\":1,\"name\":\"Portada\",\"item\":\"https:\\\/\\\/www.eldiario.net\\\/portal\\\/\"},{\"@type\":\"ListItem\",\"position\":2,\"name\":\"Investigaci\u00f3n activa campa\u00f1a para detectar el c\u00e1ncer oral\"}]},{\"@type\":\"WebSite\",\"@id\":\"https:\\\/\\\/www.eldiario.net\\\/portal\\\/#website\",\"url\":\"https:\\\/\\\/www.eldiario.net\\\/portal\\\/\",\"name\":\"El Diario - Decano de la prensa nacional\",\"description\":\"El Diario - Decano de la prensa nacional\",\"publisher\":{\"@id\":\"https:\\\/\\\/www.eldiario.net\\\/portal\\\/#organization\"},\"potentialAction\":[{\"@type\":\"SearchAction\",\"target\":{\"@type\":\"EntryPoint\",\"urlTemplate\":\"https:\\\/\\\/www.eldiario.net\\\/portal\\\/?s={search_term_string}\"},\"query-input\":{\"@type\":\"PropertyValueSpecification\",\"valueRequired\":true,\"valueName\":\"search_term_string\"}}],\"inLanguage\":\"es\"},{\"@type\":\"Organization\",\"@id\":\"https:\\\/\\\/www.eldiario.net\\\/portal\\\/#organization\",\"name\":\"El Diario - Decano de la prensa nacional\",\"url\":\"https:\\\/\\\/www.eldiario.net\\\/portal\\\/\",\"logo\":{\"@type\":\"ImageObject\",\"inLanguage\":\"es\",\"@id\":\"https:\\\/\\\/www.eldiario.net\\\/portal\\\/#\\\/schema\\\/logo\\\/image\\\/\",\"url\":\"https:\\\/\\\/www.eldiario.net\\\/portal\\\/wp-content\\\/uploads\\\/2023\\\/07\\\/logo_ED.jpg\",\"contentUrl\":\"https:\\\/\\\/www.eldiario.net\\\/portal\\\/wp-content\\\/uploads\\\/2023\\\/07\\\/logo_ED.jpg\",\"width\":272,\"height\":52,\"caption\":\"El Diario - Decano de la prensa nacional\"},\"image\":{\"@id\":\"https:\\\/\\\/www.eldiario.net\\\/portal\\\/#\\\/schema\\\/logo\\\/image\\\/\"},\"sameAs\":[\"https:\\\/\\\/www.facebook.com\\\/eldiario.bolivia\\\/\",\"https:\\\/\\\/x.com\\\/eldiario_net\"]},{\"@type\":\"Person\",\"@id\":\"https:\\\/\\\/www.eldiario.net\\\/portal\\\/#\\\/schema\\\/person\\\/f46445640444750d7d753ccd04ae01b7\",\"name\":\"Jeanette\",\"image\":{\"@type\":\"ImageObject\",\"inLanguage\":\"es\",\"@id\":\"https:\\\/\\\/secure.gravatar.com\\\/avatar\\\/3ea2118a5f7dad2b7138b1187a6b7ee55f160b9968b66013c3a3ef39dd7e5798?s=96&d=mm&r=g\",\"url\":\"https:\\\/\\\/secure.gravatar.com\\\/avatar\\\/3ea2118a5f7dad2b7138b1187a6b7ee55f160b9968b66013c3a3ef39dd7e5798?s=96&d=mm&r=g\",\"contentUrl\":\"https:\\\/\\\/secure.gravatar.com\\\/avatar\\\/3ea2118a5f7dad2b7138b1187a6b7ee55f160b9968b66013c3a3ef39dd7e5798?s=96&d=mm&r=g\",\"caption\":\"Jeanette\"},\"sameAs\":[\"https:\\\/\\\/www.eldiario.net\\\/portal\"],\"url\":\"https:\\\/\\\/www.eldiario.net\\\/portal\\\/author\\\/jeanette\\\/\"}]}<\/script>\n<!-- \/ Yoast SEO plugin. -->","yoast_head_json":{"title":"Investigaci\u00f3n activa campa\u00f1a para detectar el c\u00e1ncer oral - El Diario - Bolivia","robots":{"index":"index","follow":"follow","max-snippet":"max-snippet:-1","max-image-preview":"max-image-preview:large","max-video-preview":"max-video-preview:-1"},"canonical":"https:\/\/www.eldiario.net\/portal\/2026\/07\/24\/investigacion-activa-campana-para-detectar-el-cancer-oral\/","og_locale":"es_ES","og_type":"article","og_title":"Investigaci\u00f3n activa campa\u00f1a para detectar el c\u00e1ncer oral - El Diario - Bolivia","og_description":"Una investigaci\u00f3n desarrollada por el Servicio de Oncolog\u00eda del Hospital de Tercer Nivel Montero identific\u00f3 una preocupante presencia de c\u00e1ncer de cavidad oral y lesiones precancerosas en la provincia Velasco, hallazgo que motiv\u00f3 a la Gobernaci\u00f3n de Santa Cruz a poner en marcha la primera campa\u00f1a de prevenci\u00f3n y detecci\u00f3n temprana de esta enfermedad en [&hellip;]","og_url":"https:\/\/www.eldiario.net\/portal\/2026\/07\/24\/investigacion-activa-campana-para-detectar-el-cancer-oral\/","og_site_name":"El Diario - Bolivia","article_publisher":"https:\/\/www.facebook.com\/eldiario.bolivia\/","article_published_time":"2026-07-24T10:41:35+00:00","og_image":[{"width":735,"height":490,"url":"https:\/\/www.eldiario.net\/portal\/wp-content\/uploads\/2026\/07\/73-NAL-5.webp","type":"image\/webp"}],"author":"Jeanette","twitter_card":"summary_large_image","twitter_creator":"@eldiario_net","twitter_site":"@eldiario_net","twitter_misc":{"Escrito por":"Jeanette","Tiempo de lectura":"2 minutos"},"schema":{"@context":"https:\/\/schema.org","@graph":[{"@type":"Article","@id":"https:\/\/www.eldiario.net\/portal\/2026\/07\/24\/investigacion-activa-campana-para-detectar-el-cancer-oral\/#article","isPartOf":{"@id":"https:\/\/www.eldiario.net\/portal\/2026\/07\/24\/investigacion-activa-campana-para-detectar-el-cancer-oral\/"},"author":{"name":"Jeanette","@id":"https:\/\/www.eldiario.net\/portal\/#\/schema\/person\/f46445640444750d7d753ccd04ae01b7"},"headline":"Investigaci\u00f3n activa campa\u00f1a para detectar el c\u00e1ncer oral","datePublished":"2026-07-24T10:41:35+00:00","mainEntityOfPage":{"@id":"https:\/\/www.eldiario.net\/portal\/2026\/07\/24\/investigacion-activa-campana-para-detectar-el-cancer-oral\/"},"wordCount":281,"publisher":{"@id":"https:\/\/www.eldiario.net\/portal\/#organization"},"image":{"@id":"https:\/\/www.eldiario.net\/portal\/2026\/07\/24\/investigacion-activa-campana-para-detectar-el-cancer-oral\/#primaryimage"},"thumbnailUrl":"https:\/\/www.eldiario.net\/portal\/wp-content\/uploads\/2026\/07\/73-NAL-5.webp","articleSection":["Portada"],"inLanguage":"es"},{"@type":"WebPage","@id":"https:\/\/www.eldiario.net\/portal\/2026\/07\/24\/investigacion-activa-campana-para-detectar-el-cancer-oral\/","url":"https:\/\/www.eldiario.net\/portal\/2026\/07\/24\/investigacion-activa-campana-para-detectar-el-cancer-oral\/","name":"Investigaci\u00f3n activa campa\u00f1a para detectar el c\u00e1ncer oral - El Diario - Bolivia","isPartOf":{"@id":"https:\/\/www.eldiario.net\/portal\/#website"},"primaryImageOfPage":{"@id":"https:\/\/www.eldiario.net\/portal\/2026\/07\/24\/investigacion-activa-campana-para-detectar-el-cancer-oral\/#primaryimage"},"image":{"@id":"https:\/\/www.eldiario.net\/portal\/2026\/07\/24\/investigacion-activa-campana-para-detectar-el-cancer-oral\/#primaryimage"},"thumbnailUrl":"https:\/\/www.eldiario.net\/portal\/wp-content\/uploads\/2026\/07\/73-NAL-5.webp","datePublished":"2026-07-24T10:41:35+00:00","breadcrumb":{"@id":"https:\/\/www.eldiario.net\/portal\/2026\/07\/24\/investigacion-activa-campana-para-detectar-el-cancer-oral\/#breadcrumb"},"inLanguage":"es","potentialAction":[{"@type":"ReadAction","target":["https:\/\/www.eldiario.net\/portal\/2026\/07\/24\/investigacion-activa-campana-para-detectar-el-cancer-oral\/"]}]},{"@type":"ImageObject","inLanguage":"es","@id":"https:\/\/www.eldiario.net\/portal\/2026\/07\/24\/investigacion-activa-campana-para-detectar-el-cancer-oral\/#primaryimage","url":"https:\/\/www.eldiario.net\/portal\/wp-content\/uploads\/2026\/07\/73-NAL-5.webp","contentUrl":"https:\/\/www.eldiario.net\/portal\/wp-content\/uploads\/2026\/07\/73-NAL-5.webp","width":735,"height":490,"caption":"Presentaci\u00f3n del estudio en el hospital de Montero."},{"@type":"BreadcrumbList","@id":"https:\/\/www.eldiario.net\/portal\/2026\/07\/24\/investigacion-activa-campana-para-detectar-el-cancer-oral\/#breadcrumb","itemListElement":[{"@type":"ListItem","position":1,"name":"Portada","item":"https:\/\/www.eldiario.net\/portal\/"},{"@type":"ListItem","position":2,"name":"Investigaci\u00f3n activa campa\u00f1a para detectar el c\u00e1ncer oral"}]},{"@type":"WebSite","@id":"https:\/\/www.eldiario.net\/portal\/#website","url":"https:\/\/www.eldiario.net\/portal\/","name":"El Diario - Decano de la prensa nacional","description":"El Diario - Decano de la prensa nacional","publisher":{"@id":"https:\/\/www.eldiario.net\/portal\/#organization"},"potentialAction":[{"@type":"SearchAction","target":{"@type":"EntryPoint","urlTemplate":"https:\/\/www.eldiario.net\/portal\/?s={search_term_string}"},"query-input":{"@type":"PropertyValueSpecification","valueRequired":true,"valueName":"search_term_string"}}],"inLanguage":"es"},{"@type":"Organization","@id":"https:\/\/www.eldiario.net\/portal\/#organization","name":"El Diario - Decano de la prensa nacional","url":"https:\/\/www.eldiario.net\/portal\/","logo":{"@type":"ImageObject","inLanguage":"es","@id":"https:\/\/www.eldiario.net\/portal\/#\/schema\/logo\/image\/","url":"https:\/\/www.eldiario.net\/portal\/wp-content\/uploads\/2023\/07\/logo_ED.jpg","contentUrl":"https:\/\/www.eldiario.net\/portal\/wp-content\/uploads\/2023\/07\/logo_ED.jpg","width":272,"height":52,"caption":"El Diario - Decano de la prensa nacional"},"image":{"@id":"https:\/\/www.eldiario.net\/portal\/#\/schema\/logo\/image\/"},"sameAs":["https:\/\/www.facebook.com\/eldiario.bolivia\/","https:\/\/x.com\/eldiario_net"]},{"@type":"Person","@id":"https:\/\/www.eldiario.net\/portal\/#\/schema\/person\/f46445640444750d7d753ccd04ae01b7","name":"Jeanette","image":{"@type":"ImageObject","inLanguage":"es","@id":"https:\/\/secure.gravatar.com\/avatar\/3ea2118a5f7dad2b7138b1187a6b7ee55f160b9968b66013c3a3ef39dd7e5798?s=96&d=mm&r=g","url":"https:\/\/secure.gravatar.com\/avatar\/3ea2118a5f7dad2b7138b1187a6b7ee55f160b9968b66013c3a3ef39dd7e5798?s=96&d=mm&r=g","contentUrl":"https:\/\/secure.gravatar.com\/avatar\/3ea2118a5f7dad2b7138b1187a6b7ee55f160b9968b66013c3a3ef39dd7e5798?s=96&d=mm&r=g","caption":"Jeanette"},"sameAs":["https:\/\/www.eldiario.net\/portal"],"url":"https:\/\/www.eldiario.net\/portal\/author\/jeanette\/"}]}},"_links":{"self":[{"href":"https:\/\/www.eldiario.net\/portal\/wp-json\/wp\/v2\/posts\/415362","targetHints":{"allow":["GET"]}}],"collection":[{"href":"https:\/\/www.eldiario.net\/portal\/wp-json\/wp\/v2\/posts"}],"about":[{"href":"https:\/\/www.eldiario.net\/portal\/wp-json\/wp\/v2\/types\/post"}],"author":[{"embeddable":true,"href":"https:\/\/www.eldiario.net\/portal\/wp-json\/wp\/v2\/users\/1"}],"replies":[{"embeddable":true,"href":"https:\/\/www.eldiario.net\/portal\/wp-json\/wp\/v2\/comments?post=415362"}],"version-history":[{"count":1,"href":"https:\/\/www.eldiario.net\/portal\/wp-json\/wp\/v2\/posts\/415362\/revisions"}],"predecessor-version":[{"id":415364,"href":"https:\/\/www.eldiario.net\/portal\/wp-json\/wp\/v2\/posts\/415362\/revisions\/415364"}],"wp:featuredmedia":[{"embeddable":true,"href":"https:\/\/www.eldiario.net\/portal\/wp-json\/wp\/v2\/media\/415363"}],"wp:attachment":[{"href":"https:\/\/www.eldiario.net\/portal\/wp-json\/wp\/v2\/media?parent=415362"}],"wp:term":[{"taxonomy":"category","embeddable":true,"href":"https:\/\/www.eldiario.net\/portal\/wp-json\/wp\/v2\/categories?post=415362"},{"taxonomy":"post_tag","embeddable":true,"href":"https:\/\/www.eldiario.net\/portal\/wp-json\/wp\/v2\/tags?post=415362"}],"curies":[{"name":"wp","href":"https:\/\/api.w.org\/{rel}","templated":true}]}}