{"id":415336,"date":"2026-07-24T06:29:38","date_gmt":"2026-07-24T10:29:38","guid":{"rendered":"https:\/\/www.eldiario.net\/portal\/?p=415336"},"modified":"2026-07-24T06:29:38","modified_gmt":"2026-07-24T10:29:38","slug":"policia-de-brasil-descarta-droga-en-madera-boliviana","status":"publish","type":"post","link":"https:\/\/www.eldiario.net\/portal\/2026\/07\/24\/policia-de-brasil-descarta-droga-en-madera-boliviana\/","title":{"rendered":"Polic\u00eda de Brasil descarta droga en madera boliviana"},"content":{"rendered":"<p>La Polic\u00eda Federal de Brasil concluy\u00f3 que el cargamento de 260 toneladas de madera procedente de Bolivia, retenido en junio en la frontera entre ambos pa\u00edses, no conten\u00eda coca\u00edna. El resultado del an\u00e1lisis pericial descart\u00f3 la hip\u00f3tesis que motiv\u00f3 el operativo, luego de que pruebas preliminares sugirieran la posible presencia de sustancias controladas.<br \/>\nDe acuerdo con un informe difundido por el portal brasile\u00f1o G1, los especialistas sometieron las muestras a diversos estudios de laboratorio y no encontraron evidencia de droga en ninguna de las piezas examinadas. El documento se\u00f1ala que todas las pruebas t\u00e9cnicas efectuadas sobre la madera arrojaron resultados negativos para coca\u00edna.<br \/>\nComo parte del procedimiento, los peritos inspeccionaron minuciosamente fragmentos del cargamento para identificar posibles se\u00f1ales de impregnaci\u00f3n de sustancias il\u00edcitas. Para ello extrajeron muestras de aserr\u00edn y astillas de diferentes troncos, las cuales fueron sometidas a an\u00e1lisis instrumentales entre el 23 y el 29 de junio. Posteriormente, el 2 de julio, una vez descargada la mercanc\u00eda, las autoridades brasile\u00f1as realizaron una nueva revisi\u00f3n utilizando perros entrenados para detectar narc\u00f3ticos. La inspecci\u00f3n tampoco encontr\u00f3 indicios de droga, reforzando las conclusiones del laboratorio. (Br\u00fajula Digital)<\/p>\n<p>PIE DE FOTO<\/p>\n","protected":false},"excerpt":{"rendered":"<p>La Polic\u00eda Federal de Brasil concluy\u00f3 que el cargamento de 260 toneladas de madera procedente de Bolivia, retenido en junio en la frontera entre ambos pa\u00edses, no conten\u00eda coca\u00edna. El resultado del an\u00e1lisis pericial descart\u00f3 la hip\u00f3tesis que motiv\u00f3 el operativo, luego de que pruebas preliminares sugirieran la posible presencia de sustancias controladas. De acuerdo [&hellip;]<\/p>\n","protected":false},"author":1,"featured_media":415337,"comment_status":"closed","ping_status":"open","sticky":false,"template":"","format":"standard","meta":{"_acf_changed":false,"footnotes":""},"categories":[15],"tags":[],"class_list":["post-415336","post","type-post","status-publish","format-standard","has-post-thumbnail","category-portada"],"acf":{"antetitulo":"Seg\u00fan informe"},"yoast_head":"<!-- This site is optimized with the Yoast SEO plugin v28.4 - https:\/\/yoast.com\/product\/yoast-seo-wordpress\/ -->\n<title>Polic\u00eda de Brasil descarta droga en madera boliviana - El Diario - Bolivia<\/title>\n<meta name=\"robots\" content=\"index, follow, max-snippet:-1, max-image-preview:large, max-video-preview:-1\" \/>\n<link rel=\"canonical\" href=\"https:\/\/www.eldiario.net\/portal\/2026\/07\/24\/policia-de-brasil-descarta-droga-en-madera-boliviana\/\" \/>\n<meta property=\"og:locale\" content=\"es_ES\" \/>\n<meta property=\"og:type\" content=\"article\" \/>\n<meta property=\"og:title\" content=\"Polic\u00eda de Brasil descarta droga en madera boliviana - El Diario - Bolivia\" \/>\n<meta property=\"og:description\" content=\"La Polic\u00eda Federal de Brasil concluy\u00f3 que el cargamento de 260 toneladas de madera procedente de Bolivia, retenido en junio en la frontera entre ambos pa\u00edses, no conten\u00eda coca\u00edna. El resultado del an\u00e1lisis pericial descart\u00f3 la hip\u00f3tesis que motiv\u00f3 el operativo, luego de que pruebas preliminares sugirieran la posible presencia de sustancias controladas. De acuerdo [&hellip;]\" \/>\n<meta property=\"og:url\" content=\"https:\/\/www.eldiario.net\/portal\/2026\/07\/24\/policia-de-brasil-descarta-droga-en-madera-boliviana\/\" \/>\n<meta property=\"og:site_name\" content=\"El Diario - Bolivia\" \/>\n<meta property=\"article:publisher\" content=\"https:\/\/www.facebook.com\/eldiario.bolivia\/\" \/>\n<meta property=\"article:published_time\" content=\"2026-07-24T10:29:38+00:00\" \/>\n<meta property=\"og:image\" content=\"https:\/\/www.eldiario.net\/portal\/wp-content\/uploads\/2026\/07\/Incautacion-madera-rrss.webp\" \/>\n\t<meta property=\"og:image:width\" content=\"980\" \/>\n\t<meta property=\"og:image:height\" content=\"550\" \/>\n\t<meta property=\"og:image:type\" content=\"image\/webp\" \/>\n<meta name=\"author\" content=\"Jeanette\" \/>\n<meta name=\"twitter:card\" content=\"summary_large_image\" \/>\n<meta name=\"twitter:creator\" content=\"@eldiario_net\" \/>\n<meta name=\"twitter:site\" content=\"@eldiario_net\" \/>\n<meta name=\"twitter:label1\" content=\"Escrito por\" \/>\n\t<meta name=\"twitter:data1\" content=\"Jeanette\" \/>\n\t<meta name=\"twitter:label2\" content=\"Tiempo de lectura\" \/>\n\t<meta name=\"twitter:data2\" content=\"2 minutos\" \/>\n<script type=\"application\/ld+json\" class=\"yoast-schema-graph\">{\"@context\":\"https:\\\/\\\/schema.org\",\"@graph\":[{\"@type\":\"Article\",\"@id\":\"https:\\\/\\\/www.eldiario.net\\\/portal\\\/2026\\\/07\\\/24\\\/policia-de-brasil-descarta-droga-en-madera-boliviana\\\/#article\",\"isPartOf\":{\"@id\":\"https:\\\/\\\/www.eldiario.net\\\/portal\\\/2026\\\/07\\\/24\\\/policia-de-brasil-descarta-droga-en-madera-boliviana\\\/\"},\"author\":{\"name\":\"Jeanette\",\"@id\":\"https:\\\/\\\/www.eldiario.net\\\/portal\\\/#\\\/schema\\\/person\\\/2c57cf2b7a7ae032e449e4c9b1019eac\"},\"headline\":\"Polic\u00eda de Brasil descarta droga en madera boliviana\",\"datePublished\":\"2026-07-24T10:29:38+00:00\",\"mainEntityOfPage\":{\"@id\":\"https:\\\/\\\/www.eldiario.net\\\/portal\\\/2026\\\/07\\\/24\\\/policia-de-brasil-descarta-droga-en-madera-boliviana\\\/\"},\"wordCount\":215,\"publisher\":{\"@id\":\"https:\\\/\\\/www.eldiario.net\\\/portal\\\/#organization\"},\"image\":{\"@id\":\"https:\\\/\\\/www.eldiario.net\\\/portal\\\/2026\\\/07\\\/24\\\/policia-de-brasil-descarta-droga-en-madera-boliviana\\\/#primaryimage\"},\"thumbnailUrl\":\"https:\\\/\\\/www.eldiario.net\\\/portal\\\/wp-content\\\/uploads\\\/2026\\\/07\\\/Incautacion-madera-rrss.webp\",\"articleSection\":[\"Portada\"],\"inLanguage\":\"es\"},{\"@type\":\"WebPage\",\"@id\":\"https:\\\/\\\/www.eldiario.net\\\/portal\\\/2026\\\/07\\\/24\\\/policia-de-brasil-descarta-droga-en-madera-boliviana\\\/\",\"url\":\"https:\\\/\\\/www.eldiario.net\\\/portal\\\/2026\\\/07\\\/24\\\/policia-de-brasil-descarta-droga-en-madera-boliviana\\\/\",\"name\":\"Polic\u00eda de Brasil descarta droga en madera boliviana - El Diario - Bolivia\",\"isPartOf\":{\"@id\":\"https:\\\/\\\/www.eldiario.net\\\/portal\\\/#website\"},\"primaryImageOfPage\":{\"@id\":\"https:\\\/\\\/www.eldiario.net\\\/portal\\\/2026\\\/07\\\/24\\\/policia-de-brasil-descarta-droga-en-madera-boliviana\\\/#primaryimage\"},\"image\":{\"@id\":\"https:\\\/\\\/www.eldiario.net\\\/portal\\\/2026\\\/07\\\/24\\\/policia-de-brasil-descarta-droga-en-madera-boliviana\\\/#primaryimage\"},\"thumbnailUrl\":\"https:\\\/\\\/www.eldiario.net\\\/portal\\\/wp-content\\\/uploads\\\/2026\\\/07\\\/Incautacion-madera-rrss.webp\",\"datePublished\":\"2026-07-24T10:29:38+00:00\",\"breadcrumb\":{\"@id\":\"https:\\\/\\\/www.eldiario.net\\\/portal\\\/2026\\\/07\\\/24\\\/policia-de-brasil-descarta-droga-en-madera-boliviana\\\/#breadcrumb\"},\"inLanguage\":\"es\",\"potentialAction\":[{\"@type\":\"ReadAction\",\"target\":[\"https:\\\/\\\/www.eldiario.net\\\/portal\\\/2026\\\/07\\\/24\\\/policia-de-brasil-descarta-droga-en-madera-boliviana\\\/\"]}]},{\"@type\":\"ImageObject\",\"inLanguage\":\"es\",\"@id\":\"https:\\\/\\\/www.eldiario.net\\\/portal\\\/2026\\\/07\\\/24\\\/policia-de-brasil-descarta-droga-en-madera-boliviana\\\/#primaryimage\",\"url\":\"https:\\\/\\\/www.eldiario.net\\\/portal\\\/wp-content\\\/uploads\\\/2026\\\/07\\\/Incautacion-madera-rrss.webp\",\"contentUrl\":\"https:\\\/\\\/www.eldiario.net\\\/portal\\\/wp-content\\\/uploads\\\/2026\\\/07\\\/Incautacion-madera-rrss.webp\",\"width\":980,\"height\":550},{\"@type\":\"BreadcrumbList\",\"@id\":\"https:\\\/\\\/www.eldiario.net\\\/portal\\\/2026\\\/07\\\/24\\\/policia-de-brasil-descarta-droga-en-madera-boliviana\\\/#breadcrumb\",\"itemListElement\":[{\"@type\":\"ListItem\",\"position\":1,\"name\":\"Portada\",\"item\":\"https:\\\/\\\/www.eldiario.net\\\/portal\\\/\"},{\"@type\":\"ListItem\",\"position\":2,\"name\":\"Polic\u00eda de Brasil descarta droga en madera boliviana\"}]},{\"@type\":\"WebSite\",\"@id\":\"https:\\\/\\\/www.eldiario.net\\\/portal\\\/#website\",\"url\":\"https:\\\/\\\/www.eldiario.net\\\/portal\\\/\",\"name\":\"El Diario - Decano de la prensa nacional\",\"description\":\"El Diario - Decano de la prensa nacional\",\"publisher\":{\"@id\":\"https:\\\/\\\/www.eldiario.net\\\/portal\\\/#organization\"},\"potentialAction\":[{\"@type\":\"SearchAction\",\"target\":{\"@type\":\"EntryPoint\",\"urlTemplate\":\"https:\\\/\\\/www.eldiario.net\\\/portal\\\/?s={search_term_string}\"},\"query-input\":{\"@type\":\"PropertyValueSpecification\",\"valueRequired\":true,\"valueName\":\"search_term_string\"}}],\"inLanguage\":\"es\"},{\"@type\":\"Organization\",\"@id\":\"https:\\\/\\\/www.eldiario.net\\\/portal\\\/#organization\",\"name\":\"El Diario - Decano de la prensa nacional\",\"url\":\"https:\\\/\\\/www.eldiario.net\\\/portal\\\/\",\"logo\":{\"@type\":\"ImageObject\",\"inLanguage\":\"es\",\"@id\":\"https:\\\/\\\/www.eldiario.net\\\/portal\\\/#\\\/schema\\\/logo\\\/image\\\/\",\"url\":\"https:\\\/\\\/www.eldiario.net\\\/portal\\\/wp-content\\\/uploads\\\/2023\\\/07\\\/logo_ED.jpg\",\"contentUrl\":\"https:\\\/\\\/www.eldiario.net\\\/portal\\\/wp-content\\\/uploads\\\/2023\\\/07\\\/logo_ED.jpg\",\"width\":272,\"height\":52,\"caption\":\"El Diario - Decano de la prensa nacional\"},\"image\":{\"@id\":\"https:\\\/\\\/www.eldiario.net\\\/portal\\\/#\\\/schema\\\/logo\\\/image\\\/\"},\"sameAs\":[\"https:\\\/\\\/www.facebook.com\\\/eldiario.bolivia\\\/\",\"https:\\\/\\\/x.com\\\/eldiario_net\"]},{\"@type\":\"Person\",\"@id\":\"https:\\\/\\\/www.eldiario.net\\\/portal\\\/#\\\/schema\\\/person\\\/2c57cf2b7a7ae032e449e4c9b1019eac\",\"name\":\"Jeanette\",\"image\":{\"@type\":\"ImageObject\",\"inLanguage\":\"es\",\"@id\":\"https:\\\/\\\/secure.gravatar.com\\\/avatar\\\/3ea2118a5f7dad2b7138b1187a6b7ee55f160b9968b66013c3a3ef39dd7e5798?s=96&d=mm&r=g\",\"url\":\"https:\\\/\\\/secure.gravatar.com\\\/avatar\\\/3ea2118a5f7dad2b7138b1187a6b7ee55f160b9968b66013c3a3ef39dd7e5798?s=96&d=mm&r=g\",\"contentUrl\":\"https:\\\/\\\/secure.gravatar.com\\\/avatar\\\/3ea2118a5f7dad2b7138b1187a6b7ee55f160b9968b66013c3a3ef39dd7e5798?s=96&d=mm&r=g\",\"caption\":\"Jeanette\"},\"sameAs\":[\"https:\\\/\\\/www.eldiario.net\\\/portal\"],\"url\":\"https:\\\/\\\/www.eldiario.net\\\/portal\\\/author\\\/jeanette\\\/\"}]}<\/script>\n<!-- \/ Yoast SEO plugin. -->","yoast_head_json":{"title":"Polic\u00eda de Brasil descarta droga en madera boliviana - El Diario - Bolivia","robots":{"index":"index","follow":"follow","max-snippet":"max-snippet:-1","max-image-preview":"max-image-preview:large","max-video-preview":"max-video-preview:-1"},"canonical":"https:\/\/www.eldiario.net\/portal\/2026\/07\/24\/policia-de-brasil-descarta-droga-en-madera-boliviana\/","og_locale":"es_ES","og_type":"article","og_title":"Polic\u00eda de Brasil descarta droga en madera boliviana - El Diario - Bolivia","og_description":"La Polic\u00eda Federal de Brasil concluy\u00f3 que el cargamento de 260 toneladas de madera procedente de Bolivia, retenido en junio en la frontera entre ambos pa\u00edses, no conten\u00eda coca\u00edna. El resultado del an\u00e1lisis pericial descart\u00f3 la hip\u00f3tesis que motiv\u00f3 el operativo, luego de que pruebas preliminares sugirieran la posible presencia de sustancias controladas. De acuerdo [&hellip;]","og_url":"https:\/\/www.eldiario.net\/portal\/2026\/07\/24\/policia-de-brasil-descarta-droga-en-madera-boliviana\/","og_site_name":"El Diario - Bolivia","article_publisher":"https:\/\/www.facebook.com\/eldiario.bolivia\/","article_published_time":"2026-07-24T10:29:38+00:00","og_image":[{"width":980,"height":550,"url":"https:\/\/www.eldiario.net\/portal\/wp-content\/uploads\/2026\/07\/Incautacion-madera-rrss.webp","type":"image\/webp"}],"author":"Jeanette","twitter_card":"summary_large_image","twitter_creator":"@eldiario_net","twitter_site":"@eldiario_net","twitter_misc":{"Escrito por":"Jeanette","Tiempo de lectura":"2 minutos"},"schema":{"@context":"https:\/\/schema.org","@graph":[{"@type":"Article","@id":"https:\/\/www.eldiario.net\/portal\/2026\/07\/24\/policia-de-brasil-descarta-droga-en-madera-boliviana\/#article","isPartOf":{"@id":"https:\/\/www.eldiario.net\/portal\/2026\/07\/24\/policia-de-brasil-descarta-droga-en-madera-boliviana\/"},"author":{"name":"Jeanette","@id":"https:\/\/www.eldiario.net\/portal\/#\/schema\/person\/2c57cf2b7a7ae032e449e4c9b1019eac"},"headline":"Polic\u00eda de Brasil descarta droga en madera boliviana","datePublished":"2026-07-24T10:29:38+00:00","mainEntityOfPage":{"@id":"https:\/\/www.eldiario.net\/portal\/2026\/07\/24\/policia-de-brasil-descarta-droga-en-madera-boliviana\/"},"wordCount":215,"publisher":{"@id":"https:\/\/www.eldiario.net\/portal\/#organization"},"image":{"@id":"https:\/\/www.eldiario.net\/portal\/2026\/07\/24\/policia-de-brasil-descarta-droga-en-madera-boliviana\/#primaryimage"},"thumbnailUrl":"https:\/\/www.eldiario.net\/portal\/wp-content\/uploads\/2026\/07\/Incautacion-madera-rrss.webp","articleSection":["Portada"],"inLanguage":"es"},{"@type":"WebPage","@id":"https:\/\/www.eldiario.net\/portal\/2026\/07\/24\/policia-de-brasil-descarta-droga-en-madera-boliviana\/","url":"https:\/\/www.eldiario.net\/portal\/2026\/07\/24\/policia-de-brasil-descarta-droga-en-madera-boliviana\/","name":"Polic\u00eda de Brasil descarta droga en madera boliviana - El Diario - Bolivia","isPartOf":{"@id":"https:\/\/www.eldiario.net\/portal\/#website"},"primaryImageOfPage":{"@id":"https:\/\/www.eldiario.net\/portal\/2026\/07\/24\/policia-de-brasil-descarta-droga-en-madera-boliviana\/#primaryimage"},"image":{"@id":"https:\/\/www.eldiario.net\/portal\/2026\/07\/24\/policia-de-brasil-descarta-droga-en-madera-boliviana\/#primaryimage"},"thumbnailUrl":"https:\/\/www.eldiario.net\/portal\/wp-content\/uploads\/2026\/07\/Incautacion-madera-rrss.webp","datePublished":"2026-07-24T10:29:38+00:00","breadcrumb":{"@id":"https:\/\/www.eldiario.net\/portal\/2026\/07\/24\/policia-de-brasil-descarta-droga-en-madera-boliviana\/#breadcrumb"},"inLanguage":"es","potentialAction":[{"@type":"ReadAction","target":["https:\/\/www.eldiario.net\/portal\/2026\/07\/24\/policia-de-brasil-descarta-droga-en-madera-boliviana\/"]}]},{"@type":"ImageObject","inLanguage":"es","@id":"https:\/\/www.eldiario.net\/portal\/2026\/07\/24\/policia-de-brasil-descarta-droga-en-madera-boliviana\/#primaryimage","url":"https:\/\/www.eldiario.net\/portal\/wp-content\/uploads\/2026\/07\/Incautacion-madera-rrss.webp","contentUrl":"https:\/\/www.eldiario.net\/portal\/wp-content\/uploads\/2026\/07\/Incautacion-madera-rrss.webp","width":980,"height":550},{"@type":"BreadcrumbList","@id":"https:\/\/www.eldiario.net\/portal\/2026\/07\/24\/policia-de-brasil-descarta-droga-en-madera-boliviana\/#breadcrumb","itemListElement":[{"@type":"ListItem","position":1,"name":"Portada","item":"https:\/\/www.eldiario.net\/portal\/"},{"@type":"ListItem","position":2,"name":"Polic\u00eda de Brasil descarta droga en madera boliviana"}]},{"@type":"WebSite","@id":"https:\/\/www.eldiario.net\/portal\/#website","url":"https:\/\/www.eldiario.net\/portal\/","name":"El Diario - Decano de la prensa nacional","description":"El Diario - Decano de la prensa nacional","publisher":{"@id":"https:\/\/www.eldiario.net\/portal\/#organization"},"potentialAction":[{"@type":"SearchAction","target":{"@type":"EntryPoint","urlTemplate":"https:\/\/www.eldiario.net\/portal\/?s={search_term_string}"},"query-input":{"@type":"PropertyValueSpecification","valueRequired":true,"valueName":"search_term_string"}}],"inLanguage":"es"},{"@type":"Organization","@id":"https:\/\/www.eldiario.net\/portal\/#organization","name":"El Diario - Decano de la prensa nacional","url":"https:\/\/www.eldiario.net\/portal\/","logo":{"@type":"ImageObject","inLanguage":"es","@id":"https:\/\/www.eldiario.net\/portal\/#\/schema\/logo\/image\/","url":"https:\/\/www.eldiario.net\/portal\/wp-content\/uploads\/2023\/07\/logo_ED.jpg","contentUrl":"https:\/\/www.eldiario.net\/portal\/wp-content\/uploads\/2023\/07\/logo_ED.jpg","width":272,"height":52,"caption":"El Diario - Decano de la prensa nacional"},"image":{"@id":"https:\/\/www.eldiario.net\/portal\/#\/schema\/logo\/image\/"},"sameAs":["https:\/\/www.facebook.com\/eldiario.bolivia\/","https:\/\/x.com\/eldiario_net"]},{"@type":"Person","@id":"https:\/\/www.eldiario.net\/portal\/#\/schema\/person\/2c57cf2b7a7ae032e449e4c9b1019eac","name":"Jeanette","image":{"@type":"ImageObject","inLanguage":"es","@id":"https:\/\/secure.gravatar.com\/avatar\/3ea2118a5f7dad2b7138b1187a6b7ee55f160b9968b66013c3a3ef39dd7e5798?s=96&d=mm&r=g","url":"https:\/\/secure.gravatar.com\/avatar\/3ea2118a5f7dad2b7138b1187a6b7ee55f160b9968b66013c3a3ef39dd7e5798?s=96&d=mm&r=g","contentUrl":"https:\/\/secure.gravatar.com\/avatar\/3ea2118a5f7dad2b7138b1187a6b7ee55f160b9968b66013c3a3ef39dd7e5798?s=96&d=mm&r=g","caption":"Jeanette"},"sameAs":["https:\/\/www.eldiario.net\/portal"],"url":"https:\/\/www.eldiario.net\/portal\/author\/jeanette\/"}]}},"_links":{"self":[{"href":"https:\/\/www.eldiario.net\/portal\/wp-json\/wp\/v2\/posts\/415336","targetHints":{"allow":["GET"]}}],"collection":[{"href":"https:\/\/www.eldiario.net\/portal\/wp-json\/wp\/v2\/posts"}],"about":[{"href":"https:\/\/www.eldiario.net\/portal\/wp-json\/wp\/v2\/types\/post"}],"author":[{"embeddable":true,"href":"https:\/\/www.eldiario.net\/portal\/wp-json\/wp\/v2\/users\/1"}],"replies":[{"embeddable":true,"href":"https:\/\/www.eldiario.net\/portal\/wp-json\/wp\/v2\/comments?post=415336"}],"version-history":[{"count":1,"href":"https:\/\/www.eldiario.net\/portal\/wp-json\/wp\/v2\/posts\/415336\/revisions"}],"predecessor-version":[{"id":415338,"href":"https:\/\/www.eldiario.net\/portal\/wp-json\/wp\/v2\/posts\/415336\/revisions\/415338"}],"wp:featuredmedia":[{"embeddable":true,"href":"https:\/\/www.eldiario.net\/portal\/wp-json\/wp\/v2\/media\/415337"}],"wp:attachment":[{"href":"https:\/\/www.eldiario.net\/portal\/wp-json\/wp\/v2\/media?parent=415336"}],"wp:term":[{"taxonomy":"category","embeddable":true,"href":"https:\/\/www.eldiario.net\/portal\/wp-json\/wp\/v2\/categories?post=415336"},{"taxonomy":"post_tag","embeddable":true,"href":"https:\/\/www.eldiario.net\/portal\/wp-json\/wp\/v2\/tags?post=415336"}],"curies":[{"name":"wp","href":"https:\/\/api.w.org\/{rel}","templated":true}]}}