{"id":415125,"date":"2026-07-23T07:01:08","date_gmt":"2026-07-23T11:01:08","guid":{"rendered":"https:\/\/www.eldiario.net\/portal\/?p=415125"},"modified":"2026-07-23T07:01:08","modified_gmt":"2026-07-23T11:01:08","slug":"aprueban-prestamo-de-us-95-millones-para-rehabilitar-carretera-santa-barbara-caranavi","status":"publish","type":"post","link":"https:\/\/www.eldiario.net\/portal\/2026\/07\/23\/aprueban-prestamo-de-us-95-millones-para-rehabilitar-carretera-santa-barbara-caranavi\/","title":{"rendered":"Aprueban pr\u00e9stamo de $us 95 millones para rehabilitar carretera Santa B\u00e1rbara \u2013 Caranavi"},"content":{"rendered":"<p>El financiamiento pondr\u00e1 en valor 38 kil\u00f3metros de una v\u00eda estrat\u00e9gica del corredor Oeste \u2013 Norte, con obras de ingenier\u00eda dise\u00f1adas para los Yungas, y acercar\u00e1 a 69.700 habitantes de Coroico y Caranavi a los servicios y los mercados.<\/p>\n<p>CAF \u2014banco de desarrollo de Am\u00e9rica Latina y el Caribe\u2014 aprob\u00f3 un pr\u00e9stamo de 95 millones de d\u00f3lares a favor del Estado Plurinacional de Bolivia para financiar el Proyecto Construcci\u00f3n Obras Complementarias Santa B\u00e1rbara \u2013 Caranavi, Tramo I, que ser\u00e1 ejecutado por la Administradora Boliviana de Carreteras (ABC). La decisi\u00f3n fue adoptada por el Directorio de la instituci\u00f3n y refuerza el compromiso de CAF con la infraestructura de integraci\u00f3n y la conectividad sostenible en la regi\u00f3n.<\/p>\n<p>La carretera Santa B\u00e1rbara \u2013 Caranavi, de 60 kil\u00f3metros, es uno de los activos estrat\u00e9gicos del sistema vial boliviano: forma parte de la Ruta 3 de la Red Vial Fundamental y constituye un eslab\u00f3n del corredor Oeste \u2013 Norte, que vincula a Bolivia con Brasil, Chile y Per\u00fa y conecta el departamento de La Paz \u2014donde se genera el 25% del PBI nacional\u2014 con el Beni.<\/p>\n<p>Por ella circulan unos 2.300 veh\u00edculos por d\u00eda, de los cuales el 30% son de carga, y se proyecta que hacia 2046 esa cifra se acerque a los 4.000, un crecimiento que anticipa el dinamismo productivo de la regi\u00f3n.<\/p>\n<p>El Proyecto contempla la rehabilitaci\u00f3n y construcci\u00f3n de 38,2 kil\u00f3metros entre las localidades de Santa B\u00e1rbara y Choj\u00f1a, con pavimento r\u00edgido y articulado, 5 viaductos, 8 medios puentes, 96 alcantarillas nuevas, drenaje longitudinal y transversal, se\u00f1alizaci\u00f3n horizontal y vertical, y un paquete de obras de estabilizaci\u00f3n que incluye reconformaci\u00f3n de taludes, anclajes, mallas de retenci\u00f3n, hormig\u00f3n lanzado y 27 muros de gaviones.<\/p>\n<p>\u201cCon este financiamiento acompa\u00f1amos al pa\u00eds en la construcci\u00f3n de una infraestructura m\u00e1s segura y resiliente, capaz de resistir las condiciones geol\u00f3gicas de los Yungas y de sostener el potencial productivo y tur\u00edstico de una regi\u00f3n con enorme futuro. Invertir en corredores como este es invertir en integraci\u00f3n: cada kil\u00f3metro rehabilitado acerca a Bolivia a sus vecinos y a sus mercados\u201d, dijo el presidente ejecutivo de CAF, Sergio D\u00edaz-Granados.<\/p>\n<p>El Proyecto beneficiar\u00e1 de manera directa a 69.700 habitantes de los municipios de Coroico y Caranavi, en las provincias Nor Yungas y Sud Yungas del departamento de La Paz. El trazado atraviesa comunidades como Padilla, Quenallata, Challa, Agua Milagro, Chirque\u00f1o, Puerto Le\u00f3n, Alto y Bajo Choro, y Choj\u00f1a, para las cuales esta v\u00eda es la principal puerta de salida hacia los mercados regionales y hacia la ciudad de La Paz, ubicada a 95 kil\u00f3metros del inicio del tramo.<\/p>\n","protected":false},"excerpt":{"rendered":"<p>El financiamiento pondr\u00e1 en valor 38 kil\u00f3metros de una v\u00eda estrat\u00e9gica del corredor Oeste \u2013 Norte, con obras de ingenier\u00eda dise\u00f1adas para los Yungas, y acercar\u00e1 a 69.700 habitantes de Coroico y Caranavi a los servicios y los mercados. CAF \u2014banco de desarrollo de Am\u00e9rica Latina y el Caribe\u2014 aprob\u00f3 un pr\u00e9stamo de 95 millones [&hellip;]<\/p>\n","protected":false},"author":1,"featured_media":415126,"comment_status":"closed","ping_status":"open","sticky":false,"template":"","format":"standard","meta":{"_acf_changed":false,"footnotes":""},"categories":[7],"tags":[],"class_list":["post-415125","post","type-post","status-publish","format-standard","has-post-thumbnail","category-economia"],"acf":{"antetitulo":""},"yoast_head":"<!-- This site is optimized with the Yoast SEO plugin v28.3 - https:\/\/yoast.com\/product\/yoast-seo-wordpress\/ -->\n<title>Aprueban pr\u00e9stamo de $us 95 millones para rehabilitar carretera Santa B\u00e1rbara \u2013 Caranavi - El Diario - Bolivia<\/title>\n<meta name=\"robots\" content=\"index, follow, max-snippet:-1, max-image-preview:large, max-video-preview:-1\" \/>\n<link rel=\"canonical\" href=\"https:\/\/www.eldiario.net\/portal\/2026\/07\/23\/aprueban-prestamo-de-us-95-millones-para-rehabilitar-carretera-santa-barbara-caranavi\/\" \/>\n<meta property=\"og:locale\" content=\"es_ES\" \/>\n<meta property=\"og:type\" content=\"article\" \/>\n<meta property=\"og:title\" content=\"Aprueban pr\u00e9stamo de $us 95 millones para rehabilitar carretera Santa B\u00e1rbara \u2013 Caranavi - El Diario - Bolivia\" \/>\n<meta property=\"og:description\" content=\"El financiamiento pondr\u00e1 en valor 38 kil\u00f3metros de una v\u00eda estrat\u00e9gica del corredor Oeste \u2013 Norte, con obras de ingenier\u00eda dise\u00f1adas para los Yungas, y acercar\u00e1 a 69.700 habitantes de Coroico y Caranavi a los servicios y los mercados. CAF \u2014banco de desarrollo de Am\u00e9rica Latina y el Caribe\u2014 aprob\u00f3 un pr\u00e9stamo de 95 millones [&hellip;]\" \/>\n<meta property=\"og:url\" content=\"https:\/\/www.eldiario.net\/portal\/2026\/07\/23\/aprueban-prestamo-de-us-95-millones-para-rehabilitar-carretera-santa-barbara-caranavi\/\" \/>\n<meta property=\"og:site_name\" content=\"El Diario - Bolivia\" \/>\n<meta property=\"article:publisher\" content=\"https:\/\/www.facebook.com\/eldiario.bolivia\/\" \/>\n<meta property=\"article:published_time\" content=\"2026-07-23T11:01:08+00:00\" \/>\n<meta property=\"og:image\" content=\"https:\/\/www.eldiario.net\/portal\/wp-content\/uploads\/2026\/07\/CAF-FOTO.webp\" \/>\n\t<meta property=\"og:image:width\" content=\"1600\" \/>\n\t<meta property=\"og:image:height\" content=\"900\" \/>\n\t<meta property=\"og:image:type\" content=\"image\/webp\" \/>\n<meta name=\"author\" content=\"Jeanette\" \/>\n<meta name=\"twitter:card\" content=\"summary_large_image\" \/>\n<meta name=\"twitter:creator\" content=\"@eldiario_net\" \/>\n<meta name=\"twitter:site\" content=\"@eldiario_net\" \/>\n<meta name=\"twitter:label1\" content=\"Escrito por\" \/>\n\t<meta name=\"twitter:data1\" content=\"Jeanette\" \/>\n\t<meta name=\"twitter:label2\" content=\"Tiempo de lectura\" \/>\n\t<meta name=\"twitter:data2\" content=\"3 minutos\" \/>\n<script type=\"application\/ld+json\" class=\"yoast-schema-graph\">{\"@context\":\"https:\\\/\\\/schema.org\",\"@graph\":[{\"@type\":\"Article\",\"@id\":\"https:\\\/\\\/www.eldiario.net\\\/portal\\\/2026\\\/07\\\/23\\\/aprueban-prestamo-de-us-95-millones-para-rehabilitar-carretera-santa-barbara-caranavi\\\/#article\",\"isPartOf\":{\"@id\":\"https:\\\/\\\/www.eldiario.net\\\/portal\\\/2026\\\/07\\\/23\\\/aprueban-prestamo-de-us-95-millones-para-rehabilitar-carretera-santa-barbara-caranavi\\\/\"},\"author\":{\"name\":\"Jeanette\",\"@id\":\"https:\\\/\\\/www.eldiario.net\\\/portal\\\/#\\\/schema\\\/person\\\/f46445640444750d7d753ccd04ae01b7\"},\"headline\":\"Aprueban pr\u00e9stamo de $us 95 millones para rehabilitar carretera Santa B\u00e1rbara \u2013 Caranavi\",\"datePublished\":\"2026-07-23T11:01:08+00:00\",\"mainEntityOfPage\":{\"@id\":\"https:\\\/\\\/www.eldiario.net\\\/portal\\\/2026\\\/07\\\/23\\\/aprueban-prestamo-de-us-95-millones-para-rehabilitar-carretera-santa-barbara-caranavi\\\/\"},\"wordCount\":469,\"publisher\":{\"@id\":\"https:\\\/\\\/www.eldiario.net\\\/portal\\\/#organization\"},\"image\":{\"@id\":\"https:\\\/\\\/www.eldiario.net\\\/portal\\\/2026\\\/07\\\/23\\\/aprueban-prestamo-de-us-95-millones-para-rehabilitar-carretera-santa-barbara-caranavi\\\/#primaryimage\"},\"thumbnailUrl\":\"https:\\\/\\\/www.eldiario.net\\\/portal\\\/wp-content\\\/uploads\\\/2026\\\/07\\\/CAF-FOTO.webp\",\"articleSection\":[\"Econom\u00eda\"],\"inLanguage\":\"es\"},{\"@type\":\"WebPage\",\"@id\":\"https:\\\/\\\/www.eldiario.net\\\/portal\\\/2026\\\/07\\\/23\\\/aprueban-prestamo-de-us-95-millones-para-rehabilitar-carretera-santa-barbara-caranavi\\\/\",\"url\":\"https:\\\/\\\/www.eldiario.net\\\/portal\\\/2026\\\/07\\\/23\\\/aprueban-prestamo-de-us-95-millones-para-rehabilitar-carretera-santa-barbara-caranavi\\\/\",\"name\":\"Aprueban pr\u00e9stamo de $us 95 millones para rehabilitar carretera Santa B\u00e1rbara \u2013 Caranavi - El Diario - Bolivia\",\"isPartOf\":{\"@id\":\"https:\\\/\\\/www.eldiario.net\\\/portal\\\/#website\"},\"primaryImageOfPage\":{\"@id\":\"https:\\\/\\\/www.eldiario.net\\\/portal\\\/2026\\\/07\\\/23\\\/aprueban-prestamo-de-us-95-millones-para-rehabilitar-carretera-santa-barbara-caranavi\\\/#primaryimage\"},\"image\":{\"@id\":\"https:\\\/\\\/www.eldiario.net\\\/portal\\\/2026\\\/07\\\/23\\\/aprueban-prestamo-de-us-95-millones-para-rehabilitar-carretera-santa-barbara-caranavi\\\/#primaryimage\"},\"thumbnailUrl\":\"https:\\\/\\\/www.eldiario.net\\\/portal\\\/wp-content\\\/uploads\\\/2026\\\/07\\\/CAF-FOTO.webp\",\"datePublished\":\"2026-07-23T11:01:08+00:00\",\"breadcrumb\":{\"@id\":\"https:\\\/\\\/www.eldiario.net\\\/portal\\\/2026\\\/07\\\/23\\\/aprueban-prestamo-de-us-95-millones-para-rehabilitar-carretera-santa-barbara-caranavi\\\/#breadcrumb\"},\"inLanguage\":\"es\",\"potentialAction\":[{\"@type\":\"ReadAction\",\"target\":[\"https:\\\/\\\/www.eldiario.net\\\/portal\\\/2026\\\/07\\\/23\\\/aprueban-prestamo-de-us-95-millones-para-rehabilitar-carretera-santa-barbara-caranavi\\\/\"]}]},{\"@type\":\"ImageObject\",\"inLanguage\":\"es\",\"@id\":\"https:\\\/\\\/www.eldiario.net\\\/portal\\\/2026\\\/07\\\/23\\\/aprueban-prestamo-de-us-95-millones-para-rehabilitar-carretera-santa-barbara-caranavi\\\/#primaryimage\",\"url\":\"https:\\\/\\\/www.eldiario.net\\\/portal\\\/wp-content\\\/uploads\\\/2026\\\/07\\\/CAF-FOTO.webp\",\"contentUrl\":\"https:\\\/\\\/www.eldiario.net\\\/portal\\\/wp-content\\\/uploads\\\/2026\\\/07\\\/CAF-FOTO.webp\",\"width\":1600,\"height\":900,\"caption\":\"Reuni\u00f3n del Directorio de la CAF. Foto CAF\"},{\"@type\":\"BreadcrumbList\",\"@id\":\"https:\\\/\\\/www.eldiario.net\\\/portal\\\/2026\\\/07\\\/23\\\/aprueban-prestamo-de-us-95-millones-para-rehabilitar-carretera-santa-barbara-caranavi\\\/#breadcrumb\",\"itemListElement\":[{\"@type\":\"ListItem\",\"position\":1,\"name\":\"Portada\",\"item\":\"https:\\\/\\\/www.eldiario.net\\\/portal\\\/\"},{\"@type\":\"ListItem\",\"position\":2,\"name\":\"Aprueban pr\u00e9stamo de $us 95 millones para rehabilitar carretera Santa B\u00e1rbara \u2013 Caranavi\"}]},{\"@type\":\"WebSite\",\"@id\":\"https:\\\/\\\/www.eldiario.net\\\/portal\\\/#website\",\"url\":\"https:\\\/\\\/www.eldiario.net\\\/portal\\\/\",\"name\":\"El Diario - Decano de la prensa nacional\",\"description\":\"El Diario - Decano de la prensa nacional\",\"publisher\":{\"@id\":\"https:\\\/\\\/www.eldiario.net\\\/portal\\\/#organization\"},\"potentialAction\":[{\"@type\":\"SearchAction\",\"target\":{\"@type\":\"EntryPoint\",\"urlTemplate\":\"https:\\\/\\\/www.eldiario.net\\\/portal\\\/?s={search_term_string}\"},\"query-input\":{\"@type\":\"PropertyValueSpecification\",\"valueRequired\":true,\"valueName\":\"search_term_string\"}}],\"inLanguage\":\"es\"},{\"@type\":\"Organization\",\"@id\":\"https:\\\/\\\/www.eldiario.net\\\/portal\\\/#organization\",\"name\":\"El Diario - Decano de la prensa nacional\",\"url\":\"https:\\\/\\\/www.eldiario.net\\\/portal\\\/\",\"logo\":{\"@type\":\"ImageObject\",\"inLanguage\":\"es\",\"@id\":\"https:\\\/\\\/www.eldiario.net\\\/portal\\\/#\\\/schema\\\/logo\\\/image\\\/\",\"url\":\"https:\\\/\\\/www.eldiario.net\\\/portal\\\/wp-content\\\/uploads\\\/2023\\\/07\\\/logo_ED.jpg\",\"contentUrl\":\"https:\\\/\\\/www.eldiario.net\\\/portal\\\/wp-content\\\/uploads\\\/2023\\\/07\\\/logo_ED.jpg\",\"width\":272,\"height\":52,\"caption\":\"El Diario - Decano de la prensa nacional\"},\"image\":{\"@id\":\"https:\\\/\\\/www.eldiario.net\\\/portal\\\/#\\\/schema\\\/logo\\\/image\\\/\"},\"sameAs\":[\"https:\\\/\\\/www.facebook.com\\\/eldiario.bolivia\\\/\",\"https:\\\/\\\/x.com\\\/eldiario_net\"]},{\"@type\":\"Person\",\"@id\":\"https:\\\/\\\/www.eldiario.net\\\/portal\\\/#\\\/schema\\\/person\\\/f46445640444750d7d753ccd04ae01b7\",\"name\":\"Jeanette\",\"image\":{\"@type\":\"ImageObject\",\"inLanguage\":\"es\",\"@id\":\"https:\\\/\\\/secure.gravatar.com\\\/avatar\\\/3ea2118a5f7dad2b7138b1187a6b7ee55f160b9968b66013c3a3ef39dd7e5798?s=96&d=mm&r=g\",\"url\":\"https:\\\/\\\/secure.gravatar.com\\\/avatar\\\/3ea2118a5f7dad2b7138b1187a6b7ee55f160b9968b66013c3a3ef39dd7e5798?s=96&d=mm&r=g\",\"contentUrl\":\"https:\\\/\\\/secure.gravatar.com\\\/avatar\\\/3ea2118a5f7dad2b7138b1187a6b7ee55f160b9968b66013c3a3ef39dd7e5798?s=96&d=mm&r=g\",\"caption\":\"Jeanette\"},\"sameAs\":[\"https:\\\/\\\/www.eldiario.net\\\/portal\"],\"url\":\"https:\\\/\\\/www.eldiario.net\\\/portal\\\/author\\\/jeanette\\\/\"}]}<\/script>\n<!-- \/ Yoast SEO plugin. -->","yoast_head_json":{"title":"Aprueban pr\u00e9stamo de $us 95 millones para rehabilitar carretera Santa B\u00e1rbara \u2013 Caranavi - El Diario - Bolivia","robots":{"index":"index","follow":"follow","max-snippet":"max-snippet:-1","max-image-preview":"max-image-preview:large","max-video-preview":"max-video-preview:-1"},"canonical":"https:\/\/www.eldiario.net\/portal\/2026\/07\/23\/aprueban-prestamo-de-us-95-millones-para-rehabilitar-carretera-santa-barbara-caranavi\/","og_locale":"es_ES","og_type":"article","og_title":"Aprueban pr\u00e9stamo de $us 95 millones para rehabilitar carretera Santa B\u00e1rbara \u2013 Caranavi - El Diario - Bolivia","og_description":"El financiamiento pondr\u00e1 en valor 38 kil\u00f3metros de una v\u00eda estrat\u00e9gica del corredor Oeste \u2013 Norte, con obras de ingenier\u00eda dise\u00f1adas para los Yungas, y acercar\u00e1 a 69.700 habitantes de Coroico y Caranavi a los servicios y los mercados. CAF \u2014banco de desarrollo de Am\u00e9rica Latina y el Caribe\u2014 aprob\u00f3 un pr\u00e9stamo de 95 millones [&hellip;]","og_url":"https:\/\/www.eldiario.net\/portal\/2026\/07\/23\/aprueban-prestamo-de-us-95-millones-para-rehabilitar-carretera-santa-barbara-caranavi\/","og_site_name":"El Diario - Bolivia","article_publisher":"https:\/\/www.facebook.com\/eldiario.bolivia\/","article_published_time":"2026-07-23T11:01:08+00:00","og_image":[{"width":1600,"height":900,"url":"https:\/\/www.eldiario.net\/portal\/wp-content\/uploads\/2026\/07\/CAF-FOTO.webp","type":"image\/webp"}],"author":"Jeanette","twitter_card":"summary_large_image","twitter_creator":"@eldiario_net","twitter_site":"@eldiario_net","twitter_misc":{"Escrito por":"Jeanette","Tiempo de lectura":"3 minutos"},"schema":{"@context":"https:\/\/schema.org","@graph":[{"@type":"Article","@id":"https:\/\/www.eldiario.net\/portal\/2026\/07\/23\/aprueban-prestamo-de-us-95-millones-para-rehabilitar-carretera-santa-barbara-caranavi\/#article","isPartOf":{"@id":"https:\/\/www.eldiario.net\/portal\/2026\/07\/23\/aprueban-prestamo-de-us-95-millones-para-rehabilitar-carretera-santa-barbara-caranavi\/"},"author":{"name":"Jeanette","@id":"https:\/\/www.eldiario.net\/portal\/#\/schema\/person\/f46445640444750d7d753ccd04ae01b7"},"headline":"Aprueban pr\u00e9stamo de $us 95 millones para rehabilitar carretera Santa B\u00e1rbara \u2013 Caranavi","datePublished":"2026-07-23T11:01:08+00:00","mainEntityOfPage":{"@id":"https:\/\/www.eldiario.net\/portal\/2026\/07\/23\/aprueban-prestamo-de-us-95-millones-para-rehabilitar-carretera-santa-barbara-caranavi\/"},"wordCount":469,"publisher":{"@id":"https:\/\/www.eldiario.net\/portal\/#organization"},"image":{"@id":"https:\/\/www.eldiario.net\/portal\/2026\/07\/23\/aprueban-prestamo-de-us-95-millones-para-rehabilitar-carretera-santa-barbara-caranavi\/#primaryimage"},"thumbnailUrl":"https:\/\/www.eldiario.net\/portal\/wp-content\/uploads\/2026\/07\/CAF-FOTO.webp","articleSection":["Econom\u00eda"],"inLanguage":"es"},{"@type":"WebPage","@id":"https:\/\/www.eldiario.net\/portal\/2026\/07\/23\/aprueban-prestamo-de-us-95-millones-para-rehabilitar-carretera-santa-barbara-caranavi\/","url":"https:\/\/www.eldiario.net\/portal\/2026\/07\/23\/aprueban-prestamo-de-us-95-millones-para-rehabilitar-carretera-santa-barbara-caranavi\/","name":"Aprueban pr\u00e9stamo de $us 95 millones para rehabilitar carretera Santa B\u00e1rbara \u2013 Caranavi - El Diario - Bolivia","isPartOf":{"@id":"https:\/\/www.eldiario.net\/portal\/#website"},"primaryImageOfPage":{"@id":"https:\/\/www.eldiario.net\/portal\/2026\/07\/23\/aprueban-prestamo-de-us-95-millones-para-rehabilitar-carretera-santa-barbara-caranavi\/#primaryimage"},"image":{"@id":"https:\/\/www.eldiario.net\/portal\/2026\/07\/23\/aprueban-prestamo-de-us-95-millones-para-rehabilitar-carretera-santa-barbara-caranavi\/#primaryimage"},"thumbnailUrl":"https:\/\/www.eldiario.net\/portal\/wp-content\/uploads\/2026\/07\/CAF-FOTO.webp","datePublished":"2026-07-23T11:01:08+00:00","breadcrumb":{"@id":"https:\/\/www.eldiario.net\/portal\/2026\/07\/23\/aprueban-prestamo-de-us-95-millones-para-rehabilitar-carretera-santa-barbara-caranavi\/#breadcrumb"},"inLanguage":"es","potentialAction":[{"@type":"ReadAction","target":["https:\/\/www.eldiario.net\/portal\/2026\/07\/23\/aprueban-prestamo-de-us-95-millones-para-rehabilitar-carretera-santa-barbara-caranavi\/"]}]},{"@type":"ImageObject","inLanguage":"es","@id":"https:\/\/www.eldiario.net\/portal\/2026\/07\/23\/aprueban-prestamo-de-us-95-millones-para-rehabilitar-carretera-santa-barbara-caranavi\/#primaryimage","url":"https:\/\/www.eldiario.net\/portal\/wp-content\/uploads\/2026\/07\/CAF-FOTO.webp","contentUrl":"https:\/\/www.eldiario.net\/portal\/wp-content\/uploads\/2026\/07\/CAF-FOTO.webp","width":1600,"height":900,"caption":"Reuni\u00f3n del Directorio de la CAF. Foto CAF"},{"@type":"BreadcrumbList","@id":"https:\/\/www.eldiario.net\/portal\/2026\/07\/23\/aprueban-prestamo-de-us-95-millones-para-rehabilitar-carretera-santa-barbara-caranavi\/#breadcrumb","itemListElement":[{"@type":"ListItem","position":1,"name":"Portada","item":"https:\/\/www.eldiario.net\/portal\/"},{"@type":"ListItem","position":2,"name":"Aprueban pr\u00e9stamo de $us 95 millones para rehabilitar carretera Santa B\u00e1rbara \u2013 Caranavi"}]},{"@type":"WebSite","@id":"https:\/\/www.eldiario.net\/portal\/#website","url":"https:\/\/www.eldiario.net\/portal\/","name":"El Diario - Decano de la prensa nacional","description":"El Diario - Decano de la prensa nacional","publisher":{"@id":"https:\/\/www.eldiario.net\/portal\/#organization"},"potentialAction":[{"@type":"SearchAction","target":{"@type":"EntryPoint","urlTemplate":"https:\/\/www.eldiario.net\/portal\/?s={search_term_string}"},"query-input":{"@type":"PropertyValueSpecification","valueRequired":true,"valueName":"search_term_string"}}],"inLanguage":"es"},{"@type":"Organization","@id":"https:\/\/www.eldiario.net\/portal\/#organization","name":"El Diario - Decano de la prensa nacional","url":"https:\/\/www.eldiario.net\/portal\/","logo":{"@type":"ImageObject","inLanguage":"es","@id":"https:\/\/www.eldiario.net\/portal\/#\/schema\/logo\/image\/","url":"https:\/\/www.eldiario.net\/portal\/wp-content\/uploads\/2023\/07\/logo_ED.jpg","contentUrl":"https:\/\/www.eldiario.net\/portal\/wp-content\/uploads\/2023\/07\/logo_ED.jpg","width":272,"height":52,"caption":"El Diario - Decano de la prensa nacional"},"image":{"@id":"https:\/\/www.eldiario.net\/portal\/#\/schema\/logo\/image\/"},"sameAs":["https:\/\/www.facebook.com\/eldiario.bolivia\/","https:\/\/x.com\/eldiario_net"]},{"@type":"Person","@id":"https:\/\/www.eldiario.net\/portal\/#\/schema\/person\/f46445640444750d7d753ccd04ae01b7","name":"Jeanette","image":{"@type":"ImageObject","inLanguage":"es","@id":"https:\/\/secure.gravatar.com\/avatar\/3ea2118a5f7dad2b7138b1187a6b7ee55f160b9968b66013c3a3ef39dd7e5798?s=96&d=mm&r=g","url":"https:\/\/secure.gravatar.com\/avatar\/3ea2118a5f7dad2b7138b1187a6b7ee55f160b9968b66013c3a3ef39dd7e5798?s=96&d=mm&r=g","contentUrl":"https:\/\/secure.gravatar.com\/avatar\/3ea2118a5f7dad2b7138b1187a6b7ee55f160b9968b66013c3a3ef39dd7e5798?s=96&d=mm&r=g","caption":"Jeanette"},"sameAs":["https:\/\/www.eldiario.net\/portal"],"url":"https:\/\/www.eldiario.net\/portal\/author\/jeanette\/"}]}},"_links":{"self":[{"href":"https:\/\/www.eldiario.net\/portal\/wp-json\/wp\/v2\/posts\/415125","targetHints":{"allow":["GET"]}}],"collection":[{"href":"https:\/\/www.eldiario.net\/portal\/wp-json\/wp\/v2\/posts"}],"about":[{"href":"https:\/\/www.eldiario.net\/portal\/wp-json\/wp\/v2\/types\/post"}],"author":[{"embeddable":true,"href":"https:\/\/www.eldiario.net\/portal\/wp-json\/wp\/v2\/users\/1"}],"replies":[{"embeddable":true,"href":"https:\/\/www.eldiario.net\/portal\/wp-json\/wp\/v2\/comments?post=415125"}],"version-history":[{"count":1,"href":"https:\/\/www.eldiario.net\/portal\/wp-json\/wp\/v2\/posts\/415125\/revisions"}],"predecessor-version":[{"id":415127,"href":"https:\/\/www.eldiario.net\/portal\/wp-json\/wp\/v2\/posts\/415125\/revisions\/415127"}],"wp:featuredmedia":[{"embeddable":true,"href":"https:\/\/www.eldiario.net\/portal\/wp-json\/wp\/v2\/media\/415126"}],"wp:attachment":[{"href":"https:\/\/www.eldiario.net\/portal\/wp-json\/wp\/v2\/media?parent=415125"}],"wp:term":[{"taxonomy":"category","embeddable":true,"href":"https:\/\/www.eldiario.net\/portal\/wp-json\/wp\/v2\/categories?post=415125"},{"taxonomy":"post_tag","embeddable":true,"href":"https:\/\/www.eldiario.net\/portal\/wp-json\/wp\/v2\/tags?post=415125"}],"curies":[{"name":"wp","href":"https:\/\/api.w.org\/{rel}","templated":true}]}}