{"id":415116,"date":"2026-07-23T06:59:36","date_gmt":"2026-07-23T10:59:36","guid":{"rendered":"https:\/\/www.eldiario.net\/portal\/?p=415116"},"modified":"2026-07-23T06:59:36","modified_gmt":"2026-07-23T10:59:36","slug":"dolar-llega-a-bs-11-y-repuestos-importados-suben-de-precio","status":"publish","type":"post","link":"https:\/\/www.eldiario.net\/portal\/2026\/07\/23\/dolar-llega-a-bs-11-y-repuestos-importados-suben-de-precio\/","title":{"rendered":"D\u00f3lar llega a Bs 11 y repuestos importados suben de precio"},"content":{"rendered":"<p>Choferes expresan preocupaci\u00f3n por el alza de los repuestos importados. El dirigente, Lucio G\u00f3mez, cuestion\u00f3 que los importadores atribuyan los incrementos al tipo de cambio flexible y advirti\u00f3 que su sector enfrenta mayores costos.<\/p>\n<p>Recordemos que el Gobierno determin\u00f3 una rebaja de 5% de arancel para todos los productos importados, con el objetivo de bajar el valor de la mercader\u00eda comprada afuera para el consumidor final.<\/p>\n<p>Sin embargo, el transporte ya siente el abuso de los importadores, cuando se\u00f1alan que el valor de los repuestos se incrementa, con el argumento del aumento de la cotizaci\u00f3n del d\u00f3lar oficial a 11 bolivianos, hasta el d\u00eda de ayer.<\/p>\n<p>El d\u00f3lar continuar\u00e1 subiendo en el mercado nacional, uno por la demanda y escasez de d\u00f3lares, pero todav\u00eda estar\u00e1 lejos de los 20 bolivianos registrados el a\u00f1o pasado, y que provoc\u00f3 un incremento de los precios de productos.<\/p>\n<p>Como se recordar\u00e1 el mercado define el valor del d\u00f3lar oficial, entre oferta y demanda, y de acuerdo a analistas econ\u00f3micos todav\u00eda no hay confianza para que exportadores y las personas no transen la moneda extranjera a trav\u00e9s de las entidades bancarias.<\/p>\n<p>Mientras tanto, las expectativas siguen ganado terreno por el alza del precio del d\u00f3lar, y se espera que el acuerdo con el Fondo Monetario Internacional (FMI) financie la estabilizaci\u00f3n del tipo de cambio.<\/p>\n<p>El martes, el Presidente Rodrigo Paz anunci\u00f3 que esta cerca un acuerdo con el FMI, luego de haber cumplido algunos requisitos. Y uno de ellos es la eliminaci\u00f3n del tipo de cambio fijo a uno flexible.<\/p>\n<p>Mientras los choferes se quejan por el aumento de precios de los repuestos, la gente de a pie no tiene otra opci\u00f3n que asumir los incrementos de los valores de la mercader\u00eda importada.<\/p>\n","protected":false},"excerpt":{"rendered":"<p>Choferes expresan preocupaci\u00f3n por el alza de los repuestos importados. El dirigente, Lucio G\u00f3mez, cuestion\u00f3 que los importadores atribuyan los incrementos al tipo de cambio flexible y advirti\u00f3 que su sector enfrenta mayores costos. Recordemos que el Gobierno determin\u00f3 una rebaja de 5% de arancel para todos los productos importados, con el objetivo de bajar [&hellip;]<\/p>\n","protected":false},"author":1,"featured_media":415117,"comment_status":"closed","ping_status":"open","sticky":false,"template":"","format":"standard","meta":{"_acf_changed":false,"footnotes":""},"categories":[7],"tags":[],"class_list":["post-415116","post","type-post","status-publish","format-standard","has-post-thumbnail","category-economia"],"acf":{"antetitulo":""},"yoast_head":"<!-- This site is optimized with the Yoast SEO plugin v28.3 - https:\/\/yoast.com\/product\/yoast-seo-wordpress\/ -->\n<title>D\u00f3lar llega a Bs 11 y repuestos importados suben de precio - El Diario - Bolivia<\/title>\n<meta name=\"robots\" content=\"index, follow, max-snippet:-1, max-image-preview:large, max-video-preview:-1\" \/>\n<link rel=\"canonical\" href=\"https:\/\/www.eldiario.net\/portal\/2026\/07\/23\/dolar-llega-a-bs-11-y-repuestos-importados-suben-de-precio\/\" \/>\n<meta property=\"og:locale\" content=\"es_ES\" \/>\n<meta property=\"og:type\" content=\"article\" \/>\n<meta property=\"og:title\" content=\"D\u00f3lar llega a Bs 11 y repuestos importados suben de precio - El Diario - Bolivia\" \/>\n<meta property=\"og:description\" content=\"Choferes expresan preocupaci\u00f3n por el alza de los repuestos importados. El dirigente, Lucio G\u00f3mez, cuestion\u00f3 que los importadores atribuyan los incrementos al tipo de cambio flexible y advirti\u00f3 que su sector enfrenta mayores costos. Recordemos que el Gobierno determin\u00f3 una rebaja de 5% de arancel para todos los productos importados, con el objetivo de bajar [&hellip;]\" \/>\n<meta property=\"og:url\" content=\"https:\/\/www.eldiario.net\/portal\/2026\/07\/23\/dolar-llega-a-bs-11-y-repuestos-importados-suben-de-precio\/\" \/>\n<meta property=\"og:site_name\" content=\"El Diario - Bolivia\" \/>\n<meta property=\"article:publisher\" content=\"https:\/\/www.facebook.com\/eldiario.bolivia\/\" \/>\n<meta property=\"article:published_time\" content=\"2026-07-23T10:59:36+00:00\" \/>\n<meta property=\"og:image\" content=\"https:\/\/www.eldiario.net\/portal\/wp-content\/uploads\/2026\/07\/REPUESTOS-FOTO.webp\" \/>\n\t<meta property=\"og:image:width\" content=\"447\" \/>\n\t<meta property=\"og:image:height\" content=\"447\" \/>\n\t<meta property=\"og:image:type\" content=\"image\/webp\" \/>\n<meta name=\"author\" content=\"Jeanette\" \/>\n<meta name=\"twitter:card\" content=\"summary_large_image\" \/>\n<meta name=\"twitter:creator\" content=\"@eldiario_net\" \/>\n<meta name=\"twitter:site\" content=\"@eldiario_net\" \/>\n<meta name=\"twitter:label1\" content=\"Escrito por\" \/>\n\t<meta name=\"twitter:data1\" content=\"Jeanette\" \/>\n\t<meta name=\"twitter:label2\" content=\"Tiempo de lectura\" \/>\n\t<meta name=\"twitter:data2\" content=\"2 minutos\" \/>\n<script type=\"application\/ld+json\" class=\"yoast-schema-graph\">{\"@context\":\"https:\\\/\\\/schema.org\",\"@graph\":[{\"@type\":\"Article\",\"@id\":\"https:\\\/\\\/www.eldiario.net\\\/portal\\\/2026\\\/07\\\/23\\\/dolar-llega-a-bs-11-y-repuestos-importados-suben-de-precio\\\/#article\",\"isPartOf\":{\"@id\":\"https:\\\/\\\/www.eldiario.net\\\/portal\\\/2026\\\/07\\\/23\\\/dolar-llega-a-bs-11-y-repuestos-importados-suben-de-precio\\\/\"},\"author\":{\"name\":\"Jeanette\",\"@id\":\"https:\\\/\\\/www.eldiario.net\\\/portal\\\/#\\\/schema\\\/person\\\/f46445640444750d7d753ccd04ae01b7\"},\"headline\":\"D\u00f3lar llega a Bs 11 y repuestos importados suben de precio\",\"datePublished\":\"2026-07-23T10:59:36+00:00\",\"mainEntityOfPage\":{\"@id\":\"https:\\\/\\\/www.eldiario.net\\\/portal\\\/2026\\\/07\\\/23\\\/dolar-llega-a-bs-11-y-repuestos-importados-suben-de-precio\\\/\"},\"wordCount\":316,\"publisher\":{\"@id\":\"https:\\\/\\\/www.eldiario.net\\\/portal\\\/#organization\"},\"image\":{\"@id\":\"https:\\\/\\\/www.eldiario.net\\\/portal\\\/2026\\\/07\\\/23\\\/dolar-llega-a-bs-11-y-repuestos-importados-suben-de-precio\\\/#primaryimage\"},\"thumbnailUrl\":\"https:\\\/\\\/www.eldiario.net\\\/portal\\\/wp-content\\\/uploads\\\/2026\\\/07\\\/REPUESTOS-FOTO.webp\",\"articleSection\":[\"Econom\u00eda\"],\"inLanguage\":\"es\"},{\"@type\":\"WebPage\",\"@id\":\"https:\\\/\\\/www.eldiario.net\\\/portal\\\/2026\\\/07\\\/23\\\/dolar-llega-a-bs-11-y-repuestos-importados-suben-de-precio\\\/\",\"url\":\"https:\\\/\\\/www.eldiario.net\\\/portal\\\/2026\\\/07\\\/23\\\/dolar-llega-a-bs-11-y-repuestos-importados-suben-de-precio\\\/\",\"name\":\"D\u00f3lar llega a Bs 11 y repuestos importados suben de precio - El Diario - Bolivia\",\"isPartOf\":{\"@id\":\"https:\\\/\\\/www.eldiario.net\\\/portal\\\/#website\"},\"primaryImageOfPage\":{\"@id\":\"https:\\\/\\\/www.eldiario.net\\\/portal\\\/2026\\\/07\\\/23\\\/dolar-llega-a-bs-11-y-repuestos-importados-suben-de-precio\\\/#primaryimage\"},\"image\":{\"@id\":\"https:\\\/\\\/www.eldiario.net\\\/portal\\\/2026\\\/07\\\/23\\\/dolar-llega-a-bs-11-y-repuestos-importados-suben-de-precio\\\/#primaryimage\"},\"thumbnailUrl\":\"https:\\\/\\\/www.eldiario.net\\\/portal\\\/wp-content\\\/uploads\\\/2026\\\/07\\\/REPUESTOS-FOTO.webp\",\"datePublished\":\"2026-07-23T10:59:36+00:00\",\"breadcrumb\":{\"@id\":\"https:\\\/\\\/www.eldiario.net\\\/portal\\\/2026\\\/07\\\/23\\\/dolar-llega-a-bs-11-y-repuestos-importados-suben-de-precio\\\/#breadcrumb\"},\"inLanguage\":\"es\",\"potentialAction\":[{\"@type\":\"ReadAction\",\"target\":[\"https:\\\/\\\/www.eldiario.net\\\/portal\\\/2026\\\/07\\\/23\\\/dolar-llega-a-bs-11-y-repuestos-importados-suben-de-precio\\\/\"]}]},{\"@type\":\"ImageObject\",\"inLanguage\":\"es\",\"@id\":\"https:\\\/\\\/www.eldiario.net\\\/portal\\\/2026\\\/07\\\/23\\\/dolar-llega-a-bs-11-y-repuestos-importados-suben-de-precio\\\/#primaryimage\",\"url\":\"https:\\\/\\\/www.eldiario.net\\\/portal\\\/wp-content\\\/uploads\\\/2026\\\/07\\\/REPUESTOS-FOTO.webp\",\"contentUrl\":\"https:\\\/\\\/www.eldiario.net\\\/portal\\\/wp-content\\\/uploads\\\/2026\\\/07\\\/REPUESTOS-FOTO.webp\",\"width\":447,\"height\":447,\"caption\":\"repuestos van subiendo deprecio a pesar de contar con ventajas arancelarias. Foto faceboock\"},{\"@type\":\"BreadcrumbList\",\"@id\":\"https:\\\/\\\/www.eldiario.net\\\/portal\\\/2026\\\/07\\\/23\\\/dolar-llega-a-bs-11-y-repuestos-importados-suben-de-precio\\\/#breadcrumb\",\"itemListElement\":[{\"@type\":\"ListItem\",\"position\":1,\"name\":\"Portada\",\"item\":\"https:\\\/\\\/www.eldiario.net\\\/portal\\\/\"},{\"@type\":\"ListItem\",\"position\":2,\"name\":\"D\u00f3lar llega a Bs 11 y repuestos importados suben de precio\"}]},{\"@type\":\"WebSite\",\"@id\":\"https:\\\/\\\/www.eldiario.net\\\/portal\\\/#website\",\"url\":\"https:\\\/\\\/www.eldiario.net\\\/portal\\\/\",\"name\":\"El Diario - Decano de la prensa nacional\",\"description\":\"El Diario - Decano de la prensa nacional\",\"publisher\":{\"@id\":\"https:\\\/\\\/www.eldiario.net\\\/portal\\\/#organization\"},\"potentialAction\":[{\"@type\":\"SearchAction\",\"target\":{\"@type\":\"EntryPoint\",\"urlTemplate\":\"https:\\\/\\\/www.eldiario.net\\\/portal\\\/?s={search_term_string}\"},\"query-input\":{\"@type\":\"PropertyValueSpecification\",\"valueRequired\":true,\"valueName\":\"search_term_string\"}}],\"inLanguage\":\"es\"},{\"@type\":\"Organization\",\"@id\":\"https:\\\/\\\/www.eldiario.net\\\/portal\\\/#organization\",\"name\":\"El Diario - Decano de la prensa nacional\",\"url\":\"https:\\\/\\\/www.eldiario.net\\\/portal\\\/\",\"logo\":{\"@type\":\"ImageObject\",\"inLanguage\":\"es\",\"@id\":\"https:\\\/\\\/www.eldiario.net\\\/portal\\\/#\\\/schema\\\/logo\\\/image\\\/\",\"url\":\"https:\\\/\\\/www.eldiario.net\\\/portal\\\/wp-content\\\/uploads\\\/2023\\\/07\\\/logo_ED.jpg\",\"contentUrl\":\"https:\\\/\\\/www.eldiario.net\\\/portal\\\/wp-content\\\/uploads\\\/2023\\\/07\\\/logo_ED.jpg\",\"width\":272,\"height\":52,\"caption\":\"El Diario - Decano de la prensa nacional\"},\"image\":{\"@id\":\"https:\\\/\\\/www.eldiario.net\\\/portal\\\/#\\\/schema\\\/logo\\\/image\\\/\"},\"sameAs\":[\"https:\\\/\\\/www.facebook.com\\\/eldiario.bolivia\\\/\",\"https:\\\/\\\/x.com\\\/eldiario_net\"]},{\"@type\":\"Person\",\"@id\":\"https:\\\/\\\/www.eldiario.net\\\/portal\\\/#\\\/schema\\\/person\\\/f46445640444750d7d753ccd04ae01b7\",\"name\":\"Jeanette\",\"image\":{\"@type\":\"ImageObject\",\"inLanguage\":\"es\",\"@id\":\"https:\\\/\\\/secure.gravatar.com\\\/avatar\\\/3ea2118a5f7dad2b7138b1187a6b7ee55f160b9968b66013c3a3ef39dd7e5798?s=96&d=mm&r=g\",\"url\":\"https:\\\/\\\/secure.gravatar.com\\\/avatar\\\/3ea2118a5f7dad2b7138b1187a6b7ee55f160b9968b66013c3a3ef39dd7e5798?s=96&d=mm&r=g\",\"contentUrl\":\"https:\\\/\\\/secure.gravatar.com\\\/avatar\\\/3ea2118a5f7dad2b7138b1187a6b7ee55f160b9968b66013c3a3ef39dd7e5798?s=96&d=mm&r=g\",\"caption\":\"Jeanette\"},\"sameAs\":[\"https:\\\/\\\/www.eldiario.net\\\/portal\"],\"url\":\"https:\\\/\\\/www.eldiario.net\\\/portal\\\/author\\\/jeanette\\\/\"}]}<\/script>\n<!-- \/ Yoast SEO plugin. -->","yoast_head_json":{"title":"D\u00f3lar llega a Bs 11 y repuestos importados suben de precio - El Diario - Bolivia","robots":{"index":"index","follow":"follow","max-snippet":"max-snippet:-1","max-image-preview":"max-image-preview:large","max-video-preview":"max-video-preview:-1"},"canonical":"https:\/\/www.eldiario.net\/portal\/2026\/07\/23\/dolar-llega-a-bs-11-y-repuestos-importados-suben-de-precio\/","og_locale":"es_ES","og_type":"article","og_title":"D\u00f3lar llega a Bs 11 y repuestos importados suben de precio - El Diario - Bolivia","og_description":"Choferes expresan preocupaci\u00f3n por el alza de los repuestos importados. El dirigente, Lucio G\u00f3mez, cuestion\u00f3 que los importadores atribuyan los incrementos al tipo de cambio flexible y advirti\u00f3 que su sector enfrenta mayores costos. Recordemos que el Gobierno determin\u00f3 una rebaja de 5% de arancel para todos los productos importados, con el objetivo de bajar [&hellip;]","og_url":"https:\/\/www.eldiario.net\/portal\/2026\/07\/23\/dolar-llega-a-bs-11-y-repuestos-importados-suben-de-precio\/","og_site_name":"El Diario - Bolivia","article_publisher":"https:\/\/www.facebook.com\/eldiario.bolivia\/","article_published_time":"2026-07-23T10:59:36+00:00","og_image":[{"width":447,"height":447,"url":"https:\/\/www.eldiario.net\/portal\/wp-content\/uploads\/2026\/07\/REPUESTOS-FOTO.webp","type":"image\/webp"}],"author":"Jeanette","twitter_card":"summary_large_image","twitter_creator":"@eldiario_net","twitter_site":"@eldiario_net","twitter_misc":{"Escrito por":"Jeanette","Tiempo de lectura":"2 minutos"},"schema":{"@context":"https:\/\/schema.org","@graph":[{"@type":"Article","@id":"https:\/\/www.eldiario.net\/portal\/2026\/07\/23\/dolar-llega-a-bs-11-y-repuestos-importados-suben-de-precio\/#article","isPartOf":{"@id":"https:\/\/www.eldiario.net\/portal\/2026\/07\/23\/dolar-llega-a-bs-11-y-repuestos-importados-suben-de-precio\/"},"author":{"name":"Jeanette","@id":"https:\/\/www.eldiario.net\/portal\/#\/schema\/person\/f46445640444750d7d753ccd04ae01b7"},"headline":"D\u00f3lar llega a Bs 11 y repuestos importados suben de precio","datePublished":"2026-07-23T10:59:36+00:00","mainEntityOfPage":{"@id":"https:\/\/www.eldiario.net\/portal\/2026\/07\/23\/dolar-llega-a-bs-11-y-repuestos-importados-suben-de-precio\/"},"wordCount":316,"publisher":{"@id":"https:\/\/www.eldiario.net\/portal\/#organization"},"image":{"@id":"https:\/\/www.eldiario.net\/portal\/2026\/07\/23\/dolar-llega-a-bs-11-y-repuestos-importados-suben-de-precio\/#primaryimage"},"thumbnailUrl":"https:\/\/www.eldiario.net\/portal\/wp-content\/uploads\/2026\/07\/REPUESTOS-FOTO.webp","articleSection":["Econom\u00eda"],"inLanguage":"es"},{"@type":"WebPage","@id":"https:\/\/www.eldiario.net\/portal\/2026\/07\/23\/dolar-llega-a-bs-11-y-repuestos-importados-suben-de-precio\/","url":"https:\/\/www.eldiario.net\/portal\/2026\/07\/23\/dolar-llega-a-bs-11-y-repuestos-importados-suben-de-precio\/","name":"D\u00f3lar llega a Bs 11 y repuestos importados suben de precio - El Diario - Bolivia","isPartOf":{"@id":"https:\/\/www.eldiario.net\/portal\/#website"},"primaryImageOfPage":{"@id":"https:\/\/www.eldiario.net\/portal\/2026\/07\/23\/dolar-llega-a-bs-11-y-repuestos-importados-suben-de-precio\/#primaryimage"},"image":{"@id":"https:\/\/www.eldiario.net\/portal\/2026\/07\/23\/dolar-llega-a-bs-11-y-repuestos-importados-suben-de-precio\/#primaryimage"},"thumbnailUrl":"https:\/\/www.eldiario.net\/portal\/wp-content\/uploads\/2026\/07\/REPUESTOS-FOTO.webp","datePublished":"2026-07-23T10:59:36+00:00","breadcrumb":{"@id":"https:\/\/www.eldiario.net\/portal\/2026\/07\/23\/dolar-llega-a-bs-11-y-repuestos-importados-suben-de-precio\/#breadcrumb"},"inLanguage":"es","potentialAction":[{"@type":"ReadAction","target":["https:\/\/www.eldiario.net\/portal\/2026\/07\/23\/dolar-llega-a-bs-11-y-repuestos-importados-suben-de-precio\/"]}]},{"@type":"ImageObject","inLanguage":"es","@id":"https:\/\/www.eldiario.net\/portal\/2026\/07\/23\/dolar-llega-a-bs-11-y-repuestos-importados-suben-de-precio\/#primaryimage","url":"https:\/\/www.eldiario.net\/portal\/wp-content\/uploads\/2026\/07\/REPUESTOS-FOTO.webp","contentUrl":"https:\/\/www.eldiario.net\/portal\/wp-content\/uploads\/2026\/07\/REPUESTOS-FOTO.webp","width":447,"height":447,"caption":"repuestos van subiendo deprecio a pesar de contar con ventajas arancelarias. Foto faceboock"},{"@type":"BreadcrumbList","@id":"https:\/\/www.eldiario.net\/portal\/2026\/07\/23\/dolar-llega-a-bs-11-y-repuestos-importados-suben-de-precio\/#breadcrumb","itemListElement":[{"@type":"ListItem","position":1,"name":"Portada","item":"https:\/\/www.eldiario.net\/portal\/"},{"@type":"ListItem","position":2,"name":"D\u00f3lar llega a Bs 11 y repuestos importados suben de precio"}]},{"@type":"WebSite","@id":"https:\/\/www.eldiario.net\/portal\/#website","url":"https:\/\/www.eldiario.net\/portal\/","name":"El Diario - Decano de la prensa nacional","description":"El Diario - Decano de la prensa nacional","publisher":{"@id":"https:\/\/www.eldiario.net\/portal\/#organization"},"potentialAction":[{"@type":"SearchAction","target":{"@type":"EntryPoint","urlTemplate":"https:\/\/www.eldiario.net\/portal\/?s={search_term_string}"},"query-input":{"@type":"PropertyValueSpecification","valueRequired":true,"valueName":"search_term_string"}}],"inLanguage":"es"},{"@type":"Organization","@id":"https:\/\/www.eldiario.net\/portal\/#organization","name":"El Diario - Decano de la prensa nacional","url":"https:\/\/www.eldiario.net\/portal\/","logo":{"@type":"ImageObject","inLanguage":"es","@id":"https:\/\/www.eldiario.net\/portal\/#\/schema\/logo\/image\/","url":"https:\/\/www.eldiario.net\/portal\/wp-content\/uploads\/2023\/07\/logo_ED.jpg","contentUrl":"https:\/\/www.eldiario.net\/portal\/wp-content\/uploads\/2023\/07\/logo_ED.jpg","width":272,"height":52,"caption":"El Diario - Decano de la prensa nacional"},"image":{"@id":"https:\/\/www.eldiario.net\/portal\/#\/schema\/logo\/image\/"},"sameAs":["https:\/\/www.facebook.com\/eldiario.bolivia\/","https:\/\/x.com\/eldiario_net"]},{"@type":"Person","@id":"https:\/\/www.eldiario.net\/portal\/#\/schema\/person\/f46445640444750d7d753ccd04ae01b7","name":"Jeanette","image":{"@type":"ImageObject","inLanguage":"es","@id":"https:\/\/secure.gravatar.com\/avatar\/3ea2118a5f7dad2b7138b1187a6b7ee55f160b9968b66013c3a3ef39dd7e5798?s=96&d=mm&r=g","url":"https:\/\/secure.gravatar.com\/avatar\/3ea2118a5f7dad2b7138b1187a6b7ee55f160b9968b66013c3a3ef39dd7e5798?s=96&d=mm&r=g","contentUrl":"https:\/\/secure.gravatar.com\/avatar\/3ea2118a5f7dad2b7138b1187a6b7ee55f160b9968b66013c3a3ef39dd7e5798?s=96&d=mm&r=g","caption":"Jeanette"},"sameAs":["https:\/\/www.eldiario.net\/portal"],"url":"https:\/\/www.eldiario.net\/portal\/author\/jeanette\/"}]}},"_links":{"self":[{"href":"https:\/\/www.eldiario.net\/portal\/wp-json\/wp\/v2\/posts\/415116","targetHints":{"allow":["GET"]}}],"collection":[{"href":"https:\/\/www.eldiario.net\/portal\/wp-json\/wp\/v2\/posts"}],"about":[{"href":"https:\/\/www.eldiario.net\/portal\/wp-json\/wp\/v2\/types\/post"}],"author":[{"embeddable":true,"href":"https:\/\/www.eldiario.net\/portal\/wp-json\/wp\/v2\/users\/1"}],"replies":[{"embeddable":true,"href":"https:\/\/www.eldiario.net\/portal\/wp-json\/wp\/v2\/comments?post=415116"}],"version-history":[{"count":1,"href":"https:\/\/www.eldiario.net\/portal\/wp-json\/wp\/v2\/posts\/415116\/revisions"}],"predecessor-version":[{"id":415118,"href":"https:\/\/www.eldiario.net\/portal\/wp-json\/wp\/v2\/posts\/415116\/revisions\/415118"}],"wp:featuredmedia":[{"embeddable":true,"href":"https:\/\/www.eldiario.net\/portal\/wp-json\/wp\/v2\/media\/415117"}],"wp:attachment":[{"href":"https:\/\/www.eldiario.net\/portal\/wp-json\/wp\/v2\/media?parent=415116"}],"wp:term":[{"taxonomy":"category","embeddable":true,"href":"https:\/\/www.eldiario.net\/portal\/wp-json\/wp\/v2\/categories?post=415116"},{"taxonomy":"post_tag","embeddable":true,"href":"https:\/\/www.eldiario.net\/portal\/wp-json\/wp\/v2\/tags?post=415116"}],"curies":[{"name":"wp","href":"https:\/\/api.w.org\/{rel}","templated":true}]}}