{"id":415017,"date":"2026-07-23T06:32:59","date_gmt":"2026-07-23T10:32:59","guid":{"rendered":"https:\/\/www.eldiario.net\/portal\/?p=415017"},"modified":"2026-07-23T06:32:59","modified_gmt":"2026-07-23T10:32:59","slug":"amnistia-elogia-veto-frances-a-redes-pero-exige-controlar-algoritmos","status":"publish","type":"post","link":"https:\/\/www.eldiario.net\/portal\/2026\/07\/23\/amnistia-elogia-veto-frances-a-redes-pero-exige-controlar-algoritmos\/","title":{"rendered":"Amnist\u00eda elogia veto franc\u00e9s a redes;  pero exige controlar algoritmos"},"content":{"rendered":"<p>La secretaria general de Amnist\u00eda Internacional, Agn\u00e8s Callamard, valor\u00f3 la decisi\u00f3n de Francia de restringir el acceso a redes sociales para menores de 15 a\u00f1os, aunque advirti\u00f3 que la protecci\u00f3n infantil requiere medidas directas contra los algoritmos y las funciones adictivas de las plataformas digitales.<\/p>\n<p>Callamard afirm\u00f3 que la regulaci\u00f3n de estas empresas constituye una necesidad urgente ante los da\u00f1os que pueden causar a ni\u00f1os y adolescentes. Sin embargo, sostuvo que las prohibiciones generales resultan insuficientes si los gobiernos no obligan a las compa\u00f1\u00edas tecnol\u00f3gicas a modificar modelos de negocio que priorizan las ganancias por encima de los derechos humanos.<\/p>\n<p>La representante de Amnist\u00eda Internacional se\u00f1al\u00f3 que las autoridades deben limitar los algoritmos basados en la interacci\u00f3n, debido a que estos sistemas pueden dirigir a los menores hacia contenidos relacionados con la depresi\u00f3n, el suicidio u otros temas perjudiciales.<\/p>\n<p>Tambi\u00e9n alert\u00f3 sobre los riesgos que representan los chatbots de inteligencia artificial para la seguridad y los derechos de la ni\u00f1ez. A su juicio, cualquier regulaci\u00f3n debe incluir mecanismos espec\u00edficos para enfrentar estas amenazas.<\/p>\n<p>Callamard advirti\u00f3 que una prohibici\u00f3n sin controles sobre los algoritmos ni sobre las herramientas que generan dependencia podr\u00eda resultar f\u00e1cil de eludir. Adem\u00e1s, record\u00f3 que los adultos permanecen expuestos a los mismos mecanismos de manipulaci\u00f3n y consumo excesivo.<\/p>\n<p>La secretaria general inst\u00f3 a los legisladores franceses y a otros pa\u00edses que analizan restricciones similares a considerar las recomendaciones del panel especial de la Uni\u00f3n Europea sobre seguridad infantil en internet. Este organismo plantea acciones contra el dise\u00f1o perjudicial de las plataformas en lugar de prohibiciones generales.<\/p>\n<p>El Parlamento franc\u00e9s aprob\u00f3 la restricci\u00f3n del uso de redes sociales para menores de 15 a\u00f1os. La medida entrar\u00e1 en vigor desde septiembre y tendr\u00e1 una aplicaci\u00f3n progresiva hasta el 1 de enero de 2027. (Con informaci\u00f3n de Europa Press)<\/p>\n","protected":false},"excerpt":{"rendered":"<p>La secretaria general de Amnist\u00eda Internacional, Agn\u00e8s Callamard, valor\u00f3 la decisi\u00f3n de Francia de restringir el acceso a redes sociales para menores de 15 a\u00f1os, aunque advirti\u00f3 que la protecci\u00f3n infantil requiere medidas directas contra los algoritmos y las funciones adictivas de las plataformas digitales. Callamard afirm\u00f3 que la regulaci\u00f3n de estas empresas constituye una [&hellip;]<\/p>\n","protected":false},"author":1,"featured_media":415018,"comment_status":"closed","ping_status":"open","sticky":false,"template":"","format":"standard","meta":{"_acf_changed":false,"footnotes":""},"categories":[15],"tags":[],"class_list":["post-415017","post","type-post","status-publish","format-standard","has-post-thumbnail","category-portada"],"acf":{"antetitulo":""},"yoast_head":"<!-- This site is optimized with the Yoast SEO plugin v28.4 - https:\/\/yoast.com\/product\/yoast-seo-wordpress\/ -->\n<title>Amnist\u00eda elogia veto franc\u00e9s a redes; pero exige controlar algoritmos - El Diario - Bolivia<\/title>\n<meta name=\"robots\" content=\"index, follow, max-snippet:-1, max-image-preview:large, max-video-preview:-1\" \/>\n<link rel=\"canonical\" href=\"https:\/\/www.eldiario.net\/portal\/2026\/07\/23\/amnistia-elogia-veto-frances-a-redes-pero-exige-controlar-algoritmos\/\" \/>\n<meta property=\"og:locale\" content=\"es_ES\" \/>\n<meta property=\"og:type\" content=\"article\" \/>\n<meta property=\"og:title\" content=\"Amnist\u00eda elogia veto franc\u00e9s a redes; pero exige controlar algoritmos - El Diario - Bolivia\" \/>\n<meta property=\"og:description\" content=\"La secretaria general de Amnist\u00eda Internacional, Agn\u00e8s Callamard, valor\u00f3 la decisi\u00f3n de Francia de restringir el acceso a redes sociales para menores de 15 a\u00f1os, aunque advirti\u00f3 que la protecci\u00f3n infantil requiere medidas directas contra los algoritmos y las funciones adictivas de las plataformas digitales. Callamard afirm\u00f3 que la regulaci\u00f3n de estas empresas constituye una [&hellip;]\" \/>\n<meta property=\"og:url\" content=\"https:\/\/www.eldiario.net\/portal\/2026\/07\/23\/amnistia-elogia-veto-frances-a-redes-pero-exige-controlar-algoritmos\/\" \/>\n<meta property=\"og:site_name\" content=\"El Diario - Bolivia\" \/>\n<meta property=\"article:publisher\" content=\"https:\/\/www.facebook.com\/eldiario.bolivia\/\" \/>\n<meta property=\"article:published_time\" content=\"2026-07-23T10:32:59+00:00\" \/>\n<meta property=\"og:image\" content=\"https:\/\/www.eldiario.net\/portal\/wp-content\/uploads\/2026\/07\/VETO-FOTO.webp\" \/>\n\t<meta property=\"og:image:width\" content=\"712\" \/>\n\t<meta property=\"og:image:height\" content=\"598\" \/>\n\t<meta property=\"og:image:type\" content=\"image\/webp\" \/>\n<meta name=\"author\" content=\"Jeanette\" \/>\n<meta name=\"twitter:card\" content=\"summary_large_image\" \/>\n<meta name=\"twitter:creator\" content=\"@eldiario_net\" \/>\n<meta name=\"twitter:site\" content=\"@eldiario_net\" \/>\n<meta name=\"twitter:label1\" content=\"Escrito por\" \/>\n\t<meta name=\"twitter:data1\" content=\"Jeanette\" \/>\n\t<meta name=\"twitter:label2\" content=\"Tiempo de lectura\" \/>\n\t<meta name=\"twitter:data2\" content=\"2 minutos\" \/>\n<script type=\"application\/ld+json\" class=\"yoast-schema-graph\">{\"@context\":\"https:\\\/\\\/schema.org\",\"@graph\":[{\"@type\":\"Article\",\"@id\":\"https:\\\/\\\/www.eldiario.net\\\/portal\\\/2026\\\/07\\\/23\\\/amnistia-elogia-veto-frances-a-redes-pero-exige-controlar-algoritmos\\\/#article\",\"isPartOf\":{\"@id\":\"https:\\\/\\\/www.eldiario.net\\\/portal\\\/2026\\\/07\\\/23\\\/amnistia-elogia-veto-frances-a-redes-pero-exige-controlar-algoritmos\\\/\"},\"author\":{\"name\":\"Jeanette\",\"@id\":\"https:\\\/\\\/www.eldiario.net\\\/portal\\\/#\\\/schema\\\/person\\\/f46445640444750d7d753ccd04ae01b7\"},\"headline\":\"Amnist\u00eda elogia veto franc\u00e9s a redes; pero exige controlar algoritmos\",\"datePublished\":\"2026-07-23T10:32:59+00:00\",\"mainEntityOfPage\":{\"@id\":\"https:\\\/\\\/www.eldiario.net\\\/portal\\\/2026\\\/07\\\/23\\\/amnistia-elogia-veto-frances-a-redes-pero-exige-controlar-algoritmos\\\/\"},\"wordCount\":338,\"publisher\":{\"@id\":\"https:\\\/\\\/www.eldiario.net\\\/portal\\\/#organization\"},\"image\":{\"@id\":\"https:\\\/\\\/www.eldiario.net\\\/portal\\\/2026\\\/07\\\/23\\\/amnistia-elogia-veto-frances-a-redes-pero-exige-controlar-algoritmos\\\/#primaryimage\"},\"thumbnailUrl\":\"https:\\\/\\\/www.eldiario.net\\\/portal\\\/wp-content\\\/uploads\\\/2026\\\/07\\\/VETO-FOTO.webp\",\"articleSection\":[\"Portada\"],\"inLanguage\":\"es\"},{\"@type\":\"WebPage\",\"@id\":\"https:\\\/\\\/www.eldiario.net\\\/portal\\\/2026\\\/07\\\/23\\\/amnistia-elogia-veto-frances-a-redes-pero-exige-controlar-algoritmos\\\/\",\"url\":\"https:\\\/\\\/www.eldiario.net\\\/portal\\\/2026\\\/07\\\/23\\\/amnistia-elogia-veto-frances-a-redes-pero-exige-controlar-algoritmos\\\/\",\"name\":\"Amnist\u00eda elogia veto franc\u00e9s a redes; pero exige controlar algoritmos - El Diario - Bolivia\",\"isPartOf\":{\"@id\":\"https:\\\/\\\/www.eldiario.net\\\/portal\\\/#website\"},\"primaryImageOfPage\":{\"@id\":\"https:\\\/\\\/www.eldiario.net\\\/portal\\\/2026\\\/07\\\/23\\\/amnistia-elogia-veto-frances-a-redes-pero-exige-controlar-algoritmos\\\/#primaryimage\"},\"image\":{\"@id\":\"https:\\\/\\\/www.eldiario.net\\\/portal\\\/2026\\\/07\\\/23\\\/amnistia-elogia-veto-frances-a-redes-pero-exige-controlar-algoritmos\\\/#primaryimage\"},\"thumbnailUrl\":\"https:\\\/\\\/www.eldiario.net\\\/portal\\\/wp-content\\\/uploads\\\/2026\\\/07\\\/VETO-FOTO.webp\",\"datePublished\":\"2026-07-23T10:32:59+00:00\",\"breadcrumb\":{\"@id\":\"https:\\\/\\\/www.eldiario.net\\\/portal\\\/2026\\\/07\\\/23\\\/amnistia-elogia-veto-frances-a-redes-pero-exige-controlar-algoritmos\\\/#breadcrumb\"},\"inLanguage\":\"es\",\"potentialAction\":[{\"@type\":\"ReadAction\",\"target\":[\"https:\\\/\\\/www.eldiario.net\\\/portal\\\/2026\\\/07\\\/23\\\/amnistia-elogia-veto-frances-a-redes-pero-exige-controlar-algoritmos\\\/\"]}]},{\"@type\":\"ImageObject\",\"inLanguage\":\"es\",\"@id\":\"https:\\\/\\\/www.eldiario.net\\\/portal\\\/2026\\\/07\\\/23\\\/amnistia-elogia-veto-frances-a-redes-pero-exige-controlar-algoritmos\\\/#primaryimage\",\"url\":\"https:\\\/\\\/www.eldiario.net\\\/portal\\\/wp-content\\\/uploads\\\/2026\\\/07\\\/VETO-FOTO.webp\",\"contentUrl\":\"https:\\\/\\\/www.eldiario.net\\\/portal\\\/wp-content\\\/uploads\\\/2026\\\/07\\\/VETO-FOTO.webp\",\"width\":712,\"height\":598,\"caption\":\"La secretaria general de Amnist\u00eda Internacional, Agn\u00e8s Callamard. Foto: AI\"},{\"@type\":\"BreadcrumbList\",\"@id\":\"https:\\\/\\\/www.eldiario.net\\\/portal\\\/2026\\\/07\\\/23\\\/amnistia-elogia-veto-frances-a-redes-pero-exige-controlar-algoritmos\\\/#breadcrumb\",\"itemListElement\":[{\"@type\":\"ListItem\",\"position\":1,\"name\":\"Portada\",\"item\":\"https:\\\/\\\/www.eldiario.net\\\/portal\\\/\"},{\"@type\":\"ListItem\",\"position\":2,\"name\":\"Amnist\u00eda elogia veto franc\u00e9s a redes; pero exige controlar algoritmos\"}]},{\"@type\":\"WebSite\",\"@id\":\"https:\\\/\\\/www.eldiario.net\\\/portal\\\/#website\",\"url\":\"https:\\\/\\\/www.eldiario.net\\\/portal\\\/\",\"name\":\"El Diario - Decano de la prensa nacional\",\"description\":\"El Diario - Decano de la prensa nacional\",\"publisher\":{\"@id\":\"https:\\\/\\\/www.eldiario.net\\\/portal\\\/#organization\"},\"potentialAction\":[{\"@type\":\"SearchAction\",\"target\":{\"@type\":\"EntryPoint\",\"urlTemplate\":\"https:\\\/\\\/www.eldiario.net\\\/portal\\\/?s={search_term_string}\"},\"query-input\":{\"@type\":\"PropertyValueSpecification\",\"valueRequired\":true,\"valueName\":\"search_term_string\"}}],\"inLanguage\":\"es\"},{\"@type\":\"Organization\",\"@id\":\"https:\\\/\\\/www.eldiario.net\\\/portal\\\/#organization\",\"name\":\"El Diario - Decano de la prensa nacional\",\"url\":\"https:\\\/\\\/www.eldiario.net\\\/portal\\\/\",\"logo\":{\"@type\":\"ImageObject\",\"inLanguage\":\"es\",\"@id\":\"https:\\\/\\\/www.eldiario.net\\\/portal\\\/#\\\/schema\\\/logo\\\/image\\\/\",\"url\":\"https:\\\/\\\/www.eldiario.net\\\/portal\\\/wp-content\\\/uploads\\\/2023\\\/07\\\/logo_ED.jpg\",\"contentUrl\":\"https:\\\/\\\/www.eldiario.net\\\/portal\\\/wp-content\\\/uploads\\\/2023\\\/07\\\/logo_ED.jpg\",\"width\":272,\"height\":52,\"caption\":\"El Diario - Decano de la prensa nacional\"},\"image\":{\"@id\":\"https:\\\/\\\/www.eldiario.net\\\/portal\\\/#\\\/schema\\\/logo\\\/image\\\/\"},\"sameAs\":[\"https:\\\/\\\/www.facebook.com\\\/eldiario.bolivia\\\/\",\"https:\\\/\\\/x.com\\\/eldiario_net\"]},{\"@type\":\"Person\",\"@id\":\"https:\\\/\\\/www.eldiario.net\\\/portal\\\/#\\\/schema\\\/person\\\/f46445640444750d7d753ccd04ae01b7\",\"name\":\"Jeanette\",\"image\":{\"@type\":\"ImageObject\",\"inLanguage\":\"es\",\"@id\":\"https:\\\/\\\/secure.gravatar.com\\\/avatar\\\/3ea2118a5f7dad2b7138b1187a6b7ee55f160b9968b66013c3a3ef39dd7e5798?s=96&d=mm&r=g\",\"url\":\"https:\\\/\\\/secure.gravatar.com\\\/avatar\\\/3ea2118a5f7dad2b7138b1187a6b7ee55f160b9968b66013c3a3ef39dd7e5798?s=96&d=mm&r=g\",\"contentUrl\":\"https:\\\/\\\/secure.gravatar.com\\\/avatar\\\/3ea2118a5f7dad2b7138b1187a6b7ee55f160b9968b66013c3a3ef39dd7e5798?s=96&d=mm&r=g\",\"caption\":\"Jeanette\"},\"sameAs\":[\"https:\\\/\\\/www.eldiario.net\\\/portal\"],\"url\":\"https:\\\/\\\/www.eldiario.net\\\/portal\\\/author\\\/jeanette\\\/\"}]}<\/script>\n<!-- \/ Yoast SEO plugin. -->","yoast_head_json":{"title":"Amnist\u00eda elogia veto franc\u00e9s a redes; pero exige controlar algoritmos - El Diario - Bolivia","robots":{"index":"index","follow":"follow","max-snippet":"max-snippet:-1","max-image-preview":"max-image-preview:large","max-video-preview":"max-video-preview:-1"},"canonical":"https:\/\/www.eldiario.net\/portal\/2026\/07\/23\/amnistia-elogia-veto-frances-a-redes-pero-exige-controlar-algoritmos\/","og_locale":"es_ES","og_type":"article","og_title":"Amnist\u00eda elogia veto franc\u00e9s a redes; pero exige controlar algoritmos - El Diario - Bolivia","og_description":"La secretaria general de Amnist\u00eda Internacional, Agn\u00e8s Callamard, valor\u00f3 la decisi\u00f3n de Francia de restringir el acceso a redes sociales para menores de 15 a\u00f1os, aunque advirti\u00f3 que la protecci\u00f3n infantil requiere medidas directas contra los algoritmos y las funciones adictivas de las plataformas digitales. Callamard afirm\u00f3 que la regulaci\u00f3n de estas empresas constituye una [&hellip;]","og_url":"https:\/\/www.eldiario.net\/portal\/2026\/07\/23\/amnistia-elogia-veto-frances-a-redes-pero-exige-controlar-algoritmos\/","og_site_name":"El Diario - Bolivia","article_publisher":"https:\/\/www.facebook.com\/eldiario.bolivia\/","article_published_time":"2026-07-23T10:32:59+00:00","og_image":[{"width":712,"height":598,"url":"https:\/\/www.eldiario.net\/portal\/wp-content\/uploads\/2026\/07\/VETO-FOTO.webp","type":"image\/webp"}],"author":"Jeanette","twitter_card":"summary_large_image","twitter_creator":"@eldiario_net","twitter_site":"@eldiario_net","twitter_misc":{"Escrito por":"Jeanette","Tiempo de lectura":"2 minutos"},"schema":{"@context":"https:\/\/schema.org","@graph":[{"@type":"Article","@id":"https:\/\/www.eldiario.net\/portal\/2026\/07\/23\/amnistia-elogia-veto-frances-a-redes-pero-exige-controlar-algoritmos\/#article","isPartOf":{"@id":"https:\/\/www.eldiario.net\/portal\/2026\/07\/23\/amnistia-elogia-veto-frances-a-redes-pero-exige-controlar-algoritmos\/"},"author":{"name":"Jeanette","@id":"https:\/\/www.eldiario.net\/portal\/#\/schema\/person\/f46445640444750d7d753ccd04ae01b7"},"headline":"Amnist\u00eda elogia veto franc\u00e9s a redes; pero exige controlar algoritmos","datePublished":"2026-07-23T10:32:59+00:00","mainEntityOfPage":{"@id":"https:\/\/www.eldiario.net\/portal\/2026\/07\/23\/amnistia-elogia-veto-frances-a-redes-pero-exige-controlar-algoritmos\/"},"wordCount":338,"publisher":{"@id":"https:\/\/www.eldiario.net\/portal\/#organization"},"image":{"@id":"https:\/\/www.eldiario.net\/portal\/2026\/07\/23\/amnistia-elogia-veto-frances-a-redes-pero-exige-controlar-algoritmos\/#primaryimage"},"thumbnailUrl":"https:\/\/www.eldiario.net\/portal\/wp-content\/uploads\/2026\/07\/VETO-FOTO.webp","articleSection":["Portada"],"inLanguage":"es"},{"@type":"WebPage","@id":"https:\/\/www.eldiario.net\/portal\/2026\/07\/23\/amnistia-elogia-veto-frances-a-redes-pero-exige-controlar-algoritmos\/","url":"https:\/\/www.eldiario.net\/portal\/2026\/07\/23\/amnistia-elogia-veto-frances-a-redes-pero-exige-controlar-algoritmos\/","name":"Amnist\u00eda elogia veto franc\u00e9s a redes; pero exige controlar algoritmos - El Diario - Bolivia","isPartOf":{"@id":"https:\/\/www.eldiario.net\/portal\/#website"},"primaryImageOfPage":{"@id":"https:\/\/www.eldiario.net\/portal\/2026\/07\/23\/amnistia-elogia-veto-frances-a-redes-pero-exige-controlar-algoritmos\/#primaryimage"},"image":{"@id":"https:\/\/www.eldiario.net\/portal\/2026\/07\/23\/amnistia-elogia-veto-frances-a-redes-pero-exige-controlar-algoritmos\/#primaryimage"},"thumbnailUrl":"https:\/\/www.eldiario.net\/portal\/wp-content\/uploads\/2026\/07\/VETO-FOTO.webp","datePublished":"2026-07-23T10:32:59+00:00","breadcrumb":{"@id":"https:\/\/www.eldiario.net\/portal\/2026\/07\/23\/amnistia-elogia-veto-frances-a-redes-pero-exige-controlar-algoritmos\/#breadcrumb"},"inLanguage":"es","potentialAction":[{"@type":"ReadAction","target":["https:\/\/www.eldiario.net\/portal\/2026\/07\/23\/amnistia-elogia-veto-frances-a-redes-pero-exige-controlar-algoritmos\/"]}]},{"@type":"ImageObject","inLanguage":"es","@id":"https:\/\/www.eldiario.net\/portal\/2026\/07\/23\/amnistia-elogia-veto-frances-a-redes-pero-exige-controlar-algoritmos\/#primaryimage","url":"https:\/\/www.eldiario.net\/portal\/wp-content\/uploads\/2026\/07\/VETO-FOTO.webp","contentUrl":"https:\/\/www.eldiario.net\/portal\/wp-content\/uploads\/2026\/07\/VETO-FOTO.webp","width":712,"height":598,"caption":"La secretaria general de Amnist\u00eda Internacional, Agn\u00e8s Callamard. Foto: AI"},{"@type":"BreadcrumbList","@id":"https:\/\/www.eldiario.net\/portal\/2026\/07\/23\/amnistia-elogia-veto-frances-a-redes-pero-exige-controlar-algoritmos\/#breadcrumb","itemListElement":[{"@type":"ListItem","position":1,"name":"Portada","item":"https:\/\/www.eldiario.net\/portal\/"},{"@type":"ListItem","position":2,"name":"Amnist\u00eda elogia veto franc\u00e9s a redes; pero exige controlar algoritmos"}]},{"@type":"WebSite","@id":"https:\/\/www.eldiario.net\/portal\/#website","url":"https:\/\/www.eldiario.net\/portal\/","name":"El Diario - Decano de la prensa nacional","description":"El Diario - Decano de la prensa nacional","publisher":{"@id":"https:\/\/www.eldiario.net\/portal\/#organization"},"potentialAction":[{"@type":"SearchAction","target":{"@type":"EntryPoint","urlTemplate":"https:\/\/www.eldiario.net\/portal\/?s={search_term_string}"},"query-input":{"@type":"PropertyValueSpecification","valueRequired":true,"valueName":"search_term_string"}}],"inLanguage":"es"},{"@type":"Organization","@id":"https:\/\/www.eldiario.net\/portal\/#organization","name":"El Diario - Decano de la prensa nacional","url":"https:\/\/www.eldiario.net\/portal\/","logo":{"@type":"ImageObject","inLanguage":"es","@id":"https:\/\/www.eldiario.net\/portal\/#\/schema\/logo\/image\/","url":"https:\/\/www.eldiario.net\/portal\/wp-content\/uploads\/2023\/07\/logo_ED.jpg","contentUrl":"https:\/\/www.eldiario.net\/portal\/wp-content\/uploads\/2023\/07\/logo_ED.jpg","width":272,"height":52,"caption":"El Diario - Decano de la prensa nacional"},"image":{"@id":"https:\/\/www.eldiario.net\/portal\/#\/schema\/logo\/image\/"},"sameAs":["https:\/\/www.facebook.com\/eldiario.bolivia\/","https:\/\/x.com\/eldiario_net"]},{"@type":"Person","@id":"https:\/\/www.eldiario.net\/portal\/#\/schema\/person\/f46445640444750d7d753ccd04ae01b7","name":"Jeanette","image":{"@type":"ImageObject","inLanguage":"es","@id":"https:\/\/secure.gravatar.com\/avatar\/3ea2118a5f7dad2b7138b1187a6b7ee55f160b9968b66013c3a3ef39dd7e5798?s=96&d=mm&r=g","url":"https:\/\/secure.gravatar.com\/avatar\/3ea2118a5f7dad2b7138b1187a6b7ee55f160b9968b66013c3a3ef39dd7e5798?s=96&d=mm&r=g","contentUrl":"https:\/\/secure.gravatar.com\/avatar\/3ea2118a5f7dad2b7138b1187a6b7ee55f160b9968b66013c3a3ef39dd7e5798?s=96&d=mm&r=g","caption":"Jeanette"},"sameAs":["https:\/\/www.eldiario.net\/portal"],"url":"https:\/\/www.eldiario.net\/portal\/author\/jeanette\/"}]}},"_links":{"self":[{"href":"https:\/\/www.eldiario.net\/portal\/wp-json\/wp\/v2\/posts\/415017","targetHints":{"allow":["GET"]}}],"collection":[{"href":"https:\/\/www.eldiario.net\/portal\/wp-json\/wp\/v2\/posts"}],"about":[{"href":"https:\/\/www.eldiario.net\/portal\/wp-json\/wp\/v2\/types\/post"}],"author":[{"embeddable":true,"href":"https:\/\/www.eldiario.net\/portal\/wp-json\/wp\/v2\/users\/1"}],"replies":[{"embeddable":true,"href":"https:\/\/www.eldiario.net\/portal\/wp-json\/wp\/v2\/comments?post=415017"}],"version-history":[{"count":1,"href":"https:\/\/www.eldiario.net\/portal\/wp-json\/wp\/v2\/posts\/415017\/revisions"}],"predecessor-version":[{"id":415019,"href":"https:\/\/www.eldiario.net\/portal\/wp-json\/wp\/v2\/posts\/415017\/revisions\/415019"}],"wp:featuredmedia":[{"embeddable":true,"href":"https:\/\/www.eldiario.net\/portal\/wp-json\/wp\/v2\/media\/415018"}],"wp:attachment":[{"href":"https:\/\/www.eldiario.net\/portal\/wp-json\/wp\/v2\/media?parent=415017"}],"wp:term":[{"taxonomy":"category","embeddable":true,"href":"https:\/\/www.eldiario.net\/portal\/wp-json\/wp\/v2\/categories?post=415017"},{"taxonomy":"post_tag","embeddable":true,"href":"https:\/\/www.eldiario.net\/portal\/wp-json\/wp\/v2\/tags?post=415017"}],"curies":[{"name":"wp","href":"https:\/\/api.w.org\/{rel}","templated":true}]}}