{"id":415011,"date":"2026-07-23T06:29:28","date_gmt":"2026-07-23T10:29:28","guid":{"rendered":"https:\/\/www.eldiario.net\/portal\/?p=415011"},"modified":"2026-07-23T06:29:28","modified_gmt":"2026-07-23T10:29:28","slug":"investigan-carga-de-oro-valuado-en-us-25-millones","status":"publish","type":"post","link":"https:\/\/www.eldiario.net\/portal\/2026\/07\/23\/investigan-carga-de-oro-valuado-en-us-25-millones\/","title":{"rendered":"Investigan carga de oro valuado en $us 25 millones"},"content":{"rendered":"<p>La Fuerza Especial de Lucha Contra el Crimen (Felcc) investiga el hallazgo de 189 kilogramos de oro valuados en aproximadamente 25 millones de d\u00f3lares, encontrados en cuatro maletas que ten\u00edan como destino Dub\u00e1i en un vuelo privado desde el aeropuerto internacional de Viru Viru, donde un ciudadano boliviano de 22 a\u00f1os fue aprehendido por presuntas irregularidades en la documentaci\u00f3n presentada para el traslado del mineral.<\/p>\n<p>Seg\u00fan la Polic\u00eda, el hallazgo se produjo la madrugada de ayer, cuando personal que realizaba controles en la terminal a\u00e9rea detect\u00f3 el metal precioso en el equipaje y solicit\u00f3 la documentaci\u00f3n correspondiente para autorizar su salida del pa\u00eds.<\/p>\n<p>El director de la Felcc, Jhonny Coca, explic\u00f3 que el portador present\u00f3 documentos f\u00edsicos emitidos por el Servicio Nacional de Registro y Control de la Comercializaci\u00f3n de Minerales y Metales (Senarecom). Sin embargo, durante la verificaci\u00f3n digital se estableci\u00f3 que el c\u00f3digo QR impreso en la documentaci\u00f3n no pod\u00eda ser validado, situaci\u00f3n que motiv\u00f3 la retenci\u00f3n inmediata de las maletas y el inicio de una investigaci\u00f3n para establecer si existieron irregularidades en el tr\u00e1mite.<\/p>\n<p>La autoridad policial indic\u00f3 que la revisi\u00f3n tambi\u00e9n permiti\u00f3 constatar que la documentaci\u00f3n f\u00edsica inclu\u00eda el pago de los tributos establecidos por ley y el reconocimiento efectuado por la Aduana Nacional, donde se describ\u00eda el contenido de la mercanc\u00eda. No obstante, la imposibilidad de verificar electr\u00f3nicamente la autorizaci\u00f3n gener\u00f3 dudas sobre la autenticidad o validez del procedimiento, por lo que se determin\u00f3 profundizar las pesquisas antes de permitir el traslado del cargamento.<\/p>\n<p>Seg\u00fan la investigaci\u00f3n preliminar, el hombre hab\u00eda realizado los tr\u00e1mites relacionados con el traslado del mineral y manifest\u00f3 que la carga hab\u00eda sido transportada por una empresa privada. Coca se\u00f1al\u00f3 que, mientras no se establezca la autenticidad de la documentaci\u00f3n presentada, corresponde desarrollar las investigaciones para determinar si se configur\u00f3 alg\u00fan hecho il\u00edcito relacionado con la comercializaci\u00f3n de minerales. A\u00f1adi\u00f3 que, si toda la documentaci\u00f3n resulta v\u00e1lida, la carga ser\u00e1 liberada conforme a procedimiento.<\/p>\n<p>Posteriormente se conoci\u00f3 que el aprehendido fue identificado con las iniciales Adri\u00e1n L. R., de nacionalidad boliviana y de 22 a\u00f1os de edad. La Polic\u00eda tambi\u00e9n inform\u00f3 que el cargamento pertenece a una empresa legalmente constituida y con N\u00famero de Identificaci\u00f3n Tributaria (NIT).<\/p>\n<p>Las autoridades estiman que los 189 kilogramos de oro tienen un valor aproximado de 25 millones de d\u00f3lares, de acuerdo con la cotizaci\u00f3n internacional del mineral correspondiente a este mi\u00e9rcoles 22 de julio.<\/p>\n<p>El joven permanece en celdas policiales de Sat\u00e9lite Norte, en el municipio de Warnes, donde deb\u00eda prestar su declaraci\u00f3n informativa antes de ser puesto a disposici\u00f3n de la Fiscal\u00eda especializada en delitos contra la Corrupci\u00f3n P\u00fablica, dentro de una investigaci\u00f3n por presuntos delitos de enriquecimiento il\u00edcito y venta ilegal de minerales.<\/p>\n<p>Pasado el mediod\u00eda, el aprehendido fue trasladado junto con las cuatro maletas hasta dependencias de Anticorrupci\u00f3n. El fiscal asignado al caso inform\u00f3 que se realizar\u00e1 una inspecci\u00f3n del equipaje para establecer con precisi\u00f3n el contenido de la carga y confirmar el peso exacto del mineral, mientras contin\u00faan las diligencias destinadas a esclarecer la legalidad de la documentaci\u00f3n y las circunstancias en las que se gestion\u00f3 el traslado.<\/p>\n","protected":false},"excerpt":{"rendered":"<p>La Fuerza Especial de Lucha Contra el Crimen (Felcc) investiga el hallazgo de 189 kilogramos de oro valuados en aproximadamente 25 millones de d\u00f3lares, encontrados en cuatro maletas que ten\u00edan como destino Dub\u00e1i en un vuelo privado desde el aeropuerto internacional de Viru Viru, donde un ciudadano boliviano de 22 a\u00f1os fue aprehendido por presuntas [&hellip;]<\/p>\n","protected":false},"author":1,"featured_media":415012,"comment_status":"closed","ping_status":"open","sticky":false,"template":"","format":"standard","meta":{"_acf_changed":false,"footnotes":""},"categories":[39],"tags":[],"class_list":["post-415011","post","type-post","status-publish","format-standard","has-post-thumbnail","category-sociedad"],"acf":{"antetitulo":"Una persona fue aprehendida"},"yoast_head":"<!-- This site is optimized with the Yoast SEO plugin v28.4 - https:\/\/yoast.com\/product\/yoast-seo-wordpress\/ -->\n<title>Investigan carga de oro valuado en $us 25 millones - El Diario - Bolivia<\/title>\n<meta name=\"robots\" content=\"index, follow, max-snippet:-1, max-image-preview:large, max-video-preview:-1\" \/>\n<link rel=\"canonical\" href=\"https:\/\/www.eldiario.net\/portal\/2026\/07\/23\/investigan-carga-de-oro-valuado-en-us-25-millones\/\" \/>\n<meta property=\"og:locale\" content=\"es_ES\" \/>\n<meta property=\"og:type\" content=\"article\" \/>\n<meta property=\"og:title\" content=\"Investigan carga de oro valuado en $us 25 millones - El Diario - Bolivia\" \/>\n<meta property=\"og:description\" content=\"La Fuerza Especial de Lucha Contra el Crimen (Felcc) investiga el hallazgo de 189 kilogramos de oro valuados en aproximadamente 25 millones de d\u00f3lares, encontrados en cuatro maletas que ten\u00edan como destino Dub\u00e1i en un vuelo privado desde el aeropuerto internacional de Viru Viru, donde un ciudadano boliviano de 22 a\u00f1os fue aprehendido por presuntas [&hellip;]\" \/>\n<meta property=\"og:url\" content=\"https:\/\/www.eldiario.net\/portal\/2026\/07\/23\/investigan-carga-de-oro-valuado-en-us-25-millones\/\" \/>\n<meta property=\"og:site_name\" content=\"El Diario - Bolivia\" \/>\n<meta property=\"article:publisher\" content=\"https:\/\/www.facebook.com\/eldiario.bolivia\/\" \/>\n<meta property=\"article:published_time\" content=\"2026-07-23T10:29:28+00:00\" \/>\n<meta property=\"og:image\" content=\"https:\/\/www.eldiario.net\/portal\/wp-content\/uploads\/2026\/07\/ORO-FOTO.webp\" \/>\n\t<meta property=\"og:image:width\" content=\"968\" \/>\n\t<meta property=\"og:image:height\" content=\"889\" \/>\n\t<meta property=\"og:image:type\" content=\"image\/webp\" \/>\n<meta name=\"author\" content=\"Jeanette\" \/>\n<meta name=\"twitter:card\" content=\"summary_large_image\" \/>\n<meta name=\"twitter:creator\" content=\"@eldiario_net\" \/>\n<meta name=\"twitter:site\" content=\"@eldiario_net\" \/>\n<meta name=\"twitter:label1\" content=\"Escrito por\" \/>\n\t<meta name=\"twitter:data1\" content=\"Jeanette\" \/>\n\t<meta name=\"twitter:label2\" content=\"Tiempo de lectura\" \/>\n\t<meta name=\"twitter:data2\" content=\"3 minutos\" \/>\n<script type=\"application\/ld+json\" class=\"yoast-schema-graph\">{\"@context\":\"https:\\\/\\\/schema.org\",\"@graph\":[{\"@type\":\"Article\",\"@id\":\"https:\\\/\\\/www.eldiario.net\\\/portal\\\/2026\\\/07\\\/23\\\/investigan-carga-de-oro-valuado-en-us-25-millones\\\/#article\",\"isPartOf\":{\"@id\":\"https:\\\/\\\/www.eldiario.net\\\/portal\\\/2026\\\/07\\\/23\\\/investigan-carga-de-oro-valuado-en-us-25-millones\\\/\"},\"author\":{\"name\":\"Jeanette\",\"@id\":\"https:\\\/\\\/www.eldiario.net\\\/portal\\\/#\\\/schema\\\/person\\\/f46445640444750d7d753ccd04ae01b7\"},\"headline\":\"Investigan carga de oro valuado en $us 25 millones\",\"datePublished\":\"2026-07-23T10:29:28+00:00\",\"mainEntityOfPage\":{\"@id\":\"https:\\\/\\\/www.eldiario.net\\\/portal\\\/2026\\\/07\\\/23\\\/investigan-carga-de-oro-valuado-en-us-25-millones\\\/\"},\"wordCount\":584,\"publisher\":{\"@id\":\"https:\\\/\\\/www.eldiario.net\\\/portal\\\/#organization\"},\"image\":{\"@id\":\"https:\\\/\\\/www.eldiario.net\\\/portal\\\/2026\\\/07\\\/23\\\/investigan-carga-de-oro-valuado-en-us-25-millones\\\/#primaryimage\"},\"thumbnailUrl\":\"https:\\\/\\\/www.eldiario.net\\\/portal\\\/wp-content\\\/uploads\\\/2026\\\/07\\\/ORO-FOTO.webp\",\"articleSection\":[\"Sociedad - Seguridad\"],\"inLanguage\":\"es\"},{\"@type\":\"WebPage\",\"@id\":\"https:\\\/\\\/www.eldiario.net\\\/portal\\\/2026\\\/07\\\/23\\\/investigan-carga-de-oro-valuado-en-us-25-millones\\\/\",\"url\":\"https:\\\/\\\/www.eldiario.net\\\/portal\\\/2026\\\/07\\\/23\\\/investigan-carga-de-oro-valuado-en-us-25-millones\\\/\",\"name\":\"Investigan carga de oro valuado en $us 25 millones - El Diario - Bolivia\",\"isPartOf\":{\"@id\":\"https:\\\/\\\/www.eldiario.net\\\/portal\\\/#website\"},\"primaryImageOfPage\":{\"@id\":\"https:\\\/\\\/www.eldiario.net\\\/portal\\\/2026\\\/07\\\/23\\\/investigan-carga-de-oro-valuado-en-us-25-millones\\\/#primaryimage\"},\"image\":{\"@id\":\"https:\\\/\\\/www.eldiario.net\\\/portal\\\/2026\\\/07\\\/23\\\/investigan-carga-de-oro-valuado-en-us-25-millones\\\/#primaryimage\"},\"thumbnailUrl\":\"https:\\\/\\\/www.eldiario.net\\\/portal\\\/wp-content\\\/uploads\\\/2026\\\/07\\\/ORO-FOTO.webp\",\"datePublished\":\"2026-07-23T10:29:28+00:00\",\"breadcrumb\":{\"@id\":\"https:\\\/\\\/www.eldiario.net\\\/portal\\\/2026\\\/07\\\/23\\\/investigan-carga-de-oro-valuado-en-us-25-millones\\\/#breadcrumb\"},\"inLanguage\":\"es\",\"potentialAction\":[{\"@type\":\"ReadAction\",\"target\":[\"https:\\\/\\\/www.eldiario.net\\\/portal\\\/2026\\\/07\\\/23\\\/investigan-carga-de-oro-valuado-en-us-25-millones\\\/\"]}]},{\"@type\":\"ImageObject\",\"inLanguage\":\"es\",\"@id\":\"https:\\\/\\\/www.eldiario.net\\\/portal\\\/2026\\\/07\\\/23\\\/investigan-carga-de-oro-valuado-en-us-25-millones\\\/#primaryimage\",\"url\":\"https:\\\/\\\/www.eldiario.net\\\/portal\\\/wp-content\\\/uploads\\\/2026\\\/07\\\/ORO-FOTO.webp\",\"contentUrl\":\"https:\\\/\\\/www.eldiario.net\\\/portal\\\/wp-content\\\/uploads\\\/2026\\\/07\\\/ORO-FOTO.webp\",\"width\":968,\"height\":889,\"caption\":\"Las cuatro maletas en las que se transportaban los 189 kilos de oro. Cr\u00e9dito de foto: RRSS\"},{\"@type\":\"BreadcrumbList\",\"@id\":\"https:\\\/\\\/www.eldiario.net\\\/portal\\\/2026\\\/07\\\/23\\\/investigan-carga-de-oro-valuado-en-us-25-millones\\\/#breadcrumb\",\"itemListElement\":[{\"@type\":\"ListItem\",\"position\":1,\"name\":\"Portada\",\"item\":\"https:\\\/\\\/www.eldiario.net\\\/portal\\\/\"},{\"@type\":\"ListItem\",\"position\":2,\"name\":\"Investigan carga de oro valuado en $us 25 millones\"}]},{\"@type\":\"WebSite\",\"@id\":\"https:\\\/\\\/www.eldiario.net\\\/portal\\\/#website\",\"url\":\"https:\\\/\\\/www.eldiario.net\\\/portal\\\/\",\"name\":\"El Diario - Decano de la prensa nacional\",\"description\":\"El Diario - Decano de la prensa nacional\",\"publisher\":{\"@id\":\"https:\\\/\\\/www.eldiario.net\\\/portal\\\/#organization\"},\"potentialAction\":[{\"@type\":\"SearchAction\",\"target\":{\"@type\":\"EntryPoint\",\"urlTemplate\":\"https:\\\/\\\/www.eldiario.net\\\/portal\\\/?s={search_term_string}\"},\"query-input\":{\"@type\":\"PropertyValueSpecification\",\"valueRequired\":true,\"valueName\":\"search_term_string\"}}],\"inLanguage\":\"es\"},{\"@type\":\"Organization\",\"@id\":\"https:\\\/\\\/www.eldiario.net\\\/portal\\\/#organization\",\"name\":\"El Diario - Decano de la prensa nacional\",\"url\":\"https:\\\/\\\/www.eldiario.net\\\/portal\\\/\",\"logo\":{\"@type\":\"ImageObject\",\"inLanguage\":\"es\",\"@id\":\"https:\\\/\\\/www.eldiario.net\\\/portal\\\/#\\\/schema\\\/logo\\\/image\\\/\",\"url\":\"https:\\\/\\\/www.eldiario.net\\\/portal\\\/wp-content\\\/uploads\\\/2023\\\/07\\\/logo_ED.jpg\",\"contentUrl\":\"https:\\\/\\\/www.eldiario.net\\\/portal\\\/wp-content\\\/uploads\\\/2023\\\/07\\\/logo_ED.jpg\",\"width\":272,\"height\":52,\"caption\":\"El Diario - Decano de la prensa nacional\"},\"image\":{\"@id\":\"https:\\\/\\\/www.eldiario.net\\\/portal\\\/#\\\/schema\\\/logo\\\/image\\\/\"},\"sameAs\":[\"https:\\\/\\\/www.facebook.com\\\/eldiario.bolivia\\\/\",\"https:\\\/\\\/x.com\\\/eldiario_net\"]},{\"@type\":\"Person\",\"@id\":\"https:\\\/\\\/www.eldiario.net\\\/portal\\\/#\\\/schema\\\/person\\\/f46445640444750d7d753ccd04ae01b7\",\"name\":\"Jeanette\",\"image\":{\"@type\":\"ImageObject\",\"inLanguage\":\"es\",\"@id\":\"https:\\\/\\\/secure.gravatar.com\\\/avatar\\\/3ea2118a5f7dad2b7138b1187a6b7ee55f160b9968b66013c3a3ef39dd7e5798?s=96&d=mm&r=g\",\"url\":\"https:\\\/\\\/secure.gravatar.com\\\/avatar\\\/3ea2118a5f7dad2b7138b1187a6b7ee55f160b9968b66013c3a3ef39dd7e5798?s=96&d=mm&r=g\",\"contentUrl\":\"https:\\\/\\\/secure.gravatar.com\\\/avatar\\\/3ea2118a5f7dad2b7138b1187a6b7ee55f160b9968b66013c3a3ef39dd7e5798?s=96&d=mm&r=g\",\"caption\":\"Jeanette\"},\"sameAs\":[\"https:\\\/\\\/www.eldiario.net\\\/portal\"],\"url\":\"https:\\\/\\\/www.eldiario.net\\\/portal\\\/author\\\/jeanette\\\/\"}]}<\/script>\n<!-- \/ Yoast SEO plugin. -->","yoast_head_json":{"title":"Investigan carga de oro valuado en $us 25 millones - El Diario - Bolivia","robots":{"index":"index","follow":"follow","max-snippet":"max-snippet:-1","max-image-preview":"max-image-preview:large","max-video-preview":"max-video-preview:-1"},"canonical":"https:\/\/www.eldiario.net\/portal\/2026\/07\/23\/investigan-carga-de-oro-valuado-en-us-25-millones\/","og_locale":"es_ES","og_type":"article","og_title":"Investigan carga de oro valuado en $us 25 millones - El Diario - Bolivia","og_description":"La Fuerza Especial de Lucha Contra el Crimen (Felcc) investiga el hallazgo de 189 kilogramos de oro valuados en aproximadamente 25 millones de d\u00f3lares, encontrados en cuatro maletas que ten\u00edan como destino Dub\u00e1i en un vuelo privado desde el aeropuerto internacional de Viru Viru, donde un ciudadano boliviano de 22 a\u00f1os fue aprehendido por presuntas [&hellip;]","og_url":"https:\/\/www.eldiario.net\/portal\/2026\/07\/23\/investigan-carga-de-oro-valuado-en-us-25-millones\/","og_site_name":"El Diario - Bolivia","article_publisher":"https:\/\/www.facebook.com\/eldiario.bolivia\/","article_published_time":"2026-07-23T10:29:28+00:00","og_image":[{"width":968,"height":889,"url":"https:\/\/www.eldiario.net\/portal\/wp-content\/uploads\/2026\/07\/ORO-FOTO.webp","type":"image\/webp"}],"author":"Jeanette","twitter_card":"summary_large_image","twitter_creator":"@eldiario_net","twitter_site":"@eldiario_net","twitter_misc":{"Escrito por":"Jeanette","Tiempo de lectura":"3 minutos"},"schema":{"@context":"https:\/\/schema.org","@graph":[{"@type":"Article","@id":"https:\/\/www.eldiario.net\/portal\/2026\/07\/23\/investigan-carga-de-oro-valuado-en-us-25-millones\/#article","isPartOf":{"@id":"https:\/\/www.eldiario.net\/portal\/2026\/07\/23\/investigan-carga-de-oro-valuado-en-us-25-millones\/"},"author":{"name":"Jeanette","@id":"https:\/\/www.eldiario.net\/portal\/#\/schema\/person\/f46445640444750d7d753ccd04ae01b7"},"headline":"Investigan carga de oro valuado en $us 25 millones","datePublished":"2026-07-23T10:29:28+00:00","mainEntityOfPage":{"@id":"https:\/\/www.eldiario.net\/portal\/2026\/07\/23\/investigan-carga-de-oro-valuado-en-us-25-millones\/"},"wordCount":584,"publisher":{"@id":"https:\/\/www.eldiario.net\/portal\/#organization"},"image":{"@id":"https:\/\/www.eldiario.net\/portal\/2026\/07\/23\/investigan-carga-de-oro-valuado-en-us-25-millones\/#primaryimage"},"thumbnailUrl":"https:\/\/www.eldiario.net\/portal\/wp-content\/uploads\/2026\/07\/ORO-FOTO.webp","articleSection":["Sociedad - Seguridad"],"inLanguage":"es"},{"@type":"WebPage","@id":"https:\/\/www.eldiario.net\/portal\/2026\/07\/23\/investigan-carga-de-oro-valuado-en-us-25-millones\/","url":"https:\/\/www.eldiario.net\/portal\/2026\/07\/23\/investigan-carga-de-oro-valuado-en-us-25-millones\/","name":"Investigan carga de oro valuado en $us 25 millones - El Diario - Bolivia","isPartOf":{"@id":"https:\/\/www.eldiario.net\/portal\/#website"},"primaryImageOfPage":{"@id":"https:\/\/www.eldiario.net\/portal\/2026\/07\/23\/investigan-carga-de-oro-valuado-en-us-25-millones\/#primaryimage"},"image":{"@id":"https:\/\/www.eldiario.net\/portal\/2026\/07\/23\/investigan-carga-de-oro-valuado-en-us-25-millones\/#primaryimage"},"thumbnailUrl":"https:\/\/www.eldiario.net\/portal\/wp-content\/uploads\/2026\/07\/ORO-FOTO.webp","datePublished":"2026-07-23T10:29:28+00:00","breadcrumb":{"@id":"https:\/\/www.eldiario.net\/portal\/2026\/07\/23\/investigan-carga-de-oro-valuado-en-us-25-millones\/#breadcrumb"},"inLanguage":"es","potentialAction":[{"@type":"ReadAction","target":["https:\/\/www.eldiario.net\/portal\/2026\/07\/23\/investigan-carga-de-oro-valuado-en-us-25-millones\/"]}]},{"@type":"ImageObject","inLanguage":"es","@id":"https:\/\/www.eldiario.net\/portal\/2026\/07\/23\/investigan-carga-de-oro-valuado-en-us-25-millones\/#primaryimage","url":"https:\/\/www.eldiario.net\/portal\/wp-content\/uploads\/2026\/07\/ORO-FOTO.webp","contentUrl":"https:\/\/www.eldiario.net\/portal\/wp-content\/uploads\/2026\/07\/ORO-FOTO.webp","width":968,"height":889,"caption":"Las cuatro maletas en las que se transportaban los 189 kilos de oro. Cr\u00e9dito de foto: RRSS"},{"@type":"BreadcrumbList","@id":"https:\/\/www.eldiario.net\/portal\/2026\/07\/23\/investigan-carga-de-oro-valuado-en-us-25-millones\/#breadcrumb","itemListElement":[{"@type":"ListItem","position":1,"name":"Portada","item":"https:\/\/www.eldiario.net\/portal\/"},{"@type":"ListItem","position":2,"name":"Investigan carga de oro valuado en $us 25 millones"}]},{"@type":"WebSite","@id":"https:\/\/www.eldiario.net\/portal\/#website","url":"https:\/\/www.eldiario.net\/portal\/","name":"El Diario - Decano de la prensa nacional","description":"El Diario - Decano de la prensa nacional","publisher":{"@id":"https:\/\/www.eldiario.net\/portal\/#organization"},"potentialAction":[{"@type":"SearchAction","target":{"@type":"EntryPoint","urlTemplate":"https:\/\/www.eldiario.net\/portal\/?s={search_term_string}"},"query-input":{"@type":"PropertyValueSpecification","valueRequired":true,"valueName":"search_term_string"}}],"inLanguage":"es"},{"@type":"Organization","@id":"https:\/\/www.eldiario.net\/portal\/#organization","name":"El Diario - Decano de la prensa nacional","url":"https:\/\/www.eldiario.net\/portal\/","logo":{"@type":"ImageObject","inLanguage":"es","@id":"https:\/\/www.eldiario.net\/portal\/#\/schema\/logo\/image\/","url":"https:\/\/www.eldiario.net\/portal\/wp-content\/uploads\/2023\/07\/logo_ED.jpg","contentUrl":"https:\/\/www.eldiario.net\/portal\/wp-content\/uploads\/2023\/07\/logo_ED.jpg","width":272,"height":52,"caption":"El Diario - Decano de la prensa nacional"},"image":{"@id":"https:\/\/www.eldiario.net\/portal\/#\/schema\/logo\/image\/"},"sameAs":["https:\/\/www.facebook.com\/eldiario.bolivia\/","https:\/\/x.com\/eldiario_net"]},{"@type":"Person","@id":"https:\/\/www.eldiario.net\/portal\/#\/schema\/person\/f46445640444750d7d753ccd04ae01b7","name":"Jeanette","image":{"@type":"ImageObject","inLanguage":"es","@id":"https:\/\/secure.gravatar.com\/avatar\/3ea2118a5f7dad2b7138b1187a6b7ee55f160b9968b66013c3a3ef39dd7e5798?s=96&d=mm&r=g","url":"https:\/\/secure.gravatar.com\/avatar\/3ea2118a5f7dad2b7138b1187a6b7ee55f160b9968b66013c3a3ef39dd7e5798?s=96&d=mm&r=g","contentUrl":"https:\/\/secure.gravatar.com\/avatar\/3ea2118a5f7dad2b7138b1187a6b7ee55f160b9968b66013c3a3ef39dd7e5798?s=96&d=mm&r=g","caption":"Jeanette"},"sameAs":["https:\/\/www.eldiario.net\/portal"],"url":"https:\/\/www.eldiario.net\/portal\/author\/jeanette\/"}]}},"_links":{"self":[{"href":"https:\/\/www.eldiario.net\/portal\/wp-json\/wp\/v2\/posts\/415011","targetHints":{"allow":["GET"]}}],"collection":[{"href":"https:\/\/www.eldiario.net\/portal\/wp-json\/wp\/v2\/posts"}],"about":[{"href":"https:\/\/www.eldiario.net\/portal\/wp-json\/wp\/v2\/types\/post"}],"author":[{"embeddable":true,"href":"https:\/\/www.eldiario.net\/portal\/wp-json\/wp\/v2\/users\/1"}],"replies":[{"embeddable":true,"href":"https:\/\/www.eldiario.net\/portal\/wp-json\/wp\/v2\/comments?post=415011"}],"version-history":[{"count":1,"href":"https:\/\/www.eldiario.net\/portal\/wp-json\/wp\/v2\/posts\/415011\/revisions"}],"predecessor-version":[{"id":415013,"href":"https:\/\/www.eldiario.net\/portal\/wp-json\/wp\/v2\/posts\/415011\/revisions\/415013"}],"wp:featuredmedia":[{"embeddable":true,"href":"https:\/\/www.eldiario.net\/portal\/wp-json\/wp\/v2\/media\/415012"}],"wp:attachment":[{"href":"https:\/\/www.eldiario.net\/portal\/wp-json\/wp\/v2\/media?parent=415011"}],"wp:term":[{"taxonomy":"category","embeddable":true,"href":"https:\/\/www.eldiario.net\/portal\/wp-json\/wp\/v2\/categories?post=415011"},{"taxonomy":"post_tag","embeddable":true,"href":"https:\/\/www.eldiario.net\/portal\/wp-json\/wp\/v2\/tags?post=415011"}],"curies":[{"name":"wp","href":"https:\/\/api.w.org\/{rel}","templated":true}]}}