{"id":415008,"date":"2026-07-23T06:28:58","date_gmt":"2026-07-23T10:28:58","guid":{"rendered":"https:\/\/www.eldiario.net\/portal\/?p=415008"},"modified":"2026-07-23T06:28:58","modified_gmt":"2026-07-23T10:28:58","slug":"redes-de-reclutamiento-siguen-activas-en-el-pais","status":"publish","type":"post","link":"https:\/\/www.eldiario.net\/portal\/2026\/07\/23\/redes-de-reclutamiento-siguen-activas-en-el-pais\/","title":{"rendered":"Redes de reclutamiento siguen activas en el pa\u00eds"},"content":{"rendered":"<p>Pese a las advertencias de las autoridades y las investigaciones de la Fiscal\u00eda, las redes que reclutan bolivianos para participar en la guerra entre Rusia y Ucrania contin\u00faan operando en Cochabamba, donde a\u00fan se reportan actividades de captaci\u00f3n de ciudadanos.<\/p>\n<p>Los intermediarios ofrecen a los ciudadanos trasladarse a Rusia bajo contratos que incluyen pagos econ\u00f3micos y otros beneficios. Sin embargo, durante una investigaci\u00f3n uno de los reclutadores confirm\u00f3 que la actividad no se limita a funciones de apoyo, sino que implica la incorporaci\u00f3n a grupos enviados a zonas de combate.<\/p>\n<p>El contacto realizado con este intermediario permiti\u00f3 conocer parte del mecanismo utilizado para captar personas. Seg\u00fan explic\u00f3, los interesados reciben informaci\u00f3n sobre los montos econ\u00f3micos que podr\u00edan obtener despu\u00e9s de llegar a Rusia y formalizar su ingreso a unidades militares.<\/p>\n<p>Entre los incentivos mencionados figuran bonos iniciales que pueden alcanzar los 12.000 d\u00f3lares, aunque el monto depender\u00eda de la regi\u00f3n asignada y podr\u00eda llegar a 14.000 o incluso 30.000 d\u00f3lares en determinados destinos. Tambi\u00e9n se ofrecen contratos por un a\u00f1o y la posibilidad de acceder a la ciudadan\u00eda rusa junto con beneficios para familiares directos.<\/p>\n<p>Mientras estas redes contin\u00faan difundiendo sus ofertas, el Ministerio P\u00fablico mantiene investigaciones abiertas por el presunto reclutamiento de bolivianos para participar en conflictos armados fuera del pa\u00eds. El fiscal general del Estado, Roger Mariaca, inform\u00f3 que existen cuatro procesos relacionados con estos hechos.<\/p>\n<p>Dentro de esas investigaciones, tres personas cumplen detenci\u00f3n preventiva y la Fiscal\u00eda identific\u00f3 al supuesto principal reclutador. Las autoridades buscan establecer la estructura de estas organizaciones y el rol de quienes participan en la captaci\u00f3n y traslado de ciudadanos.<\/p>\n<p>El Gobierno tambi\u00e9n inform\u00f3 que tiene registrados a 26 bolivianos vinculados a las Fuerzas Armadas de Rusia. De acuerdo con el reporte oficial, 20 mantienen contratos activos, cuatro resultaron heridos y reciben atenci\u00f3n m\u00e9dica, uno falleci\u00f3 y otro fue repatriado a Bolivia. Adem\u00e1s, uno de los heridos se encuentra en proceso de desvinculaci\u00f3n militar.<\/p>\n<p>Las autoridades se\u00f1alaron que ya exist\u00edan reportes sobre ciudadanos bolivianos relacionados con estas actividades desde abril de 2025 y que las investigaciones contin\u00faan para determinar el alcance de estas redes. (Con informaci\u00f3n de Red Uno)<\/p>\n","protected":false},"excerpt":{"rendered":"<p>Pese a las advertencias de las autoridades y las investigaciones de la Fiscal\u00eda, las redes que reclutan bolivianos para participar en la guerra entre Rusia y Ucrania contin\u00faan operando en Cochabamba, donde a\u00fan se reportan actividades de captaci\u00f3n de ciudadanos. Los intermediarios ofrecen a los ciudadanos trasladarse a Rusia bajo contratos que incluyen pagos econ\u00f3micos [&hellip;]<\/p>\n","protected":false},"author":1,"featured_media":415009,"comment_status":"closed","ping_status":"open","sticky":false,"template":"","format":"standard","meta":{"_acf_changed":false,"footnotes":""},"categories":[39],"tags":[],"class_list":["post-415008","post","type-post","status-publish","format-standard","has-post-thumbnail","category-sociedad"],"acf":{"antetitulo":"Ciudadanos bolivianos en Rusia"},"yoast_head":"<!-- This site is optimized with the Yoast SEO plugin v28.4 - https:\/\/yoast.com\/product\/yoast-seo-wordpress\/ -->\n<title>Redes de reclutamiento siguen activas en el pa\u00eds - El Diario - Bolivia<\/title>\n<meta name=\"robots\" content=\"index, follow, max-snippet:-1, max-image-preview:large, max-video-preview:-1\" \/>\n<link rel=\"canonical\" href=\"https:\/\/www.eldiario.net\/portal\/2026\/07\/23\/redes-de-reclutamiento-siguen-activas-en-el-pais\/\" \/>\n<meta property=\"og:locale\" content=\"es_ES\" \/>\n<meta property=\"og:type\" content=\"article\" \/>\n<meta property=\"og:title\" content=\"Redes de reclutamiento siguen activas en el pa\u00eds - El Diario - Bolivia\" \/>\n<meta property=\"og:description\" content=\"Pese a las advertencias de las autoridades y las investigaciones de la Fiscal\u00eda, las redes que reclutan bolivianos para participar en la guerra entre Rusia y Ucrania contin\u00faan operando en Cochabamba, donde a\u00fan se reportan actividades de captaci\u00f3n de ciudadanos. Los intermediarios ofrecen a los ciudadanos trasladarse a Rusia bajo contratos que incluyen pagos econ\u00f3micos [&hellip;]\" \/>\n<meta property=\"og:url\" content=\"https:\/\/www.eldiario.net\/portal\/2026\/07\/23\/redes-de-reclutamiento-siguen-activas-en-el-pais\/\" \/>\n<meta property=\"og:site_name\" content=\"El Diario - Bolivia\" \/>\n<meta property=\"article:publisher\" content=\"https:\/\/www.facebook.com\/eldiario.bolivia\/\" \/>\n<meta property=\"article:published_time\" content=\"2026-07-23T10:28:58+00:00\" \/>\n<meta property=\"og:image\" content=\"https:\/\/www.eldiario.net\/portal\/wp-content\/uploads\/2026\/07\/RECLUTAMIENTO-FOTO.webp\" \/>\n\t<meta property=\"og:image:width\" content=\"851\" \/>\n\t<meta property=\"og:image:height\" content=\"1050\" \/>\n\t<meta property=\"og:image:type\" content=\"image\/webp\" \/>\n<meta name=\"author\" content=\"Jeanette\" \/>\n<meta name=\"twitter:card\" content=\"summary_large_image\" \/>\n<meta name=\"twitter:creator\" content=\"@eldiario_net\" \/>\n<meta name=\"twitter:site\" content=\"@eldiario_net\" \/>\n<meta name=\"twitter:label1\" content=\"Escrito por\" \/>\n\t<meta name=\"twitter:data1\" content=\"Jeanette\" \/>\n\t<meta name=\"twitter:label2\" content=\"Tiempo de lectura\" \/>\n\t<meta name=\"twitter:data2\" content=\"2 minutos\" \/>\n<script type=\"application\/ld+json\" class=\"yoast-schema-graph\">{\"@context\":\"https:\\\/\\\/schema.org\",\"@graph\":[{\"@type\":\"Article\",\"@id\":\"https:\\\/\\\/www.eldiario.net\\\/portal\\\/2026\\\/07\\\/23\\\/redes-de-reclutamiento-siguen-activas-en-el-pais\\\/#article\",\"isPartOf\":{\"@id\":\"https:\\\/\\\/www.eldiario.net\\\/portal\\\/2026\\\/07\\\/23\\\/redes-de-reclutamiento-siguen-activas-en-el-pais\\\/\"},\"author\":{\"name\":\"Jeanette\",\"@id\":\"https:\\\/\\\/www.eldiario.net\\\/portal\\\/#\\\/schema\\\/person\\\/2c57cf2b7a7ae032e449e4c9b1019eac\"},\"headline\":\"Redes de reclutamiento siguen activas en el pa\u00eds\",\"datePublished\":\"2026-07-23T10:28:58+00:00\",\"mainEntityOfPage\":{\"@id\":\"https:\\\/\\\/www.eldiario.net\\\/portal\\\/2026\\\/07\\\/23\\\/redes-de-reclutamiento-siguen-activas-en-el-pais\\\/\"},\"wordCount\":394,\"publisher\":{\"@id\":\"https:\\\/\\\/www.eldiario.net\\\/portal\\\/#organization\"},\"image\":{\"@id\":\"https:\\\/\\\/www.eldiario.net\\\/portal\\\/2026\\\/07\\\/23\\\/redes-de-reclutamiento-siguen-activas-en-el-pais\\\/#primaryimage\"},\"thumbnailUrl\":\"https:\\\/\\\/www.eldiario.net\\\/portal\\\/wp-content\\\/uploads\\\/2026\\\/07\\\/RECLUTAMIENTO-FOTO.webp\",\"articleSection\":[\"Sociedad - Seguridad\"],\"inLanguage\":\"es\"},{\"@type\":\"WebPage\",\"@id\":\"https:\\\/\\\/www.eldiario.net\\\/portal\\\/2026\\\/07\\\/23\\\/redes-de-reclutamiento-siguen-activas-en-el-pais\\\/\",\"url\":\"https:\\\/\\\/www.eldiario.net\\\/portal\\\/2026\\\/07\\\/23\\\/redes-de-reclutamiento-siguen-activas-en-el-pais\\\/\",\"name\":\"Redes de reclutamiento siguen activas en el pa\u00eds - El Diario - Bolivia\",\"isPartOf\":{\"@id\":\"https:\\\/\\\/www.eldiario.net\\\/portal\\\/#website\"},\"primaryImageOfPage\":{\"@id\":\"https:\\\/\\\/www.eldiario.net\\\/portal\\\/2026\\\/07\\\/23\\\/redes-de-reclutamiento-siguen-activas-en-el-pais\\\/#primaryimage\"},\"image\":{\"@id\":\"https:\\\/\\\/www.eldiario.net\\\/portal\\\/2026\\\/07\\\/23\\\/redes-de-reclutamiento-siguen-activas-en-el-pais\\\/#primaryimage\"},\"thumbnailUrl\":\"https:\\\/\\\/www.eldiario.net\\\/portal\\\/wp-content\\\/uploads\\\/2026\\\/07\\\/RECLUTAMIENTO-FOTO.webp\",\"datePublished\":\"2026-07-23T10:28:58+00:00\",\"breadcrumb\":{\"@id\":\"https:\\\/\\\/www.eldiario.net\\\/portal\\\/2026\\\/07\\\/23\\\/redes-de-reclutamiento-siguen-activas-en-el-pais\\\/#breadcrumb\"},\"inLanguage\":\"es\",\"potentialAction\":[{\"@type\":\"ReadAction\",\"target\":[\"https:\\\/\\\/www.eldiario.net\\\/portal\\\/2026\\\/07\\\/23\\\/redes-de-reclutamiento-siguen-activas-en-el-pais\\\/\"]}]},{\"@type\":\"ImageObject\",\"inLanguage\":\"es\",\"@id\":\"https:\\\/\\\/www.eldiario.net\\\/portal\\\/2026\\\/07\\\/23\\\/redes-de-reclutamiento-siguen-activas-en-el-pais\\\/#primaryimage\",\"url\":\"https:\\\/\\\/www.eldiario.net\\\/portal\\\/wp-content\\\/uploads\\\/2026\\\/07\\\/RECLUTAMIENTO-FOTO.webp\",\"contentUrl\":\"https:\\\/\\\/www.eldiario.net\\\/portal\\\/wp-content\\\/uploads\\\/2026\\\/07\\\/RECLUTAMIENTO-FOTO.webp\",\"width\":851,\"height\":1050,\"caption\":\"Ciudadanos bolivianos en la guerra con Ucrania. Cr\u00e9dito de foto: RRSS\"},{\"@type\":\"BreadcrumbList\",\"@id\":\"https:\\\/\\\/www.eldiario.net\\\/portal\\\/2026\\\/07\\\/23\\\/redes-de-reclutamiento-siguen-activas-en-el-pais\\\/#breadcrumb\",\"itemListElement\":[{\"@type\":\"ListItem\",\"position\":1,\"name\":\"Portada\",\"item\":\"https:\\\/\\\/www.eldiario.net\\\/portal\\\/\"},{\"@type\":\"ListItem\",\"position\":2,\"name\":\"Redes de reclutamiento siguen activas en el pa\u00eds\"}]},{\"@type\":\"WebSite\",\"@id\":\"https:\\\/\\\/www.eldiario.net\\\/portal\\\/#website\",\"url\":\"https:\\\/\\\/www.eldiario.net\\\/portal\\\/\",\"name\":\"El Diario - Decano de la prensa nacional\",\"description\":\"El Diario - Decano de la prensa nacional\",\"publisher\":{\"@id\":\"https:\\\/\\\/www.eldiario.net\\\/portal\\\/#organization\"},\"potentialAction\":[{\"@type\":\"SearchAction\",\"target\":{\"@type\":\"EntryPoint\",\"urlTemplate\":\"https:\\\/\\\/www.eldiario.net\\\/portal\\\/?s={search_term_string}\"},\"query-input\":{\"@type\":\"PropertyValueSpecification\",\"valueRequired\":true,\"valueName\":\"search_term_string\"}}],\"inLanguage\":\"es\"},{\"@type\":\"Organization\",\"@id\":\"https:\\\/\\\/www.eldiario.net\\\/portal\\\/#organization\",\"name\":\"El Diario - Decano de la prensa nacional\",\"url\":\"https:\\\/\\\/www.eldiario.net\\\/portal\\\/\",\"logo\":{\"@type\":\"ImageObject\",\"inLanguage\":\"es\",\"@id\":\"https:\\\/\\\/www.eldiario.net\\\/portal\\\/#\\\/schema\\\/logo\\\/image\\\/\",\"url\":\"https:\\\/\\\/www.eldiario.net\\\/portal\\\/wp-content\\\/uploads\\\/2023\\\/07\\\/logo_ED.jpg\",\"contentUrl\":\"https:\\\/\\\/www.eldiario.net\\\/portal\\\/wp-content\\\/uploads\\\/2023\\\/07\\\/logo_ED.jpg\",\"width\":272,\"height\":52,\"caption\":\"El Diario - Decano de la prensa nacional\"},\"image\":{\"@id\":\"https:\\\/\\\/www.eldiario.net\\\/portal\\\/#\\\/schema\\\/logo\\\/image\\\/\"},\"sameAs\":[\"https:\\\/\\\/www.facebook.com\\\/eldiario.bolivia\\\/\",\"https:\\\/\\\/x.com\\\/eldiario_net\"]},{\"@type\":\"Person\",\"@id\":\"https:\\\/\\\/www.eldiario.net\\\/portal\\\/#\\\/schema\\\/person\\\/2c57cf2b7a7ae032e449e4c9b1019eac\",\"name\":\"Jeanette\",\"image\":{\"@type\":\"ImageObject\",\"inLanguage\":\"es\",\"@id\":\"https:\\\/\\\/secure.gravatar.com\\\/avatar\\\/3ea2118a5f7dad2b7138b1187a6b7ee55f160b9968b66013c3a3ef39dd7e5798?s=96&d=mm&r=g\",\"url\":\"https:\\\/\\\/secure.gravatar.com\\\/avatar\\\/3ea2118a5f7dad2b7138b1187a6b7ee55f160b9968b66013c3a3ef39dd7e5798?s=96&d=mm&r=g\",\"contentUrl\":\"https:\\\/\\\/secure.gravatar.com\\\/avatar\\\/3ea2118a5f7dad2b7138b1187a6b7ee55f160b9968b66013c3a3ef39dd7e5798?s=96&d=mm&r=g\",\"caption\":\"Jeanette\"},\"sameAs\":[\"https:\\\/\\\/www.eldiario.net\\\/portal\"],\"url\":\"https:\\\/\\\/www.eldiario.net\\\/portal\\\/author\\\/jeanette\\\/\"}]}<\/script>\n<!-- \/ Yoast SEO plugin. -->","yoast_head_json":{"title":"Redes de reclutamiento siguen activas en el pa\u00eds - El Diario - Bolivia","robots":{"index":"index","follow":"follow","max-snippet":"max-snippet:-1","max-image-preview":"max-image-preview:large","max-video-preview":"max-video-preview:-1"},"canonical":"https:\/\/www.eldiario.net\/portal\/2026\/07\/23\/redes-de-reclutamiento-siguen-activas-en-el-pais\/","og_locale":"es_ES","og_type":"article","og_title":"Redes de reclutamiento siguen activas en el pa\u00eds - El Diario - Bolivia","og_description":"Pese a las advertencias de las autoridades y las investigaciones de la Fiscal\u00eda, las redes que reclutan bolivianos para participar en la guerra entre Rusia y Ucrania contin\u00faan operando en Cochabamba, donde a\u00fan se reportan actividades de captaci\u00f3n de ciudadanos. Los intermediarios ofrecen a los ciudadanos trasladarse a Rusia bajo contratos que incluyen pagos econ\u00f3micos [&hellip;]","og_url":"https:\/\/www.eldiario.net\/portal\/2026\/07\/23\/redes-de-reclutamiento-siguen-activas-en-el-pais\/","og_site_name":"El Diario - Bolivia","article_publisher":"https:\/\/www.facebook.com\/eldiario.bolivia\/","article_published_time":"2026-07-23T10:28:58+00:00","og_image":[{"width":851,"height":1050,"url":"https:\/\/www.eldiario.net\/portal\/wp-content\/uploads\/2026\/07\/RECLUTAMIENTO-FOTO.webp","type":"image\/webp"}],"author":"Jeanette","twitter_card":"summary_large_image","twitter_creator":"@eldiario_net","twitter_site":"@eldiario_net","twitter_misc":{"Escrito por":"Jeanette","Tiempo de lectura":"2 minutos"},"schema":{"@context":"https:\/\/schema.org","@graph":[{"@type":"Article","@id":"https:\/\/www.eldiario.net\/portal\/2026\/07\/23\/redes-de-reclutamiento-siguen-activas-en-el-pais\/#article","isPartOf":{"@id":"https:\/\/www.eldiario.net\/portal\/2026\/07\/23\/redes-de-reclutamiento-siguen-activas-en-el-pais\/"},"author":{"name":"Jeanette","@id":"https:\/\/www.eldiario.net\/portal\/#\/schema\/person\/2c57cf2b7a7ae032e449e4c9b1019eac"},"headline":"Redes de reclutamiento siguen activas en el pa\u00eds","datePublished":"2026-07-23T10:28:58+00:00","mainEntityOfPage":{"@id":"https:\/\/www.eldiario.net\/portal\/2026\/07\/23\/redes-de-reclutamiento-siguen-activas-en-el-pais\/"},"wordCount":394,"publisher":{"@id":"https:\/\/www.eldiario.net\/portal\/#organization"},"image":{"@id":"https:\/\/www.eldiario.net\/portal\/2026\/07\/23\/redes-de-reclutamiento-siguen-activas-en-el-pais\/#primaryimage"},"thumbnailUrl":"https:\/\/www.eldiario.net\/portal\/wp-content\/uploads\/2026\/07\/RECLUTAMIENTO-FOTO.webp","articleSection":["Sociedad - Seguridad"],"inLanguage":"es"},{"@type":"WebPage","@id":"https:\/\/www.eldiario.net\/portal\/2026\/07\/23\/redes-de-reclutamiento-siguen-activas-en-el-pais\/","url":"https:\/\/www.eldiario.net\/portal\/2026\/07\/23\/redes-de-reclutamiento-siguen-activas-en-el-pais\/","name":"Redes de reclutamiento siguen activas en el pa\u00eds - El Diario - Bolivia","isPartOf":{"@id":"https:\/\/www.eldiario.net\/portal\/#website"},"primaryImageOfPage":{"@id":"https:\/\/www.eldiario.net\/portal\/2026\/07\/23\/redes-de-reclutamiento-siguen-activas-en-el-pais\/#primaryimage"},"image":{"@id":"https:\/\/www.eldiario.net\/portal\/2026\/07\/23\/redes-de-reclutamiento-siguen-activas-en-el-pais\/#primaryimage"},"thumbnailUrl":"https:\/\/www.eldiario.net\/portal\/wp-content\/uploads\/2026\/07\/RECLUTAMIENTO-FOTO.webp","datePublished":"2026-07-23T10:28:58+00:00","breadcrumb":{"@id":"https:\/\/www.eldiario.net\/portal\/2026\/07\/23\/redes-de-reclutamiento-siguen-activas-en-el-pais\/#breadcrumb"},"inLanguage":"es","potentialAction":[{"@type":"ReadAction","target":["https:\/\/www.eldiario.net\/portal\/2026\/07\/23\/redes-de-reclutamiento-siguen-activas-en-el-pais\/"]}]},{"@type":"ImageObject","inLanguage":"es","@id":"https:\/\/www.eldiario.net\/portal\/2026\/07\/23\/redes-de-reclutamiento-siguen-activas-en-el-pais\/#primaryimage","url":"https:\/\/www.eldiario.net\/portal\/wp-content\/uploads\/2026\/07\/RECLUTAMIENTO-FOTO.webp","contentUrl":"https:\/\/www.eldiario.net\/portal\/wp-content\/uploads\/2026\/07\/RECLUTAMIENTO-FOTO.webp","width":851,"height":1050,"caption":"Ciudadanos bolivianos en la guerra con Ucrania. Cr\u00e9dito de foto: RRSS"},{"@type":"BreadcrumbList","@id":"https:\/\/www.eldiario.net\/portal\/2026\/07\/23\/redes-de-reclutamiento-siguen-activas-en-el-pais\/#breadcrumb","itemListElement":[{"@type":"ListItem","position":1,"name":"Portada","item":"https:\/\/www.eldiario.net\/portal\/"},{"@type":"ListItem","position":2,"name":"Redes de reclutamiento siguen activas en el pa\u00eds"}]},{"@type":"WebSite","@id":"https:\/\/www.eldiario.net\/portal\/#website","url":"https:\/\/www.eldiario.net\/portal\/","name":"El Diario - Decano de la prensa nacional","description":"El Diario - Decano de la prensa nacional","publisher":{"@id":"https:\/\/www.eldiario.net\/portal\/#organization"},"potentialAction":[{"@type":"SearchAction","target":{"@type":"EntryPoint","urlTemplate":"https:\/\/www.eldiario.net\/portal\/?s={search_term_string}"},"query-input":{"@type":"PropertyValueSpecification","valueRequired":true,"valueName":"search_term_string"}}],"inLanguage":"es"},{"@type":"Organization","@id":"https:\/\/www.eldiario.net\/portal\/#organization","name":"El Diario - Decano de la prensa nacional","url":"https:\/\/www.eldiario.net\/portal\/","logo":{"@type":"ImageObject","inLanguage":"es","@id":"https:\/\/www.eldiario.net\/portal\/#\/schema\/logo\/image\/","url":"https:\/\/www.eldiario.net\/portal\/wp-content\/uploads\/2023\/07\/logo_ED.jpg","contentUrl":"https:\/\/www.eldiario.net\/portal\/wp-content\/uploads\/2023\/07\/logo_ED.jpg","width":272,"height":52,"caption":"El Diario - Decano de la prensa nacional"},"image":{"@id":"https:\/\/www.eldiario.net\/portal\/#\/schema\/logo\/image\/"},"sameAs":["https:\/\/www.facebook.com\/eldiario.bolivia\/","https:\/\/x.com\/eldiario_net"]},{"@type":"Person","@id":"https:\/\/www.eldiario.net\/portal\/#\/schema\/person\/2c57cf2b7a7ae032e449e4c9b1019eac","name":"Jeanette","image":{"@type":"ImageObject","inLanguage":"es","@id":"https:\/\/secure.gravatar.com\/avatar\/3ea2118a5f7dad2b7138b1187a6b7ee55f160b9968b66013c3a3ef39dd7e5798?s=96&d=mm&r=g","url":"https:\/\/secure.gravatar.com\/avatar\/3ea2118a5f7dad2b7138b1187a6b7ee55f160b9968b66013c3a3ef39dd7e5798?s=96&d=mm&r=g","contentUrl":"https:\/\/secure.gravatar.com\/avatar\/3ea2118a5f7dad2b7138b1187a6b7ee55f160b9968b66013c3a3ef39dd7e5798?s=96&d=mm&r=g","caption":"Jeanette"},"sameAs":["https:\/\/www.eldiario.net\/portal"],"url":"https:\/\/www.eldiario.net\/portal\/author\/jeanette\/"}]}},"_links":{"self":[{"href":"https:\/\/www.eldiario.net\/portal\/wp-json\/wp\/v2\/posts\/415008","targetHints":{"allow":["GET"]}}],"collection":[{"href":"https:\/\/www.eldiario.net\/portal\/wp-json\/wp\/v2\/posts"}],"about":[{"href":"https:\/\/www.eldiario.net\/portal\/wp-json\/wp\/v2\/types\/post"}],"author":[{"embeddable":true,"href":"https:\/\/www.eldiario.net\/portal\/wp-json\/wp\/v2\/users\/1"}],"replies":[{"embeddable":true,"href":"https:\/\/www.eldiario.net\/portal\/wp-json\/wp\/v2\/comments?post=415008"}],"version-history":[{"count":1,"href":"https:\/\/www.eldiario.net\/portal\/wp-json\/wp\/v2\/posts\/415008\/revisions"}],"predecessor-version":[{"id":415010,"href":"https:\/\/www.eldiario.net\/portal\/wp-json\/wp\/v2\/posts\/415008\/revisions\/415010"}],"wp:featuredmedia":[{"embeddable":true,"href":"https:\/\/www.eldiario.net\/portal\/wp-json\/wp\/v2\/media\/415009"}],"wp:attachment":[{"href":"https:\/\/www.eldiario.net\/portal\/wp-json\/wp\/v2\/media?parent=415008"}],"wp:term":[{"taxonomy":"category","embeddable":true,"href":"https:\/\/www.eldiario.net\/portal\/wp-json\/wp\/v2\/categories?post=415008"},{"taxonomy":"post_tag","embeddable":true,"href":"https:\/\/www.eldiario.net\/portal\/wp-json\/wp\/v2\/tags?post=415008"}],"curies":[{"name":"wp","href":"https:\/\/api.w.org\/{rel}","templated":true}]}}