{"id":415005,"date":"2026-07-23T06:28:30","date_gmt":"2026-07-23T10:28:30","guid":{"rendered":"https:\/\/www.eldiario.net\/portal\/?p=415005"},"modified":"2026-07-23T06:28:30","modified_gmt":"2026-07-23T10:28:30","slug":"tres-policias-reciben-detencion-domiciliaria","status":"publish","type":"post","link":"https:\/\/www.eldiario.net\/portal\/2026\/07\/23\/tres-policias-reciben-detencion-domiciliaria\/","title":{"rendered":"Tres polic\u00edas reciben detenci\u00f3n domiciliaria"},"content":{"rendered":"<p>Tres polic\u00edas investigados por los hechos registrados en el penal de m\u00e1xima seguridad de Chonchocoro, en La Paz, recibieron detenci\u00f3n domiciliaria sin derecho al trabajo mientras avanzan las pesquisas para esclarecer la balacera ocurrida al interior del recinto, donde un interno de nacionalidad extranjera perdi\u00f3 la vida.<\/p>\n<p>La determinaci\u00f3n fue asumida durante la audiencia cautelar de los tres efectivos que fueron puestos a disposici\u00f3n de una autoridad jurisdiccional, luego de que seis funcionarios policiales fueran inicialmente investigados por el caso.<\/p>\n<p>El director departamental de la Fuerza Especial de Lucha Contra el Crimen (Felcc), Henry Pinto, inform\u00f3 que los tres polic\u00edas fueron imputados por los delitos de incumplimiento de deberes, asociaci\u00f3n delictuosa y asesinato. Seg\u00fan explic\u00f3, la medida establecida por la justicia implica que los investigados permanecer\u00e1n bajo restricci\u00f3n domiciliaria y no podr\u00e1n ejercer sus funciones laborales mientras contin\u00faa el proceso.<\/p>\n<p>El caso se origin\u00f3 despu\u00e9s de un conflicto registrado durante el fin de semana dentro del centro penitenciario, donde la Felcc report\u00f3 un enfrentamiento con armas de fuego. Las autoridades mantienen abiertas las investigaciones para determinar las circunstancias del hecho y las responsabilidades correspondientes.<\/p>\n<p>Pinto se\u00f1al\u00f3 que, aunque inicialmente se indic\u00f3 que los polic\u00edas utilizaron sus armas reglamentarias para controlar la situaci\u00f3n y evitar que el conflicto se agravara, ahora se analizan distintos elementos relacionados con la actuaci\u00f3n de los funcionarios durante el operativo.<\/p>\n<p>Otra de las l\u00edneas investigativas est\u00e1 orientada a establecer c\u00f3mo ingresaron al penal las armas y otros objetos que habr\u00edan sido utilizados durante el enfrentamiento. El jefe policial indic\u00f3 que se busca determinar la forma en que una granada de gas, municiones y armas de fuego llegaron a estar en posesi\u00f3n de los internos.<\/p>\n<p>La Felcc prev\u00e9 ampliar las declaraciones dentro del caso y convocar a todas las personas que puedan tener relaci\u00f3n con los hechos, entre ellas funcionarios que se encontraban de servicio, internos del recinto penitenciario y otros posibles involucrados. Adem\u00e1s, no se descarta citar al gobernador de Chonchocoro para que brinde su declaraci\u00f3n.<\/p>\n<p>Mientras contin\u00faan las diligencias investigativas, los otros tres polic\u00edas que fueron arrestados inicialmente quedaron en libertad. (Con informaci\u00f3n de Unitel)<\/p>\n<p>&nbsp;<\/p>\n","protected":false},"excerpt":{"rendered":"<p>Tres polic\u00edas investigados por los hechos registrados en el penal de m\u00e1xima seguridad de Chonchocoro, en La Paz, recibieron detenci\u00f3n domiciliaria sin derecho al trabajo mientras avanzan las pesquisas para esclarecer la balacera ocurrida al interior del recinto, donde un interno de nacionalidad extranjera perdi\u00f3 la vida. La determinaci\u00f3n fue asumida durante la audiencia cautelar [&hellip;]<\/p>\n","protected":false},"author":1,"featured_media":415006,"comment_status":"closed","ping_status":"open","sticky":false,"template":"","format":"standard","meta":{"_acf_changed":false,"footnotes":""},"categories":[39],"tags":[],"class_list":["post-415005","post","type-post","status-publish","format-standard","has-post-thumbnail","category-sociedad"],"acf":{"antetitulo":"Balacera en Chonchocoro"},"yoast_head":"<!-- This site is optimized with the Yoast SEO plugin v28.4 - https:\/\/yoast.com\/product\/yoast-seo-wordpress\/ -->\n<title>Tres polic\u00edas reciben detenci\u00f3n domiciliaria - El Diario - Bolivia<\/title>\n<meta name=\"robots\" content=\"index, follow, max-snippet:-1, max-image-preview:large, max-video-preview:-1\" \/>\n<link rel=\"canonical\" href=\"https:\/\/www.eldiario.net\/portal\/2026\/07\/23\/tres-policias-reciben-detencion-domiciliaria\/\" \/>\n<meta property=\"og:locale\" content=\"es_ES\" \/>\n<meta property=\"og:type\" content=\"article\" \/>\n<meta property=\"og:title\" content=\"Tres polic\u00edas reciben detenci\u00f3n domiciliaria - El Diario - Bolivia\" \/>\n<meta property=\"og:description\" content=\"Tres polic\u00edas investigados por los hechos registrados en el penal de m\u00e1xima seguridad de Chonchocoro, en La Paz, recibieron detenci\u00f3n domiciliaria sin derecho al trabajo mientras avanzan las pesquisas para esclarecer la balacera ocurrida al interior del recinto, donde un interno de nacionalidad extranjera perdi\u00f3 la vida. La determinaci\u00f3n fue asumida durante la audiencia cautelar [&hellip;]\" \/>\n<meta property=\"og:url\" content=\"https:\/\/www.eldiario.net\/portal\/2026\/07\/23\/tres-policias-reciben-detencion-domiciliaria\/\" \/>\n<meta property=\"og:site_name\" content=\"El Diario - Bolivia\" \/>\n<meta property=\"article:publisher\" content=\"https:\/\/www.facebook.com\/eldiario.bolivia\/\" \/>\n<meta property=\"article:published_time\" content=\"2026-07-23T10:28:30+00:00\" \/>\n<meta property=\"og:image\" content=\"https:\/\/www.eldiario.net\/portal\/wp-content\/uploads\/2026\/07\/TRES-FOTO.webp\" \/>\n\t<meta property=\"og:image:width\" content=\"1192\" \/>\n\t<meta property=\"og:image:height\" content=\"872\" \/>\n\t<meta property=\"og:image:type\" content=\"image\/webp\" \/>\n<meta name=\"author\" content=\"Jeanette\" \/>\n<meta name=\"twitter:card\" content=\"summary_large_image\" \/>\n<meta name=\"twitter:creator\" content=\"@eldiario_net\" \/>\n<meta name=\"twitter:site\" content=\"@eldiario_net\" \/>\n<meta name=\"twitter:label1\" content=\"Escrito por\" \/>\n\t<meta name=\"twitter:data1\" content=\"Jeanette\" \/>\n\t<meta name=\"twitter:label2\" content=\"Tiempo de lectura\" \/>\n\t<meta name=\"twitter:data2\" content=\"2 minutos\" \/>\n<script type=\"application\/ld+json\" class=\"yoast-schema-graph\">{\"@context\":\"https:\\\/\\\/schema.org\",\"@graph\":[{\"@type\":\"Article\",\"@id\":\"https:\\\/\\\/www.eldiario.net\\\/portal\\\/2026\\\/07\\\/23\\\/tres-policias-reciben-detencion-domiciliaria\\\/#article\",\"isPartOf\":{\"@id\":\"https:\\\/\\\/www.eldiario.net\\\/portal\\\/2026\\\/07\\\/23\\\/tres-policias-reciben-detencion-domiciliaria\\\/\"},\"author\":{\"name\":\"Jeanette\",\"@id\":\"https:\\\/\\\/www.eldiario.net\\\/portal\\\/#\\\/schema\\\/person\\\/2c57cf2b7a7ae032e449e4c9b1019eac\"},\"headline\":\"Tres polic\u00edas reciben detenci\u00f3n domiciliaria\",\"datePublished\":\"2026-07-23T10:28:30+00:00\",\"mainEntityOfPage\":{\"@id\":\"https:\\\/\\\/www.eldiario.net\\\/portal\\\/2026\\\/07\\\/23\\\/tres-policias-reciben-detencion-domiciliaria\\\/\"},\"wordCount\":385,\"publisher\":{\"@id\":\"https:\\\/\\\/www.eldiario.net\\\/portal\\\/#organization\"},\"image\":{\"@id\":\"https:\\\/\\\/www.eldiario.net\\\/portal\\\/2026\\\/07\\\/23\\\/tres-policias-reciben-detencion-domiciliaria\\\/#primaryimage\"},\"thumbnailUrl\":\"https:\\\/\\\/www.eldiario.net\\\/portal\\\/wp-content\\\/uploads\\\/2026\\\/07\\\/TRES-FOTO.webp\",\"articleSection\":[\"Sociedad - Seguridad\"],\"inLanguage\":\"es\"},{\"@type\":\"WebPage\",\"@id\":\"https:\\\/\\\/www.eldiario.net\\\/portal\\\/2026\\\/07\\\/23\\\/tres-policias-reciben-detencion-domiciliaria\\\/\",\"url\":\"https:\\\/\\\/www.eldiario.net\\\/portal\\\/2026\\\/07\\\/23\\\/tres-policias-reciben-detencion-domiciliaria\\\/\",\"name\":\"Tres polic\u00edas reciben detenci\u00f3n domiciliaria - El Diario - Bolivia\",\"isPartOf\":{\"@id\":\"https:\\\/\\\/www.eldiario.net\\\/portal\\\/#website\"},\"primaryImageOfPage\":{\"@id\":\"https:\\\/\\\/www.eldiario.net\\\/portal\\\/2026\\\/07\\\/23\\\/tres-policias-reciben-detencion-domiciliaria\\\/#primaryimage\"},\"image\":{\"@id\":\"https:\\\/\\\/www.eldiario.net\\\/portal\\\/2026\\\/07\\\/23\\\/tres-policias-reciben-detencion-domiciliaria\\\/#primaryimage\"},\"thumbnailUrl\":\"https:\\\/\\\/www.eldiario.net\\\/portal\\\/wp-content\\\/uploads\\\/2026\\\/07\\\/TRES-FOTO.webp\",\"datePublished\":\"2026-07-23T10:28:30+00:00\",\"breadcrumb\":{\"@id\":\"https:\\\/\\\/www.eldiario.net\\\/portal\\\/2026\\\/07\\\/23\\\/tres-policias-reciben-detencion-domiciliaria\\\/#breadcrumb\"},\"inLanguage\":\"es\",\"potentialAction\":[{\"@type\":\"ReadAction\",\"target\":[\"https:\\\/\\\/www.eldiario.net\\\/portal\\\/2026\\\/07\\\/23\\\/tres-policias-reciben-detencion-domiciliaria\\\/\"]}]},{\"@type\":\"ImageObject\",\"inLanguage\":\"es\",\"@id\":\"https:\\\/\\\/www.eldiario.net\\\/portal\\\/2026\\\/07\\\/23\\\/tres-policias-reciben-detencion-domiciliaria\\\/#primaryimage\",\"url\":\"https:\\\/\\\/www.eldiario.net\\\/portal\\\/wp-content\\\/uploads\\\/2026\\\/07\\\/TRES-FOTO.webp\",\"contentUrl\":\"https:\\\/\\\/www.eldiario.net\\\/portal\\\/wp-content\\\/uploads\\\/2026\\\/07\\\/TRES-FOTO.webp\",\"width\":1192,\"height\":872,\"caption\":\"El hecho ocurri\u00f3 el pasado domingo en el penal de m\u00e1xima seguridad de Chonchocoro. Cr\u00e9dito de foto: RRSS\"},{\"@type\":\"BreadcrumbList\",\"@id\":\"https:\\\/\\\/www.eldiario.net\\\/portal\\\/2026\\\/07\\\/23\\\/tres-policias-reciben-detencion-domiciliaria\\\/#breadcrumb\",\"itemListElement\":[{\"@type\":\"ListItem\",\"position\":1,\"name\":\"Portada\",\"item\":\"https:\\\/\\\/www.eldiario.net\\\/portal\\\/\"},{\"@type\":\"ListItem\",\"position\":2,\"name\":\"Tres polic\u00edas reciben detenci\u00f3n domiciliaria\"}]},{\"@type\":\"WebSite\",\"@id\":\"https:\\\/\\\/www.eldiario.net\\\/portal\\\/#website\",\"url\":\"https:\\\/\\\/www.eldiario.net\\\/portal\\\/\",\"name\":\"El Diario - Decano de la prensa nacional\",\"description\":\"El Diario - Decano de la prensa nacional\",\"publisher\":{\"@id\":\"https:\\\/\\\/www.eldiario.net\\\/portal\\\/#organization\"},\"potentialAction\":[{\"@type\":\"SearchAction\",\"target\":{\"@type\":\"EntryPoint\",\"urlTemplate\":\"https:\\\/\\\/www.eldiario.net\\\/portal\\\/?s={search_term_string}\"},\"query-input\":{\"@type\":\"PropertyValueSpecification\",\"valueRequired\":true,\"valueName\":\"search_term_string\"}}],\"inLanguage\":\"es\"},{\"@type\":\"Organization\",\"@id\":\"https:\\\/\\\/www.eldiario.net\\\/portal\\\/#organization\",\"name\":\"El Diario - Decano de la prensa nacional\",\"url\":\"https:\\\/\\\/www.eldiario.net\\\/portal\\\/\",\"logo\":{\"@type\":\"ImageObject\",\"inLanguage\":\"es\",\"@id\":\"https:\\\/\\\/www.eldiario.net\\\/portal\\\/#\\\/schema\\\/logo\\\/image\\\/\",\"url\":\"https:\\\/\\\/www.eldiario.net\\\/portal\\\/wp-content\\\/uploads\\\/2023\\\/07\\\/logo_ED.jpg\",\"contentUrl\":\"https:\\\/\\\/www.eldiario.net\\\/portal\\\/wp-content\\\/uploads\\\/2023\\\/07\\\/logo_ED.jpg\",\"width\":272,\"height\":52,\"caption\":\"El Diario - Decano de la prensa nacional\"},\"image\":{\"@id\":\"https:\\\/\\\/www.eldiario.net\\\/portal\\\/#\\\/schema\\\/logo\\\/image\\\/\"},\"sameAs\":[\"https:\\\/\\\/www.facebook.com\\\/eldiario.bolivia\\\/\",\"https:\\\/\\\/x.com\\\/eldiario_net\"]},{\"@type\":\"Person\",\"@id\":\"https:\\\/\\\/www.eldiario.net\\\/portal\\\/#\\\/schema\\\/person\\\/2c57cf2b7a7ae032e449e4c9b1019eac\",\"name\":\"Jeanette\",\"image\":{\"@type\":\"ImageObject\",\"inLanguage\":\"es\",\"@id\":\"https:\\\/\\\/secure.gravatar.com\\\/avatar\\\/3ea2118a5f7dad2b7138b1187a6b7ee55f160b9968b66013c3a3ef39dd7e5798?s=96&d=mm&r=g\",\"url\":\"https:\\\/\\\/secure.gravatar.com\\\/avatar\\\/3ea2118a5f7dad2b7138b1187a6b7ee55f160b9968b66013c3a3ef39dd7e5798?s=96&d=mm&r=g\",\"contentUrl\":\"https:\\\/\\\/secure.gravatar.com\\\/avatar\\\/3ea2118a5f7dad2b7138b1187a6b7ee55f160b9968b66013c3a3ef39dd7e5798?s=96&d=mm&r=g\",\"caption\":\"Jeanette\"},\"sameAs\":[\"https:\\\/\\\/www.eldiario.net\\\/portal\"],\"url\":\"https:\\\/\\\/www.eldiario.net\\\/portal\\\/author\\\/jeanette\\\/\"}]}<\/script>\n<!-- \/ Yoast SEO plugin. -->","yoast_head_json":{"title":"Tres polic\u00edas reciben detenci\u00f3n domiciliaria - El Diario - Bolivia","robots":{"index":"index","follow":"follow","max-snippet":"max-snippet:-1","max-image-preview":"max-image-preview:large","max-video-preview":"max-video-preview:-1"},"canonical":"https:\/\/www.eldiario.net\/portal\/2026\/07\/23\/tres-policias-reciben-detencion-domiciliaria\/","og_locale":"es_ES","og_type":"article","og_title":"Tres polic\u00edas reciben detenci\u00f3n domiciliaria - El Diario - Bolivia","og_description":"Tres polic\u00edas investigados por los hechos registrados en el penal de m\u00e1xima seguridad de Chonchocoro, en La Paz, recibieron detenci\u00f3n domiciliaria sin derecho al trabajo mientras avanzan las pesquisas para esclarecer la balacera ocurrida al interior del recinto, donde un interno de nacionalidad extranjera perdi\u00f3 la vida. La determinaci\u00f3n fue asumida durante la audiencia cautelar [&hellip;]","og_url":"https:\/\/www.eldiario.net\/portal\/2026\/07\/23\/tres-policias-reciben-detencion-domiciliaria\/","og_site_name":"El Diario - Bolivia","article_publisher":"https:\/\/www.facebook.com\/eldiario.bolivia\/","article_published_time":"2026-07-23T10:28:30+00:00","og_image":[{"width":1192,"height":872,"url":"https:\/\/www.eldiario.net\/portal\/wp-content\/uploads\/2026\/07\/TRES-FOTO.webp","type":"image\/webp"}],"author":"Jeanette","twitter_card":"summary_large_image","twitter_creator":"@eldiario_net","twitter_site":"@eldiario_net","twitter_misc":{"Escrito por":"Jeanette","Tiempo de lectura":"2 minutos"},"schema":{"@context":"https:\/\/schema.org","@graph":[{"@type":"Article","@id":"https:\/\/www.eldiario.net\/portal\/2026\/07\/23\/tres-policias-reciben-detencion-domiciliaria\/#article","isPartOf":{"@id":"https:\/\/www.eldiario.net\/portal\/2026\/07\/23\/tres-policias-reciben-detencion-domiciliaria\/"},"author":{"name":"Jeanette","@id":"https:\/\/www.eldiario.net\/portal\/#\/schema\/person\/2c57cf2b7a7ae032e449e4c9b1019eac"},"headline":"Tres polic\u00edas reciben detenci\u00f3n domiciliaria","datePublished":"2026-07-23T10:28:30+00:00","mainEntityOfPage":{"@id":"https:\/\/www.eldiario.net\/portal\/2026\/07\/23\/tres-policias-reciben-detencion-domiciliaria\/"},"wordCount":385,"publisher":{"@id":"https:\/\/www.eldiario.net\/portal\/#organization"},"image":{"@id":"https:\/\/www.eldiario.net\/portal\/2026\/07\/23\/tres-policias-reciben-detencion-domiciliaria\/#primaryimage"},"thumbnailUrl":"https:\/\/www.eldiario.net\/portal\/wp-content\/uploads\/2026\/07\/TRES-FOTO.webp","articleSection":["Sociedad - Seguridad"],"inLanguage":"es"},{"@type":"WebPage","@id":"https:\/\/www.eldiario.net\/portal\/2026\/07\/23\/tres-policias-reciben-detencion-domiciliaria\/","url":"https:\/\/www.eldiario.net\/portal\/2026\/07\/23\/tres-policias-reciben-detencion-domiciliaria\/","name":"Tres polic\u00edas reciben detenci\u00f3n domiciliaria - El Diario - Bolivia","isPartOf":{"@id":"https:\/\/www.eldiario.net\/portal\/#website"},"primaryImageOfPage":{"@id":"https:\/\/www.eldiario.net\/portal\/2026\/07\/23\/tres-policias-reciben-detencion-domiciliaria\/#primaryimage"},"image":{"@id":"https:\/\/www.eldiario.net\/portal\/2026\/07\/23\/tres-policias-reciben-detencion-domiciliaria\/#primaryimage"},"thumbnailUrl":"https:\/\/www.eldiario.net\/portal\/wp-content\/uploads\/2026\/07\/TRES-FOTO.webp","datePublished":"2026-07-23T10:28:30+00:00","breadcrumb":{"@id":"https:\/\/www.eldiario.net\/portal\/2026\/07\/23\/tres-policias-reciben-detencion-domiciliaria\/#breadcrumb"},"inLanguage":"es","potentialAction":[{"@type":"ReadAction","target":["https:\/\/www.eldiario.net\/portal\/2026\/07\/23\/tres-policias-reciben-detencion-domiciliaria\/"]}]},{"@type":"ImageObject","inLanguage":"es","@id":"https:\/\/www.eldiario.net\/portal\/2026\/07\/23\/tres-policias-reciben-detencion-domiciliaria\/#primaryimage","url":"https:\/\/www.eldiario.net\/portal\/wp-content\/uploads\/2026\/07\/TRES-FOTO.webp","contentUrl":"https:\/\/www.eldiario.net\/portal\/wp-content\/uploads\/2026\/07\/TRES-FOTO.webp","width":1192,"height":872,"caption":"El hecho ocurri\u00f3 el pasado domingo en el penal de m\u00e1xima seguridad de Chonchocoro. Cr\u00e9dito de foto: RRSS"},{"@type":"BreadcrumbList","@id":"https:\/\/www.eldiario.net\/portal\/2026\/07\/23\/tres-policias-reciben-detencion-domiciliaria\/#breadcrumb","itemListElement":[{"@type":"ListItem","position":1,"name":"Portada","item":"https:\/\/www.eldiario.net\/portal\/"},{"@type":"ListItem","position":2,"name":"Tres polic\u00edas reciben detenci\u00f3n domiciliaria"}]},{"@type":"WebSite","@id":"https:\/\/www.eldiario.net\/portal\/#website","url":"https:\/\/www.eldiario.net\/portal\/","name":"El Diario - Decano de la prensa nacional","description":"El Diario - Decano de la prensa nacional","publisher":{"@id":"https:\/\/www.eldiario.net\/portal\/#organization"},"potentialAction":[{"@type":"SearchAction","target":{"@type":"EntryPoint","urlTemplate":"https:\/\/www.eldiario.net\/portal\/?s={search_term_string}"},"query-input":{"@type":"PropertyValueSpecification","valueRequired":true,"valueName":"search_term_string"}}],"inLanguage":"es"},{"@type":"Organization","@id":"https:\/\/www.eldiario.net\/portal\/#organization","name":"El Diario - Decano de la prensa nacional","url":"https:\/\/www.eldiario.net\/portal\/","logo":{"@type":"ImageObject","inLanguage":"es","@id":"https:\/\/www.eldiario.net\/portal\/#\/schema\/logo\/image\/","url":"https:\/\/www.eldiario.net\/portal\/wp-content\/uploads\/2023\/07\/logo_ED.jpg","contentUrl":"https:\/\/www.eldiario.net\/portal\/wp-content\/uploads\/2023\/07\/logo_ED.jpg","width":272,"height":52,"caption":"El Diario - Decano de la prensa nacional"},"image":{"@id":"https:\/\/www.eldiario.net\/portal\/#\/schema\/logo\/image\/"},"sameAs":["https:\/\/www.facebook.com\/eldiario.bolivia\/","https:\/\/x.com\/eldiario_net"]},{"@type":"Person","@id":"https:\/\/www.eldiario.net\/portal\/#\/schema\/person\/2c57cf2b7a7ae032e449e4c9b1019eac","name":"Jeanette","image":{"@type":"ImageObject","inLanguage":"es","@id":"https:\/\/secure.gravatar.com\/avatar\/3ea2118a5f7dad2b7138b1187a6b7ee55f160b9968b66013c3a3ef39dd7e5798?s=96&d=mm&r=g","url":"https:\/\/secure.gravatar.com\/avatar\/3ea2118a5f7dad2b7138b1187a6b7ee55f160b9968b66013c3a3ef39dd7e5798?s=96&d=mm&r=g","contentUrl":"https:\/\/secure.gravatar.com\/avatar\/3ea2118a5f7dad2b7138b1187a6b7ee55f160b9968b66013c3a3ef39dd7e5798?s=96&d=mm&r=g","caption":"Jeanette"},"sameAs":["https:\/\/www.eldiario.net\/portal"],"url":"https:\/\/www.eldiario.net\/portal\/author\/jeanette\/"}]}},"_links":{"self":[{"href":"https:\/\/www.eldiario.net\/portal\/wp-json\/wp\/v2\/posts\/415005","targetHints":{"allow":["GET"]}}],"collection":[{"href":"https:\/\/www.eldiario.net\/portal\/wp-json\/wp\/v2\/posts"}],"about":[{"href":"https:\/\/www.eldiario.net\/portal\/wp-json\/wp\/v2\/types\/post"}],"author":[{"embeddable":true,"href":"https:\/\/www.eldiario.net\/portal\/wp-json\/wp\/v2\/users\/1"}],"replies":[{"embeddable":true,"href":"https:\/\/www.eldiario.net\/portal\/wp-json\/wp\/v2\/comments?post=415005"}],"version-history":[{"count":1,"href":"https:\/\/www.eldiario.net\/portal\/wp-json\/wp\/v2\/posts\/415005\/revisions"}],"predecessor-version":[{"id":415007,"href":"https:\/\/www.eldiario.net\/portal\/wp-json\/wp\/v2\/posts\/415005\/revisions\/415007"}],"wp:featuredmedia":[{"embeddable":true,"href":"https:\/\/www.eldiario.net\/portal\/wp-json\/wp\/v2\/media\/415006"}],"wp:attachment":[{"href":"https:\/\/www.eldiario.net\/portal\/wp-json\/wp\/v2\/media?parent=415005"}],"wp:term":[{"taxonomy":"category","embeddable":true,"href":"https:\/\/www.eldiario.net\/portal\/wp-json\/wp\/v2\/categories?post=415005"},{"taxonomy":"post_tag","embeddable":true,"href":"https:\/\/www.eldiario.net\/portal\/wp-json\/wp\/v2\/tags?post=415005"}],"curies":[{"name":"wp","href":"https:\/\/api.w.org\/{rel}","templated":true}]}}