{"id":415002,"date":"2026-07-23T06:27:57","date_gmt":"2026-07-23T10:27:57","guid":{"rendered":"https:\/\/www.eldiario.net\/portal\/?p=415002"},"modified":"2026-07-23T06:27:57","modified_gmt":"2026-07-23T10:27:57","slug":"aprehenden-a-exfuncionario-de-ypfb-por-compra-de-crudo","status":"publish","type":"post","link":"https:\/\/www.eldiario.net\/portal\/2026\/07\/23\/aprehenden-a-exfuncionario-de-ypfb-por-compra-de-crudo\/","title":{"rendered":"Aprehenden a exfuncionario de YPFB por compra de crudo"},"content":{"rendered":"<p>El Ministerio P\u00fablico aprehendi\u00f3 ayer al exfuncionario de Yacimientos Petrol\u00edferos Fiscales Bolivianos (YPFB), Aldo Jos\u00e9 Angulo Cardozo, investigado por presuntas irregularidades en la compra de crudo con un posible sobreprecio. La Fiscal\u00eda lo procesa por los delitos de conducta antiecon\u00f3mica e incumplimiento de deberes.<\/p>\n<p>La orden fue ejecutada por el Ministerio P\u00fablico despu\u00e9s de que Angulo brindara su declaraci\u00f3n informativa en dependencias de la Fuerza Especial de Lucha Contra el Crimen (Felcc). La medida fue emitida por una comisi\u00f3n de fiscales de La Paz el 22 de julio de 2026.<\/p>\n<p>El proceso est\u00e1 identificado con el caso N.\u00ba 201102012600923 y es dirigido por la Fiscal\u00eda Especializada en Anticorrupci\u00f3n, que investiga la adquisici\u00f3n de crudo realizada por YPFB y las condiciones en las que fueron aprobados los precios para esa operaci\u00f3n.<\/p>\n<p>Seg\u00fan los antecedentes de la investigaci\u00f3n, Angulo habr\u00eda integrado la comisi\u00f3n de calificaci\u00f3n que particip\u00f3 en la evaluaci\u00f3n y aprobaci\u00f3n de los precios dentro del proceso de compra del crudo, aspecto que ahora es revisado por el Ministerio P\u00fablico para determinar si existieron irregularidades.<\/p>\n<p>La Fiscal\u00eda dispuso que el investigador asignado al caso ejecute la aprehensi\u00f3n y conduzca al investigado ante el despacho fiscal. Tras cumplir con ese procedimiento, deber\u00e1 ser puesto a disposici\u00f3n de una autoridad jurisdiccional, instancia que definir\u00e1 su situaci\u00f3n jur\u00eddica.<\/p>\n<p>La investigaci\u00f3n se desarrolla por los delitos contemplados en los art\u00edculos 154 y 224 del C\u00f3digo Penal, relacionados con incumplimiento de deberes y conducta antiecon\u00f3mica.<\/p>\n<p>El Ministerio P\u00fablico contin\u00faa con las diligencias para establecer la posible responsabilidad de funcionarios y otras personas que hubieran intervenido en el proceso de adquisici\u00f3n de crudo, adem\u00e1s de determinar las circunstancias en las que se aprobaron los precios y se concret\u00f3 la contrataci\u00f3n. (Con informaci\u00f3n de agencias)<\/p>\n","protected":false},"excerpt":{"rendered":"<p>El Ministerio P\u00fablico aprehendi\u00f3 ayer al exfuncionario de Yacimientos Petrol\u00edferos Fiscales Bolivianos (YPFB), Aldo Jos\u00e9 Angulo Cardozo, investigado por presuntas irregularidades en la compra de crudo con un posible sobreprecio. La Fiscal\u00eda lo procesa por los delitos de conducta antiecon\u00f3mica e incumplimiento de deberes. La orden fue ejecutada por el Ministerio P\u00fablico despu\u00e9s de que [&hellip;]<\/p>\n","protected":false},"author":1,"featured_media":415003,"comment_status":"closed","ping_status":"open","sticky":false,"template":"","format":"standard","meta":{"_acf_changed":false,"footnotes":""},"categories":[39],"tags":[],"class_list":["post-415002","post","type-post","status-publish","format-standard","has-post-thumbnail","category-sociedad"],"acf":{"antetitulo":""},"yoast_head":"<!-- This site is optimized with the Yoast SEO plugin v28.4 - https:\/\/yoast.com\/product\/yoast-seo-wordpress\/ -->\n<title>Aprehenden a exfuncionario de YPFB por compra de crudo - El Diario - Bolivia<\/title>\n<meta name=\"robots\" content=\"index, follow, max-snippet:-1, max-image-preview:large, max-video-preview:-1\" \/>\n<link rel=\"canonical\" href=\"https:\/\/www.eldiario.net\/portal\/2026\/07\/23\/aprehenden-a-exfuncionario-de-ypfb-por-compra-de-crudo\/\" \/>\n<meta property=\"og:locale\" content=\"es_ES\" \/>\n<meta property=\"og:type\" content=\"article\" \/>\n<meta property=\"og:title\" content=\"Aprehenden a exfuncionario de YPFB por compra de crudo - El Diario - Bolivia\" \/>\n<meta property=\"og:description\" content=\"El Ministerio P\u00fablico aprehendi\u00f3 ayer al exfuncionario de Yacimientos Petrol\u00edferos Fiscales Bolivianos (YPFB), Aldo Jos\u00e9 Angulo Cardozo, investigado por presuntas irregularidades en la compra de crudo con un posible sobreprecio. La Fiscal\u00eda lo procesa por los delitos de conducta antiecon\u00f3mica e incumplimiento de deberes. La orden fue ejecutada por el Ministerio P\u00fablico despu\u00e9s de que [&hellip;]\" \/>\n<meta property=\"og:url\" content=\"https:\/\/www.eldiario.net\/portal\/2026\/07\/23\/aprehenden-a-exfuncionario-de-ypfb-por-compra-de-crudo\/\" \/>\n<meta property=\"og:site_name\" content=\"El Diario - Bolivia\" \/>\n<meta property=\"article:publisher\" content=\"https:\/\/www.facebook.com\/eldiario.bolivia\/\" \/>\n<meta property=\"article:published_time\" content=\"2026-07-23T10:27:57+00:00\" \/>\n<meta property=\"og:image\" content=\"https:\/\/www.eldiario.net\/portal\/wp-content\/uploads\/2026\/07\/YPFB-FOTO-3.webp\" \/>\n\t<meta property=\"og:image:width\" content=\"1140\" \/>\n\t<meta property=\"og:image:height\" content=\"760\" \/>\n\t<meta property=\"og:image:type\" content=\"image\/webp\" \/>\n<meta name=\"author\" content=\"Jeanette\" \/>\n<meta name=\"twitter:card\" content=\"summary_large_image\" \/>\n<meta name=\"twitter:creator\" content=\"@eldiario_net\" \/>\n<meta name=\"twitter:site\" content=\"@eldiario_net\" \/>\n<meta name=\"twitter:label1\" content=\"Escrito por\" \/>\n\t<meta name=\"twitter:data1\" content=\"Jeanette\" \/>\n\t<meta name=\"twitter:label2\" content=\"Tiempo de lectura\" \/>\n\t<meta name=\"twitter:data2\" content=\"2 minutos\" \/>\n<script type=\"application\/ld+json\" class=\"yoast-schema-graph\">{\"@context\":\"https:\\\/\\\/schema.org\",\"@graph\":[{\"@type\":\"Article\",\"@id\":\"https:\\\/\\\/www.eldiario.net\\\/portal\\\/2026\\\/07\\\/23\\\/aprehenden-a-exfuncionario-de-ypfb-por-compra-de-crudo\\\/#article\",\"isPartOf\":{\"@id\":\"https:\\\/\\\/www.eldiario.net\\\/portal\\\/2026\\\/07\\\/23\\\/aprehenden-a-exfuncionario-de-ypfb-por-compra-de-crudo\\\/\"},\"author\":{\"name\":\"Jeanette\",\"@id\":\"https:\\\/\\\/www.eldiario.net\\\/portal\\\/#\\\/schema\\\/person\\\/2c57cf2b7a7ae032e449e4c9b1019eac\"},\"headline\":\"Aprehenden a exfuncionario de YPFB por compra de crudo\",\"datePublished\":\"2026-07-23T10:27:57+00:00\",\"mainEntityOfPage\":{\"@id\":\"https:\\\/\\\/www.eldiario.net\\\/portal\\\/2026\\\/07\\\/23\\\/aprehenden-a-exfuncionario-de-ypfb-por-compra-de-crudo\\\/\"},\"wordCount\":326,\"publisher\":{\"@id\":\"https:\\\/\\\/www.eldiario.net\\\/portal\\\/#organization\"},\"image\":{\"@id\":\"https:\\\/\\\/www.eldiario.net\\\/portal\\\/2026\\\/07\\\/23\\\/aprehenden-a-exfuncionario-de-ypfb-por-compra-de-crudo\\\/#primaryimage\"},\"thumbnailUrl\":\"https:\\\/\\\/www.eldiario.net\\\/portal\\\/wp-content\\\/uploads\\\/2026\\\/07\\\/YPFB-FOTO-3.webp\",\"articleSection\":[\"Sociedad - Seguridad\"],\"inLanguage\":\"es\"},{\"@type\":\"WebPage\",\"@id\":\"https:\\\/\\\/www.eldiario.net\\\/portal\\\/2026\\\/07\\\/23\\\/aprehenden-a-exfuncionario-de-ypfb-por-compra-de-crudo\\\/\",\"url\":\"https:\\\/\\\/www.eldiario.net\\\/portal\\\/2026\\\/07\\\/23\\\/aprehenden-a-exfuncionario-de-ypfb-por-compra-de-crudo\\\/\",\"name\":\"Aprehenden a exfuncionario de YPFB por compra de crudo - El Diario - Bolivia\",\"isPartOf\":{\"@id\":\"https:\\\/\\\/www.eldiario.net\\\/portal\\\/#website\"},\"primaryImageOfPage\":{\"@id\":\"https:\\\/\\\/www.eldiario.net\\\/portal\\\/2026\\\/07\\\/23\\\/aprehenden-a-exfuncionario-de-ypfb-por-compra-de-crudo\\\/#primaryimage\"},\"image\":{\"@id\":\"https:\\\/\\\/www.eldiario.net\\\/portal\\\/2026\\\/07\\\/23\\\/aprehenden-a-exfuncionario-de-ypfb-por-compra-de-crudo\\\/#primaryimage\"},\"thumbnailUrl\":\"https:\\\/\\\/www.eldiario.net\\\/portal\\\/wp-content\\\/uploads\\\/2026\\\/07\\\/YPFB-FOTO-3.webp\",\"datePublished\":\"2026-07-23T10:27:57+00:00\",\"breadcrumb\":{\"@id\":\"https:\\\/\\\/www.eldiario.net\\\/portal\\\/2026\\\/07\\\/23\\\/aprehenden-a-exfuncionario-de-ypfb-por-compra-de-crudo\\\/#breadcrumb\"},\"inLanguage\":\"es\",\"potentialAction\":[{\"@type\":\"ReadAction\",\"target\":[\"https:\\\/\\\/www.eldiario.net\\\/portal\\\/2026\\\/07\\\/23\\\/aprehenden-a-exfuncionario-de-ypfb-por-compra-de-crudo\\\/\"]}]},{\"@type\":\"ImageObject\",\"inLanguage\":\"es\",\"@id\":\"https:\\\/\\\/www.eldiario.net\\\/portal\\\/2026\\\/07\\\/23\\\/aprehenden-a-exfuncionario-de-ypfb-por-compra-de-crudo\\\/#primaryimage\",\"url\":\"https:\\\/\\\/www.eldiario.net\\\/portal\\\/wp-content\\\/uploads\\\/2026\\\/07\\\/YPFB-FOTO-3.webp\",\"contentUrl\":\"https:\\\/\\\/www.eldiario.net\\\/portal\\\/wp-content\\\/uploads\\\/2026\\\/07\\\/YPFB-FOTO-3.webp\",\"width\":1140,\"height\":760,\"caption\":\"Imagen referencial de YPFB. Cr\u00e9dito de foto: RRSS\"},{\"@type\":\"BreadcrumbList\",\"@id\":\"https:\\\/\\\/www.eldiario.net\\\/portal\\\/2026\\\/07\\\/23\\\/aprehenden-a-exfuncionario-de-ypfb-por-compra-de-crudo\\\/#breadcrumb\",\"itemListElement\":[{\"@type\":\"ListItem\",\"position\":1,\"name\":\"Portada\",\"item\":\"https:\\\/\\\/www.eldiario.net\\\/portal\\\/\"},{\"@type\":\"ListItem\",\"position\":2,\"name\":\"Aprehenden a exfuncionario de YPFB por compra de crudo\"}]},{\"@type\":\"WebSite\",\"@id\":\"https:\\\/\\\/www.eldiario.net\\\/portal\\\/#website\",\"url\":\"https:\\\/\\\/www.eldiario.net\\\/portal\\\/\",\"name\":\"El Diario - Decano de la prensa nacional\",\"description\":\"El Diario - Decano de la prensa nacional\",\"publisher\":{\"@id\":\"https:\\\/\\\/www.eldiario.net\\\/portal\\\/#organization\"},\"potentialAction\":[{\"@type\":\"SearchAction\",\"target\":{\"@type\":\"EntryPoint\",\"urlTemplate\":\"https:\\\/\\\/www.eldiario.net\\\/portal\\\/?s={search_term_string}\"},\"query-input\":{\"@type\":\"PropertyValueSpecification\",\"valueRequired\":true,\"valueName\":\"search_term_string\"}}],\"inLanguage\":\"es\"},{\"@type\":\"Organization\",\"@id\":\"https:\\\/\\\/www.eldiario.net\\\/portal\\\/#organization\",\"name\":\"El Diario - Decano de la prensa nacional\",\"url\":\"https:\\\/\\\/www.eldiario.net\\\/portal\\\/\",\"logo\":{\"@type\":\"ImageObject\",\"inLanguage\":\"es\",\"@id\":\"https:\\\/\\\/www.eldiario.net\\\/portal\\\/#\\\/schema\\\/logo\\\/image\\\/\",\"url\":\"https:\\\/\\\/www.eldiario.net\\\/portal\\\/wp-content\\\/uploads\\\/2023\\\/07\\\/logo_ED.jpg\",\"contentUrl\":\"https:\\\/\\\/www.eldiario.net\\\/portal\\\/wp-content\\\/uploads\\\/2023\\\/07\\\/logo_ED.jpg\",\"width\":272,\"height\":52,\"caption\":\"El Diario - Decano de la prensa nacional\"},\"image\":{\"@id\":\"https:\\\/\\\/www.eldiario.net\\\/portal\\\/#\\\/schema\\\/logo\\\/image\\\/\"},\"sameAs\":[\"https:\\\/\\\/www.facebook.com\\\/eldiario.bolivia\\\/\",\"https:\\\/\\\/x.com\\\/eldiario_net\"]},{\"@type\":\"Person\",\"@id\":\"https:\\\/\\\/www.eldiario.net\\\/portal\\\/#\\\/schema\\\/person\\\/2c57cf2b7a7ae032e449e4c9b1019eac\",\"name\":\"Jeanette\",\"image\":{\"@type\":\"ImageObject\",\"inLanguage\":\"es\",\"@id\":\"https:\\\/\\\/secure.gravatar.com\\\/avatar\\\/3ea2118a5f7dad2b7138b1187a6b7ee55f160b9968b66013c3a3ef39dd7e5798?s=96&d=mm&r=g\",\"url\":\"https:\\\/\\\/secure.gravatar.com\\\/avatar\\\/3ea2118a5f7dad2b7138b1187a6b7ee55f160b9968b66013c3a3ef39dd7e5798?s=96&d=mm&r=g\",\"contentUrl\":\"https:\\\/\\\/secure.gravatar.com\\\/avatar\\\/3ea2118a5f7dad2b7138b1187a6b7ee55f160b9968b66013c3a3ef39dd7e5798?s=96&d=mm&r=g\",\"caption\":\"Jeanette\"},\"sameAs\":[\"https:\\\/\\\/www.eldiario.net\\\/portal\"],\"url\":\"https:\\\/\\\/www.eldiario.net\\\/portal\\\/author\\\/jeanette\\\/\"}]}<\/script>\n<!-- \/ Yoast SEO plugin. -->","yoast_head_json":{"title":"Aprehenden a exfuncionario de YPFB por compra de crudo - El Diario - Bolivia","robots":{"index":"index","follow":"follow","max-snippet":"max-snippet:-1","max-image-preview":"max-image-preview:large","max-video-preview":"max-video-preview:-1"},"canonical":"https:\/\/www.eldiario.net\/portal\/2026\/07\/23\/aprehenden-a-exfuncionario-de-ypfb-por-compra-de-crudo\/","og_locale":"es_ES","og_type":"article","og_title":"Aprehenden a exfuncionario de YPFB por compra de crudo - El Diario - Bolivia","og_description":"El Ministerio P\u00fablico aprehendi\u00f3 ayer al exfuncionario de Yacimientos Petrol\u00edferos Fiscales Bolivianos (YPFB), Aldo Jos\u00e9 Angulo Cardozo, investigado por presuntas irregularidades en la compra de crudo con un posible sobreprecio. La Fiscal\u00eda lo procesa por los delitos de conducta antiecon\u00f3mica e incumplimiento de deberes. La orden fue ejecutada por el Ministerio P\u00fablico despu\u00e9s de que [&hellip;]","og_url":"https:\/\/www.eldiario.net\/portal\/2026\/07\/23\/aprehenden-a-exfuncionario-de-ypfb-por-compra-de-crudo\/","og_site_name":"El Diario - Bolivia","article_publisher":"https:\/\/www.facebook.com\/eldiario.bolivia\/","article_published_time":"2026-07-23T10:27:57+00:00","og_image":[{"width":1140,"height":760,"url":"https:\/\/www.eldiario.net\/portal\/wp-content\/uploads\/2026\/07\/YPFB-FOTO-3.webp","type":"image\/webp"}],"author":"Jeanette","twitter_card":"summary_large_image","twitter_creator":"@eldiario_net","twitter_site":"@eldiario_net","twitter_misc":{"Escrito por":"Jeanette","Tiempo de lectura":"2 minutos"},"schema":{"@context":"https:\/\/schema.org","@graph":[{"@type":"Article","@id":"https:\/\/www.eldiario.net\/portal\/2026\/07\/23\/aprehenden-a-exfuncionario-de-ypfb-por-compra-de-crudo\/#article","isPartOf":{"@id":"https:\/\/www.eldiario.net\/portal\/2026\/07\/23\/aprehenden-a-exfuncionario-de-ypfb-por-compra-de-crudo\/"},"author":{"name":"Jeanette","@id":"https:\/\/www.eldiario.net\/portal\/#\/schema\/person\/2c57cf2b7a7ae032e449e4c9b1019eac"},"headline":"Aprehenden a exfuncionario de YPFB por compra de crudo","datePublished":"2026-07-23T10:27:57+00:00","mainEntityOfPage":{"@id":"https:\/\/www.eldiario.net\/portal\/2026\/07\/23\/aprehenden-a-exfuncionario-de-ypfb-por-compra-de-crudo\/"},"wordCount":326,"publisher":{"@id":"https:\/\/www.eldiario.net\/portal\/#organization"},"image":{"@id":"https:\/\/www.eldiario.net\/portal\/2026\/07\/23\/aprehenden-a-exfuncionario-de-ypfb-por-compra-de-crudo\/#primaryimage"},"thumbnailUrl":"https:\/\/www.eldiario.net\/portal\/wp-content\/uploads\/2026\/07\/YPFB-FOTO-3.webp","articleSection":["Sociedad - Seguridad"],"inLanguage":"es"},{"@type":"WebPage","@id":"https:\/\/www.eldiario.net\/portal\/2026\/07\/23\/aprehenden-a-exfuncionario-de-ypfb-por-compra-de-crudo\/","url":"https:\/\/www.eldiario.net\/portal\/2026\/07\/23\/aprehenden-a-exfuncionario-de-ypfb-por-compra-de-crudo\/","name":"Aprehenden a exfuncionario de YPFB por compra de crudo - El Diario - Bolivia","isPartOf":{"@id":"https:\/\/www.eldiario.net\/portal\/#website"},"primaryImageOfPage":{"@id":"https:\/\/www.eldiario.net\/portal\/2026\/07\/23\/aprehenden-a-exfuncionario-de-ypfb-por-compra-de-crudo\/#primaryimage"},"image":{"@id":"https:\/\/www.eldiario.net\/portal\/2026\/07\/23\/aprehenden-a-exfuncionario-de-ypfb-por-compra-de-crudo\/#primaryimage"},"thumbnailUrl":"https:\/\/www.eldiario.net\/portal\/wp-content\/uploads\/2026\/07\/YPFB-FOTO-3.webp","datePublished":"2026-07-23T10:27:57+00:00","breadcrumb":{"@id":"https:\/\/www.eldiario.net\/portal\/2026\/07\/23\/aprehenden-a-exfuncionario-de-ypfb-por-compra-de-crudo\/#breadcrumb"},"inLanguage":"es","potentialAction":[{"@type":"ReadAction","target":["https:\/\/www.eldiario.net\/portal\/2026\/07\/23\/aprehenden-a-exfuncionario-de-ypfb-por-compra-de-crudo\/"]}]},{"@type":"ImageObject","inLanguage":"es","@id":"https:\/\/www.eldiario.net\/portal\/2026\/07\/23\/aprehenden-a-exfuncionario-de-ypfb-por-compra-de-crudo\/#primaryimage","url":"https:\/\/www.eldiario.net\/portal\/wp-content\/uploads\/2026\/07\/YPFB-FOTO-3.webp","contentUrl":"https:\/\/www.eldiario.net\/portal\/wp-content\/uploads\/2026\/07\/YPFB-FOTO-3.webp","width":1140,"height":760,"caption":"Imagen referencial de YPFB. Cr\u00e9dito de foto: RRSS"},{"@type":"BreadcrumbList","@id":"https:\/\/www.eldiario.net\/portal\/2026\/07\/23\/aprehenden-a-exfuncionario-de-ypfb-por-compra-de-crudo\/#breadcrumb","itemListElement":[{"@type":"ListItem","position":1,"name":"Portada","item":"https:\/\/www.eldiario.net\/portal\/"},{"@type":"ListItem","position":2,"name":"Aprehenden a exfuncionario de YPFB por compra de crudo"}]},{"@type":"WebSite","@id":"https:\/\/www.eldiario.net\/portal\/#website","url":"https:\/\/www.eldiario.net\/portal\/","name":"El Diario - Decano de la prensa nacional","description":"El Diario - Decano de la prensa nacional","publisher":{"@id":"https:\/\/www.eldiario.net\/portal\/#organization"},"potentialAction":[{"@type":"SearchAction","target":{"@type":"EntryPoint","urlTemplate":"https:\/\/www.eldiario.net\/portal\/?s={search_term_string}"},"query-input":{"@type":"PropertyValueSpecification","valueRequired":true,"valueName":"search_term_string"}}],"inLanguage":"es"},{"@type":"Organization","@id":"https:\/\/www.eldiario.net\/portal\/#organization","name":"El Diario - Decano de la prensa nacional","url":"https:\/\/www.eldiario.net\/portal\/","logo":{"@type":"ImageObject","inLanguage":"es","@id":"https:\/\/www.eldiario.net\/portal\/#\/schema\/logo\/image\/","url":"https:\/\/www.eldiario.net\/portal\/wp-content\/uploads\/2023\/07\/logo_ED.jpg","contentUrl":"https:\/\/www.eldiario.net\/portal\/wp-content\/uploads\/2023\/07\/logo_ED.jpg","width":272,"height":52,"caption":"El Diario - Decano de la prensa nacional"},"image":{"@id":"https:\/\/www.eldiario.net\/portal\/#\/schema\/logo\/image\/"},"sameAs":["https:\/\/www.facebook.com\/eldiario.bolivia\/","https:\/\/x.com\/eldiario_net"]},{"@type":"Person","@id":"https:\/\/www.eldiario.net\/portal\/#\/schema\/person\/2c57cf2b7a7ae032e449e4c9b1019eac","name":"Jeanette","image":{"@type":"ImageObject","inLanguage":"es","@id":"https:\/\/secure.gravatar.com\/avatar\/3ea2118a5f7dad2b7138b1187a6b7ee55f160b9968b66013c3a3ef39dd7e5798?s=96&d=mm&r=g","url":"https:\/\/secure.gravatar.com\/avatar\/3ea2118a5f7dad2b7138b1187a6b7ee55f160b9968b66013c3a3ef39dd7e5798?s=96&d=mm&r=g","contentUrl":"https:\/\/secure.gravatar.com\/avatar\/3ea2118a5f7dad2b7138b1187a6b7ee55f160b9968b66013c3a3ef39dd7e5798?s=96&d=mm&r=g","caption":"Jeanette"},"sameAs":["https:\/\/www.eldiario.net\/portal"],"url":"https:\/\/www.eldiario.net\/portal\/author\/jeanette\/"}]}},"_links":{"self":[{"href":"https:\/\/www.eldiario.net\/portal\/wp-json\/wp\/v2\/posts\/415002","targetHints":{"allow":["GET"]}}],"collection":[{"href":"https:\/\/www.eldiario.net\/portal\/wp-json\/wp\/v2\/posts"}],"about":[{"href":"https:\/\/www.eldiario.net\/portal\/wp-json\/wp\/v2\/types\/post"}],"author":[{"embeddable":true,"href":"https:\/\/www.eldiario.net\/portal\/wp-json\/wp\/v2\/users\/1"}],"replies":[{"embeddable":true,"href":"https:\/\/www.eldiario.net\/portal\/wp-json\/wp\/v2\/comments?post=415002"}],"version-history":[{"count":1,"href":"https:\/\/www.eldiario.net\/portal\/wp-json\/wp\/v2\/posts\/415002\/revisions"}],"predecessor-version":[{"id":415004,"href":"https:\/\/www.eldiario.net\/portal\/wp-json\/wp\/v2\/posts\/415002\/revisions\/415004"}],"wp:featuredmedia":[{"embeddable":true,"href":"https:\/\/www.eldiario.net\/portal\/wp-json\/wp\/v2\/media\/415003"}],"wp:attachment":[{"href":"https:\/\/www.eldiario.net\/portal\/wp-json\/wp\/v2\/media?parent=415002"}],"wp:term":[{"taxonomy":"category","embeddable":true,"href":"https:\/\/www.eldiario.net\/portal\/wp-json\/wp\/v2\/categories?post=415002"},{"taxonomy":"post_tag","embeddable":true,"href":"https:\/\/www.eldiario.net\/portal\/wp-json\/wp\/v2\/tags?post=415002"}],"curies":[{"name":"wp","href":"https:\/\/api.w.org\/{rel}","templated":true}]}}