{"id":414832,"date":"2026-07-22T07:19:13","date_gmt":"2026-07-22T11:19:13","guid":{"rendered":"https:\/\/www.eldiario.net\/portal\/?p=414832"},"modified":"2026-07-22T07:19:13","modified_gmt":"2026-07-22T11:19:13","slug":"agrupacion-femenina-de-amigos-de-la-ciudad-rinde-homenaje-a-la-paz","status":"publish","type":"post","link":"https:\/\/www.eldiario.net\/portal\/2026\/07\/22\/agrupacion-femenina-de-amigos-de-la-ciudad-rinde-homenaje-a-la-paz\/","title":{"rendered":"Agrupaci\u00f3n Femenina de Amigos de   la Ciudad rinde homenaje a La Paz"},"content":{"rendered":"<p>La Agrupaci\u00f3n Femenina de Amigos de la Ciudad organiz\u00f3 su tradicional acto c\u00edvico, cultural y literario en el Teatro Municipal Alberto Saavedra P\u00e9rez, con motivo de conmemorar el 217 aniversario de la Gesta Libertaria del 16 de Julio de 1809. Al encuentro asistieron autoridades locales, representantes del \u00e1mbito acad\u00e9mico e invitados especiales.<br \/>\nLa apertura del programa estuvo a cargo de Irene del Carmen Ball\u00f3n, presidenta de la organizaci\u00f3n, quien ofreci\u00f3 las palabras de bienvenida y destac\u00f3 la importancia de mantener vigentes los valores c\u00edvicos en la sede de Gobierno. Posteriormente, la concejal Miryam Aguilar pronunci\u00f3 las palabras alusivas a la fecha, reflexionando sobre el legado hist\u00f3rico de la revoluci\u00f3n pace\u00f1a en el contexto actual. El discurso de homenaje central fue emitido por Waldo Albarrac\u00edn S\u00e1nchez, quien repas\u00f3 los hitos del movimiento libertario de 1809 y su impacto en la identidad nacional.<br \/>\nUno de los n\u00fameros principales del programa fue la entrega de la distinci\u00f3n Vicenta Juaristi Eguino, reconocimiento otorgado a ciudadanos e instituciones por su trayectoria e invaluable aporte al pa\u00eds. En esta ocasi\u00f3n, la condecoraci\u00f3n fue otorgada a la periodista Amalia Pando, el analista Luis Fernando Alc\u00e1zar y la emblem\u00e1tica agrupaci\u00f3n musical Wara, cuya propuesta art\u00edstica representa un puente entre la tradici\u00f3n andina y la contemporaneidad.<br \/>\nLa segunda parte del programa estuvo dedicada a las demostraciones art\u00edsticas, iniciando con un mosaico de danzas folkl\u00f3ricas que incluy\u00f3 la coreograf\u00eda de caporales a cargo del Ballet Danzatbol, seguida por cueca y saya interpretadas por el Ballet de Danza Folkl\u00f3rica Bolivia. La agenda musical continu\u00f3 con la participaci\u00f3n del grupo Hiru Hicho y una nueva demostraci\u00f3n de cueca pace\u00f1a por parte de Danzatbol. El cierre del bloque danc\u00edstico cont\u00f3 con la Fraternidad Llamerada San Andr\u00e9s de la UMSA, seguida por la actuaci\u00f3n en vivo de Wara junto al acompa\u00f1amiento del ballet Danzatbol, para concluir con la intervenci\u00f3n del conjunto Los Ch\u00e9vere, que recibi\u00f3 un reconocimiento por sus 42 a\u00f1os de vigencia en el \u00e1mbito art\u00edstico.<\/p>\n\r\n                <style type=\"text\/css\">\r\n                    \r\n                    #tdi_1  .td-doubleSlider-2 .td-item1 {\r\n                        background: url(https:\/\/www.eldiario.net\/portal\/wp-content\/uploads\/2026\/07\/DSC_0359-80x60.webp) 0 0 no-repeat;\r\n                    }\r\n                    #tdi_1  .td-doubleSlider-2 .td-item2 {\r\n                        background: url(https:\/\/www.eldiario.net\/portal\/wp-content\/uploads\/2026\/07\/DSC_0147-80x60.webp) 0 0 no-repeat;\r\n                    }\r\n                    #tdi_1  .td-doubleSlider-2 .td-item3 {\r\n                        background: url(https:\/\/www.eldiario.net\/portal\/wp-content\/uploads\/2026\/07\/DSC_0150-80x60.webp) 0 0 no-repeat;\r\n                    }\r\n                    #tdi_1  .td-doubleSlider-2 .td-item4 {\r\n                        background: url(https:\/\/www.eldiario.net\/portal\/wp-content\/uploads\/2026\/07\/DSC_0160-80x60.webp) 0 0 no-repeat;\r\n                    }\r\n                    #tdi_1  .td-doubleSlider-2 .td-item5 {\r\n                        background: url(https:\/\/www.eldiario.net\/portal\/wp-content\/uploads\/2026\/07\/DSC_0162-80x60.webp) 0 0 no-repeat;\r\n                    }\r\n                    #tdi_1  .td-doubleSlider-2 .td-item6 {\r\n                        background: url(https:\/\/www.eldiario.net\/portal\/wp-content\/uploads\/2026\/07\/DSC_0169-80x60.webp) 0 0 no-repeat;\r\n                    }\r\n                    #tdi_1  .td-doubleSlider-2 .td-item7 {\r\n                        background: url(https:\/\/www.eldiario.net\/portal\/wp-content\/uploads\/2026\/07\/DSC_0181-80x60.webp) 0 0 no-repeat;\r\n                    }\r\n                    #tdi_1  .td-doubleSlider-2 .td-item8 {\r\n                        background: url(https:\/\/www.eldiario.net\/portal\/wp-content\/uploads\/2026\/07\/DSC_0183-80x60.webp) 0 0 no-repeat;\r\n                    }\r\n                    #tdi_1  .td-doubleSlider-2 .td-item9 {\r\n                        background: url(https:\/\/www.eldiario.net\/portal\/wp-content\/uploads\/2026\/07\/DSC_0208-80x60.webp) 0 0 no-repeat;\r\n                    }\r\n                    #tdi_1  .td-doubleSlider-2 .td-item10 {\r\n                        background: url(https:\/\/www.eldiario.net\/portal\/wp-content\/uploads\/2026\/07\/DSC_0221-80x60.webp) 0 0 no-repeat;\r\n                    }\r\n                    #tdi_1  .td-doubleSlider-2 .td-item11 {\r\n                        background: url(https:\/\/www.eldiario.net\/portal\/wp-content\/uploads\/2026\/07\/DSC_0231-80x60.webp) 0 0 no-repeat;\r\n                    }\r\n                    #tdi_1  .td-doubleSlider-2 .td-item12 {\r\n                        background: url(https:\/\/www.eldiario.net\/portal\/wp-content\/uploads\/2026\/07\/DSC_0250-80x60.webp) 0 0 no-repeat;\r\n                    }\r\n                    #tdi_1  .td-doubleSlider-2 .td-item13 {\r\n                        background: url(https:\/\/www.eldiario.net\/portal\/wp-content\/uploads\/2026\/07\/DSC_0252-80x60.webp) 0 0 no-repeat;\r\n                    }\r\n                    #tdi_1  .td-doubleSlider-2 .td-item14 {\r\n                        background: url(https:\/\/www.eldiario.net\/portal\/wp-content\/uploads\/2026\/07\/DSC_0298-80x60.webp) 0 0 no-repeat;\r\n                    }\r\n                    #tdi_1  .td-doubleSlider-2 .td-item15 {\r\n                        background: url(https:\/\/www.eldiario.net\/portal\/wp-content\/uploads\/2026\/07\/DSC_0324-80x60.webp) 0 0 no-repeat;\r\n                    }\r\n                <\/style>\r\n\r\n                <div id=\"tdi_1\" class=\"td-gallery td-slide-on-2-columns\">\r\n                    <div class=\"post_td_gallery\">\r\n                        <div class=\"td-gallery-slide-top\">\r\n                           <div class=\"td-gallery-title\"><\/div>\r\n\r\n                            <div class=\"td-gallery-controls-wrapper\">\r\n                                <div class=\"td-gallery-slide-count\"><span class=\"td-gallery-slide-item-focus\">1<\/span> de 15<\/div>\r\n                                <div class=\"td-gallery-slide-prev-next-but\">\r\n                                    <i class = \"td-icon-left doubleSliderPrevButton\"><\/i>\r\n                                    <i class = \"td-icon-right doubleSliderNextButton\"><\/i>\r\n                                <\/div>\r\n                            <\/div>\r\n                        <\/div>\r\n\r\n                        <div class = \"td-doubleSlider-1 \">\r\n                            <div class = \"td-slider\">\r\n                                \r\n                    <div class = \"td-slide-item td-item1\">\r\n                        <figure class=\"td-slide-galery-figure td-slide-popup-gallery\">\r\n                            <a class=\"slide-gallery-image-link\" href=\"https:\/\/www.eldiario.net\/portal\/wp-content\/uploads\/2026\/07\/DSC_0359.webp\" title=\"DSC_0359\"  data-caption=\"EL GRUPO FOLKL\u00d3RICO HIRU HICHU RECIBE UN DIPLOMA DE AGRADECIMIENTO POR SU PARTICIPACI\u00d3N EN EL HOMENAJE A LA GESTA LIBERTARIA DEL 16 DE JULIO.\"  data-description=\"EL GRUPO FOLKL&Oacute;RICO HIRU HICHU RECIBE UN DIPLOMA DE AGRADECIMIENTO POR SU PARTICIPACI&Oacute;N EN EL HOMENAJE A LA GESTA LIBERTARIA DEL 16 DE JULIO.\">\r\n                                <img decoding=\"async\" src=\"https:\/\/www.eldiario.net\/portal\/wp-content\/uploads\/2026\/07\/DSC_0359-629x420.webp\" srcset=\"https:\/\/www.eldiario.net\/portal\/wp-content\/uploads\/2026\/07\/DSC_0359-629x420.webp 629w, https:\/\/www.eldiario.net\/portal\/wp-content\/uploads\/2026\/07\/DSC_0359-300x200.webp 300w, https:\/\/www.eldiario.net\/portal\/wp-content\/uploads\/2026\/07\/DSC_0359-1024x684.webp 1024w, https:\/\/www.eldiario.net\/portal\/wp-content\/uploads\/2026\/07\/DSC_0359-768x513.webp 768w, https:\/\/www.eldiario.net\/portal\/wp-content\/uploads\/2026\/07\/DSC_0359-150x100.webp 150w, https:\/\/www.eldiario.net\/portal\/wp-content\/uploads\/2026\/07\/DSC_0359-696x465.webp 696w, https:\/\/www.eldiario.net\/portal\/wp-content\/uploads\/2026\/07\/DSC_0359-1068x713.webp 1068w, https:\/\/www.eldiario.net\/portal\/wp-content\/uploads\/2026\/07\/DSC_0359.webp 1200w\" sizes=\"(max-width: 629px) 100vw, 629px\" alt=\"\">\r\n                            <\/a>\r\n                            <figcaption class = \"td-slide-caption td-gallery-slide-content\"><div class = \"td-gallery-slide-copywrite\">EL GRUPO FOLKL\u00d3RICO HIRU HICHU RECIBE UN DIPLOMA DE AGRADECIMIENTO POR SU PARTICIPACI\u00d3N EN EL HOMENAJE A LA GESTA LIBERTARIA DEL 16 DE JULIO.<\/div><span>EL GRUPO FOLKL\u00d3RICO HIRU HICHU RECIBE UN DIPLOMA DE AGRADECIMIENTO POR SU PARTICIPACI\u00d3N EN EL HOMENAJE A LA GESTA LIBERTARIA DEL 16 DE JULIO.<\/span><\/figcaption>\r\n                        <\/figure>\r\n                    <\/div>\r\n                    <div class = \"td-slide-item td-item2\">\r\n                        <figure class=\"td-slide-galery-figure td-slide-popup-gallery\">\r\n                            <a class=\"slide-gallery-image-link\" href=\"https:\/\/www.eldiario.net\/portal\/wp-content\/uploads\/2026\/07\/DSC_0147.webp\" title=\"DSC_0147\"  data-caption=\"MAGALY MARIACA, SECRETARIA GENERAL; DELIA CONTRERAS, VICEPRESIDENTA, E IRENE DEL CARMEN BALL\u00d3N, PRESIDENTA DE LA AGRUPACI\u00d3N FEMENINA DE AMIGOS DE LA CIUDAD, RESPECTIVAMENTE, JUNTO A MIRYAM AGUILAR, CONCEJAL DE LA PAZ.\"  data-description=\"MAGALY MARIACA, SECRETARIA GENERAL; DELIA CONTRERAS, VICEPRESIDENTA, E IRENE DEL CARMEN BALL&Oacute;N, PRESIDENTA DE LA AGRUPACI&Oacute;N FEMENINA DE AMIGOS DE LA CIUDAD, RESPECTIVAMENTE, JUNTO A MIRYAM AGUILAR, CONCEJAL DE LA PAZ.\">\r\n                                <img decoding=\"async\" src=\"https:\/\/www.eldiario.net\/portal\/wp-content\/uploads\/2026\/07\/DSC_0147-629x420.webp\" srcset=\"https:\/\/www.eldiario.net\/portal\/wp-content\/uploads\/2026\/07\/DSC_0147-629x420.webp 629w, https:\/\/www.eldiario.net\/portal\/wp-content\/uploads\/2026\/07\/DSC_0147-300x200.webp 300w, https:\/\/www.eldiario.net\/portal\/wp-content\/uploads\/2026\/07\/DSC_0147-1024x684.webp 1024w, https:\/\/www.eldiario.net\/portal\/wp-content\/uploads\/2026\/07\/DSC_0147-768x513.webp 768w, https:\/\/www.eldiario.net\/portal\/wp-content\/uploads\/2026\/07\/DSC_0147-150x100.webp 150w, https:\/\/www.eldiario.net\/portal\/wp-content\/uploads\/2026\/07\/DSC_0147-696x465.webp 696w, https:\/\/www.eldiario.net\/portal\/wp-content\/uploads\/2026\/07\/DSC_0147-1068x713.webp 1068w, https:\/\/www.eldiario.net\/portal\/wp-content\/uploads\/2026\/07\/DSC_0147.webp 1200w\" sizes=\"(max-width: 629px) 100vw, 629px\" alt=\"\">\r\n                            <\/a>\r\n                            <figcaption class = \"td-slide-caption td-gallery-slide-content\"><div class = \"td-gallery-slide-copywrite\">MAGALY MARIACA, SECRETARIA GENERAL; DELIA CONTRERAS, VICEPRESIDENTA, E IRENE DEL CARMEN BALL\u00d3N, PRESIDENTA DE LA AGRUPACI\u00d3N FEMENINA DE AMIGOS DE LA CIUDAD, RESPECTIVAMENTE, JUNTO A MIRYAM AGUILAR, CONCEJAL DE LA PAZ.<\/div><span>MAGALY MARIACA, SECRETARIA GENERAL; DELIA CONTRERAS, VICEPRESIDENTA, E IRENE DEL CARMEN BALL\u00d3N, PRESIDENTA DE LA AGRUPACI\u00d3N FEMENINA DE AMIGOS DE LA CIUDAD, RESPECTIVAMENTE, JUNTO A MIRYAM AGUILAR, CONCEJAL DE LA PAZ.<\/span><\/figcaption>\r\n                        <\/figure>\r\n                    <\/div>\r\n                    <div class = \"td-slide-item td-item3\">\r\n                        <figure class=\"td-slide-galery-figure td-slide-popup-gallery\">\r\n                            <a class=\"slide-gallery-image-link\" href=\"https:\/\/www.eldiario.net\/portal\/wp-content\/uploads\/2026\/07\/DSC_0150.webp\" title=\"DSC_0150\"  data-caption=\"\nIRENE DEL CARMEN BALL\u00d3N, PRESIDENTA DE LA AGRUPACI\u00d3N FEMENINA DE AMIGOS DE LA CIUDAD.\"  data-description=\"\nIRENE DEL CARMEN BALL&Oacute;N, PRESIDENTA DE LA AGRUPACI&Oacute;N FEMENINA DE AMIGOS DE LA CIUDAD.\">\r\n                                <img decoding=\"async\" src=\"https:\/\/www.eldiario.net\/portal\/wp-content\/uploads\/2026\/07\/DSC_0150-629x420.webp\" srcset=\"https:\/\/www.eldiario.net\/portal\/wp-content\/uploads\/2026\/07\/DSC_0150-629x420.webp 629w, https:\/\/www.eldiario.net\/portal\/wp-content\/uploads\/2026\/07\/DSC_0150-300x200.webp 300w, https:\/\/www.eldiario.net\/portal\/wp-content\/uploads\/2026\/07\/DSC_0150-1024x684.webp 1024w, https:\/\/www.eldiario.net\/portal\/wp-content\/uploads\/2026\/07\/DSC_0150-768x513.webp 768w, https:\/\/www.eldiario.net\/portal\/wp-content\/uploads\/2026\/07\/DSC_0150-150x100.webp 150w, https:\/\/www.eldiario.net\/portal\/wp-content\/uploads\/2026\/07\/DSC_0150-696x465.webp 696w, https:\/\/www.eldiario.net\/portal\/wp-content\/uploads\/2026\/07\/DSC_0150-1068x713.webp 1068w, https:\/\/www.eldiario.net\/portal\/wp-content\/uploads\/2026\/07\/DSC_0150.webp 1200w\" sizes=\"(max-width: 629px) 100vw, 629px\" alt=\"\">\r\n                            <\/a>\r\n                            <figcaption class = \"td-slide-caption td-gallery-slide-content\"><div class = \"td-gallery-slide-copywrite\">\nIRENE DEL CARMEN BALL\u00d3N, PRESIDENTA DE LA AGRUPACI\u00d3N FEMENINA DE AMIGOS DE LA CIUDAD.<\/div><span>\nIRENE DEL CARMEN BALL\u00d3N, PRESIDENTA DE LA AGRUPACI\u00d3N FEMENINA DE AMIGOS DE LA CIUDAD.<\/span><\/figcaption>\r\n                        <\/figure>\r\n                    <\/div>\r\n                    <div class = \"td-slide-item td-item4\">\r\n                        <figure class=\"td-slide-galery-figure td-slide-popup-gallery\">\r\n                            <a class=\"slide-gallery-image-link\" href=\"https:\/\/www.eldiario.net\/portal\/wp-content\/uploads\/2026\/07\/DSC_0160.webp\" title=\"DSC_0160\"  data-caption=\"\n\n\n\nMIRYAM AGUILAR, CONCEJAL DE\nLA PAZ.\"  data-description=\"\n\n\n\nMIRYAM AGUILAR, CONCEJAL DE\nLA PAZ.\">\r\n                                <img decoding=\"async\" src=\"https:\/\/www.eldiario.net\/portal\/wp-content\/uploads\/2026\/07\/DSC_0160-629x420.webp\" srcset=\"https:\/\/www.eldiario.net\/portal\/wp-content\/uploads\/2026\/07\/DSC_0160-629x420.webp 629w, https:\/\/www.eldiario.net\/portal\/wp-content\/uploads\/2026\/07\/DSC_0160-300x200.webp 300w, https:\/\/www.eldiario.net\/portal\/wp-content\/uploads\/2026\/07\/DSC_0160-1024x684.webp 1024w, https:\/\/www.eldiario.net\/portal\/wp-content\/uploads\/2026\/07\/DSC_0160-768x513.webp 768w, https:\/\/www.eldiario.net\/portal\/wp-content\/uploads\/2026\/07\/DSC_0160-150x100.webp 150w, https:\/\/www.eldiario.net\/portal\/wp-content\/uploads\/2026\/07\/DSC_0160-696x465.webp 696w, https:\/\/www.eldiario.net\/portal\/wp-content\/uploads\/2026\/07\/DSC_0160-1068x713.webp 1068w, https:\/\/www.eldiario.net\/portal\/wp-content\/uploads\/2026\/07\/DSC_0160.webp 1200w\" sizes=\"(max-width: 629px) 100vw, 629px\" alt=\"\">\r\n                            <\/a>\r\n                            <figcaption class = \"td-slide-caption td-gallery-slide-content\"><div class = \"td-gallery-slide-copywrite\">\n\n\n\nMIRYAM AGUILAR, CONCEJAL DE\nLA PAZ.<\/div><span>\n\n\n\nMIRYAM AGUILAR, CONCEJAL DE\nLA PAZ.<\/span><\/figcaption>\r\n                        <\/figure>\r\n                    <\/div>\r\n                    <div class = \"td-slide-item td-item5\">\r\n                        <figure class=\"td-slide-galery-figure td-slide-popup-gallery\">\r\n                            <a class=\"slide-gallery-image-link\" href=\"https:\/\/www.eldiario.net\/portal\/wp-content\/uploads\/2026\/07\/DSC_0162.webp\" title=\"DSC_0162\"  data-caption=\"LA PARTICIPACI\u00d3N DE WALDO ALBARRAC\u00cdN S\u00c1NCHEZ.\"  data-description=\"LA PARTICIPACI&Oacute;N DE WALDO ALBARRAC&Iacute;N S&Aacute;NCHEZ.\">\r\n                                <img decoding=\"async\" src=\"https:\/\/www.eldiario.net\/portal\/wp-content\/uploads\/2026\/07\/DSC_0162-629x420.webp\" srcset=\"https:\/\/www.eldiario.net\/portal\/wp-content\/uploads\/2026\/07\/DSC_0162-629x420.webp 629w, https:\/\/www.eldiario.net\/portal\/wp-content\/uploads\/2026\/07\/DSC_0162-300x200.webp 300w, https:\/\/www.eldiario.net\/portal\/wp-content\/uploads\/2026\/07\/DSC_0162-1024x684.webp 1024w, https:\/\/www.eldiario.net\/portal\/wp-content\/uploads\/2026\/07\/DSC_0162-768x513.webp 768w, https:\/\/www.eldiario.net\/portal\/wp-content\/uploads\/2026\/07\/DSC_0162-150x100.webp 150w, https:\/\/www.eldiario.net\/portal\/wp-content\/uploads\/2026\/07\/DSC_0162-696x465.webp 696w, https:\/\/www.eldiario.net\/portal\/wp-content\/uploads\/2026\/07\/DSC_0162-1068x713.webp 1068w, https:\/\/www.eldiario.net\/portal\/wp-content\/uploads\/2026\/07\/DSC_0162.webp 1200w\" sizes=\"(max-width: 629px) 100vw, 629px\" alt=\"\">\r\n                            <\/a>\r\n                            <figcaption class = \"td-slide-caption td-gallery-slide-content\"><div class = \"td-gallery-slide-copywrite\">LA PARTICIPACI\u00d3N DE WALDO ALBARRAC\u00cdN S\u00c1NCHEZ.<\/div><span>LA PARTICIPACI\u00d3N DE WALDO ALBARRAC\u00cdN S\u00c1NCHEZ.<\/span><\/figcaption>\r\n                        <\/figure>\r\n                    <\/div>\r\n                    <div class = \"td-slide-item td-item6\">\r\n                        <figure class=\"td-slide-galery-figure td-slide-popup-gallery\">\r\n                            <a class=\"slide-gallery-image-link\" href=\"https:\/\/www.eldiario.net\/portal\/wp-content\/uploads\/2026\/07\/DSC_0169.webp\" title=\"DSC_0169\"  data-caption=\"IRENE DEL CARMEN BALL\u00d3N ENTREGA LA DISTINCI\u00d3N AL GRAL. LUIS FERNANDO ALC\u00c1ZAR, EN M\u00c9RITO A SU TRAYECTORIA DE SERVICIO A LA PATRIA.\"  data-description=\"IRENE DEL CARMEN BALL&Oacute;N ENTREGA LA DISTINCI&Oacute;N AL GRAL. LUIS FERNANDO ALC&Aacute;ZAR, EN M&Eacute;RITO A SU TRAYECTORIA DE SERVICIO A LA PATRIA.\">\r\n                                <img decoding=\"async\" src=\"https:\/\/www.eldiario.net\/portal\/wp-content\/uploads\/2026\/07\/DSC_0169-629x420.webp\" srcset=\"https:\/\/www.eldiario.net\/portal\/wp-content\/uploads\/2026\/07\/DSC_0169-629x420.webp 629w, https:\/\/www.eldiario.net\/portal\/wp-content\/uploads\/2026\/07\/DSC_0169-300x200.webp 300w, https:\/\/www.eldiario.net\/portal\/wp-content\/uploads\/2026\/07\/DSC_0169-1024x684.webp 1024w, https:\/\/www.eldiario.net\/portal\/wp-content\/uploads\/2026\/07\/DSC_0169-768x513.webp 768w, https:\/\/www.eldiario.net\/portal\/wp-content\/uploads\/2026\/07\/DSC_0169-150x100.webp 150w, https:\/\/www.eldiario.net\/portal\/wp-content\/uploads\/2026\/07\/DSC_0169-696x465.webp 696w, https:\/\/www.eldiario.net\/portal\/wp-content\/uploads\/2026\/07\/DSC_0169-1068x713.webp 1068w, https:\/\/www.eldiario.net\/portal\/wp-content\/uploads\/2026\/07\/DSC_0169.webp 1200w\" sizes=\"(max-width: 629px) 100vw, 629px\" alt=\"\">\r\n                            <\/a>\r\n                            <figcaption class = \"td-slide-caption td-gallery-slide-content\"><div class = \"td-gallery-slide-copywrite\">IRENE DEL CARMEN BALL\u00d3N ENTREGA LA DISTINCI\u00d3N AL GRAL. LUIS FERNANDO ALC\u00c1ZAR, EN M\u00c9RITO A SU TRAYECTORIA DE SERVICIO A LA PATRIA.<\/div><span>IRENE DEL CARMEN BALL\u00d3N ENTREGA LA DISTINCI\u00d3N AL GRAL. LUIS FERNANDO ALC\u00c1ZAR, EN M\u00c9RITO A SU TRAYECTORIA DE SERVICIO A LA PATRIA.<\/span><\/figcaption>\r\n                        <\/figure>\r\n                    <\/div>\r\n                    <div class = \"td-slide-item td-item7\">\r\n                        <figure class=\"td-slide-galery-figure td-slide-popup-gallery\">\r\n                            <a class=\"slide-gallery-image-link\" href=\"https:\/\/www.eldiario.net\/portal\/wp-content\/uploads\/2026\/07\/DSC_0181.webp\" title=\"DSC_0181\"  data-caption=\"LOS REPRESENTANTES DE LA AGRUPACI\u00d3N WARA \nAGRADECEN POR LA DISTINCI\u00d3N.\"  data-description=\"LOS REPRESENTANTES DE LA AGRUPACI&Oacute;N WARA \nAGRADECEN POR LA DISTINCI&Oacute;N.\">\r\n                                <img decoding=\"async\" src=\"https:\/\/www.eldiario.net\/portal\/wp-content\/uploads\/2026\/07\/DSC_0181-629x420.webp\" srcset=\"https:\/\/www.eldiario.net\/portal\/wp-content\/uploads\/2026\/07\/DSC_0181-629x420.webp 629w, https:\/\/www.eldiario.net\/portal\/wp-content\/uploads\/2026\/07\/DSC_0181-300x200.webp 300w, https:\/\/www.eldiario.net\/portal\/wp-content\/uploads\/2026\/07\/DSC_0181-1024x684.webp 1024w, https:\/\/www.eldiario.net\/portal\/wp-content\/uploads\/2026\/07\/DSC_0181-768x513.webp 768w, https:\/\/www.eldiario.net\/portal\/wp-content\/uploads\/2026\/07\/DSC_0181-150x100.webp 150w, https:\/\/www.eldiario.net\/portal\/wp-content\/uploads\/2026\/07\/DSC_0181-696x465.webp 696w, https:\/\/www.eldiario.net\/portal\/wp-content\/uploads\/2026\/07\/DSC_0181-1068x713.webp 1068w, https:\/\/www.eldiario.net\/portal\/wp-content\/uploads\/2026\/07\/DSC_0181.webp 1200w\" sizes=\"(max-width: 629px) 100vw, 629px\" alt=\"\">\r\n                            <\/a>\r\n                            <figcaption class = \"td-slide-caption td-gallery-slide-content\"><div class = \"td-gallery-slide-copywrite\">LOS REPRESENTANTES DE LA AGRUPACI\u00d3N WARA \nAGRADECEN POR LA DISTINCI\u00d3N.<\/div><span>LOS REPRESENTANTES DE LA AGRUPACI\u00d3N WARA \nAGRADECEN POR LA DISTINCI\u00d3N.<\/span><\/figcaption>\r\n                        <\/figure>\r\n                    <\/div>\r\n                    <div class = \"td-slide-item td-item8\">\r\n                        <figure class=\"td-slide-galery-figure td-slide-popup-gallery\">\r\n                            <a class=\"slide-gallery-image-link\" href=\"https:\/\/www.eldiario.net\/portal\/wp-content\/uploads\/2026\/07\/DSC_0183.webp\" title=\"DSC_0183\"  data-caption=\"EL BALLET DANZATBOL LLENA DE RITMO Y COLORIDO EL ESCENARIO CON UNA VIBRANTE DEMOSTRACI\u00d3N DE CAPORALES.\"  data-description=\"EL BALLET DANZATBOL LLENA DE RITMO Y COLORIDO EL ESCENARIO CON UNA VIBRANTE DEMOSTRACI&Oacute;N DE CAPORALES.\">\r\n                                <img decoding=\"async\" src=\"https:\/\/www.eldiario.net\/portal\/wp-content\/uploads\/2026\/07\/DSC_0183-629x420.webp\" srcset=\"https:\/\/www.eldiario.net\/portal\/wp-content\/uploads\/2026\/07\/DSC_0183-629x420.webp 629w, https:\/\/www.eldiario.net\/portal\/wp-content\/uploads\/2026\/07\/DSC_0183-300x200.webp 300w, https:\/\/www.eldiario.net\/portal\/wp-content\/uploads\/2026\/07\/DSC_0183-1024x684.webp 1024w, https:\/\/www.eldiario.net\/portal\/wp-content\/uploads\/2026\/07\/DSC_0183-768x513.webp 768w, https:\/\/www.eldiario.net\/portal\/wp-content\/uploads\/2026\/07\/DSC_0183-150x100.webp 150w, https:\/\/www.eldiario.net\/portal\/wp-content\/uploads\/2026\/07\/DSC_0183-696x465.webp 696w, https:\/\/www.eldiario.net\/portal\/wp-content\/uploads\/2026\/07\/DSC_0183-1068x713.webp 1068w, https:\/\/www.eldiario.net\/portal\/wp-content\/uploads\/2026\/07\/DSC_0183.webp 1200w\" sizes=\"(max-width: 629px) 100vw, 629px\" alt=\"\">\r\n                            <\/a>\r\n                            <figcaption class = \"td-slide-caption td-gallery-slide-content\"><div class = \"td-gallery-slide-copywrite\">EL BALLET DANZATBOL LLENA DE RITMO Y COLORIDO EL ESCENARIO CON UNA VIBRANTE DEMOSTRACI\u00d3N DE CAPORALES.<\/div><span>EL BALLET DANZATBOL LLENA DE RITMO Y COLORIDO EL ESCENARIO CON UNA VIBRANTE DEMOSTRACI\u00d3N DE CAPORALES.<\/span><\/figcaption>\r\n                        <\/figure>\r\n                    <\/div>\r\n                    <div class = \"td-slide-item td-item9\">\r\n                        <figure class=\"td-slide-galery-figure td-slide-popup-gallery\">\r\n                            <a class=\"slide-gallery-image-link\" href=\"https:\/\/www.eldiario.net\/portal\/wp-content\/uploads\/2026\/07\/DSC_0208.webp\" title=\"DSC_0208\"  data-caption=\"LAS TABLAS DEL TEATRO MUNICIPAL VIBRAN AL RITMO DE LA SAYA.\"  data-description=\"LAS TABLAS DEL TEATRO MUNICIPAL VIBRAN AL RITMO DE LA SAYA.\">\r\n                                <img decoding=\"async\" src=\"https:\/\/www.eldiario.net\/portal\/wp-content\/uploads\/2026\/07\/DSC_0208-629x420.webp\" srcset=\"https:\/\/www.eldiario.net\/portal\/wp-content\/uploads\/2026\/07\/DSC_0208-629x420.webp 629w, https:\/\/www.eldiario.net\/portal\/wp-content\/uploads\/2026\/07\/DSC_0208-300x200.webp 300w, https:\/\/www.eldiario.net\/portal\/wp-content\/uploads\/2026\/07\/DSC_0208-1024x684.webp 1024w, https:\/\/www.eldiario.net\/portal\/wp-content\/uploads\/2026\/07\/DSC_0208-768x513.webp 768w, https:\/\/www.eldiario.net\/portal\/wp-content\/uploads\/2026\/07\/DSC_0208-150x100.webp 150w, https:\/\/www.eldiario.net\/portal\/wp-content\/uploads\/2026\/07\/DSC_0208-696x465.webp 696w, https:\/\/www.eldiario.net\/portal\/wp-content\/uploads\/2026\/07\/DSC_0208-1068x713.webp 1068w, https:\/\/www.eldiario.net\/portal\/wp-content\/uploads\/2026\/07\/DSC_0208.webp 1200w\" sizes=\"(max-width: 629px) 100vw, 629px\" alt=\"\">\r\n                            <\/a>\r\n                            <figcaption class = \"td-slide-caption td-gallery-slide-content\"><div class = \"td-gallery-slide-copywrite\">LAS TABLAS DEL TEATRO MUNICIPAL VIBRAN AL RITMO DE LA SAYA.<\/div><span>LAS TABLAS DEL TEATRO MUNICIPAL VIBRAN AL RITMO DE LA SAYA.<\/span><\/figcaption>\r\n                        <\/figure>\r\n                    <\/div>\r\n                    <div class = \"td-slide-item td-item10\">\r\n                        <figure class=\"td-slide-galery-figure td-slide-popup-gallery\">\r\n                            <a class=\"slide-gallery-image-link\" href=\"https:\/\/www.eldiario.net\/portal\/wp-content\/uploads\/2026\/07\/DSC_0221.webp\" title=\"DSC_0221\"  data-caption=\"EL RECONIOCIMIENTO AL BALLET DE DANZA FOLKL\u00d3RICA BOLIVIA.\"  data-description=\"EL RECONIOCIMIENTO AL BALLET DE DANZA FOLKL&Oacute;RICA BOLIVIA.\">\r\n                                <img decoding=\"async\" src=\"https:\/\/www.eldiario.net\/portal\/wp-content\/uploads\/2026\/07\/DSC_0221-629x420.webp\" srcset=\"https:\/\/www.eldiario.net\/portal\/wp-content\/uploads\/2026\/07\/DSC_0221-629x420.webp 629w, https:\/\/www.eldiario.net\/portal\/wp-content\/uploads\/2026\/07\/DSC_0221-300x200.webp 300w, https:\/\/www.eldiario.net\/portal\/wp-content\/uploads\/2026\/07\/DSC_0221-1024x684.webp 1024w, https:\/\/www.eldiario.net\/portal\/wp-content\/uploads\/2026\/07\/DSC_0221-768x513.webp 768w, https:\/\/www.eldiario.net\/portal\/wp-content\/uploads\/2026\/07\/DSC_0221-150x100.webp 150w, https:\/\/www.eldiario.net\/portal\/wp-content\/uploads\/2026\/07\/DSC_0221-696x465.webp 696w, https:\/\/www.eldiario.net\/portal\/wp-content\/uploads\/2026\/07\/DSC_0221-1068x713.webp 1068w, https:\/\/www.eldiario.net\/portal\/wp-content\/uploads\/2026\/07\/DSC_0221.webp 1200w\" sizes=\"(max-width: 629px) 100vw, 629px\" alt=\"\">\r\n                            <\/a>\r\n                            <figcaption class = \"td-slide-caption td-gallery-slide-content\"><div class = \"td-gallery-slide-copywrite\">EL RECONIOCIMIENTO AL BALLET DE DANZA FOLKL\u00d3RICA BOLIVIA.<\/div><span>EL RECONIOCIMIENTO AL BALLET DE DANZA FOLKL\u00d3RICA BOLIVIA.<\/span><\/figcaption>\r\n                        <\/figure>\r\n                    <\/div>\r\n                    <div class = \"td-slide-item td-item11\">\r\n                        <figure class=\"td-slide-galery-figure td-slide-popup-gallery\">\r\n                            <a class=\"slide-gallery-image-link\" href=\"https:\/\/www.eldiario.net\/portal\/wp-content\/uploads\/2026\/07\/DSC_0231.webp\" title=\"DSC_0231\"  data-caption=\"MAGALY MARIACA ENTREGA UN DIPLOMA DE RECONOCIMIENTO AL BALLET DE DANZA FOLKLORICA BOLIVIA.\"  data-description=\"MAGALY MARIACA ENTREGA UN DIPLOMA DE RECONOCIMIENTO AL BALLET DE DANZA FOLKLORICA BOLIVIA.\">\r\n                                <img decoding=\"async\" src=\"https:\/\/www.eldiario.net\/portal\/wp-content\/uploads\/2026\/07\/DSC_0231-629x420.webp\" srcset=\"https:\/\/www.eldiario.net\/portal\/wp-content\/uploads\/2026\/07\/DSC_0231-629x420.webp 629w, https:\/\/www.eldiario.net\/portal\/wp-content\/uploads\/2026\/07\/DSC_0231-300x200.webp 300w, https:\/\/www.eldiario.net\/portal\/wp-content\/uploads\/2026\/07\/DSC_0231-1024x684.webp 1024w, https:\/\/www.eldiario.net\/portal\/wp-content\/uploads\/2026\/07\/DSC_0231-768x513.webp 768w, https:\/\/www.eldiario.net\/portal\/wp-content\/uploads\/2026\/07\/DSC_0231-150x100.webp 150w, https:\/\/www.eldiario.net\/portal\/wp-content\/uploads\/2026\/07\/DSC_0231-696x465.webp 696w, https:\/\/www.eldiario.net\/portal\/wp-content\/uploads\/2026\/07\/DSC_0231-1068x713.webp 1068w, https:\/\/www.eldiario.net\/portal\/wp-content\/uploads\/2026\/07\/DSC_0231.webp 1200w\" sizes=\"(max-width: 629px) 100vw, 629px\" alt=\"\">\r\n                            <\/a>\r\n                            <figcaption class = \"td-slide-caption td-gallery-slide-content\"><div class = \"td-gallery-slide-copywrite\">MAGALY MARIACA ENTREGA UN DIPLOMA DE RECONOCIMIENTO AL BALLET DE DANZA FOLKLORICA BOLIVIA.<\/div><span>MAGALY MARIACA ENTREGA UN DIPLOMA DE RECONOCIMIENTO AL BALLET DE DANZA FOLKLORICA BOLIVIA.<\/span><\/figcaption>\r\n                        <\/figure>\r\n                    <\/div>\r\n                    <div class = \"td-slide-item td-item12\">\r\n                        <figure class=\"td-slide-galery-figure td-slide-popup-gallery\">\r\n                            <a class=\"slide-gallery-image-link\" href=\"https:\/\/www.eldiario.net\/portal\/wp-content\/uploads\/2026\/07\/DSC_0250.webp\" title=\"DSC_0250\"  data-caption=\"LA FRATERNIDAD LLAMERADA SAN ANDR\u00c9S DE LA UMSA DERROCHA ENTUSIASMO.\"  data-description=\"LA FRATERNIDAD LLAMERADA SAN ANDR&Eacute;S DE LA UMSA DERROCHA ENTUSIASMO.\">\r\n                                <img decoding=\"async\" src=\"https:\/\/www.eldiario.net\/portal\/wp-content\/uploads\/2026\/07\/DSC_0250-629x420.webp\" srcset=\"https:\/\/www.eldiario.net\/portal\/wp-content\/uploads\/2026\/07\/DSC_0250-629x420.webp 629w, https:\/\/www.eldiario.net\/portal\/wp-content\/uploads\/2026\/07\/DSC_0250-300x200.webp 300w, https:\/\/www.eldiario.net\/portal\/wp-content\/uploads\/2026\/07\/DSC_0250-1024x684.webp 1024w, https:\/\/www.eldiario.net\/portal\/wp-content\/uploads\/2026\/07\/DSC_0250-768x513.webp 768w, https:\/\/www.eldiario.net\/portal\/wp-content\/uploads\/2026\/07\/DSC_0250-150x100.webp 150w, https:\/\/www.eldiario.net\/portal\/wp-content\/uploads\/2026\/07\/DSC_0250-696x465.webp 696w, https:\/\/www.eldiario.net\/portal\/wp-content\/uploads\/2026\/07\/DSC_0250-1068x713.webp 1068w, https:\/\/www.eldiario.net\/portal\/wp-content\/uploads\/2026\/07\/DSC_0250.webp 1200w\" sizes=\"(max-width: 629px) 100vw, 629px\" alt=\"\">\r\n                            <\/a>\r\n                            <figcaption class = \"td-slide-caption td-gallery-slide-content\"><div class = \"td-gallery-slide-copywrite\">LA FRATERNIDAD LLAMERADA SAN ANDR\u00c9S DE LA UMSA DERROCHA ENTUSIASMO.<\/div><span>LA FRATERNIDAD LLAMERADA SAN ANDR\u00c9S DE LA UMSA DERROCHA ENTUSIASMO.<\/span><\/figcaption>\r\n                        <\/figure>\r\n                    <\/div>\r\n                    <div class = \"td-slide-item td-item13\">\r\n                        <figure class=\"td-slide-galery-figure td-slide-popup-gallery\">\r\n                            <a class=\"slide-gallery-image-link\" href=\"https:\/\/www.eldiario.net\/portal\/wp-content\/uploads\/2026\/07\/DSC_0252.webp\" title=\"DSC_0252\"  data-caption=\"LA LLAMERADA SAN ANDR\u00c9S DE LA UMSA RECIBEN UN RECONOCIMIENTO POR SU PARTICIPACI\u00d3N.\"  data-description=\"LA LLAMERADA SAN ANDR&Eacute;S DE LA UMSA RECIBEN UN RECONOCIMIENTO POR SU PARTICIPACI&Oacute;N.\">\r\n                                <img decoding=\"async\" src=\"https:\/\/www.eldiario.net\/portal\/wp-content\/uploads\/2026\/07\/DSC_0252-629x420.webp\" srcset=\"https:\/\/www.eldiario.net\/portal\/wp-content\/uploads\/2026\/07\/DSC_0252-629x420.webp 629w, https:\/\/www.eldiario.net\/portal\/wp-content\/uploads\/2026\/07\/DSC_0252-300x200.webp 300w, https:\/\/www.eldiario.net\/portal\/wp-content\/uploads\/2026\/07\/DSC_0252-1024x684.webp 1024w, https:\/\/www.eldiario.net\/portal\/wp-content\/uploads\/2026\/07\/DSC_0252-768x513.webp 768w, https:\/\/www.eldiario.net\/portal\/wp-content\/uploads\/2026\/07\/DSC_0252-150x100.webp 150w, https:\/\/www.eldiario.net\/portal\/wp-content\/uploads\/2026\/07\/DSC_0252-696x465.webp 696w, https:\/\/www.eldiario.net\/portal\/wp-content\/uploads\/2026\/07\/DSC_0252-1068x713.webp 1068w, https:\/\/www.eldiario.net\/portal\/wp-content\/uploads\/2026\/07\/DSC_0252.webp 1200w\" sizes=\"(max-width: 629px) 100vw, 629px\" alt=\"\">\r\n                            <\/a>\r\n                            <figcaption class = \"td-slide-caption td-gallery-slide-content\"><div class = \"td-gallery-slide-copywrite\">LA LLAMERADA SAN ANDR\u00c9S DE LA UMSA RECIBEN UN RECONOCIMIENTO POR SU PARTICIPACI\u00d3N.<\/div><span>LA LLAMERADA SAN ANDR\u00c9S DE LA UMSA RECIBEN UN RECONOCIMIENTO POR SU PARTICIPACI\u00d3N.<\/span><\/figcaption>\r\n                        <\/figure>\r\n                    <\/div>\r\n                    <div class = \"td-slide-item td-item14\">\r\n                        <figure class=\"td-slide-galery-figure td-slide-popup-gallery\">\r\n                            <a class=\"slide-gallery-image-link\" href=\"https:\/\/www.eldiario.net\/portal\/wp-content\/uploads\/2026\/07\/DSC_0298.webp\" title=\"DSC_0298\"  data-caption=\"LA AGRUPACI\u00d3N WARA SE LUCE CON LA\n INTERPRETACI\u00d3N DE SUS \u00c9XITOS.\"  data-description=\"LA AGRUPACI&Oacute;N WARA SE LUCE CON LA\n INTERPRETACI&Oacute;N DE SUS &Eacute;XITOS.\">\r\n                                <img decoding=\"async\" src=\"https:\/\/www.eldiario.net\/portal\/wp-content\/uploads\/2026\/07\/DSC_0298-629x420.webp\" srcset=\"https:\/\/www.eldiario.net\/portal\/wp-content\/uploads\/2026\/07\/DSC_0298-629x420.webp 629w, https:\/\/www.eldiario.net\/portal\/wp-content\/uploads\/2026\/07\/DSC_0298-300x200.webp 300w, https:\/\/www.eldiario.net\/portal\/wp-content\/uploads\/2026\/07\/DSC_0298-1024x684.webp 1024w, https:\/\/www.eldiario.net\/portal\/wp-content\/uploads\/2026\/07\/DSC_0298-768x513.webp 768w, https:\/\/www.eldiario.net\/portal\/wp-content\/uploads\/2026\/07\/DSC_0298-150x100.webp 150w, https:\/\/www.eldiario.net\/portal\/wp-content\/uploads\/2026\/07\/DSC_0298-696x465.webp 696w, https:\/\/www.eldiario.net\/portal\/wp-content\/uploads\/2026\/07\/DSC_0298-1068x713.webp 1068w, https:\/\/www.eldiario.net\/portal\/wp-content\/uploads\/2026\/07\/DSC_0298.webp 1200w\" sizes=\"(max-width: 629px) 100vw, 629px\" alt=\"\">\r\n                            <\/a>\r\n                            <figcaption class = \"td-slide-caption td-gallery-slide-content\"><div class = \"td-gallery-slide-copywrite\">LA AGRUPACI\u00d3N WARA SE LUCE CON LA\n INTERPRETACI\u00d3N DE SUS \u00c9XITOS.<\/div><span>LA AGRUPACI\u00d3N WARA SE LUCE CON LA\n INTERPRETACI\u00d3N DE SUS \u00c9XITOS.<\/span><\/figcaption>\r\n                        <\/figure>\r\n                    <\/div>\r\n                    <div class = \"td-slide-item td-item15\">\r\n                        <figure class=\"td-slide-galery-figure td-slide-popup-gallery\">\r\n                            <a class=\"slide-gallery-image-link\" href=\"https:\/\/www.eldiario.net\/portal\/wp-content\/uploads\/2026\/07\/DSC_0324.webp\" title=\"DSC_0324\"  data-caption=\"EL DIRECTORIO DE LA AGRUPACI\u00d3N FEMENINA DE AMIGOS DE LA CIUDAD CELEBRA LOS 42 A\u00d1OS DEL CONJUNTO LOS CHEVER\u00c9\"  data-description=\"EL DIRECTORIO DE LA AGRUPACI&Oacute;N FEMENINA DE AMIGOS DE LA CIUDAD CELEBRA LOS 42 A&Ntilde;OS DEL CONJUNTO LOS CHEVER&Eacute;\">\r\n                                <img decoding=\"async\" src=\"https:\/\/www.eldiario.net\/portal\/wp-content\/uploads\/2026\/07\/DSC_0324-629x420.webp\" srcset=\"https:\/\/www.eldiario.net\/portal\/wp-content\/uploads\/2026\/07\/DSC_0324-629x420.webp 629w, https:\/\/www.eldiario.net\/portal\/wp-content\/uploads\/2026\/07\/DSC_0324-300x200.webp 300w, https:\/\/www.eldiario.net\/portal\/wp-content\/uploads\/2026\/07\/DSC_0324-1024x684.webp 1024w, https:\/\/www.eldiario.net\/portal\/wp-content\/uploads\/2026\/07\/DSC_0324-768x513.webp 768w, https:\/\/www.eldiario.net\/portal\/wp-content\/uploads\/2026\/07\/DSC_0324-150x100.webp 150w, https:\/\/www.eldiario.net\/portal\/wp-content\/uploads\/2026\/07\/DSC_0324-696x465.webp 696w, https:\/\/www.eldiario.net\/portal\/wp-content\/uploads\/2026\/07\/DSC_0324-1068x713.webp 1068w, https:\/\/www.eldiario.net\/portal\/wp-content\/uploads\/2026\/07\/DSC_0324.webp 1200w\" sizes=\"(max-width: 629px) 100vw, 629px\" alt=\"\">\r\n                            <\/a>\r\n                            <figcaption class = \"td-slide-caption td-gallery-slide-content\"><div class = \"td-gallery-slide-copywrite\">EL DIRECTORIO DE LA AGRUPACI\u00d3N FEMENINA DE AMIGOS DE LA CIUDAD CELEBRA LOS 42 A\u00d1OS DEL CONJUNTO LOS CHEVER\u00c9<\/div><span>EL DIRECTORIO DE LA AGRUPACI\u00d3N FEMENINA DE AMIGOS DE LA CIUDAD CELEBRA LOS 42 A\u00d1OS DEL CONJUNTO LOS CHEVER\u00c9<\/span><\/figcaption>\r\n                        <\/figure>\r\n                    <\/div>\r\n                            <\/div>\r\n                        <\/div>\r\n\r\n                        <div class = \"td-doubleSlider-2\">\r\n                            <div class = \"td-slider\">\r\n                                \r\n                    <div class = \"td-button td-item1\">\r\n                        <div class = \"td-border\"><\/div>\r\n                    <\/div>\r\n                    <div class = \"td-button td-item2\">\r\n                        <div class = \"td-border\"><\/div>\r\n                    <\/div>\r\n                    <div class = \"td-button td-item3\">\r\n                        <div class = \"td-border\"><\/div>\r\n                    <\/div>\r\n                    <div class = \"td-button td-item4\">\r\n                        <div class = \"td-border\"><\/div>\r\n                    <\/div>\r\n                    <div class = \"td-button td-item5\">\r\n                        <div class = \"td-border\"><\/div>\r\n                    <\/div>\r\n                    <div class = \"td-button td-item6\">\r\n                        <div class = \"td-border\"><\/div>\r\n                    <\/div>\r\n                    <div class = \"td-button td-item7\">\r\n                        <div class = \"td-border\"><\/div>\r\n                    <\/div>\r\n                    <div class = \"td-button td-item8\">\r\n                        <div class = \"td-border\"><\/div>\r\n                    <\/div>\r\n                    <div class = \"td-button td-item9\">\r\n                        <div class = \"td-border\"><\/div>\r\n                    <\/div>\r\n                    <div class = \"td-button td-item10\">\r\n                        <div class = \"td-border\"><\/div>\r\n                    <\/div>\r\n                    <div class = \"td-button td-item11\">\r\n                        <div class = \"td-border\"><\/div>\r\n                    <\/div>\r\n                    <div class = \"td-button td-item12\">\r\n                        <div class = \"td-border\"><\/div>\r\n                    <\/div>\r\n                    <div class = \"td-button td-item13\">\r\n                        <div class = \"td-border\"><\/div>\r\n                    <\/div>\r\n                    <div class = \"td-button td-item14\">\r\n                        <div class = \"td-border\"><\/div>\r\n                    <\/div>\r\n                    <div class = \"td-button td-item15\">\r\n                        <div class = \"td-border\"><\/div>\r\n                    <\/div>\r\n                            <\/div>\r\n                        <\/div>\r\n\r\n                    <\/div>\r\n\r\n                <\/div>\r\n                \n","protected":false},"excerpt":{"rendered":"<p>La Agrupaci\u00f3n Femenina de Amigos de la Ciudad organiz\u00f3 su tradicional acto c\u00edvico, cultural y literario en el Teatro Municipal Alberto Saavedra P\u00e9rez, con motivo de conmemorar el 217 aniversario de la Gesta Libertaria del 16 de Julio de 1809. Al encuentro asistieron autoridades locales, representantes del \u00e1mbito acad\u00e9mico e invitados especiales. La apertura del [&hellip;]<\/p>\n","protected":false},"author":1,"featured_media":414834,"comment_status":"closed","ping_status":"open","sticky":false,"template":"","format":"standard","meta":{"_acf_changed":false,"footnotes":""},"categories":[40],"tags":[],"class_list":["post-414832","post","type-post","status-publish","format-standard","has-post-thumbnail","category-sociales"],"acf":{"antetitulo":""},"yoast_head":"<!-- This site is optimized with the Yoast SEO plugin v28.4 - https:\/\/yoast.com\/product\/yoast-seo-wordpress\/ -->\n<title>Agrupaci\u00f3n Femenina de Amigos de  la Ciudad rinde homenaje a La Paz - El Diario - Bolivia<\/title>\n<meta name=\"robots\" content=\"index, follow, max-snippet:-1, max-image-preview:large, max-video-preview:-1\" \/>\n<link rel=\"canonical\" href=\"https:\/\/www.eldiario.net\/portal\/2026\/07\/22\/agrupacion-femenina-de-amigos-de-la-ciudad-rinde-homenaje-a-la-paz\/\" \/>\n<meta property=\"og:locale\" content=\"es_ES\" \/>\n<meta property=\"og:type\" content=\"article\" \/>\n<meta property=\"og:title\" content=\"Agrupaci\u00f3n Femenina de Amigos de  la Ciudad rinde homenaje a La Paz - El Diario - Bolivia\" \/>\n<meta property=\"og:description\" content=\"La Agrupaci\u00f3n Femenina de Amigos de la Ciudad organiz\u00f3 su tradicional acto c\u00edvico, cultural y literario en el Teatro Municipal Alberto Saavedra P\u00e9rez, con motivo de conmemorar el 217 aniversario de la Gesta Libertaria del 16 de Julio de 1809. Al encuentro asistieron autoridades locales, representantes del \u00e1mbito acad\u00e9mico e invitados especiales. La apertura del [&hellip;]\" \/>\n<meta property=\"og:url\" content=\"https:\/\/www.eldiario.net\/portal\/2026\/07\/22\/agrupacion-femenina-de-amigos-de-la-ciudad-rinde-homenaje-a-la-paz\/\" \/>\n<meta property=\"og:site_name\" content=\"El Diario - Bolivia\" \/>\n<meta property=\"article:publisher\" content=\"https:\/\/www.facebook.com\/eldiario.bolivia\/\" \/>\n<meta property=\"article:published_time\" content=\"2026-07-22T11:19:13+00:00\" \/>\n<meta property=\"og:image\" content=\"https:\/\/www.eldiario.net\/portal\/wp-content\/uploads\/2026\/07\/DSC_0147.webp\" \/>\n\t<meta property=\"og:image:width\" content=\"1200\" \/>\n\t<meta property=\"og:image:height\" content=\"801\" \/>\n\t<meta property=\"og:image:type\" content=\"image\/webp\" \/>\n<meta name=\"author\" content=\"Jeanette\" \/>\n<meta name=\"twitter:card\" content=\"summary_large_image\" \/>\n<meta name=\"twitter:creator\" content=\"@eldiario_net\" \/>\n<meta name=\"twitter:site\" content=\"@eldiario_net\" \/>\n<meta name=\"twitter:label1\" content=\"Escrito por\" \/>\n\t<meta name=\"twitter:data1\" content=\"Jeanette\" \/>\n\t<meta name=\"twitter:label2\" content=\"Tiempo de lectura\" \/>\n\t<meta name=\"twitter:data2\" content=\"2 minutos\" \/>\n<script type=\"application\/ld+json\" class=\"yoast-schema-graph\">{\"@context\":\"https:\\\/\\\/schema.org\",\"@graph\":[{\"@type\":\"Article\",\"@id\":\"https:\\\/\\\/www.eldiario.net\\\/portal\\\/2026\\\/07\\\/22\\\/agrupacion-femenina-de-amigos-de-la-ciudad-rinde-homenaje-a-la-paz\\\/#article\",\"isPartOf\":{\"@id\":\"https:\\\/\\\/www.eldiario.net\\\/portal\\\/2026\\\/07\\\/22\\\/agrupacion-femenina-de-amigos-de-la-ciudad-rinde-homenaje-a-la-paz\\\/\"},\"author\":{\"name\":\"Jeanette\",\"@id\":\"https:\\\/\\\/www.eldiario.net\\\/portal\\\/#\\\/schema\\\/person\\\/2c57cf2b7a7ae032e449e4c9b1019eac\"},\"headline\":\"Agrupaci\u00f3n Femenina de Amigos de la Ciudad rinde homenaje a La Paz\",\"datePublished\":\"2026-07-22T11:19:13+00:00\",\"mainEntityOfPage\":{\"@id\":\"https:\\\/\\\/www.eldiario.net\\\/portal\\\/2026\\\/07\\\/22\\\/agrupacion-femenina-de-amigos-de-la-ciudad-rinde-homenaje-a-la-paz\\\/\"},\"wordCount\":377,\"publisher\":{\"@id\":\"https:\\\/\\\/www.eldiario.net\\\/portal\\\/#organization\"},\"image\":{\"@id\":\"https:\\\/\\\/www.eldiario.net\\\/portal\\\/2026\\\/07\\\/22\\\/agrupacion-femenina-de-amigos-de-la-ciudad-rinde-homenaje-a-la-paz\\\/#primaryimage\"},\"thumbnailUrl\":\"https:\\\/\\\/www.eldiario.net\\\/portal\\\/wp-content\\\/uploads\\\/2026\\\/07\\\/DSC_0147.webp\",\"articleSection\":[\"Sociales\"],\"inLanguage\":\"es\"},{\"@type\":\"WebPage\",\"@id\":\"https:\\\/\\\/www.eldiario.net\\\/portal\\\/2026\\\/07\\\/22\\\/agrupacion-femenina-de-amigos-de-la-ciudad-rinde-homenaje-a-la-paz\\\/\",\"url\":\"https:\\\/\\\/www.eldiario.net\\\/portal\\\/2026\\\/07\\\/22\\\/agrupacion-femenina-de-amigos-de-la-ciudad-rinde-homenaje-a-la-paz\\\/\",\"name\":\"Agrupaci\u00f3n Femenina de Amigos de la Ciudad rinde homenaje a La Paz - El Diario - Bolivia\",\"isPartOf\":{\"@id\":\"https:\\\/\\\/www.eldiario.net\\\/portal\\\/#website\"},\"primaryImageOfPage\":{\"@id\":\"https:\\\/\\\/www.eldiario.net\\\/portal\\\/2026\\\/07\\\/22\\\/agrupacion-femenina-de-amigos-de-la-ciudad-rinde-homenaje-a-la-paz\\\/#primaryimage\"},\"image\":{\"@id\":\"https:\\\/\\\/www.eldiario.net\\\/portal\\\/2026\\\/07\\\/22\\\/agrupacion-femenina-de-amigos-de-la-ciudad-rinde-homenaje-a-la-paz\\\/#primaryimage\"},\"thumbnailUrl\":\"https:\\\/\\\/www.eldiario.net\\\/portal\\\/wp-content\\\/uploads\\\/2026\\\/07\\\/DSC_0147.webp\",\"datePublished\":\"2026-07-22T11:19:13+00:00\",\"breadcrumb\":{\"@id\":\"https:\\\/\\\/www.eldiario.net\\\/portal\\\/2026\\\/07\\\/22\\\/agrupacion-femenina-de-amigos-de-la-ciudad-rinde-homenaje-a-la-paz\\\/#breadcrumb\"},\"inLanguage\":\"es\",\"potentialAction\":[{\"@type\":\"ReadAction\",\"target\":[\"https:\\\/\\\/www.eldiario.net\\\/portal\\\/2026\\\/07\\\/22\\\/agrupacion-femenina-de-amigos-de-la-ciudad-rinde-homenaje-a-la-paz\\\/\"]}]},{\"@type\":\"ImageObject\",\"inLanguage\":\"es\",\"@id\":\"https:\\\/\\\/www.eldiario.net\\\/portal\\\/2026\\\/07\\\/22\\\/agrupacion-femenina-de-amigos-de-la-ciudad-rinde-homenaje-a-la-paz\\\/#primaryimage\",\"url\":\"https:\\\/\\\/www.eldiario.net\\\/portal\\\/wp-content\\\/uploads\\\/2026\\\/07\\\/DSC_0147.webp\",\"contentUrl\":\"https:\\\/\\\/www.eldiario.net\\\/portal\\\/wp-content\\\/uploads\\\/2026\\\/07\\\/DSC_0147.webp\",\"width\":1200,\"height\":801,\"caption\":\"MAGALY MARIACA, SECRETARIA GENERAL; DELIA CONTRERAS, VICEPRESIDENTA, E IRENE DEL CARMEN BALL\u00d3N, PRESIDENTA DE LA AGRUPACI\u00d3N FEMENINA DE AMIGOS DE LA CIUDAD, RESPECTIVAMENTE, JUNTO A MIRYAM AGUILAR, CONCEJAL DE LA PAZ.\"},{\"@type\":\"BreadcrumbList\",\"@id\":\"https:\\\/\\\/www.eldiario.net\\\/portal\\\/2026\\\/07\\\/22\\\/agrupacion-femenina-de-amigos-de-la-ciudad-rinde-homenaje-a-la-paz\\\/#breadcrumb\",\"itemListElement\":[{\"@type\":\"ListItem\",\"position\":1,\"name\":\"Portada\",\"item\":\"https:\\\/\\\/www.eldiario.net\\\/portal\\\/\"},{\"@type\":\"ListItem\",\"position\":2,\"name\":\"Agrupaci\u00f3n Femenina de Amigos de la Ciudad rinde homenaje a La Paz\"}]},{\"@type\":\"WebSite\",\"@id\":\"https:\\\/\\\/www.eldiario.net\\\/portal\\\/#website\",\"url\":\"https:\\\/\\\/www.eldiario.net\\\/portal\\\/\",\"name\":\"El Diario - Decano de la prensa nacional\",\"description\":\"El Diario - Decano de la prensa nacional\",\"publisher\":{\"@id\":\"https:\\\/\\\/www.eldiario.net\\\/portal\\\/#organization\"},\"potentialAction\":[{\"@type\":\"SearchAction\",\"target\":{\"@type\":\"EntryPoint\",\"urlTemplate\":\"https:\\\/\\\/www.eldiario.net\\\/portal\\\/?s={search_term_string}\"},\"query-input\":{\"@type\":\"PropertyValueSpecification\",\"valueRequired\":true,\"valueName\":\"search_term_string\"}}],\"inLanguage\":\"es\"},{\"@type\":\"Organization\",\"@id\":\"https:\\\/\\\/www.eldiario.net\\\/portal\\\/#organization\",\"name\":\"El Diario - Decano de la prensa nacional\",\"url\":\"https:\\\/\\\/www.eldiario.net\\\/portal\\\/\",\"logo\":{\"@type\":\"ImageObject\",\"inLanguage\":\"es\",\"@id\":\"https:\\\/\\\/www.eldiario.net\\\/portal\\\/#\\\/schema\\\/logo\\\/image\\\/\",\"url\":\"https:\\\/\\\/www.eldiario.net\\\/portal\\\/wp-content\\\/uploads\\\/2023\\\/07\\\/logo_ED.jpg\",\"contentUrl\":\"https:\\\/\\\/www.eldiario.net\\\/portal\\\/wp-content\\\/uploads\\\/2023\\\/07\\\/logo_ED.jpg\",\"width\":272,\"height\":52,\"caption\":\"El Diario - Decano de la prensa nacional\"},\"image\":{\"@id\":\"https:\\\/\\\/www.eldiario.net\\\/portal\\\/#\\\/schema\\\/logo\\\/image\\\/\"},\"sameAs\":[\"https:\\\/\\\/www.facebook.com\\\/eldiario.bolivia\\\/\",\"https:\\\/\\\/x.com\\\/eldiario_net\"]},{\"@type\":\"Person\",\"@id\":\"https:\\\/\\\/www.eldiario.net\\\/portal\\\/#\\\/schema\\\/person\\\/2c57cf2b7a7ae032e449e4c9b1019eac\",\"name\":\"Jeanette\",\"image\":{\"@type\":\"ImageObject\",\"inLanguage\":\"es\",\"@id\":\"https:\\\/\\\/secure.gravatar.com\\\/avatar\\\/3ea2118a5f7dad2b7138b1187a6b7ee55f160b9968b66013c3a3ef39dd7e5798?s=96&d=mm&r=g\",\"url\":\"https:\\\/\\\/secure.gravatar.com\\\/avatar\\\/3ea2118a5f7dad2b7138b1187a6b7ee55f160b9968b66013c3a3ef39dd7e5798?s=96&d=mm&r=g\",\"contentUrl\":\"https:\\\/\\\/secure.gravatar.com\\\/avatar\\\/3ea2118a5f7dad2b7138b1187a6b7ee55f160b9968b66013c3a3ef39dd7e5798?s=96&d=mm&r=g\",\"caption\":\"Jeanette\"},\"sameAs\":[\"https:\\\/\\\/www.eldiario.net\\\/portal\"],\"url\":\"https:\\\/\\\/www.eldiario.net\\\/portal\\\/author\\\/jeanette\\\/\"}]}<\/script>\n<!-- \/ Yoast SEO plugin. -->","yoast_head_json":{"title":"Agrupaci\u00f3n Femenina de Amigos de  la Ciudad rinde homenaje a La Paz - El Diario - Bolivia","robots":{"index":"index","follow":"follow","max-snippet":"max-snippet:-1","max-image-preview":"max-image-preview:large","max-video-preview":"max-video-preview:-1"},"canonical":"https:\/\/www.eldiario.net\/portal\/2026\/07\/22\/agrupacion-femenina-de-amigos-de-la-ciudad-rinde-homenaje-a-la-paz\/","og_locale":"es_ES","og_type":"article","og_title":"Agrupaci\u00f3n Femenina de Amigos de  la Ciudad rinde homenaje a La Paz - El Diario - Bolivia","og_description":"La Agrupaci\u00f3n Femenina de Amigos de la Ciudad organiz\u00f3 su tradicional acto c\u00edvico, cultural y literario en el Teatro Municipal Alberto Saavedra P\u00e9rez, con motivo de conmemorar el 217 aniversario de la Gesta Libertaria del 16 de Julio de 1809. Al encuentro asistieron autoridades locales, representantes del \u00e1mbito acad\u00e9mico e invitados especiales. La apertura del [&hellip;]","og_url":"https:\/\/www.eldiario.net\/portal\/2026\/07\/22\/agrupacion-femenina-de-amigos-de-la-ciudad-rinde-homenaje-a-la-paz\/","og_site_name":"El Diario - Bolivia","article_publisher":"https:\/\/www.facebook.com\/eldiario.bolivia\/","article_published_time":"2026-07-22T11:19:13+00:00","og_image":[{"width":1200,"height":801,"url":"https:\/\/www.eldiario.net\/portal\/wp-content\/uploads\/2026\/07\/DSC_0147.webp","type":"image\/webp"}],"author":"Jeanette","twitter_card":"summary_large_image","twitter_creator":"@eldiario_net","twitter_site":"@eldiario_net","twitter_misc":{"Escrito por":"Jeanette","Tiempo de lectura":"2 minutos"},"schema":{"@context":"https:\/\/schema.org","@graph":[{"@type":"Article","@id":"https:\/\/www.eldiario.net\/portal\/2026\/07\/22\/agrupacion-femenina-de-amigos-de-la-ciudad-rinde-homenaje-a-la-paz\/#article","isPartOf":{"@id":"https:\/\/www.eldiario.net\/portal\/2026\/07\/22\/agrupacion-femenina-de-amigos-de-la-ciudad-rinde-homenaje-a-la-paz\/"},"author":{"name":"Jeanette","@id":"https:\/\/www.eldiario.net\/portal\/#\/schema\/person\/2c57cf2b7a7ae032e449e4c9b1019eac"},"headline":"Agrupaci\u00f3n Femenina de Amigos de la Ciudad rinde homenaje a La Paz","datePublished":"2026-07-22T11:19:13+00:00","mainEntityOfPage":{"@id":"https:\/\/www.eldiario.net\/portal\/2026\/07\/22\/agrupacion-femenina-de-amigos-de-la-ciudad-rinde-homenaje-a-la-paz\/"},"wordCount":377,"publisher":{"@id":"https:\/\/www.eldiario.net\/portal\/#organization"},"image":{"@id":"https:\/\/www.eldiario.net\/portal\/2026\/07\/22\/agrupacion-femenina-de-amigos-de-la-ciudad-rinde-homenaje-a-la-paz\/#primaryimage"},"thumbnailUrl":"https:\/\/www.eldiario.net\/portal\/wp-content\/uploads\/2026\/07\/DSC_0147.webp","articleSection":["Sociales"],"inLanguage":"es"},{"@type":"WebPage","@id":"https:\/\/www.eldiario.net\/portal\/2026\/07\/22\/agrupacion-femenina-de-amigos-de-la-ciudad-rinde-homenaje-a-la-paz\/","url":"https:\/\/www.eldiario.net\/portal\/2026\/07\/22\/agrupacion-femenina-de-amigos-de-la-ciudad-rinde-homenaje-a-la-paz\/","name":"Agrupaci\u00f3n Femenina de Amigos de la Ciudad rinde homenaje a La Paz - El Diario - Bolivia","isPartOf":{"@id":"https:\/\/www.eldiario.net\/portal\/#website"},"primaryImageOfPage":{"@id":"https:\/\/www.eldiario.net\/portal\/2026\/07\/22\/agrupacion-femenina-de-amigos-de-la-ciudad-rinde-homenaje-a-la-paz\/#primaryimage"},"image":{"@id":"https:\/\/www.eldiario.net\/portal\/2026\/07\/22\/agrupacion-femenina-de-amigos-de-la-ciudad-rinde-homenaje-a-la-paz\/#primaryimage"},"thumbnailUrl":"https:\/\/www.eldiario.net\/portal\/wp-content\/uploads\/2026\/07\/DSC_0147.webp","datePublished":"2026-07-22T11:19:13+00:00","breadcrumb":{"@id":"https:\/\/www.eldiario.net\/portal\/2026\/07\/22\/agrupacion-femenina-de-amigos-de-la-ciudad-rinde-homenaje-a-la-paz\/#breadcrumb"},"inLanguage":"es","potentialAction":[{"@type":"ReadAction","target":["https:\/\/www.eldiario.net\/portal\/2026\/07\/22\/agrupacion-femenina-de-amigos-de-la-ciudad-rinde-homenaje-a-la-paz\/"]}]},{"@type":"ImageObject","inLanguage":"es","@id":"https:\/\/www.eldiario.net\/portal\/2026\/07\/22\/agrupacion-femenina-de-amigos-de-la-ciudad-rinde-homenaje-a-la-paz\/#primaryimage","url":"https:\/\/www.eldiario.net\/portal\/wp-content\/uploads\/2026\/07\/DSC_0147.webp","contentUrl":"https:\/\/www.eldiario.net\/portal\/wp-content\/uploads\/2026\/07\/DSC_0147.webp","width":1200,"height":801,"caption":"MAGALY MARIACA, SECRETARIA GENERAL; DELIA CONTRERAS, VICEPRESIDENTA, E IRENE DEL CARMEN BALL\u00d3N, PRESIDENTA DE LA AGRUPACI\u00d3N FEMENINA DE AMIGOS DE LA CIUDAD, RESPECTIVAMENTE, JUNTO A MIRYAM AGUILAR, CONCEJAL DE LA PAZ."},{"@type":"BreadcrumbList","@id":"https:\/\/www.eldiario.net\/portal\/2026\/07\/22\/agrupacion-femenina-de-amigos-de-la-ciudad-rinde-homenaje-a-la-paz\/#breadcrumb","itemListElement":[{"@type":"ListItem","position":1,"name":"Portada","item":"https:\/\/www.eldiario.net\/portal\/"},{"@type":"ListItem","position":2,"name":"Agrupaci\u00f3n Femenina de Amigos de la Ciudad rinde homenaje a La Paz"}]},{"@type":"WebSite","@id":"https:\/\/www.eldiario.net\/portal\/#website","url":"https:\/\/www.eldiario.net\/portal\/","name":"El Diario - Decano de la prensa nacional","description":"El Diario - Decano de la prensa nacional","publisher":{"@id":"https:\/\/www.eldiario.net\/portal\/#organization"},"potentialAction":[{"@type":"SearchAction","target":{"@type":"EntryPoint","urlTemplate":"https:\/\/www.eldiario.net\/portal\/?s={search_term_string}"},"query-input":{"@type":"PropertyValueSpecification","valueRequired":true,"valueName":"search_term_string"}}],"inLanguage":"es"},{"@type":"Organization","@id":"https:\/\/www.eldiario.net\/portal\/#organization","name":"El Diario - Decano de la prensa nacional","url":"https:\/\/www.eldiario.net\/portal\/","logo":{"@type":"ImageObject","inLanguage":"es","@id":"https:\/\/www.eldiario.net\/portal\/#\/schema\/logo\/image\/","url":"https:\/\/www.eldiario.net\/portal\/wp-content\/uploads\/2023\/07\/logo_ED.jpg","contentUrl":"https:\/\/www.eldiario.net\/portal\/wp-content\/uploads\/2023\/07\/logo_ED.jpg","width":272,"height":52,"caption":"El Diario - Decano de la prensa nacional"},"image":{"@id":"https:\/\/www.eldiario.net\/portal\/#\/schema\/logo\/image\/"},"sameAs":["https:\/\/www.facebook.com\/eldiario.bolivia\/","https:\/\/x.com\/eldiario_net"]},{"@type":"Person","@id":"https:\/\/www.eldiario.net\/portal\/#\/schema\/person\/2c57cf2b7a7ae032e449e4c9b1019eac","name":"Jeanette","image":{"@type":"ImageObject","inLanguage":"es","@id":"https:\/\/secure.gravatar.com\/avatar\/3ea2118a5f7dad2b7138b1187a6b7ee55f160b9968b66013c3a3ef39dd7e5798?s=96&d=mm&r=g","url":"https:\/\/secure.gravatar.com\/avatar\/3ea2118a5f7dad2b7138b1187a6b7ee55f160b9968b66013c3a3ef39dd7e5798?s=96&d=mm&r=g","contentUrl":"https:\/\/secure.gravatar.com\/avatar\/3ea2118a5f7dad2b7138b1187a6b7ee55f160b9968b66013c3a3ef39dd7e5798?s=96&d=mm&r=g","caption":"Jeanette"},"sameAs":["https:\/\/www.eldiario.net\/portal"],"url":"https:\/\/www.eldiario.net\/portal\/author\/jeanette\/"}]}},"_links":{"self":[{"href":"https:\/\/www.eldiario.net\/portal\/wp-json\/wp\/v2\/posts\/414832","targetHints":{"allow":["GET"]}}],"collection":[{"href":"https:\/\/www.eldiario.net\/portal\/wp-json\/wp\/v2\/posts"}],"about":[{"href":"https:\/\/www.eldiario.net\/portal\/wp-json\/wp\/v2\/types\/post"}],"author":[{"embeddable":true,"href":"https:\/\/www.eldiario.net\/portal\/wp-json\/wp\/v2\/users\/1"}],"replies":[{"embeddable":true,"href":"https:\/\/www.eldiario.net\/portal\/wp-json\/wp\/v2\/comments?post=414832"}],"version-history":[{"count":1,"href":"https:\/\/www.eldiario.net\/portal\/wp-json\/wp\/v2\/posts\/414832\/revisions"}],"predecessor-version":[{"id":414848,"href":"https:\/\/www.eldiario.net\/portal\/wp-json\/wp\/v2\/posts\/414832\/revisions\/414848"}],"wp:featuredmedia":[{"embeddable":true,"href":"https:\/\/www.eldiario.net\/portal\/wp-json\/wp\/v2\/media\/414834"}],"wp:attachment":[{"href":"https:\/\/www.eldiario.net\/portal\/wp-json\/wp\/v2\/media?parent=414832"}],"wp:term":[{"taxonomy":"category","embeddable":true,"href":"https:\/\/www.eldiario.net\/portal\/wp-json\/wp\/v2\/categories?post=414832"},{"taxonomy":"post_tag","embeddable":true,"href":"https:\/\/www.eldiario.net\/portal\/wp-json\/wp\/v2\/tags?post=414832"}],"curies":[{"name":"wp","href":"https:\/\/api.w.org\/{rel}","templated":true}]}}