{"id":414803,"date":"2026-07-22T07:04:52","date_gmt":"2026-07-22T11:04:52","guid":{"rendered":"https:\/\/www.eldiario.net\/portal\/?p=414803"},"modified":"2026-07-22T07:04:52","modified_gmt":"2026-07-22T11:04:52","slug":"impulsaran-a-bolivia-como-destino-gastronomico-de-latinoamerica","status":"publish","type":"post","link":"https:\/\/www.eldiario.net\/portal\/2026\/07\/22\/impulsaran-a-bolivia-como-destino-gastronomico-de-latinoamerica\/","title":{"rendered":"Impulsar\u00e1n a Bolivia como destino  gastron\u00f3mico de Latinoam\u00e9rica"},"content":{"rendered":"<p>Bolivia posee una de las despensas m\u00e1s biodiversas del mundo, una riqueza cultural \u00fanica y una nueva generaci\u00f3n de chefs que conquista el reconocimiento internacional. Sin embargo, el verdadero desaf\u00edo ya no es demostrar el talento de su cocina, sino convertir este potencial en una estrategia capaz de generar turismo, inversi\u00f3n, empleo y desarrollo para el pa\u00eds. Por ello, se pone en marcha la segunda edici\u00f3n de Quintaesencia &amp; Conversabor.<br \/>\nLa segunda edici\u00f3n reunir\u00e1 a referentes internacionales, academia, sector p\u00fablico y empresas privadas para consolidar una estrategia que proyecte a la gastronom\u00eda boliviana como un motor de turismo, desarrollo econ\u00f3mico e identidad cultural.<br \/>\nCon esa visi\u00f3n nace la segunda edici\u00f3n, una plataforma impulsada por Trendsetter Bolivia, dirigida por Claudia C\u00e1rdenas y Alejandro Prudencio, bajo la curadur\u00eda de Marsia Taha, reconocida como la Mejor Chef Femenina de Latinoam\u00e9rica 2024 y l\u00edder de Arami, distinguido como el Mejor Restaurante de Bolivia por The World&#8217;s 50 Best Restaurants.<br \/>\nLa agenda comenzar\u00e1 el 31 de julio con Conversabor, un espacio de formaci\u00f3n que reunir\u00e1 a m\u00e1s de 800 estudiantes, chefs y emprendedores alrededor de los principales desaf\u00edos que enfrenta hoy la industria gastron\u00f3mica. Durante la jornada, m\u00e1s de 25 expertos nacionales e internacionales abordar\u00e1n temas como innovaci\u00f3n, inteligencia artificial aplicada a la gastronom\u00eda, fermentaci\u00f3n como lenguaje culinario, territorio, sostenibilidad, cambio clim\u00e1tico, acceso a financiamiento, propiedad intelectual, seguros y marketing gastron\u00f3mico.<br \/>\nEl 1 de agosto, Quintaesencia reunir\u00e1 en Le D\u00f4me a los mejores restaurantes del pa\u00eds en una experiencia culinaria in\u00e9dita junto a dos de las figuras m\u00e1s influyentes de la gastronom\u00eda latinoamericana: los ecuatorianos Alejandro Chamorro, ganador del Estrella Damm Chefs&#8217; Choice Award 2025, reconocimiento otorgado por los propios chefs de Latinoam\u00e9rica y P\u00eda Salazar, distinguida como la Mejor Chef Pastelera del Mundo por The Best Chef Awards. Ambos lideran Nuema, considerado el mejor restaurante de Ecuador y uno de los diez mejores de Am\u00e9rica Latina.<br \/>\nJunto a ellos participar\u00e1n referentes de la cocina boliviana como Arami, Gustu, Phayawi, Ancestral, Ali Pacha, La Rufina, Manq&#8217;a, Casa Charo de Samaipata, Raffin\u00e9 e In\u00e9s Espa\u00f1a de Santa Cruz, adem\u00e1s de una categor\u00eda dedicada a impulsar el talento emergente con propuestas como Elementos (Cochabamba), Ayluri, La Garita, Mestizo, Sacha Yuntas, Duman y La Boliviana, reflejando la diversidad y el enorme potencial creativo que hoy vive la gastronom\u00eda nacional.<br \/>\nLa iniciativa cuenta con el respaldo del Ministerio de Turismo Sostenible, Culturas, Folklore y Gastronom\u00eda y el apoyo de Huari como presentador oficial, adem\u00e1s de Banco FIE, Alianza Seguros, VITA, Entel, BOA, PPO Indacochea, Bolivian Culinary Center de Unifranz, Le Dome, La Cascada, Delizia, Hotel MET y Swisscontact, consolidando una alianza p\u00fablico-privada que apuesta por fortalecer el ecosistema gastron\u00f3mico boliviano y proyectarlo internacionalmente.<\/p>\n","protected":false},"excerpt":{"rendered":"<p>Bolivia posee una de las despensas m\u00e1s biodiversas del mundo, una riqueza cultural \u00fanica y una nueva generaci\u00f3n de chefs que conquista el reconocimiento internacional. Sin embargo, el verdadero desaf\u00edo ya no es demostrar el talento de su cocina, sino convertir este potencial en una estrategia capaz de generar turismo, inversi\u00f3n, empleo y desarrollo para [&hellip;]<\/p>\n","protected":false},"author":1,"featured_media":414804,"comment_status":"closed","ping_status":"open","sticky":false,"template":"","format":"standard","meta":{"_acf_changed":false,"footnotes":""},"categories":[7],"tags":[],"class_list":["post-414803","post","type-post","status-publish","format-standard","has-post-thumbnail","category-economia"],"acf":{"antetitulo":""},"yoast_head":"<!-- This site is optimized with the Yoast SEO plugin v28.3 - https:\/\/yoast.com\/product\/yoast-seo-wordpress\/ -->\n<title>Impulsar\u00e1n a Bolivia como destino gastron\u00f3mico de Latinoam\u00e9rica - El Diario - Bolivia<\/title>\n<meta name=\"robots\" content=\"index, follow, max-snippet:-1, max-image-preview:large, max-video-preview:-1\" \/>\n<link rel=\"canonical\" href=\"https:\/\/www.eldiario.net\/portal\/2026\/07\/22\/impulsaran-a-bolivia-como-destino-gastronomico-de-latinoamerica\/\" \/>\n<meta property=\"og:locale\" content=\"es_ES\" \/>\n<meta property=\"og:type\" content=\"article\" \/>\n<meta property=\"og:title\" content=\"Impulsar\u00e1n a Bolivia como destino gastron\u00f3mico de Latinoam\u00e9rica - El Diario - Bolivia\" \/>\n<meta property=\"og:description\" content=\"Bolivia posee una de las despensas m\u00e1s biodiversas del mundo, una riqueza cultural \u00fanica y una nueva generaci\u00f3n de chefs que conquista el reconocimiento internacional. Sin embargo, el verdadero desaf\u00edo ya no es demostrar el talento de su cocina, sino convertir este potencial en una estrategia capaz de generar turismo, inversi\u00f3n, empleo y desarrollo para [&hellip;]\" \/>\n<meta property=\"og:url\" content=\"https:\/\/www.eldiario.net\/portal\/2026\/07\/22\/impulsaran-a-bolivia-como-destino-gastronomico-de-latinoamerica\/\" \/>\n<meta property=\"og:site_name\" content=\"El Diario - Bolivia\" \/>\n<meta property=\"article:publisher\" content=\"https:\/\/www.facebook.com\/eldiario.bolivia\/\" \/>\n<meta property=\"article:published_time\" content=\"2026-07-22T11:04:52+00:00\" \/>\n<meta property=\"og:image\" content=\"https:\/\/www.eldiario.net\/portal\/wp-content\/uploads\/2026\/07\/gastro.webp\" \/>\n\t<meta property=\"og:image:width\" content=\"1599\" \/>\n\t<meta property=\"og:image:height\" content=\"899\" \/>\n\t<meta property=\"og:image:type\" content=\"image\/webp\" \/>\n<meta name=\"author\" content=\"Jeanette\" \/>\n<meta name=\"twitter:card\" content=\"summary_large_image\" \/>\n<meta name=\"twitter:creator\" content=\"@eldiario_net\" \/>\n<meta name=\"twitter:site\" content=\"@eldiario_net\" \/>\n<meta name=\"twitter:label1\" content=\"Escrito por\" \/>\n\t<meta name=\"twitter:data1\" content=\"Jeanette\" \/>\n\t<meta name=\"twitter:label2\" content=\"Tiempo de lectura\" \/>\n\t<meta name=\"twitter:data2\" content=\"3 minutos\" \/>\n<script type=\"application\/ld+json\" class=\"yoast-schema-graph\">{\"@context\":\"https:\\\/\\\/schema.org\",\"@graph\":[{\"@type\":\"Article\",\"@id\":\"https:\\\/\\\/www.eldiario.net\\\/portal\\\/2026\\\/07\\\/22\\\/impulsaran-a-bolivia-como-destino-gastronomico-de-latinoamerica\\\/#article\",\"isPartOf\":{\"@id\":\"https:\\\/\\\/www.eldiario.net\\\/portal\\\/2026\\\/07\\\/22\\\/impulsaran-a-bolivia-como-destino-gastronomico-de-latinoamerica\\\/\"},\"author\":{\"name\":\"Jeanette\",\"@id\":\"https:\\\/\\\/www.eldiario.net\\\/portal\\\/#\\\/schema\\\/person\\\/f46445640444750d7d753ccd04ae01b7\"},\"headline\":\"Impulsar\u00e1n a Bolivia como destino gastron\u00f3mico de Latinoam\u00e9rica\",\"datePublished\":\"2026-07-22T11:04:52+00:00\",\"mainEntityOfPage\":{\"@id\":\"https:\\\/\\\/www.eldiario.net\\\/portal\\\/2026\\\/07\\\/22\\\/impulsaran-a-bolivia-como-destino-gastronomico-de-latinoamerica\\\/\"},\"wordCount\":495,\"publisher\":{\"@id\":\"https:\\\/\\\/www.eldiario.net\\\/portal\\\/#organization\"},\"image\":{\"@id\":\"https:\\\/\\\/www.eldiario.net\\\/portal\\\/2026\\\/07\\\/22\\\/impulsaran-a-bolivia-como-destino-gastronomico-de-latinoamerica\\\/#primaryimage\"},\"thumbnailUrl\":\"https:\\\/\\\/www.eldiario.net\\\/portal\\\/wp-content\\\/uploads\\\/2026\\\/07\\\/gastro.webp\",\"articleSection\":[\"Econom\u00eda\"],\"inLanguage\":\"es\"},{\"@type\":\"WebPage\",\"@id\":\"https:\\\/\\\/www.eldiario.net\\\/portal\\\/2026\\\/07\\\/22\\\/impulsaran-a-bolivia-como-destino-gastronomico-de-latinoamerica\\\/\",\"url\":\"https:\\\/\\\/www.eldiario.net\\\/portal\\\/2026\\\/07\\\/22\\\/impulsaran-a-bolivia-como-destino-gastronomico-de-latinoamerica\\\/\",\"name\":\"Impulsar\u00e1n a Bolivia como destino gastron\u00f3mico de Latinoam\u00e9rica - El Diario - Bolivia\",\"isPartOf\":{\"@id\":\"https:\\\/\\\/www.eldiario.net\\\/portal\\\/#website\"},\"primaryImageOfPage\":{\"@id\":\"https:\\\/\\\/www.eldiario.net\\\/portal\\\/2026\\\/07\\\/22\\\/impulsaran-a-bolivia-como-destino-gastronomico-de-latinoamerica\\\/#primaryimage\"},\"image\":{\"@id\":\"https:\\\/\\\/www.eldiario.net\\\/portal\\\/2026\\\/07\\\/22\\\/impulsaran-a-bolivia-como-destino-gastronomico-de-latinoamerica\\\/#primaryimage\"},\"thumbnailUrl\":\"https:\\\/\\\/www.eldiario.net\\\/portal\\\/wp-content\\\/uploads\\\/2026\\\/07\\\/gastro.webp\",\"datePublished\":\"2026-07-22T11:04:52+00:00\",\"breadcrumb\":{\"@id\":\"https:\\\/\\\/www.eldiario.net\\\/portal\\\/2026\\\/07\\\/22\\\/impulsaran-a-bolivia-como-destino-gastronomico-de-latinoamerica\\\/#breadcrumb\"},\"inLanguage\":\"es\",\"potentialAction\":[{\"@type\":\"ReadAction\",\"target\":[\"https:\\\/\\\/www.eldiario.net\\\/portal\\\/2026\\\/07\\\/22\\\/impulsaran-a-bolivia-como-destino-gastronomico-de-latinoamerica\\\/\"]}]},{\"@type\":\"ImageObject\",\"inLanguage\":\"es\",\"@id\":\"https:\\\/\\\/www.eldiario.net\\\/portal\\\/2026\\\/07\\\/22\\\/impulsaran-a-bolivia-como-destino-gastronomico-de-latinoamerica\\\/#primaryimage\",\"url\":\"https:\\\/\\\/www.eldiario.net\\\/portal\\\/wp-content\\\/uploads\\\/2026\\\/07\\\/gastro.webp\",\"contentUrl\":\"https:\\\/\\\/www.eldiario.net\\\/portal\\\/wp-content\\\/uploads\\\/2026\\\/07\\\/gastro.webp\",\"width\":1599,\"height\":899,\"caption\":\"La viceministra de Gastronom\u00eda, Sumaya Cecilia Prado.\"},{\"@type\":\"BreadcrumbList\",\"@id\":\"https:\\\/\\\/www.eldiario.net\\\/portal\\\/2026\\\/07\\\/22\\\/impulsaran-a-bolivia-como-destino-gastronomico-de-latinoamerica\\\/#breadcrumb\",\"itemListElement\":[{\"@type\":\"ListItem\",\"position\":1,\"name\":\"Portada\",\"item\":\"https:\\\/\\\/www.eldiario.net\\\/portal\\\/\"},{\"@type\":\"ListItem\",\"position\":2,\"name\":\"Impulsar\u00e1n a Bolivia como destino gastron\u00f3mico de Latinoam\u00e9rica\"}]},{\"@type\":\"WebSite\",\"@id\":\"https:\\\/\\\/www.eldiario.net\\\/portal\\\/#website\",\"url\":\"https:\\\/\\\/www.eldiario.net\\\/portal\\\/\",\"name\":\"El Diario - Decano de la prensa nacional\",\"description\":\"El Diario - Decano de la prensa nacional\",\"publisher\":{\"@id\":\"https:\\\/\\\/www.eldiario.net\\\/portal\\\/#organization\"},\"potentialAction\":[{\"@type\":\"SearchAction\",\"target\":{\"@type\":\"EntryPoint\",\"urlTemplate\":\"https:\\\/\\\/www.eldiario.net\\\/portal\\\/?s={search_term_string}\"},\"query-input\":{\"@type\":\"PropertyValueSpecification\",\"valueRequired\":true,\"valueName\":\"search_term_string\"}}],\"inLanguage\":\"es\"},{\"@type\":\"Organization\",\"@id\":\"https:\\\/\\\/www.eldiario.net\\\/portal\\\/#organization\",\"name\":\"El Diario - Decano de la prensa nacional\",\"url\":\"https:\\\/\\\/www.eldiario.net\\\/portal\\\/\",\"logo\":{\"@type\":\"ImageObject\",\"inLanguage\":\"es\",\"@id\":\"https:\\\/\\\/www.eldiario.net\\\/portal\\\/#\\\/schema\\\/logo\\\/image\\\/\",\"url\":\"https:\\\/\\\/www.eldiario.net\\\/portal\\\/wp-content\\\/uploads\\\/2023\\\/07\\\/logo_ED.jpg\",\"contentUrl\":\"https:\\\/\\\/www.eldiario.net\\\/portal\\\/wp-content\\\/uploads\\\/2023\\\/07\\\/logo_ED.jpg\",\"width\":272,\"height\":52,\"caption\":\"El Diario - Decano de la prensa nacional\"},\"image\":{\"@id\":\"https:\\\/\\\/www.eldiario.net\\\/portal\\\/#\\\/schema\\\/logo\\\/image\\\/\"},\"sameAs\":[\"https:\\\/\\\/www.facebook.com\\\/eldiario.bolivia\\\/\",\"https:\\\/\\\/x.com\\\/eldiario_net\"]},{\"@type\":\"Person\",\"@id\":\"https:\\\/\\\/www.eldiario.net\\\/portal\\\/#\\\/schema\\\/person\\\/f46445640444750d7d753ccd04ae01b7\",\"name\":\"Jeanette\",\"image\":{\"@type\":\"ImageObject\",\"inLanguage\":\"es\",\"@id\":\"https:\\\/\\\/secure.gravatar.com\\\/avatar\\\/3ea2118a5f7dad2b7138b1187a6b7ee55f160b9968b66013c3a3ef39dd7e5798?s=96&d=mm&r=g\",\"url\":\"https:\\\/\\\/secure.gravatar.com\\\/avatar\\\/3ea2118a5f7dad2b7138b1187a6b7ee55f160b9968b66013c3a3ef39dd7e5798?s=96&d=mm&r=g\",\"contentUrl\":\"https:\\\/\\\/secure.gravatar.com\\\/avatar\\\/3ea2118a5f7dad2b7138b1187a6b7ee55f160b9968b66013c3a3ef39dd7e5798?s=96&d=mm&r=g\",\"caption\":\"Jeanette\"},\"sameAs\":[\"https:\\\/\\\/www.eldiario.net\\\/portal\"],\"url\":\"https:\\\/\\\/www.eldiario.net\\\/portal\\\/author\\\/jeanette\\\/\"}]}<\/script>\n<!-- \/ Yoast SEO plugin. -->","yoast_head_json":{"title":"Impulsar\u00e1n a Bolivia como destino gastron\u00f3mico de Latinoam\u00e9rica - El Diario - Bolivia","robots":{"index":"index","follow":"follow","max-snippet":"max-snippet:-1","max-image-preview":"max-image-preview:large","max-video-preview":"max-video-preview:-1"},"canonical":"https:\/\/www.eldiario.net\/portal\/2026\/07\/22\/impulsaran-a-bolivia-como-destino-gastronomico-de-latinoamerica\/","og_locale":"es_ES","og_type":"article","og_title":"Impulsar\u00e1n a Bolivia como destino gastron\u00f3mico de Latinoam\u00e9rica - El Diario - Bolivia","og_description":"Bolivia posee una de las despensas m\u00e1s biodiversas del mundo, una riqueza cultural \u00fanica y una nueva generaci\u00f3n de chefs que conquista el reconocimiento internacional. Sin embargo, el verdadero desaf\u00edo ya no es demostrar el talento de su cocina, sino convertir este potencial en una estrategia capaz de generar turismo, inversi\u00f3n, empleo y desarrollo para [&hellip;]","og_url":"https:\/\/www.eldiario.net\/portal\/2026\/07\/22\/impulsaran-a-bolivia-como-destino-gastronomico-de-latinoamerica\/","og_site_name":"El Diario - Bolivia","article_publisher":"https:\/\/www.facebook.com\/eldiario.bolivia\/","article_published_time":"2026-07-22T11:04:52+00:00","og_image":[{"width":1599,"height":899,"url":"https:\/\/www.eldiario.net\/portal\/wp-content\/uploads\/2026\/07\/gastro.webp","type":"image\/webp"}],"author":"Jeanette","twitter_card":"summary_large_image","twitter_creator":"@eldiario_net","twitter_site":"@eldiario_net","twitter_misc":{"Escrito por":"Jeanette","Tiempo de lectura":"3 minutos"},"schema":{"@context":"https:\/\/schema.org","@graph":[{"@type":"Article","@id":"https:\/\/www.eldiario.net\/portal\/2026\/07\/22\/impulsaran-a-bolivia-como-destino-gastronomico-de-latinoamerica\/#article","isPartOf":{"@id":"https:\/\/www.eldiario.net\/portal\/2026\/07\/22\/impulsaran-a-bolivia-como-destino-gastronomico-de-latinoamerica\/"},"author":{"name":"Jeanette","@id":"https:\/\/www.eldiario.net\/portal\/#\/schema\/person\/f46445640444750d7d753ccd04ae01b7"},"headline":"Impulsar\u00e1n a Bolivia como destino gastron\u00f3mico de Latinoam\u00e9rica","datePublished":"2026-07-22T11:04:52+00:00","mainEntityOfPage":{"@id":"https:\/\/www.eldiario.net\/portal\/2026\/07\/22\/impulsaran-a-bolivia-como-destino-gastronomico-de-latinoamerica\/"},"wordCount":495,"publisher":{"@id":"https:\/\/www.eldiario.net\/portal\/#organization"},"image":{"@id":"https:\/\/www.eldiario.net\/portal\/2026\/07\/22\/impulsaran-a-bolivia-como-destino-gastronomico-de-latinoamerica\/#primaryimage"},"thumbnailUrl":"https:\/\/www.eldiario.net\/portal\/wp-content\/uploads\/2026\/07\/gastro.webp","articleSection":["Econom\u00eda"],"inLanguage":"es"},{"@type":"WebPage","@id":"https:\/\/www.eldiario.net\/portal\/2026\/07\/22\/impulsaran-a-bolivia-como-destino-gastronomico-de-latinoamerica\/","url":"https:\/\/www.eldiario.net\/portal\/2026\/07\/22\/impulsaran-a-bolivia-como-destino-gastronomico-de-latinoamerica\/","name":"Impulsar\u00e1n a Bolivia como destino gastron\u00f3mico de Latinoam\u00e9rica - El Diario - Bolivia","isPartOf":{"@id":"https:\/\/www.eldiario.net\/portal\/#website"},"primaryImageOfPage":{"@id":"https:\/\/www.eldiario.net\/portal\/2026\/07\/22\/impulsaran-a-bolivia-como-destino-gastronomico-de-latinoamerica\/#primaryimage"},"image":{"@id":"https:\/\/www.eldiario.net\/portal\/2026\/07\/22\/impulsaran-a-bolivia-como-destino-gastronomico-de-latinoamerica\/#primaryimage"},"thumbnailUrl":"https:\/\/www.eldiario.net\/portal\/wp-content\/uploads\/2026\/07\/gastro.webp","datePublished":"2026-07-22T11:04:52+00:00","breadcrumb":{"@id":"https:\/\/www.eldiario.net\/portal\/2026\/07\/22\/impulsaran-a-bolivia-como-destino-gastronomico-de-latinoamerica\/#breadcrumb"},"inLanguage":"es","potentialAction":[{"@type":"ReadAction","target":["https:\/\/www.eldiario.net\/portal\/2026\/07\/22\/impulsaran-a-bolivia-como-destino-gastronomico-de-latinoamerica\/"]}]},{"@type":"ImageObject","inLanguage":"es","@id":"https:\/\/www.eldiario.net\/portal\/2026\/07\/22\/impulsaran-a-bolivia-como-destino-gastronomico-de-latinoamerica\/#primaryimage","url":"https:\/\/www.eldiario.net\/portal\/wp-content\/uploads\/2026\/07\/gastro.webp","contentUrl":"https:\/\/www.eldiario.net\/portal\/wp-content\/uploads\/2026\/07\/gastro.webp","width":1599,"height":899,"caption":"La viceministra de Gastronom\u00eda, Sumaya Cecilia Prado."},{"@type":"BreadcrumbList","@id":"https:\/\/www.eldiario.net\/portal\/2026\/07\/22\/impulsaran-a-bolivia-como-destino-gastronomico-de-latinoamerica\/#breadcrumb","itemListElement":[{"@type":"ListItem","position":1,"name":"Portada","item":"https:\/\/www.eldiario.net\/portal\/"},{"@type":"ListItem","position":2,"name":"Impulsar\u00e1n a Bolivia como destino gastron\u00f3mico de Latinoam\u00e9rica"}]},{"@type":"WebSite","@id":"https:\/\/www.eldiario.net\/portal\/#website","url":"https:\/\/www.eldiario.net\/portal\/","name":"El Diario - Decano de la prensa nacional","description":"El Diario - Decano de la prensa nacional","publisher":{"@id":"https:\/\/www.eldiario.net\/portal\/#organization"},"potentialAction":[{"@type":"SearchAction","target":{"@type":"EntryPoint","urlTemplate":"https:\/\/www.eldiario.net\/portal\/?s={search_term_string}"},"query-input":{"@type":"PropertyValueSpecification","valueRequired":true,"valueName":"search_term_string"}}],"inLanguage":"es"},{"@type":"Organization","@id":"https:\/\/www.eldiario.net\/portal\/#organization","name":"El Diario - Decano de la prensa nacional","url":"https:\/\/www.eldiario.net\/portal\/","logo":{"@type":"ImageObject","inLanguage":"es","@id":"https:\/\/www.eldiario.net\/portal\/#\/schema\/logo\/image\/","url":"https:\/\/www.eldiario.net\/portal\/wp-content\/uploads\/2023\/07\/logo_ED.jpg","contentUrl":"https:\/\/www.eldiario.net\/portal\/wp-content\/uploads\/2023\/07\/logo_ED.jpg","width":272,"height":52,"caption":"El Diario - Decano de la prensa nacional"},"image":{"@id":"https:\/\/www.eldiario.net\/portal\/#\/schema\/logo\/image\/"},"sameAs":["https:\/\/www.facebook.com\/eldiario.bolivia\/","https:\/\/x.com\/eldiario_net"]},{"@type":"Person","@id":"https:\/\/www.eldiario.net\/portal\/#\/schema\/person\/f46445640444750d7d753ccd04ae01b7","name":"Jeanette","image":{"@type":"ImageObject","inLanguage":"es","@id":"https:\/\/secure.gravatar.com\/avatar\/3ea2118a5f7dad2b7138b1187a6b7ee55f160b9968b66013c3a3ef39dd7e5798?s=96&d=mm&r=g","url":"https:\/\/secure.gravatar.com\/avatar\/3ea2118a5f7dad2b7138b1187a6b7ee55f160b9968b66013c3a3ef39dd7e5798?s=96&d=mm&r=g","contentUrl":"https:\/\/secure.gravatar.com\/avatar\/3ea2118a5f7dad2b7138b1187a6b7ee55f160b9968b66013c3a3ef39dd7e5798?s=96&d=mm&r=g","caption":"Jeanette"},"sameAs":["https:\/\/www.eldiario.net\/portal"],"url":"https:\/\/www.eldiario.net\/portal\/author\/jeanette\/"}]}},"_links":{"self":[{"href":"https:\/\/www.eldiario.net\/portal\/wp-json\/wp\/v2\/posts\/414803","targetHints":{"allow":["GET"]}}],"collection":[{"href":"https:\/\/www.eldiario.net\/portal\/wp-json\/wp\/v2\/posts"}],"about":[{"href":"https:\/\/www.eldiario.net\/portal\/wp-json\/wp\/v2\/types\/post"}],"author":[{"embeddable":true,"href":"https:\/\/www.eldiario.net\/portal\/wp-json\/wp\/v2\/users\/1"}],"replies":[{"embeddable":true,"href":"https:\/\/www.eldiario.net\/portal\/wp-json\/wp\/v2\/comments?post=414803"}],"version-history":[{"count":1,"href":"https:\/\/www.eldiario.net\/portal\/wp-json\/wp\/v2\/posts\/414803\/revisions"}],"predecessor-version":[{"id":414805,"href":"https:\/\/www.eldiario.net\/portal\/wp-json\/wp\/v2\/posts\/414803\/revisions\/414805"}],"wp:featuredmedia":[{"embeddable":true,"href":"https:\/\/www.eldiario.net\/portal\/wp-json\/wp\/v2\/media\/414804"}],"wp:attachment":[{"href":"https:\/\/www.eldiario.net\/portal\/wp-json\/wp\/v2\/media?parent=414803"}],"wp:term":[{"taxonomy":"category","embeddable":true,"href":"https:\/\/www.eldiario.net\/portal\/wp-json\/wp\/v2\/categories?post=414803"},{"taxonomy":"post_tag","embeddable":true,"href":"https:\/\/www.eldiario.net\/portal\/wp-json\/wp\/v2\/tags?post=414803"}],"curies":[{"name":"wp","href":"https:\/\/api.w.org\/{rel}","templated":true}]}}