{"id":414478,"date":"2026-07-21T07:09:54","date_gmt":"2026-07-21T11:09:54","guid":{"rendered":"https:\/\/www.eldiario.net\/portal\/?p=414478"},"modified":"2026-07-21T07:09:54","modified_gmt":"2026-07-21T11:09:54","slug":"denuncian-cientos-de-decesos-en-carceles-de-nayib-bukele","status":"publish","type":"post","link":"https:\/\/www.eldiario.net\/portal\/2026\/07\/21\/denuncian-cientos-de-decesos-en-carceles-de-nayib-bukele\/","title":{"rendered":"Denuncian cientos de decesos en c\u00e1rceles de Nayib Bukele"},"content":{"rendered":"<p>La organizaci\u00f3n Amnist\u00eda Internacional reporta que al menos 470 personas privadas de libertad murieron bajo custodia del Estado entre el inicio del R\u00e9gimen de Excepci\u00f3n, en marzo 2022, y diciembre de 2025. La mayor\u00eda de ellas, sin condena. Seg\u00fan la organizaci\u00f3n, m\u00e1s de 90.000 ciudadanos fueron arrestados de manera arbitraria, despojados del derecho a la defensa. Rfi habl\u00f3 con familiares de personas privadas de libertad y con la diputada Claudia Ortiz, de oposici\u00f3n.<\/p>\n<p>En el informe \u201cLa seguridad sin derechos\u201d, publicado el 15 de julio, Amnist\u00eda Internacional explica el impacto de las detenciones arbitrarias masivas y la negaci\u00f3n del debido proceso judicial desde que Nayib Bukele, presidente de El Salvador, decret\u00f3 el estado de excepci\u00f3n. Esa decisi\u00f3n, que comenz\u00f3 el 27 de marzo de 2022, modific\u00f3 el sistema de justicia instaurando pr\u00e1cticas que violan los derechos humanos e incompatibles con el derecho internacional.<\/p>\n<p>Ana conoce de cerca las fallas en las c\u00e1rceles salvadore\u00f1as. Tiene 53 a\u00f1os y es vendedora de pan en San Salvador. En su barrio, fueron arrestados muchos j\u00f3venes. Uno de ellos muri\u00f3 en detenci\u00f3n electrocutado. Se llamaba Kevin. El padre de la v\u00edctima le cont\u00f3 que lo \u201csac\u00f3 muerto de la c\u00e1rcel\u201d y que nadie le hizo justicia.<\/p>\n<p>\u201cImag\u00ednese, y yo vivo con esa preocupaci\u00f3n por mi hijo\u201d, coment\u00f3 Ana, cuyo hijo tambi\u00e9n fue arrestado por presuntos v\u00ednculos con las pandillas y no recibi\u00f3 ning\u00fan juicio. Lleva tres a\u00f1os en una c\u00e1rcel del norte del pa\u00eds.<\/p>\n<p>\u201cAyer sali\u00f3 uno muerto de ah\u00ed. Ellos no lo sacan en las noticias. El noticiero est\u00e1 vendido con \u201c\u00e9l\u201d porque no sacan ninguno de los muertos. Se supone que ya debe m\u00e1s de 500 muertos\u201d.<\/p>\n<p>Al decir \u201c\u00e9l\u201d, Ana se refiere al presidente Nayib Bukele quien impuls\u00f3 un R\u00e9gimen de Excepci\u00f3n para combatir las pandillas. Una medida controversial que Claudia Ortiz, la diputada del partido de oposici\u00f3n Vamos, critica por las arbitrariedades que comete el poder judicial.<\/p>\n<p>\u201cAh\u00ed van mezcladas personas inocentes que han sido capturadas arbitrariamente con pandilleros y est\u00e1n en las c\u00e1rceles mezclados o est\u00e1n sin tener acceso a\u00fan a que esos juicios puedan hacerse de forma expedita\u201d.<\/p>\n<p>&nbsp;<\/p>\n<p>CONTROL SOCIAL<\/p>\n<p>Seg\u00fan la diputada Ortiz, el R\u00e9gimen de Excepci\u00f3n no s\u00f3lo se aplica a miembros de pandillas, sino que cumple una funci\u00f3n de control social.<\/p>\n<p>\u201cPara regular la disidencia, para que la gente tenga temor de salir a la calle a marchar, para que la gente tenga temor de ir a defender sus derechos\u201d, opina Claudia Ortiz.<\/p>\n<p>Sin embargo, algunas mujeres levantan la voz para denunciar la desaparici\u00f3n de sus familiares dentro del sistema penitenciario. Al hijo de Luisa se lo llevaron hace m\u00e1s de dos a\u00f1os. \u201cDec\u00edan que lo agarraron porque \u00e9l andaba en asociaciones il\u00edcitas. Mi hijo nunca ha andado en eso\u201d, sostuvo.<\/p>\n<p>Luego, en su b\u00fasqueda, al hablar con las autoridades se encontr\u00f3 con justificaciones il\u00f3gicas. \u00abLo sentimos mucho, se\u00f1ora, a su hijo no se le ha encontrado nada, ni en el tel\u00e9fono ni nada, pero como los soldados nos lo han tra\u00eddo tenemos que tenerlo detenido\u00bb, le explicaron.<\/p>\n<p>\u201cNosotros no hemos podido verles la cara a nuestros parientes. \u00bfVerdad? No sabemos a la hora de la comida si le dan o no le dan. No sabemos porque no hemos podido hablar nada con ellos. Porque dicen que ah\u00ed ni agua le dan en el penal de Izalco a los muchachos. Investiguen todo eso. Est\u00e1n matando a la gente de sed. Es un abuso completo que est\u00e1n haciendo. Y eso no lo permitimos nosotros como madres que nos hagan esa injusticia\u201d.<\/p>\n<p>Abusos que el informe de Amnist\u00eda Internacional describe c\u00f3mo sistem\u00e1ticos, y posibles \u00abcr\u00edmenes contra la humanidad\u00bb.<\/p>\n<p>El 14 de julio, un tribunal salvadore\u00f1o anunci\u00f3 el fin del juicio masivo contra m\u00e1s de 400 presuntos l\u00edderes de la pandilla Mara Salvatrucha. La sentencia a\u00fan queda en espera.(RFI)<\/p>\n<p>&nbsp;<\/p>\n","protected":false},"excerpt":{"rendered":"<p>La organizaci\u00f3n Amnist\u00eda Internacional reporta que al menos 470 personas privadas de libertad murieron bajo custodia del Estado entre el inicio del R\u00e9gimen de Excepci\u00f3n, en marzo 2022, y diciembre de 2025. La mayor\u00eda de ellas, sin condena. Seg\u00fan la organizaci\u00f3n, m\u00e1s de 90.000 ciudadanos fueron arrestados de manera arbitraria, despojados del derecho a la [&hellip;]<\/p>\n","protected":false},"author":1,"featured_media":414479,"comment_status":"closed","ping_status":"open","sticky":false,"template":"","format":"standard","meta":{"_acf_changed":false,"footnotes":""},"categories":[3],"tags":[],"class_list":["post-414478","post","type-post","status-publish","format-standard","has-post-thumbnail","category-internacional"],"acf":{"antetitulo":"El Salvador"},"yoast_head":"<!-- This site is optimized with the Yoast SEO plugin v28.3 - https:\/\/yoast.com\/product\/yoast-seo-wordpress\/ -->\n<title>Denuncian cientos de decesos en c\u00e1rceles de Nayib Bukele - El Diario - Bolivia<\/title>\n<meta name=\"robots\" content=\"index, follow, max-snippet:-1, max-image-preview:large, max-video-preview:-1\" \/>\n<link rel=\"canonical\" href=\"https:\/\/www.eldiario.net\/portal\/2026\/07\/21\/denuncian-cientos-de-decesos-en-carceles-de-nayib-bukele\/\" \/>\n<meta property=\"og:locale\" content=\"es_ES\" \/>\n<meta property=\"og:type\" content=\"article\" \/>\n<meta property=\"og:title\" content=\"Denuncian cientos de decesos en c\u00e1rceles de Nayib Bukele - El Diario - Bolivia\" \/>\n<meta property=\"og:description\" content=\"La organizaci\u00f3n Amnist\u00eda Internacional reporta que al menos 470 personas privadas de libertad murieron bajo custodia del Estado entre el inicio del R\u00e9gimen de Excepci\u00f3n, en marzo 2022, y diciembre de 2025. La mayor\u00eda de ellas, sin condena. Seg\u00fan la organizaci\u00f3n, m\u00e1s de 90.000 ciudadanos fueron arrestados de manera arbitraria, despojados del derecho a la [&hellip;]\" \/>\n<meta property=\"og:url\" content=\"https:\/\/www.eldiario.net\/portal\/2026\/07\/21\/denuncian-cientos-de-decesos-en-carceles-de-nayib-bukele\/\" \/>\n<meta property=\"og:site_name\" content=\"El Diario - Bolivia\" \/>\n<meta property=\"article:publisher\" content=\"https:\/\/www.facebook.com\/eldiario.bolivia\/\" \/>\n<meta property=\"article:published_time\" content=\"2026-07-21T11:09:54+00:00\" \/>\n<meta property=\"og:image\" content=\"https:\/\/www.eldiario.net\/portal\/wp-content\/uploads\/2026\/07\/CARCEL-Reuters.webp\" \/>\n\t<meta property=\"og:image:width\" content=\"1280\" \/>\n\t<meta property=\"og:image:height\" content=\"720\" \/>\n\t<meta property=\"og:image:type\" content=\"image\/webp\" \/>\n<meta name=\"author\" content=\"Jeanette\" \/>\n<meta name=\"twitter:card\" content=\"summary_large_image\" \/>\n<meta name=\"twitter:creator\" content=\"@eldiario_net\" \/>\n<meta name=\"twitter:site\" content=\"@eldiario_net\" \/>\n<meta name=\"twitter:label1\" content=\"Escrito por\" \/>\n\t<meta name=\"twitter:data1\" content=\"Jeanette\" \/>\n\t<meta name=\"twitter:label2\" content=\"Tiempo de lectura\" \/>\n\t<meta name=\"twitter:data2\" content=\"4 minutos\" \/>\n<script type=\"application\/ld+json\" class=\"yoast-schema-graph\">{\"@context\":\"https:\\\/\\\/schema.org\",\"@graph\":[{\"@type\":\"Article\",\"@id\":\"https:\\\/\\\/www.eldiario.net\\\/portal\\\/2026\\\/07\\\/21\\\/denuncian-cientos-de-decesos-en-carceles-de-nayib-bukele\\\/#article\",\"isPartOf\":{\"@id\":\"https:\\\/\\\/www.eldiario.net\\\/portal\\\/2026\\\/07\\\/21\\\/denuncian-cientos-de-decesos-en-carceles-de-nayib-bukele\\\/\"},\"author\":{\"name\":\"Jeanette\",\"@id\":\"https:\\\/\\\/www.eldiario.net\\\/portal\\\/#\\\/schema\\\/person\\\/f46445640444750d7d753ccd04ae01b7\"},\"headline\":\"Denuncian cientos de decesos en c\u00e1rceles de Nayib Bukele\",\"datePublished\":\"2026-07-21T11:09:54+00:00\",\"mainEntityOfPage\":{\"@id\":\"https:\\\/\\\/www.eldiario.net\\\/portal\\\/2026\\\/07\\\/21\\\/denuncian-cientos-de-decesos-en-carceles-de-nayib-bukele\\\/\"},\"wordCount\":694,\"publisher\":{\"@id\":\"https:\\\/\\\/www.eldiario.net\\\/portal\\\/#organization\"},\"image\":{\"@id\":\"https:\\\/\\\/www.eldiario.net\\\/portal\\\/2026\\\/07\\\/21\\\/denuncian-cientos-de-decesos-en-carceles-de-nayib-bukele\\\/#primaryimage\"},\"thumbnailUrl\":\"https:\\\/\\\/www.eldiario.net\\\/portal\\\/wp-content\\\/uploads\\\/2026\\\/07\\\/CARCEL-Reuters.webp\",\"articleSection\":[\"Internacional\"],\"inLanguage\":\"es\"},{\"@type\":\"WebPage\",\"@id\":\"https:\\\/\\\/www.eldiario.net\\\/portal\\\/2026\\\/07\\\/21\\\/denuncian-cientos-de-decesos-en-carceles-de-nayib-bukele\\\/\",\"url\":\"https:\\\/\\\/www.eldiario.net\\\/portal\\\/2026\\\/07\\\/21\\\/denuncian-cientos-de-decesos-en-carceles-de-nayib-bukele\\\/\",\"name\":\"Denuncian cientos de decesos en c\u00e1rceles de Nayib Bukele - El Diario - Bolivia\",\"isPartOf\":{\"@id\":\"https:\\\/\\\/www.eldiario.net\\\/portal\\\/#website\"},\"primaryImageOfPage\":{\"@id\":\"https:\\\/\\\/www.eldiario.net\\\/portal\\\/2026\\\/07\\\/21\\\/denuncian-cientos-de-decesos-en-carceles-de-nayib-bukele\\\/#primaryimage\"},\"image\":{\"@id\":\"https:\\\/\\\/www.eldiario.net\\\/portal\\\/2026\\\/07\\\/21\\\/denuncian-cientos-de-decesos-en-carceles-de-nayib-bukele\\\/#primaryimage\"},\"thumbnailUrl\":\"https:\\\/\\\/www.eldiario.net\\\/portal\\\/wp-content\\\/uploads\\\/2026\\\/07\\\/CARCEL-Reuters.webp\",\"datePublished\":\"2026-07-21T11:09:54+00:00\",\"breadcrumb\":{\"@id\":\"https:\\\/\\\/www.eldiario.net\\\/portal\\\/2026\\\/07\\\/21\\\/denuncian-cientos-de-decesos-en-carceles-de-nayib-bukele\\\/#breadcrumb\"},\"inLanguage\":\"es\",\"potentialAction\":[{\"@type\":\"ReadAction\",\"target\":[\"https:\\\/\\\/www.eldiario.net\\\/portal\\\/2026\\\/07\\\/21\\\/denuncian-cientos-de-decesos-en-carceles-de-nayib-bukele\\\/\"]}]},{\"@type\":\"ImageObject\",\"inLanguage\":\"es\",\"@id\":\"https:\\\/\\\/www.eldiario.net\\\/portal\\\/2026\\\/07\\\/21\\\/denuncian-cientos-de-decesos-en-carceles-de-nayib-bukele\\\/#primaryimage\",\"url\":\"https:\\\/\\\/www.eldiario.net\\\/portal\\\/wp-content\\\/uploads\\\/2026\\\/07\\\/CARCEL-Reuters.webp\",\"contentUrl\":\"https:\\\/\\\/www.eldiario.net\\\/portal\\\/wp-content\\\/uploads\\\/2026\\\/07\\\/CARCEL-Reuters.webp\",\"width\":1280,\"height\":720,\"caption\":\"Miembros presuntos de pandilla Mara Salvatrucha asisten a audiencia p\u00fablica en Cecot. CREDITO: Reuters\"},{\"@type\":\"BreadcrumbList\",\"@id\":\"https:\\\/\\\/www.eldiario.net\\\/portal\\\/2026\\\/07\\\/21\\\/denuncian-cientos-de-decesos-en-carceles-de-nayib-bukele\\\/#breadcrumb\",\"itemListElement\":[{\"@type\":\"ListItem\",\"position\":1,\"name\":\"Portada\",\"item\":\"https:\\\/\\\/www.eldiario.net\\\/portal\\\/\"},{\"@type\":\"ListItem\",\"position\":2,\"name\":\"Denuncian cientos de decesos en c\u00e1rceles de Nayib Bukele\"}]},{\"@type\":\"WebSite\",\"@id\":\"https:\\\/\\\/www.eldiario.net\\\/portal\\\/#website\",\"url\":\"https:\\\/\\\/www.eldiario.net\\\/portal\\\/\",\"name\":\"El Diario - Decano de la prensa nacional\",\"description\":\"El Diario - Decano de la prensa nacional\",\"publisher\":{\"@id\":\"https:\\\/\\\/www.eldiario.net\\\/portal\\\/#organization\"},\"potentialAction\":[{\"@type\":\"SearchAction\",\"target\":{\"@type\":\"EntryPoint\",\"urlTemplate\":\"https:\\\/\\\/www.eldiario.net\\\/portal\\\/?s={search_term_string}\"},\"query-input\":{\"@type\":\"PropertyValueSpecification\",\"valueRequired\":true,\"valueName\":\"search_term_string\"}}],\"inLanguage\":\"es\"},{\"@type\":\"Organization\",\"@id\":\"https:\\\/\\\/www.eldiario.net\\\/portal\\\/#organization\",\"name\":\"El Diario - Decano de la prensa nacional\",\"url\":\"https:\\\/\\\/www.eldiario.net\\\/portal\\\/\",\"logo\":{\"@type\":\"ImageObject\",\"inLanguage\":\"es\",\"@id\":\"https:\\\/\\\/www.eldiario.net\\\/portal\\\/#\\\/schema\\\/logo\\\/image\\\/\",\"url\":\"https:\\\/\\\/www.eldiario.net\\\/portal\\\/wp-content\\\/uploads\\\/2023\\\/07\\\/logo_ED.jpg\",\"contentUrl\":\"https:\\\/\\\/www.eldiario.net\\\/portal\\\/wp-content\\\/uploads\\\/2023\\\/07\\\/logo_ED.jpg\",\"width\":272,\"height\":52,\"caption\":\"El Diario - Decano de la prensa nacional\"},\"image\":{\"@id\":\"https:\\\/\\\/www.eldiario.net\\\/portal\\\/#\\\/schema\\\/logo\\\/image\\\/\"},\"sameAs\":[\"https:\\\/\\\/www.facebook.com\\\/eldiario.bolivia\\\/\",\"https:\\\/\\\/x.com\\\/eldiario_net\"]},{\"@type\":\"Person\",\"@id\":\"https:\\\/\\\/www.eldiario.net\\\/portal\\\/#\\\/schema\\\/person\\\/f46445640444750d7d753ccd04ae01b7\",\"name\":\"Jeanette\",\"image\":{\"@type\":\"ImageObject\",\"inLanguage\":\"es\",\"@id\":\"https:\\\/\\\/secure.gravatar.com\\\/avatar\\\/3ea2118a5f7dad2b7138b1187a6b7ee55f160b9968b66013c3a3ef39dd7e5798?s=96&d=mm&r=g\",\"url\":\"https:\\\/\\\/secure.gravatar.com\\\/avatar\\\/3ea2118a5f7dad2b7138b1187a6b7ee55f160b9968b66013c3a3ef39dd7e5798?s=96&d=mm&r=g\",\"contentUrl\":\"https:\\\/\\\/secure.gravatar.com\\\/avatar\\\/3ea2118a5f7dad2b7138b1187a6b7ee55f160b9968b66013c3a3ef39dd7e5798?s=96&d=mm&r=g\",\"caption\":\"Jeanette\"},\"sameAs\":[\"https:\\\/\\\/www.eldiario.net\\\/portal\"],\"url\":\"https:\\\/\\\/www.eldiario.net\\\/portal\\\/author\\\/jeanette\\\/\"}]}<\/script>\n<!-- \/ Yoast SEO plugin. -->","yoast_head_json":{"title":"Denuncian cientos de decesos en c\u00e1rceles de Nayib Bukele - El Diario - Bolivia","robots":{"index":"index","follow":"follow","max-snippet":"max-snippet:-1","max-image-preview":"max-image-preview:large","max-video-preview":"max-video-preview:-1"},"canonical":"https:\/\/www.eldiario.net\/portal\/2026\/07\/21\/denuncian-cientos-de-decesos-en-carceles-de-nayib-bukele\/","og_locale":"es_ES","og_type":"article","og_title":"Denuncian cientos de decesos en c\u00e1rceles de Nayib Bukele - El Diario - Bolivia","og_description":"La organizaci\u00f3n Amnist\u00eda Internacional reporta que al menos 470 personas privadas de libertad murieron bajo custodia del Estado entre el inicio del R\u00e9gimen de Excepci\u00f3n, en marzo 2022, y diciembre de 2025. La mayor\u00eda de ellas, sin condena. Seg\u00fan la organizaci\u00f3n, m\u00e1s de 90.000 ciudadanos fueron arrestados de manera arbitraria, despojados del derecho a la [&hellip;]","og_url":"https:\/\/www.eldiario.net\/portal\/2026\/07\/21\/denuncian-cientos-de-decesos-en-carceles-de-nayib-bukele\/","og_site_name":"El Diario - Bolivia","article_publisher":"https:\/\/www.facebook.com\/eldiario.bolivia\/","article_published_time":"2026-07-21T11:09:54+00:00","og_image":[{"width":1280,"height":720,"url":"https:\/\/www.eldiario.net\/portal\/wp-content\/uploads\/2026\/07\/CARCEL-Reuters.webp","type":"image\/webp"}],"author":"Jeanette","twitter_card":"summary_large_image","twitter_creator":"@eldiario_net","twitter_site":"@eldiario_net","twitter_misc":{"Escrito por":"Jeanette","Tiempo de lectura":"4 minutos"},"schema":{"@context":"https:\/\/schema.org","@graph":[{"@type":"Article","@id":"https:\/\/www.eldiario.net\/portal\/2026\/07\/21\/denuncian-cientos-de-decesos-en-carceles-de-nayib-bukele\/#article","isPartOf":{"@id":"https:\/\/www.eldiario.net\/portal\/2026\/07\/21\/denuncian-cientos-de-decesos-en-carceles-de-nayib-bukele\/"},"author":{"name":"Jeanette","@id":"https:\/\/www.eldiario.net\/portal\/#\/schema\/person\/f46445640444750d7d753ccd04ae01b7"},"headline":"Denuncian cientos de decesos en c\u00e1rceles de Nayib Bukele","datePublished":"2026-07-21T11:09:54+00:00","mainEntityOfPage":{"@id":"https:\/\/www.eldiario.net\/portal\/2026\/07\/21\/denuncian-cientos-de-decesos-en-carceles-de-nayib-bukele\/"},"wordCount":694,"publisher":{"@id":"https:\/\/www.eldiario.net\/portal\/#organization"},"image":{"@id":"https:\/\/www.eldiario.net\/portal\/2026\/07\/21\/denuncian-cientos-de-decesos-en-carceles-de-nayib-bukele\/#primaryimage"},"thumbnailUrl":"https:\/\/www.eldiario.net\/portal\/wp-content\/uploads\/2026\/07\/CARCEL-Reuters.webp","articleSection":["Internacional"],"inLanguage":"es"},{"@type":"WebPage","@id":"https:\/\/www.eldiario.net\/portal\/2026\/07\/21\/denuncian-cientos-de-decesos-en-carceles-de-nayib-bukele\/","url":"https:\/\/www.eldiario.net\/portal\/2026\/07\/21\/denuncian-cientos-de-decesos-en-carceles-de-nayib-bukele\/","name":"Denuncian cientos de decesos en c\u00e1rceles de Nayib Bukele - El Diario - Bolivia","isPartOf":{"@id":"https:\/\/www.eldiario.net\/portal\/#website"},"primaryImageOfPage":{"@id":"https:\/\/www.eldiario.net\/portal\/2026\/07\/21\/denuncian-cientos-de-decesos-en-carceles-de-nayib-bukele\/#primaryimage"},"image":{"@id":"https:\/\/www.eldiario.net\/portal\/2026\/07\/21\/denuncian-cientos-de-decesos-en-carceles-de-nayib-bukele\/#primaryimage"},"thumbnailUrl":"https:\/\/www.eldiario.net\/portal\/wp-content\/uploads\/2026\/07\/CARCEL-Reuters.webp","datePublished":"2026-07-21T11:09:54+00:00","breadcrumb":{"@id":"https:\/\/www.eldiario.net\/portal\/2026\/07\/21\/denuncian-cientos-de-decesos-en-carceles-de-nayib-bukele\/#breadcrumb"},"inLanguage":"es","potentialAction":[{"@type":"ReadAction","target":["https:\/\/www.eldiario.net\/portal\/2026\/07\/21\/denuncian-cientos-de-decesos-en-carceles-de-nayib-bukele\/"]}]},{"@type":"ImageObject","inLanguage":"es","@id":"https:\/\/www.eldiario.net\/portal\/2026\/07\/21\/denuncian-cientos-de-decesos-en-carceles-de-nayib-bukele\/#primaryimage","url":"https:\/\/www.eldiario.net\/portal\/wp-content\/uploads\/2026\/07\/CARCEL-Reuters.webp","contentUrl":"https:\/\/www.eldiario.net\/portal\/wp-content\/uploads\/2026\/07\/CARCEL-Reuters.webp","width":1280,"height":720,"caption":"Miembros presuntos de pandilla Mara Salvatrucha asisten a audiencia p\u00fablica en Cecot. CREDITO: Reuters"},{"@type":"BreadcrumbList","@id":"https:\/\/www.eldiario.net\/portal\/2026\/07\/21\/denuncian-cientos-de-decesos-en-carceles-de-nayib-bukele\/#breadcrumb","itemListElement":[{"@type":"ListItem","position":1,"name":"Portada","item":"https:\/\/www.eldiario.net\/portal\/"},{"@type":"ListItem","position":2,"name":"Denuncian cientos de decesos en c\u00e1rceles de Nayib Bukele"}]},{"@type":"WebSite","@id":"https:\/\/www.eldiario.net\/portal\/#website","url":"https:\/\/www.eldiario.net\/portal\/","name":"El Diario - Decano de la prensa nacional","description":"El Diario - Decano de la prensa nacional","publisher":{"@id":"https:\/\/www.eldiario.net\/portal\/#organization"},"potentialAction":[{"@type":"SearchAction","target":{"@type":"EntryPoint","urlTemplate":"https:\/\/www.eldiario.net\/portal\/?s={search_term_string}"},"query-input":{"@type":"PropertyValueSpecification","valueRequired":true,"valueName":"search_term_string"}}],"inLanguage":"es"},{"@type":"Organization","@id":"https:\/\/www.eldiario.net\/portal\/#organization","name":"El Diario - Decano de la prensa nacional","url":"https:\/\/www.eldiario.net\/portal\/","logo":{"@type":"ImageObject","inLanguage":"es","@id":"https:\/\/www.eldiario.net\/portal\/#\/schema\/logo\/image\/","url":"https:\/\/www.eldiario.net\/portal\/wp-content\/uploads\/2023\/07\/logo_ED.jpg","contentUrl":"https:\/\/www.eldiario.net\/portal\/wp-content\/uploads\/2023\/07\/logo_ED.jpg","width":272,"height":52,"caption":"El Diario - Decano de la prensa nacional"},"image":{"@id":"https:\/\/www.eldiario.net\/portal\/#\/schema\/logo\/image\/"},"sameAs":["https:\/\/www.facebook.com\/eldiario.bolivia\/","https:\/\/x.com\/eldiario_net"]},{"@type":"Person","@id":"https:\/\/www.eldiario.net\/portal\/#\/schema\/person\/f46445640444750d7d753ccd04ae01b7","name":"Jeanette","image":{"@type":"ImageObject","inLanguage":"es","@id":"https:\/\/secure.gravatar.com\/avatar\/3ea2118a5f7dad2b7138b1187a6b7ee55f160b9968b66013c3a3ef39dd7e5798?s=96&d=mm&r=g","url":"https:\/\/secure.gravatar.com\/avatar\/3ea2118a5f7dad2b7138b1187a6b7ee55f160b9968b66013c3a3ef39dd7e5798?s=96&d=mm&r=g","contentUrl":"https:\/\/secure.gravatar.com\/avatar\/3ea2118a5f7dad2b7138b1187a6b7ee55f160b9968b66013c3a3ef39dd7e5798?s=96&d=mm&r=g","caption":"Jeanette"},"sameAs":["https:\/\/www.eldiario.net\/portal"],"url":"https:\/\/www.eldiario.net\/portal\/author\/jeanette\/"}]}},"_links":{"self":[{"href":"https:\/\/www.eldiario.net\/portal\/wp-json\/wp\/v2\/posts\/414478","targetHints":{"allow":["GET"]}}],"collection":[{"href":"https:\/\/www.eldiario.net\/portal\/wp-json\/wp\/v2\/posts"}],"about":[{"href":"https:\/\/www.eldiario.net\/portal\/wp-json\/wp\/v2\/types\/post"}],"author":[{"embeddable":true,"href":"https:\/\/www.eldiario.net\/portal\/wp-json\/wp\/v2\/users\/1"}],"replies":[{"embeddable":true,"href":"https:\/\/www.eldiario.net\/portal\/wp-json\/wp\/v2\/comments?post=414478"}],"version-history":[{"count":1,"href":"https:\/\/www.eldiario.net\/portal\/wp-json\/wp\/v2\/posts\/414478\/revisions"}],"predecessor-version":[{"id":414480,"href":"https:\/\/www.eldiario.net\/portal\/wp-json\/wp\/v2\/posts\/414478\/revisions\/414480"}],"wp:featuredmedia":[{"embeddable":true,"href":"https:\/\/www.eldiario.net\/portal\/wp-json\/wp\/v2\/media\/414479"}],"wp:attachment":[{"href":"https:\/\/www.eldiario.net\/portal\/wp-json\/wp\/v2\/media?parent=414478"}],"wp:term":[{"taxonomy":"category","embeddable":true,"href":"https:\/\/www.eldiario.net\/portal\/wp-json\/wp\/v2\/categories?post=414478"},{"taxonomy":"post_tag","embeddable":true,"href":"https:\/\/www.eldiario.net\/portal\/wp-json\/wp\/v2\/tags?post=414478"}],"curies":[{"name":"wp","href":"https:\/\/api.w.org\/{rel}","templated":true}]}}