{"id":414388,"date":"2026-07-21T06:48:31","date_gmt":"2026-07-21T10:48:31","guid":{"rendered":"https:\/\/www.eldiario.net\/portal\/?p=414388"},"modified":"2026-07-21T06:48:31","modified_gmt":"2026-07-21T10:48:31","slug":"exigen-al-estado-solicitar-a-chile-una-investigacion-agil-en-el-caso-de-maderas","status":"publish","type":"post","link":"https:\/\/www.eldiario.net\/portal\/2026\/07\/21\/exigen-al-estado-solicitar-a-chile-una-investigacion-agil-en-el-caso-de-maderas\/","title":{"rendered":"Exigen al Estado solicitar a Chile una  investigaci\u00f3n \u00e1gil en el caso de maderas"},"content":{"rendered":"<p>La Federaci\u00f3n de Empresarios Privados de Santa Cruz (Fepsc) exhort\u00f3 al Estado boliviano, a reclamar ante el gobierno de Chile, una investigaci\u00f3n m\u00e1s \u00e1gil sobre la actuaci\u00f3n del Fiscal Regional de Arica y la adopci\u00f3n de las medidas administrativas y legales que correspondan por los perjuicios ocasionados al sector forestal boliviano, el caso denominado maderas.<\/p>\n<p>La Fepsc expres\u00f3 su m\u00e1s profundo malestar y preocupaci\u00f3n por la cuestionable actuaci\u00f3n del Fiscal Regional de Arica, Chile, en el manejo de la denuncia relacionada con un cargamento de madera boliviana presuntamente impregnada con coca\u00edna, lo que aparentemente obedecen a una err\u00f3nea interpretaci\u00f3n de los resultados obtenidos por las autoridades chilenas, se\u00f1ala un comunicado de la entidad empresarial.<\/p>\n<p>Esa situaci\u00f3n de incertidumbre ha provocado un enorme da\u00f1o al sector forestal boliviano, afectando gravemente su imagen internacional y poniendo en riesgo contratos de exportaci\u00f3n construidos durante d\u00e9cadas de trabajo serio, responsable, advierte la nota.<\/p>\n<p>La Fepsc consider\u00f3 muy grave que una actuaci\u00f3n carente del debido rigor t\u00e9cnico pueda ocasionar semejante perjuicio a un sector estrat\u00e9gico de la econom\u00eda nacional, sin que hasta el momento exista una debida rectificaci\u00f3n p\u00fablica.<\/p>\n<p>Asimismo, demanda que ese caso sea esclarecido con la mayor celeridad y transparencia ante la opini\u00f3n p\u00fablica internacional.<\/p>\n<p>El pronunciamiento se suma a otros ya realizados por los exportadores, que analizan posibles acciones judiciales para el resarcimiento econ\u00f3mico.<\/p>\n","protected":false},"excerpt":{"rendered":"<p>La Federaci\u00f3n de Empresarios Privados de Santa Cruz (Fepsc) exhort\u00f3 al Estado boliviano, a reclamar ante el gobierno de Chile, una investigaci\u00f3n m\u00e1s \u00e1gil sobre la actuaci\u00f3n del Fiscal Regional de Arica y la adopci\u00f3n de las medidas administrativas y legales que correspondan por los perjuicios ocasionados al sector forestal boliviano, el caso denominado maderas. [&hellip;]<\/p>\n","protected":false},"author":1,"featured_media":414389,"comment_status":"closed","ping_status":"open","sticky":false,"template":"","format":"standard","meta":{"_acf_changed":false,"footnotes":""},"categories":[15],"tags":[],"class_list":["post-414388","post","type-post","status-publish","format-standard","has-post-thumbnail","category-portada"],"acf":{"antetitulo":""},"yoast_head":"<!-- This site is optimized with the Yoast SEO plugin v28.4 - https:\/\/yoast.com\/product\/yoast-seo-wordpress\/ -->\n<title>Exigen al Estado solicitar a Chile una investigaci\u00f3n \u00e1gil en el caso de maderas - El Diario - Bolivia<\/title>\n<meta name=\"robots\" content=\"index, follow, max-snippet:-1, max-image-preview:large, max-video-preview:-1\" \/>\n<link rel=\"canonical\" href=\"https:\/\/www.eldiario.net\/portal\/2026\/07\/21\/exigen-al-estado-solicitar-a-chile-una-investigacion-agil-en-el-caso-de-maderas\/\" \/>\n<meta property=\"og:locale\" content=\"es_ES\" \/>\n<meta property=\"og:type\" content=\"article\" \/>\n<meta property=\"og:title\" content=\"Exigen al Estado solicitar a Chile una investigaci\u00f3n \u00e1gil en el caso de maderas - El Diario - Bolivia\" \/>\n<meta property=\"og:description\" content=\"La Federaci\u00f3n de Empresarios Privados de Santa Cruz (Fepsc) exhort\u00f3 al Estado boliviano, a reclamar ante el gobierno de Chile, una investigaci\u00f3n m\u00e1s \u00e1gil sobre la actuaci\u00f3n del Fiscal Regional de Arica y la adopci\u00f3n de las medidas administrativas y legales que correspondan por los perjuicios ocasionados al sector forestal boliviano, el caso denominado maderas. [&hellip;]\" \/>\n<meta property=\"og:url\" content=\"https:\/\/www.eldiario.net\/portal\/2026\/07\/21\/exigen-al-estado-solicitar-a-chile-una-investigacion-agil-en-el-caso-de-maderas\/\" \/>\n<meta property=\"og:site_name\" content=\"El Diario - Bolivia\" \/>\n<meta property=\"article:publisher\" content=\"https:\/\/www.facebook.com\/eldiario.bolivia\/\" \/>\n<meta property=\"article:published_time\" content=\"2026-07-21T10:48:31+00:00\" \/>\n<meta property=\"og:image\" content=\"https:\/\/www.eldiario.net\/portal\/wp-content\/uploads\/2026\/07\/EXIGEN-FOTO.webp\" \/>\n\t<meta property=\"og:image:width\" content=\"294\" \/>\n\t<meta property=\"og:image:height\" content=\"171\" \/>\n\t<meta property=\"og:image:type\" content=\"image\/webp\" \/>\n<meta name=\"author\" content=\"Jeanette\" \/>\n<meta name=\"twitter:card\" content=\"summary_large_image\" \/>\n<meta name=\"twitter:creator\" content=\"@eldiario_net\" \/>\n<meta name=\"twitter:site\" content=\"@eldiario_net\" \/>\n<meta name=\"twitter:label1\" content=\"Escrito por\" \/>\n\t<meta name=\"twitter:data1\" content=\"Jeanette\" \/>\n\t<meta name=\"twitter:label2\" content=\"Tiempo de lectura\" \/>\n\t<meta name=\"twitter:data2\" content=\"2 minutos\" \/>\n<script type=\"application\/ld+json\" class=\"yoast-schema-graph\">{\"@context\":\"https:\\\/\\\/schema.org\",\"@graph\":[{\"@type\":\"Article\",\"@id\":\"https:\\\/\\\/www.eldiario.net\\\/portal\\\/2026\\\/07\\\/21\\\/exigen-al-estado-solicitar-a-chile-una-investigacion-agil-en-el-caso-de-maderas\\\/#article\",\"isPartOf\":{\"@id\":\"https:\\\/\\\/www.eldiario.net\\\/portal\\\/2026\\\/07\\\/21\\\/exigen-al-estado-solicitar-a-chile-una-investigacion-agil-en-el-caso-de-maderas\\\/\"},\"author\":{\"name\":\"Jeanette\",\"@id\":\"https:\\\/\\\/www.eldiario.net\\\/portal\\\/#\\\/schema\\\/person\\\/f46445640444750d7d753ccd04ae01b7\"},\"headline\":\"Exigen al Estado solicitar a Chile una investigaci\u00f3n \u00e1gil en el caso de maderas\",\"datePublished\":\"2026-07-21T10:48:31+00:00\",\"mainEntityOfPage\":{\"@id\":\"https:\\\/\\\/www.eldiario.net\\\/portal\\\/2026\\\/07\\\/21\\\/exigen-al-estado-solicitar-a-chile-una-investigacion-agil-en-el-caso-de-maderas\\\/\"},\"wordCount\":262,\"publisher\":{\"@id\":\"https:\\\/\\\/www.eldiario.net\\\/portal\\\/#organization\"},\"image\":{\"@id\":\"https:\\\/\\\/www.eldiario.net\\\/portal\\\/2026\\\/07\\\/21\\\/exigen-al-estado-solicitar-a-chile-una-investigacion-agil-en-el-caso-de-maderas\\\/#primaryimage\"},\"thumbnailUrl\":\"https:\\\/\\\/www.eldiario.net\\\/portal\\\/wp-content\\\/uploads\\\/2026\\\/07\\\/EXIGEN-FOTO.webp\",\"articleSection\":[\"Portada\"],\"inLanguage\":\"es\"},{\"@type\":\"WebPage\",\"@id\":\"https:\\\/\\\/www.eldiario.net\\\/portal\\\/2026\\\/07\\\/21\\\/exigen-al-estado-solicitar-a-chile-una-investigacion-agil-en-el-caso-de-maderas\\\/\",\"url\":\"https:\\\/\\\/www.eldiario.net\\\/portal\\\/2026\\\/07\\\/21\\\/exigen-al-estado-solicitar-a-chile-una-investigacion-agil-en-el-caso-de-maderas\\\/\",\"name\":\"Exigen al Estado solicitar a Chile una investigaci\u00f3n \u00e1gil en el caso de maderas - El Diario - Bolivia\",\"isPartOf\":{\"@id\":\"https:\\\/\\\/www.eldiario.net\\\/portal\\\/#website\"},\"primaryImageOfPage\":{\"@id\":\"https:\\\/\\\/www.eldiario.net\\\/portal\\\/2026\\\/07\\\/21\\\/exigen-al-estado-solicitar-a-chile-una-investigacion-agil-en-el-caso-de-maderas\\\/#primaryimage\"},\"image\":{\"@id\":\"https:\\\/\\\/www.eldiario.net\\\/portal\\\/2026\\\/07\\\/21\\\/exigen-al-estado-solicitar-a-chile-una-investigacion-agil-en-el-caso-de-maderas\\\/#primaryimage\"},\"thumbnailUrl\":\"https:\\\/\\\/www.eldiario.net\\\/portal\\\/wp-content\\\/uploads\\\/2026\\\/07\\\/EXIGEN-FOTO.webp\",\"datePublished\":\"2026-07-21T10:48:31+00:00\",\"breadcrumb\":{\"@id\":\"https:\\\/\\\/www.eldiario.net\\\/portal\\\/2026\\\/07\\\/21\\\/exigen-al-estado-solicitar-a-chile-una-investigacion-agil-en-el-caso-de-maderas\\\/#breadcrumb\"},\"inLanguage\":\"es\",\"potentialAction\":[{\"@type\":\"ReadAction\",\"target\":[\"https:\\\/\\\/www.eldiario.net\\\/portal\\\/2026\\\/07\\\/21\\\/exigen-al-estado-solicitar-a-chile-una-investigacion-agil-en-el-caso-de-maderas\\\/\"]}]},{\"@type\":\"ImageObject\",\"inLanguage\":\"es\",\"@id\":\"https:\\\/\\\/www.eldiario.net\\\/portal\\\/2026\\\/07\\\/21\\\/exigen-al-estado-solicitar-a-chile-una-investigacion-agil-en-el-caso-de-maderas\\\/#primaryimage\",\"url\":\"https:\\\/\\\/www.eldiario.net\\\/portal\\\/wp-content\\\/uploads\\\/2026\\\/07\\\/EXIGEN-FOTO.webp\",\"contentUrl\":\"https:\\\/\\\/www.eldiario.net\\\/portal\\\/wp-content\\\/uploads\\\/2026\\\/07\\\/EXIGEN-FOTO.webp\",\"width\":294,\"height\":171,\"caption\":\"La exportaci\u00f3n de madera se ve perjudicada por acciones sin respaldo t\u00e9cnico en Chile. Foto: archivo El D\u00eda\"},{\"@type\":\"BreadcrumbList\",\"@id\":\"https:\\\/\\\/www.eldiario.net\\\/portal\\\/2026\\\/07\\\/21\\\/exigen-al-estado-solicitar-a-chile-una-investigacion-agil-en-el-caso-de-maderas\\\/#breadcrumb\",\"itemListElement\":[{\"@type\":\"ListItem\",\"position\":1,\"name\":\"Portada\",\"item\":\"https:\\\/\\\/www.eldiario.net\\\/portal\\\/\"},{\"@type\":\"ListItem\",\"position\":2,\"name\":\"Exigen al Estado solicitar a Chile una investigaci\u00f3n \u00e1gil en el caso de maderas\"}]},{\"@type\":\"WebSite\",\"@id\":\"https:\\\/\\\/www.eldiario.net\\\/portal\\\/#website\",\"url\":\"https:\\\/\\\/www.eldiario.net\\\/portal\\\/\",\"name\":\"El Diario - Decano de la prensa nacional\",\"description\":\"El Diario - Decano de la prensa nacional\",\"publisher\":{\"@id\":\"https:\\\/\\\/www.eldiario.net\\\/portal\\\/#organization\"},\"potentialAction\":[{\"@type\":\"SearchAction\",\"target\":{\"@type\":\"EntryPoint\",\"urlTemplate\":\"https:\\\/\\\/www.eldiario.net\\\/portal\\\/?s={search_term_string}\"},\"query-input\":{\"@type\":\"PropertyValueSpecification\",\"valueRequired\":true,\"valueName\":\"search_term_string\"}}],\"inLanguage\":\"es\"},{\"@type\":\"Organization\",\"@id\":\"https:\\\/\\\/www.eldiario.net\\\/portal\\\/#organization\",\"name\":\"El Diario - Decano de la prensa nacional\",\"url\":\"https:\\\/\\\/www.eldiario.net\\\/portal\\\/\",\"logo\":{\"@type\":\"ImageObject\",\"inLanguage\":\"es\",\"@id\":\"https:\\\/\\\/www.eldiario.net\\\/portal\\\/#\\\/schema\\\/logo\\\/image\\\/\",\"url\":\"https:\\\/\\\/www.eldiario.net\\\/portal\\\/wp-content\\\/uploads\\\/2023\\\/07\\\/logo_ED.jpg\",\"contentUrl\":\"https:\\\/\\\/www.eldiario.net\\\/portal\\\/wp-content\\\/uploads\\\/2023\\\/07\\\/logo_ED.jpg\",\"width\":272,\"height\":52,\"caption\":\"El Diario - Decano de la prensa nacional\"},\"image\":{\"@id\":\"https:\\\/\\\/www.eldiario.net\\\/portal\\\/#\\\/schema\\\/logo\\\/image\\\/\"},\"sameAs\":[\"https:\\\/\\\/www.facebook.com\\\/eldiario.bolivia\\\/\",\"https:\\\/\\\/x.com\\\/eldiario_net\"]},{\"@type\":\"Person\",\"@id\":\"https:\\\/\\\/www.eldiario.net\\\/portal\\\/#\\\/schema\\\/person\\\/f46445640444750d7d753ccd04ae01b7\",\"name\":\"Jeanette\",\"image\":{\"@type\":\"ImageObject\",\"inLanguage\":\"es\",\"@id\":\"https:\\\/\\\/secure.gravatar.com\\\/avatar\\\/3ea2118a5f7dad2b7138b1187a6b7ee55f160b9968b66013c3a3ef39dd7e5798?s=96&d=mm&r=g\",\"url\":\"https:\\\/\\\/secure.gravatar.com\\\/avatar\\\/3ea2118a5f7dad2b7138b1187a6b7ee55f160b9968b66013c3a3ef39dd7e5798?s=96&d=mm&r=g\",\"contentUrl\":\"https:\\\/\\\/secure.gravatar.com\\\/avatar\\\/3ea2118a5f7dad2b7138b1187a6b7ee55f160b9968b66013c3a3ef39dd7e5798?s=96&d=mm&r=g\",\"caption\":\"Jeanette\"},\"sameAs\":[\"https:\\\/\\\/www.eldiario.net\\\/portal\"],\"url\":\"https:\\\/\\\/www.eldiario.net\\\/portal\\\/author\\\/jeanette\\\/\"}]}<\/script>\n<!-- \/ Yoast SEO plugin. -->","yoast_head_json":{"title":"Exigen al Estado solicitar a Chile una investigaci\u00f3n \u00e1gil en el caso de maderas - El Diario - Bolivia","robots":{"index":"index","follow":"follow","max-snippet":"max-snippet:-1","max-image-preview":"max-image-preview:large","max-video-preview":"max-video-preview:-1"},"canonical":"https:\/\/www.eldiario.net\/portal\/2026\/07\/21\/exigen-al-estado-solicitar-a-chile-una-investigacion-agil-en-el-caso-de-maderas\/","og_locale":"es_ES","og_type":"article","og_title":"Exigen al Estado solicitar a Chile una investigaci\u00f3n \u00e1gil en el caso de maderas - El Diario - Bolivia","og_description":"La Federaci\u00f3n de Empresarios Privados de Santa Cruz (Fepsc) exhort\u00f3 al Estado boliviano, a reclamar ante el gobierno de Chile, una investigaci\u00f3n m\u00e1s \u00e1gil sobre la actuaci\u00f3n del Fiscal Regional de Arica y la adopci\u00f3n de las medidas administrativas y legales que correspondan por los perjuicios ocasionados al sector forestal boliviano, el caso denominado maderas. [&hellip;]","og_url":"https:\/\/www.eldiario.net\/portal\/2026\/07\/21\/exigen-al-estado-solicitar-a-chile-una-investigacion-agil-en-el-caso-de-maderas\/","og_site_name":"El Diario - Bolivia","article_publisher":"https:\/\/www.facebook.com\/eldiario.bolivia\/","article_published_time":"2026-07-21T10:48:31+00:00","og_image":[{"width":294,"height":171,"url":"https:\/\/www.eldiario.net\/portal\/wp-content\/uploads\/2026\/07\/EXIGEN-FOTO.webp","type":"image\/webp"}],"author":"Jeanette","twitter_card":"summary_large_image","twitter_creator":"@eldiario_net","twitter_site":"@eldiario_net","twitter_misc":{"Escrito por":"Jeanette","Tiempo de lectura":"2 minutos"},"schema":{"@context":"https:\/\/schema.org","@graph":[{"@type":"Article","@id":"https:\/\/www.eldiario.net\/portal\/2026\/07\/21\/exigen-al-estado-solicitar-a-chile-una-investigacion-agil-en-el-caso-de-maderas\/#article","isPartOf":{"@id":"https:\/\/www.eldiario.net\/portal\/2026\/07\/21\/exigen-al-estado-solicitar-a-chile-una-investigacion-agil-en-el-caso-de-maderas\/"},"author":{"name":"Jeanette","@id":"https:\/\/www.eldiario.net\/portal\/#\/schema\/person\/f46445640444750d7d753ccd04ae01b7"},"headline":"Exigen al Estado solicitar a Chile una investigaci\u00f3n \u00e1gil en el caso de maderas","datePublished":"2026-07-21T10:48:31+00:00","mainEntityOfPage":{"@id":"https:\/\/www.eldiario.net\/portal\/2026\/07\/21\/exigen-al-estado-solicitar-a-chile-una-investigacion-agil-en-el-caso-de-maderas\/"},"wordCount":262,"publisher":{"@id":"https:\/\/www.eldiario.net\/portal\/#organization"},"image":{"@id":"https:\/\/www.eldiario.net\/portal\/2026\/07\/21\/exigen-al-estado-solicitar-a-chile-una-investigacion-agil-en-el-caso-de-maderas\/#primaryimage"},"thumbnailUrl":"https:\/\/www.eldiario.net\/portal\/wp-content\/uploads\/2026\/07\/EXIGEN-FOTO.webp","articleSection":["Portada"],"inLanguage":"es"},{"@type":"WebPage","@id":"https:\/\/www.eldiario.net\/portal\/2026\/07\/21\/exigen-al-estado-solicitar-a-chile-una-investigacion-agil-en-el-caso-de-maderas\/","url":"https:\/\/www.eldiario.net\/portal\/2026\/07\/21\/exigen-al-estado-solicitar-a-chile-una-investigacion-agil-en-el-caso-de-maderas\/","name":"Exigen al Estado solicitar a Chile una investigaci\u00f3n \u00e1gil en el caso de maderas - El Diario - Bolivia","isPartOf":{"@id":"https:\/\/www.eldiario.net\/portal\/#website"},"primaryImageOfPage":{"@id":"https:\/\/www.eldiario.net\/portal\/2026\/07\/21\/exigen-al-estado-solicitar-a-chile-una-investigacion-agil-en-el-caso-de-maderas\/#primaryimage"},"image":{"@id":"https:\/\/www.eldiario.net\/portal\/2026\/07\/21\/exigen-al-estado-solicitar-a-chile-una-investigacion-agil-en-el-caso-de-maderas\/#primaryimage"},"thumbnailUrl":"https:\/\/www.eldiario.net\/portal\/wp-content\/uploads\/2026\/07\/EXIGEN-FOTO.webp","datePublished":"2026-07-21T10:48:31+00:00","breadcrumb":{"@id":"https:\/\/www.eldiario.net\/portal\/2026\/07\/21\/exigen-al-estado-solicitar-a-chile-una-investigacion-agil-en-el-caso-de-maderas\/#breadcrumb"},"inLanguage":"es","potentialAction":[{"@type":"ReadAction","target":["https:\/\/www.eldiario.net\/portal\/2026\/07\/21\/exigen-al-estado-solicitar-a-chile-una-investigacion-agil-en-el-caso-de-maderas\/"]}]},{"@type":"ImageObject","inLanguage":"es","@id":"https:\/\/www.eldiario.net\/portal\/2026\/07\/21\/exigen-al-estado-solicitar-a-chile-una-investigacion-agil-en-el-caso-de-maderas\/#primaryimage","url":"https:\/\/www.eldiario.net\/portal\/wp-content\/uploads\/2026\/07\/EXIGEN-FOTO.webp","contentUrl":"https:\/\/www.eldiario.net\/portal\/wp-content\/uploads\/2026\/07\/EXIGEN-FOTO.webp","width":294,"height":171,"caption":"La exportaci\u00f3n de madera se ve perjudicada por acciones sin respaldo t\u00e9cnico en Chile. Foto: archivo El D\u00eda"},{"@type":"BreadcrumbList","@id":"https:\/\/www.eldiario.net\/portal\/2026\/07\/21\/exigen-al-estado-solicitar-a-chile-una-investigacion-agil-en-el-caso-de-maderas\/#breadcrumb","itemListElement":[{"@type":"ListItem","position":1,"name":"Portada","item":"https:\/\/www.eldiario.net\/portal\/"},{"@type":"ListItem","position":2,"name":"Exigen al Estado solicitar a Chile una investigaci\u00f3n \u00e1gil en el caso de maderas"}]},{"@type":"WebSite","@id":"https:\/\/www.eldiario.net\/portal\/#website","url":"https:\/\/www.eldiario.net\/portal\/","name":"El Diario - Decano de la prensa nacional","description":"El Diario - Decano de la prensa nacional","publisher":{"@id":"https:\/\/www.eldiario.net\/portal\/#organization"},"potentialAction":[{"@type":"SearchAction","target":{"@type":"EntryPoint","urlTemplate":"https:\/\/www.eldiario.net\/portal\/?s={search_term_string}"},"query-input":{"@type":"PropertyValueSpecification","valueRequired":true,"valueName":"search_term_string"}}],"inLanguage":"es"},{"@type":"Organization","@id":"https:\/\/www.eldiario.net\/portal\/#organization","name":"El Diario - Decano de la prensa nacional","url":"https:\/\/www.eldiario.net\/portal\/","logo":{"@type":"ImageObject","inLanguage":"es","@id":"https:\/\/www.eldiario.net\/portal\/#\/schema\/logo\/image\/","url":"https:\/\/www.eldiario.net\/portal\/wp-content\/uploads\/2023\/07\/logo_ED.jpg","contentUrl":"https:\/\/www.eldiario.net\/portal\/wp-content\/uploads\/2023\/07\/logo_ED.jpg","width":272,"height":52,"caption":"El Diario - Decano de la prensa nacional"},"image":{"@id":"https:\/\/www.eldiario.net\/portal\/#\/schema\/logo\/image\/"},"sameAs":["https:\/\/www.facebook.com\/eldiario.bolivia\/","https:\/\/x.com\/eldiario_net"]},{"@type":"Person","@id":"https:\/\/www.eldiario.net\/portal\/#\/schema\/person\/f46445640444750d7d753ccd04ae01b7","name":"Jeanette","image":{"@type":"ImageObject","inLanguage":"es","@id":"https:\/\/secure.gravatar.com\/avatar\/3ea2118a5f7dad2b7138b1187a6b7ee55f160b9968b66013c3a3ef39dd7e5798?s=96&d=mm&r=g","url":"https:\/\/secure.gravatar.com\/avatar\/3ea2118a5f7dad2b7138b1187a6b7ee55f160b9968b66013c3a3ef39dd7e5798?s=96&d=mm&r=g","contentUrl":"https:\/\/secure.gravatar.com\/avatar\/3ea2118a5f7dad2b7138b1187a6b7ee55f160b9968b66013c3a3ef39dd7e5798?s=96&d=mm&r=g","caption":"Jeanette"},"sameAs":["https:\/\/www.eldiario.net\/portal"],"url":"https:\/\/www.eldiario.net\/portal\/author\/jeanette\/"}]}},"_links":{"self":[{"href":"https:\/\/www.eldiario.net\/portal\/wp-json\/wp\/v2\/posts\/414388","targetHints":{"allow":["GET"]}}],"collection":[{"href":"https:\/\/www.eldiario.net\/portal\/wp-json\/wp\/v2\/posts"}],"about":[{"href":"https:\/\/www.eldiario.net\/portal\/wp-json\/wp\/v2\/types\/post"}],"author":[{"embeddable":true,"href":"https:\/\/www.eldiario.net\/portal\/wp-json\/wp\/v2\/users\/1"}],"replies":[{"embeddable":true,"href":"https:\/\/www.eldiario.net\/portal\/wp-json\/wp\/v2\/comments?post=414388"}],"version-history":[{"count":1,"href":"https:\/\/www.eldiario.net\/portal\/wp-json\/wp\/v2\/posts\/414388\/revisions"}],"predecessor-version":[{"id":414390,"href":"https:\/\/www.eldiario.net\/portal\/wp-json\/wp\/v2\/posts\/414388\/revisions\/414390"}],"wp:featuredmedia":[{"embeddable":true,"href":"https:\/\/www.eldiario.net\/portal\/wp-json\/wp\/v2\/media\/414389"}],"wp:attachment":[{"href":"https:\/\/www.eldiario.net\/portal\/wp-json\/wp\/v2\/media?parent=414388"}],"wp:term":[{"taxonomy":"category","embeddable":true,"href":"https:\/\/www.eldiario.net\/portal\/wp-json\/wp\/v2\/categories?post=414388"},{"taxonomy":"post_tag","embeddable":true,"href":"https:\/\/www.eldiario.net\/portal\/wp-json\/wp\/v2\/tags?post=414388"}],"curies":[{"name":"wp","href":"https:\/\/api.w.org\/{rel}","templated":true}]}}