{"id":414385,"date":"2026-07-21T06:48:03","date_gmt":"2026-07-21T10:48:03","guid":{"rendered":"https:\/\/www.eldiario.net\/portal\/?p=414385"},"modified":"2026-07-21T06:48:03","modified_gmt":"2026-07-21T10:48:03","slug":"fenomeno-de-el-nino-comienza-a-alterar-el-clima-en-bolivia","status":"publish","type":"post","link":"https:\/\/www.eldiario.net\/portal\/2026\/07\/21\/fenomeno-de-el-nino-comienza-a-alterar-el-clima-en-bolivia\/","title":{"rendered":"Fen\u00f3meno de El Ni\u00f1o comienza  a alterar el clima en Bolivia"},"content":{"rendered":"<p>El fen\u00f3meno de El Ni\u00f1o comenz\u00f3 a mostrar sus primeros efectos en Bolivia mediante cambios en las temperaturas y alteraciones en los patrones habituales de precipitaci\u00f3n, inform\u00f3 el Servicio Nacional de Meteorolog\u00eda e Hidrolog\u00eda.<\/p>\n<p>De acuerdo con el reporte t\u00e9cnico, el evento clim\u00e1tico se encuentra actualmente en una fase moderada, con un \u00edndice aproximado de 1,2. Sin embargo, los pron\u00f3sticos indican que podr\u00eda intensificarse durante los pr\u00f3ximos meses y alcanzar una categor\u00eda fuerte.<\/p>\n<p>Las proyecciones se\u00f1alan que sus efectos podr\u00edan extenderse hasta el primer trimestre de 2027, con mayor incidencia entre febrero y marzo.<\/p>\n<p>Entre los principales riesgos se encuentran periodos prolongados de sequ\u00eda en el altiplano y los valles, mientras que en la regi\u00f3n amaz\u00f3nica podr\u00edan registrarse precipitaciones intensas. Estas condiciones representar\u00edan una amenaza para la producci\u00f3n agr\u00edcola y pecuaria.<\/p>\n<p>Ante este escenario, las autoridades recomendaron a productores y gobiernos subnacionales adoptar medidas preventivas para reducir posibles da\u00f1os y p\u00e9rdidas ocasionadas por la variabilidad clim\u00e1tica.<\/p>\n<p>Paralelamente, el Senamhi emiti\u00f3 una alerta de prioridad naranja por el ingreso de un frente fr\u00edo que provoc\u00f3 un descenso brusco de las temperaturas en varias zonas del pa\u00eds.<\/p>\n<p>La disminuci\u00f3n t\u00e9rmica afecta principalmente al occidente, el Chaco, el tr\u00f3pico de Cochabamba y sectores del oriente, donde se registran temperaturas m\u00ednimas y m\u00e1ximas inferiores a los valores habituales.<\/p>\n<p>Las autoridades pidieron a la poblaci\u00f3n extremar precauciones, debido a que las bajas temperaturas persistir\u00e1n durante los pr\u00f3ximos d\u00edas en gran parte del territorio nacional.<\/p>\n","protected":false},"excerpt":{"rendered":"<p>El fen\u00f3meno de El Ni\u00f1o comenz\u00f3 a mostrar sus primeros efectos en Bolivia mediante cambios en las temperaturas y alteraciones en los patrones habituales de precipitaci\u00f3n, inform\u00f3 el Servicio Nacional de Meteorolog\u00eda e Hidrolog\u00eda. De acuerdo con el reporte t\u00e9cnico, el evento clim\u00e1tico se encuentra actualmente en una fase moderada, con un \u00edndice aproximado de [&hellip;]<\/p>\n","protected":false},"author":1,"featured_media":414386,"comment_status":"closed","ping_status":"open","sticky":false,"template":"","format":"standard","meta":{"_acf_changed":false,"footnotes":""},"categories":[15],"tags":[],"class_list":["post-414385","post","type-post","status-publish","format-standard","has-post-thumbnail","category-portada"],"acf":{"antetitulo":""},"yoast_head":"<!-- This site is optimized with the Yoast SEO plugin v28.4 - https:\/\/yoast.com\/product\/yoast-seo-wordpress\/ -->\n<title>Fen\u00f3meno de El Ni\u00f1o comienza a alterar el clima en Bolivia - El Diario - Bolivia<\/title>\n<meta name=\"robots\" content=\"index, follow, max-snippet:-1, max-image-preview:large, max-video-preview:-1\" \/>\n<link rel=\"canonical\" href=\"https:\/\/www.eldiario.net\/portal\/2026\/07\/21\/fenomeno-de-el-nino-comienza-a-alterar-el-clima-en-bolivia\/\" \/>\n<meta property=\"og:locale\" content=\"es_ES\" \/>\n<meta property=\"og:type\" content=\"article\" \/>\n<meta property=\"og:title\" content=\"Fen\u00f3meno de El Ni\u00f1o comienza a alterar el clima en Bolivia - El Diario - Bolivia\" \/>\n<meta property=\"og:description\" content=\"El fen\u00f3meno de El Ni\u00f1o comenz\u00f3 a mostrar sus primeros efectos en Bolivia mediante cambios en las temperaturas y alteraciones en los patrones habituales de precipitaci\u00f3n, inform\u00f3 el Servicio Nacional de Meteorolog\u00eda e Hidrolog\u00eda. De acuerdo con el reporte t\u00e9cnico, el evento clim\u00e1tico se encuentra actualmente en una fase moderada, con un \u00edndice aproximado de [&hellip;]\" \/>\n<meta property=\"og:url\" content=\"https:\/\/www.eldiario.net\/portal\/2026\/07\/21\/fenomeno-de-el-nino-comienza-a-alterar-el-clima-en-bolivia\/\" \/>\n<meta property=\"og:site_name\" content=\"El Diario - Bolivia\" \/>\n<meta property=\"article:publisher\" content=\"https:\/\/www.facebook.com\/eldiario.bolivia\/\" \/>\n<meta property=\"article:published_time\" content=\"2026-07-21T10:48:03+00:00\" \/>\n<meta property=\"og:image\" content=\"https:\/\/www.eldiario.net\/portal\/wp-content\/uploads\/2026\/07\/FENOMENO-FOTO.webp\" \/>\n\t<meta property=\"og:image:width\" content=\"800\" \/>\n\t<meta property=\"og:image:height\" content=\"450\" \/>\n\t<meta property=\"og:image:type\" content=\"image\/webp\" \/>\n<meta name=\"author\" content=\"Jeanette\" \/>\n<meta name=\"twitter:card\" content=\"summary_large_image\" \/>\n<meta name=\"twitter:creator\" content=\"@eldiario_net\" \/>\n<meta name=\"twitter:site\" content=\"@eldiario_net\" \/>\n<meta name=\"twitter:label1\" content=\"Escrito por\" \/>\n\t<meta name=\"twitter:data1\" content=\"Jeanette\" \/>\n\t<meta name=\"twitter:label2\" content=\"Tiempo de lectura\" \/>\n\t<meta name=\"twitter:data2\" content=\"2 minutos\" \/>\n<script type=\"application\/ld+json\" class=\"yoast-schema-graph\">{\"@context\":\"https:\\\/\\\/schema.org\",\"@graph\":[{\"@type\":\"Article\",\"@id\":\"https:\\\/\\\/www.eldiario.net\\\/portal\\\/2026\\\/07\\\/21\\\/fenomeno-de-el-nino-comienza-a-alterar-el-clima-en-bolivia\\\/#article\",\"isPartOf\":{\"@id\":\"https:\\\/\\\/www.eldiario.net\\\/portal\\\/2026\\\/07\\\/21\\\/fenomeno-de-el-nino-comienza-a-alterar-el-clima-en-bolivia\\\/\"},\"author\":{\"name\":\"Jeanette\",\"@id\":\"https:\\\/\\\/www.eldiario.net\\\/portal\\\/#\\\/schema\\\/person\\\/f46445640444750d7d753ccd04ae01b7\"},\"headline\":\"Fen\u00f3meno de El Ni\u00f1o comienza a alterar el clima en Bolivia\",\"datePublished\":\"2026-07-21T10:48:03+00:00\",\"mainEntityOfPage\":{\"@id\":\"https:\\\/\\\/www.eldiario.net\\\/portal\\\/2026\\\/07\\\/21\\\/fenomeno-de-el-nino-comienza-a-alterar-el-clima-en-bolivia\\\/\"},\"wordCount\":284,\"publisher\":{\"@id\":\"https:\\\/\\\/www.eldiario.net\\\/portal\\\/#organization\"},\"image\":{\"@id\":\"https:\\\/\\\/www.eldiario.net\\\/portal\\\/2026\\\/07\\\/21\\\/fenomeno-de-el-nino-comienza-a-alterar-el-clima-en-bolivia\\\/#primaryimage\"},\"thumbnailUrl\":\"https:\\\/\\\/www.eldiario.net\\\/portal\\\/wp-content\\\/uploads\\\/2026\\\/07\\\/FENOMENO-FOTO.webp\",\"articleSection\":[\"Portada\"],\"inLanguage\":\"es\"},{\"@type\":\"WebPage\",\"@id\":\"https:\\\/\\\/www.eldiario.net\\\/portal\\\/2026\\\/07\\\/21\\\/fenomeno-de-el-nino-comienza-a-alterar-el-clima-en-bolivia\\\/\",\"url\":\"https:\\\/\\\/www.eldiario.net\\\/portal\\\/2026\\\/07\\\/21\\\/fenomeno-de-el-nino-comienza-a-alterar-el-clima-en-bolivia\\\/\",\"name\":\"Fen\u00f3meno de El Ni\u00f1o comienza a alterar el clima en Bolivia - El Diario - Bolivia\",\"isPartOf\":{\"@id\":\"https:\\\/\\\/www.eldiario.net\\\/portal\\\/#website\"},\"primaryImageOfPage\":{\"@id\":\"https:\\\/\\\/www.eldiario.net\\\/portal\\\/2026\\\/07\\\/21\\\/fenomeno-de-el-nino-comienza-a-alterar-el-clima-en-bolivia\\\/#primaryimage\"},\"image\":{\"@id\":\"https:\\\/\\\/www.eldiario.net\\\/portal\\\/2026\\\/07\\\/21\\\/fenomeno-de-el-nino-comienza-a-alterar-el-clima-en-bolivia\\\/#primaryimage\"},\"thumbnailUrl\":\"https:\\\/\\\/www.eldiario.net\\\/portal\\\/wp-content\\\/uploads\\\/2026\\\/07\\\/FENOMENO-FOTO.webp\",\"datePublished\":\"2026-07-21T10:48:03+00:00\",\"breadcrumb\":{\"@id\":\"https:\\\/\\\/www.eldiario.net\\\/portal\\\/2026\\\/07\\\/21\\\/fenomeno-de-el-nino-comienza-a-alterar-el-clima-en-bolivia\\\/#breadcrumb\"},\"inLanguage\":\"es\",\"potentialAction\":[{\"@type\":\"ReadAction\",\"target\":[\"https:\\\/\\\/www.eldiario.net\\\/portal\\\/2026\\\/07\\\/21\\\/fenomeno-de-el-nino-comienza-a-alterar-el-clima-en-bolivia\\\/\"]}]},{\"@type\":\"ImageObject\",\"inLanguage\":\"es\",\"@id\":\"https:\\\/\\\/www.eldiario.net\\\/portal\\\/2026\\\/07\\\/21\\\/fenomeno-de-el-nino-comienza-a-alterar-el-clima-en-bolivia\\\/#primaryimage\",\"url\":\"https:\\\/\\\/www.eldiario.net\\\/portal\\\/wp-content\\\/uploads\\\/2026\\\/07\\\/FENOMENO-FOTO.webp\",\"contentUrl\":\"https:\\\/\\\/www.eldiario.net\\\/portal\\\/wp-content\\\/uploads\\\/2026\\\/07\\\/FENOMENO-FOTO.webp\",\"width\":800,\"height\":450,\"caption\":\"Senamhi emite alerta de prioridad naranja. Foto: Red Uno.\"},{\"@type\":\"BreadcrumbList\",\"@id\":\"https:\\\/\\\/www.eldiario.net\\\/portal\\\/2026\\\/07\\\/21\\\/fenomeno-de-el-nino-comienza-a-alterar-el-clima-en-bolivia\\\/#breadcrumb\",\"itemListElement\":[{\"@type\":\"ListItem\",\"position\":1,\"name\":\"Portada\",\"item\":\"https:\\\/\\\/www.eldiario.net\\\/portal\\\/\"},{\"@type\":\"ListItem\",\"position\":2,\"name\":\"Fen\u00f3meno de El Ni\u00f1o comienza a alterar el clima en Bolivia\"}]},{\"@type\":\"WebSite\",\"@id\":\"https:\\\/\\\/www.eldiario.net\\\/portal\\\/#website\",\"url\":\"https:\\\/\\\/www.eldiario.net\\\/portal\\\/\",\"name\":\"El Diario - Decano de la prensa nacional\",\"description\":\"El Diario - Decano de la prensa nacional\",\"publisher\":{\"@id\":\"https:\\\/\\\/www.eldiario.net\\\/portal\\\/#organization\"},\"potentialAction\":[{\"@type\":\"SearchAction\",\"target\":{\"@type\":\"EntryPoint\",\"urlTemplate\":\"https:\\\/\\\/www.eldiario.net\\\/portal\\\/?s={search_term_string}\"},\"query-input\":{\"@type\":\"PropertyValueSpecification\",\"valueRequired\":true,\"valueName\":\"search_term_string\"}}],\"inLanguage\":\"es\"},{\"@type\":\"Organization\",\"@id\":\"https:\\\/\\\/www.eldiario.net\\\/portal\\\/#organization\",\"name\":\"El Diario - Decano de la prensa nacional\",\"url\":\"https:\\\/\\\/www.eldiario.net\\\/portal\\\/\",\"logo\":{\"@type\":\"ImageObject\",\"inLanguage\":\"es\",\"@id\":\"https:\\\/\\\/www.eldiario.net\\\/portal\\\/#\\\/schema\\\/logo\\\/image\\\/\",\"url\":\"https:\\\/\\\/www.eldiario.net\\\/portal\\\/wp-content\\\/uploads\\\/2023\\\/07\\\/logo_ED.jpg\",\"contentUrl\":\"https:\\\/\\\/www.eldiario.net\\\/portal\\\/wp-content\\\/uploads\\\/2023\\\/07\\\/logo_ED.jpg\",\"width\":272,\"height\":52,\"caption\":\"El Diario - Decano de la prensa nacional\"},\"image\":{\"@id\":\"https:\\\/\\\/www.eldiario.net\\\/portal\\\/#\\\/schema\\\/logo\\\/image\\\/\"},\"sameAs\":[\"https:\\\/\\\/www.facebook.com\\\/eldiario.bolivia\\\/\",\"https:\\\/\\\/x.com\\\/eldiario_net\"]},{\"@type\":\"Person\",\"@id\":\"https:\\\/\\\/www.eldiario.net\\\/portal\\\/#\\\/schema\\\/person\\\/f46445640444750d7d753ccd04ae01b7\",\"name\":\"Jeanette\",\"image\":{\"@type\":\"ImageObject\",\"inLanguage\":\"es\",\"@id\":\"https:\\\/\\\/secure.gravatar.com\\\/avatar\\\/3ea2118a5f7dad2b7138b1187a6b7ee55f160b9968b66013c3a3ef39dd7e5798?s=96&d=mm&r=g\",\"url\":\"https:\\\/\\\/secure.gravatar.com\\\/avatar\\\/3ea2118a5f7dad2b7138b1187a6b7ee55f160b9968b66013c3a3ef39dd7e5798?s=96&d=mm&r=g\",\"contentUrl\":\"https:\\\/\\\/secure.gravatar.com\\\/avatar\\\/3ea2118a5f7dad2b7138b1187a6b7ee55f160b9968b66013c3a3ef39dd7e5798?s=96&d=mm&r=g\",\"caption\":\"Jeanette\"},\"sameAs\":[\"https:\\\/\\\/www.eldiario.net\\\/portal\"],\"url\":\"https:\\\/\\\/www.eldiario.net\\\/portal\\\/author\\\/jeanette\\\/\"}]}<\/script>\n<!-- \/ Yoast SEO plugin. -->","yoast_head_json":{"title":"Fen\u00f3meno de El Ni\u00f1o comienza a alterar el clima en Bolivia - El Diario - Bolivia","robots":{"index":"index","follow":"follow","max-snippet":"max-snippet:-1","max-image-preview":"max-image-preview:large","max-video-preview":"max-video-preview:-1"},"canonical":"https:\/\/www.eldiario.net\/portal\/2026\/07\/21\/fenomeno-de-el-nino-comienza-a-alterar-el-clima-en-bolivia\/","og_locale":"es_ES","og_type":"article","og_title":"Fen\u00f3meno de El Ni\u00f1o comienza a alterar el clima en Bolivia - El Diario - Bolivia","og_description":"El fen\u00f3meno de El Ni\u00f1o comenz\u00f3 a mostrar sus primeros efectos en Bolivia mediante cambios en las temperaturas y alteraciones en los patrones habituales de precipitaci\u00f3n, inform\u00f3 el Servicio Nacional de Meteorolog\u00eda e Hidrolog\u00eda. De acuerdo con el reporte t\u00e9cnico, el evento clim\u00e1tico se encuentra actualmente en una fase moderada, con un \u00edndice aproximado de [&hellip;]","og_url":"https:\/\/www.eldiario.net\/portal\/2026\/07\/21\/fenomeno-de-el-nino-comienza-a-alterar-el-clima-en-bolivia\/","og_site_name":"El Diario - Bolivia","article_publisher":"https:\/\/www.facebook.com\/eldiario.bolivia\/","article_published_time":"2026-07-21T10:48:03+00:00","og_image":[{"width":800,"height":450,"url":"https:\/\/www.eldiario.net\/portal\/wp-content\/uploads\/2026\/07\/FENOMENO-FOTO.webp","type":"image\/webp"}],"author":"Jeanette","twitter_card":"summary_large_image","twitter_creator":"@eldiario_net","twitter_site":"@eldiario_net","twitter_misc":{"Escrito por":"Jeanette","Tiempo de lectura":"2 minutos"},"schema":{"@context":"https:\/\/schema.org","@graph":[{"@type":"Article","@id":"https:\/\/www.eldiario.net\/portal\/2026\/07\/21\/fenomeno-de-el-nino-comienza-a-alterar-el-clima-en-bolivia\/#article","isPartOf":{"@id":"https:\/\/www.eldiario.net\/portal\/2026\/07\/21\/fenomeno-de-el-nino-comienza-a-alterar-el-clima-en-bolivia\/"},"author":{"name":"Jeanette","@id":"https:\/\/www.eldiario.net\/portal\/#\/schema\/person\/f46445640444750d7d753ccd04ae01b7"},"headline":"Fen\u00f3meno de El Ni\u00f1o comienza a alterar el clima en Bolivia","datePublished":"2026-07-21T10:48:03+00:00","mainEntityOfPage":{"@id":"https:\/\/www.eldiario.net\/portal\/2026\/07\/21\/fenomeno-de-el-nino-comienza-a-alterar-el-clima-en-bolivia\/"},"wordCount":284,"publisher":{"@id":"https:\/\/www.eldiario.net\/portal\/#organization"},"image":{"@id":"https:\/\/www.eldiario.net\/portal\/2026\/07\/21\/fenomeno-de-el-nino-comienza-a-alterar-el-clima-en-bolivia\/#primaryimage"},"thumbnailUrl":"https:\/\/www.eldiario.net\/portal\/wp-content\/uploads\/2026\/07\/FENOMENO-FOTO.webp","articleSection":["Portada"],"inLanguage":"es"},{"@type":"WebPage","@id":"https:\/\/www.eldiario.net\/portal\/2026\/07\/21\/fenomeno-de-el-nino-comienza-a-alterar-el-clima-en-bolivia\/","url":"https:\/\/www.eldiario.net\/portal\/2026\/07\/21\/fenomeno-de-el-nino-comienza-a-alterar-el-clima-en-bolivia\/","name":"Fen\u00f3meno de El Ni\u00f1o comienza a alterar el clima en Bolivia - El Diario - Bolivia","isPartOf":{"@id":"https:\/\/www.eldiario.net\/portal\/#website"},"primaryImageOfPage":{"@id":"https:\/\/www.eldiario.net\/portal\/2026\/07\/21\/fenomeno-de-el-nino-comienza-a-alterar-el-clima-en-bolivia\/#primaryimage"},"image":{"@id":"https:\/\/www.eldiario.net\/portal\/2026\/07\/21\/fenomeno-de-el-nino-comienza-a-alterar-el-clima-en-bolivia\/#primaryimage"},"thumbnailUrl":"https:\/\/www.eldiario.net\/portal\/wp-content\/uploads\/2026\/07\/FENOMENO-FOTO.webp","datePublished":"2026-07-21T10:48:03+00:00","breadcrumb":{"@id":"https:\/\/www.eldiario.net\/portal\/2026\/07\/21\/fenomeno-de-el-nino-comienza-a-alterar-el-clima-en-bolivia\/#breadcrumb"},"inLanguage":"es","potentialAction":[{"@type":"ReadAction","target":["https:\/\/www.eldiario.net\/portal\/2026\/07\/21\/fenomeno-de-el-nino-comienza-a-alterar-el-clima-en-bolivia\/"]}]},{"@type":"ImageObject","inLanguage":"es","@id":"https:\/\/www.eldiario.net\/portal\/2026\/07\/21\/fenomeno-de-el-nino-comienza-a-alterar-el-clima-en-bolivia\/#primaryimage","url":"https:\/\/www.eldiario.net\/portal\/wp-content\/uploads\/2026\/07\/FENOMENO-FOTO.webp","contentUrl":"https:\/\/www.eldiario.net\/portal\/wp-content\/uploads\/2026\/07\/FENOMENO-FOTO.webp","width":800,"height":450,"caption":"Senamhi emite alerta de prioridad naranja. Foto: Red Uno."},{"@type":"BreadcrumbList","@id":"https:\/\/www.eldiario.net\/portal\/2026\/07\/21\/fenomeno-de-el-nino-comienza-a-alterar-el-clima-en-bolivia\/#breadcrumb","itemListElement":[{"@type":"ListItem","position":1,"name":"Portada","item":"https:\/\/www.eldiario.net\/portal\/"},{"@type":"ListItem","position":2,"name":"Fen\u00f3meno de El Ni\u00f1o comienza a alterar el clima en Bolivia"}]},{"@type":"WebSite","@id":"https:\/\/www.eldiario.net\/portal\/#website","url":"https:\/\/www.eldiario.net\/portal\/","name":"El Diario - Decano de la prensa nacional","description":"El Diario - Decano de la prensa nacional","publisher":{"@id":"https:\/\/www.eldiario.net\/portal\/#organization"},"potentialAction":[{"@type":"SearchAction","target":{"@type":"EntryPoint","urlTemplate":"https:\/\/www.eldiario.net\/portal\/?s={search_term_string}"},"query-input":{"@type":"PropertyValueSpecification","valueRequired":true,"valueName":"search_term_string"}}],"inLanguage":"es"},{"@type":"Organization","@id":"https:\/\/www.eldiario.net\/portal\/#organization","name":"El Diario - Decano de la prensa nacional","url":"https:\/\/www.eldiario.net\/portal\/","logo":{"@type":"ImageObject","inLanguage":"es","@id":"https:\/\/www.eldiario.net\/portal\/#\/schema\/logo\/image\/","url":"https:\/\/www.eldiario.net\/portal\/wp-content\/uploads\/2023\/07\/logo_ED.jpg","contentUrl":"https:\/\/www.eldiario.net\/portal\/wp-content\/uploads\/2023\/07\/logo_ED.jpg","width":272,"height":52,"caption":"El Diario - Decano de la prensa nacional"},"image":{"@id":"https:\/\/www.eldiario.net\/portal\/#\/schema\/logo\/image\/"},"sameAs":["https:\/\/www.facebook.com\/eldiario.bolivia\/","https:\/\/x.com\/eldiario_net"]},{"@type":"Person","@id":"https:\/\/www.eldiario.net\/portal\/#\/schema\/person\/f46445640444750d7d753ccd04ae01b7","name":"Jeanette","image":{"@type":"ImageObject","inLanguage":"es","@id":"https:\/\/secure.gravatar.com\/avatar\/3ea2118a5f7dad2b7138b1187a6b7ee55f160b9968b66013c3a3ef39dd7e5798?s=96&d=mm&r=g","url":"https:\/\/secure.gravatar.com\/avatar\/3ea2118a5f7dad2b7138b1187a6b7ee55f160b9968b66013c3a3ef39dd7e5798?s=96&d=mm&r=g","contentUrl":"https:\/\/secure.gravatar.com\/avatar\/3ea2118a5f7dad2b7138b1187a6b7ee55f160b9968b66013c3a3ef39dd7e5798?s=96&d=mm&r=g","caption":"Jeanette"},"sameAs":["https:\/\/www.eldiario.net\/portal"],"url":"https:\/\/www.eldiario.net\/portal\/author\/jeanette\/"}]}},"_links":{"self":[{"href":"https:\/\/www.eldiario.net\/portal\/wp-json\/wp\/v2\/posts\/414385","targetHints":{"allow":["GET"]}}],"collection":[{"href":"https:\/\/www.eldiario.net\/portal\/wp-json\/wp\/v2\/posts"}],"about":[{"href":"https:\/\/www.eldiario.net\/portal\/wp-json\/wp\/v2\/types\/post"}],"author":[{"embeddable":true,"href":"https:\/\/www.eldiario.net\/portal\/wp-json\/wp\/v2\/users\/1"}],"replies":[{"embeddable":true,"href":"https:\/\/www.eldiario.net\/portal\/wp-json\/wp\/v2\/comments?post=414385"}],"version-history":[{"count":1,"href":"https:\/\/www.eldiario.net\/portal\/wp-json\/wp\/v2\/posts\/414385\/revisions"}],"predecessor-version":[{"id":414387,"href":"https:\/\/www.eldiario.net\/portal\/wp-json\/wp\/v2\/posts\/414385\/revisions\/414387"}],"wp:featuredmedia":[{"embeddable":true,"href":"https:\/\/www.eldiario.net\/portal\/wp-json\/wp\/v2\/media\/414386"}],"wp:attachment":[{"href":"https:\/\/www.eldiario.net\/portal\/wp-json\/wp\/v2\/media?parent=414385"}],"wp:term":[{"taxonomy":"category","embeddable":true,"href":"https:\/\/www.eldiario.net\/portal\/wp-json\/wp\/v2\/categories?post=414385"},{"taxonomy":"post_tag","embeddable":true,"href":"https:\/\/www.eldiario.net\/portal\/wp-json\/wp\/v2\/tags?post=414385"}],"curies":[{"name":"wp","href":"https:\/\/api.w.org\/{rel}","templated":true}]}}