{"id":414382,"date":"2026-07-21T06:47:37","date_gmt":"2026-07-21T10:47:37","guid":{"rendered":"https:\/\/www.eldiario.net\/portal\/?p=414382"},"modified":"2026-07-21T06:47:37","modified_gmt":"2026-07-21T10:47:37","slug":"incendios-forestales-afectan-a-santa-cruz-tarija-y-cochabamba","status":"publish","type":"post","link":"https:\/\/www.eldiario.net\/portal\/2026\/07\/21\/incendios-forestales-afectan-a-santa-cruz-tarija-y-cochabamba\/","title":{"rendered":"Incendios forestales afectan a  Santa Cruz, Tarija y Cochabamba"},"content":{"rendered":"<p>Santa Cruz, Tarija y Cochabamba registran incendios forestales durante el inicio de la temporada seca en Bolivia, en un escenario marcado por fuertes vientos, escasas precipitaciones y condiciones favorables para la expansi\u00f3n de las llamas.<\/p>\n<p>En Santa Cruz, la Gobernaci\u00f3n report\u00f3 durante el fin de semana cuatro incendios activos. El de mayor magnitud se encuentra en el Parque Nacional y \u00c1rea Natural de Manejo Integrado Otuquis, donde el fuego afect\u00f3 aproximadamente 2.538 hect\u00e1reas.<\/p>\n<p>Otro incendio registrado en la zona de Techo II, en el municipio de Porongo, fue controlado durante el fin de semana. Entretanto, un foco localizado en la carretera Bioce\u00e1nica, entre Pail\u00f3n y San Jos\u00e9 de Chiquitos, permanece bajo observaci\u00f3n. Tambi\u00e9n se inform\u00f3 de actividad t\u00e9rmica en San Mat\u00edas.<\/p>\n<p>Las autoridades contabilizaron ayer alrededor de 1.400 focos de calor en el departamento cruce\u00f1o, lo que mantiene en alerta a los equipos de respuesta.<\/p>\n<p>En Cochabamba, un incendio forestal se propag\u00f3 en el Parque Nacional Tunari y afecta al municipio de Quillacollo, espec\u00edficamente al sector de Liriuni Chocaya. Bomberos y brigadas especializadas fueron desplazados al lugar para contener las llamas.<\/p>\n<p>En Tarija, el fuego afecta al municipio de San Lorenzo y amenaza a la comunidad de Quirusillas, adem\u00e1s de otras zonas cercanas. Debido a su intensidad, las llamas avanzaron hasta el sector de la Cuesta de Sama.<\/p>\n<p>Ante la emergencia, el ministro de Obras P\u00fablicas, Mauricio Zamora, instruy\u00f3 a la Agencia Boliviana Espacial realizar un monitoreo satelital de los incendios forestales y focos de calor, con el objetivo de fortalecer las tareas de prevenci\u00f3n y evitar que los siniestros alcancen mayores proporciones. (Agencias)<\/p>\n<p>&nbsp;<\/p>\n","protected":false},"excerpt":{"rendered":"<p>Santa Cruz, Tarija y Cochabamba registran incendios forestales durante el inicio de la temporada seca en Bolivia, en un escenario marcado por fuertes vientos, escasas precipitaciones y condiciones favorables para la expansi\u00f3n de las llamas. En Santa Cruz, la Gobernaci\u00f3n report\u00f3 durante el fin de semana cuatro incendios activos. El de mayor magnitud se encuentra [&hellip;]<\/p>\n","protected":false},"author":1,"featured_media":414383,"comment_status":"closed","ping_status":"open","sticky":false,"template":"","format":"standard","meta":{"_acf_changed":false,"footnotes":""},"categories":[15],"tags":[],"class_list":["post-414382","post","type-post","status-publish","format-standard","has-post-thumbnail","category-portada"],"acf":{"antetitulo":""},"yoast_head":"<!-- This site is optimized with the Yoast SEO plugin v28.4 - https:\/\/yoast.com\/product\/yoast-seo-wordpress\/ -->\n<title>Incendios forestales afectan a Santa Cruz, Tarija y Cochabamba - El Diario - Bolivia<\/title>\n<meta name=\"robots\" content=\"index, follow, max-snippet:-1, max-image-preview:large, max-video-preview:-1\" \/>\n<link rel=\"canonical\" href=\"https:\/\/www.eldiario.net\/portal\/2026\/07\/21\/incendios-forestales-afectan-a-santa-cruz-tarija-y-cochabamba\/\" \/>\n<meta property=\"og:locale\" content=\"es_ES\" \/>\n<meta property=\"og:type\" content=\"article\" \/>\n<meta property=\"og:title\" content=\"Incendios forestales afectan a Santa Cruz, Tarija y Cochabamba - El Diario - Bolivia\" \/>\n<meta property=\"og:description\" content=\"Santa Cruz, Tarija y Cochabamba registran incendios forestales durante el inicio de la temporada seca en Bolivia, en un escenario marcado por fuertes vientos, escasas precipitaciones y condiciones favorables para la expansi\u00f3n de las llamas. En Santa Cruz, la Gobernaci\u00f3n report\u00f3 durante el fin de semana cuatro incendios activos. El de mayor magnitud se encuentra [&hellip;]\" \/>\n<meta property=\"og:url\" content=\"https:\/\/www.eldiario.net\/portal\/2026\/07\/21\/incendios-forestales-afectan-a-santa-cruz-tarija-y-cochabamba\/\" \/>\n<meta property=\"og:site_name\" content=\"El Diario - Bolivia\" \/>\n<meta property=\"article:publisher\" content=\"https:\/\/www.facebook.com\/eldiario.bolivia\/\" \/>\n<meta property=\"article:published_time\" content=\"2026-07-21T10:47:37+00:00\" \/>\n<meta property=\"og:image\" content=\"https:\/\/www.eldiario.net\/portal\/wp-content\/uploads\/2026\/07\/FORES-FOTO.webp\" \/>\n\t<meta property=\"og:image:width\" content=\"1142\" \/>\n\t<meta property=\"og:image:height\" content=\"545\" \/>\n\t<meta property=\"og:image:type\" content=\"image\/webp\" \/>\n<meta name=\"author\" content=\"Jeanette\" \/>\n<meta name=\"twitter:card\" content=\"summary_large_image\" \/>\n<meta name=\"twitter:creator\" content=\"@eldiario_net\" \/>\n<meta name=\"twitter:site\" content=\"@eldiario_net\" \/>\n<meta name=\"twitter:label1\" content=\"Escrito por\" \/>\n\t<meta name=\"twitter:data1\" content=\"Jeanette\" \/>\n\t<meta name=\"twitter:label2\" content=\"Tiempo de lectura\" \/>\n\t<meta name=\"twitter:data2\" content=\"2 minutos\" \/>\n<script type=\"application\/ld+json\" class=\"yoast-schema-graph\">{\"@context\":\"https:\\\/\\\/schema.org\",\"@graph\":[{\"@type\":\"Article\",\"@id\":\"https:\\\/\\\/www.eldiario.net\\\/portal\\\/2026\\\/07\\\/21\\\/incendios-forestales-afectan-a-santa-cruz-tarija-y-cochabamba\\\/#article\",\"isPartOf\":{\"@id\":\"https:\\\/\\\/www.eldiario.net\\\/portal\\\/2026\\\/07\\\/21\\\/incendios-forestales-afectan-a-santa-cruz-tarija-y-cochabamba\\\/\"},\"author\":{\"name\":\"Jeanette\",\"@id\":\"https:\\\/\\\/www.eldiario.net\\\/portal\\\/#\\\/schema\\\/person\\\/f46445640444750d7d753ccd04ae01b7\"},\"headline\":\"Incendios forestales afectan a Santa Cruz, Tarija y Cochabamba\",\"datePublished\":\"2026-07-21T10:47:37+00:00\",\"mainEntityOfPage\":{\"@id\":\"https:\\\/\\\/www.eldiario.net\\\/portal\\\/2026\\\/07\\\/21\\\/incendios-forestales-afectan-a-santa-cruz-tarija-y-cochabamba\\\/\"},\"wordCount\":286,\"publisher\":{\"@id\":\"https:\\\/\\\/www.eldiario.net\\\/portal\\\/#organization\"},\"image\":{\"@id\":\"https:\\\/\\\/www.eldiario.net\\\/portal\\\/2026\\\/07\\\/21\\\/incendios-forestales-afectan-a-santa-cruz-tarija-y-cochabamba\\\/#primaryimage\"},\"thumbnailUrl\":\"https:\\\/\\\/www.eldiario.net\\\/portal\\\/wp-content\\\/uploads\\\/2026\\\/07\\\/FORES-FOTO.webp\",\"articleSection\":[\"Portada\"],\"inLanguage\":\"es\"},{\"@type\":\"WebPage\",\"@id\":\"https:\\\/\\\/www.eldiario.net\\\/portal\\\/2026\\\/07\\\/21\\\/incendios-forestales-afectan-a-santa-cruz-tarija-y-cochabamba\\\/\",\"url\":\"https:\\\/\\\/www.eldiario.net\\\/portal\\\/2026\\\/07\\\/21\\\/incendios-forestales-afectan-a-santa-cruz-tarija-y-cochabamba\\\/\",\"name\":\"Incendios forestales afectan a Santa Cruz, Tarija y Cochabamba - El Diario - Bolivia\",\"isPartOf\":{\"@id\":\"https:\\\/\\\/www.eldiario.net\\\/portal\\\/#website\"},\"primaryImageOfPage\":{\"@id\":\"https:\\\/\\\/www.eldiario.net\\\/portal\\\/2026\\\/07\\\/21\\\/incendios-forestales-afectan-a-santa-cruz-tarija-y-cochabamba\\\/#primaryimage\"},\"image\":{\"@id\":\"https:\\\/\\\/www.eldiario.net\\\/portal\\\/2026\\\/07\\\/21\\\/incendios-forestales-afectan-a-santa-cruz-tarija-y-cochabamba\\\/#primaryimage\"},\"thumbnailUrl\":\"https:\\\/\\\/www.eldiario.net\\\/portal\\\/wp-content\\\/uploads\\\/2026\\\/07\\\/FORES-FOTO.webp\",\"datePublished\":\"2026-07-21T10:47:37+00:00\",\"breadcrumb\":{\"@id\":\"https:\\\/\\\/www.eldiario.net\\\/portal\\\/2026\\\/07\\\/21\\\/incendios-forestales-afectan-a-santa-cruz-tarija-y-cochabamba\\\/#breadcrumb\"},\"inLanguage\":\"es\",\"potentialAction\":[{\"@type\":\"ReadAction\",\"target\":[\"https:\\\/\\\/www.eldiario.net\\\/portal\\\/2026\\\/07\\\/21\\\/incendios-forestales-afectan-a-santa-cruz-tarija-y-cochabamba\\\/\"]}]},{\"@type\":\"ImageObject\",\"inLanguage\":\"es\",\"@id\":\"https:\\\/\\\/www.eldiario.net\\\/portal\\\/2026\\\/07\\\/21\\\/incendios-forestales-afectan-a-santa-cruz-tarija-y-cochabamba\\\/#primaryimage\",\"url\":\"https:\\\/\\\/www.eldiario.net\\\/portal\\\/wp-content\\\/uploads\\\/2026\\\/07\\\/FORES-FOTO.webp\",\"contentUrl\":\"https:\\\/\\\/www.eldiario.net\\\/portal\\\/wp-content\\\/uploads\\\/2026\\\/07\\\/FORES-FOTO.webp\",\"width\":1142,\"height\":545,\"caption\":\"En San Lorenzo y la zona de Miraflores en Tarija poblaci\u00f3n ayuda a contener el fuego. Foto: Min. Obras P\u00fablicas.\"},{\"@type\":\"BreadcrumbList\",\"@id\":\"https:\\\/\\\/www.eldiario.net\\\/portal\\\/2026\\\/07\\\/21\\\/incendios-forestales-afectan-a-santa-cruz-tarija-y-cochabamba\\\/#breadcrumb\",\"itemListElement\":[{\"@type\":\"ListItem\",\"position\":1,\"name\":\"Portada\",\"item\":\"https:\\\/\\\/www.eldiario.net\\\/portal\\\/\"},{\"@type\":\"ListItem\",\"position\":2,\"name\":\"Incendios forestales afectan a Santa Cruz, Tarija y Cochabamba\"}]},{\"@type\":\"WebSite\",\"@id\":\"https:\\\/\\\/www.eldiario.net\\\/portal\\\/#website\",\"url\":\"https:\\\/\\\/www.eldiario.net\\\/portal\\\/\",\"name\":\"El Diario - Decano de la prensa nacional\",\"description\":\"El Diario - Decano de la prensa nacional\",\"publisher\":{\"@id\":\"https:\\\/\\\/www.eldiario.net\\\/portal\\\/#organization\"},\"potentialAction\":[{\"@type\":\"SearchAction\",\"target\":{\"@type\":\"EntryPoint\",\"urlTemplate\":\"https:\\\/\\\/www.eldiario.net\\\/portal\\\/?s={search_term_string}\"},\"query-input\":{\"@type\":\"PropertyValueSpecification\",\"valueRequired\":true,\"valueName\":\"search_term_string\"}}],\"inLanguage\":\"es\"},{\"@type\":\"Organization\",\"@id\":\"https:\\\/\\\/www.eldiario.net\\\/portal\\\/#organization\",\"name\":\"El Diario - Decano de la prensa nacional\",\"url\":\"https:\\\/\\\/www.eldiario.net\\\/portal\\\/\",\"logo\":{\"@type\":\"ImageObject\",\"inLanguage\":\"es\",\"@id\":\"https:\\\/\\\/www.eldiario.net\\\/portal\\\/#\\\/schema\\\/logo\\\/image\\\/\",\"url\":\"https:\\\/\\\/www.eldiario.net\\\/portal\\\/wp-content\\\/uploads\\\/2023\\\/07\\\/logo_ED.jpg\",\"contentUrl\":\"https:\\\/\\\/www.eldiario.net\\\/portal\\\/wp-content\\\/uploads\\\/2023\\\/07\\\/logo_ED.jpg\",\"width\":272,\"height\":52,\"caption\":\"El Diario - Decano de la prensa nacional\"},\"image\":{\"@id\":\"https:\\\/\\\/www.eldiario.net\\\/portal\\\/#\\\/schema\\\/logo\\\/image\\\/\"},\"sameAs\":[\"https:\\\/\\\/www.facebook.com\\\/eldiario.bolivia\\\/\",\"https:\\\/\\\/x.com\\\/eldiario_net\"]},{\"@type\":\"Person\",\"@id\":\"https:\\\/\\\/www.eldiario.net\\\/portal\\\/#\\\/schema\\\/person\\\/f46445640444750d7d753ccd04ae01b7\",\"name\":\"Jeanette\",\"image\":{\"@type\":\"ImageObject\",\"inLanguage\":\"es\",\"@id\":\"https:\\\/\\\/secure.gravatar.com\\\/avatar\\\/3ea2118a5f7dad2b7138b1187a6b7ee55f160b9968b66013c3a3ef39dd7e5798?s=96&d=mm&r=g\",\"url\":\"https:\\\/\\\/secure.gravatar.com\\\/avatar\\\/3ea2118a5f7dad2b7138b1187a6b7ee55f160b9968b66013c3a3ef39dd7e5798?s=96&d=mm&r=g\",\"contentUrl\":\"https:\\\/\\\/secure.gravatar.com\\\/avatar\\\/3ea2118a5f7dad2b7138b1187a6b7ee55f160b9968b66013c3a3ef39dd7e5798?s=96&d=mm&r=g\",\"caption\":\"Jeanette\"},\"sameAs\":[\"https:\\\/\\\/www.eldiario.net\\\/portal\"],\"url\":\"https:\\\/\\\/www.eldiario.net\\\/portal\\\/author\\\/jeanette\\\/\"}]}<\/script>\n<!-- \/ Yoast SEO plugin. -->","yoast_head_json":{"title":"Incendios forestales afectan a Santa Cruz, Tarija y Cochabamba - El Diario - Bolivia","robots":{"index":"index","follow":"follow","max-snippet":"max-snippet:-1","max-image-preview":"max-image-preview:large","max-video-preview":"max-video-preview:-1"},"canonical":"https:\/\/www.eldiario.net\/portal\/2026\/07\/21\/incendios-forestales-afectan-a-santa-cruz-tarija-y-cochabamba\/","og_locale":"es_ES","og_type":"article","og_title":"Incendios forestales afectan a Santa Cruz, Tarija y Cochabamba - El Diario - Bolivia","og_description":"Santa Cruz, Tarija y Cochabamba registran incendios forestales durante el inicio de la temporada seca en Bolivia, en un escenario marcado por fuertes vientos, escasas precipitaciones y condiciones favorables para la expansi\u00f3n de las llamas. En Santa Cruz, la Gobernaci\u00f3n report\u00f3 durante el fin de semana cuatro incendios activos. El de mayor magnitud se encuentra [&hellip;]","og_url":"https:\/\/www.eldiario.net\/portal\/2026\/07\/21\/incendios-forestales-afectan-a-santa-cruz-tarija-y-cochabamba\/","og_site_name":"El Diario - Bolivia","article_publisher":"https:\/\/www.facebook.com\/eldiario.bolivia\/","article_published_time":"2026-07-21T10:47:37+00:00","og_image":[{"width":1142,"height":545,"url":"https:\/\/www.eldiario.net\/portal\/wp-content\/uploads\/2026\/07\/FORES-FOTO.webp","type":"image\/webp"}],"author":"Jeanette","twitter_card":"summary_large_image","twitter_creator":"@eldiario_net","twitter_site":"@eldiario_net","twitter_misc":{"Escrito por":"Jeanette","Tiempo de lectura":"2 minutos"},"schema":{"@context":"https:\/\/schema.org","@graph":[{"@type":"Article","@id":"https:\/\/www.eldiario.net\/portal\/2026\/07\/21\/incendios-forestales-afectan-a-santa-cruz-tarija-y-cochabamba\/#article","isPartOf":{"@id":"https:\/\/www.eldiario.net\/portal\/2026\/07\/21\/incendios-forestales-afectan-a-santa-cruz-tarija-y-cochabamba\/"},"author":{"name":"Jeanette","@id":"https:\/\/www.eldiario.net\/portal\/#\/schema\/person\/f46445640444750d7d753ccd04ae01b7"},"headline":"Incendios forestales afectan a Santa Cruz, Tarija y Cochabamba","datePublished":"2026-07-21T10:47:37+00:00","mainEntityOfPage":{"@id":"https:\/\/www.eldiario.net\/portal\/2026\/07\/21\/incendios-forestales-afectan-a-santa-cruz-tarija-y-cochabamba\/"},"wordCount":286,"publisher":{"@id":"https:\/\/www.eldiario.net\/portal\/#organization"},"image":{"@id":"https:\/\/www.eldiario.net\/portal\/2026\/07\/21\/incendios-forestales-afectan-a-santa-cruz-tarija-y-cochabamba\/#primaryimage"},"thumbnailUrl":"https:\/\/www.eldiario.net\/portal\/wp-content\/uploads\/2026\/07\/FORES-FOTO.webp","articleSection":["Portada"],"inLanguage":"es"},{"@type":"WebPage","@id":"https:\/\/www.eldiario.net\/portal\/2026\/07\/21\/incendios-forestales-afectan-a-santa-cruz-tarija-y-cochabamba\/","url":"https:\/\/www.eldiario.net\/portal\/2026\/07\/21\/incendios-forestales-afectan-a-santa-cruz-tarija-y-cochabamba\/","name":"Incendios forestales afectan a Santa Cruz, Tarija y Cochabamba - El Diario - Bolivia","isPartOf":{"@id":"https:\/\/www.eldiario.net\/portal\/#website"},"primaryImageOfPage":{"@id":"https:\/\/www.eldiario.net\/portal\/2026\/07\/21\/incendios-forestales-afectan-a-santa-cruz-tarija-y-cochabamba\/#primaryimage"},"image":{"@id":"https:\/\/www.eldiario.net\/portal\/2026\/07\/21\/incendios-forestales-afectan-a-santa-cruz-tarija-y-cochabamba\/#primaryimage"},"thumbnailUrl":"https:\/\/www.eldiario.net\/portal\/wp-content\/uploads\/2026\/07\/FORES-FOTO.webp","datePublished":"2026-07-21T10:47:37+00:00","breadcrumb":{"@id":"https:\/\/www.eldiario.net\/portal\/2026\/07\/21\/incendios-forestales-afectan-a-santa-cruz-tarija-y-cochabamba\/#breadcrumb"},"inLanguage":"es","potentialAction":[{"@type":"ReadAction","target":["https:\/\/www.eldiario.net\/portal\/2026\/07\/21\/incendios-forestales-afectan-a-santa-cruz-tarija-y-cochabamba\/"]}]},{"@type":"ImageObject","inLanguage":"es","@id":"https:\/\/www.eldiario.net\/portal\/2026\/07\/21\/incendios-forestales-afectan-a-santa-cruz-tarija-y-cochabamba\/#primaryimage","url":"https:\/\/www.eldiario.net\/portal\/wp-content\/uploads\/2026\/07\/FORES-FOTO.webp","contentUrl":"https:\/\/www.eldiario.net\/portal\/wp-content\/uploads\/2026\/07\/FORES-FOTO.webp","width":1142,"height":545,"caption":"En San Lorenzo y la zona de Miraflores en Tarija poblaci\u00f3n ayuda a contener el fuego. Foto: Min. Obras P\u00fablicas."},{"@type":"BreadcrumbList","@id":"https:\/\/www.eldiario.net\/portal\/2026\/07\/21\/incendios-forestales-afectan-a-santa-cruz-tarija-y-cochabamba\/#breadcrumb","itemListElement":[{"@type":"ListItem","position":1,"name":"Portada","item":"https:\/\/www.eldiario.net\/portal\/"},{"@type":"ListItem","position":2,"name":"Incendios forestales afectan a Santa Cruz, Tarija y Cochabamba"}]},{"@type":"WebSite","@id":"https:\/\/www.eldiario.net\/portal\/#website","url":"https:\/\/www.eldiario.net\/portal\/","name":"El Diario - Decano de la prensa nacional","description":"El Diario - Decano de la prensa nacional","publisher":{"@id":"https:\/\/www.eldiario.net\/portal\/#organization"},"potentialAction":[{"@type":"SearchAction","target":{"@type":"EntryPoint","urlTemplate":"https:\/\/www.eldiario.net\/portal\/?s={search_term_string}"},"query-input":{"@type":"PropertyValueSpecification","valueRequired":true,"valueName":"search_term_string"}}],"inLanguage":"es"},{"@type":"Organization","@id":"https:\/\/www.eldiario.net\/portal\/#organization","name":"El Diario - Decano de la prensa nacional","url":"https:\/\/www.eldiario.net\/portal\/","logo":{"@type":"ImageObject","inLanguage":"es","@id":"https:\/\/www.eldiario.net\/portal\/#\/schema\/logo\/image\/","url":"https:\/\/www.eldiario.net\/portal\/wp-content\/uploads\/2023\/07\/logo_ED.jpg","contentUrl":"https:\/\/www.eldiario.net\/portal\/wp-content\/uploads\/2023\/07\/logo_ED.jpg","width":272,"height":52,"caption":"El Diario - Decano de la prensa nacional"},"image":{"@id":"https:\/\/www.eldiario.net\/portal\/#\/schema\/logo\/image\/"},"sameAs":["https:\/\/www.facebook.com\/eldiario.bolivia\/","https:\/\/x.com\/eldiario_net"]},{"@type":"Person","@id":"https:\/\/www.eldiario.net\/portal\/#\/schema\/person\/f46445640444750d7d753ccd04ae01b7","name":"Jeanette","image":{"@type":"ImageObject","inLanguage":"es","@id":"https:\/\/secure.gravatar.com\/avatar\/3ea2118a5f7dad2b7138b1187a6b7ee55f160b9968b66013c3a3ef39dd7e5798?s=96&d=mm&r=g","url":"https:\/\/secure.gravatar.com\/avatar\/3ea2118a5f7dad2b7138b1187a6b7ee55f160b9968b66013c3a3ef39dd7e5798?s=96&d=mm&r=g","contentUrl":"https:\/\/secure.gravatar.com\/avatar\/3ea2118a5f7dad2b7138b1187a6b7ee55f160b9968b66013c3a3ef39dd7e5798?s=96&d=mm&r=g","caption":"Jeanette"},"sameAs":["https:\/\/www.eldiario.net\/portal"],"url":"https:\/\/www.eldiario.net\/portal\/author\/jeanette\/"}]}},"_links":{"self":[{"href":"https:\/\/www.eldiario.net\/portal\/wp-json\/wp\/v2\/posts\/414382","targetHints":{"allow":["GET"]}}],"collection":[{"href":"https:\/\/www.eldiario.net\/portal\/wp-json\/wp\/v2\/posts"}],"about":[{"href":"https:\/\/www.eldiario.net\/portal\/wp-json\/wp\/v2\/types\/post"}],"author":[{"embeddable":true,"href":"https:\/\/www.eldiario.net\/portal\/wp-json\/wp\/v2\/users\/1"}],"replies":[{"embeddable":true,"href":"https:\/\/www.eldiario.net\/portal\/wp-json\/wp\/v2\/comments?post=414382"}],"version-history":[{"count":1,"href":"https:\/\/www.eldiario.net\/portal\/wp-json\/wp\/v2\/posts\/414382\/revisions"}],"predecessor-version":[{"id":414384,"href":"https:\/\/www.eldiario.net\/portal\/wp-json\/wp\/v2\/posts\/414382\/revisions\/414384"}],"wp:featuredmedia":[{"embeddable":true,"href":"https:\/\/www.eldiario.net\/portal\/wp-json\/wp\/v2\/media\/414383"}],"wp:attachment":[{"href":"https:\/\/www.eldiario.net\/portal\/wp-json\/wp\/v2\/media?parent=414382"}],"wp:term":[{"taxonomy":"category","embeddable":true,"href":"https:\/\/www.eldiario.net\/portal\/wp-json\/wp\/v2\/categories?post=414382"},{"taxonomy":"post_tag","embeddable":true,"href":"https:\/\/www.eldiario.net\/portal\/wp-json\/wp\/v2\/tags?post=414382"}],"curies":[{"name":"wp","href":"https:\/\/api.w.org\/{rel}","templated":true}]}}