{"id":414119,"date":"2026-07-20T06:46:42","date_gmt":"2026-07-20T10:46:42","guid":{"rendered":"https:\/\/www.eldiario.net\/portal\/?p=414119"},"modified":"2026-07-20T06:46:42","modified_gmt":"2026-07-20T10:46:42","slug":"aseguran-que-acuerdo-con-fmi-sera-clave-para-reducir-deficit-fiscal","status":"publish","type":"post","link":"https:\/\/www.eldiario.net\/portal\/2026\/07\/20\/aseguran-que-acuerdo-con-fmi-sera-clave-para-reducir-deficit-fiscal\/","title":{"rendered":"Aseguran que acuerdo con FMI  ser\u00e1 clave para reducir d\u00e9ficit fiscal"},"content":{"rendered":"<p>El ministro de la Presidencia, Jos\u00e9 Luis Lupo, indic\u00f3 que un acuerdo con el Fondo Monetario Internacional (FMI) ser\u00e1 fundamental para enfrentar el d\u00e9ficit fiscal y garantizar la estabilidad econ\u00f3mica del pa\u00eds.<br \/>\n\u201cEs indispensable un acuerdo con el Fondo Monetario Internacional\u201d, manifest\u00f3 la autoridad gubernamental, pero aclar\u00f3 que este no es el \u00fanico mecanismo para enfrentar la situaci\u00f3n econ\u00f3mica del pa\u00eds.<br \/>\nExplic\u00f3 que el d\u00e9ficit fiscal contin\u00faa siendo el principal desaf\u00edo econ\u00f3mico de Bolivia y advirti\u00f3 que financiarlo con recursos del Banco Central de Bolivia (BCB) genera presiones inflacionarias y limita el acceso al cr\u00e9dito para el sector privado.<br \/>\nAdem\u00e1s, sostuvo que el Gobierno trabaja en un programa de pol\u00edticas macroecon\u00f3micas que permitir\u00e1 avanzar en una eventual negociaci\u00f3n con el organismo internacional. Este programa contempla la reducci\u00f3n del d\u00e9ficit fiscal, la unificaci\u00f3n del tipo de cambio y una pol\u00edtica adecuada de tasas de inter\u00e9s.<br \/>\nApunt\u00f3 que un eventual acuerdo con el FMI permitir\u00eda acceder a financiamiento en mejores condiciones y facilitar\u00eda la llegada de recursos de otros organismos multilaterales, como el Banco Interamericano de Desarrollo (BID) y el Banco Mundial (BM) mediante pr\u00e9stamos vinculados al cumplimiento de reformas econ\u00f3micas.<br \/>\nSeg\u00fan Lupo, ser\u00e1 el Ministerio de Econom\u00eda el encargado de presentar los detalles del programa econ\u00f3mico, el nivel de endeudamiento y las condiciones de un eventual acuerdo con el FMI.<br \/>\nRespecto a este \u00faltimo punto, indic\u00f3: \u201clas condiciones son tan obvias que nos las hemos puesto nosotros: tener un d\u00e9ficit fiscal m\u00e1s bajo, un r\u00e9gimen unificado cambiario, una pol\u00edtica de tasas de inter\u00e9s adecuada\u201d.<\/p>\n","protected":false},"excerpt":{"rendered":"<p>El ministro de la Presidencia, Jos\u00e9 Luis Lupo, indic\u00f3 que un acuerdo con el Fondo Monetario Internacional (FMI) ser\u00e1 fundamental para enfrentar el d\u00e9ficit fiscal y garantizar la estabilidad econ\u00f3mica del pa\u00eds. \u201cEs indispensable un acuerdo con el Fondo Monetario Internacional\u201d, manifest\u00f3 la autoridad gubernamental, pero aclar\u00f3 que este no es el \u00fanico mecanismo para [&hellip;]<\/p>\n","protected":false},"author":1,"featured_media":414120,"comment_status":"closed","ping_status":"open","sticky":false,"template":"","format":"standard","meta":{"_acf_changed":false,"footnotes":""},"categories":[7],"tags":[],"class_list":["post-414119","post","type-post","status-publish","format-standard","has-post-thumbnail","category-economia"],"acf":{"antetitulo":""},"yoast_head":"<!-- This site is optimized with the Yoast SEO plugin v28.3 - https:\/\/yoast.com\/product\/yoast-seo-wordpress\/ -->\n<title>Aseguran que acuerdo con FMI ser\u00e1 clave para reducir d\u00e9ficit fiscal - El Diario - Bolivia<\/title>\n<meta name=\"robots\" content=\"index, follow, max-snippet:-1, max-image-preview:large, max-video-preview:-1\" \/>\n<link rel=\"canonical\" href=\"https:\/\/www.eldiario.net\/portal\/2026\/07\/20\/aseguran-que-acuerdo-con-fmi-sera-clave-para-reducir-deficit-fiscal\/\" \/>\n<meta property=\"og:locale\" content=\"es_ES\" \/>\n<meta property=\"og:type\" content=\"article\" \/>\n<meta property=\"og:title\" content=\"Aseguran que acuerdo con FMI ser\u00e1 clave para reducir d\u00e9ficit fiscal - El Diario - Bolivia\" \/>\n<meta property=\"og:description\" content=\"El ministro de la Presidencia, Jos\u00e9 Luis Lupo, indic\u00f3 que un acuerdo con el Fondo Monetario Internacional (FMI) ser\u00e1 fundamental para enfrentar el d\u00e9ficit fiscal y garantizar la estabilidad econ\u00f3mica del pa\u00eds. \u201cEs indispensable un acuerdo con el Fondo Monetario Internacional\u201d, manifest\u00f3 la autoridad gubernamental, pero aclar\u00f3 que este no es el \u00fanico mecanismo para [&hellip;]\" \/>\n<meta property=\"og:url\" content=\"https:\/\/www.eldiario.net\/portal\/2026\/07\/20\/aseguran-que-acuerdo-con-fmi-sera-clave-para-reducir-deficit-fiscal\/\" \/>\n<meta property=\"og:site_name\" content=\"El Diario - Bolivia\" \/>\n<meta property=\"article:publisher\" content=\"https:\/\/www.facebook.com\/eldiario.bolivia\/\" \/>\n<meta property=\"article:published_time\" content=\"2026-07-20T10:46:42+00:00\" \/>\n<meta property=\"og:image\" content=\"https:\/\/www.eldiario.net\/portal\/wp-content\/uploads\/2026\/07\/F-2-FMI.webp\" \/>\n\t<meta property=\"og:image:width\" content=\"447\" \/>\n\t<meta property=\"og:image:height\" content=\"373\" \/>\n\t<meta property=\"og:image:type\" content=\"image\/webp\" \/>\n<meta name=\"author\" content=\"Jeanette\" \/>\n<meta name=\"twitter:card\" content=\"summary_large_image\" \/>\n<meta name=\"twitter:creator\" content=\"@eldiario_net\" \/>\n<meta name=\"twitter:site\" content=\"@eldiario_net\" \/>\n<meta name=\"twitter:label1\" content=\"Escrito por\" \/>\n\t<meta name=\"twitter:data1\" content=\"Jeanette\" \/>\n\t<meta name=\"twitter:label2\" content=\"Tiempo de lectura\" \/>\n\t<meta name=\"twitter:data2\" content=\"2 minutos\" \/>\n<script type=\"application\/ld+json\" class=\"yoast-schema-graph\">{\"@context\":\"https:\\\/\\\/schema.org\",\"@graph\":[{\"@type\":\"Article\",\"@id\":\"https:\\\/\\\/www.eldiario.net\\\/portal\\\/2026\\\/07\\\/20\\\/aseguran-que-acuerdo-con-fmi-sera-clave-para-reducir-deficit-fiscal\\\/#article\",\"isPartOf\":{\"@id\":\"https:\\\/\\\/www.eldiario.net\\\/portal\\\/2026\\\/07\\\/20\\\/aseguran-que-acuerdo-con-fmi-sera-clave-para-reducir-deficit-fiscal\\\/\"},\"author\":{\"name\":\"Jeanette\",\"@id\":\"https:\\\/\\\/www.eldiario.net\\\/portal\\\/#\\\/schema\\\/person\\\/f46445640444750d7d753ccd04ae01b7\"},\"headline\":\"Aseguran que acuerdo con FMI ser\u00e1 clave para reducir d\u00e9ficit fiscal\",\"datePublished\":\"2026-07-20T10:46:42+00:00\",\"mainEntityOfPage\":{\"@id\":\"https:\\\/\\\/www.eldiario.net\\\/portal\\\/2026\\\/07\\\/20\\\/aseguran-que-acuerdo-con-fmi-sera-clave-para-reducir-deficit-fiscal\\\/\"},\"wordCount\":297,\"publisher\":{\"@id\":\"https:\\\/\\\/www.eldiario.net\\\/portal\\\/#organization\"},\"image\":{\"@id\":\"https:\\\/\\\/www.eldiario.net\\\/portal\\\/2026\\\/07\\\/20\\\/aseguran-que-acuerdo-con-fmi-sera-clave-para-reducir-deficit-fiscal\\\/#primaryimage\"},\"thumbnailUrl\":\"https:\\\/\\\/www.eldiario.net\\\/portal\\\/wp-content\\\/uploads\\\/2026\\\/07\\\/F-2-FMI.webp\",\"articleSection\":[\"Econom\u00eda\"],\"inLanguage\":\"es\"},{\"@type\":\"WebPage\",\"@id\":\"https:\\\/\\\/www.eldiario.net\\\/portal\\\/2026\\\/07\\\/20\\\/aseguran-que-acuerdo-con-fmi-sera-clave-para-reducir-deficit-fiscal\\\/\",\"url\":\"https:\\\/\\\/www.eldiario.net\\\/portal\\\/2026\\\/07\\\/20\\\/aseguran-que-acuerdo-con-fmi-sera-clave-para-reducir-deficit-fiscal\\\/\",\"name\":\"Aseguran que acuerdo con FMI ser\u00e1 clave para reducir d\u00e9ficit fiscal - El Diario - Bolivia\",\"isPartOf\":{\"@id\":\"https:\\\/\\\/www.eldiario.net\\\/portal\\\/#website\"},\"primaryImageOfPage\":{\"@id\":\"https:\\\/\\\/www.eldiario.net\\\/portal\\\/2026\\\/07\\\/20\\\/aseguran-que-acuerdo-con-fmi-sera-clave-para-reducir-deficit-fiscal\\\/#primaryimage\"},\"image\":{\"@id\":\"https:\\\/\\\/www.eldiario.net\\\/portal\\\/2026\\\/07\\\/20\\\/aseguran-que-acuerdo-con-fmi-sera-clave-para-reducir-deficit-fiscal\\\/#primaryimage\"},\"thumbnailUrl\":\"https:\\\/\\\/www.eldiario.net\\\/portal\\\/wp-content\\\/uploads\\\/2026\\\/07\\\/F-2-FMI.webp\",\"datePublished\":\"2026-07-20T10:46:42+00:00\",\"breadcrumb\":{\"@id\":\"https:\\\/\\\/www.eldiario.net\\\/portal\\\/2026\\\/07\\\/20\\\/aseguran-que-acuerdo-con-fmi-sera-clave-para-reducir-deficit-fiscal\\\/#breadcrumb\"},\"inLanguage\":\"es\",\"potentialAction\":[{\"@type\":\"ReadAction\",\"target\":[\"https:\\\/\\\/www.eldiario.net\\\/portal\\\/2026\\\/07\\\/20\\\/aseguran-que-acuerdo-con-fmi-sera-clave-para-reducir-deficit-fiscal\\\/\"]}]},{\"@type\":\"ImageObject\",\"inLanguage\":\"es\",\"@id\":\"https:\\\/\\\/www.eldiario.net\\\/portal\\\/2026\\\/07\\\/20\\\/aseguran-que-acuerdo-con-fmi-sera-clave-para-reducir-deficit-fiscal\\\/#primaryimage\",\"url\":\"https:\\\/\\\/www.eldiario.net\\\/portal\\\/wp-content\\\/uploads\\\/2026\\\/07\\\/F-2-FMI.webp\",\"contentUrl\":\"https:\\\/\\\/www.eldiario.net\\\/portal\\\/wp-content\\\/uploads\\\/2026\\\/07\\\/F-2-FMI.webp\",\"width\":447,\"height\":373,\"caption\":\"El ministro de la Presidencia de Bolivia, Jos\u00e9 Luis Lupo.\"},{\"@type\":\"BreadcrumbList\",\"@id\":\"https:\\\/\\\/www.eldiario.net\\\/portal\\\/2026\\\/07\\\/20\\\/aseguran-que-acuerdo-con-fmi-sera-clave-para-reducir-deficit-fiscal\\\/#breadcrumb\",\"itemListElement\":[{\"@type\":\"ListItem\",\"position\":1,\"name\":\"Portada\",\"item\":\"https:\\\/\\\/www.eldiario.net\\\/portal\\\/\"},{\"@type\":\"ListItem\",\"position\":2,\"name\":\"Aseguran que acuerdo con FMI ser\u00e1 clave para reducir d\u00e9ficit fiscal\"}]},{\"@type\":\"WebSite\",\"@id\":\"https:\\\/\\\/www.eldiario.net\\\/portal\\\/#website\",\"url\":\"https:\\\/\\\/www.eldiario.net\\\/portal\\\/\",\"name\":\"El Diario - Decano de la prensa nacional\",\"description\":\"El Diario - Decano de la prensa nacional\",\"publisher\":{\"@id\":\"https:\\\/\\\/www.eldiario.net\\\/portal\\\/#organization\"},\"potentialAction\":[{\"@type\":\"SearchAction\",\"target\":{\"@type\":\"EntryPoint\",\"urlTemplate\":\"https:\\\/\\\/www.eldiario.net\\\/portal\\\/?s={search_term_string}\"},\"query-input\":{\"@type\":\"PropertyValueSpecification\",\"valueRequired\":true,\"valueName\":\"search_term_string\"}}],\"inLanguage\":\"es\"},{\"@type\":\"Organization\",\"@id\":\"https:\\\/\\\/www.eldiario.net\\\/portal\\\/#organization\",\"name\":\"El Diario - Decano de la prensa nacional\",\"url\":\"https:\\\/\\\/www.eldiario.net\\\/portal\\\/\",\"logo\":{\"@type\":\"ImageObject\",\"inLanguage\":\"es\",\"@id\":\"https:\\\/\\\/www.eldiario.net\\\/portal\\\/#\\\/schema\\\/logo\\\/image\\\/\",\"url\":\"https:\\\/\\\/www.eldiario.net\\\/portal\\\/wp-content\\\/uploads\\\/2023\\\/07\\\/logo_ED.jpg\",\"contentUrl\":\"https:\\\/\\\/www.eldiario.net\\\/portal\\\/wp-content\\\/uploads\\\/2023\\\/07\\\/logo_ED.jpg\",\"width\":272,\"height\":52,\"caption\":\"El Diario - Decano de la prensa nacional\"},\"image\":{\"@id\":\"https:\\\/\\\/www.eldiario.net\\\/portal\\\/#\\\/schema\\\/logo\\\/image\\\/\"},\"sameAs\":[\"https:\\\/\\\/www.facebook.com\\\/eldiario.bolivia\\\/\",\"https:\\\/\\\/x.com\\\/eldiario_net\"]},{\"@type\":\"Person\",\"@id\":\"https:\\\/\\\/www.eldiario.net\\\/portal\\\/#\\\/schema\\\/person\\\/f46445640444750d7d753ccd04ae01b7\",\"name\":\"Jeanette\",\"image\":{\"@type\":\"ImageObject\",\"inLanguage\":\"es\",\"@id\":\"https:\\\/\\\/secure.gravatar.com\\\/avatar\\\/3ea2118a5f7dad2b7138b1187a6b7ee55f160b9968b66013c3a3ef39dd7e5798?s=96&d=mm&r=g\",\"url\":\"https:\\\/\\\/secure.gravatar.com\\\/avatar\\\/3ea2118a5f7dad2b7138b1187a6b7ee55f160b9968b66013c3a3ef39dd7e5798?s=96&d=mm&r=g\",\"contentUrl\":\"https:\\\/\\\/secure.gravatar.com\\\/avatar\\\/3ea2118a5f7dad2b7138b1187a6b7ee55f160b9968b66013c3a3ef39dd7e5798?s=96&d=mm&r=g\",\"caption\":\"Jeanette\"},\"sameAs\":[\"https:\\\/\\\/www.eldiario.net\\\/portal\"],\"url\":\"https:\\\/\\\/www.eldiario.net\\\/portal\\\/author\\\/jeanette\\\/\"}]}<\/script>\n<!-- \/ Yoast SEO plugin. -->","yoast_head_json":{"title":"Aseguran que acuerdo con FMI ser\u00e1 clave para reducir d\u00e9ficit fiscal - El Diario - Bolivia","robots":{"index":"index","follow":"follow","max-snippet":"max-snippet:-1","max-image-preview":"max-image-preview:large","max-video-preview":"max-video-preview:-1"},"canonical":"https:\/\/www.eldiario.net\/portal\/2026\/07\/20\/aseguran-que-acuerdo-con-fmi-sera-clave-para-reducir-deficit-fiscal\/","og_locale":"es_ES","og_type":"article","og_title":"Aseguran que acuerdo con FMI ser\u00e1 clave para reducir d\u00e9ficit fiscal - El Diario - Bolivia","og_description":"El ministro de la Presidencia, Jos\u00e9 Luis Lupo, indic\u00f3 que un acuerdo con el Fondo Monetario Internacional (FMI) ser\u00e1 fundamental para enfrentar el d\u00e9ficit fiscal y garantizar la estabilidad econ\u00f3mica del pa\u00eds. \u201cEs indispensable un acuerdo con el Fondo Monetario Internacional\u201d, manifest\u00f3 la autoridad gubernamental, pero aclar\u00f3 que este no es el \u00fanico mecanismo para [&hellip;]","og_url":"https:\/\/www.eldiario.net\/portal\/2026\/07\/20\/aseguran-que-acuerdo-con-fmi-sera-clave-para-reducir-deficit-fiscal\/","og_site_name":"El Diario - Bolivia","article_publisher":"https:\/\/www.facebook.com\/eldiario.bolivia\/","article_published_time":"2026-07-20T10:46:42+00:00","og_image":[{"width":447,"height":373,"url":"https:\/\/www.eldiario.net\/portal\/wp-content\/uploads\/2026\/07\/F-2-FMI.webp","type":"image\/webp"}],"author":"Jeanette","twitter_card":"summary_large_image","twitter_creator":"@eldiario_net","twitter_site":"@eldiario_net","twitter_misc":{"Escrito por":"Jeanette","Tiempo de lectura":"2 minutos"},"schema":{"@context":"https:\/\/schema.org","@graph":[{"@type":"Article","@id":"https:\/\/www.eldiario.net\/portal\/2026\/07\/20\/aseguran-que-acuerdo-con-fmi-sera-clave-para-reducir-deficit-fiscal\/#article","isPartOf":{"@id":"https:\/\/www.eldiario.net\/portal\/2026\/07\/20\/aseguran-que-acuerdo-con-fmi-sera-clave-para-reducir-deficit-fiscal\/"},"author":{"name":"Jeanette","@id":"https:\/\/www.eldiario.net\/portal\/#\/schema\/person\/f46445640444750d7d753ccd04ae01b7"},"headline":"Aseguran que acuerdo con FMI ser\u00e1 clave para reducir d\u00e9ficit fiscal","datePublished":"2026-07-20T10:46:42+00:00","mainEntityOfPage":{"@id":"https:\/\/www.eldiario.net\/portal\/2026\/07\/20\/aseguran-que-acuerdo-con-fmi-sera-clave-para-reducir-deficit-fiscal\/"},"wordCount":297,"publisher":{"@id":"https:\/\/www.eldiario.net\/portal\/#organization"},"image":{"@id":"https:\/\/www.eldiario.net\/portal\/2026\/07\/20\/aseguran-que-acuerdo-con-fmi-sera-clave-para-reducir-deficit-fiscal\/#primaryimage"},"thumbnailUrl":"https:\/\/www.eldiario.net\/portal\/wp-content\/uploads\/2026\/07\/F-2-FMI.webp","articleSection":["Econom\u00eda"],"inLanguage":"es"},{"@type":"WebPage","@id":"https:\/\/www.eldiario.net\/portal\/2026\/07\/20\/aseguran-que-acuerdo-con-fmi-sera-clave-para-reducir-deficit-fiscal\/","url":"https:\/\/www.eldiario.net\/portal\/2026\/07\/20\/aseguran-que-acuerdo-con-fmi-sera-clave-para-reducir-deficit-fiscal\/","name":"Aseguran que acuerdo con FMI ser\u00e1 clave para reducir d\u00e9ficit fiscal - El Diario - Bolivia","isPartOf":{"@id":"https:\/\/www.eldiario.net\/portal\/#website"},"primaryImageOfPage":{"@id":"https:\/\/www.eldiario.net\/portal\/2026\/07\/20\/aseguran-que-acuerdo-con-fmi-sera-clave-para-reducir-deficit-fiscal\/#primaryimage"},"image":{"@id":"https:\/\/www.eldiario.net\/portal\/2026\/07\/20\/aseguran-que-acuerdo-con-fmi-sera-clave-para-reducir-deficit-fiscal\/#primaryimage"},"thumbnailUrl":"https:\/\/www.eldiario.net\/portal\/wp-content\/uploads\/2026\/07\/F-2-FMI.webp","datePublished":"2026-07-20T10:46:42+00:00","breadcrumb":{"@id":"https:\/\/www.eldiario.net\/portal\/2026\/07\/20\/aseguran-que-acuerdo-con-fmi-sera-clave-para-reducir-deficit-fiscal\/#breadcrumb"},"inLanguage":"es","potentialAction":[{"@type":"ReadAction","target":["https:\/\/www.eldiario.net\/portal\/2026\/07\/20\/aseguran-que-acuerdo-con-fmi-sera-clave-para-reducir-deficit-fiscal\/"]}]},{"@type":"ImageObject","inLanguage":"es","@id":"https:\/\/www.eldiario.net\/portal\/2026\/07\/20\/aseguran-que-acuerdo-con-fmi-sera-clave-para-reducir-deficit-fiscal\/#primaryimage","url":"https:\/\/www.eldiario.net\/portal\/wp-content\/uploads\/2026\/07\/F-2-FMI.webp","contentUrl":"https:\/\/www.eldiario.net\/portal\/wp-content\/uploads\/2026\/07\/F-2-FMI.webp","width":447,"height":373,"caption":"El ministro de la Presidencia de Bolivia, Jos\u00e9 Luis Lupo."},{"@type":"BreadcrumbList","@id":"https:\/\/www.eldiario.net\/portal\/2026\/07\/20\/aseguran-que-acuerdo-con-fmi-sera-clave-para-reducir-deficit-fiscal\/#breadcrumb","itemListElement":[{"@type":"ListItem","position":1,"name":"Portada","item":"https:\/\/www.eldiario.net\/portal\/"},{"@type":"ListItem","position":2,"name":"Aseguran que acuerdo con FMI ser\u00e1 clave para reducir d\u00e9ficit fiscal"}]},{"@type":"WebSite","@id":"https:\/\/www.eldiario.net\/portal\/#website","url":"https:\/\/www.eldiario.net\/portal\/","name":"El Diario - Decano de la prensa nacional","description":"El Diario - Decano de la prensa nacional","publisher":{"@id":"https:\/\/www.eldiario.net\/portal\/#organization"},"potentialAction":[{"@type":"SearchAction","target":{"@type":"EntryPoint","urlTemplate":"https:\/\/www.eldiario.net\/portal\/?s={search_term_string}"},"query-input":{"@type":"PropertyValueSpecification","valueRequired":true,"valueName":"search_term_string"}}],"inLanguage":"es"},{"@type":"Organization","@id":"https:\/\/www.eldiario.net\/portal\/#organization","name":"El Diario - Decano de la prensa nacional","url":"https:\/\/www.eldiario.net\/portal\/","logo":{"@type":"ImageObject","inLanguage":"es","@id":"https:\/\/www.eldiario.net\/portal\/#\/schema\/logo\/image\/","url":"https:\/\/www.eldiario.net\/portal\/wp-content\/uploads\/2023\/07\/logo_ED.jpg","contentUrl":"https:\/\/www.eldiario.net\/portal\/wp-content\/uploads\/2023\/07\/logo_ED.jpg","width":272,"height":52,"caption":"El Diario - Decano de la prensa nacional"},"image":{"@id":"https:\/\/www.eldiario.net\/portal\/#\/schema\/logo\/image\/"},"sameAs":["https:\/\/www.facebook.com\/eldiario.bolivia\/","https:\/\/x.com\/eldiario_net"]},{"@type":"Person","@id":"https:\/\/www.eldiario.net\/portal\/#\/schema\/person\/f46445640444750d7d753ccd04ae01b7","name":"Jeanette","image":{"@type":"ImageObject","inLanguage":"es","@id":"https:\/\/secure.gravatar.com\/avatar\/3ea2118a5f7dad2b7138b1187a6b7ee55f160b9968b66013c3a3ef39dd7e5798?s=96&d=mm&r=g","url":"https:\/\/secure.gravatar.com\/avatar\/3ea2118a5f7dad2b7138b1187a6b7ee55f160b9968b66013c3a3ef39dd7e5798?s=96&d=mm&r=g","contentUrl":"https:\/\/secure.gravatar.com\/avatar\/3ea2118a5f7dad2b7138b1187a6b7ee55f160b9968b66013c3a3ef39dd7e5798?s=96&d=mm&r=g","caption":"Jeanette"},"sameAs":["https:\/\/www.eldiario.net\/portal"],"url":"https:\/\/www.eldiario.net\/portal\/author\/jeanette\/"}]}},"_links":{"self":[{"href":"https:\/\/www.eldiario.net\/portal\/wp-json\/wp\/v2\/posts\/414119","targetHints":{"allow":["GET"]}}],"collection":[{"href":"https:\/\/www.eldiario.net\/portal\/wp-json\/wp\/v2\/posts"}],"about":[{"href":"https:\/\/www.eldiario.net\/portal\/wp-json\/wp\/v2\/types\/post"}],"author":[{"embeddable":true,"href":"https:\/\/www.eldiario.net\/portal\/wp-json\/wp\/v2\/users\/1"}],"replies":[{"embeddable":true,"href":"https:\/\/www.eldiario.net\/portal\/wp-json\/wp\/v2\/comments?post=414119"}],"version-history":[{"count":1,"href":"https:\/\/www.eldiario.net\/portal\/wp-json\/wp\/v2\/posts\/414119\/revisions"}],"predecessor-version":[{"id":414121,"href":"https:\/\/www.eldiario.net\/portal\/wp-json\/wp\/v2\/posts\/414119\/revisions\/414121"}],"wp:featuredmedia":[{"embeddable":true,"href":"https:\/\/www.eldiario.net\/portal\/wp-json\/wp\/v2\/media\/414120"}],"wp:attachment":[{"href":"https:\/\/www.eldiario.net\/portal\/wp-json\/wp\/v2\/media?parent=414119"}],"wp:term":[{"taxonomy":"category","embeddable":true,"href":"https:\/\/www.eldiario.net\/portal\/wp-json\/wp\/v2\/categories?post=414119"},{"taxonomy":"post_tag","embeddable":true,"href":"https:\/\/www.eldiario.net\/portal\/wp-json\/wp\/v2\/tags?post=414119"}],"curies":[{"name":"wp","href":"https:\/\/api.w.org\/{rel}","templated":true}]}}