{"id":414116,"date":"2026-07-20T06:46:11","date_gmt":"2026-07-20T10:46:11","guid":{"rendered":"https:\/\/www.eldiario.net\/portal\/?p=414116"},"modified":"2026-07-20T06:46:11","modified_gmt":"2026-07-20T10:46:11","slug":"falta-de-diesel-pone-en-riesgo-800-000-toneladas-de-soya","status":"publish","type":"post","link":"https:\/\/www.eldiario.net\/portal\/2026\/07\/20\/falta-de-diesel-pone-en-riesgo-800-000-toneladas-de-soya\/","title":{"rendered":"Falta de di\u00e9sel pone en riesgo 800.000 toneladas de soya"},"content":{"rendered":"<p>De acuerdo con el expresidente de la Asociaci\u00f3n de Productores de Oleaginosas y Trigo (Anapo), Demetrio P\u00e9rez, la escasez de di\u00e9sel que ya lleva m\u00e1s de un mes en Santa Cruz est\u00e1 paralizando la siembra de soya de invierno y pone en riesgo hasta 800.000 toneladas de granos.<br \/>\nSeg\u00fan el productor, sumado a la falta de carburante, tambi\u00e9n preocupa los pron\u00f3sticos de la llegada del fen\u00f3meno de El Ni\u00f1o, que avizora una temporada con sequ\u00eda.<br \/>\n\u201cLo que est\u00e1 sucediendo en este momento, sobre todo en el norte, donde tenemos una campa\u00f1a de invierno en siembra de soya, que est\u00e1 paralizada pr\u00e1cticamente porque no hay di\u00e9sel\u201d, indic\u00f3 P\u00e9rez, al acotar que hasta el 15 de julio \u201cten\u00edamos las buenas \u00e9pocas para sembrar. De aqu\u00ed para adelante el productor tiene que arriesgar\u201d.<br \/>\nAsimismo, al ser consultado sobre lo que implica que no se cumplan los plazos previstos para los productores, el exrepresentante de Anapo se\u00f1al\u00f3 que si les llega di\u00e9sel la pr\u00f3xima semana \u201cya ser\u00e1 muy tarde\u201d, advirtiendo que entre las consecuencias directas est\u00e1 que se tendr\u00e1 menos granos de exportaci\u00f3n, menos derivados de la soya y menos d\u00f3lares que necesita el pa\u00eds.<\/p>\n","protected":false},"excerpt":{"rendered":"<p>De acuerdo con el expresidente de la Asociaci\u00f3n de Productores de Oleaginosas y Trigo (Anapo), Demetrio P\u00e9rez, la escasez de di\u00e9sel que ya lleva m\u00e1s de un mes en Santa Cruz est\u00e1 paralizando la siembra de soya de invierno y pone en riesgo hasta 800.000 toneladas de granos. Seg\u00fan el productor, sumado a la falta [&hellip;]<\/p>\n","protected":false},"author":1,"featured_media":414117,"comment_status":"closed","ping_status":"open","sticky":false,"template":"","format":"standard","meta":{"_acf_changed":false,"footnotes":""},"categories":[7],"tags":[],"class_list":["post-414116","post","type-post","status-publish","format-standard","has-post-thumbnail","category-economia"],"acf":{"antetitulo":""},"yoast_head":"<!-- This site is optimized with the Yoast SEO plugin v28.3 - https:\/\/yoast.com\/product\/yoast-seo-wordpress\/ -->\n<title>Falta de di\u00e9sel pone en riesgo 800.000 toneladas de soya - El Diario - Bolivia<\/title>\n<meta name=\"robots\" content=\"index, follow, max-snippet:-1, max-image-preview:large, max-video-preview:-1\" \/>\n<link rel=\"canonical\" href=\"https:\/\/www.eldiario.net\/portal\/2026\/07\/20\/falta-de-diesel-pone-en-riesgo-800-000-toneladas-de-soya\/\" \/>\n<meta property=\"og:locale\" content=\"es_ES\" \/>\n<meta property=\"og:type\" content=\"article\" \/>\n<meta property=\"og:title\" content=\"Falta de di\u00e9sel pone en riesgo 800.000 toneladas de soya - El Diario - Bolivia\" \/>\n<meta property=\"og:description\" content=\"De acuerdo con el expresidente de la Asociaci\u00f3n de Productores de Oleaginosas y Trigo (Anapo), Demetrio P\u00e9rez, la escasez de di\u00e9sel que ya lleva m\u00e1s de un mes en Santa Cruz est\u00e1 paralizando la siembra de soya de invierno y pone en riesgo hasta 800.000 toneladas de granos. Seg\u00fan el productor, sumado a la falta [&hellip;]\" \/>\n<meta property=\"og:url\" content=\"https:\/\/www.eldiario.net\/portal\/2026\/07\/20\/falta-de-diesel-pone-en-riesgo-800-000-toneladas-de-soya\/\" \/>\n<meta property=\"og:site_name\" content=\"El Diario - Bolivia\" \/>\n<meta property=\"article:publisher\" content=\"https:\/\/www.facebook.com\/eldiario.bolivia\/\" \/>\n<meta property=\"article:published_time\" content=\"2026-07-20T10:46:11+00:00\" \/>\n<meta property=\"og:image\" content=\"https:\/\/www.eldiario.net\/portal\/wp-content\/uploads\/2026\/07\/F-3-riesgo.webp\" \/>\n\t<meta property=\"og:image:width\" content=\"665\" \/>\n\t<meta property=\"og:image:height\" content=\"420\" \/>\n\t<meta property=\"og:image:type\" content=\"image\/webp\" \/>\n<meta name=\"author\" content=\"Jeanette\" \/>\n<meta name=\"twitter:card\" content=\"summary_large_image\" \/>\n<meta name=\"twitter:creator\" content=\"@eldiario_net\" \/>\n<meta name=\"twitter:site\" content=\"@eldiario_net\" \/>\n<meta name=\"twitter:label1\" content=\"Escrito por\" \/>\n\t<meta name=\"twitter:data1\" content=\"Jeanette\" \/>\n\t<meta name=\"twitter:label2\" content=\"Tiempo de lectura\" \/>\n\t<meta name=\"twitter:data2\" content=\"2 minutos\" \/>\n<script type=\"application\/ld+json\" class=\"yoast-schema-graph\">{\"@context\":\"https:\\\/\\\/schema.org\",\"@graph\":[{\"@type\":\"Article\",\"@id\":\"https:\\\/\\\/www.eldiario.net\\\/portal\\\/2026\\\/07\\\/20\\\/falta-de-diesel-pone-en-riesgo-800-000-toneladas-de-soya\\\/#article\",\"isPartOf\":{\"@id\":\"https:\\\/\\\/www.eldiario.net\\\/portal\\\/2026\\\/07\\\/20\\\/falta-de-diesel-pone-en-riesgo-800-000-toneladas-de-soya\\\/\"},\"author\":{\"name\":\"Jeanette\",\"@id\":\"https:\\\/\\\/www.eldiario.net\\\/portal\\\/#\\\/schema\\\/person\\\/f46445640444750d7d753ccd04ae01b7\"},\"headline\":\"Falta de di\u00e9sel pone en riesgo 800.000 toneladas de soya\",\"datePublished\":\"2026-07-20T10:46:11+00:00\",\"mainEntityOfPage\":{\"@id\":\"https:\\\/\\\/www.eldiario.net\\\/portal\\\/2026\\\/07\\\/20\\\/falta-de-diesel-pone-en-riesgo-800-000-toneladas-de-soya\\\/\"},\"wordCount\":220,\"publisher\":{\"@id\":\"https:\\\/\\\/www.eldiario.net\\\/portal\\\/#organization\"},\"image\":{\"@id\":\"https:\\\/\\\/www.eldiario.net\\\/portal\\\/2026\\\/07\\\/20\\\/falta-de-diesel-pone-en-riesgo-800-000-toneladas-de-soya\\\/#primaryimage\"},\"thumbnailUrl\":\"https:\\\/\\\/www.eldiario.net\\\/portal\\\/wp-content\\\/uploads\\\/2026\\\/07\\\/F-3-riesgo.webp\",\"articleSection\":[\"Econom\u00eda\"],\"inLanguage\":\"es\"},{\"@type\":\"WebPage\",\"@id\":\"https:\\\/\\\/www.eldiario.net\\\/portal\\\/2026\\\/07\\\/20\\\/falta-de-diesel-pone-en-riesgo-800-000-toneladas-de-soya\\\/\",\"url\":\"https:\\\/\\\/www.eldiario.net\\\/portal\\\/2026\\\/07\\\/20\\\/falta-de-diesel-pone-en-riesgo-800-000-toneladas-de-soya\\\/\",\"name\":\"Falta de di\u00e9sel pone en riesgo 800.000 toneladas de soya - El Diario - Bolivia\",\"isPartOf\":{\"@id\":\"https:\\\/\\\/www.eldiario.net\\\/portal\\\/#website\"},\"primaryImageOfPage\":{\"@id\":\"https:\\\/\\\/www.eldiario.net\\\/portal\\\/2026\\\/07\\\/20\\\/falta-de-diesel-pone-en-riesgo-800-000-toneladas-de-soya\\\/#primaryimage\"},\"image\":{\"@id\":\"https:\\\/\\\/www.eldiario.net\\\/portal\\\/2026\\\/07\\\/20\\\/falta-de-diesel-pone-en-riesgo-800-000-toneladas-de-soya\\\/#primaryimage\"},\"thumbnailUrl\":\"https:\\\/\\\/www.eldiario.net\\\/portal\\\/wp-content\\\/uploads\\\/2026\\\/07\\\/F-3-riesgo.webp\",\"datePublished\":\"2026-07-20T10:46:11+00:00\",\"breadcrumb\":{\"@id\":\"https:\\\/\\\/www.eldiario.net\\\/portal\\\/2026\\\/07\\\/20\\\/falta-de-diesel-pone-en-riesgo-800-000-toneladas-de-soya\\\/#breadcrumb\"},\"inLanguage\":\"es\",\"potentialAction\":[{\"@type\":\"ReadAction\",\"target\":[\"https:\\\/\\\/www.eldiario.net\\\/portal\\\/2026\\\/07\\\/20\\\/falta-de-diesel-pone-en-riesgo-800-000-toneladas-de-soya\\\/\"]}]},{\"@type\":\"ImageObject\",\"inLanguage\":\"es\",\"@id\":\"https:\\\/\\\/www.eldiario.net\\\/portal\\\/2026\\\/07\\\/20\\\/falta-de-diesel-pone-en-riesgo-800-000-toneladas-de-soya\\\/#primaryimage\",\"url\":\"https:\\\/\\\/www.eldiario.net\\\/portal\\\/wp-content\\\/uploads\\\/2026\\\/07\\\/F-3-riesgo.webp\",\"contentUrl\":\"https:\\\/\\\/www.eldiario.net\\\/portal\\\/wp-content\\\/uploads\\\/2026\\\/07\\\/F-3-riesgo.webp\",\"width\":665,\"height\":420,\"caption\":\"Prev\u00e9n p\u00e9rdidas por falta de combustible.\"},{\"@type\":\"BreadcrumbList\",\"@id\":\"https:\\\/\\\/www.eldiario.net\\\/portal\\\/2026\\\/07\\\/20\\\/falta-de-diesel-pone-en-riesgo-800-000-toneladas-de-soya\\\/#breadcrumb\",\"itemListElement\":[{\"@type\":\"ListItem\",\"position\":1,\"name\":\"Portada\",\"item\":\"https:\\\/\\\/www.eldiario.net\\\/portal\\\/\"},{\"@type\":\"ListItem\",\"position\":2,\"name\":\"Falta de di\u00e9sel pone en riesgo 800.000 toneladas de soya\"}]},{\"@type\":\"WebSite\",\"@id\":\"https:\\\/\\\/www.eldiario.net\\\/portal\\\/#website\",\"url\":\"https:\\\/\\\/www.eldiario.net\\\/portal\\\/\",\"name\":\"El Diario - Decano de la prensa nacional\",\"description\":\"El Diario - Decano de la prensa nacional\",\"publisher\":{\"@id\":\"https:\\\/\\\/www.eldiario.net\\\/portal\\\/#organization\"},\"potentialAction\":[{\"@type\":\"SearchAction\",\"target\":{\"@type\":\"EntryPoint\",\"urlTemplate\":\"https:\\\/\\\/www.eldiario.net\\\/portal\\\/?s={search_term_string}\"},\"query-input\":{\"@type\":\"PropertyValueSpecification\",\"valueRequired\":true,\"valueName\":\"search_term_string\"}}],\"inLanguage\":\"es\"},{\"@type\":\"Organization\",\"@id\":\"https:\\\/\\\/www.eldiario.net\\\/portal\\\/#organization\",\"name\":\"El Diario - Decano de la prensa nacional\",\"url\":\"https:\\\/\\\/www.eldiario.net\\\/portal\\\/\",\"logo\":{\"@type\":\"ImageObject\",\"inLanguage\":\"es\",\"@id\":\"https:\\\/\\\/www.eldiario.net\\\/portal\\\/#\\\/schema\\\/logo\\\/image\\\/\",\"url\":\"https:\\\/\\\/www.eldiario.net\\\/portal\\\/wp-content\\\/uploads\\\/2023\\\/07\\\/logo_ED.jpg\",\"contentUrl\":\"https:\\\/\\\/www.eldiario.net\\\/portal\\\/wp-content\\\/uploads\\\/2023\\\/07\\\/logo_ED.jpg\",\"width\":272,\"height\":52,\"caption\":\"El Diario - Decano de la prensa nacional\"},\"image\":{\"@id\":\"https:\\\/\\\/www.eldiario.net\\\/portal\\\/#\\\/schema\\\/logo\\\/image\\\/\"},\"sameAs\":[\"https:\\\/\\\/www.facebook.com\\\/eldiario.bolivia\\\/\",\"https:\\\/\\\/x.com\\\/eldiario_net\"]},{\"@type\":\"Person\",\"@id\":\"https:\\\/\\\/www.eldiario.net\\\/portal\\\/#\\\/schema\\\/person\\\/f46445640444750d7d753ccd04ae01b7\",\"name\":\"Jeanette\",\"image\":{\"@type\":\"ImageObject\",\"inLanguage\":\"es\",\"@id\":\"https:\\\/\\\/secure.gravatar.com\\\/avatar\\\/3ea2118a5f7dad2b7138b1187a6b7ee55f160b9968b66013c3a3ef39dd7e5798?s=96&d=mm&r=g\",\"url\":\"https:\\\/\\\/secure.gravatar.com\\\/avatar\\\/3ea2118a5f7dad2b7138b1187a6b7ee55f160b9968b66013c3a3ef39dd7e5798?s=96&d=mm&r=g\",\"contentUrl\":\"https:\\\/\\\/secure.gravatar.com\\\/avatar\\\/3ea2118a5f7dad2b7138b1187a6b7ee55f160b9968b66013c3a3ef39dd7e5798?s=96&d=mm&r=g\",\"caption\":\"Jeanette\"},\"sameAs\":[\"https:\\\/\\\/www.eldiario.net\\\/portal\"],\"url\":\"https:\\\/\\\/www.eldiario.net\\\/portal\\\/author\\\/jeanette\\\/\"}]}<\/script>\n<!-- \/ Yoast SEO plugin. -->","yoast_head_json":{"title":"Falta de di\u00e9sel pone en riesgo 800.000 toneladas de soya - El Diario - Bolivia","robots":{"index":"index","follow":"follow","max-snippet":"max-snippet:-1","max-image-preview":"max-image-preview:large","max-video-preview":"max-video-preview:-1"},"canonical":"https:\/\/www.eldiario.net\/portal\/2026\/07\/20\/falta-de-diesel-pone-en-riesgo-800-000-toneladas-de-soya\/","og_locale":"es_ES","og_type":"article","og_title":"Falta de di\u00e9sel pone en riesgo 800.000 toneladas de soya - El Diario - Bolivia","og_description":"De acuerdo con el expresidente de la Asociaci\u00f3n de Productores de Oleaginosas y Trigo (Anapo), Demetrio P\u00e9rez, la escasez de di\u00e9sel que ya lleva m\u00e1s de un mes en Santa Cruz est\u00e1 paralizando la siembra de soya de invierno y pone en riesgo hasta 800.000 toneladas de granos. Seg\u00fan el productor, sumado a la falta [&hellip;]","og_url":"https:\/\/www.eldiario.net\/portal\/2026\/07\/20\/falta-de-diesel-pone-en-riesgo-800-000-toneladas-de-soya\/","og_site_name":"El Diario - Bolivia","article_publisher":"https:\/\/www.facebook.com\/eldiario.bolivia\/","article_published_time":"2026-07-20T10:46:11+00:00","og_image":[{"width":665,"height":420,"url":"https:\/\/www.eldiario.net\/portal\/wp-content\/uploads\/2026\/07\/F-3-riesgo.webp","type":"image\/webp"}],"author":"Jeanette","twitter_card":"summary_large_image","twitter_creator":"@eldiario_net","twitter_site":"@eldiario_net","twitter_misc":{"Escrito por":"Jeanette","Tiempo de lectura":"2 minutos"},"schema":{"@context":"https:\/\/schema.org","@graph":[{"@type":"Article","@id":"https:\/\/www.eldiario.net\/portal\/2026\/07\/20\/falta-de-diesel-pone-en-riesgo-800-000-toneladas-de-soya\/#article","isPartOf":{"@id":"https:\/\/www.eldiario.net\/portal\/2026\/07\/20\/falta-de-diesel-pone-en-riesgo-800-000-toneladas-de-soya\/"},"author":{"name":"Jeanette","@id":"https:\/\/www.eldiario.net\/portal\/#\/schema\/person\/f46445640444750d7d753ccd04ae01b7"},"headline":"Falta de di\u00e9sel pone en riesgo 800.000 toneladas de soya","datePublished":"2026-07-20T10:46:11+00:00","mainEntityOfPage":{"@id":"https:\/\/www.eldiario.net\/portal\/2026\/07\/20\/falta-de-diesel-pone-en-riesgo-800-000-toneladas-de-soya\/"},"wordCount":220,"publisher":{"@id":"https:\/\/www.eldiario.net\/portal\/#organization"},"image":{"@id":"https:\/\/www.eldiario.net\/portal\/2026\/07\/20\/falta-de-diesel-pone-en-riesgo-800-000-toneladas-de-soya\/#primaryimage"},"thumbnailUrl":"https:\/\/www.eldiario.net\/portal\/wp-content\/uploads\/2026\/07\/F-3-riesgo.webp","articleSection":["Econom\u00eda"],"inLanguage":"es"},{"@type":"WebPage","@id":"https:\/\/www.eldiario.net\/portal\/2026\/07\/20\/falta-de-diesel-pone-en-riesgo-800-000-toneladas-de-soya\/","url":"https:\/\/www.eldiario.net\/portal\/2026\/07\/20\/falta-de-diesel-pone-en-riesgo-800-000-toneladas-de-soya\/","name":"Falta de di\u00e9sel pone en riesgo 800.000 toneladas de soya - El Diario - Bolivia","isPartOf":{"@id":"https:\/\/www.eldiario.net\/portal\/#website"},"primaryImageOfPage":{"@id":"https:\/\/www.eldiario.net\/portal\/2026\/07\/20\/falta-de-diesel-pone-en-riesgo-800-000-toneladas-de-soya\/#primaryimage"},"image":{"@id":"https:\/\/www.eldiario.net\/portal\/2026\/07\/20\/falta-de-diesel-pone-en-riesgo-800-000-toneladas-de-soya\/#primaryimage"},"thumbnailUrl":"https:\/\/www.eldiario.net\/portal\/wp-content\/uploads\/2026\/07\/F-3-riesgo.webp","datePublished":"2026-07-20T10:46:11+00:00","breadcrumb":{"@id":"https:\/\/www.eldiario.net\/portal\/2026\/07\/20\/falta-de-diesel-pone-en-riesgo-800-000-toneladas-de-soya\/#breadcrumb"},"inLanguage":"es","potentialAction":[{"@type":"ReadAction","target":["https:\/\/www.eldiario.net\/portal\/2026\/07\/20\/falta-de-diesel-pone-en-riesgo-800-000-toneladas-de-soya\/"]}]},{"@type":"ImageObject","inLanguage":"es","@id":"https:\/\/www.eldiario.net\/portal\/2026\/07\/20\/falta-de-diesel-pone-en-riesgo-800-000-toneladas-de-soya\/#primaryimage","url":"https:\/\/www.eldiario.net\/portal\/wp-content\/uploads\/2026\/07\/F-3-riesgo.webp","contentUrl":"https:\/\/www.eldiario.net\/portal\/wp-content\/uploads\/2026\/07\/F-3-riesgo.webp","width":665,"height":420,"caption":"Prev\u00e9n p\u00e9rdidas por falta de combustible."},{"@type":"BreadcrumbList","@id":"https:\/\/www.eldiario.net\/portal\/2026\/07\/20\/falta-de-diesel-pone-en-riesgo-800-000-toneladas-de-soya\/#breadcrumb","itemListElement":[{"@type":"ListItem","position":1,"name":"Portada","item":"https:\/\/www.eldiario.net\/portal\/"},{"@type":"ListItem","position":2,"name":"Falta de di\u00e9sel pone en riesgo 800.000 toneladas de soya"}]},{"@type":"WebSite","@id":"https:\/\/www.eldiario.net\/portal\/#website","url":"https:\/\/www.eldiario.net\/portal\/","name":"El Diario - Decano de la prensa nacional","description":"El Diario - Decano de la prensa nacional","publisher":{"@id":"https:\/\/www.eldiario.net\/portal\/#organization"},"potentialAction":[{"@type":"SearchAction","target":{"@type":"EntryPoint","urlTemplate":"https:\/\/www.eldiario.net\/portal\/?s={search_term_string}"},"query-input":{"@type":"PropertyValueSpecification","valueRequired":true,"valueName":"search_term_string"}}],"inLanguage":"es"},{"@type":"Organization","@id":"https:\/\/www.eldiario.net\/portal\/#organization","name":"El Diario - Decano de la prensa nacional","url":"https:\/\/www.eldiario.net\/portal\/","logo":{"@type":"ImageObject","inLanguage":"es","@id":"https:\/\/www.eldiario.net\/portal\/#\/schema\/logo\/image\/","url":"https:\/\/www.eldiario.net\/portal\/wp-content\/uploads\/2023\/07\/logo_ED.jpg","contentUrl":"https:\/\/www.eldiario.net\/portal\/wp-content\/uploads\/2023\/07\/logo_ED.jpg","width":272,"height":52,"caption":"El Diario - Decano de la prensa nacional"},"image":{"@id":"https:\/\/www.eldiario.net\/portal\/#\/schema\/logo\/image\/"},"sameAs":["https:\/\/www.facebook.com\/eldiario.bolivia\/","https:\/\/x.com\/eldiario_net"]},{"@type":"Person","@id":"https:\/\/www.eldiario.net\/portal\/#\/schema\/person\/f46445640444750d7d753ccd04ae01b7","name":"Jeanette","image":{"@type":"ImageObject","inLanguage":"es","@id":"https:\/\/secure.gravatar.com\/avatar\/3ea2118a5f7dad2b7138b1187a6b7ee55f160b9968b66013c3a3ef39dd7e5798?s=96&d=mm&r=g","url":"https:\/\/secure.gravatar.com\/avatar\/3ea2118a5f7dad2b7138b1187a6b7ee55f160b9968b66013c3a3ef39dd7e5798?s=96&d=mm&r=g","contentUrl":"https:\/\/secure.gravatar.com\/avatar\/3ea2118a5f7dad2b7138b1187a6b7ee55f160b9968b66013c3a3ef39dd7e5798?s=96&d=mm&r=g","caption":"Jeanette"},"sameAs":["https:\/\/www.eldiario.net\/portal"],"url":"https:\/\/www.eldiario.net\/portal\/author\/jeanette\/"}]}},"_links":{"self":[{"href":"https:\/\/www.eldiario.net\/portal\/wp-json\/wp\/v2\/posts\/414116","targetHints":{"allow":["GET"]}}],"collection":[{"href":"https:\/\/www.eldiario.net\/portal\/wp-json\/wp\/v2\/posts"}],"about":[{"href":"https:\/\/www.eldiario.net\/portal\/wp-json\/wp\/v2\/types\/post"}],"author":[{"embeddable":true,"href":"https:\/\/www.eldiario.net\/portal\/wp-json\/wp\/v2\/users\/1"}],"replies":[{"embeddable":true,"href":"https:\/\/www.eldiario.net\/portal\/wp-json\/wp\/v2\/comments?post=414116"}],"version-history":[{"count":1,"href":"https:\/\/www.eldiario.net\/portal\/wp-json\/wp\/v2\/posts\/414116\/revisions"}],"predecessor-version":[{"id":414118,"href":"https:\/\/www.eldiario.net\/portal\/wp-json\/wp\/v2\/posts\/414116\/revisions\/414118"}],"wp:featuredmedia":[{"embeddable":true,"href":"https:\/\/www.eldiario.net\/portal\/wp-json\/wp\/v2\/media\/414117"}],"wp:attachment":[{"href":"https:\/\/www.eldiario.net\/portal\/wp-json\/wp\/v2\/media?parent=414116"}],"wp:term":[{"taxonomy":"category","embeddable":true,"href":"https:\/\/www.eldiario.net\/portal\/wp-json\/wp\/v2\/categories?post=414116"},{"taxonomy":"post_tag","embeddable":true,"href":"https:\/\/www.eldiario.net\/portal\/wp-json\/wp\/v2\/tags?post=414116"}],"curies":[{"name":"wp","href":"https:\/\/api.w.org\/{rel}","templated":true}]}}