{"id":414113,"date":"2026-07-20T06:45:40","date_gmt":"2026-07-20T10:45:40","guid":{"rendered":"https:\/\/www.eldiario.net\/portal\/?p=414113"},"modified":"2026-07-20T06:45:40","modified_gmt":"2026-07-20T10:45:40","slug":"gobierno-rechaza-privatizacion-de-ypfb-busca-transparentar-y-reestructurar","status":"publish","type":"post","link":"https:\/\/www.eldiario.net\/portal\/2026\/07\/20\/gobierno-rechaza-privatizacion-de-ypfb-busca-transparentar-y-reestructurar\/","title":{"rendered":"Gobierno rechaza privatizaci\u00f3n de YPFB, busca transparentar y reestructurar"},"content":{"rendered":"<p>El Gobierno nacional descart\u00f3 una posible privatizaci\u00f3n de Yacimientos Petrol\u00edferos Fiscales Bolivianos (YPFB) y, por el contrario, asegur\u00f3 que la empresa seguir\u00e1 bajo control del Estado por su car\u00e1cter estrat\u00e9gico. Aunque, reconoce que enfrenta problemas financieros y de abastecimiento.<br \/>\n\u201cYPFB, como tal, es una empresa estrat\u00e9gica. Por tanto, est\u00e1 en el grupo (de empresas) que no pretende, y nunca pretendieron ser privatizadas, vendidas y ni mucho menos, porque consideramos que son empresas fundamentales para promover el desarrollo. Pero eso no quiere decir que est\u00e9n bien\u201d, sostuvo la autoridad en entrevista con la periodista Maggy Talavera.<br \/>\nAsimismo, anunci\u00f3 que la empresa estatal ser\u00e1 sometida a un proceso de transformaci\u00f3n, reestructuraci\u00f3n y transparentaci\u00f3n, mientras en el corto plazo deber\u00e1 resolver las fallas que afectan la provisi\u00f3n de combustibles.<br \/>\n\u201cYPFB tiene problemas financieros, tiene problemas de abastecimiento, tiene una cantidad de problemas. Entonces, en el mediano plazo, YPFB tiene que someterse a un proceso de transformaci\u00f3n, reestructuraci\u00f3n y transparentaci\u00f3n\u201d, se\u00f1al\u00f3 durante la entrevista.<br \/>\nRespecto a las propuestas para retirar a YPFB de la importaci\u00f3n, comercializaci\u00f3n y distribuci\u00f3n de combustibles, el ministro descart\u00f3 esa posibilidad; no obstante, record\u00f3 que el Gobierno ya habilit\u00f3 la participaci\u00f3n privada en esas actividades y prev\u00e9 ampliar esos incentivos mediante la futura Ley de Hidrocarburos.<br \/>\nLas definiciones sobre YPFB forman parte de la revisi\u00f3n que el Ejecutivo realiza sobre el conjunto de las empresas p\u00fablicas y Lupo dijo que las consideradas estrat\u00e9gicas, como YPFB, ENDE o Entel, permanecer\u00e1n en manos del Estado, aunque tambi\u00e9n deber\u00e1n ser reorganizadas para mejorar su funcionamiento y transparencia.<br \/>\nEn contraste, se\u00f1al\u00f3 que el Gobierno avanza en la evaluaci\u00f3n de otras empresas estatales deficitarias para definir su cierre, reestructuraci\u00f3n o posibles asociaciones p\u00fablico-privadas, una vez concluidas las auditor\u00edas financieras, t\u00e9cnicas e institucionales. (Con datos de Unitel)<\/p>\n<p>Pie de foto:<br \/>\nCr\u00e9dito: RRSS<\/p>\n","protected":false},"excerpt":{"rendered":"<p>El Gobierno nacional descart\u00f3 una posible privatizaci\u00f3n de Yacimientos Petrol\u00edferos Fiscales Bolivianos (YPFB) y, por el contrario, asegur\u00f3 que la empresa seguir\u00e1 bajo control del Estado por su car\u00e1cter estrat\u00e9gico. Aunque, reconoce que enfrenta problemas financieros y de abastecimiento. \u201cYPFB, como tal, es una empresa estrat\u00e9gica. Por tanto, est\u00e1 en el grupo (de empresas) que [&hellip;]<\/p>\n","protected":false},"author":1,"featured_media":414114,"comment_status":"closed","ping_status":"open","sticky":false,"template":"","format":"standard","meta":{"_acf_changed":false,"footnotes":""},"categories":[7],"tags":[],"class_list":["post-414113","post","type-post","status-publish","format-standard","has-post-thumbnail","category-economia"],"acf":{"antetitulo":""},"yoast_head":"<!-- This site is optimized with the Yoast SEO plugin v28.3 - https:\/\/yoast.com\/product\/yoast-seo-wordpress\/ -->\n<title>Gobierno rechaza privatizaci\u00f3n de YPFB, busca transparentar y reestructurar - El Diario - Bolivia<\/title>\n<meta name=\"robots\" content=\"index, follow, max-snippet:-1, max-image-preview:large, max-video-preview:-1\" \/>\n<link rel=\"canonical\" href=\"https:\/\/www.eldiario.net\/portal\/2026\/07\/20\/gobierno-rechaza-privatizacion-de-ypfb-busca-transparentar-y-reestructurar\/\" \/>\n<meta property=\"og:locale\" content=\"es_ES\" \/>\n<meta property=\"og:type\" content=\"article\" \/>\n<meta property=\"og:title\" content=\"Gobierno rechaza privatizaci\u00f3n de YPFB, busca transparentar y reestructurar - El Diario - Bolivia\" \/>\n<meta property=\"og:description\" content=\"El Gobierno nacional descart\u00f3 una posible privatizaci\u00f3n de Yacimientos Petrol\u00edferos Fiscales Bolivianos (YPFB) y, por el contrario, asegur\u00f3 que la empresa seguir\u00e1 bajo control del Estado por su car\u00e1cter estrat\u00e9gico. Aunque, reconoce que enfrenta problemas financieros y de abastecimiento. \u201cYPFB, como tal, es una empresa estrat\u00e9gica. Por tanto, est\u00e1 en el grupo (de empresas) que [&hellip;]\" \/>\n<meta property=\"og:url\" content=\"https:\/\/www.eldiario.net\/portal\/2026\/07\/20\/gobierno-rechaza-privatizacion-de-ypfb-busca-transparentar-y-reestructurar\/\" \/>\n<meta property=\"og:site_name\" content=\"El Diario - Bolivia\" \/>\n<meta property=\"article:publisher\" content=\"https:\/\/www.facebook.com\/eldiario.bolivia\/\" \/>\n<meta property=\"article:published_time\" content=\"2026-07-20T10:45:40+00:00\" \/>\n<meta property=\"og:image\" content=\"https:\/\/www.eldiario.net\/portal\/wp-content\/uploads\/2026\/07\/F-4-YPFB.webp\" \/>\n\t<meta property=\"og:image:width\" content=\"980\" \/>\n\t<meta property=\"og:image:height\" content=\"653\" \/>\n\t<meta property=\"og:image:type\" content=\"image\/webp\" \/>\n<meta name=\"author\" content=\"Jeanette\" \/>\n<meta name=\"twitter:card\" content=\"summary_large_image\" \/>\n<meta name=\"twitter:creator\" content=\"@eldiario_net\" \/>\n<meta name=\"twitter:site\" content=\"@eldiario_net\" \/>\n<meta name=\"twitter:label1\" content=\"Escrito por\" \/>\n\t<meta name=\"twitter:data1\" content=\"Jeanette\" \/>\n\t<meta name=\"twitter:label2\" content=\"Tiempo de lectura\" \/>\n\t<meta name=\"twitter:data2\" content=\"2 minutos\" \/>\n<script type=\"application\/ld+json\" class=\"yoast-schema-graph\">{\"@context\":\"https:\\\/\\\/schema.org\",\"@graph\":[{\"@type\":\"Article\",\"@id\":\"https:\\\/\\\/www.eldiario.net\\\/portal\\\/2026\\\/07\\\/20\\\/gobierno-rechaza-privatizacion-de-ypfb-busca-transparentar-y-reestructurar\\\/#article\",\"isPartOf\":{\"@id\":\"https:\\\/\\\/www.eldiario.net\\\/portal\\\/2026\\\/07\\\/20\\\/gobierno-rechaza-privatizacion-de-ypfb-busca-transparentar-y-reestructurar\\\/\"},\"author\":{\"name\":\"Jeanette\",\"@id\":\"https:\\\/\\\/www.eldiario.net\\\/portal\\\/#\\\/schema\\\/person\\\/f46445640444750d7d753ccd04ae01b7\"},\"headline\":\"Gobierno rechaza privatizaci\u00f3n de YPFB, busca transparentar y reestructurar\",\"datePublished\":\"2026-07-20T10:45:40+00:00\",\"mainEntityOfPage\":{\"@id\":\"https:\\\/\\\/www.eldiario.net\\\/portal\\\/2026\\\/07\\\/20\\\/gobierno-rechaza-privatizacion-de-ypfb-busca-transparentar-y-reestructurar\\\/\"},\"wordCount\":337,\"publisher\":{\"@id\":\"https:\\\/\\\/www.eldiario.net\\\/portal\\\/#organization\"},\"image\":{\"@id\":\"https:\\\/\\\/www.eldiario.net\\\/portal\\\/2026\\\/07\\\/20\\\/gobierno-rechaza-privatizacion-de-ypfb-busca-transparentar-y-reestructurar\\\/#primaryimage\"},\"thumbnailUrl\":\"https:\\\/\\\/www.eldiario.net\\\/portal\\\/wp-content\\\/uploads\\\/2026\\\/07\\\/F-4-YPFB.webp\",\"articleSection\":[\"Econom\u00eda\"],\"inLanguage\":\"es\"},{\"@type\":\"WebPage\",\"@id\":\"https:\\\/\\\/www.eldiario.net\\\/portal\\\/2026\\\/07\\\/20\\\/gobierno-rechaza-privatizacion-de-ypfb-busca-transparentar-y-reestructurar\\\/\",\"url\":\"https:\\\/\\\/www.eldiario.net\\\/portal\\\/2026\\\/07\\\/20\\\/gobierno-rechaza-privatizacion-de-ypfb-busca-transparentar-y-reestructurar\\\/\",\"name\":\"Gobierno rechaza privatizaci\u00f3n de YPFB, busca transparentar y reestructurar - El Diario - Bolivia\",\"isPartOf\":{\"@id\":\"https:\\\/\\\/www.eldiario.net\\\/portal\\\/#website\"},\"primaryImageOfPage\":{\"@id\":\"https:\\\/\\\/www.eldiario.net\\\/portal\\\/2026\\\/07\\\/20\\\/gobierno-rechaza-privatizacion-de-ypfb-busca-transparentar-y-reestructurar\\\/#primaryimage\"},\"image\":{\"@id\":\"https:\\\/\\\/www.eldiario.net\\\/portal\\\/2026\\\/07\\\/20\\\/gobierno-rechaza-privatizacion-de-ypfb-busca-transparentar-y-reestructurar\\\/#primaryimage\"},\"thumbnailUrl\":\"https:\\\/\\\/www.eldiario.net\\\/portal\\\/wp-content\\\/uploads\\\/2026\\\/07\\\/F-4-YPFB.webp\",\"datePublished\":\"2026-07-20T10:45:40+00:00\",\"breadcrumb\":{\"@id\":\"https:\\\/\\\/www.eldiario.net\\\/portal\\\/2026\\\/07\\\/20\\\/gobierno-rechaza-privatizacion-de-ypfb-busca-transparentar-y-reestructurar\\\/#breadcrumb\"},\"inLanguage\":\"es\",\"potentialAction\":[{\"@type\":\"ReadAction\",\"target\":[\"https:\\\/\\\/www.eldiario.net\\\/portal\\\/2026\\\/07\\\/20\\\/gobierno-rechaza-privatizacion-de-ypfb-busca-transparentar-y-reestructurar\\\/\"]}]},{\"@type\":\"ImageObject\",\"inLanguage\":\"es\",\"@id\":\"https:\\\/\\\/www.eldiario.net\\\/portal\\\/2026\\\/07\\\/20\\\/gobierno-rechaza-privatizacion-de-ypfb-busca-transparentar-y-reestructurar\\\/#primaryimage\",\"url\":\"https:\\\/\\\/www.eldiario.net\\\/portal\\\/wp-content\\\/uploads\\\/2026\\\/07\\\/F-4-YPFB.webp\",\"contentUrl\":\"https:\\\/\\\/www.eldiario.net\\\/portal\\\/wp-content\\\/uploads\\\/2026\\\/07\\\/F-4-YPFB.webp\",\"width\":980,\"height\":653,\"caption\":\"Aseguran que trabajar\u00e1n en su reestructuraci\u00f3n.\"},{\"@type\":\"BreadcrumbList\",\"@id\":\"https:\\\/\\\/www.eldiario.net\\\/portal\\\/2026\\\/07\\\/20\\\/gobierno-rechaza-privatizacion-de-ypfb-busca-transparentar-y-reestructurar\\\/#breadcrumb\",\"itemListElement\":[{\"@type\":\"ListItem\",\"position\":1,\"name\":\"Portada\",\"item\":\"https:\\\/\\\/www.eldiario.net\\\/portal\\\/\"},{\"@type\":\"ListItem\",\"position\":2,\"name\":\"Gobierno rechaza privatizaci\u00f3n de YPFB, busca transparentar y reestructurar\"}]},{\"@type\":\"WebSite\",\"@id\":\"https:\\\/\\\/www.eldiario.net\\\/portal\\\/#website\",\"url\":\"https:\\\/\\\/www.eldiario.net\\\/portal\\\/\",\"name\":\"El Diario - Decano de la prensa nacional\",\"description\":\"El Diario - Decano de la prensa nacional\",\"publisher\":{\"@id\":\"https:\\\/\\\/www.eldiario.net\\\/portal\\\/#organization\"},\"potentialAction\":[{\"@type\":\"SearchAction\",\"target\":{\"@type\":\"EntryPoint\",\"urlTemplate\":\"https:\\\/\\\/www.eldiario.net\\\/portal\\\/?s={search_term_string}\"},\"query-input\":{\"@type\":\"PropertyValueSpecification\",\"valueRequired\":true,\"valueName\":\"search_term_string\"}}],\"inLanguage\":\"es\"},{\"@type\":\"Organization\",\"@id\":\"https:\\\/\\\/www.eldiario.net\\\/portal\\\/#organization\",\"name\":\"El Diario - Decano de la prensa nacional\",\"url\":\"https:\\\/\\\/www.eldiario.net\\\/portal\\\/\",\"logo\":{\"@type\":\"ImageObject\",\"inLanguage\":\"es\",\"@id\":\"https:\\\/\\\/www.eldiario.net\\\/portal\\\/#\\\/schema\\\/logo\\\/image\\\/\",\"url\":\"https:\\\/\\\/www.eldiario.net\\\/portal\\\/wp-content\\\/uploads\\\/2023\\\/07\\\/logo_ED.jpg\",\"contentUrl\":\"https:\\\/\\\/www.eldiario.net\\\/portal\\\/wp-content\\\/uploads\\\/2023\\\/07\\\/logo_ED.jpg\",\"width\":272,\"height\":52,\"caption\":\"El Diario - Decano de la prensa nacional\"},\"image\":{\"@id\":\"https:\\\/\\\/www.eldiario.net\\\/portal\\\/#\\\/schema\\\/logo\\\/image\\\/\"},\"sameAs\":[\"https:\\\/\\\/www.facebook.com\\\/eldiario.bolivia\\\/\",\"https:\\\/\\\/x.com\\\/eldiario_net\"]},{\"@type\":\"Person\",\"@id\":\"https:\\\/\\\/www.eldiario.net\\\/portal\\\/#\\\/schema\\\/person\\\/f46445640444750d7d753ccd04ae01b7\",\"name\":\"Jeanette\",\"image\":{\"@type\":\"ImageObject\",\"inLanguage\":\"es\",\"@id\":\"https:\\\/\\\/secure.gravatar.com\\\/avatar\\\/3ea2118a5f7dad2b7138b1187a6b7ee55f160b9968b66013c3a3ef39dd7e5798?s=96&d=mm&r=g\",\"url\":\"https:\\\/\\\/secure.gravatar.com\\\/avatar\\\/3ea2118a5f7dad2b7138b1187a6b7ee55f160b9968b66013c3a3ef39dd7e5798?s=96&d=mm&r=g\",\"contentUrl\":\"https:\\\/\\\/secure.gravatar.com\\\/avatar\\\/3ea2118a5f7dad2b7138b1187a6b7ee55f160b9968b66013c3a3ef39dd7e5798?s=96&d=mm&r=g\",\"caption\":\"Jeanette\"},\"sameAs\":[\"https:\\\/\\\/www.eldiario.net\\\/portal\"],\"url\":\"https:\\\/\\\/www.eldiario.net\\\/portal\\\/author\\\/jeanette\\\/\"}]}<\/script>\n<!-- \/ Yoast SEO plugin. -->","yoast_head_json":{"title":"Gobierno rechaza privatizaci\u00f3n de YPFB, busca transparentar y reestructurar - El Diario - Bolivia","robots":{"index":"index","follow":"follow","max-snippet":"max-snippet:-1","max-image-preview":"max-image-preview:large","max-video-preview":"max-video-preview:-1"},"canonical":"https:\/\/www.eldiario.net\/portal\/2026\/07\/20\/gobierno-rechaza-privatizacion-de-ypfb-busca-transparentar-y-reestructurar\/","og_locale":"es_ES","og_type":"article","og_title":"Gobierno rechaza privatizaci\u00f3n de YPFB, busca transparentar y reestructurar - El Diario - Bolivia","og_description":"El Gobierno nacional descart\u00f3 una posible privatizaci\u00f3n de Yacimientos Petrol\u00edferos Fiscales Bolivianos (YPFB) y, por el contrario, asegur\u00f3 que la empresa seguir\u00e1 bajo control del Estado por su car\u00e1cter estrat\u00e9gico. Aunque, reconoce que enfrenta problemas financieros y de abastecimiento. \u201cYPFB, como tal, es una empresa estrat\u00e9gica. Por tanto, est\u00e1 en el grupo (de empresas) que [&hellip;]","og_url":"https:\/\/www.eldiario.net\/portal\/2026\/07\/20\/gobierno-rechaza-privatizacion-de-ypfb-busca-transparentar-y-reestructurar\/","og_site_name":"El Diario - Bolivia","article_publisher":"https:\/\/www.facebook.com\/eldiario.bolivia\/","article_published_time":"2026-07-20T10:45:40+00:00","og_image":[{"width":980,"height":653,"url":"https:\/\/www.eldiario.net\/portal\/wp-content\/uploads\/2026\/07\/F-4-YPFB.webp","type":"image\/webp"}],"author":"Jeanette","twitter_card":"summary_large_image","twitter_creator":"@eldiario_net","twitter_site":"@eldiario_net","twitter_misc":{"Escrito por":"Jeanette","Tiempo de lectura":"2 minutos"},"schema":{"@context":"https:\/\/schema.org","@graph":[{"@type":"Article","@id":"https:\/\/www.eldiario.net\/portal\/2026\/07\/20\/gobierno-rechaza-privatizacion-de-ypfb-busca-transparentar-y-reestructurar\/#article","isPartOf":{"@id":"https:\/\/www.eldiario.net\/portal\/2026\/07\/20\/gobierno-rechaza-privatizacion-de-ypfb-busca-transparentar-y-reestructurar\/"},"author":{"name":"Jeanette","@id":"https:\/\/www.eldiario.net\/portal\/#\/schema\/person\/f46445640444750d7d753ccd04ae01b7"},"headline":"Gobierno rechaza privatizaci\u00f3n de YPFB, busca transparentar y reestructurar","datePublished":"2026-07-20T10:45:40+00:00","mainEntityOfPage":{"@id":"https:\/\/www.eldiario.net\/portal\/2026\/07\/20\/gobierno-rechaza-privatizacion-de-ypfb-busca-transparentar-y-reestructurar\/"},"wordCount":337,"publisher":{"@id":"https:\/\/www.eldiario.net\/portal\/#organization"},"image":{"@id":"https:\/\/www.eldiario.net\/portal\/2026\/07\/20\/gobierno-rechaza-privatizacion-de-ypfb-busca-transparentar-y-reestructurar\/#primaryimage"},"thumbnailUrl":"https:\/\/www.eldiario.net\/portal\/wp-content\/uploads\/2026\/07\/F-4-YPFB.webp","articleSection":["Econom\u00eda"],"inLanguage":"es"},{"@type":"WebPage","@id":"https:\/\/www.eldiario.net\/portal\/2026\/07\/20\/gobierno-rechaza-privatizacion-de-ypfb-busca-transparentar-y-reestructurar\/","url":"https:\/\/www.eldiario.net\/portal\/2026\/07\/20\/gobierno-rechaza-privatizacion-de-ypfb-busca-transparentar-y-reestructurar\/","name":"Gobierno rechaza privatizaci\u00f3n de YPFB, busca transparentar y reestructurar - El Diario - Bolivia","isPartOf":{"@id":"https:\/\/www.eldiario.net\/portal\/#website"},"primaryImageOfPage":{"@id":"https:\/\/www.eldiario.net\/portal\/2026\/07\/20\/gobierno-rechaza-privatizacion-de-ypfb-busca-transparentar-y-reestructurar\/#primaryimage"},"image":{"@id":"https:\/\/www.eldiario.net\/portal\/2026\/07\/20\/gobierno-rechaza-privatizacion-de-ypfb-busca-transparentar-y-reestructurar\/#primaryimage"},"thumbnailUrl":"https:\/\/www.eldiario.net\/portal\/wp-content\/uploads\/2026\/07\/F-4-YPFB.webp","datePublished":"2026-07-20T10:45:40+00:00","breadcrumb":{"@id":"https:\/\/www.eldiario.net\/portal\/2026\/07\/20\/gobierno-rechaza-privatizacion-de-ypfb-busca-transparentar-y-reestructurar\/#breadcrumb"},"inLanguage":"es","potentialAction":[{"@type":"ReadAction","target":["https:\/\/www.eldiario.net\/portal\/2026\/07\/20\/gobierno-rechaza-privatizacion-de-ypfb-busca-transparentar-y-reestructurar\/"]}]},{"@type":"ImageObject","inLanguage":"es","@id":"https:\/\/www.eldiario.net\/portal\/2026\/07\/20\/gobierno-rechaza-privatizacion-de-ypfb-busca-transparentar-y-reestructurar\/#primaryimage","url":"https:\/\/www.eldiario.net\/portal\/wp-content\/uploads\/2026\/07\/F-4-YPFB.webp","contentUrl":"https:\/\/www.eldiario.net\/portal\/wp-content\/uploads\/2026\/07\/F-4-YPFB.webp","width":980,"height":653,"caption":"Aseguran que trabajar\u00e1n en su reestructuraci\u00f3n."},{"@type":"BreadcrumbList","@id":"https:\/\/www.eldiario.net\/portal\/2026\/07\/20\/gobierno-rechaza-privatizacion-de-ypfb-busca-transparentar-y-reestructurar\/#breadcrumb","itemListElement":[{"@type":"ListItem","position":1,"name":"Portada","item":"https:\/\/www.eldiario.net\/portal\/"},{"@type":"ListItem","position":2,"name":"Gobierno rechaza privatizaci\u00f3n de YPFB, busca transparentar y reestructurar"}]},{"@type":"WebSite","@id":"https:\/\/www.eldiario.net\/portal\/#website","url":"https:\/\/www.eldiario.net\/portal\/","name":"El Diario - Decano de la prensa nacional","description":"El Diario - Decano de la prensa nacional","publisher":{"@id":"https:\/\/www.eldiario.net\/portal\/#organization"},"potentialAction":[{"@type":"SearchAction","target":{"@type":"EntryPoint","urlTemplate":"https:\/\/www.eldiario.net\/portal\/?s={search_term_string}"},"query-input":{"@type":"PropertyValueSpecification","valueRequired":true,"valueName":"search_term_string"}}],"inLanguage":"es"},{"@type":"Organization","@id":"https:\/\/www.eldiario.net\/portal\/#organization","name":"El Diario - Decano de la prensa nacional","url":"https:\/\/www.eldiario.net\/portal\/","logo":{"@type":"ImageObject","inLanguage":"es","@id":"https:\/\/www.eldiario.net\/portal\/#\/schema\/logo\/image\/","url":"https:\/\/www.eldiario.net\/portal\/wp-content\/uploads\/2023\/07\/logo_ED.jpg","contentUrl":"https:\/\/www.eldiario.net\/portal\/wp-content\/uploads\/2023\/07\/logo_ED.jpg","width":272,"height":52,"caption":"El Diario - Decano de la prensa nacional"},"image":{"@id":"https:\/\/www.eldiario.net\/portal\/#\/schema\/logo\/image\/"},"sameAs":["https:\/\/www.facebook.com\/eldiario.bolivia\/","https:\/\/x.com\/eldiario_net"]},{"@type":"Person","@id":"https:\/\/www.eldiario.net\/portal\/#\/schema\/person\/f46445640444750d7d753ccd04ae01b7","name":"Jeanette","image":{"@type":"ImageObject","inLanguage":"es","@id":"https:\/\/secure.gravatar.com\/avatar\/3ea2118a5f7dad2b7138b1187a6b7ee55f160b9968b66013c3a3ef39dd7e5798?s=96&d=mm&r=g","url":"https:\/\/secure.gravatar.com\/avatar\/3ea2118a5f7dad2b7138b1187a6b7ee55f160b9968b66013c3a3ef39dd7e5798?s=96&d=mm&r=g","contentUrl":"https:\/\/secure.gravatar.com\/avatar\/3ea2118a5f7dad2b7138b1187a6b7ee55f160b9968b66013c3a3ef39dd7e5798?s=96&d=mm&r=g","caption":"Jeanette"},"sameAs":["https:\/\/www.eldiario.net\/portal"],"url":"https:\/\/www.eldiario.net\/portal\/author\/jeanette\/"}]}},"_links":{"self":[{"href":"https:\/\/www.eldiario.net\/portal\/wp-json\/wp\/v2\/posts\/414113","targetHints":{"allow":["GET"]}}],"collection":[{"href":"https:\/\/www.eldiario.net\/portal\/wp-json\/wp\/v2\/posts"}],"about":[{"href":"https:\/\/www.eldiario.net\/portal\/wp-json\/wp\/v2\/types\/post"}],"author":[{"embeddable":true,"href":"https:\/\/www.eldiario.net\/portal\/wp-json\/wp\/v2\/users\/1"}],"replies":[{"embeddable":true,"href":"https:\/\/www.eldiario.net\/portal\/wp-json\/wp\/v2\/comments?post=414113"}],"version-history":[{"count":1,"href":"https:\/\/www.eldiario.net\/portal\/wp-json\/wp\/v2\/posts\/414113\/revisions"}],"predecessor-version":[{"id":414115,"href":"https:\/\/www.eldiario.net\/portal\/wp-json\/wp\/v2\/posts\/414113\/revisions\/414115"}],"wp:featuredmedia":[{"embeddable":true,"href":"https:\/\/www.eldiario.net\/portal\/wp-json\/wp\/v2\/media\/414114"}],"wp:attachment":[{"href":"https:\/\/www.eldiario.net\/portal\/wp-json\/wp\/v2\/media?parent=414113"}],"wp:term":[{"taxonomy":"category","embeddable":true,"href":"https:\/\/www.eldiario.net\/portal\/wp-json\/wp\/v2\/categories?post=414113"},{"taxonomy":"post_tag","embeddable":true,"href":"https:\/\/www.eldiario.net\/portal\/wp-json\/wp\/v2\/tags?post=414113"}],"curies":[{"name":"wp","href":"https:\/\/api.w.org\/{rel}","templated":true}]}}