{"id":414111,"date":"2026-07-20T06:45:16","date_gmt":"2026-07-20T10:45:16","guid":{"rendered":"https:\/\/www.eldiario.net\/portal\/?p=414111"},"modified":"2026-07-20T06:45:16","modified_gmt":"2026-07-20T10:45:16","slug":"cumbre-minera-debatira-cambios-a-ley-535-y-proponen-nuevo-codigo","status":"publish","type":"post","link":"https:\/\/www.eldiario.net\/portal\/2026\/07\/20\/cumbre-minera-debatira-cambios-a-ley-535-y-proponen-nuevo-codigo\/","title":{"rendered":"Cumbre Minera debatir\u00e1 cambios a  Ley 535 y proponen nuevo C\u00f3digo"},"content":{"rendered":"<p>La Confederaci\u00f3n Sindical de Trabajadores Mineros de Bolivia (Cstmb) confirm\u00f3 que la Cumbre Minera se desarrollar\u00e1 del 22 al 24 de julio en la ciudad de La Paz y participar\u00e1n trabajadores asalariados, cooperativistas y empresarios del sector. Adelantaron que entre los temas que analizar\u00e1n est\u00e1 la modificaci\u00f3n del marco normativo vigente, con la propuesta de elaborar un nuevo C\u00f3digo Minero.<br \/>\nDe acuerdo con su ejecutivo, Andr\u00e9s Paye, la cumbre reunir\u00e1 a los tres actores reconocidos por la Constituci\u00f3n Pol\u00edtica del Estado (CPE), para debatir el futuro de la actividad minera, adem\u00e1s de plantear propuestas que fortalezcan al sector, considerado uno de los principales aportantes a la econom\u00eda nacional.<br \/>\nEl dirigente indic\u00f3 que la actual Ley 535 de Miner\u00eda y Metalurgia continuar\u00e1 siendo parte del an\u00e1lisis, aunque confirm\u00f3 que existe la intenci\u00f3n de avanzar hacia una nueva normativa que responda a los lineamientos establecidos por la CPE.<br \/>\nPor eso, sostuvo que la propuesta ser\u00eda sustituir esa ley por un C\u00f3digo Minero que adec\u00fae la actividad a las disposiciones constitucionales.<br \/>\nAsimismo, durante las jornadas de trabajo, tambi\u00e9n se prev\u00e9 que representantes de los distintos sectores mineros analicen y acuerden propuestas sobre el desarrollo de la miner\u00eda en el pa\u00eds.<\/p>\n","protected":false},"excerpt":{"rendered":"<p>La Confederaci\u00f3n Sindical de Trabajadores Mineros de Bolivia (Cstmb) confirm\u00f3 que la Cumbre Minera se desarrollar\u00e1 del 22 al 24 de julio en la ciudad de La Paz y participar\u00e1n trabajadores asalariados, cooperativistas y empresarios del sector. Adelantaron que entre los temas que analizar\u00e1n est\u00e1 la modificaci\u00f3n del marco normativo vigente, con la propuesta de [&hellip;]<\/p>\n","protected":false},"author":1,"featured_media":194689,"comment_status":"closed","ping_status":"open","sticky":false,"template":"","format":"standard","meta":{"_acf_changed":false,"footnotes":""},"categories":[7],"tags":[],"class_list":["post-414111","post","type-post","status-publish","format-standard","has-post-thumbnail","category-economia"],"acf":{"antetitulo":""},"yoast_head":"<!-- This site is optimized with the Yoast SEO plugin v28.3 - https:\/\/yoast.com\/product\/yoast-seo-wordpress\/ -->\n<title>Cumbre Minera debatir\u00e1 cambios a Ley 535 y proponen nuevo C\u00f3digo - El Diario - Bolivia<\/title>\n<meta name=\"robots\" content=\"index, follow, max-snippet:-1, max-image-preview:large, max-video-preview:-1\" \/>\n<link rel=\"canonical\" href=\"https:\/\/www.eldiario.net\/portal\/2026\/07\/20\/cumbre-minera-debatira-cambios-a-ley-535-y-proponen-nuevo-codigo\/\" \/>\n<meta property=\"og:locale\" content=\"es_ES\" \/>\n<meta property=\"og:type\" content=\"article\" \/>\n<meta property=\"og:title\" content=\"Cumbre Minera debatir\u00e1 cambios a Ley 535 y proponen nuevo C\u00f3digo - El Diario - Bolivia\" \/>\n<meta property=\"og:description\" content=\"La Confederaci\u00f3n Sindical de Trabajadores Mineros de Bolivia (Cstmb) confirm\u00f3 que la Cumbre Minera se desarrollar\u00e1 del 22 al 24 de julio en la ciudad de La Paz y participar\u00e1n trabajadores asalariados, cooperativistas y empresarios del sector. Adelantaron que entre los temas que analizar\u00e1n est\u00e1 la modificaci\u00f3n del marco normativo vigente, con la propuesta de [&hellip;]\" \/>\n<meta property=\"og:url\" content=\"https:\/\/www.eldiario.net\/portal\/2026\/07\/20\/cumbre-minera-debatira-cambios-a-ley-535-y-proponen-nuevo-codigo\/\" \/>\n<meta property=\"og:site_name\" content=\"El Diario - Bolivia\" \/>\n<meta property=\"article:publisher\" content=\"https:\/\/www.facebook.com\/eldiario.bolivia\/\" \/>\n<meta property=\"article:published_time\" content=\"2026-07-20T10:45:16+00:00\" \/>\n<meta property=\"og:image\" content=\"https:\/\/www.eldiario.net\/portal\/wp-content\/uploads\/2023\/12\/Economia.jpg\" \/>\n\t<meta property=\"og:image:width\" content=\"800\" \/>\n\t<meta property=\"og:image:height\" content=\"500\" \/>\n\t<meta property=\"og:image:type\" content=\"image\/jpeg\" \/>\n<meta name=\"author\" content=\"Jeanette\" \/>\n<meta name=\"twitter:card\" content=\"summary_large_image\" \/>\n<meta name=\"twitter:creator\" content=\"@eldiario_net\" \/>\n<meta name=\"twitter:site\" content=\"@eldiario_net\" \/>\n<meta name=\"twitter:label1\" content=\"Escrito por\" \/>\n\t<meta name=\"twitter:data1\" content=\"Jeanette\" \/>\n\t<meta name=\"twitter:label2\" content=\"Tiempo de lectura\" \/>\n\t<meta name=\"twitter:data2\" content=\"2 minutos\" \/>\n<script type=\"application\/ld+json\" class=\"yoast-schema-graph\">{\"@context\":\"https:\\\/\\\/schema.org\",\"@graph\":[{\"@type\":\"Article\",\"@id\":\"https:\\\/\\\/www.eldiario.net\\\/portal\\\/2026\\\/07\\\/20\\\/cumbre-minera-debatira-cambios-a-ley-535-y-proponen-nuevo-codigo\\\/#article\",\"isPartOf\":{\"@id\":\"https:\\\/\\\/www.eldiario.net\\\/portal\\\/2026\\\/07\\\/20\\\/cumbre-minera-debatira-cambios-a-ley-535-y-proponen-nuevo-codigo\\\/\"},\"author\":{\"name\":\"Jeanette\",\"@id\":\"https:\\\/\\\/www.eldiario.net\\\/portal\\\/#\\\/schema\\\/person\\\/f46445640444750d7d753ccd04ae01b7\"},\"headline\":\"Cumbre Minera debatir\u00e1 cambios a Ley 535 y proponen nuevo C\u00f3digo\",\"datePublished\":\"2026-07-20T10:45:16+00:00\",\"mainEntityOfPage\":{\"@id\":\"https:\\\/\\\/www.eldiario.net\\\/portal\\\/2026\\\/07\\\/20\\\/cumbre-minera-debatira-cambios-a-ley-535-y-proponen-nuevo-codigo\\\/\"},\"wordCount\":224,\"publisher\":{\"@id\":\"https:\\\/\\\/www.eldiario.net\\\/portal\\\/#organization\"},\"image\":{\"@id\":\"https:\\\/\\\/www.eldiario.net\\\/portal\\\/2026\\\/07\\\/20\\\/cumbre-minera-debatira-cambios-a-ley-535-y-proponen-nuevo-codigo\\\/#primaryimage\"},\"thumbnailUrl\":\"https:\\\/\\\/www.eldiario.net\\\/portal\\\/wp-content\\\/uploads\\\/2023\\\/12\\\/Economia.jpg\",\"articleSection\":[\"Econom\u00eda\"],\"inLanguage\":\"es\"},{\"@type\":\"WebPage\",\"@id\":\"https:\\\/\\\/www.eldiario.net\\\/portal\\\/2026\\\/07\\\/20\\\/cumbre-minera-debatira-cambios-a-ley-535-y-proponen-nuevo-codigo\\\/\",\"url\":\"https:\\\/\\\/www.eldiario.net\\\/portal\\\/2026\\\/07\\\/20\\\/cumbre-minera-debatira-cambios-a-ley-535-y-proponen-nuevo-codigo\\\/\",\"name\":\"Cumbre Minera debatir\u00e1 cambios a Ley 535 y proponen nuevo C\u00f3digo - El Diario - Bolivia\",\"isPartOf\":{\"@id\":\"https:\\\/\\\/www.eldiario.net\\\/portal\\\/#website\"},\"primaryImageOfPage\":{\"@id\":\"https:\\\/\\\/www.eldiario.net\\\/portal\\\/2026\\\/07\\\/20\\\/cumbre-minera-debatira-cambios-a-ley-535-y-proponen-nuevo-codigo\\\/#primaryimage\"},\"image\":{\"@id\":\"https:\\\/\\\/www.eldiario.net\\\/portal\\\/2026\\\/07\\\/20\\\/cumbre-minera-debatira-cambios-a-ley-535-y-proponen-nuevo-codigo\\\/#primaryimage\"},\"thumbnailUrl\":\"https:\\\/\\\/www.eldiario.net\\\/portal\\\/wp-content\\\/uploads\\\/2023\\\/12\\\/Economia.jpg\",\"datePublished\":\"2026-07-20T10:45:16+00:00\",\"breadcrumb\":{\"@id\":\"https:\\\/\\\/www.eldiario.net\\\/portal\\\/2026\\\/07\\\/20\\\/cumbre-minera-debatira-cambios-a-ley-535-y-proponen-nuevo-codigo\\\/#breadcrumb\"},\"inLanguage\":\"es\",\"potentialAction\":[{\"@type\":\"ReadAction\",\"target\":[\"https:\\\/\\\/www.eldiario.net\\\/portal\\\/2026\\\/07\\\/20\\\/cumbre-minera-debatira-cambios-a-ley-535-y-proponen-nuevo-codigo\\\/\"]}]},{\"@type\":\"ImageObject\",\"inLanguage\":\"es\",\"@id\":\"https:\\\/\\\/www.eldiario.net\\\/portal\\\/2026\\\/07\\\/20\\\/cumbre-minera-debatira-cambios-a-ley-535-y-proponen-nuevo-codigo\\\/#primaryimage\",\"url\":\"https:\\\/\\\/www.eldiario.net\\\/portal\\\/wp-content\\\/uploads\\\/2023\\\/12\\\/Economia.jpg\",\"contentUrl\":\"https:\\\/\\\/www.eldiario.net\\\/portal\\\/wp-content\\\/uploads\\\/2023\\\/12\\\/Economia.jpg\",\"width\":800,\"height\":500},{\"@type\":\"BreadcrumbList\",\"@id\":\"https:\\\/\\\/www.eldiario.net\\\/portal\\\/2026\\\/07\\\/20\\\/cumbre-minera-debatira-cambios-a-ley-535-y-proponen-nuevo-codigo\\\/#breadcrumb\",\"itemListElement\":[{\"@type\":\"ListItem\",\"position\":1,\"name\":\"Portada\",\"item\":\"https:\\\/\\\/www.eldiario.net\\\/portal\\\/\"},{\"@type\":\"ListItem\",\"position\":2,\"name\":\"Cumbre Minera debatir\u00e1 cambios a Ley 535 y proponen nuevo C\u00f3digo\"}]},{\"@type\":\"WebSite\",\"@id\":\"https:\\\/\\\/www.eldiario.net\\\/portal\\\/#website\",\"url\":\"https:\\\/\\\/www.eldiario.net\\\/portal\\\/\",\"name\":\"El Diario - Decano de la prensa nacional\",\"description\":\"El Diario - Decano de la prensa nacional\",\"publisher\":{\"@id\":\"https:\\\/\\\/www.eldiario.net\\\/portal\\\/#organization\"},\"potentialAction\":[{\"@type\":\"SearchAction\",\"target\":{\"@type\":\"EntryPoint\",\"urlTemplate\":\"https:\\\/\\\/www.eldiario.net\\\/portal\\\/?s={search_term_string}\"},\"query-input\":{\"@type\":\"PropertyValueSpecification\",\"valueRequired\":true,\"valueName\":\"search_term_string\"}}],\"inLanguage\":\"es\"},{\"@type\":\"Organization\",\"@id\":\"https:\\\/\\\/www.eldiario.net\\\/portal\\\/#organization\",\"name\":\"El Diario - Decano de la prensa nacional\",\"url\":\"https:\\\/\\\/www.eldiario.net\\\/portal\\\/\",\"logo\":{\"@type\":\"ImageObject\",\"inLanguage\":\"es\",\"@id\":\"https:\\\/\\\/www.eldiario.net\\\/portal\\\/#\\\/schema\\\/logo\\\/image\\\/\",\"url\":\"https:\\\/\\\/www.eldiario.net\\\/portal\\\/wp-content\\\/uploads\\\/2023\\\/07\\\/logo_ED.jpg\",\"contentUrl\":\"https:\\\/\\\/www.eldiario.net\\\/portal\\\/wp-content\\\/uploads\\\/2023\\\/07\\\/logo_ED.jpg\",\"width\":272,\"height\":52,\"caption\":\"El Diario - Decano de la prensa nacional\"},\"image\":{\"@id\":\"https:\\\/\\\/www.eldiario.net\\\/portal\\\/#\\\/schema\\\/logo\\\/image\\\/\"},\"sameAs\":[\"https:\\\/\\\/www.facebook.com\\\/eldiario.bolivia\\\/\",\"https:\\\/\\\/x.com\\\/eldiario_net\"]},{\"@type\":\"Person\",\"@id\":\"https:\\\/\\\/www.eldiario.net\\\/portal\\\/#\\\/schema\\\/person\\\/f46445640444750d7d753ccd04ae01b7\",\"name\":\"Jeanette\",\"image\":{\"@type\":\"ImageObject\",\"inLanguage\":\"es\",\"@id\":\"https:\\\/\\\/secure.gravatar.com\\\/avatar\\\/3ea2118a5f7dad2b7138b1187a6b7ee55f160b9968b66013c3a3ef39dd7e5798?s=96&d=mm&r=g\",\"url\":\"https:\\\/\\\/secure.gravatar.com\\\/avatar\\\/3ea2118a5f7dad2b7138b1187a6b7ee55f160b9968b66013c3a3ef39dd7e5798?s=96&d=mm&r=g\",\"contentUrl\":\"https:\\\/\\\/secure.gravatar.com\\\/avatar\\\/3ea2118a5f7dad2b7138b1187a6b7ee55f160b9968b66013c3a3ef39dd7e5798?s=96&d=mm&r=g\",\"caption\":\"Jeanette\"},\"sameAs\":[\"https:\\\/\\\/www.eldiario.net\\\/portal\"],\"url\":\"https:\\\/\\\/www.eldiario.net\\\/portal\\\/author\\\/jeanette\\\/\"}]}<\/script>\n<!-- \/ Yoast SEO plugin. -->","yoast_head_json":{"title":"Cumbre Minera debatir\u00e1 cambios a Ley 535 y proponen nuevo C\u00f3digo - El Diario - Bolivia","robots":{"index":"index","follow":"follow","max-snippet":"max-snippet:-1","max-image-preview":"max-image-preview:large","max-video-preview":"max-video-preview:-1"},"canonical":"https:\/\/www.eldiario.net\/portal\/2026\/07\/20\/cumbre-minera-debatira-cambios-a-ley-535-y-proponen-nuevo-codigo\/","og_locale":"es_ES","og_type":"article","og_title":"Cumbre Minera debatir\u00e1 cambios a Ley 535 y proponen nuevo C\u00f3digo - El Diario - Bolivia","og_description":"La Confederaci\u00f3n Sindical de Trabajadores Mineros de Bolivia (Cstmb) confirm\u00f3 que la Cumbre Minera se desarrollar\u00e1 del 22 al 24 de julio en la ciudad de La Paz y participar\u00e1n trabajadores asalariados, cooperativistas y empresarios del sector. Adelantaron que entre los temas que analizar\u00e1n est\u00e1 la modificaci\u00f3n del marco normativo vigente, con la propuesta de [&hellip;]","og_url":"https:\/\/www.eldiario.net\/portal\/2026\/07\/20\/cumbre-minera-debatira-cambios-a-ley-535-y-proponen-nuevo-codigo\/","og_site_name":"El Diario - Bolivia","article_publisher":"https:\/\/www.facebook.com\/eldiario.bolivia\/","article_published_time":"2026-07-20T10:45:16+00:00","og_image":[{"width":800,"height":500,"url":"https:\/\/www.eldiario.net\/portal\/wp-content\/uploads\/2023\/12\/Economia.jpg","type":"image\/jpeg"}],"author":"Jeanette","twitter_card":"summary_large_image","twitter_creator":"@eldiario_net","twitter_site":"@eldiario_net","twitter_misc":{"Escrito por":"Jeanette","Tiempo de lectura":"2 minutos"},"schema":{"@context":"https:\/\/schema.org","@graph":[{"@type":"Article","@id":"https:\/\/www.eldiario.net\/portal\/2026\/07\/20\/cumbre-minera-debatira-cambios-a-ley-535-y-proponen-nuevo-codigo\/#article","isPartOf":{"@id":"https:\/\/www.eldiario.net\/portal\/2026\/07\/20\/cumbre-minera-debatira-cambios-a-ley-535-y-proponen-nuevo-codigo\/"},"author":{"name":"Jeanette","@id":"https:\/\/www.eldiario.net\/portal\/#\/schema\/person\/f46445640444750d7d753ccd04ae01b7"},"headline":"Cumbre Minera debatir\u00e1 cambios a Ley 535 y proponen nuevo C\u00f3digo","datePublished":"2026-07-20T10:45:16+00:00","mainEntityOfPage":{"@id":"https:\/\/www.eldiario.net\/portal\/2026\/07\/20\/cumbre-minera-debatira-cambios-a-ley-535-y-proponen-nuevo-codigo\/"},"wordCount":224,"publisher":{"@id":"https:\/\/www.eldiario.net\/portal\/#organization"},"image":{"@id":"https:\/\/www.eldiario.net\/portal\/2026\/07\/20\/cumbre-minera-debatira-cambios-a-ley-535-y-proponen-nuevo-codigo\/#primaryimage"},"thumbnailUrl":"https:\/\/www.eldiario.net\/portal\/wp-content\/uploads\/2023\/12\/Economia.jpg","articleSection":["Econom\u00eda"],"inLanguage":"es"},{"@type":"WebPage","@id":"https:\/\/www.eldiario.net\/portal\/2026\/07\/20\/cumbre-minera-debatira-cambios-a-ley-535-y-proponen-nuevo-codigo\/","url":"https:\/\/www.eldiario.net\/portal\/2026\/07\/20\/cumbre-minera-debatira-cambios-a-ley-535-y-proponen-nuevo-codigo\/","name":"Cumbre Minera debatir\u00e1 cambios a Ley 535 y proponen nuevo C\u00f3digo - El Diario - Bolivia","isPartOf":{"@id":"https:\/\/www.eldiario.net\/portal\/#website"},"primaryImageOfPage":{"@id":"https:\/\/www.eldiario.net\/portal\/2026\/07\/20\/cumbre-minera-debatira-cambios-a-ley-535-y-proponen-nuevo-codigo\/#primaryimage"},"image":{"@id":"https:\/\/www.eldiario.net\/portal\/2026\/07\/20\/cumbre-minera-debatira-cambios-a-ley-535-y-proponen-nuevo-codigo\/#primaryimage"},"thumbnailUrl":"https:\/\/www.eldiario.net\/portal\/wp-content\/uploads\/2023\/12\/Economia.jpg","datePublished":"2026-07-20T10:45:16+00:00","breadcrumb":{"@id":"https:\/\/www.eldiario.net\/portal\/2026\/07\/20\/cumbre-minera-debatira-cambios-a-ley-535-y-proponen-nuevo-codigo\/#breadcrumb"},"inLanguage":"es","potentialAction":[{"@type":"ReadAction","target":["https:\/\/www.eldiario.net\/portal\/2026\/07\/20\/cumbre-minera-debatira-cambios-a-ley-535-y-proponen-nuevo-codigo\/"]}]},{"@type":"ImageObject","inLanguage":"es","@id":"https:\/\/www.eldiario.net\/portal\/2026\/07\/20\/cumbre-minera-debatira-cambios-a-ley-535-y-proponen-nuevo-codigo\/#primaryimage","url":"https:\/\/www.eldiario.net\/portal\/wp-content\/uploads\/2023\/12\/Economia.jpg","contentUrl":"https:\/\/www.eldiario.net\/portal\/wp-content\/uploads\/2023\/12\/Economia.jpg","width":800,"height":500},{"@type":"BreadcrumbList","@id":"https:\/\/www.eldiario.net\/portal\/2026\/07\/20\/cumbre-minera-debatira-cambios-a-ley-535-y-proponen-nuevo-codigo\/#breadcrumb","itemListElement":[{"@type":"ListItem","position":1,"name":"Portada","item":"https:\/\/www.eldiario.net\/portal\/"},{"@type":"ListItem","position":2,"name":"Cumbre Minera debatir\u00e1 cambios a Ley 535 y proponen nuevo C\u00f3digo"}]},{"@type":"WebSite","@id":"https:\/\/www.eldiario.net\/portal\/#website","url":"https:\/\/www.eldiario.net\/portal\/","name":"El Diario - Decano de la prensa nacional","description":"El Diario - Decano de la prensa nacional","publisher":{"@id":"https:\/\/www.eldiario.net\/portal\/#organization"},"potentialAction":[{"@type":"SearchAction","target":{"@type":"EntryPoint","urlTemplate":"https:\/\/www.eldiario.net\/portal\/?s={search_term_string}"},"query-input":{"@type":"PropertyValueSpecification","valueRequired":true,"valueName":"search_term_string"}}],"inLanguage":"es"},{"@type":"Organization","@id":"https:\/\/www.eldiario.net\/portal\/#organization","name":"El Diario - Decano de la prensa nacional","url":"https:\/\/www.eldiario.net\/portal\/","logo":{"@type":"ImageObject","inLanguage":"es","@id":"https:\/\/www.eldiario.net\/portal\/#\/schema\/logo\/image\/","url":"https:\/\/www.eldiario.net\/portal\/wp-content\/uploads\/2023\/07\/logo_ED.jpg","contentUrl":"https:\/\/www.eldiario.net\/portal\/wp-content\/uploads\/2023\/07\/logo_ED.jpg","width":272,"height":52,"caption":"El Diario - Decano de la prensa nacional"},"image":{"@id":"https:\/\/www.eldiario.net\/portal\/#\/schema\/logo\/image\/"},"sameAs":["https:\/\/www.facebook.com\/eldiario.bolivia\/","https:\/\/x.com\/eldiario_net"]},{"@type":"Person","@id":"https:\/\/www.eldiario.net\/portal\/#\/schema\/person\/f46445640444750d7d753ccd04ae01b7","name":"Jeanette","image":{"@type":"ImageObject","inLanguage":"es","@id":"https:\/\/secure.gravatar.com\/avatar\/3ea2118a5f7dad2b7138b1187a6b7ee55f160b9968b66013c3a3ef39dd7e5798?s=96&d=mm&r=g","url":"https:\/\/secure.gravatar.com\/avatar\/3ea2118a5f7dad2b7138b1187a6b7ee55f160b9968b66013c3a3ef39dd7e5798?s=96&d=mm&r=g","contentUrl":"https:\/\/secure.gravatar.com\/avatar\/3ea2118a5f7dad2b7138b1187a6b7ee55f160b9968b66013c3a3ef39dd7e5798?s=96&d=mm&r=g","caption":"Jeanette"},"sameAs":["https:\/\/www.eldiario.net\/portal"],"url":"https:\/\/www.eldiario.net\/portal\/author\/jeanette\/"}]}},"_links":{"self":[{"href":"https:\/\/www.eldiario.net\/portal\/wp-json\/wp\/v2\/posts\/414111","targetHints":{"allow":["GET"]}}],"collection":[{"href":"https:\/\/www.eldiario.net\/portal\/wp-json\/wp\/v2\/posts"}],"about":[{"href":"https:\/\/www.eldiario.net\/portal\/wp-json\/wp\/v2\/types\/post"}],"author":[{"embeddable":true,"href":"https:\/\/www.eldiario.net\/portal\/wp-json\/wp\/v2\/users\/1"}],"replies":[{"embeddable":true,"href":"https:\/\/www.eldiario.net\/portal\/wp-json\/wp\/v2\/comments?post=414111"}],"version-history":[{"count":1,"href":"https:\/\/www.eldiario.net\/portal\/wp-json\/wp\/v2\/posts\/414111\/revisions"}],"predecessor-version":[{"id":414112,"href":"https:\/\/www.eldiario.net\/portal\/wp-json\/wp\/v2\/posts\/414111\/revisions\/414112"}],"wp:featuredmedia":[{"embeddable":true,"href":"https:\/\/www.eldiario.net\/portal\/wp-json\/wp\/v2\/media\/194689"}],"wp:attachment":[{"href":"https:\/\/www.eldiario.net\/portal\/wp-json\/wp\/v2\/media?parent=414111"}],"wp:term":[{"taxonomy":"category","embeddable":true,"href":"https:\/\/www.eldiario.net\/portal\/wp-json\/wp\/v2\/categories?post=414111"},{"taxonomy":"post_tag","embeddable":true,"href":"https:\/\/www.eldiario.net\/portal\/wp-json\/wp\/v2\/tags?post=414111"}],"curies":[{"name":"wp","href":"https:\/\/api.w.org\/{rel}","templated":true}]}}