{"id":414016,"date":"2026-07-20T00:53:39","date_gmt":"2026-07-20T04:53:39","guid":{"rendered":"https:\/\/www.eldiario.net\/portal\/?p=414016"},"modified":"2026-07-19T08:54:07","modified_gmt":"2026-07-19T12:54:07","slug":"canva-code-2-0-programacion-con-ia-mas-intuitiva","status":"publish","type":"post","link":"https:\/\/www.eldiario.net\/portal\/2026\/07\/20\/canva-code-2-0-programacion-con-ia-mas-intuitiva\/","title":{"rendered":"Canva Code 2.0: programaci\u00f3n con IA m\u00e1s intuitiva"},"content":{"rendered":"<p>Canva ha lanzado <strong>Canva Code 2.0<\/strong>, la nueva versi\u00f3n de su herramienta de programaci\u00f3n impulsada por inteligencia artificial. Esta actualizaci\u00f3n permite transformar una sola frase en un sitio web, aplicaci\u00f3n o experiencia interactiva funcional, con dise\u00f1o responsive y publicaci\u00f3n directa desde el editor de Canva.<\/p>\n<p><strong>Una evoluci\u00f3n del Sistema Operativo Creativo<\/strong><\/p>\n<p>El primer modelo de Canva Code se present\u00f3 en octubre de 2025 como parte del Sistema Operativo Creativo. Desde entonces, la compa\u00f1\u00eda ha trabajado en perfeccionar la herramienta para hacer la programaci\u00f3n con IA m\u00e1s visual, intuitiva y accesible. La versi\u00f3n 2.0, anunciada en abril junto a Canva IA 2.0, llega ahora con mejoras significativas.<\/p>\n<p>\u201cComo parte del ecosistema de Canva IA, Canva Code 2.0 representa un paso m\u00e1s hacia una nueva forma de crear y dise\u00f1ar. La herramienta respalda nuestra visi\u00f3n: permitir que cualquier persona construya lo que imagine, sin necesidad de conocimientos t\u00e9cnicos ni flujos de trabajo complejos\u201d, se\u00f1alaron desde la compa\u00f1\u00eda.<\/p>\n<p><strong>M\u00e1s control creativo y nuevas plantillas<\/strong><\/p>\n<p>Canva Code 2.0 ofrece mayor control visual en la creaci\u00f3n de p\u00e1ginas y aplicaciones a partir de simples prompts de texto. Los usuarios de los planes Gratis, Pro, Business, Enterprise y Educaci\u00f3n ya pueden dise\u00f1ar y editar proyectos interactivos como cualquier otra plantilla de Canva.<\/p>\n<p>El proceso puede comenzar con una breve descripci\u00f3n, una p\u00e1gina en blanco o alguna de las m\u00e1s de 50 nuevas plantillas de dise\u00f1o interactivo. Una vez generado el proyecto, se puede modificar en el editor de Canva con funciones como carga de archivos propios (incluyendo HTML), biblioteca multimedia, edici\u00f3n de color y tipograf\u00eda, generaci\u00f3n de im\u00e1genes con IA y herramientas de reescritura. Adem\u00e1s, la colaboraci\u00f3n en tiempo real permite que varios miembros del equipo editen, revisen o comenten simult\u00e1neamente.<\/p>\n<p><strong>Eficiencia y dise\u00f1o responsive<\/strong><\/p>\n<p>La compa\u00f1\u00eda asegura que el tiempo medio de generaci\u00f3n de c\u00f3digo se ha reducido un 75%, situ\u00e1ndose en apenas 45 segundos, mientras que la publicaci\u00f3n de un sitio web tarda un 30% menos que antes. Todos los proyectos creados con Canva Code 2.0 son interactivos y se adaptan autom\u00e1ticamente a cualquier tama\u00f1o de pantalla.<\/p>\n<p>Los usuarios pueden previsualizar sus dise\u00f1os en distintos dispositivos antes de publicarlos, garantizando una experiencia \u00f3ptima. Tambi\u00e9n es posible importar trabajos previos en HTML para convertirlos en proyectos editables dentro de Canva, evitando empezar desde cero.<\/p>\n<p><strong>Publicaci\u00f3n simplificada<\/strong><\/p>\n<p>Una vez finalizado el proyecto, se puede publicar directamente desde el editor de Canva. La plataforma ofrece opciones como sistemas de inicio de sesi\u00f3n \u00fanico (SSO) y la posibilidad de adquirir un dominio personalizado sin salir del entorno de dise\u00f1o.<\/p>\n<p><strong>Impacto global<\/strong><\/p>\n<p>Desde su lanzamiento inicial, Canva Code ha sido utilizado para crear y publicar m\u00e1s de seis millones de sitios web. Con la llegada de la versi\u00f3n 2.0, la compa\u00f1\u00eda refuerza su apuesta por democratizar la programaci\u00f3n y el dise\u00f1o interactivo, acercando estas capacidades a usuarios sin experiencia t\u00e9cnica y potenciando la creatividad colaborativa.<\/p>\n<p>&nbsp;<\/p>\n","protected":false},"excerpt":{"rendered":"<p>Canva ha lanzado Canva Code 2.0, la nueva versi\u00f3n de su herramienta de programaci\u00f3n impulsada por inteligencia artificial. Esta actualizaci\u00f3n permite transformar una sola frase en un sitio web, aplicaci\u00f3n o experiencia interactiva funcional, con dise\u00f1o responsive y publicaci\u00f3n directa desde el editor de Canva. Una evoluci\u00f3n del Sistema Operativo Creativo El primer modelo de [&hellip;]<\/p>\n","protected":false},"author":1,"featured_media":414017,"comment_status":"closed","ping_status":"open","sticky":false,"template":"","format":"standard","meta":{"_acf_changed":false,"footnotes":""},"categories":[46],"tags":[],"class_list":["post-414016","post","type-post","status-publish","format-standard","has-post-thumbnail","category-ciencia-computacion"],"acf":{"antetitulo":""},"yoast_head":"<!-- This site is optimized with the Yoast SEO plugin v28.4 - https:\/\/yoast.com\/product\/yoast-seo-wordpress\/ -->\n<title>Canva Code 2.0: programaci\u00f3n con IA m\u00e1s intuitiva - El Diario - Bolivia<\/title>\n<meta name=\"robots\" content=\"index, follow, max-snippet:-1, max-image-preview:large, max-video-preview:-1\" \/>\n<link rel=\"canonical\" href=\"https:\/\/www.eldiario.net\/portal\/2026\/07\/20\/canva-code-2-0-programacion-con-ia-mas-intuitiva\/\" \/>\n<meta property=\"og:locale\" content=\"es_ES\" \/>\n<meta property=\"og:type\" content=\"article\" \/>\n<meta property=\"og:title\" content=\"Canva Code 2.0: programaci\u00f3n con IA m\u00e1s intuitiva - El Diario - Bolivia\" \/>\n<meta property=\"og:description\" content=\"Canva ha lanzado Canva Code 2.0, la nueva versi\u00f3n de su herramienta de programaci\u00f3n impulsada por inteligencia artificial. Esta actualizaci\u00f3n permite transformar una sola frase en un sitio web, aplicaci\u00f3n o experiencia interactiva funcional, con dise\u00f1o responsive y publicaci\u00f3n directa desde el editor de Canva. Una evoluci\u00f3n del Sistema Operativo Creativo El primer modelo de [&hellip;]\" \/>\n<meta property=\"og:url\" content=\"https:\/\/www.eldiario.net\/portal\/2026\/07\/20\/canva-code-2-0-programacion-con-ia-mas-intuitiva\/\" \/>\n<meta property=\"og:site_name\" content=\"El Diario - Bolivia\" \/>\n<meta property=\"article:publisher\" content=\"https:\/\/www.facebook.com\/eldiario.bolivia\/\" \/>\n<meta property=\"article:published_time\" content=\"2026-07-20T04:53:39+00:00\" \/>\n<meta property=\"og:image\" content=\"https:\/\/www.eldiario.net\/portal\/wp-content\/uploads\/2026\/07\/2-B.webp\" \/>\n\t<meta property=\"og:image:width\" content=\"813\" \/>\n\t<meta property=\"og:image:height\" content=\"485\" \/>\n\t<meta property=\"og:image:type\" content=\"image\/webp\" \/>\n<meta name=\"author\" content=\"Jeanette\" \/>\n<meta name=\"twitter:card\" content=\"summary_large_image\" \/>\n<meta name=\"twitter:creator\" content=\"@eldiario_net\" \/>\n<meta name=\"twitter:site\" content=\"@eldiario_net\" \/>\n<meta name=\"twitter:label1\" content=\"Escrito por\" \/>\n\t<meta name=\"twitter:data1\" content=\"Jeanette\" \/>\n\t<meta name=\"twitter:label2\" content=\"Tiempo de lectura\" \/>\n\t<meta name=\"twitter:data2\" content=\"3 minutos\" \/>\n<script type=\"application\/ld+json\" class=\"yoast-schema-graph\">{\"@context\":\"https:\\\/\\\/schema.org\",\"@graph\":[{\"@type\":\"Article\",\"@id\":\"https:\\\/\\\/www.eldiario.net\\\/portal\\\/2026\\\/07\\\/20\\\/canva-code-2-0-programacion-con-ia-mas-intuitiva\\\/#article\",\"isPartOf\":{\"@id\":\"https:\\\/\\\/www.eldiario.net\\\/portal\\\/2026\\\/07\\\/20\\\/canva-code-2-0-programacion-con-ia-mas-intuitiva\\\/\"},\"author\":{\"name\":\"Jeanette\",\"@id\":\"https:\\\/\\\/www.eldiario.net\\\/portal\\\/#\\\/schema\\\/person\\\/2c57cf2b7a7ae032e449e4c9b1019eac\"},\"headline\":\"Canva Code 2.0: programaci\u00f3n con IA m\u00e1s intuitiva\",\"datePublished\":\"2026-07-20T04:53:39+00:00\",\"mainEntityOfPage\":{\"@id\":\"https:\\\/\\\/www.eldiario.net\\\/portal\\\/2026\\\/07\\\/20\\\/canva-code-2-0-programacion-con-ia-mas-intuitiva\\\/\"},\"wordCount\":526,\"publisher\":{\"@id\":\"https:\\\/\\\/www.eldiario.net\\\/portal\\\/#organization\"},\"image\":{\"@id\":\"https:\\\/\\\/www.eldiario.net\\\/portal\\\/2026\\\/07\\\/20\\\/canva-code-2-0-programacion-con-ia-mas-intuitiva\\\/#primaryimage\"},\"thumbnailUrl\":\"https:\\\/\\\/www.eldiario.net\\\/portal\\\/wp-content\\\/uploads\\\/2026\\\/07\\\/2-B.webp\",\"articleSection\":[\"Ciencia y Computaci\u00f3n\"],\"inLanguage\":\"es\"},{\"@type\":\"WebPage\",\"@id\":\"https:\\\/\\\/www.eldiario.net\\\/portal\\\/2026\\\/07\\\/20\\\/canva-code-2-0-programacion-con-ia-mas-intuitiva\\\/\",\"url\":\"https:\\\/\\\/www.eldiario.net\\\/portal\\\/2026\\\/07\\\/20\\\/canva-code-2-0-programacion-con-ia-mas-intuitiva\\\/\",\"name\":\"Canva Code 2.0: programaci\u00f3n con IA m\u00e1s intuitiva - El Diario - Bolivia\",\"isPartOf\":{\"@id\":\"https:\\\/\\\/www.eldiario.net\\\/portal\\\/#website\"},\"primaryImageOfPage\":{\"@id\":\"https:\\\/\\\/www.eldiario.net\\\/portal\\\/2026\\\/07\\\/20\\\/canva-code-2-0-programacion-con-ia-mas-intuitiva\\\/#primaryimage\"},\"image\":{\"@id\":\"https:\\\/\\\/www.eldiario.net\\\/portal\\\/2026\\\/07\\\/20\\\/canva-code-2-0-programacion-con-ia-mas-intuitiva\\\/#primaryimage\"},\"thumbnailUrl\":\"https:\\\/\\\/www.eldiario.net\\\/portal\\\/wp-content\\\/uploads\\\/2026\\\/07\\\/2-B.webp\",\"datePublished\":\"2026-07-20T04:53:39+00:00\",\"breadcrumb\":{\"@id\":\"https:\\\/\\\/www.eldiario.net\\\/portal\\\/2026\\\/07\\\/20\\\/canva-code-2-0-programacion-con-ia-mas-intuitiva\\\/#breadcrumb\"},\"inLanguage\":\"es\",\"potentialAction\":[{\"@type\":\"ReadAction\",\"target\":[\"https:\\\/\\\/www.eldiario.net\\\/portal\\\/2026\\\/07\\\/20\\\/canva-code-2-0-programacion-con-ia-mas-intuitiva\\\/\"]}]},{\"@type\":\"ImageObject\",\"inLanguage\":\"es\",\"@id\":\"https:\\\/\\\/www.eldiario.net\\\/portal\\\/2026\\\/07\\\/20\\\/canva-code-2-0-programacion-con-ia-mas-intuitiva\\\/#primaryimage\",\"url\":\"https:\\\/\\\/www.eldiario.net\\\/portal\\\/wp-content\\\/uploads\\\/2026\\\/07\\\/2-B.webp\",\"contentUrl\":\"https:\\\/\\\/www.eldiario.net\\\/portal\\\/wp-content\\\/uploads\\\/2026\\\/07\\\/2-B.webp\",\"width\":813,\"height\":485},{\"@type\":\"BreadcrumbList\",\"@id\":\"https:\\\/\\\/www.eldiario.net\\\/portal\\\/2026\\\/07\\\/20\\\/canva-code-2-0-programacion-con-ia-mas-intuitiva\\\/#breadcrumb\",\"itemListElement\":[{\"@type\":\"ListItem\",\"position\":1,\"name\":\"Portada\",\"item\":\"https:\\\/\\\/www.eldiario.net\\\/portal\\\/\"},{\"@type\":\"ListItem\",\"position\":2,\"name\":\"Canva Code 2.0: programaci\u00f3n con IA m\u00e1s intuitiva\"}]},{\"@type\":\"WebSite\",\"@id\":\"https:\\\/\\\/www.eldiario.net\\\/portal\\\/#website\",\"url\":\"https:\\\/\\\/www.eldiario.net\\\/portal\\\/\",\"name\":\"El Diario - Decano de la prensa nacional\",\"description\":\"El Diario - Decano de la prensa nacional\",\"publisher\":{\"@id\":\"https:\\\/\\\/www.eldiario.net\\\/portal\\\/#organization\"},\"potentialAction\":[{\"@type\":\"SearchAction\",\"target\":{\"@type\":\"EntryPoint\",\"urlTemplate\":\"https:\\\/\\\/www.eldiario.net\\\/portal\\\/?s={search_term_string}\"},\"query-input\":{\"@type\":\"PropertyValueSpecification\",\"valueRequired\":true,\"valueName\":\"search_term_string\"}}],\"inLanguage\":\"es\"},{\"@type\":\"Organization\",\"@id\":\"https:\\\/\\\/www.eldiario.net\\\/portal\\\/#organization\",\"name\":\"El Diario - Decano de la prensa nacional\",\"url\":\"https:\\\/\\\/www.eldiario.net\\\/portal\\\/\",\"logo\":{\"@type\":\"ImageObject\",\"inLanguage\":\"es\",\"@id\":\"https:\\\/\\\/www.eldiario.net\\\/portal\\\/#\\\/schema\\\/logo\\\/image\\\/\",\"url\":\"https:\\\/\\\/www.eldiario.net\\\/portal\\\/wp-content\\\/uploads\\\/2023\\\/07\\\/logo_ED.jpg\",\"contentUrl\":\"https:\\\/\\\/www.eldiario.net\\\/portal\\\/wp-content\\\/uploads\\\/2023\\\/07\\\/logo_ED.jpg\",\"width\":272,\"height\":52,\"caption\":\"El Diario - Decano de la prensa nacional\"},\"image\":{\"@id\":\"https:\\\/\\\/www.eldiario.net\\\/portal\\\/#\\\/schema\\\/logo\\\/image\\\/\"},\"sameAs\":[\"https:\\\/\\\/www.facebook.com\\\/eldiario.bolivia\\\/\",\"https:\\\/\\\/x.com\\\/eldiario_net\"]},{\"@type\":\"Person\",\"@id\":\"https:\\\/\\\/www.eldiario.net\\\/portal\\\/#\\\/schema\\\/person\\\/2c57cf2b7a7ae032e449e4c9b1019eac\",\"name\":\"Jeanette\",\"image\":{\"@type\":\"ImageObject\",\"inLanguage\":\"es\",\"@id\":\"https:\\\/\\\/secure.gravatar.com\\\/avatar\\\/3ea2118a5f7dad2b7138b1187a6b7ee55f160b9968b66013c3a3ef39dd7e5798?s=96&d=mm&r=g\",\"url\":\"https:\\\/\\\/secure.gravatar.com\\\/avatar\\\/3ea2118a5f7dad2b7138b1187a6b7ee55f160b9968b66013c3a3ef39dd7e5798?s=96&d=mm&r=g\",\"contentUrl\":\"https:\\\/\\\/secure.gravatar.com\\\/avatar\\\/3ea2118a5f7dad2b7138b1187a6b7ee55f160b9968b66013c3a3ef39dd7e5798?s=96&d=mm&r=g\",\"caption\":\"Jeanette\"},\"sameAs\":[\"https:\\\/\\\/www.eldiario.net\\\/portal\"],\"url\":\"https:\\\/\\\/www.eldiario.net\\\/portal\\\/author\\\/jeanette\\\/\"}]}<\/script>\n<!-- \/ Yoast SEO plugin. -->","yoast_head_json":{"title":"Canva Code 2.0: programaci\u00f3n con IA m\u00e1s intuitiva - El Diario - Bolivia","robots":{"index":"index","follow":"follow","max-snippet":"max-snippet:-1","max-image-preview":"max-image-preview:large","max-video-preview":"max-video-preview:-1"},"canonical":"https:\/\/www.eldiario.net\/portal\/2026\/07\/20\/canva-code-2-0-programacion-con-ia-mas-intuitiva\/","og_locale":"es_ES","og_type":"article","og_title":"Canva Code 2.0: programaci\u00f3n con IA m\u00e1s intuitiva - El Diario - Bolivia","og_description":"Canva ha lanzado Canva Code 2.0, la nueva versi\u00f3n de su herramienta de programaci\u00f3n impulsada por inteligencia artificial. Esta actualizaci\u00f3n permite transformar una sola frase en un sitio web, aplicaci\u00f3n o experiencia interactiva funcional, con dise\u00f1o responsive y publicaci\u00f3n directa desde el editor de Canva. Una evoluci\u00f3n del Sistema Operativo Creativo El primer modelo de [&hellip;]","og_url":"https:\/\/www.eldiario.net\/portal\/2026\/07\/20\/canva-code-2-0-programacion-con-ia-mas-intuitiva\/","og_site_name":"El Diario - Bolivia","article_publisher":"https:\/\/www.facebook.com\/eldiario.bolivia\/","article_published_time":"2026-07-20T04:53:39+00:00","og_image":[{"width":813,"height":485,"url":"https:\/\/www.eldiario.net\/portal\/wp-content\/uploads\/2026\/07\/2-B.webp","type":"image\/webp"}],"author":"Jeanette","twitter_card":"summary_large_image","twitter_creator":"@eldiario_net","twitter_site":"@eldiario_net","twitter_misc":{"Escrito por":"Jeanette","Tiempo de lectura":"3 minutos"},"schema":{"@context":"https:\/\/schema.org","@graph":[{"@type":"Article","@id":"https:\/\/www.eldiario.net\/portal\/2026\/07\/20\/canva-code-2-0-programacion-con-ia-mas-intuitiva\/#article","isPartOf":{"@id":"https:\/\/www.eldiario.net\/portal\/2026\/07\/20\/canva-code-2-0-programacion-con-ia-mas-intuitiva\/"},"author":{"name":"Jeanette","@id":"https:\/\/www.eldiario.net\/portal\/#\/schema\/person\/2c57cf2b7a7ae032e449e4c9b1019eac"},"headline":"Canva Code 2.0: programaci\u00f3n con IA m\u00e1s intuitiva","datePublished":"2026-07-20T04:53:39+00:00","mainEntityOfPage":{"@id":"https:\/\/www.eldiario.net\/portal\/2026\/07\/20\/canva-code-2-0-programacion-con-ia-mas-intuitiva\/"},"wordCount":526,"publisher":{"@id":"https:\/\/www.eldiario.net\/portal\/#organization"},"image":{"@id":"https:\/\/www.eldiario.net\/portal\/2026\/07\/20\/canva-code-2-0-programacion-con-ia-mas-intuitiva\/#primaryimage"},"thumbnailUrl":"https:\/\/www.eldiario.net\/portal\/wp-content\/uploads\/2026\/07\/2-B.webp","articleSection":["Ciencia y Computaci\u00f3n"],"inLanguage":"es"},{"@type":"WebPage","@id":"https:\/\/www.eldiario.net\/portal\/2026\/07\/20\/canva-code-2-0-programacion-con-ia-mas-intuitiva\/","url":"https:\/\/www.eldiario.net\/portal\/2026\/07\/20\/canva-code-2-0-programacion-con-ia-mas-intuitiva\/","name":"Canva Code 2.0: programaci\u00f3n con IA m\u00e1s intuitiva - El Diario - Bolivia","isPartOf":{"@id":"https:\/\/www.eldiario.net\/portal\/#website"},"primaryImageOfPage":{"@id":"https:\/\/www.eldiario.net\/portal\/2026\/07\/20\/canva-code-2-0-programacion-con-ia-mas-intuitiva\/#primaryimage"},"image":{"@id":"https:\/\/www.eldiario.net\/portal\/2026\/07\/20\/canva-code-2-0-programacion-con-ia-mas-intuitiva\/#primaryimage"},"thumbnailUrl":"https:\/\/www.eldiario.net\/portal\/wp-content\/uploads\/2026\/07\/2-B.webp","datePublished":"2026-07-20T04:53:39+00:00","breadcrumb":{"@id":"https:\/\/www.eldiario.net\/portal\/2026\/07\/20\/canva-code-2-0-programacion-con-ia-mas-intuitiva\/#breadcrumb"},"inLanguage":"es","potentialAction":[{"@type":"ReadAction","target":["https:\/\/www.eldiario.net\/portal\/2026\/07\/20\/canva-code-2-0-programacion-con-ia-mas-intuitiva\/"]}]},{"@type":"ImageObject","inLanguage":"es","@id":"https:\/\/www.eldiario.net\/portal\/2026\/07\/20\/canva-code-2-0-programacion-con-ia-mas-intuitiva\/#primaryimage","url":"https:\/\/www.eldiario.net\/portal\/wp-content\/uploads\/2026\/07\/2-B.webp","contentUrl":"https:\/\/www.eldiario.net\/portal\/wp-content\/uploads\/2026\/07\/2-B.webp","width":813,"height":485},{"@type":"BreadcrumbList","@id":"https:\/\/www.eldiario.net\/portal\/2026\/07\/20\/canva-code-2-0-programacion-con-ia-mas-intuitiva\/#breadcrumb","itemListElement":[{"@type":"ListItem","position":1,"name":"Portada","item":"https:\/\/www.eldiario.net\/portal\/"},{"@type":"ListItem","position":2,"name":"Canva Code 2.0: programaci\u00f3n con IA m\u00e1s intuitiva"}]},{"@type":"WebSite","@id":"https:\/\/www.eldiario.net\/portal\/#website","url":"https:\/\/www.eldiario.net\/portal\/","name":"El Diario - Decano de la prensa nacional","description":"El Diario - Decano de la prensa nacional","publisher":{"@id":"https:\/\/www.eldiario.net\/portal\/#organization"},"potentialAction":[{"@type":"SearchAction","target":{"@type":"EntryPoint","urlTemplate":"https:\/\/www.eldiario.net\/portal\/?s={search_term_string}"},"query-input":{"@type":"PropertyValueSpecification","valueRequired":true,"valueName":"search_term_string"}}],"inLanguage":"es"},{"@type":"Organization","@id":"https:\/\/www.eldiario.net\/portal\/#organization","name":"El Diario - Decano de la prensa nacional","url":"https:\/\/www.eldiario.net\/portal\/","logo":{"@type":"ImageObject","inLanguage":"es","@id":"https:\/\/www.eldiario.net\/portal\/#\/schema\/logo\/image\/","url":"https:\/\/www.eldiario.net\/portal\/wp-content\/uploads\/2023\/07\/logo_ED.jpg","contentUrl":"https:\/\/www.eldiario.net\/portal\/wp-content\/uploads\/2023\/07\/logo_ED.jpg","width":272,"height":52,"caption":"El Diario - Decano de la prensa nacional"},"image":{"@id":"https:\/\/www.eldiario.net\/portal\/#\/schema\/logo\/image\/"},"sameAs":["https:\/\/www.facebook.com\/eldiario.bolivia\/","https:\/\/x.com\/eldiario_net"]},{"@type":"Person","@id":"https:\/\/www.eldiario.net\/portal\/#\/schema\/person\/2c57cf2b7a7ae032e449e4c9b1019eac","name":"Jeanette","image":{"@type":"ImageObject","inLanguage":"es","@id":"https:\/\/secure.gravatar.com\/avatar\/3ea2118a5f7dad2b7138b1187a6b7ee55f160b9968b66013c3a3ef39dd7e5798?s=96&d=mm&r=g","url":"https:\/\/secure.gravatar.com\/avatar\/3ea2118a5f7dad2b7138b1187a6b7ee55f160b9968b66013c3a3ef39dd7e5798?s=96&d=mm&r=g","contentUrl":"https:\/\/secure.gravatar.com\/avatar\/3ea2118a5f7dad2b7138b1187a6b7ee55f160b9968b66013c3a3ef39dd7e5798?s=96&d=mm&r=g","caption":"Jeanette"},"sameAs":["https:\/\/www.eldiario.net\/portal"],"url":"https:\/\/www.eldiario.net\/portal\/author\/jeanette\/"}]}},"_links":{"self":[{"href":"https:\/\/www.eldiario.net\/portal\/wp-json\/wp\/v2\/posts\/414016","targetHints":{"allow":["GET"]}}],"collection":[{"href":"https:\/\/www.eldiario.net\/portal\/wp-json\/wp\/v2\/posts"}],"about":[{"href":"https:\/\/www.eldiario.net\/portal\/wp-json\/wp\/v2\/types\/post"}],"author":[{"embeddable":true,"href":"https:\/\/www.eldiario.net\/portal\/wp-json\/wp\/v2\/users\/1"}],"replies":[{"embeddable":true,"href":"https:\/\/www.eldiario.net\/portal\/wp-json\/wp\/v2\/comments?post=414016"}],"version-history":[{"count":1,"href":"https:\/\/www.eldiario.net\/portal\/wp-json\/wp\/v2\/posts\/414016\/revisions"}],"predecessor-version":[{"id":414018,"href":"https:\/\/www.eldiario.net\/portal\/wp-json\/wp\/v2\/posts\/414016\/revisions\/414018"}],"wp:featuredmedia":[{"embeddable":true,"href":"https:\/\/www.eldiario.net\/portal\/wp-json\/wp\/v2\/media\/414017"}],"wp:attachment":[{"href":"https:\/\/www.eldiario.net\/portal\/wp-json\/wp\/v2\/media?parent=414016"}],"wp:term":[{"taxonomy":"category","embeddable":true,"href":"https:\/\/www.eldiario.net\/portal\/wp-json\/wp\/v2\/categories?post=414016"},{"taxonomy":"post_tag","embeddable":true,"href":"https:\/\/www.eldiario.net\/portal\/wp-json\/wp\/v2\/tags?post=414016"}],"curies":[{"name":"wp","href":"https:\/\/api.w.org\/{rel}","templated":true}]}}