{"id":414010,"date":"2026-07-20T00:52:16","date_gmt":"2026-07-20T04:52:16","guid":{"rendered":"https:\/\/www.eldiario.net\/portal\/?p=414010"},"modified":"2026-07-19T08:52:45","modified_gmt":"2026-07-19T12:52:45","slug":"google-imagenes-25-anos-y-nuevas-funciones-con-ia","status":"publish","type":"post","link":"https:\/\/www.eldiario.net\/portal\/2026\/07\/20\/google-imagenes-25-anos-y-nuevas-funciones-con-ia\/","title":{"rendered":"Google Im\u00e1genes: 25 a\u00f1os y nuevas funciones con IA"},"content":{"rendered":"<p><strong>La Paz, julio de 2026<\/strong> \u2014 Google celebra el 25\u00ba aniversario de Google Im\u00e1genes con dos innovaciones que buscan redefinir la experiencia de b\u00fasqueda visual: la generaci\u00f3n de im\u00e1genes dentro de sus AI Overviews y una nueva p\u00e1gina de inicio para Google Im\u00e1genes, m\u00e1s din\u00e1mica y personalizada.<\/p>\n<p><strong>Un cuarto de siglo de b\u00fasqueda visual<\/strong><\/p>\n<p>Google Im\u00e1genes naci\u00f3 en 2001 como respuesta a la enorme demanda de usuarios que quer\u00edan ver el famoso vestido verde de Versace que Jennifer Lopez luci\u00f3 en los Grammy. Desde entonces, se ha convertido en una herramienta esencial para millones de personas que buscan inspiraci\u00f3n, informaci\u00f3n y tendencias visuales en la web.<\/p>\n<p><strong>Im\u00e1genes generadas desde la b\u00fasqueda<\/strong><\/p>\n<p>La primera novedad es la integraci\u00f3n de la tecnolog\u00eda Nano Banana en los AI Overviews. Ahora, los usuarios podr\u00e1n crear im\u00e1genes directamente desde la barra de b\u00fasqueda. Solo ser\u00e1 necesario escribir un prompt describiendo la imagen deseada, y la inteligencia artificial generar\u00e1 una representaci\u00f3n visual acompa\u00f1ada de un texto que permitir\u00e1 ajustar y perfeccionar el resultado.<\/p>\n<p>\u201cEsta actualizaci\u00f3n transforma una simple sugerencia de texto en una imagen personalizada de alta calidad, creada completamente desde cero, uniendo a la perfecci\u00f3n la imaginaci\u00f3n con la realidad\u201d, explic\u00f3 Google en su comunicado.<\/p>\n<p>La funci\u00f3n se desplegar\u00e1 en las pr\u00f3ximas semanas en ingl\u00e9s y en regiones que ya cuentan con el Modo IA habilitado. Espa\u00f1a, por ahora, no est\u00e1 incluida en esta primera fase.<\/p>\n<p><strong>Debate sobre la necesidad de la IA generativa<\/strong><\/p>\n<p>La incorporaci\u00f3n de esta funci\u00f3n ha abierto un debate sobre su pertinencia. Aunque la IA generativa ofrece posibilidades creativas in\u00e9ditas, tambi\u00e9n plantea riesgos: puede desdibujar la frontera entre lo real y lo artificial, y afectar al trabajo de artistas y profesionales.<\/p>\n<p>Una fotograf\u00eda aut\u00e9ntica o una ilustraci\u00f3n elaborada por expertos sigue ofreciendo un rigor y una precisi\u00f3n que la IA no siempre garantiza. Sin embargo, Google subraya que la nueva funci\u00f3n busca complementar la b\u00fasqueda visual, permitiendo a los usuarios materializar ideas \u00fanicas que a\u00fan no existen en la web.<\/p>\n<p>Como ejemplo, la compa\u00f1\u00eda mostr\u00f3 c\u00f3mo al solicitar \u201ccrea una imagen que compare un ba\u00f1o peque\u00f1o con paredes verde oscuro y amarillo mantequilla\u201d, la IA gener\u00f3 la imagen y a\u00f1adi\u00f3 sugerencias para afinar el dise\u00f1o. Este tipo de interacci\u00f3n apunta a un uso m\u00e1s exploratorio y creativo, aunque algunos analistas consideran que su valor a\u00f1adido respecto a otras aplicaciones de IA, como Gemini, es limitado.<\/p>\n<p><strong>Una nueva p\u00e1gina de inicio para Google Im\u00e1genes<\/strong><\/p>\n<p>La segunda innovaci\u00f3n es la renovaci\u00f3n de la p\u00e1gina de inicio de Google Im\u00e1genes. La nueva interfaz incorpora una galer\u00eda din\u00e1mica que re\u00fane im\u00e1genes de toda la web, actualizadas en tiempo real y adaptadas a los intereses de cada usuario.<\/p>\n<p>\u201cA medida que explores y guardes ideas en tus colecciones, aparecer\u00e1n como pesta\u00f1as sobre la galer\u00eda principal, lo que te permitir\u00e1 volver a explorar f\u00e1cilmente seg\u00fan lo que te inspire\u201d, se\u00f1al\u00f3 la compa\u00f1\u00eda.<\/p>\n<p>Esta nueva experiencia estar\u00e1 disponible inicialmente en ordenadores, en Estados Unidos y en ingl\u00e9s, durante las pr\u00f3ximas semanas. Para acceder ser\u00e1 necesario iniciar sesi\u00f3n en una cuenta de Google, lo que permitir\u00e1 personalizar la navegaci\u00f3n y gestionar colecciones de manera m\u00e1s eficiente.<\/p>\n<p><strong>Mirando hacia el futuro de la b\u00fasqueda visual<\/strong><\/p>\n<p>Con estas actualizaciones, Google reafirma su apuesta por integrar la inteligencia artificial en todos los aspectos de la b\u00fasqueda. El objetivo es que los usuarios no solo encuentren informaci\u00f3n, sino que tambi\u00e9n puedan crear y dar forma a sus ideas directamente desde la plataforma.<\/p>\n<p>El aniversario de Google Im\u00e1genes celebra 25 a\u00f1os de evoluci\u00f3n tecnol\u00f3gica y abre la puerta a nuevas formas de interacci\u00f3n con el contenido visual. La combinaci\u00f3n de b\u00fasqueda, personalizaci\u00f3n y generaci\u00f3n de im\u00e1genes marca un hito en la historia de la compa\u00f1\u00eda, al tiempo que plantea desaf\u00edos sobre c\u00f3mo equilibrar la creatividad digital con la autenticidad y el valor del arte humano.<\/p>\n<p>&nbsp;<\/p>\n","protected":false},"excerpt":{"rendered":"<p>La Paz, julio de 2026 \u2014 Google celebra el 25\u00ba aniversario de Google Im\u00e1genes con dos innovaciones que buscan redefinir la experiencia de b\u00fasqueda visual: la generaci\u00f3n de im\u00e1genes dentro de sus AI Overviews y una nueva p\u00e1gina de inicio para Google Im\u00e1genes, m\u00e1s din\u00e1mica y personalizada. Un cuarto de siglo de b\u00fasqueda visual Google [&hellip;]<\/p>\n","protected":false},"author":1,"featured_media":414011,"comment_status":"closed","ping_status":"open","sticky":false,"template":"","format":"standard","meta":{"_acf_changed":false,"footnotes":""},"categories":[46],"tags":[],"class_list":["post-414010","post","type-post","status-publish","format-standard","has-post-thumbnail","category-ciencia-computacion"],"acf":{"antetitulo":""},"yoast_head":"<!-- This site is optimized with the Yoast SEO plugin v28.4 - https:\/\/yoast.com\/product\/yoast-seo-wordpress\/ -->\n<title>Google Im\u00e1genes: 25 a\u00f1os y nuevas funciones con IA - El Diario - Bolivia<\/title>\n<meta name=\"robots\" content=\"index, follow, max-snippet:-1, max-image-preview:large, max-video-preview:-1\" \/>\n<link rel=\"canonical\" href=\"https:\/\/www.eldiario.net\/portal\/2026\/07\/20\/google-imagenes-25-anos-y-nuevas-funciones-con-ia\/\" \/>\n<meta property=\"og:locale\" content=\"es_ES\" \/>\n<meta property=\"og:type\" content=\"article\" \/>\n<meta property=\"og:title\" content=\"Google Im\u00e1genes: 25 a\u00f1os y nuevas funciones con IA - El Diario - Bolivia\" \/>\n<meta property=\"og:description\" content=\"La Paz, julio de 2026 \u2014 Google celebra el 25\u00ba aniversario de Google Im\u00e1genes con dos innovaciones que buscan redefinir la experiencia de b\u00fasqueda visual: la generaci\u00f3n de im\u00e1genes dentro de sus AI Overviews y una nueva p\u00e1gina de inicio para Google Im\u00e1genes, m\u00e1s din\u00e1mica y personalizada. Un cuarto de siglo de b\u00fasqueda visual Google [&hellip;]\" \/>\n<meta property=\"og:url\" content=\"https:\/\/www.eldiario.net\/portal\/2026\/07\/20\/google-imagenes-25-anos-y-nuevas-funciones-con-ia\/\" \/>\n<meta property=\"og:site_name\" content=\"El Diario - Bolivia\" \/>\n<meta property=\"article:publisher\" content=\"https:\/\/www.facebook.com\/eldiario.bolivia\/\" \/>\n<meta property=\"article:published_time\" content=\"2026-07-20T04:52:16+00:00\" \/>\n<meta property=\"og:image\" content=\"https:\/\/www.eldiario.net\/portal\/wp-content\/uploads\/2026\/07\/2-A-1-2.webp\" \/>\n\t<meta property=\"og:image:width\" content=\"869\" \/>\n\t<meta property=\"og:image:height\" content=\"487\" \/>\n\t<meta property=\"og:image:type\" content=\"image\/webp\" \/>\n<meta name=\"author\" content=\"Jeanette\" \/>\n<meta name=\"twitter:card\" content=\"summary_large_image\" \/>\n<meta name=\"twitter:creator\" content=\"@eldiario_net\" \/>\n<meta name=\"twitter:site\" content=\"@eldiario_net\" \/>\n<meta name=\"twitter:label1\" content=\"Escrito por\" \/>\n\t<meta name=\"twitter:data1\" content=\"Jeanette\" \/>\n\t<meta name=\"twitter:label2\" content=\"Tiempo de lectura\" \/>\n\t<meta name=\"twitter:data2\" content=\"4 minutos\" \/>\n<script type=\"application\/ld+json\" class=\"yoast-schema-graph\">{\"@context\":\"https:\\\/\\\/schema.org\",\"@graph\":[{\"@type\":\"Article\",\"@id\":\"https:\\\/\\\/www.eldiario.net\\\/portal\\\/2026\\\/07\\\/20\\\/google-imagenes-25-anos-y-nuevas-funciones-con-ia\\\/#article\",\"isPartOf\":{\"@id\":\"https:\\\/\\\/www.eldiario.net\\\/portal\\\/2026\\\/07\\\/20\\\/google-imagenes-25-anos-y-nuevas-funciones-con-ia\\\/\"},\"author\":{\"name\":\"Jeanette\",\"@id\":\"https:\\\/\\\/www.eldiario.net\\\/portal\\\/#\\\/schema\\\/person\\\/2c57cf2b7a7ae032e449e4c9b1019eac\"},\"headline\":\"Google Im\u00e1genes: 25 a\u00f1os y nuevas funciones con IA\",\"datePublished\":\"2026-07-20T04:52:16+00:00\",\"mainEntityOfPage\":{\"@id\":\"https:\\\/\\\/www.eldiario.net\\\/portal\\\/2026\\\/07\\\/20\\\/google-imagenes-25-anos-y-nuevas-funciones-con-ia\\\/\"},\"wordCount\":725,\"publisher\":{\"@id\":\"https:\\\/\\\/www.eldiario.net\\\/portal\\\/#organization\"},\"image\":{\"@id\":\"https:\\\/\\\/www.eldiario.net\\\/portal\\\/2026\\\/07\\\/20\\\/google-imagenes-25-anos-y-nuevas-funciones-con-ia\\\/#primaryimage\"},\"thumbnailUrl\":\"https:\\\/\\\/www.eldiario.net\\\/portal\\\/wp-content\\\/uploads\\\/2026\\\/07\\\/2-A-1-2.webp\",\"articleSection\":[\"Ciencia y Computaci\u00f3n\"],\"inLanguage\":\"es\"},{\"@type\":\"WebPage\",\"@id\":\"https:\\\/\\\/www.eldiario.net\\\/portal\\\/2026\\\/07\\\/20\\\/google-imagenes-25-anos-y-nuevas-funciones-con-ia\\\/\",\"url\":\"https:\\\/\\\/www.eldiario.net\\\/portal\\\/2026\\\/07\\\/20\\\/google-imagenes-25-anos-y-nuevas-funciones-con-ia\\\/\",\"name\":\"Google Im\u00e1genes: 25 a\u00f1os y nuevas funciones con IA - El Diario - Bolivia\",\"isPartOf\":{\"@id\":\"https:\\\/\\\/www.eldiario.net\\\/portal\\\/#website\"},\"primaryImageOfPage\":{\"@id\":\"https:\\\/\\\/www.eldiario.net\\\/portal\\\/2026\\\/07\\\/20\\\/google-imagenes-25-anos-y-nuevas-funciones-con-ia\\\/#primaryimage\"},\"image\":{\"@id\":\"https:\\\/\\\/www.eldiario.net\\\/portal\\\/2026\\\/07\\\/20\\\/google-imagenes-25-anos-y-nuevas-funciones-con-ia\\\/#primaryimage\"},\"thumbnailUrl\":\"https:\\\/\\\/www.eldiario.net\\\/portal\\\/wp-content\\\/uploads\\\/2026\\\/07\\\/2-A-1-2.webp\",\"datePublished\":\"2026-07-20T04:52:16+00:00\",\"breadcrumb\":{\"@id\":\"https:\\\/\\\/www.eldiario.net\\\/portal\\\/2026\\\/07\\\/20\\\/google-imagenes-25-anos-y-nuevas-funciones-con-ia\\\/#breadcrumb\"},\"inLanguage\":\"es\",\"potentialAction\":[{\"@type\":\"ReadAction\",\"target\":[\"https:\\\/\\\/www.eldiario.net\\\/portal\\\/2026\\\/07\\\/20\\\/google-imagenes-25-anos-y-nuevas-funciones-con-ia\\\/\"]}]},{\"@type\":\"ImageObject\",\"inLanguage\":\"es\",\"@id\":\"https:\\\/\\\/www.eldiario.net\\\/portal\\\/2026\\\/07\\\/20\\\/google-imagenes-25-anos-y-nuevas-funciones-con-ia\\\/#primaryimage\",\"url\":\"https:\\\/\\\/www.eldiario.net\\\/portal\\\/wp-content\\\/uploads\\\/2026\\\/07\\\/2-A-1-2.webp\",\"contentUrl\":\"https:\\\/\\\/www.eldiario.net\\\/portal\\\/wp-content\\\/uploads\\\/2026\\\/07\\\/2-A-1-2.webp\",\"width\":869,\"height\":487},{\"@type\":\"BreadcrumbList\",\"@id\":\"https:\\\/\\\/www.eldiario.net\\\/portal\\\/2026\\\/07\\\/20\\\/google-imagenes-25-anos-y-nuevas-funciones-con-ia\\\/#breadcrumb\",\"itemListElement\":[{\"@type\":\"ListItem\",\"position\":1,\"name\":\"Portada\",\"item\":\"https:\\\/\\\/www.eldiario.net\\\/portal\\\/\"},{\"@type\":\"ListItem\",\"position\":2,\"name\":\"Google Im\u00e1genes: 25 a\u00f1os y nuevas funciones con IA\"}]},{\"@type\":\"WebSite\",\"@id\":\"https:\\\/\\\/www.eldiario.net\\\/portal\\\/#website\",\"url\":\"https:\\\/\\\/www.eldiario.net\\\/portal\\\/\",\"name\":\"El Diario - Decano de la prensa nacional\",\"description\":\"El Diario - Decano de la prensa nacional\",\"publisher\":{\"@id\":\"https:\\\/\\\/www.eldiario.net\\\/portal\\\/#organization\"},\"potentialAction\":[{\"@type\":\"SearchAction\",\"target\":{\"@type\":\"EntryPoint\",\"urlTemplate\":\"https:\\\/\\\/www.eldiario.net\\\/portal\\\/?s={search_term_string}\"},\"query-input\":{\"@type\":\"PropertyValueSpecification\",\"valueRequired\":true,\"valueName\":\"search_term_string\"}}],\"inLanguage\":\"es\"},{\"@type\":\"Organization\",\"@id\":\"https:\\\/\\\/www.eldiario.net\\\/portal\\\/#organization\",\"name\":\"El Diario - Decano de la prensa nacional\",\"url\":\"https:\\\/\\\/www.eldiario.net\\\/portal\\\/\",\"logo\":{\"@type\":\"ImageObject\",\"inLanguage\":\"es\",\"@id\":\"https:\\\/\\\/www.eldiario.net\\\/portal\\\/#\\\/schema\\\/logo\\\/image\\\/\",\"url\":\"https:\\\/\\\/www.eldiario.net\\\/portal\\\/wp-content\\\/uploads\\\/2023\\\/07\\\/logo_ED.jpg\",\"contentUrl\":\"https:\\\/\\\/www.eldiario.net\\\/portal\\\/wp-content\\\/uploads\\\/2023\\\/07\\\/logo_ED.jpg\",\"width\":272,\"height\":52,\"caption\":\"El Diario - Decano de la prensa nacional\"},\"image\":{\"@id\":\"https:\\\/\\\/www.eldiario.net\\\/portal\\\/#\\\/schema\\\/logo\\\/image\\\/\"},\"sameAs\":[\"https:\\\/\\\/www.facebook.com\\\/eldiario.bolivia\\\/\",\"https:\\\/\\\/x.com\\\/eldiario_net\"]},{\"@type\":\"Person\",\"@id\":\"https:\\\/\\\/www.eldiario.net\\\/portal\\\/#\\\/schema\\\/person\\\/2c57cf2b7a7ae032e449e4c9b1019eac\",\"name\":\"Jeanette\",\"image\":{\"@type\":\"ImageObject\",\"inLanguage\":\"es\",\"@id\":\"https:\\\/\\\/secure.gravatar.com\\\/avatar\\\/3ea2118a5f7dad2b7138b1187a6b7ee55f160b9968b66013c3a3ef39dd7e5798?s=96&d=mm&r=g\",\"url\":\"https:\\\/\\\/secure.gravatar.com\\\/avatar\\\/3ea2118a5f7dad2b7138b1187a6b7ee55f160b9968b66013c3a3ef39dd7e5798?s=96&d=mm&r=g\",\"contentUrl\":\"https:\\\/\\\/secure.gravatar.com\\\/avatar\\\/3ea2118a5f7dad2b7138b1187a6b7ee55f160b9968b66013c3a3ef39dd7e5798?s=96&d=mm&r=g\",\"caption\":\"Jeanette\"},\"sameAs\":[\"https:\\\/\\\/www.eldiario.net\\\/portal\"],\"url\":\"https:\\\/\\\/www.eldiario.net\\\/portal\\\/author\\\/jeanette\\\/\"}]}<\/script>\n<!-- \/ Yoast SEO plugin. -->","yoast_head_json":{"title":"Google Im\u00e1genes: 25 a\u00f1os y nuevas funciones con IA - El Diario - Bolivia","robots":{"index":"index","follow":"follow","max-snippet":"max-snippet:-1","max-image-preview":"max-image-preview:large","max-video-preview":"max-video-preview:-1"},"canonical":"https:\/\/www.eldiario.net\/portal\/2026\/07\/20\/google-imagenes-25-anos-y-nuevas-funciones-con-ia\/","og_locale":"es_ES","og_type":"article","og_title":"Google Im\u00e1genes: 25 a\u00f1os y nuevas funciones con IA - El Diario - Bolivia","og_description":"La Paz, julio de 2026 \u2014 Google celebra el 25\u00ba aniversario de Google Im\u00e1genes con dos innovaciones que buscan redefinir la experiencia de b\u00fasqueda visual: la generaci\u00f3n de im\u00e1genes dentro de sus AI Overviews y una nueva p\u00e1gina de inicio para Google Im\u00e1genes, m\u00e1s din\u00e1mica y personalizada. Un cuarto de siglo de b\u00fasqueda visual Google [&hellip;]","og_url":"https:\/\/www.eldiario.net\/portal\/2026\/07\/20\/google-imagenes-25-anos-y-nuevas-funciones-con-ia\/","og_site_name":"El Diario - Bolivia","article_publisher":"https:\/\/www.facebook.com\/eldiario.bolivia\/","article_published_time":"2026-07-20T04:52:16+00:00","og_image":[{"width":869,"height":487,"url":"https:\/\/www.eldiario.net\/portal\/wp-content\/uploads\/2026\/07\/2-A-1-2.webp","type":"image\/webp"}],"author":"Jeanette","twitter_card":"summary_large_image","twitter_creator":"@eldiario_net","twitter_site":"@eldiario_net","twitter_misc":{"Escrito por":"Jeanette","Tiempo de lectura":"4 minutos"},"schema":{"@context":"https:\/\/schema.org","@graph":[{"@type":"Article","@id":"https:\/\/www.eldiario.net\/portal\/2026\/07\/20\/google-imagenes-25-anos-y-nuevas-funciones-con-ia\/#article","isPartOf":{"@id":"https:\/\/www.eldiario.net\/portal\/2026\/07\/20\/google-imagenes-25-anos-y-nuevas-funciones-con-ia\/"},"author":{"name":"Jeanette","@id":"https:\/\/www.eldiario.net\/portal\/#\/schema\/person\/2c57cf2b7a7ae032e449e4c9b1019eac"},"headline":"Google Im\u00e1genes: 25 a\u00f1os y nuevas funciones con IA","datePublished":"2026-07-20T04:52:16+00:00","mainEntityOfPage":{"@id":"https:\/\/www.eldiario.net\/portal\/2026\/07\/20\/google-imagenes-25-anos-y-nuevas-funciones-con-ia\/"},"wordCount":725,"publisher":{"@id":"https:\/\/www.eldiario.net\/portal\/#organization"},"image":{"@id":"https:\/\/www.eldiario.net\/portal\/2026\/07\/20\/google-imagenes-25-anos-y-nuevas-funciones-con-ia\/#primaryimage"},"thumbnailUrl":"https:\/\/www.eldiario.net\/portal\/wp-content\/uploads\/2026\/07\/2-A-1-2.webp","articleSection":["Ciencia y Computaci\u00f3n"],"inLanguage":"es"},{"@type":"WebPage","@id":"https:\/\/www.eldiario.net\/portal\/2026\/07\/20\/google-imagenes-25-anos-y-nuevas-funciones-con-ia\/","url":"https:\/\/www.eldiario.net\/portal\/2026\/07\/20\/google-imagenes-25-anos-y-nuevas-funciones-con-ia\/","name":"Google Im\u00e1genes: 25 a\u00f1os y nuevas funciones con IA - El Diario - Bolivia","isPartOf":{"@id":"https:\/\/www.eldiario.net\/portal\/#website"},"primaryImageOfPage":{"@id":"https:\/\/www.eldiario.net\/portal\/2026\/07\/20\/google-imagenes-25-anos-y-nuevas-funciones-con-ia\/#primaryimage"},"image":{"@id":"https:\/\/www.eldiario.net\/portal\/2026\/07\/20\/google-imagenes-25-anos-y-nuevas-funciones-con-ia\/#primaryimage"},"thumbnailUrl":"https:\/\/www.eldiario.net\/portal\/wp-content\/uploads\/2026\/07\/2-A-1-2.webp","datePublished":"2026-07-20T04:52:16+00:00","breadcrumb":{"@id":"https:\/\/www.eldiario.net\/portal\/2026\/07\/20\/google-imagenes-25-anos-y-nuevas-funciones-con-ia\/#breadcrumb"},"inLanguage":"es","potentialAction":[{"@type":"ReadAction","target":["https:\/\/www.eldiario.net\/portal\/2026\/07\/20\/google-imagenes-25-anos-y-nuevas-funciones-con-ia\/"]}]},{"@type":"ImageObject","inLanguage":"es","@id":"https:\/\/www.eldiario.net\/portal\/2026\/07\/20\/google-imagenes-25-anos-y-nuevas-funciones-con-ia\/#primaryimage","url":"https:\/\/www.eldiario.net\/portal\/wp-content\/uploads\/2026\/07\/2-A-1-2.webp","contentUrl":"https:\/\/www.eldiario.net\/portal\/wp-content\/uploads\/2026\/07\/2-A-1-2.webp","width":869,"height":487},{"@type":"BreadcrumbList","@id":"https:\/\/www.eldiario.net\/portal\/2026\/07\/20\/google-imagenes-25-anos-y-nuevas-funciones-con-ia\/#breadcrumb","itemListElement":[{"@type":"ListItem","position":1,"name":"Portada","item":"https:\/\/www.eldiario.net\/portal\/"},{"@type":"ListItem","position":2,"name":"Google Im\u00e1genes: 25 a\u00f1os y nuevas funciones con IA"}]},{"@type":"WebSite","@id":"https:\/\/www.eldiario.net\/portal\/#website","url":"https:\/\/www.eldiario.net\/portal\/","name":"El Diario - Decano de la prensa nacional","description":"El Diario - Decano de la prensa nacional","publisher":{"@id":"https:\/\/www.eldiario.net\/portal\/#organization"},"potentialAction":[{"@type":"SearchAction","target":{"@type":"EntryPoint","urlTemplate":"https:\/\/www.eldiario.net\/portal\/?s={search_term_string}"},"query-input":{"@type":"PropertyValueSpecification","valueRequired":true,"valueName":"search_term_string"}}],"inLanguage":"es"},{"@type":"Organization","@id":"https:\/\/www.eldiario.net\/portal\/#organization","name":"El Diario - Decano de la prensa nacional","url":"https:\/\/www.eldiario.net\/portal\/","logo":{"@type":"ImageObject","inLanguage":"es","@id":"https:\/\/www.eldiario.net\/portal\/#\/schema\/logo\/image\/","url":"https:\/\/www.eldiario.net\/portal\/wp-content\/uploads\/2023\/07\/logo_ED.jpg","contentUrl":"https:\/\/www.eldiario.net\/portal\/wp-content\/uploads\/2023\/07\/logo_ED.jpg","width":272,"height":52,"caption":"El Diario - Decano de la prensa nacional"},"image":{"@id":"https:\/\/www.eldiario.net\/portal\/#\/schema\/logo\/image\/"},"sameAs":["https:\/\/www.facebook.com\/eldiario.bolivia\/","https:\/\/x.com\/eldiario_net"]},{"@type":"Person","@id":"https:\/\/www.eldiario.net\/portal\/#\/schema\/person\/2c57cf2b7a7ae032e449e4c9b1019eac","name":"Jeanette","image":{"@type":"ImageObject","inLanguage":"es","@id":"https:\/\/secure.gravatar.com\/avatar\/3ea2118a5f7dad2b7138b1187a6b7ee55f160b9968b66013c3a3ef39dd7e5798?s=96&d=mm&r=g","url":"https:\/\/secure.gravatar.com\/avatar\/3ea2118a5f7dad2b7138b1187a6b7ee55f160b9968b66013c3a3ef39dd7e5798?s=96&d=mm&r=g","contentUrl":"https:\/\/secure.gravatar.com\/avatar\/3ea2118a5f7dad2b7138b1187a6b7ee55f160b9968b66013c3a3ef39dd7e5798?s=96&d=mm&r=g","caption":"Jeanette"},"sameAs":["https:\/\/www.eldiario.net\/portal"],"url":"https:\/\/www.eldiario.net\/portal\/author\/jeanette\/"}]}},"_links":{"self":[{"href":"https:\/\/www.eldiario.net\/portal\/wp-json\/wp\/v2\/posts\/414010","targetHints":{"allow":["GET"]}}],"collection":[{"href":"https:\/\/www.eldiario.net\/portal\/wp-json\/wp\/v2\/posts"}],"about":[{"href":"https:\/\/www.eldiario.net\/portal\/wp-json\/wp\/v2\/types\/post"}],"author":[{"embeddable":true,"href":"https:\/\/www.eldiario.net\/portal\/wp-json\/wp\/v2\/users\/1"}],"replies":[{"embeddable":true,"href":"https:\/\/www.eldiario.net\/portal\/wp-json\/wp\/v2\/comments?post=414010"}],"version-history":[{"count":1,"href":"https:\/\/www.eldiario.net\/portal\/wp-json\/wp\/v2\/posts\/414010\/revisions"}],"predecessor-version":[{"id":414012,"href":"https:\/\/www.eldiario.net\/portal\/wp-json\/wp\/v2\/posts\/414010\/revisions\/414012"}],"wp:featuredmedia":[{"embeddable":true,"href":"https:\/\/www.eldiario.net\/portal\/wp-json\/wp\/v2\/media\/414011"}],"wp:attachment":[{"href":"https:\/\/www.eldiario.net\/portal\/wp-json\/wp\/v2\/media?parent=414010"}],"wp:term":[{"taxonomy":"category","embeddable":true,"href":"https:\/\/www.eldiario.net\/portal\/wp-json\/wp\/v2\/categories?post=414010"},{"taxonomy":"post_tag","embeddable":true,"href":"https:\/\/www.eldiario.net\/portal\/wp-json\/wp\/v2\/tags?post=414010"}],"curies":[{"name":"wp","href":"https:\/\/api.w.org\/{rel}","templated":true}]}}