{"id":414001,"date":"2026-07-20T00:49:58","date_gmt":"2026-07-20T04:49:58","guid":{"rendered":"https:\/\/www.eldiario.net\/portal\/?p=414001"},"modified":"2026-07-19T08:50:23","modified_gmt":"2026-07-19T12:50:23","slug":"la-confianza-no-se-compra-se-construye","status":"publish","type":"post","link":"https:\/\/www.eldiario.net\/portal\/2026\/07\/20\/la-confianza-no-se-compra-se-construye\/","title":{"rendered":"La confianza no se compra, se construye"},"content":{"rendered":"<p>Marta Galisteo, CEO de Masstige Comunicaci\u00f3n, agencia boutique especializada en relaciones p\u00fablicas y comunicaci\u00f3n estrat\u00e9gica para marcas de lifestyle, belleza, decoraci\u00f3n e interiorismo, subraya que \u201cuna marca puede comprar publicidad, pero la confianza hay que gan\u00e1rsela\u201d. En una entrevista reciente, la directiva explic\u00f3 c\u00f3mo las relaciones p\u00fablicas, el earned media y la figura del portavoz se han convertido en pilares fundamentales para construir credibilidad en un entorno saturado de mensajes comerciales.<\/p>\n<p><strong>Comunicaci\u00f3n vs. publicidad<\/strong><\/p>\n<p>Galisteo destac\u00f3 que la publicidad y la comunicaci\u00f3n cumplen funciones distintas y complementarias. Mientras la publicidad ofrece visibilidad inmediata, la comunicaci\u00f3n construye reputaci\u00f3n y credibilidad a largo plazo. \u201cLa publicidad consigue que una marca sea vista, pero es la comunicaci\u00f3n la que la hace cre\u00edble\u201d, afirm\u00f3. Seg\u00fan la CEO, los consumidores desconf\u00edan cada vez m\u00e1s de los mensajes puramente publicitarios y buscan validaciones externas, como recomendaciones de expertos o menciones en medios de referencia.<\/p>\n<p><strong>La reputaci\u00f3n como ventaja competitiva<\/strong><\/p>\n<p>La reputaci\u00f3n se ha convertido en un activo estrat\u00e9gico que impacta en las ventas, la captaci\u00f3n de talento y la relaci\u00f3n con inversores. \u201cHoy los consumidores investigan antes de comprar, comparan opiniones y quieren entender qui\u00e9n est\u00e1 detr\u00e1s de una marca\u201d, se\u00f1al\u00f3 Galisteo. Para ella, las mejores marcas no son las que m\u00e1s comunican, sino las que lo hacen con coherencia y logran que otros hablen bien de ellas.<\/p>\n<p><strong>Historias que conectan<\/strong><\/p>\n<p>Uno de los errores m\u00e1s comunes que detecta Masstige Comunicaci\u00f3n es que las empresas piensan demasiado en s\u00ed mismas y poco en su p\u00fablico. \u201cSalir en medios no es un objetivo, es una consecuencia\u201d, explic\u00f3. Para que una historia resulte interesante, debe hablar de personas, tendencias o problemas reales, no solo de productos o aniversarios. La agencia dedica tiempo a conocer la cultura y procesos internos de cada cliente, convencida de que las mejores historias suelen estar en aquello que la empresa considera cotidiano.<\/p>\n<p><strong>Influencers y credibilidad<\/strong><\/p>\n<p>Sobre el papel de los influencers, Galisteo advirti\u00f3 que \u201calcance no es lo mismo que influencia\u201d. La verdadera capacidad de prescripci\u00f3n aparece cuando existe credibilidad y valores compartidos entre la marca y el creador de contenido. Diferenci\u00f3 tres niveles: la colaboraci\u00f3n compra visibilidad, la prescripci\u00f3n genera confianza y la construcci\u00f3n de marca crea recuerdo.<\/p>\n<p><strong>Earned media y el valor de la autenticidad<\/strong><\/p>\n<p>El concepto de <em>earned media<\/em> resume la filosof\u00eda de Masstige Comunicaci\u00f3n: lograr que una marca se gane la atenci\u00f3n de terceros por el valor de lo que hace, no por el dinero que invierte. Esto incluye entrevistas, reportajes, podcasts o recomendaciones de expertos. \u201cLas marcas van a buscar cada vez m\u00e1s este tipo de visibilidad porque es la que genera mayor confianza\u201d, afirm\u00f3.<\/p>\n<p><strong>La figura del portavoz<\/strong><\/p>\n<p>Galisteo resalt\u00f3 la importancia de humanizar la comunicaci\u00f3n a trav\u00e9s de portavoces. \u201cLas empresas hablan, pero las personas conectan\u201d, dijo. El fundador, el director de innovaci\u00f3n o un especialista t\u00e9cnico pueden convertirse en voces reconocibles que aporten valor m\u00e1s all\u00e1 del producto.<\/p>\n<p><strong>Medici\u00f3n y coherencia<\/strong><\/p>\n<p>La CEO tambi\u00e9n insisti\u00f3 en medir el impacto de la comunicaci\u00f3n m\u00e1s all\u00e1 de cifras como el n\u00famero de impactos o el Valor Publicitario Equivalente. Para Masstige, lo relevante es qui\u00e9n recibe el mensaje y qu\u00e9 percepci\u00f3n genera. Adem\u00e1s, subray\u00f3 la necesidad de coherencia entre lo que una marca dice en prensa, publica en redes y ofrece en la experiencia de compra.<\/p>\n<p><strong>Mirando al futuro<\/strong><\/p>\n<p>Galisteo prev\u00e9 que la comunicaci\u00f3n de marca se orientar\u00e1 hacia la calidad y la credibilidad, especialmente en un contexto donde la inteligencia artificial multiplica la producci\u00f3n de contenidos autom\u00e1ticos. \u201cCuanto m\u00e1s contenido autom\u00e1tico exista, m\u00e1s valor tendr\u00e1 aquello que solo puede aportar una persona con experiencia y criterio\u201d, concluy\u00f3.<\/p>\n<p>Con esta visi\u00f3n, Masstige Comunicaci\u00f3n reafirma su posicionamiento como agencia especializada en relaciones p\u00fablicas y comunicaci\u00f3n estrat\u00e9gica, recordando que la notoriedad puede comprarse, pero la confianza solo se construye con tiempo, coherencia y prop\u00f3sito.<\/p>\n","protected":false},"excerpt":{"rendered":"<p>Marta Galisteo, CEO de Masstige Comunicaci\u00f3n, agencia boutique especializada en relaciones p\u00fablicas y comunicaci\u00f3n estrat\u00e9gica para marcas de lifestyle, belleza, decoraci\u00f3n e interiorismo, subraya que \u201cuna marca puede comprar publicidad, pero la confianza hay que gan\u00e1rsela\u201d. En una entrevista reciente, la directiva explic\u00f3 c\u00f3mo las relaciones p\u00fablicas, el earned media y la figura del portavoz [&hellip;]<\/p>\n","protected":false},"author":1,"featured_media":414002,"comment_status":"closed","ping_status":"open","sticky":false,"template":"","format":"standard","meta":{"_acf_changed":false,"footnotes":""},"categories":[46],"tags":[],"class_list":["post-414001","post","type-post","status-publish","format-standard","has-post-thumbnail","category-ciencia-computacion"],"acf":{"antetitulo":""},"yoast_head":"<!-- This site is optimized with the Yoast SEO plugin v28.4 - https:\/\/yoast.com\/product\/yoast-seo-wordpress\/ -->\n<title>La confianza no se compra, se construye - El Diario - Bolivia<\/title>\n<meta name=\"robots\" content=\"index, follow, max-snippet:-1, max-image-preview:large, max-video-preview:-1\" \/>\n<link rel=\"canonical\" href=\"https:\/\/www.eldiario.net\/portal\/2026\/07\/20\/la-confianza-no-se-compra-se-construye\/\" \/>\n<meta property=\"og:locale\" content=\"es_ES\" \/>\n<meta property=\"og:type\" content=\"article\" \/>\n<meta property=\"og:title\" content=\"La confianza no se compra, se construye - El Diario - Bolivia\" \/>\n<meta property=\"og:description\" content=\"Marta Galisteo, CEO de Masstige Comunicaci\u00f3n, agencia boutique especializada en relaciones p\u00fablicas y comunicaci\u00f3n estrat\u00e9gica para marcas de lifestyle, belleza, decoraci\u00f3n e interiorismo, subraya que \u201cuna marca puede comprar publicidad, pero la confianza hay que gan\u00e1rsela\u201d. En una entrevista reciente, la directiva explic\u00f3 c\u00f3mo las relaciones p\u00fablicas, el earned media y la figura del portavoz [&hellip;]\" \/>\n<meta property=\"og:url\" content=\"https:\/\/www.eldiario.net\/portal\/2026\/07\/20\/la-confianza-no-se-compra-se-construye\/\" \/>\n<meta property=\"og:site_name\" content=\"El Diario - Bolivia\" \/>\n<meta property=\"article:publisher\" content=\"https:\/\/www.facebook.com\/eldiario.bolivia\/\" \/>\n<meta property=\"article:published_time\" content=\"2026-07-20T04:49:58+00:00\" \/>\n<meta property=\"og:image\" content=\"https:\/\/www.eldiario.net\/portal\/wp-content\/uploads\/2026\/07\/7-A.webp\" \/>\n\t<meta property=\"og:image:width\" content=\"722\" \/>\n\t<meta property=\"og:image:height\" content=\"479\" \/>\n\t<meta property=\"og:image:type\" content=\"image\/webp\" \/>\n<meta name=\"author\" content=\"Jeanette\" \/>\n<meta name=\"twitter:card\" content=\"summary_large_image\" \/>\n<meta name=\"twitter:creator\" content=\"@eldiario_net\" \/>\n<meta name=\"twitter:site\" content=\"@eldiario_net\" \/>\n<meta name=\"twitter:label1\" content=\"Escrito por\" \/>\n\t<meta name=\"twitter:data1\" content=\"Jeanette\" \/>\n\t<meta name=\"twitter:label2\" content=\"Tiempo de lectura\" \/>\n\t<meta name=\"twitter:data2\" content=\"4 minutos\" \/>\n<script type=\"application\/ld+json\" class=\"yoast-schema-graph\">{\"@context\":\"https:\\\/\\\/schema.org\",\"@graph\":[{\"@type\":\"Article\",\"@id\":\"https:\\\/\\\/www.eldiario.net\\\/portal\\\/2026\\\/07\\\/20\\\/la-confianza-no-se-compra-se-construye\\\/#article\",\"isPartOf\":{\"@id\":\"https:\\\/\\\/www.eldiario.net\\\/portal\\\/2026\\\/07\\\/20\\\/la-confianza-no-se-compra-se-construye\\\/\"},\"author\":{\"name\":\"Jeanette\",\"@id\":\"https:\\\/\\\/www.eldiario.net\\\/portal\\\/#\\\/schema\\\/person\\\/2c57cf2b7a7ae032e449e4c9b1019eac\"},\"headline\":\"La confianza no se compra, se construye\",\"datePublished\":\"2026-07-20T04:49:58+00:00\",\"mainEntityOfPage\":{\"@id\":\"https:\\\/\\\/www.eldiario.net\\\/portal\\\/2026\\\/07\\\/20\\\/la-confianza-no-se-compra-se-construye\\\/\"},\"wordCount\":703,\"publisher\":{\"@id\":\"https:\\\/\\\/www.eldiario.net\\\/portal\\\/#organization\"},\"image\":{\"@id\":\"https:\\\/\\\/www.eldiario.net\\\/portal\\\/2026\\\/07\\\/20\\\/la-confianza-no-se-compra-se-construye\\\/#primaryimage\"},\"thumbnailUrl\":\"https:\\\/\\\/www.eldiario.net\\\/portal\\\/wp-content\\\/uploads\\\/2026\\\/07\\\/7-A.webp\",\"articleSection\":[\"Ciencia y Computaci\u00f3n\"],\"inLanguage\":\"es\"},{\"@type\":\"WebPage\",\"@id\":\"https:\\\/\\\/www.eldiario.net\\\/portal\\\/2026\\\/07\\\/20\\\/la-confianza-no-se-compra-se-construye\\\/\",\"url\":\"https:\\\/\\\/www.eldiario.net\\\/portal\\\/2026\\\/07\\\/20\\\/la-confianza-no-se-compra-se-construye\\\/\",\"name\":\"La confianza no se compra, se construye - El Diario - Bolivia\",\"isPartOf\":{\"@id\":\"https:\\\/\\\/www.eldiario.net\\\/portal\\\/#website\"},\"primaryImageOfPage\":{\"@id\":\"https:\\\/\\\/www.eldiario.net\\\/portal\\\/2026\\\/07\\\/20\\\/la-confianza-no-se-compra-se-construye\\\/#primaryimage\"},\"image\":{\"@id\":\"https:\\\/\\\/www.eldiario.net\\\/portal\\\/2026\\\/07\\\/20\\\/la-confianza-no-se-compra-se-construye\\\/#primaryimage\"},\"thumbnailUrl\":\"https:\\\/\\\/www.eldiario.net\\\/portal\\\/wp-content\\\/uploads\\\/2026\\\/07\\\/7-A.webp\",\"datePublished\":\"2026-07-20T04:49:58+00:00\",\"breadcrumb\":{\"@id\":\"https:\\\/\\\/www.eldiario.net\\\/portal\\\/2026\\\/07\\\/20\\\/la-confianza-no-se-compra-se-construye\\\/#breadcrumb\"},\"inLanguage\":\"es\",\"potentialAction\":[{\"@type\":\"ReadAction\",\"target\":[\"https:\\\/\\\/www.eldiario.net\\\/portal\\\/2026\\\/07\\\/20\\\/la-confianza-no-se-compra-se-construye\\\/\"]}]},{\"@type\":\"ImageObject\",\"inLanguage\":\"es\",\"@id\":\"https:\\\/\\\/www.eldiario.net\\\/portal\\\/2026\\\/07\\\/20\\\/la-confianza-no-se-compra-se-construye\\\/#primaryimage\",\"url\":\"https:\\\/\\\/www.eldiario.net\\\/portal\\\/wp-content\\\/uploads\\\/2026\\\/07\\\/7-A.webp\",\"contentUrl\":\"https:\\\/\\\/www.eldiario.net\\\/portal\\\/wp-content\\\/uploads\\\/2026\\\/07\\\/7-A.webp\",\"width\":722,\"height\":479},{\"@type\":\"BreadcrumbList\",\"@id\":\"https:\\\/\\\/www.eldiario.net\\\/portal\\\/2026\\\/07\\\/20\\\/la-confianza-no-se-compra-se-construye\\\/#breadcrumb\",\"itemListElement\":[{\"@type\":\"ListItem\",\"position\":1,\"name\":\"Portada\",\"item\":\"https:\\\/\\\/www.eldiario.net\\\/portal\\\/\"},{\"@type\":\"ListItem\",\"position\":2,\"name\":\"La confianza no se compra, se construye\"}]},{\"@type\":\"WebSite\",\"@id\":\"https:\\\/\\\/www.eldiario.net\\\/portal\\\/#website\",\"url\":\"https:\\\/\\\/www.eldiario.net\\\/portal\\\/\",\"name\":\"El Diario - Decano de la prensa nacional\",\"description\":\"El Diario - Decano de la prensa nacional\",\"publisher\":{\"@id\":\"https:\\\/\\\/www.eldiario.net\\\/portal\\\/#organization\"},\"potentialAction\":[{\"@type\":\"SearchAction\",\"target\":{\"@type\":\"EntryPoint\",\"urlTemplate\":\"https:\\\/\\\/www.eldiario.net\\\/portal\\\/?s={search_term_string}\"},\"query-input\":{\"@type\":\"PropertyValueSpecification\",\"valueRequired\":true,\"valueName\":\"search_term_string\"}}],\"inLanguage\":\"es\"},{\"@type\":\"Organization\",\"@id\":\"https:\\\/\\\/www.eldiario.net\\\/portal\\\/#organization\",\"name\":\"El Diario - Decano de la prensa nacional\",\"url\":\"https:\\\/\\\/www.eldiario.net\\\/portal\\\/\",\"logo\":{\"@type\":\"ImageObject\",\"inLanguage\":\"es\",\"@id\":\"https:\\\/\\\/www.eldiario.net\\\/portal\\\/#\\\/schema\\\/logo\\\/image\\\/\",\"url\":\"https:\\\/\\\/www.eldiario.net\\\/portal\\\/wp-content\\\/uploads\\\/2023\\\/07\\\/logo_ED.jpg\",\"contentUrl\":\"https:\\\/\\\/www.eldiario.net\\\/portal\\\/wp-content\\\/uploads\\\/2023\\\/07\\\/logo_ED.jpg\",\"width\":272,\"height\":52,\"caption\":\"El Diario - Decano de la prensa nacional\"},\"image\":{\"@id\":\"https:\\\/\\\/www.eldiario.net\\\/portal\\\/#\\\/schema\\\/logo\\\/image\\\/\"},\"sameAs\":[\"https:\\\/\\\/www.facebook.com\\\/eldiario.bolivia\\\/\",\"https:\\\/\\\/x.com\\\/eldiario_net\"]},{\"@type\":\"Person\",\"@id\":\"https:\\\/\\\/www.eldiario.net\\\/portal\\\/#\\\/schema\\\/person\\\/2c57cf2b7a7ae032e449e4c9b1019eac\",\"name\":\"Jeanette\",\"image\":{\"@type\":\"ImageObject\",\"inLanguage\":\"es\",\"@id\":\"https:\\\/\\\/secure.gravatar.com\\\/avatar\\\/3ea2118a5f7dad2b7138b1187a6b7ee55f160b9968b66013c3a3ef39dd7e5798?s=96&d=mm&r=g\",\"url\":\"https:\\\/\\\/secure.gravatar.com\\\/avatar\\\/3ea2118a5f7dad2b7138b1187a6b7ee55f160b9968b66013c3a3ef39dd7e5798?s=96&d=mm&r=g\",\"contentUrl\":\"https:\\\/\\\/secure.gravatar.com\\\/avatar\\\/3ea2118a5f7dad2b7138b1187a6b7ee55f160b9968b66013c3a3ef39dd7e5798?s=96&d=mm&r=g\",\"caption\":\"Jeanette\"},\"sameAs\":[\"https:\\\/\\\/www.eldiario.net\\\/portal\"],\"url\":\"https:\\\/\\\/www.eldiario.net\\\/portal\\\/author\\\/jeanette\\\/\"}]}<\/script>\n<!-- \/ Yoast SEO plugin. -->","yoast_head_json":{"title":"La confianza no se compra, se construye - El Diario - Bolivia","robots":{"index":"index","follow":"follow","max-snippet":"max-snippet:-1","max-image-preview":"max-image-preview:large","max-video-preview":"max-video-preview:-1"},"canonical":"https:\/\/www.eldiario.net\/portal\/2026\/07\/20\/la-confianza-no-se-compra-se-construye\/","og_locale":"es_ES","og_type":"article","og_title":"La confianza no se compra, se construye - El Diario - Bolivia","og_description":"Marta Galisteo, CEO de Masstige Comunicaci\u00f3n, agencia boutique especializada en relaciones p\u00fablicas y comunicaci\u00f3n estrat\u00e9gica para marcas de lifestyle, belleza, decoraci\u00f3n e interiorismo, subraya que \u201cuna marca puede comprar publicidad, pero la confianza hay que gan\u00e1rsela\u201d. En una entrevista reciente, la directiva explic\u00f3 c\u00f3mo las relaciones p\u00fablicas, el earned media y la figura del portavoz [&hellip;]","og_url":"https:\/\/www.eldiario.net\/portal\/2026\/07\/20\/la-confianza-no-se-compra-se-construye\/","og_site_name":"El Diario - Bolivia","article_publisher":"https:\/\/www.facebook.com\/eldiario.bolivia\/","article_published_time":"2026-07-20T04:49:58+00:00","og_image":[{"width":722,"height":479,"url":"https:\/\/www.eldiario.net\/portal\/wp-content\/uploads\/2026\/07\/7-A.webp","type":"image\/webp"}],"author":"Jeanette","twitter_card":"summary_large_image","twitter_creator":"@eldiario_net","twitter_site":"@eldiario_net","twitter_misc":{"Escrito por":"Jeanette","Tiempo de lectura":"4 minutos"},"schema":{"@context":"https:\/\/schema.org","@graph":[{"@type":"Article","@id":"https:\/\/www.eldiario.net\/portal\/2026\/07\/20\/la-confianza-no-se-compra-se-construye\/#article","isPartOf":{"@id":"https:\/\/www.eldiario.net\/portal\/2026\/07\/20\/la-confianza-no-se-compra-se-construye\/"},"author":{"name":"Jeanette","@id":"https:\/\/www.eldiario.net\/portal\/#\/schema\/person\/2c57cf2b7a7ae032e449e4c9b1019eac"},"headline":"La confianza no se compra, se construye","datePublished":"2026-07-20T04:49:58+00:00","mainEntityOfPage":{"@id":"https:\/\/www.eldiario.net\/portal\/2026\/07\/20\/la-confianza-no-se-compra-se-construye\/"},"wordCount":703,"publisher":{"@id":"https:\/\/www.eldiario.net\/portal\/#organization"},"image":{"@id":"https:\/\/www.eldiario.net\/portal\/2026\/07\/20\/la-confianza-no-se-compra-se-construye\/#primaryimage"},"thumbnailUrl":"https:\/\/www.eldiario.net\/portal\/wp-content\/uploads\/2026\/07\/7-A.webp","articleSection":["Ciencia y Computaci\u00f3n"],"inLanguage":"es"},{"@type":"WebPage","@id":"https:\/\/www.eldiario.net\/portal\/2026\/07\/20\/la-confianza-no-se-compra-se-construye\/","url":"https:\/\/www.eldiario.net\/portal\/2026\/07\/20\/la-confianza-no-se-compra-se-construye\/","name":"La confianza no se compra, se construye - El Diario - Bolivia","isPartOf":{"@id":"https:\/\/www.eldiario.net\/portal\/#website"},"primaryImageOfPage":{"@id":"https:\/\/www.eldiario.net\/portal\/2026\/07\/20\/la-confianza-no-se-compra-se-construye\/#primaryimage"},"image":{"@id":"https:\/\/www.eldiario.net\/portal\/2026\/07\/20\/la-confianza-no-se-compra-se-construye\/#primaryimage"},"thumbnailUrl":"https:\/\/www.eldiario.net\/portal\/wp-content\/uploads\/2026\/07\/7-A.webp","datePublished":"2026-07-20T04:49:58+00:00","breadcrumb":{"@id":"https:\/\/www.eldiario.net\/portal\/2026\/07\/20\/la-confianza-no-se-compra-se-construye\/#breadcrumb"},"inLanguage":"es","potentialAction":[{"@type":"ReadAction","target":["https:\/\/www.eldiario.net\/portal\/2026\/07\/20\/la-confianza-no-se-compra-se-construye\/"]}]},{"@type":"ImageObject","inLanguage":"es","@id":"https:\/\/www.eldiario.net\/portal\/2026\/07\/20\/la-confianza-no-se-compra-se-construye\/#primaryimage","url":"https:\/\/www.eldiario.net\/portal\/wp-content\/uploads\/2026\/07\/7-A.webp","contentUrl":"https:\/\/www.eldiario.net\/portal\/wp-content\/uploads\/2026\/07\/7-A.webp","width":722,"height":479},{"@type":"BreadcrumbList","@id":"https:\/\/www.eldiario.net\/portal\/2026\/07\/20\/la-confianza-no-se-compra-se-construye\/#breadcrumb","itemListElement":[{"@type":"ListItem","position":1,"name":"Portada","item":"https:\/\/www.eldiario.net\/portal\/"},{"@type":"ListItem","position":2,"name":"La confianza no se compra, se construye"}]},{"@type":"WebSite","@id":"https:\/\/www.eldiario.net\/portal\/#website","url":"https:\/\/www.eldiario.net\/portal\/","name":"El Diario - Decano de la prensa nacional","description":"El Diario - Decano de la prensa nacional","publisher":{"@id":"https:\/\/www.eldiario.net\/portal\/#organization"},"potentialAction":[{"@type":"SearchAction","target":{"@type":"EntryPoint","urlTemplate":"https:\/\/www.eldiario.net\/portal\/?s={search_term_string}"},"query-input":{"@type":"PropertyValueSpecification","valueRequired":true,"valueName":"search_term_string"}}],"inLanguage":"es"},{"@type":"Organization","@id":"https:\/\/www.eldiario.net\/portal\/#organization","name":"El Diario - Decano de la prensa nacional","url":"https:\/\/www.eldiario.net\/portal\/","logo":{"@type":"ImageObject","inLanguage":"es","@id":"https:\/\/www.eldiario.net\/portal\/#\/schema\/logo\/image\/","url":"https:\/\/www.eldiario.net\/portal\/wp-content\/uploads\/2023\/07\/logo_ED.jpg","contentUrl":"https:\/\/www.eldiario.net\/portal\/wp-content\/uploads\/2023\/07\/logo_ED.jpg","width":272,"height":52,"caption":"El Diario - Decano de la prensa nacional"},"image":{"@id":"https:\/\/www.eldiario.net\/portal\/#\/schema\/logo\/image\/"},"sameAs":["https:\/\/www.facebook.com\/eldiario.bolivia\/","https:\/\/x.com\/eldiario_net"]},{"@type":"Person","@id":"https:\/\/www.eldiario.net\/portal\/#\/schema\/person\/2c57cf2b7a7ae032e449e4c9b1019eac","name":"Jeanette","image":{"@type":"ImageObject","inLanguage":"es","@id":"https:\/\/secure.gravatar.com\/avatar\/3ea2118a5f7dad2b7138b1187a6b7ee55f160b9968b66013c3a3ef39dd7e5798?s=96&d=mm&r=g","url":"https:\/\/secure.gravatar.com\/avatar\/3ea2118a5f7dad2b7138b1187a6b7ee55f160b9968b66013c3a3ef39dd7e5798?s=96&d=mm&r=g","contentUrl":"https:\/\/secure.gravatar.com\/avatar\/3ea2118a5f7dad2b7138b1187a6b7ee55f160b9968b66013c3a3ef39dd7e5798?s=96&d=mm&r=g","caption":"Jeanette"},"sameAs":["https:\/\/www.eldiario.net\/portal"],"url":"https:\/\/www.eldiario.net\/portal\/author\/jeanette\/"}]}},"_links":{"self":[{"href":"https:\/\/www.eldiario.net\/portal\/wp-json\/wp\/v2\/posts\/414001","targetHints":{"allow":["GET"]}}],"collection":[{"href":"https:\/\/www.eldiario.net\/portal\/wp-json\/wp\/v2\/posts"}],"about":[{"href":"https:\/\/www.eldiario.net\/portal\/wp-json\/wp\/v2\/types\/post"}],"author":[{"embeddable":true,"href":"https:\/\/www.eldiario.net\/portal\/wp-json\/wp\/v2\/users\/1"}],"replies":[{"embeddable":true,"href":"https:\/\/www.eldiario.net\/portal\/wp-json\/wp\/v2\/comments?post=414001"}],"version-history":[{"count":1,"href":"https:\/\/www.eldiario.net\/portal\/wp-json\/wp\/v2\/posts\/414001\/revisions"}],"predecessor-version":[{"id":414003,"href":"https:\/\/www.eldiario.net\/portal\/wp-json\/wp\/v2\/posts\/414001\/revisions\/414003"}],"wp:featuredmedia":[{"embeddable":true,"href":"https:\/\/www.eldiario.net\/portal\/wp-json\/wp\/v2\/media\/414002"}],"wp:attachment":[{"href":"https:\/\/www.eldiario.net\/portal\/wp-json\/wp\/v2\/media?parent=414001"}],"wp:term":[{"taxonomy":"category","embeddable":true,"href":"https:\/\/www.eldiario.net\/portal\/wp-json\/wp\/v2\/categories?post=414001"},{"taxonomy":"post_tag","embeddable":true,"href":"https:\/\/www.eldiario.net\/portal\/wp-json\/wp\/v2\/tags?post=414001"}],"curies":[{"name":"wp","href":"https:\/\/api.w.org\/{rel}","templated":true}]}}