{"id":413986,"date":"2026-07-20T00:45:20","date_gmt":"2026-07-20T04:45:20","guid":{"rendered":"https:\/\/www.eldiario.net\/portal\/?p=413986"},"modified":"2026-07-19T08:45:49","modified_gmt":"2026-07-19T12:45:49","slug":"openai-anuncia-el-cierre-de-atlas-el-9-de-agosto","status":"publish","type":"post","link":"https:\/\/www.eldiario.net\/portal\/2026\/07\/20\/openai-anuncia-el-cierre-de-atlas-el-9-de-agosto\/","title":{"rendered":"OpenAI anuncia el cierre de Atlas el 9 de agosto"},"content":{"rendered":"<p>OpenAI ha confirmado que el pr\u00f3ximo <strong>9 de agosto de 2026<\/strong> pondr\u00e1 fin a <strong>ChatGPT Atlas<\/strong>, su navegador de escritorio con capacidades de inteligencia artificial y agentes aut\u00f3nomos. El producto, lanzado en octubre de 2025, dejar\u00e1 de funcionar menos de un a\u00f1o despu\u00e9s de su debut.<\/p>\n<p>La compa\u00f1\u00eda ha decidido integrar la tecnolog\u00eda de Atlas dentro de su ecosistema principal, en lugar de mantenerlo como un producto independiente. De este modo, las funciones de navegaci\u00f3n web, automatizaci\u00f3n de tareas y conexi\u00f3n con servicios externos pasar\u00e1n a formar parte de la nueva aplicaci\u00f3n de escritorio de ChatGPT, combin\u00e1ndose con <strong>ChatGPT Work<\/strong> y <strong>ChatGPT Codex<\/strong>.<\/p>\n<p><strong>De navegador independiente a funci\u00f3n integrada<\/strong><\/p>\n<p>James Sun, miembro del equipo de producto de OpenAI, explic\u00f3 que los aprendizajes obtenidos con Atlas se han aplicado directamente al desarrollo de ChatGPT Work. Entre las capacidades que se trasladar\u00e1n destacan la posibilidad de visitar p\u00e1ginas web de forma aut\u00f3noma, rellenar formularios complejos, iniciar sesi\u00f3n en portales externos y descargar archivos en segundo plano.<\/p>\n<p>La nueva aplicaci\u00f3n de escritorio de ChatGPT permitir\u00e1 combinar estas funciones con la potencia de Codex y la flexibilidad de los agentes de IA, ofreciendo un entorno unificado para la productividad y la automatizaci\u00f3n.<\/p>\n<p><strong>Extensi\u00f3n para Chrome y nube como soporte<\/strong><\/p>\n<p>OpenAI tambi\u00e9n aprovechar\u00e1 este movimiento para impulsar su extensi\u00f3n oficial de Google Chrome, que act\u00faa como una capa invisible capaz de leer, resumir e interactuar en tiempo real con la pesta\u00f1a abierta del usuario.<\/p>\n<p>Adem\u00e1s, los procesos m\u00e1s pesados se trasladar\u00e1n a un navegador en la nube, lo que permitir\u00e1 ejecutar tareas complejas sin consumir recursos locales del ordenador. Esta arquitectura busca mejorar la eficiencia y garantizar que las automatizaciones se realicen en segundo plano de manera fluida.<\/p>\n<p><strong>Un cambio estrat\u00e9gico<\/strong><\/p>\n<p>El cierre de Atlas no significa el abandono de su tecnolog\u00eda, sino su integraci\u00f3n en un ecosistema m\u00e1s amplio. OpenAI apuesta por centralizar sus avances en una sola plataforma, reforzando la idea de que ChatGPT no es solo un asistente conversacional, sino un entorno de trabajo capaz de combinar navegaci\u00f3n, programaci\u00f3n y automatizaci\u00f3n.<\/p>\n<p>Con esta decisi\u00f3n, la compa\u00f1\u00eda marca un nuevo rumbo en su estrategia de productos, orientada a ofrecer experiencias m\u00e1s completas y cohesionadas para los usuarios que buscan aprovechar la IA en su d\u00eda a d\u00eda.<\/p>\n","protected":false},"excerpt":{"rendered":"<p>OpenAI ha confirmado que el pr\u00f3ximo 9 de agosto de 2026 pondr\u00e1 fin a ChatGPT Atlas, su navegador de escritorio con capacidades de inteligencia artificial y agentes aut\u00f3nomos. El producto, lanzado en octubre de 2025, dejar\u00e1 de funcionar menos de un a\u00f1o despu\u00e9s de su debut. La compa\u00f1\u00eda ha decidido integrar la tecnolog\u00eda de Atlas [&hellip;]<\/p>\n","protected":false},"author":1,"featured_media":413987,"comment_status":"closed","ping_status":"open","sticky":false,"template":"","format":"standard","meta":{"_acf_changed":false,"footnotes":""},"categories":[46],"tags":[],"class_list":["post-413986","post","type-post","status-publish","format-standard","has-post-thumbnail","category-ciencia-computacion"],"acf":{"antetitulo":""},"yoast_head":"<!-- This site is optimized with the Yoast SEO plugin v28.4 - https:\/\/yoast.com\/product\/yoast-seo-wordpress\/ -->\n<title>OpenAI anuncia el cierre de Atlas el 9 de agosto - El Diario - Bolivia<\/title>\n<meta name=\"robots\" content=\"index, follow, max-snippet:-1, max-image-preview:large, max-video-preview:-1\" \/>\n<link rel=\"canonical\" href=\"https:\/\/www.eldiario.net\/portal\/2026\/07\/20\/openai-anuncia-el-cierre-de-atlas-el-9-de-agosto\/\" \/>\n<meta property=\"og:locale\" content=\"es_ES\" \/>\n<meta property=\"og:type\" content=\"article\" \/>\n<meta property=\"og:title\" content=\"OpenAI anuncia el cierre de Atlas el 9 de agosto - El Diario - Bolivia\" \/>\n<meta property=\"og:description\" content=\"OpenAI ha confirmado que el pr\u00f3ximo 9 de agosto de 2026 pondr\u00e1 fin a ChatGPT Atlas, su navegador de escritorio con capacidades de inteligencia artificial y agentes aut\u00f3nomos. El producto, lanzado en octubre de 2025, dejar\u00e1 de funcionar menos de un a\u00f1o despu\u00e9s de su debut. La compa\u00f1\u00eda ha decidido integrar la tecnolog\u00eda de Atlas [&hellip;]\" \/>\n<meta property=\"og:url\" content=\"https:\/\/www.eldiario.net\/portal\/2026\/07\/20\/openai-anuncia-el-cierre-de-atlas-el-9-de-agosto\/\" \/>\n<meta property=\"og:site_name\" content=\"El Diario - Bolivia\" \/>\n<meta property=\"article:publisher\" content=\"https:\/\/www.facebook.com\/eldiario.bolivia\/\" \/>\n<meta property=\"article:published_time\" content=\"2026-07-20T04:45:20+00:00\" \/>\n<meta property=\"og:image\" content=\"https:\/\/www.eldiario.net\/portal\/wp-content\/uploads\/2026\/07\/2-C.webp\" \/>\n\t<meta property=\"og:image:width\" content=\"814\" \/>\n\t<meta property=\"og:image:height\" content=\"485\" \/>\n\t<meta property=\"og:image:type\" content=\"image\/webp\" \/>\n<meta name=\"author\" content=\"Jeanette\" \/>\n<meta name=\"twitter:card\" content=\"summary_large_image\" \/>\n<meta name=\"twitter:creator\" content=\"@eldiario_net\" \/>\n<meta name=\"twitter:site\" content=\"@eldiario_net\" \/>\n<meta name=\"twitter:label1\" content=\"Escrito por\" \/>\n\t<meta name=\"twitter:data1\" content=\"Jeanette\" \/>\n\t<meta name=\"twitter:label2\" content=\"Tiempo de lectura\" \/>\n\t<meta name=\"twitter:data2\" content=\"2 minutos\" \/>\n<script type=\"application\/ld+json\" class=\"yoast-schema-graph\">{\"@context\":\"https:\\\/\\\/schema.org\",\"@graph\":[{\"@type\":\"Article\",\"@id\":\"https:\\\/\\\/www.eldiario.net\\\/portal\\\/2026\\\/07\\\/20\\\/openai-anuncia-el-cierre-de-atlas-el-9-de-agosto\\\/#article\",\"isPartOf\":{\"@id\":\"https:\\\/\\\/www.eldiario.net\\\/portal\\\/2026\\\/07\\\/20\\\/openai-anuncia-el-cierre-de-atlas-el-9-de-agosto\\\/\"},\"author\":{\"name\":\"Jeanette\",\"@id\":\"https:\\\/\\\/www.eldiario.net\\\/portal\\\/#\\\/schema\\\/person\\\/f46445640444750d7d753ccd04ae01b7\"},\"headline\":\"OpenAI anuncia el cierre de Atlas el 9 de agosto\",\"datePublished\":\"2026-07-20T04:45:20+00:00\",\"mainEntityOfPage\":{\"@id\":\"https:\\\/\\\/www.eldiario.net\\\/portal\\\/2026\\\/07\\\/20\\\/openai-anuncia-el-cierre-de-atlas-el-9-de-agosto\\\/\"},\"wordCount\":419,\"publisher\":{\"@id\":\"https:\\\/\\\/www.eldiario.net\\\/portal\\\/#organization\"},\"image\":{\"@id\":\"https:\\\/\\\/www.eldiario.net\\\/portal\\\/2026\\\/07\\\/20\\\/openai-anuncia-el-cierre-de-atlas-el-9-de-agosto\\\/#primaryimage\"},\"thumbnailUrl\":\"https:\\\/\\\/www.eldiario.net\\\/portal\\\/wp-content\\\/uploads\\\/2026\\\/07\\\/2-C.webp\",\"articleSection\":[\"Ciencia y Computaci\u00f3n\"],\"inLanguage\":\"es\"},{\"@type\":\"WebPage\",\"@id\":\"https:\\\/\\\/www.eldiario.net\\\/portal\\\/2026\\\/07\\\/20\\\/openai-anuncia-el-cierre-de-atlas-el-9-de-agosto\\\/\",\"url\":\"https:\\\/\\\/www.eldiario.net\\\/portal\\\/2026\\\/07\\\/20\\\/openai-anuncia-el-cierre-de-atlas-el-9-de-agosto\\\/\",\"name\":\"OpenAI anuncia el cierre de Atlas el 9 de agosto - El Diario - Bolivia\",\"isPartOf\":{\"@id\":\"https:\\\/\\\/www.eldiario.net\\\/portal\\\/#website\"},\"primaryImageOfPage\":{\"@id\":\"https:\\\/\\\/www.eldiario.net\\\/portal\\\/2026\\\/07\\\/20\\\/openai-anuncia-el-cierre-de-atlas-el-9-de-agosto\\\/#primaryimage\"},\"image\":{\"@id\":\"https:\\\/\\\/www.eldiario.net\\\/portal\\\/2026\\\/07\\\/20\\\/openai-anuncia-el-cierre-de-atlas-el-9-de-agosto\\\/#primaryimage\"},\"thumbnailUrl\":\"https:\\\/\\\/www.eldiario.net\\\/portal\\\/wp-content\\\/uploads\\\/2026\\\/07\\\/2-C.webp\",\"datePublished\":\"2026-07-20T04:45:20+00:00\",\"breadcrumb\":{\"@id\":\"https:\\\/\\\/www.eldiario.net\\\/portal\\\/2026\\\/07\\\/20\\\/openai-anuncia-el-cierre-de-atlas-el-9-de-agosto\\\/#breadcrumb\"},\"inLanguage\":\"es\",\"potentialAction\":[{\"@type\":\"ReadAction\",\"target\":[\"https:\\\/\\\/www.eldiario.net\\\/portal\\\/2026\\\/07\\\/20\\\/openai-anuncia-el-cierre-de-atlas-el-9-de-agosto\\\/\"]}]},{\"@type\":\"ImageObject\",\"inLanguage\":\"es\",\"@id\":\"https:\\\/\\\/www.eldiario.net\\\/portal\\\/2026\\\/07\\\/20\\\/openai-anuncia-el-cierre-de-atlas-el-9-de-agosto\\\/#primaryimage\",\"url\":\"https:\\\/\\\/www.eldiario.net\\\/portal\\\/wp-content\\\/uploads\\\/2026\\\/07\\\/2-C.webp\",\"contentUrl\":\"https:\\\/\\\/www.eldiario.net\\\/portal\\\/wp-content\\\/uploads\\\/2026\\\/07\\\/2-C.webp\",\"width\":814,\"height\":485},{\"@type\":\"BreadcrumbList\",\"@id\":\"https:\\\/\\\/www.eldiario.net\\\/portal\\\/2026\\\/07\\\/20\\\/openai-anuncia-el-cierre-de-atlas-el-9-de-agosto\\\/#breadcrumb\",\"itemListElement\":[{\"@type\":\"ListItem\",\"position\":1,\"name\":\"Portada\",\"item\":\"https:\\\/\\\/www.eldiario.net\\\/portal\\\/\"},{\"@type\":\"ListItem\",\"position\":2,\"name\":\"OpenAI anuncia el cierre de Atlas el 9 de agosto\"}]},{\"@type\":\"WebSite\",\"@id\":\"https:\\\/\\\/www.eldiario.net\\\/portal\\\/#website\",\"url\":\"https:\\\/\\\/www.eldiario.net\\\/portal\\\/\",\"name\":\"El Diario - Decano de la prensa nacional\",\"description\":\"El Diario - Decano de la prensa nacional\",\"publisher\":{\"@id\":\"https:\\\/\\\/www.eldiario.net\\\/portal\\\/#organization\"},\"potentialAction\":[{\"@type\":\"SearchAction\",\"target\":{\"@type\":\"EntryPoint\",\"urlTemplate\":\"https:\\\/\\\/www.eldiario.net\\\/portal\\\/?s={search_term_string}\"},\"query-input\":{\"@type\":\"PropertyValueSpecification\",\"valueRequired\":true,\"valueName\":\"search_term_string\"}}],\"inLanguage\":\"es\"},{\"@type\":\"Organization\",\"@id\":\"https:\\\/\\\/www.eldiario.net\\\/portal\\\/#organization\",\"name\":\"El Diario - Decano de la prensa nacional\",\"url\":\"https:\\\/\\\/www.eldiario.net\\\/portal\\\/\",\"logo\":{\"@type\":\"ImageObject\",\"inLanguage\":\"es\",\"@id\":\"https:\\\/\\\/www.eldiario.net\\\/portal\\\/#\\\/schema\\\/logo\\\/image\\\/\",\"url\":\"https:\\\/\\\/www.eldiario.net\\\/portal\\\/wp-content\\\/uploads\\\/2023\\\/07\\\/logo_ED.jpg\",\"contentUrl\":\"https:\\\/\\\/www.eldiario.net\\\/portal\\\/wp-content\\\/uploads\\\/2023\\\/07\\\/logo_ED.jpg\",\"width\":272,\"height\":52,\"caption\":\"El Diario - Decano de la prensa nacional\"},\"image\":{\"@id\":\"https:\\\/\\\/www.eldiario.net\\\/portal\\\/#\\\/schema\\\/logo\\\/image\\\/\"},\"sameAs\":[\"https:\\\/\\\/www.facebook.com\\\/eldiario.bolivia\\\/\",\"https:\\\/\\\/x.com\\\/eldiario_net\"]},{\"@type\":\"Person\",\"@id\":\"https:\\\/\\\/www.eldiario.net\\\/portal\\\/#\\\/schema\\\/person\\\/f46445640444750d7d753ccd04ae01b7\",\"name\":\"Jeanette\",\"image\":{\"@type\":\"ImageObject\",\"inLanguage\":\"es\",\"@id\":\"https:\\\/\\\/secure.gravatar.com\\\/avatar\\\/3ea2118a5f7dad2b7138b1187a6b7ee55f160b9968b66013c3a3ef39dd7e5798?s=96&d=mm&r=g\",\"url\":\"https:\\\/\\\/secure.gravatar.com\\\/avatar\\\/3ea2118a5f7dad2b7138b1187a6b7ee55f160b9968b66013c3a3ef39dd7e5798?s=96&d=mm&r=g\",\"contentUrl\":\"https:\\\/\\\/secure.gravatar.com\\\/avatar\\\/3ea2118a5f7dad2b7138b1187a6b7ee55f160b9968b66013c3a3ef39dd7e5798?s=96&d=mm&r=g\",\"caption\":\"Jeanette\"},\"sameAs\":[\"https:\\\/\\\/www.eldiario.net\\\/portal\"],\"url\":\"https:\\\/\\\/www.eldiario.net\\\/portal\\\/author\\\/jeanette\\\/\"}]}<\/script>\n<!-- \/ Yoast SEO plugin. -->","yoast_head_json":{"title":"OpenAI anuncia el cierre de Atlas el 9 de agosto - El Diario - Bolivia","robots":{"index":"index","follow":"follow","max-snippet":"max-snippet:-1","max-image-preview":"max-image-preview:large","max-video-preview":"max-video-preview:-1"},"canonical":"https:\/\/www.eldiario.net\/portal\/2026\/07\/20\/openai-anuncia-el-cierre-de-atlas-el-9-de-agosto\/","og_locale":"es_ES","og_type":"article","og_title":"OpenAI anuncia el cierre de Atlas el 9 de agosto - El Diario - Bolivia","og_description":"OpenAI ha confirmado que el pr\u00f3ximo 9 de agosto de 2026 pondr\u00e1 fin a ChatGPT Atlas, su navegador de escritorio con capacidades de inteligencia artificial y agentes aut\u00f3nomos. El producto, lanzado en octubre de 2025, dejar\u00e1 de funcionar menos de un a\u00f1o despu\u00e9s de su debut. La compa\u00f1\u00eda ha decidido integrar la tecnolog\u00eda de Atlas [&hellip;]","og_url":"https:\/\/www.eldiario.net\/portal\/2026\/07\/20\/openai-anuncia-el-cierre-de-atlas-el-9-de-agosto\/","og_site_name":"El Diario - Bolivia","article_publisher":"https:\/\/www.facebook.com\/eldiario.bolivia\/","article_published_time":"2026-07-20T04:45:20+00:00","og_image":[{"width":814,"height":485,"url":"https:\/\/www.eldiario.net\/portal\/wp-content\/uploads\/2026\/07\/2-C.webp","type":"image\/webp"}],"author":"Jeanette","twitter_card":"summary_large_image","twitter_creator":"@eldiario_net","twitter_site":"@eldiario_net","twitter_misc":{"Escrito por":"Jeanette","Tiempo de lectura":"2 minutos"},"schema":{"@context":"https:\/\/schema.org","@graph":[{"@type":"Article","@id":"https:\/\/www.eldiario.net\/portal\/2026\/07\/20\/openai-anuncia-el-cierre-de-atlas-el-9-de-agosto\/#article","isPartOf":{"@id":"https:\/\/www.eldiario.net\/portal\/2026\/07\/20\/openai-anuncia-el-cierre-de-atlas-el-9-de-agosto\/"},"author":{"name":"Jeanette","@id":"https:\/\/www.eldiario.net\/portal\/#\/schema\/person\/f46445640444750d7d753ccd04ae01b7"},"headline":"OpenAI anuncia el cierre de Atlas el 9 de agosto","datePublished":"2026-07-20T04:45:20+00:00","mainEntityOfPage":{"@id":"https:\/\/www.eldiario.net\/portal\/2026\/07\/20\/openai-anuncia-el-cierre-de-atlas-el-9-de-agosto\/"},"wordCount":419,"publisher":{"@id":"https:\/\/www.eldiario.net\/portal\/#organization"},"image":{"@id":"https:\/\/www.eldiario.net\/portal\/2026\/07\/20\/openai-anuncia-el-cierre-de-atlas-el-9-de-agosto\/#primaryimage"},"thumbnailUrl":"https:\/\/www.eldiario.net\/portal\/wp-content\/uploads\/2026\/07\/2-C.webp","articleSection":["Ciencia y Computaci\u00f3n"],"inLanguage":"es"},{"@type":"WebPage","@id":"https:\/\/www.eldiario.net\/portal\/2026\/07\/20\/openai-anuncia-el-cierre-de-atlas-el-9-de-agosto\/","url":"https:\/\/www.eldiario.net\/portal\/2026\/07\/20\/openai-anuncia-el-cierre-de-atlas-el-9-de-agosto\/","name":"OpenAI anuncia el cierre de Atlas el 9 de agosto - El Diario - Bolivia","isPartOf":{"@id":"https:\/\/www.eldiario.net\/portal\/#website"},"primaryImageOfPage":{"@id":"https:\/\/www.eldiario.net\/portal\/2026\/07\/20\/openai-anuncia-el-cierre-de-atlas-el-9-de-agosto\/#primaryimage"},"image":{"@id":"https:\/\/www.eldiario.net\/portal\/2026\/07\/20\/openai-anuncia-el-cierre-de-atlas-el-9-de-agosto\/#primaryimage"},"thumbnailUrl":"https:\/\/www.eldiario.net\/portal\/wp-content\/uploads\/2026\/07\/2-C.webp","datePublished":"2026-07-20T04:45:20+00:00","breadcrumb":{"@id":"https:\/\/www.eldiario.net\/portal\/2026\/07\/20\/openai-anuncia-el-cierre-de-atlas-el-9-de-agosto\/#breadcrumb"},"inLanguage":"es","potentialAction":[{"@type":"ReadAction","target":["https:\/\/www.eldiario.net\/portal\/2026\/07\/20\/openai-anuncia-el-cierre-de-atlas-el-9-de-agosto\/"]}]},{"@type":"ImageObject","inLanguage":"es","@id":"https:\/\/www.eldiario.net\/portal\/2026\/07\/20\/openai-anuncia-el-cierre-de-atlas-el-9-de-agosto\/#primaryimage","url":"https:\/\/www.eldiario.net\/portal\/wp-content\/uploads\/2026\/07\/2-C.webp","contentUrl":"https:\/\/www.eldiario.net\/portal\/wp-content\/uploads\/2026\/07\/2-C.webp","width":814,"height":485},{"@type":"BreadcrumbList","@id":"https:\/\/www.eldiario.net\/portal\/2026\/07\/20\/openai-anuncia-el-cierre-de-atlas-el-9-de-agosto\/#breadcrumb","itemListElement":[{"@type":"ListItem","position":1,"name":"Portada","item":"https:\/\/www.eldiario.net\/portal\/"},{"@type":"ListItem","position":2,"name":"OpenAI anuncia el cierre de Atlas el 9 de agosto"}]},{"@type":"WebSite","@id":"https:\/\/www.eldiario.net\/portal\/#website","url":"https:\/\/www.eldiario.net\/portal\/","name":"El Diario - Decano de la prensa nacional","description":"El Diario - Decano de la prensa nacional","publisher":{"@id":"https:\/\/www.eldiario.net\/portal\/#organization"},"potentialAction":[{"@type":"SearchAction","target":{"@type":"EntryPoint","urlTemplate":"https:\/\/www.eldiario.net\/portal\/?s={search_term_string}"},"query-input":{"@type":"PropertyValueSpecification","valueRequired":true,"valueName":"search_term_string"}}],"inLanguage":"es"},{"@type":"Organization","@id":"https:\/\/www.eldiario.net\/portal\/#organization","name":"El Diario - Decano de la prensa nacional","url":"https:\/\/www.eldiario.net\/portal\/","logo":{"@type":"ImageObject","inLanguage":"es","@id":"https:\/\/www.eldiario.net\/portal\/#\/schema\/logo\/image\/","url":"https:\/\/www.eldiario.net\/portal\/wp-content\/uploads\/2023\/07\/logo_ED.jpg","contentUrl":"https:\/\/www.eldiario.net\/portal\/wp-content\/uploads\/2023\/07\/logo_ED.jpg","width":272,"height":52,"caption":"El Diario - Decano de la prensa nacional"},"image":{"@id":"https:\/\/www.eldiario.net\/portal\/#\/schema\/logo\/image\/"},"sameAs":["https:\/\/www.facebook.com\/eldiario.bolivia\/","https:\/\/x.com\/eldiario_net"]},{"@type":"Person","@id":"https:\/\/www.eldiario.net\/portal\/#\/schema\/person\/f46445640444750d7d753ccd04ae01b7","name":"Jeanette","image":{"@type":"ImageObject","inLanguage":"es","@id":"https:\/\/secure.gravatar.com\/avatar\/3ea2118a5f7dad2b7138b1187a6b7ee55f160b9968b66013c3a3ef39dd7e5798?s=96&d=mm&r=g","url":"https:\/\/secure.gravatar.com\/avatar\/3ea2118a5f7dad2b7138b1187a6b7ee55f160b9968b66013c3a3ef39dd7e5798?s=96&d=mm&r=g","contentUrl":"https:\/\/secure.gravatar.com\/avatar\/3ea2118a5f7dad2b7138b1187a6b7ee55f160b9968b66013c3a3ef39dd7e5798?s=96&d=mm&r=g","caption":"Jeanette"},"sameAs":["https:\/\/www.eldiario.net\/portal"],"url":"https:\/\/www.eldiario.net\/portal\/author\/jeanette\/"}]}},"_links":{"self":[{"href":"https:\/\/www.eldiario.net\/portal\/wp-json\/wp\/v2\/posts\/413986","targetHints":{"allow":["GET"]}}],"collection":[{"href":"https:\/\/www.eldiario.net\/portal\/wp-json\/wp\/v2\/posts"}],"about":[{"href":"https:\/\/www.eldiario.net\/portal\/wp-json\/wp\/v2\/types\/post"}],"author":[{"embeddable":true,"href":"https:\/\/www.eldiario.net\/portal\/wp-json\/wp\/v2\/users\/1"}],"replies":[{"embeddable":true,"href":"https:\/\/www.eldiario.net\/portal\/wp-json\/wp\/v2\/comments?post=413986"}],"version-history":[{"count":1,"href":"https:\/\/www.eldiario.net\/portal\/wp-json\/wp\/v2\/posts\/413986\/revisions"}],"predecessor-version":[{"id":413988,"href":"https:\/\/www.eldiario.net\/portal\/wp-json\/wp\/v2\/posts\/413986\/revisions\/413988"}],"wp:featuredmedia":[{"embeddable":true,"href":"https:\/\/www.eldiario.net\/portal\/wp-json\/wp\/v2\/media\/413987"}],"wp:attachment":[{"href":"https:\/\/www.eldiario.net\/portal\/wp-json\/wp\/v2\/media?parent=413986"}],"wp:term":[{"taxonomy":"category","embeddable":true,"href":"https:\/\/www.eldiario.net\/portal\/wp-json\/wp\/v2\/categories?post=413986"},{"taxonomy":"post_tag","embeddable":true,"href":"https:\/\/www.eldiario.net\/portal\/wp-json\/wp\/v2\/tags?post=413986"}],"curies":[{"name":"wp","href":"https:\/\/api.w.org\/{rel}","templated":true}]}}