{"id":413983,"date":"2026-07-20T00:42:08","date_gmt":"2026-07-20T04:42:08","guid":{"rendered":"https:\/\/www.eldiario.net\/portal\/?p=413983"},"modified":"2026-07-19T08:42:37","modified_gmt":"2026-07-19T12:42:37","slug":"uber-prepara-la-compra-de-delivery-hero-un-movimiento-que-sacude-el-delivery-mundial","status":"publish","type":"post","link":"https:\/\/www.eldiario.net\/portal\/2026\/07\/20\/uber-prepara-la-compra-de-delivery-hero-un-movimiento-que-sacude-el-delivery-mundial\/","title":{"rendered":"Uber prepara la compra de Delivery Hero: un movimiento que sacude el delivery mundial"},"content":{"rendered":"<p>Uber Technologies est\u00e1 a punto de cerrar la adquisici\u00f3n de Delivery Hero, en lo que se perfila como la mayor fusi\u00f3n en la historia del reparto de comida a domicilio. La operaci\u00f3n, confirmada por la propia compa\u00f1\u00eda alemana, supondr\u00e1 un aut\u00e9ntico terremoto para el sector y afectar\u00e1 directamente a Glovo, la plataforma espa\u00f1ola que forma parte del conglomerado de Delivery Hero desde 2022.<\/p>\n<p><strong>Una operaci\u00f3n de escala millonaria<\/strong><\/p>\n<p>Delivery Hero ha reconocido p\u00fablicamente que mantiene \u201cnegociaciones avanzadas con Uber Technologies, Inc. respecto a una posible oferta p\u00fablica de adquisici\u00f3n dirigida a todos los accionistas de la Compa\u00f1\u00eda\u201d. Con un valor de mercado estimado en 11.200 millones de euros (12.800 millones de d\u00f3lares), la compra consolidar\u00eda a Uber como l\u00edder indiscutible del sector, reforzando su posici\u00f3n frente a rivales como Just Eat Takeaway, Doordash o Meituan.<\/p>\n<p>Actualmente, Uber ya posee cerca del 25% de las acciones de Delivery Hero. De completarse la operaci\u00f3n, el negocio conjunto alcanzar\u00eda cifras de miles de millones de d\u00f3lares y gestionar\u00eda millones de pedidos diarios, convirti\u00e9ndose en el gran dominador de un mercado que no ha dejado de crecer en la \u00faltima d\u00e9cada.<\/p>\n<p><strong>El peso de Delivery Hero en el sector<\/strong><\/p>\n<p>Fundada en Berl\u00edn en 2011, Delivery Hero se ha expandido a trav\u00e9s de adquisiciones de l\u00edderes regionales en Europa, Asia, Am\u00e9rica y \u00c1frica, integrando marcas como Foody, Foodora, Yemeksepeti y Pedidos Ya. En 2021 adquiri\u00f3 el 44% de Glovo y, un a\u00f1o despu\u00e9s, tom\u00f3 el control del 99% de la compa\u00f1\u00eda espa\u00f1ola por unos 2.300 millones de euros.<\/p>\n<p>Hoy, Delivery Hero factura alrededor de 14.800 millones de euros anuales y gestiona unos 12 millones de pedidos al d\u00eda, lo que la convierte en uno de los actores m\u00e1s relevantes del sector.<\/p>\n<p><strong>Glovo, en el centro del impacto<\/strong><\/p>\n<p>La espa\u00f1ola Glovo, fundada por Oscar Pierre, se ha visto envuelta en distintas crisis regulatorias desde su integraci\u00f3n en Delivery Hero. En 2025, la Comisi\u00f3n Europea sancion\u00f3 a ambas compa\u00f1\u00edas con un total de 329 millones de euros por pr\u00e1cticas anticompetitivas, incluyendo reparto de mercados geogr\u00e1ficos, intercambio de informaci\u00f3n confidencial y pactos de \u201cno contrataci\u00f3n\u201d de empleados. Tras acogerse a un procedimiento de transacci\u00f3n, las multas quedaron en 223 millones para Delivery Hero y 105 millones para Glovo.<\/p>\n<p>Este precedente hace prever que la posible compra por parte de Uber enfrentar\u00e1 un escrutinio regulatorio intenso, especialmente en Europa, donde las autoridades comunitarias han mostrado firmeza frente a operaciones que puedan reducir la competencia.<\/p>\n<p><strong>Un mapa de control global<\/strong><\/p>\n<p>Si la adquisici\u00f3n se concreta, Uber pasar\u00e1 a controlar mercados clave en Europa y Latinoam\u00e9rica:<\/p>\n<ul>\n<li><strong>Espa\u00f1a, Portugal e Italia<\/strong> a trav\u00e9s de Glovo.<\/li>\n<li><strong>Ruman\u00eda y Bulgaria<\/strong> mediante FoodPanda.<\/li>\n<li><strong>Pa\u00edses n\u00f3rdicos<\/strong> con Foodora.<\/li>\n<\/ul>\n<p>La operaci\u00f3n reforzar\u00eda la presencia de Uber Eats y consolidar\u00eda un ecosistema capaz de dominar el reparto de comida en m\u00faltiples regiones.<\/p>\n<p><strong>Expectativa regulatoria<\/strong><\/p>\n<p>La Comisi\u00f3n Europea y otros organismos de competencia tendr\u00e1n la \u00faltima palabra sobre la operaci\u00f3n. El precedente de sanciones y la magnitud del acuerdo hacen prever un proceso complejo. Bruselas deber\u00e1 evaluar si la fusi\u00f3n limita la competencia y perjudica a consumidores y trabajadores en un sector que ya enfrenta tensiones por costes laborales y regulaciones como la \u201cley rider\u201d en Espa\u00f1a.<\/p>\n<p>La compra de Delivery Hero por parte de Uber marcar\u00eda un antes y un despu\u00e9s en el negocio del delivery mundial. Con un conglomerado de alcance global y cifras millonarias, Uber se posicionar\u00eda como el gran dominador del sector. Sin embargo, el desenlace depender\u00e1 de la aprobaci\u00f3n de los reguladores, que tendr\u00e1n que decidir si este movimiento fortalece la innovaci\u00f3n y la eficiencia o si, por el contrario, reduce la competencia en un mercado en plena expansi\u00f3n.<\/p>\n<p>&nbsp;<\/p>\n","protected":false},"excerpt":{"rendered":"<p>Uber Technologies est\u00e1 a punto de cerrar la adquisici\u00f3n de Delivery Hero, en lo que se perfila como la mayor fusi\u00f3n en la historia del reparto de comida a domicilio. La operaci\u00f3n, confirmada por la propia compa\u00f1\u00eda alemana, supondr\u00e1 un aut\u00e9ntico terremoto para el sector y afectar\u00e1 directamente a Glovo, la plataforma espa\u00f1ola que forma [&hellip;]<\/p>\n","protected":false},"author":1,"featured_media":413984,"comment_status":"closed","ping_status":"open","sticky":false,"template":"","format":"standard","meta":{"_acf_changed":false,"footnotes":""},"categories":[46],"tags":[],"class_list":["post-413983","post","type-post","status-publish","format-standard","has-post-thumbnail","category-ciencia-computacion"],"acf":{"antetitulo":""},"yoast_head":"<!-- This site is optimized with the Yoast SEO plugin v28.4 - https:\/\/yoast.com\/product\/yoast-seo-wordpress\/ -->\n<title>Uber prepara la compra de Delivery Hero: un movimiento que sacude el delivery mundial - El Diario - Bolivia<\/title>\n<meta name=\"robots\" content=\"index, follow, max-snippet:-1, max-image-preview:large, max-video-preview:-1\" \/>\n<link rel=\"canonical\" href=\"https:\/\/www.eldiario.net\/portal\/2026\/07\/20\/uber-prepara-la-compra-de-delivery-hero-un-movimiento-que-sacude-el-delivery-mundial\/\" \/>\n<meta property=\"og:locale\" content=\"es_ES\" \/>\n<meta property=\"og:type\" content=\"article\" \/>\n<meta property=\"og:title\" content=\"Uber prepara la compra de Delivery Hero: un movimiento que sacude el delivery mundial - El Diario - Bolivia\" \/>\n<meta property=\"og:description\" content=\"Uber Technologies est\u00e1 a punto de cerrar la adquisici\u00f3n de Delivery Hero, en lo que se perfila como la mayor fusi\u00f3n en la historia del reparto de comida a domicilio. La operaci\u00f3n, confirmada por la propia compa\u00f1\u00eda alemana, supondr\u00e1 un aut\u00e9ntico terremoto para el sector y afectar\u00e1 directamente a Glovo, la plataforma espa\u00f1ola que forma [&hellip;]\" \/>\n<meta property=\"og:url\" content=\"https:\/\/www.eldiario.net\/portal\/2026\/07\/20\/uber-prepara-la-compra-de-delivery-hero-un-movimiento-que-sacude-el-delivery-mundial\/\" \/>\n<meta property=\"og:site_name\" content=\"El Diario - Bolivia\" \/>\n<meta property=\"article:publisher\" content=\"https:\/\/www.facebook.com\/eldiario.bolivia\/\" \/>\n<meta property=\"article:published_time\" content=\"2026-07-20T04:42:08+00:00\" \/>\n<meta property=\"og:image\" content=\"https:\/\/www.eldiario.net\/portal\/wp-content\/uploads\/2026\/07\/3-B-1.webp\" \/>\n\t<meta property=\"og:image:width\" content=\"718\" \/>\n\t<meta property=\"og:image:height\" content=\"473\" \/>\n\t<meta property=\"og:image:type\" content=\"image\/webp\" \/>\n<meta name=\"author\" content=\"Jeanette\" \/>\n<meta name=\"twitter:card\" content=\"summary_large_image\" \/>\n<meta name=\"twitter:creator\" content=\"@eldiario_net\" \/>\n<meta name=\"twitter:site\" content=\"@eldiario_net\" \/>\n<meta name=\"twitter:label1\" content=\"Escrito por\" \/>\n\t<meta name=\"twitter:data1\" content=\"Jeanette\" \/>\n\t<meta name=\"twitter:label2\" content=\"Tiempo de lectura\" \/>\n\t<meta name=\"twitter:data2\" content=\"3 minutos\" \/>\n<script type=\"application\/ld+json\" class=\"yoast-schema-graph\">{\"@context\":\"https:\\\/\\\/schema.org\",\"@graph\":[{\"@type\":\"Article\",\"@id\":\"https:\\\/\\\/www.eldiario.net\\\/portal\\\/2026\\\/07\\\/20\\\/uber-prepara-la-compra-de-delivery-hero-un-movimiento-que-sacude-el-delivery-mundial\\\/#article\",\"isPartOf\":{\"@id\":\"https:\\\/\\\/www.eldiario.net\\\/portal\\\/2026\\\/07\\\/20\\\/uber-prepara-la-compra-de-delivery-hero-un-movimiento-que-sacude-el-delivery-mundial\\\/\"},\"author\":{\"name\":\"Jeanette\",\"@id\":\"https:\\\/\\\/www.eldiario.net\\\/portal\\\/#\\\/schema\\\/person\\\/f46445640444750d7d753ccd04ae01b7\"},\"headline\":\"Uber prepara la compra de Delivery Hero: un movimiento que sacude el delivery mundial\",\"datePublished\":\"2026-07-20T04:42:08+00:00\",\"mainEntityOfPage\":{\"@id\":\"https:\\\/\\\/www.eldiario.net\\\/portal\\\/2026\\\/07\\\/20\\\/uber-prepara-la-compra-de-delivery-hero-un-movimiento-que-sacude-el-delivery-mundial\\\/\"},\"wordCount\":668,\"publisher\":{\"@id\":\"https:\\\/\\\/www.eldiario.net\\\/portal\\\/#organization\"},\"image\":{\"@id\":\"https:\\\/\\\/www.eldiario.net\\\/portal\\\/2026\\\/07\\\/20\\\/uber-prepara-la-compra-de-delivery-hero-un-movimiento-que-sacude-el-delivery-mundial\\\/#primaryimage\"},\"thumbnailUrl\":\"https:\\\/\\\/www.eldiario.net\\\/portal\\\/wp-content\\\/uploads\\\/2026\\\/07\\\/3-B-1.webp\",\"articleSection\":[\"Ciencia y Computaci\u00f3n\"],\"inLanguage\":\"es\"},{\"@type\":\"WebPage\",\"@id\":\"https:\\\/\\\/www.eldiario.net\\\/portal\\\/2026\\\/07\\\/20\\\/uber-prepara-la-compra-de-delivery-hero-un-movimiento-que-sacude-el-delivery-mundial\\\/\",\"url\":\"https:\\\/\\\/www.eldiario.net\\\/portal\\\/2026\\\/07\\\/20\\\/uber-prepara-la-compra-de-delivery-hero-un-movimiento-que-sacude-el-delivery-mundial\\\/\",\"name\":\"Uber prepara la compra de Delivery Hero: un movimiento que sacude el delivery mundial - El Diario - Bolivia\",\"isPartOf\":{\"@id\":\"https:\\\/\\\/www.eldiario.net\\\/portal\\\/#website\"},\"primaryImageOfPage\":{\"@id\":\"https:\\\/\\\/www.eldiario.net\\\/portal\\\/2026\\\/07\\\/20\\\/uber-prepara-la-compra-de-delivery-hero-un-movimiento-que-sacude-el-delivery-mundial\\\/#primaryimage\"},\"image\":{\"@id\":\"https:\\\/\\\/www.eldiario.net\\\/portal\\\/2026\\\/07\\\/20\\\/uber-prepara-la-compra-de-delivery-hero-un-movimiento-que-sacude-el-delivery-mundial\\\/#primaryimage\"},\"thumbnailUrl\":\"https:\\\/\\\/www.eldiario.net\\\/portal\\\/wp-content\\\/uploads\\\/2026\\\/07\\\/3-B-1.webp\",\"datePublished\":\"2026-07-20T04:42:08+00:00\",\"breadcrumb\":{\"@id\":\"https:\\\/\\\/www.eldiario.net\\\/portal\\\/2026\\\/07\\\/20\\\/uber-prepara-la-compra-de-delivery-hero-un-movimiento-que-sacude-el-delivery-mundial\\\/#breadcrumb\"},\"inLanguage\":\"es\",\"potentialAction\":[{\"@type\":\"ReadAction\",\"target\":[\"https:\\\/\\\/www.eldiario.net\\\/portal\\\/2026\\\/07\\\/20\\\/uber-prepara-la-compra-de-delivery-hero-un-movimiento-que-sacude-el-delivery-mundial\\\/\"]}]},{\"@type\":\"ImageObject\",\"inLanguage\":\"es\",\"@id\":\"https:\\\/\\\/www.eldiario.net\\\/portal\\\/2026\\\/07\\\/20\\\/uber-prepara-la-compra-de-delivery-hero-un-movimiento-que-sacude-el-delivery-mundial\\\/#primaryimage\",\"url\":\"https:\\\/\\\/www.eldiario.net\\\/portal\\\/wp-content\\\/uploads\\\/2026\\\/07\\\/3-B-1.webp\",\"contentUrl\":\"https:\\\/\\\/www.eldiario.net\\\/portal\\\/wp-content\\\/uploads\\\/2026\\\/07\\\/3-B-1.webp\",\"width\":718,\"height\":473},{\"@type\":\"BreadcrumbList\",\"@id\":\"https:\\\/\\\/www.eldiario.net\\\/portal\\\/2026\\\/07\\\/20\\\/uber-prepara-la-compra-de-delivery-hero-un-movimiento-que-sacude-el-delivery-mundial\\\/#breadcrumb\",\"itemListElement\":[{\"@type\":\"ListItem\",\"position\":1,\"name\":\"Portada\",\"item\":\"https:\\\/\\\/www.eldiario.net\\\/portal\\\/\"},{\"@type\":\"ListItem\",\"position\":2,\"name\":\"Uber prepara la compra de Delivery Hero: un movimiento que sacude el delivery mundial\"}]},{\"@type\":\"WebSite\",\"@id\":\"https:\\\/\\\/www.eldiario.net\\\/portal\\\/#website\",\"url\":\"https:\\\/\\\/www.eldiario.net\\\/portal\\\/\",\"name\":\"El Diario - Decano de la prensa nacional\",\"description\":\"El Diario - Decano de la prensa nacional\",\"publisher\":{\"@id\":\"https:\\\/\\\/www.eldiario.net\\\/portal\\\/#organization\"},\"potentialAction\":[{\"@type\":\"SearchAction\",\"target\":{\"@type\":\"EntryPoint\",\"urlTemplate\":\"https:\\\/\\\/www.eldiario.net\\\/portal\\\/?s={search_term_string}\"},\"query-input\":{\"@type\":\"PropertyValueSpecification\",\"valueRequired\":true,\"valueName\":\"search_term_string\"}}],\"inLanguage\":\"es\"},{\"@type\":\"Organization\",\"@id\":\"https:\\\/\\\/www.eldiario.net\\\/portal\\\/#organization\",\"name\":\"El Diario - Decano de la prensa nacional\",\"url\":\"https:\\\/\\\/www.eldiario.net\\\/portal\\\/\",\"logo\":{\"@type\":\"ImageObject\",\"inLanguage\":\"es\",\"@id\":\"https:\\\/\\\/www.eldiario.net\\\/portal\\\/#\\\/schema\\\/logo\\\/image\\\/\",\"url\":\"https:\\\/\\\/www.eldiario.net\\\/portal\\\/wp-content\\\/uploads\\\/2023\\\/07\\\/logo_ED.jpg\",\"contentUrl\":\"https:\\\/\\\/www.eldiario.net\\\/portal\\\/wp-content\\\/uploads\\\/2023\\\/07\\\/logo_ED.jpg\",\"width\":272,\"height\":52,\"caption\":\"El Diario - Decano de la prensa nacional\"},\"image\":{\"@id\":\"https:\\\/\\\/www.eldiario.net\\\/portal\\\/#\\\/schema\\\/logo\\\/image\\\/\"},\"sameAs\":[\"https:\\\/\\\/www.facebook.com\\\/eldiario.bolivia\\\/\",\"https:\\\/\\\/x.com\\\/eldiario_net\"]},{\"@type\":\"Person\",\"@id\":\"https:\\\/\\\/www.eldiario.net\\\/portal\\\/#\\\/schema\\\/person\\\/f46445640444750d7d753ccd04ae01b7\",\"name\":\"Jeanette\",\"image\":{\"@type\":\"ImageObject\",\"inLanguage\":\"es\",\"@id\":\"https:\\\/\\\/secure.gravatar.com\\\/avatar\\\/3ea2118a5f7dad2b7138b1187a6b7ee55f160b9968b66013c3a3ef39dd7e5798?s=96&d=mm&r=g\",\"url\":\"https:\\\/\\\/secure.gravatar.com\\\/avatar\\\/3ea2118a5f7dad2b7138b1187a6b7ee55f160b9968b66013c3a3ef39dd7e5798?s=96&d=mm&r=g\",\"contentUrl\":\"https:\\\/\\\/secure.gravatar.com\\\/avatar\\\/3ea2118a5f7dad2b7138b1187a6b7ee55f160b9968b66013c3a3ef39dd7e5798?s=96&d=mm&r=g\",\"caption\":\"Jeanette\"},\"sameAs\":[\"https:\\\/\\\/www.eldiario.net\\\/portal\"],\"url\":\"https:\\\/\\\/www.eldiario.net\\\/portal\\\/author\\\/jeanette\\\/\"}]}<\/script>\n<!-- \/ Yoast SEO plugin. -->","yoast_head_json":{"title":"Uber prepara la compra de Delivery Hero: un movimiento que sacude el delivery mundial - El Diario - Bolivia","robots":{"index":"index","follow":"follow","max-snippet":"max-snippet:-1","max-image-preview":"max-image-preview:large","max-video-preview":"max-video-preview:-1"},"canonical":"https:\/\/www.eldiario.net\/portal\/2026\/07\/20\/uber-prepara-la-compra-de-delivery-hero-un-movimiento-que-sacude-el-delivery-mundial\/","og_locale":"es_ES","og_type":"article","og_title":"Uber prepara la compra de Delivery Hero: un movimiento que sacude el delivery mundial - El Diario - Bolivia","og_description":"Uber Technologies est\u00e1 a punto de cerrar la adquisici\u00f3n de Delivery Hero, en lo que se perfila como la mayor fusi\u00f3n en la historia del reparto de comida a domicilio. La operaci\u00f3n, confirmada por la propia compa\u00f1\u00eda alemana, supondr\u00e1 un aut\u00e9ntico terremoto para el sector y afectar\u00e1 directamente a Glovo, la plataforma espa\u00f1ola que forma [&hellip;]","og_url":"https:\/\/www.eldiario.net\/portal\/2026\/07\/20\/uber-prepara-la-compra-de-delivery-hero-un-movimiento-que-sacude-el-delivery-mundial\/","og_site_name":"El Diario - Bolivia","article_publisher":"https:\/\/www.facebook.com\/eldiario.bolivia\/","article_published_time":"2026-07-20T04:42:08+00:00","og_image":[{"width":718,"height":473,"url":"https:\/\/www.eldiario.net\/portal\/wp-content\/uploads\/2026\/07\/3-B-1.webp","type":"image\/webp"}],"author":"Jeanette","twitter_card":"summary_large_image","twitter_creator":"@eldiario_net","twitter_site":"@eldiario_net","twitter_misc":{"Escrito por":"Jeanette","Tiempo de lectura":"3 minutos"},"schema":{"@context":"https:\/\/schema.org","@graph":[{"@type":"Article","@id":"https:\/\/www.eldiario.net\/portal\/2026\/07\/20\/uber-prepara-la-compra-de-delivery-hero-un-movimiento-que-sacude-el-delivery-mundial\/#article","isPartOf":{"@id":"https:\/\/www.eldiario.net\/portal\/2026\/07\/20\/uber-prepara-la-compra-de-delivery-hero-un-movimiento-que-sacude-el-delivery-mundial\/"},"author":{"name":"Jeanette","@id":"https:\/\/www.eldiario.net\/portal\/#\/schema\/person\/f46445640444750d7d753ccd04ae01b7"},"headline":"Uber prepara la compra de Delivery Hero: un movimiento que sacude el delivery mundial","datePublished":"2026-07-20T04:42:08+00:00","mainEntityOfPage":{"@id":"https:\/\/www.eldiario.net\/portal\/2026\/07\/20\/uber-prepara-la-compra-de-delivery-hero-un-movimiento-que-sacude-el-delivery-mundial\/"},"wordCount":668,"publisher":{"@id":"https:\/\/www.eldiario.net\/portal\/#organization"},"image":{"@id":"https:\/\/www.eldiario.net\/portal\/2026\/07\/20\/uber-prepara-la-compra-de-delivery-hero-un-movimiento-que-sacude-el-delivery-mundial\/#primaryimage"},"thumbnailUrl":"https:\/\/www.eldiario.net\/portal\/wp-content\/uploads\/2026\/07\/3-B-1.webp","articleSection":["Ciencia y Computaci\u00f3n"],"inLanguage":"es"},{"@type":"WebPage","@id":"https:\/\/www.eldiario.net\/portal\/2026\/07\/20\/uber-prepara-la-compra-de-delivery-hero-un-movimiento-que-sacude-el-delivery-mundial\/","url":"https:\/\/www.eldiario.net\/portal\/2026\/07\/20\/uber-prepara-la-compra-de-delivery-hero-un-movimiento-que-sacude-el-delivery-mundial\/","name":"Uber prepara la compra de Delivery Hero: un movimiento que sacude el delivery mundial - El Diario - Bolivia","isPartOf":{"@id":"https:\/\/www.eldiario.net\/portal\/#website"},"primaryImageOfPage":{"@id":"https:\/\/www.eldiario.net\/portal\/2026\/07\/20\/uber-prepara-la-compra-de-delivery-hero-un-movimiento-que-sacude-el-delivery-mundial\/#primaryimage"},"image":{"@id":"https:\/\/www.eldiario.net\/portal\/2026\/07\/20\/uber-prepara-la-compra-de-delivery-hero-un-movimiento-que-sacude-el-delivery-mundial\/#primaryimage"},"thumbnailUrl":"https:\/\/www.eldiario.net\/portal\/wp-content\/uploads\/2026\/07\/3-B-1.webp","datePublished":"2026-07-20T04:42:08+00:00","breadcrumb":{"@id":"https:\/\/www.eldiario.net\/portal\/2026\/07\/20\/uber-prepara-la-compra-de-delivery-hero-un-movimiento-que-sacude-el-delivery-mundial\/#breadcrumb"},"inLanguage":"es","potentialAction":[{"@type":"ReadAction","target":["https:\/\/www.eldiario.net\/portal\/2026\/07\/20\/uber-prepara-la-compra-de-delivery-hero-un-movimiento-que-sacude-el-delivery-mundial\/"]}]},{"@type":"ImageObject","inLanguage":"es","@id":"https:\/\/www.eldiario.net\/portal\/2026\/07\/20\/uber-prepara-la-compra-de-delivery-hero-un-movimiento-que-sacude-el-delivery-mundial\/#primaryimage","url":"https:\/\/www.eldiario.net\/portal\/wp-content\/uploads\/2026\/07\/3-B-1.webp","contentUrl":"https:\/\/www.eldiario.net\/portal\/wp-content\/uploads\/2026\/07\/3-B-1.webp","width":718,"height":473},{"@type":"BreadcrumbList","@id":"https:\/\/www.eldiario.net\/portal\/2026\/07\/20\/uber-prepara-la-compra-de-delivery-hero-un-movimiento-que-sacude-el-delivery-mundial\/#breadcrumb","itemListElement":[{"@type":"ListItem","position":1,"name":"Portada","item":"https:\/\/www.eldiario.net\/portal\/"},{"@type":"ListItem","position":2,"name":"Uber prepara la compra de Delivery Hero: un movimiento que sacude el delivery mundial"}]},{"@type":"WebSite","@id":"https:\/\/www.eldiario.net\/portal\/#website","url":"https:\/\/www.eldiario.net\/portal\/","name":"El Diario - Decano de la prensa nacional","description":"El Diario - Decano de la prensa nacional","publisher":{"@id":"https:\/\/www.eldiario.net\/portal\/#organization"},"potentialAction":[{"@type":"SearchAction","target":{"@type":"EntryPoint","urlTemplate":"https:\/\/www.eldiario.net\/portal\/?s={search_term_string}"},"query-input":{"@type":"PropertyValueSpecification","valueRequired":true,"valueName":"search_term_string"}}],"inLanguage":"es"},{"@type":"Organization","@id":"https:\/\/www.eldiario.net\/portal\/#organization","name":"El Diario - Decano de la prensa nacional","url":"https:\/\/www.eldiario.net\/portal\/","logo":{"@type":"ImageObject","inLanguage":"es","@id":"https:\/\/www.eldiario.net\/portal\/#\/schema\/logo\/image\/","url":"https:\/\/www.eldiario.net\/portal\/wp-content\/uploads\/2023\/07\/logo_ED.jpg","contentUrl":"https:\/\/www.eldiario.net\/portal\/wp-content\/uploads\/2023\/07\/logo_ED.jpg","width":272,"height":52,"caption":"El Diario - Decano de la prensa nacional"},"image":{"@id":"https:\/\/www.eldiario.net\/portal\/#\/schema\/logo\/image\/"},"sameAs":["https:\/\/www.facebook.com\/eldiario.bolivia\/","https:\/\/x.com\/eldiario_net"]},{"@type":"Person","@id":"https:\/\/www.eldiario.net\/portal\/#\/schema\/person\/f46445640444750d7d753ccd04ae01b7","name":"Jeanette","image":{"@type":"ImageObject","inLanguage":"es","@id":"https:\/\/secure.gravatar.com\/avatar\/3ea2118a5f7dad2b7138b1187a6b7ee55f160b9968b66013c3a3ef39dd7e5798?s=96&d=mm&r=g","url":"https:\/\/secure.gravatar.com\/avatar\/3ea2118a5f7dad2b7138b1187a6b7ee55f160b9968b66013c3a3ef39dd7e5798?s=96&d=mm&r=g","contentUrl":"https:\/\/secure.gravatar.com\/avatar\/3ea2118a5f7dad2b7138b1187a6b7ee55f160b9968b66013c3a3ef39dd7e5798?s=96&d=mm&r=g","caption":"Jeanette"},"sameAs":["https:\/\/www.eldiario.net\/portal"],"url":"https:\/\/www.eldiario.net\/portal\/author\/jeanette\/"}]}},"_links":{"self":[{"href":"https:\/\/www.eldiario.net\/portal\/wp-json\/wp\/v2\/posts\/413983","targetHints":{"allow":["GET"]}}],"collection":[{"href":"https:\/\/www.eldiario.net\/portal\/wp-json\/wp\/v2\/posts"}],"about":[{"href":"https:\/\/www.eldiario.net\/portal\/wp-json\/wp\/v2\/types\/post"}],"author":[{"embeddable":true,"href":"https:\/\/www.eldiario.net\/portal\/wp-json\/wp\/v2\/users\/1"}],"replies":[{"embeddable":true,"href":"https:\/\/www.eldiario.net\/portal\/wp-json\/wp\/v2\/comments?post=413983"}],"version-history":[{"count":1,"href":"https:\/\/www.eldiario.net\/portal\/wp-json\/wp\/v2\/posts\/413983\/revisions"}],"predecessor-version":[{"id":413985,"href":"https:\/\/www.eldiario.net\/portal\/wp-json\/wp\/v2\/posts\/413983\/revisions\/413985"}],"wp:featuredmedia":[{"embeddable":true,"href":"https:\/\/www.eldiario.net\/portal\/wp-json\/wp\/v2\/media\/413984"}],"wp:attachment":[{"href":"https:\/\/www.eldiario.net\/portal\/wp-json\/wp\/v2\/media?parent=413983"}],"wp:term":[{"taxonomy":"category","embeddable":true,"href":"https:\/\/www.eldiario.net\/portal\/wp-json\/wp\/v2\/categories?post=413983"},{"taxonomy":"post_tag","embeddable":true,"href":"https:\/\/www.eldiario.net\/portal\/wp-json\/wp\/v2\/tags?post=413983"}],"curies":[{"name":"wp","href":"https:\/\/api.w.org\/{rel}","templated":true}]}}