{"id":413980,"date":"2026-07-20T00:40:49","date_gmt":"2026-07-20T04:40:49","guid":{"rendered":"https:\/\/www.eldiario.net\/portal\/?p=413980"},"modified":"2026-07-19T08:41:40","modified_gmt":"2026-07-19T12:41:40","slug":"yango-celebra-a-la-paz-impulsando-la-movilidad-y-el-dinamismo-de-los-pacenos","status":"publish","type":"post","link":"https:\/\/www.eldiario.net\/portal\/2026\/07\/20\/yango-celebra-a-la-paz-impulsando-la-movilidad-y-el-dinamismo-de-los-pacenos\/","title":{"rendered":"Yango celebra a La Paz impulsando la movilidad y el dinamismo de los pace\u00f1os"},"content":{"rendered":"<p><strong>La Paz, julio de 2026.-<\/strong> En el marco del aniversario de la ciudad de La Paz, Yango rinde homenaje a una ciudad hist\u00f3rica, diversa y resiliente, reafirmando su compromiso con la movilidad urbana, el desarrollo tecnol\u00f3gico y el dinamismo pace\u00f1o. Desde su llegada al pa\u00eds, la plataforma se ha consolidado como una alternativa de movilidad que conecta a miles de usuarios con conductores asociados, facilitando sus traslados diarios de una manera pr\u00e1ctica y accesible.<\/p>\n<p>La Paz ocupa un lugar especial en la historia de Yango en la regi\u00f3n, ya que fue la primera ciudad de Latinoam\u00e9rica donde la plataforma inici\u00f3 operaciones, realizando su primera carrera en agosto de 2022. Desde entonces, la ciudad se convirti\u00f3 en un punto clave para el crecimiento de la compa\u00f1\u00eda y en un ejemplo de c\u00f3mo la tecnolog\u00eda puede adaptarse a las necesidades de movilidad de mercados urbanos complejos.<\/p>\n<p>Actualmente, Yango Taxi registra aproximadamente 300.000 viajes mensuales en La Paz y cuenta con cerca de 3.000 conductores asociados, cifras que reflejan la importancia de la plataforma dentro de la rutina de los pace\u00f1os. Cada viaje representa\u00a0 una conexi\u00f3n entre personas, actividades productivas, comercios, universidades, centros laborales, espacios culturales y distintos puntos de la ciudad que forman parte del movimiento diario.<\/p>\n<p>\u201cLa Paz es una ciudad que nunca se detiene. Su geograf\u00eda, su ritmo y la energ\u00eda de su gente plantean retos particulares para la movilidad, pero tambi\u00e9n abren enormes oportunidades para soluciones tecnol\u00f3gicas que ayuden a conectar mejor a las personas. Para Yango Taxi, haber iniciado operaciones en Latinoam\u00e9rica desde esta ciudad es motivo de orgullo y compromiso\u201d, se\u00f1al\u00f3 Alvaro Vasquez\u00a0 Gerente Nacional de Yango<\/p>\n<p>En una ciudad donde\u00a0 la conectividad entre zonas y la planificaci\u00f3n diaria son aspectos fundamentales para miles de personas, las plataformas de movilidad cumplen un rol cada vez m\u00e1s relevante. A trav\u00e9s de la tecnolog\u00eda, Yango Taxi permite a los usuarios solicitar viajes de forma sencilla desde la aplicaci\u00f3n, conocer informaci\u00f3n referencial del trayecto y acceder a una alternativa que contribuye a hacer m\u00e1s eficiente la movilidad urbana.<\/p>\n<p>Adem\u00e1s de facilitar los desplazamientos de los usuarios, la plataforma tambi\u00e9n genera oportunidades para conductores asociados, quienes encuentran en Yango una herramienta para conectarse con la demanda de movilidad de la ciudad. De esta manera, la tecnolog\u00eda se convierte en un puente entre quienes necesitan trasladarse y quienes buscan generar ingresos a trav\u00e9s de sus veh\u00edculos.<\/p>\n<p>&nbsp;<\/p>\n<p>\u201cCelebramos a La Paz como una ciudad que inspira, se reinventa y avanza. Nuestro compromiso es seguir acompa\u00f1ando ese movimiento, aportando desde la tecnolog\u00eda para que cada vez m\u00e1s personas puedan conectarse con sus actividades, sus oportunidades y su ciudad\u201d, agreg\u00f3 el ejecutivo.<\/p>\n","protected":false},"excerpt":{"rendered":"<p>La Paz, julio de 2026.- En el marco del aniversario de la ciudad de La Paz, Yango rinde homenaje a una ciudad hist\u00f3rica, diversa y resiliente, reafirmando su compromiso con la movilidad urbana, el desarrollo tecnol\u00f3gico y el dinamismo pace\u00f1o. Desde su llegada al pa\u00eds, la plataforma se ha consolidado como una alternativa de movilidad [&hellip;]<\/p>\n","protected":false},"author":1,"featured_media":413981,"comment_status":"closed","ping_status":"open","sticky":false,"template":"","format":"standard","meta":{"_acf_changed":false,"footnotes":""},"categories":[46],"tags":[],"class_list":["post-413980","post","type-post","status-publish","format-standard","has-post-thumbnail","category-ciencia-computacion"],"acf":{"antetitulo":""},"yoast_head":"<!-- This site is optimized with the Yoast SEO plugin v28.4 - https:\/\/yoast.com\/product\/yoast-seo-wordpress\/ -->\n<title>Yango celebra a La Paz impulsando la movilidad y el dinamismo de los pace\u00f1os - El Diario - Bolivia<\/title>\n<meta name=\"robots\" content=\"index, follow, max-snippet:-1, max-image-preview:large, max-video-preview:-1\" \/>\n<link rel=\"canonical\" href=\"https:\/\/www.eldiario.net\/portal\/2026\/07\/20\/yango-celebra-a-la-paz-impulsando-la-movilidad-y-el-dinamismo-de-los-pacenos\/\" \/>\n<meta property=\"og:locale\" content=\"es_ES\" \/>\n<meta property=\"og:type\" content=\"article\" \/>\n<meta property=\"og:title\" content=\"Yango celebra a La Paz impulsando la movilidad y el dinamismo de los pace\u00f1os - El Diario - Bolivia\" \/>\n<meta property=\"og:description\" content=\"La Paz, julio de 2026.- En el marco del aniversario de la ciudad de La Paz, Yango rinde homenaje a una ciudad hist\u00f3rica, diversa y resiliente, reafirmando su compromiso con la movilidad urbana, el desarrollo tecnol\u00f3gico y el dinamismo pace\u00f1o. Desde su llegada al pa\u00eds, la plataforma se ha consolidado como una alternativa de movilidad [&hellip;]\" \/>\n<meta property=\"og:url\" content=\"https:\/\/www.eldiario.net\/portal\/2026\/07\/20\/yango-celebra-a-la-paz-impulsando-la-movilidad-y-el-dinamismo-de-los-pacenos\/\" \/>\n<meta property=\"og:site_name\" content=\"El Diario - Bolivia\" \/>\n<meta property=\"article:publisher\" content=\"https:\/\/www.facebook.com\/eldiario.bolivia\/\" \/>\n<meta property=\"article:published_time\" content=\"2026-07-20T04:40:49+00:00\" \/>\n<meta property=\"og:image\" content=\"https:\/\/www.eldiario.net\/portal\/wp-content\/uploads\/2026\/07\/5-A.webp\" \/>\n\t<meta property=\"og:image:width\" content=\"720\" \/>\n\t<meta property=\"og:image:height\" content=\"1280\" \/>\n\t<meta property=\"og:image:type\" content=\"image\/webp\" \/>\n<meta name=\"author\" content=\"Jeanette\" \/>\n<meta name=\"twitter:card\" content=\"summary_large_image\" \/>\n<meta name=\"twitter:creator\" content=\"@eldiario_net\" \/>\n<meta name=\"twitter:site\" content=\"@eldiario_net\" \/>\n<meta name=\"twitter:label1\" content=\"Escrito por\" \/>\n\t<meta name=\"twitter:data1\" content=\"Jeanette\" \/>\n\t<meta name=\"twitter:label2\" content=\"Tiempo de lectura\" \/>\n\t<meta name=\"twitter:data2\" content=\"3 minutos\" \/>\n<script type=\"application\/ld+json\" class=\"yoast-schema-graph\">{\"@context\":\"https:\\\/\\\/schema.org\",\"@graph\":[{\"@type\":\"Article\",\"@id\":\"https:\\\/\\\/www.eldiario.net\\\/portal\\\/2026\\\/07\\\/20\\\/yango-celebra-a-la-paz-impulsando-la-movilidad-y-el-dinamismo-de-los-pacenos\\\/#article\",\"isPartOf\":{\"@id\":\"https:\\\/\\\/www.eldiario.net\\\/portal\\\/2026\\\/07\\\/20\\\/yango-celebra-a-la-paz-impulsando-la-movilidad-y-el-dinamismo-de-los-pacenos\\\/\"},\"author\":{\"name\":\"Jeanette\",\"@id\":\"https:\\\/\\\/www.eldiario.net\\\/portal\\\/#\\\/schema\\\/person\\\/f46445640444750d7d753ccd04ae01b7\"},\"headline\":\"Yango celebra a La Paz impulsando la movilidad y el dinamismo de los pace\u00f1os\",\"datePublished\":\"2026-07-20T04:40:49+00:00\",\"mainEntityOfPage\":{\"@id\":\"https:\\\/\\\/www.eldiario.net\\\/portal\\\/2026\\\/07\\\/20\\\/yango-celebra-a-la-paz-impulsando-la-movilidad-y-el-dinamismo-de-los-pacenos\\\/\"},\"wordCount\":483,\"publisher\":{\"@id\":\"https:\\\/\\\/www.eldiario.net\\\/portal\\\/#organization\"},\"image\":{\"@id\":\"https:\\\/\\\/www.eldiario.net\\\/portal\\\/2026\\\/07\\\/20\\\/yango-celebra-a-la-paz-impulsando-la-movilidad-y-el-dinamismo-de-los-pacenos\\\/#primaryimage\"},\"thumbnailUrl\":\"https:\\\/\\\/www.eldiario.net\\\/portal\\\/wp-content\\\/uploads\\\/2026\\\/07\\\/5-A.webp\",\"articleSection\":[\"Ciencia y Computaci\u00f3n\"],\"inLanguage\":\"es\"},{\"@type\":\"WebPage\",\"@id\":\"https:\\\/\\\/www.eldiario.net\\\/portal\\\/2026\\\/07\\\/20\\\/yango-celebra-a-la-paz-impulsando-la-movilidad-y-el-dinamismo-de-los-pacenos\\\/\",\"url\":\"https:\\\/\\\/www.eldiario.net\\\/portal\\\/2026\\\/07\\\/20\\\/yango-celebra-a-la-paz-impulsando-la-movilidad-y-el-dinamismo-de-los-pacenos\\\/\",\"name\":\"Yango celebra a La Paz impulsando la movilidad y el dinamismo de los pace\u00f1os - El Diario - Bolivia\",\"isPartOf\":{\"@id\":\"https:\\\/\\\/www.eldiario.net\\\/portal\\\/#website\"},\"primaryImageOfPage\":{\"@id\":\"https:\\\/\\\/www.eldiario.net\\\/portal\\\/2026\\\/07\\\/20\\\/yango-celebra-a-la-paz-impulsando-la-movilidad-y-el-dinamismo-de-los-pacenos\\\/#primaryimage\"},\"image\":{\"@id\":\"https:\\\/\\\/www.eldiario.net\\\/portal\\\/2026\\\/07\\\/20\\\/yango-celebra-a-la-paz-impulsando-la-movilidad-y-el-dinamismo-de-los-pacenos\\\/#primaryimage\"},\"thumbnailUrl\":\"https:\\\/\\\/www.eldiario.net\\\/portal\\\/wp-content\\\/uploads\\\/2026\\\/07\\\/5-A.webp\",\"datePublished\":\"2026-07-20T04:40:49+00:00\",\"breadcrumb\":{\"@id\":\"https:\\\/\\\/www.eldiario.net\\\/portal\\\/2026\\\/07\\\/20\\\/yango-celebra-a-la-paz-impulsando-la-movilidad-y-el-dinamismo-de-los-pacenos\\\/#breadcrumb\"},\"inLanguage\":\"es\",\"potentialAction\":[{\"@type\":\"ReadAction\",\"target\":[\"https:\\\/\\\/www.eldiario.net\\\/portal\\\/2026\\\/07\\\/20\\\/yango-celebra-a-la-paz-impulsando-la-movilidad-y-el-dinamismo-de-los-pacenos\\\/\"]}]},{\"@type\":\"ImageObject\",\"inLanguage\":\"es\",\"@id\":\"https:\\\/\\\/www.eldiario.net\\\/portal\\\/2026\\\/07\\\/20\\\/yango-celebra-a-la-paz-impulsando-la-movilidad-y-el-dinamismo-de-los-pacenos\\\/#primaryimage\",\"url\":\"https:\\\/\\\/www.eldiario.net\\\/portal\\\/wp-content\\\/uploads\\\/2026\\\/07\\\/5-A.webp\",\"contentUrl\":\"https:\\\/\\\/www.eldiario.net\\\/portal\\\/wp-content\\\/uploads\\\/2026\\\/07\\\/5-A.webp\",\"width\":720,\"height\":1280},{\"@type\":\"BreadcrumbList\",\"@id\":\"https:\\\/\\\/www.eldiario.net\\\/portal\\\/2026\\\/07\\\/20\\\/yango-celebra-a-la-paz-impulsando-la-movilidad-y-el-dinamismo-de-los-pacenos\\\/#breadcrumb\",\"itemListElement\":[{\"@type\":\"ListItem\",\"position\":1,\"name\":\"Portada\",\"item\":\"https:\\\/\\\/www.eldiario.net\\\/portal\\\/\"},{\"@type\":\"ListItem\",\"position\":2,\"name\":\"Yango celebra a La Paz impulsando la movilidad y el dinamismo de los pace\u00f1os\"}]},{\"@type\":\"WebSite\",\"@id\":\"https:\\\/\\\/www.eldiario.net\\\/portal\\\/#website\",\"url\":\"https:\\\/\\\/www.eldiario.net\\\/portal\\\/\",\"name\":\"El Diario - Decano de la prensa nacional\",\"description\":\"El Diario - Decano de la prensa nacional\",\"publisher\":{\"@id\":\"https:\\\/\\\/www.eldiario.net\\\/portal\\\/#organization\"},\"potentialAction\":[{\"@type\":\"SearchAction\",\"target\":{\"@type\":\"EntryPoint\",\"urlTemplate\":\"https:\\\/\\\/www.eldiario.net\\\/portal\\\/?s={search_term_string}\"},\"query-input\":{\"@type\":\"PropertyValueSpecification\",\"valueRequired\":true,\"valueName\":\"search_term_string\"}}],\"inLanguage\":\"es\"},{\"@type\":\"Organization\",\"@id\":\"https:\\\/\\\/www.eldiario.net\\\/portal\\\/#organization\",\"name\":\"El Diario - Decano de la prensa nacional\",\"url\":\"https:\\\/\\\/www.eldiario.net\\\/portal\\\/\",\"logo\":{\"@type\":\"ImageObject\",\"inLanguage\":\"es\",\"@id\":\"https:\\\/\\\/www.eldiario.net\\\/portal\\\/#\\\/schema\\\/logo\\\/image\\\/\",\"url\":\"https:\\\/\\\/www.eldiario.net\\\/portal\\\/wp-content\\\/uploads\\\/2023\\\/07\\\/logo_ED.jpg\",\"contentUrl\":\"https:\\\/\\\/www.eldiario.net\\\/portal\\\/wp-content\\\/uploads\\\/2023\\\/07\\\/logo_ED.jpg\",\"width\":272,\"height\":52,\"caption\":\"El Diario - Decano de la prensa nacional\"},\"image\":{\"@id\":\"https:\\\/\\\/www.eldiario.net\\\/portal\\\/#\\\/schema\\\/logo\\\/image\\\/\"},\"sameAs\":[\"https:\\\/\\\/www.facebook.com\\\/eldiario.bolivia\\\/\",\"https:\\\/\\\/x.com\\\/eldiario_net\"]},{\"@type\":\"Person\",\"@id\":\"https:\\\/\\\/www.eldiario.net\\\/portal\\\/#\\\/schema\\\/person\\\/f46445640444750d7d753ccd04ae01b7\",\"name\":\"Jeanette\",\"image\":{\"@type\":\"ImageObject\",\"inLanguage\":\"es\",\"@id\":\"https:\\\/\\\/secure.gravatar.com\\\/avatar\\\/3ea2118a5f7dad2b7138b1187a6b7ee55f160b9968b66013c3a3ef39dd7e5798?s=96&d=mm&r=g\",\"url\":\"https:\\\/\\\/secure.gravatar.com\\\/avatar\\\/3ea2118a5f7dad2b7138b1187a6b7ee55f160b9968b66013c3a3ef39dd7e5798?s=96&d=mm&r=g\",\"contentUrl\":\"https:\\\/\\\/secure.gravatar.com\\\/avatar\\\/3ea2118a5f7dad2b7138b1187a6b7ee55f160b9968b66013c3a3ef39dd7e5798?s=96&d=mm&r=g\",\"caption\":\"Jeanette\"},\"sameAs\":[\"https:\\\/\\\/www.eldiario.net\\\/portal\"],\"url\":\"https:\\\/\\\/www.eldiario.net\\\/portal\\\/author\\\/jeanette\\\/\"}]}<\/script>\n<!-- \/ Yoast SEO plugin. -->","yoast_head_json":{"title":"Yango celebra a La Paz impulsando la movilidad y el dinamismo de los pace\u00f1os - El Diario - Bolivia","robots":{"index":"index","follow":"follow","max-snippet":"max-snippet:-1","max-image-preview":"max-image-preview:large","max-video-preview":"max-video-preview:-1"},"canonical":"https:\/\/www.eldiario.net\/portal\/2026\/07\/20\/yango-celebra-a-la-paz-impulsando-la-movilidad-y-el-dinamismo-de-los-pacenos\/","og_locale":"es_ES","og_type":"article","og_title":"Yango celebra a La Paz impulsando la movilidad y el dinamismo de los pace\u00f1os - El Diario - Bolivia","og_description":"La Paz, julio de 2026.- En el marco del aniversario de la ciudad de La Paz, Yango rinde homenaje a una ciudad hist\u00f3rica, diversa y resiliente, reafirmando su compromiso con la movilidad urbana, el desarrollo tecnol\u00f3gico y el dinamismo pace\u00f1o. Desde su llegada al pa\u00eds, la plataforma se ha consolidado como una alternativa de movilidad [&hellip;]","og_url":"https:\/\/www.eldiario.net\/portal\/2026\/07\/20\/yango-celebra-a-la-paz-impulsando-la-movilidad-y-el-dinamismo-de-los-pacenos\/","og_site_name":"El Diario - Bolivia","article_publisher":"https:\/\/www.facebook.com\/eldiario.bolivia\/","article_published_time":"2026-07-20T04:40:49+00:00","og_image":[{"width":720,"height":1280,"url":"https:\/\/www.eldiario.net\/portal\/wp-content\/uploads\/2026\/07\/5-A.webp","type":"image\/webp"}],"author":"Jeanette","twitter_card":"summary_large_image","twitter_creator":"@eldiario_net","twitter_site":"@eldiario_net","twitter_misc":{"Escrito por":"Jeanette","Tiempo de lectura":"3 minutos"},"schema":{"@context":"https:\/\/schema.org","@graph":[{"@type":"Article","@id":"https:\/\/www.eldiario.net\/portal\/2026\/07\/20\/yango-celebra-a-la-paz-impulsando-la-movilidad-y-el-dinamismo-de-los-pacenos\/#article","isPartOf":{"@id":"https:\/\/www.eldiario.net\/portal\/2026\/07\/20\/yango-celebra-a-la-paz-impulsando-la-movilidad-y-el-dinamismo-de-los-pacenos\/"},"author":{"name":"Jeanette","@id":"https:\/\/www.eldiario.net\/portal\/#\/schema\/person\/f46445640444750d7d753ccd04ae01b7"},"headline":"Yango celebra a La Paz impulsando la movilidad y el dinamismo de los pace\u00f1os","datePublished":"2026-07-20T04:40:49+00:00","mainEntityOfPage":{"@id":"https:\/\/www.eldiario.net\/portal\/2026\/07\/20\/yango-celebra-a-la-paz-impulsando-la-movilidad-y-el-dinamismo-de-los-pacenos\/"},"wordCount":483,"publisher":{"@id":"https:\/\/www.eldiario.net\/portal\/#organization"},"image":{"@id":"https:\/\/www.eldiario.net\/portal\/2026\/07\/20\/yango-celebra-a-la-paz-impulsando-la-movilidad-y-el-dinamismo-de-los-pacenos\/#primaryimage"},"thumbnailUrl":"https:\/\/www.eldiario.net\/portal\/wp-content\/uploads\/2026\/07\/5-A.webp","articleSection":["Ciencia y Computaci\u00f3n"],"inLanguage":"es"},{"@type":"WebPage","@id":"https:\/\/www.eldiario.net\/portal\/2026\/07\/20\/yango-celebra-a-la-paz-impulsando-la-movilidad-y-el-dinamismo-de-los-pacenos\/","url":"https:\/\/www.eldiario.net\/portal\/2026\/07\/20\/yango-celebra-a-la-paz-impulsando-la-movilidad-y-el-dinamismo-de-los-pacenos\/","name":"Yango celebra a La Paz impulsando la movilidad y el dinamismo de los pace\u00f1os - El Diario - Bolivia","isPartOf":{"@id":"https:\/\/www.eldiario.net\/portal\/#website"},"primaryImageOfPage":{"@id":"https:\/\/www.eldiario.net\/portal\/2026\/07\/20\/yango-celebra-a-la-paz-impulsando-la-movilidad-y-el-dinamismo-de-los-pacenos\/#primaryimage"},"image":{"@id":"https:\/\/www.eldiario.net\/portal\/2026\/07\/20\/yango-celebra-a-la-paz-impulsando-la-movilidad-y-el-dinamismo-de-los-pacenos\/#primaryimage"},"thumbnailUrl":"https:\/\/www.eldiario.net\/portal\/wp-content\/uploads\/2026\/07\/5-A.webp","datePublished":"2026-07-20T04:40:49+00:00","breadcrumb":{"@id":"https:\/\/www.eldiario.net\/portal\/2026\/07\/20\/yango-celebra-a-la-paz-impulsando-la-movilidad-y-el-dinamismo-de-los-pacenos\/#breadcrumb"},"inLanguage":"es","potentialAction":[{"@type":"ReadAction","target":["https:\/\/www.eldiario.net\/portal\/2026\/07\/20\/yango-celebra-a-la-paz-impulsando-la-movilidad-y-el-dinamismo-de-los-pacenos\/"]}]},{"@type":"ImageObject","inLanguage":"es","@id":"https:\/\/www.eldiario.net\/portal\/2026\/07\/20\/yango-celebra-a-la-paz-impulsando-la-movilidad-y-el-dinamismo-de-los-pacenos\/#primaryimage","url":"https:\/\/www.eldiario.net\/portal\/wp-content\/uploads\/2026\/07\/5-A.webp","contentUrl":"https:\/\/www.eldiario.net\/portal\/wp-content\/uploads\/2026\/07\/5-A.webp","width":720,"height":1280},{"@type":"BreadcrumbList","@id":"https:\/\/www.eldiario.net\/portal\/2026\/07\/20\/yango-celebra-a-la-paz-impulsando-la-movilidad-y-el-dinamismo-de-los-pacenos\/#breadcrumb","itemListElement":[{"@type":"ListItem","position":1,"name":"Portada","item":"https:\/\/www.eldiario.net\/portal\/"},{"@type":"ListItem","position":2,"name":"Yango celebra a La Paz impulsando la movilidad y el dinamismo de los pace\u00f1os"}]},{"@type":"WebSite","@id":"https:\/\/www.eldiario.net\/portal\/#website","url":"https:\/\/www.eldiario.net\/portal\/","name":"El Diario - Decano de la prensa nacional","description":"El Diario - Decano de la prensa nacional","publisher":{"@id":"https:\/\/www.eldiario.net\/portal\/#organization"},"potentialAction":[{"@type":"SearchAction","target":{"@type":"EntryPoint","urlTemplate":"https:\/\/www.eldiario.net\/portal\/?s={search_term_string}"},"query-input":{"@type":"PropertyValueSpecification","valueRequired":true,"valueName":"search_term_string"}}],"inLanguage":"es"},{"@type":"Organization","@id":"https:\/\/www.eldiario.net\/portal\/#organization","name":"El Diario - Decano de la prensa nacional","url":"https:\/\/www.eldiario.net\/portal\/","logo":{"@type":"ImageObject","inLanguage":"es","@id":"https:\/\/www.eldiario.net\/portal\/#\/schema\/logo\/image\/","url":"https:\/\/www.eldiario.net\/portal\/wp-content\/uploads\/2023\/07\/logo_ED.jpg","contentUrl":"https:\/\/www.eldiario.net\/portal\/wp-content\/uploads\/2023\/07\/logo_ED.jpg","width":272,"height":52,"caption":"El Diario - Decano de la prensa nacional"},"image":{"@id":"https:\/\/www.eldiario.net\/portal\/#\/schema\/logo\/image\/"},"sameAs":["https:\/\/www.facebook.com\/eldiario.bolivia\/","https:\/\/x.com\/eldiario_net"]},{"@type":"Person","@id":"https:\/\/www.eldiario.net\/portal\/#\/schema\/person\/f46445640444750d7d753ccd04ae01b7","name":"Jeanette","image":{"@type":"ImageObject","inLanguage":"es","@id":"https:\/\/secure.gravatar.com\/avatar\/3ea2118a5f7dad2b7138b1187a6b7ee55f160b9968b66013c3a3ef39dd7e5798?s=96&d=mm&r=g","url":"https:\/\/secure.gravatar.com\/avatar\/3ea2118a5f7dad2b7138b1187a6b7ee55f160b9968b66013c3a3ef39dd7e5798?s=96&d=mm&r=g","contentUrl":"https:\/\/secure.gravatar.com\/avatar\/3ea2118a5f7dad2b7138b1187a6b7ee55f160b9968b66013c3a3ef39dd7e5798?s=96&d=mm&r=g","caption":"Jeanette"},"sameAs":["https:\/\/www.eldiario.net\/portal"],"url":"https:\/\/www.eldiario.net\/portal\/author\/jeanette\/"}]}},"_links":{"self":[{"href":"https:\/\/www.eldiario.net\/portal\/wp-json\/wp\/v2\/posts\/413980","targetHints":{"allow":["GET"]}}],"collection":[{"href":"https:\/\/www.eldiario.net\/portal\/wp-json\/wp\/v2\/posts"}],"about":[{"href":"https:\/\/www.eldiario.net\/portal\/wp-json\/wp\/v2\/types\/post"}],"author":[{"embeddable":true,"href":"https:\/\/www.eldiario.net\/portal\/wp-json\/wp\/v2\/users\/1"}],"replies":[{"embeddable":true,"href":"https:\/\/www.eldiario.net\/portal\/wp-json\/wp\/v2\/comments?post=413980"}],"version-history":[{"count":1,"href":"https:\/\/www.eldiario.net\/portal\/wp-json\/wp\/v2\/posts\/413980\/revisions"}],"predecessor-version":[{"id":413982,"href":"https:\/\/www.eldiario.net\/portal\/wp-json\/wp\/v2\/posts\/413980\/revisions\/413982"}],"wp:featuredmedia":[{"embeddable":true,"href":"https:\/\/www.eldiario.net\/portal\/wp-json\/wp\/v2\/media\/413981"}],"wp:attachment":[{"href":"https:\/\/www.eldiario.net\/portal\/wp-json\/wp\/v2\/media?parent=413980"}],"wp:term":[{"taxonomy":"category","embeddable":true,"href":"https:\/\/www.eldiario.net\/portal\/wp-json\/wp\/v2\/categories?post=413980"},{"taxonomy":"post_tag","embeddable":true,"href":"https:\/\/www.eldiario.net\/portal\/wp-json\/wp\/v2\/tags?post=413980"}],"curies":[{"name":"wp","href":"https:\/\/api.w.org\/{rel}","templated":true}]}}