{"id":413959,"date":"2026-07-19T08:14:51","date_gmt":"2026-07-19T12:14:51","guid":{"rendered":"https:\/\/www.eldiario.net\/portal\/?p=413959"},"modified":"2026-07-19T08:14:51","modified_gmt":"2026-07-19T12:14:51","slug":"crisis-de-boa-impulsa-necesidad-de-reformar-el-sistema-aeronautico","status":"publish","type":"post","link":"https:\/\/www.eldiario.net\/portal\/2026\/07\/19\/crisis-de-boa-impulsa-necesidad-de-reformar-el-sistema-aeronautico\/","title":{"rendered":"Crisis de BOA impulsa necesidad de reformar el sistema aeron\u00e1utico"},"content":{"rendered":"<p class=\"isselectedend\">La situaci\u00f3n de la aerol\u00ednea estatal Boliviana de Aviaci\u00f3n (BOA) vuelve a estar en el centro del debate p\u00fablico, luego de que el senador Abd\u00f3n Porcel Arancibia, de LIBRE, advirtiera sobre los problemas estructurales que arrastra el sector aeron\u00e1utico en el pa\u00eds y planteara la necesidad de una reforma integral que permita mejorar su funcionamiento y competitividad.<\/p>\n<p class=\"isselectedend\">En una entrevista de ECONOM\u00cdA Y EMPRESA difundida por el canal Youtube EDI TV BOLIVIA, el legislador se\u00f1al\u00f3 que BOA enfrenta una crisis que no es coyuntural, sino el resultado de a\u00f1os de deficiente gesti\u00f3n, falta de planificaci\u00f3n estrat\u00e9gica y una excesiva intervenci\u00f3n del Estado.<\/p>\n<p class=\"isselectedend\">Seg\u00fan explic\u00f3, estos factores han derivado en un servicio que no logra satisfacer plenamente las demandas de los usuarios, adem\u00e1s de generar limitaciones en la conectividad a\u00e9rea nacional e internacional.<\/p>\n<p class=\"isselectedend\">Uno de los principales cuestionamientos de Porcel apunta al rol del Ministerio de Obras P\u00fablicas, instituci\u00f3n que \u2014seg\u00fan afirm\u00f3\u2014 act\u00faa simult\u00e1neamente como regulador del sector y como actor con influencia directa en la aerol\u00ednea estatal; tal dualidad, en su criterio, genera un evidente conflicto de intereses que impide una supervisi\u00f3n objetiva y transparente del desempe\u00f1o de BOA.<\/p>\n<p class=\"isselectedend\">\u201cEl problema no es solamente la empresa, sino el modelo bajo el cual est\u00e1 operando todo el sistema aeron\u00e1utico\u201d, sostuvo el senador, al tiempo de remarcar que el monopolio estatal en el transporte a\u00e9reo limita la competencia y reduce los incentivos para mejorar la calidad del servicio. En ese sentido, advirti\u00f3 que la ausencia de otras aerol\u00edneas fuertes en el mercado boliviano afecta tanto a los precios como a la eficiencia operativa.<\/p>\n<p class=\"isselectedend\">Frente a este panorama, Porcel plante\u00f3 la necesidad de una reestructuraci\u00f3n profunda que incluya la actualizaci\u00f3n de la normativa aeron\u00e1utica, la apertura a la inversi\u00f3n privada y la creaci\u00f3n de condiciones m\u00e1s equitativas para todos los actores del sector. A su juicio, una mayor participaci\u00f3n privada permitir\u00eda dinamizar el mercado, fomentar la competencia y elevar los est\u00e1ndares de calidad en beneficio de los pasajeros.<\/p>\n<p class=\"isselectedend\">Asimismo, el legislador destac\u00f3 que la modernizaci\u00f3n del sistema aeron\u00e1utico es clave para el desarrollo econ\u00f3mico del pa\u00eds, ya que una mejor conectividad a\u00e9rea facilita el comercio, el turismo y la integraci\u00f3n regional. \u201cNo se puede pensar en crecimiento econ\u00f3mico sin un sistema de transporte eficiente\u201d, afirm\u00f3, subrayando que Bolivia necesita alinearse con las tendencias internacionales en materia de aviaci\u00f3n.<\/p>\n<p class=\"isselectedend\">Otro aspecto relevante mencionado en la entrevista es la necesidad de priorizar criterios t\u00e9cnicos en la toma de decisiones, dejando de lado consideraciones pol\u00edticas que, seg\u00fan dijo, han influido negativamente en la gesti\u00f3n del sector. En ese marco, propuso la conformaci\u00f3n de espacios de di\u00e1logo que incluyan a expertos, empresarios y autoridades, con el objetivo de dise\u00f1ar pol\u00edticas p\u00fablicas sostenibles y de largo plazo.<\/p>\n<p class=\"isselectedend\">Porcel hizo un llamado a las autoridades nacionales a encarar con seriedad el debate sobre el futuro de la aviaci\u00f3n en Bolivia, advirtiendo que postergar las reformas solo profundizar\u00e1 los problemas existentes. \u201cEs momento de tomar decisiones estructurales que garanticen un servicio eficiente, seguro y competitivo para todos los bolivianos\u201d, concluy\u00f3.<\/p>\n<p class=\"isselectedend\">El senador anunci\u00f3 que en pr\u00f3ximos d\u00edas presentar\u00e1 un proyecto de ley de \u201ccielos abiertos\u201d con el objeto de generar competencia en la aeron\u00e1utica boliviana y que ya no sea BOA un monopolio ineficiente que afecta a los bolivianos y brinda una mala imagen del pa\u00eds.<\/p>\n<p>El planteamiento del senador se suma a una creciente preocupaci\u00f3n en distintos sectores sobre el rumbo de BOA y del sistema aeron\u00e1utico en general, en un contexto en el que la eficiencia, la transparencia y la competitividad se han convertido en elementos clave para el desarrollo del transporte a\u00e9reo a nivel global.<\/p>\n<figure id=\"attachment_413961\" aria-describedby=\"caption-attachment-413961\" style=\"width: 516px\" class=\"wp-caption aligncenter\"><img loading=\"lazy\" decoding=\"async\" class=\"size-full wp-image-413961\" src=\"https:\/\/www.eldiario.net\/portal\/wp-content\/uploads\/2026\/07\/Foto-Abdon.webp\" alt=\"\" width=\"516\" height=\"387\" srcset=\"https:\/\/www.eldiario.net\/portal\/wp-content\/uploads\/2026\/07\/Foto-Abdon.webp 516w, https:\/\/www.eldiario.net\/portal\/wp-content\/uploads\/2026\/07\/Foto-Abdon-300x225.webp 300w, https:\/\/www.eldiario.net\/portal\/wp-content\/uploads\/2026\/07\/Foto-Abdon-80x60.webp 80w, https:\/\/www.eldiario.net\/portal\/wp-content\/uploads\/2026\/07\/Foto-Abdon-150x113.webp 150w\" sizes=\"auto, (max-width: 516px) 100vw, 516px\" \/><figcaption id=\"caption-attachment-413961\" class=\"wp-caption-text\">El Senador Abd\u00f3n P\u00f3rcel, de LIBRE, tiene experiencia en el \u00e1rea<\/figcaption><\/figure>\n","protected":false},"excerpt":{"rendered":"<p>La situaci\u00f3n de la aerol\u00ednea estatal Boliviana de Aviaci\u00f3n (BOA) vuelve a estar en el centro del debate p\u00fablico, luego de que el senador Abd\u00f3n Porcel Arancibia, de LIBRE, advirtiera sobre los problemas estructurales que arrastra el sector aeron\u00e1utico en el pa\u00eds y planteara la necesidad de una reforma integral que permita mejorar su funcionamiento [&hellip;]<\/p>\n","protected":false},"author":1,"featured_media":413960,"comment_status":"closed","ping_status":"open","sticky":false,"template":"","format":"standard","meta":{"_acf_changed":false,"footnotes":""},"categories":[7],"tags":[],"class_list":["post-413959","post","type-post","status-publish","format-standard","has-post-thumbnail","category-economia"],"acf":{"antetitulo":""},"yoast_head":"<!-- This site is optimized with the Yoast SEO plugin v28.4 - https:\/\/yoast.com\/product\/yoast-seo-wordpress\/ -->\n<title>Crisis de BOA impulsa necesidad de reformar el sistema aeron\u00e1utico - El Diario - Bolivia<\/title>\n<meta name=\"robots\" content=\"index, follow, max-snippet:-1, max-image-preview:large, max-video-preview:-1\" \/>\n<link rel=\"canonical\" href=\"https:\/\/www.eldiario.net\/portal\/2026\/07\/19\/crisis-de-boa-impulsa-necesidad-de-reformar-el-sistema-aeronautico\/\" \/>\n<meta property=\"og:locale\" content=\"es_ES\" \/>\n<meta property=\"og:type\" content=\"article\" \/>\n<meta property=\"og:title\" content=\"Crisis de BOA impulsa necesidad de reformar el sistema aeron\u00e1utico - El Diario - Bolivia\" \/>\n<meta property=\"og:description\" content=\"La situaci\u00f3n de la aerol\u00ednea estatal Boliviana de Aviaci\u00f3n (BOA) vuelve a estar en el centro del debate p\u00fablico, luego de que el senador Abd\u00f3n Porcel Arancibia, de LIBRE, advirtiera sobre los problemas estructurales que arrastra el sector aeron\u00e1utico en el pa\u00eds y planteara la necesidad de una reforma integral que permita mejorar su funcionamiento [&hellip;]\" \/>\n<meta property=\"og:url\" content=\"https:\/\/www.eldiario.net\/portal\/2026\/07\/19\/crisis-de-boa-impulsa-necesidad-de-reformar-el-sistema-aeronautico\/\" \/>\n<meta property=\"og:site_name\" content=\"El Diario - Bolivia\" \/>\n<meta property=\"article:publisher\" content=\"https:\/\/www.facebook.com\/eldiario.bolivia\/\" \/>\n<meta property=\"article:published_time\" content=\"2026-07-19T12:14:51+00:00\" \/>\n<meta property=\"og:image\" content=\"https:\/\/www.eldiario.net\/portal\/wp-content\/uploads\/2026\/07\/Foto-BOA.webp\" \/>\n\t<meta property=\"og:image:width\" content=\"639\" \/>\n\t<meta property=\"og:image:height\" content=\"480\" \/>\n\t<meta property=\"og:image:type\" content=\"image\/webp\" \/>\n<meta name=\"author\" content=\"Jeanette\" \/>\n<meta name=\"twitter:card\" content=\"summary_large_image\" \/>\n<meta name=\"twitter:creator\" content=\"@eldiario_net\" \/>\n<meta name=\"twitter:site\" content=\"@eldiario_net\" \/>\n<meta name=\"twitter:label1\" content=\"Escrito por\" \/>\n\t<meta name=\"twitter:data1\" content=\"Jeanette\" \/>\n\t<meta name=\"twitter:label2\" content=\"Tiempo de lectura\" \/>\n\t<meta name=\"twitter:data2\" content=\"4 minutos\" \/>\n<script type=\"application\/ld+json\" class=\"yoast-schema-graph\">{\"@context\":\"https:\\\/\\\/schema.org\",\"@graph\":[{\"@type\":\"Article\",\"@id\":\"https:\\\/\\\/www.eldiario.net\\\/portal\\\/2026\\\/07\\\/19\\\/crisis-de-boa-impulsa-necesidad-de-reformar-el-sistema-aeronautico\\\/#article\",\"isPartOf\":{\"@id\":\"https:\\\/\\\/www.eldiario.net\\\/portal\\\/2026\\\/07\\\/19\\\/crisis-de-boa-impulsa-necesidad-de-reformar-el-sistema-aeronautico\\\/\"},\"author\":{\"name\":\"Jeanette\",\"@id\":\"https:\\\/\\\/www.eldiario.net\\\/portal\\\/#\\\/schema\\\/person\\\/f46445640444750d7d753ccd04ae01b7\"},\"headline\":\"Crisis de BOA impulsa necesidad de reformar el sistema aeron\u00e1utico\",\"datePublished\":\"2026-07-19T12:14:51+00:00\",\"mainEntityOfPage\":{\"@id\":\"https:\\\/\\\/www.eldiario.net\\\/portal\\\/2026\\\/07\\\/19\\\/crisis-de-boa-impulsa-necesidad-de-reformar-el-sistema-aeronautico\\\/\"},\"wordCount\":691,\"publisher\":{\"@id\":\"https:\\\/\\\/www.eldiario.net\\\/portal\\\/#organization\"},\"image\":{\"@id\":\"https:\\\/\\\/www.eldiario.net\\\/portal\\\/2026\\\/07\\\/19\\\/crisis-de-boa-impulsa-necesidad-de-reformar-el-sistema-aeronautico\\\/#primaryimage\"},\"thumbnailUrl\":\"https:\\\/\\\/www.eldiario.net\\\/portal\\\/wp-content\\\/uploads\\\/2026\\\/07\\\/Foto-BOA.webp\",\"articleSection\":[\"Econom\u00eda\"],\"inLanguage\":\"es\"},{\"@type\":\"WebPage\",\"@id\":\"https:\\\/\\\/www.eldiario.net\\\/portal\\\/2026\\\/07\\\/19\\\/crisis-de-boa-impulsa-necesidad-de-reformar-el-sistema-aeronautico\\\/\",\"url\":\"https:\\\/\\\/www.eldiario.net\\\/portal\\\/2026\\\/07\\\/19\\\/crisis-de-boa-impulsa-necesidad-de-reformar-el-sistema-aeronautico\\\/\",\"name\":\"Crisis de BOA impulsa necesidad de reformar el sistema aeron\u00e1utico - El Diario - Bolivia\",\"isPartOf\":{\"@id\":\"https:\\\/\\\/www.eldiario.net\\\/portal\\\/#website\"},\"primaryImageOfPage\":{\"@id\":\"https:\\\/\\\/www.eldiario.net\\\/portal\\\/2026\\\/07\\\/19\\\/crisis-de-boa-impulsa-necesidad-de-reformar-el-sistema-aeronautico\\\/#primaryimage\"},\"image\":{\"@id\":\"https:\\\/\\\/www.eldiario.net\\\/portal\\\/2026\\\/07\\\/19\\\/crisis-de-boa-impulsa-necesidad-de-reformar-el-sistema-aeronautico\\\/#primaryimage\"},\"thumbnailUrl\":\"https:\\\/\\\/www.eldiario.net\\\/portal\\\/wp-content\\\/uploads\\\/2026\\\/07\\\/Foto-BOA.webp\",\"datePublished\":\"2026-07-19T12:14:51+00:00\",\"breadcrumb\":{\"@id\":\"https:\\\/\\\/www.eldiario.net\\\/portal\\\/2026\\\/07\\\/19\\\/crisis-de-boa-impulsa-necesidad-de-reformar-el-sistema-aeronautico\\\/#breadcrumb\"},\"inLanguage\":\"es\",\"potentialAction\":[{\"@type\":\"ReadAction\",\"target\":[\"https:\\\/\\\/www.eldiario.net\\\/portal\\\/2026\\\/07\\\/19\\\/crisis-de-boa-impulsa-necesidad-de-reformar-el-sistema-aeronautico\\\/\"]}]},{\"@type\":\"ImageObject\",\"inLanguage\":\"es\",\"@id\":\"https:\\\/\\\/www.eldiario.net\\\/portal\\\/2026\\\/07\\\/19\\\/crisis-de-boa-impulsa-necesidad-de-reformar-el-sistema-aeronautico\\\/#primaryimage\",\"url\":\"https:\\\/\\\/www.eldiario.net\\\/portal\\\/wp-content\\\/uploads\\\/2026\\\/07\\\/Foto-BOA.webp\",\"contentUrl\":\"https:\\\/\\\/www.eldiario.net\\\/portal\\\/wp-content\\\/uploads\\\/2026\\\/07\\\/Foto-BOA.webp\",\"width\":639,\"height\":480},{\"@type\":\"BreadcrumbList\",\"@id\":\"https:\\\/\\\/www.eldiario.net\\\/portal\\\/2026\\\/07\\\/19\\\/crisis-de-boa-impulsa-necesidad-de-reformar-el-sistema-aeronautico\\\/#breadcrumb\",\"itemListElement\":[{\"@type\":\"ListItem\",\"position\":1,\"name\":\"Portada\",\"item\":\"https:\\\/\\\/www.eldiario.net\\\/portal\\\/\"},{\"@type\":\"ListItem\",\"position\":2,\"name\":\"Crisis de BOA impulsa necesidad de reformar el sistema aeron\u00e1utico\"}]},{\"@type\":\"WebSite\",\"@id\":\"https:\\\/\\\/www.eldiario.net\\\/portal\\\/#website\",\"url\":\"https:\\\/\\\/www.eldiario.net\\\/portal\\\/\",\"name\":\"El Diario - Decano de la prensa nacional\",\"description\":\"El Diario - Decano de la prensa nacional\",\"publisher\":{\"@id\":\"https:\\\/\\\/www.eldiario.net\\\/portal\\\/#organization\"},\"potentialAction\":[{\"@type\":\"SearchAction\",\"target\":{\"@type\":\"EntryPoint\",\"urlTemplate\":\"https:\\\/\\\/www.eldiario.net\\\/portal\\\/?s={search_term_string}\"},\"query-input\":{\"@type\":\"PropertyValueSpecification\",\"valueRequired\":true,\"valueName\":\"search_term_string\"}}],\"inLanguage\":\"es\"},{\"@type\":\"Organization\",\"@id\":\"https:\\\/\\\/www.eldiario.net\\\/portal\\\/#organization\",\"name\":\"El Diario - Decano de la prensa nacional\",\"url\":\"https:\\\/\\\/www.eldiario.net\\\/portal\\\/\",\"logo\":{\"@type\":\"ImageObject\",\"inLanguage\":\"es\",\"@id\":\"https:\\\/\\\/www.eldiario.net\\\/portal\\\/#\\\/schema\\\/logo\\\/image\\\/\",\"url\":\"https:\\\/\\\/www.eldiario.net\\\/portal\\\/wp-content\\\/uploads\\\/2023\\\/07\\\/logo_ED.jpg\",\"contentUrl\":\"https:\\\/\\\/www.eldiario.net\\\/portal\\\/wp-content\\\/uploads\\\/2023\\\/07\\\/logo_ED.jpg\",\"width\":272,\"height\":52,\"caption\":\"El Diario - Decano de la prensa nacional\"},\"image\":{\"@id\":\"https:\\\/\\\/www.eldiario.net\\\/portal\\\/#\\\/schema\\\/logo\\\/image\\\/\"},\"sameAs\":[\"https:\\\/\\\/www.facebook.com\\\/eldiario.bolivia\\\/\",\"https:\\\/\\\/x.com\\\/eldiario_net\"]},{\"@type\":\"Person\",\"@id\":\"https:\\\/\\\/www.eldiario.net\\\/portal\\\/#\\\/schema\\\/person\\\/f46445640444750d7d753ccd04ae01b7\",\"name\":\"Jeanette\",\"image\":{\"@type\":\"ImageObject\",\"inLanguage\":\"es\",\"@id\":\"https:\\\/\\\/secure.gravatar.com\\\/avatar\\\/3ea2118a5f7dad2b7138b1187a6b7ee55f160b9968b66013c3a3ef39dd7e5798?s=96&d=mm&r=g\",\"url\":\"https:\\\/\\\/secure.gravatar.com\\\/avatar\\\/3ea2118a5f7dad2b7138b1187a6b7ee55f160b9968b66013c3a3ef39dd7e5798?s=96&d=mm&r=g\",\"contentUrl\":\"https:\\\/\\\/secure.gravatar.com\\\/avatar\\\/3ea2118a5f7dad2b7138b1187a6b7ee55f160b9968b66013c3a3ef39dd7e5798?s=96&d=mm&r=g\",\"caption\":\"Jeanette\"},\"sameAs\":[\"https:\\\/\\\/www.eldiario.net\\\/portal\"],\"url\":\"https:\\\/\\\/www.eldiario.net\\\/portal\\\/author\\\/jeanette\\\/\"}]}<\/script>\n<!-- \/ Yoast SEO plugin. -->","yoast_head_json":{"title":"Crisis de BOA impulsa necesidad de reformar el sistema aeron\u00e1utico - El Diario - Bolivia","robots":{"index":"index","follow":"follow","max-snippet":"max-snippet:-1","max-image-preview":"max-image-preview:large","max-video-preview":"max-video-preview:-1"},"canonical":"https:\/\/www.eldiario.net\/portal\/2026\/07\/19\/crisis-de-boa-impulsa-necesidad-de-reformar-el-sistema-aeronautico\/","og_locale":"es_ES","og_type":"article","og_title":"Crisis de BOA impulsa necesidad de reformar el sistema aeron\u00e1utico - El Diario - Bolivia","og_description":"La situaci\u00f3n de la aerol\u00ednea estatal Boliviana de Aviaci\u00f3n (BOA) vuelve a estar en el centro del debate p\u00fablico, luego de que el senador Abd\u00f3n Porcel Arancibia, de LIBRE, advirtiera sobre los problemas estructurales que arrastra el sector aeron\u00e1utico en el pa\u00eds y planteara la necesidad de una reforma integral que permita mejorar su funcionamiento [&hellip;]","og_url":"https:\/\/www.eldiario.net\/portal\/2026\/07\/19\/crisis-de-boa-impulsa-necesidad-de-reformar-el-sistema-aeronautico\/","og_site_name":"El Diario - Bolivia","article_publisher":"https:\/\/www.facebook.com\/eldiario.bolivia\/","article_published_time":"2026-07-19T12:14:51+00:00","og_image":[{"width":639,"height":480,"url":"https:\/\/www.eldiario.net\/portal\/wp-content\/uploads\/2026\/07\/Foto-BOA.webp","type":"image\/webp"}],"author":"Jeanette","twitter_card":"summary_large_image","twitter_creator":"@eldiario_net","twitter_site":"@eldiario_net","twitter_misc":{"Escrito por":"Jeanette","Tiempo de lectura":"4 minutos"},"schema":{"@context":"https:\/\/schema.org","@graph":[{"@type":"Article","@id":"https:\/\/www.eldiario.net\/portal\/2026\/07\/19\/crisis-de-boa-impulsa-necesidad-de-reformar-el-sistema-aeronautico\/#article","isPartOf":{"@id":"https:\/\/www.eldiario.net\/portal\/2026\/07\/19\/crisis-de-boa-impulsa-necesidad-de-reformar-el-sistema-aeronautico\/"},"author":{"name":"Jeanette","@id":"https:\/\/www.eldiario.net\/portal\/#\/schema\/person\/f46445640444750d7d753ccd04ae01b7"},"headline":"Crisis de BOA impulsa necesidad de reformar el sistema aeron\u00e1utico","datePublished":"2026-07-19T12:14:51+00:00","mainEntityOfPage":{"@id":"https:\/\/www.eldiario.net\/portal\/2026\/07\/19\/crisis-de-boa-impulsa-necesidad-de-reformar-el-sistema-aeronautico\/"},"wordCount":691,"publisher":{"@id":"https:\/\/www.eldiario.net\/portal\/#organization"},"image":{"@id":"https:\/\/www.eldiario.net\/portal\/2026\/07\/19\/crisis-de-boa-impulsa-necesidad-de-reformar-el-sistema-aeronautico\/#primaryimage"},"thumbnailUrl":"https:\/\/www.eldiario.net\/portal\/wp-content\/uploads\/2026\/07\/Foto-BOA.webp","articleSection":["Econom\u00eda"],"inLanguage":"es"},{"@type":"WebPage","@id":"https:\/\/www.eldiario.net\/portal\/2026\/07\/19\/crisis-de-boa-impulsa-necesidad-de-reformar-el-sistema-aeronautico\/","url":"https:\/\/www.eldiario.net\/portal\/2026\/07\/19\/crisis-de-boa-impulsa-necesidad-de-reformar-el-sistema-aeronautico\/","name":"Crisis de BOA impulsa necesidad de reformar el sistema aeron\u00e1utico - El Diario - Bolivia","isPartOf":{"@id":"https:\/\/www.eldiario.net\/portal\/#website"},"primaryImageOfPage":{"@id":"https:\/\/www.eldiario.net\/portal\/2026\/07\/19\/crisis-de-boa-impulsa-necesidad-de-reformar-el-sistema-aeronautico\/#primaryimage"},"image":{"@id":"https:\/\/www.eldiario.net\/portal\/2026\/07\/19\/crisis-de-boa-impulsa-necesidad-de-reformar-el-sistema-aeronautico\/#primaryimage"},"thumbnailUrl":"https:\/\/www.eldiario.net\/portal\/wp-content\/uploads\/2026\/07\/Foto-BOA.webp","datePublished":"2026-07-19T12:14:51+00:00","breadcrumb":{"@id":"https:\/\/www.eldiario.net\/portal\/2026\/07\/19\/crisis-de-boa-impulsa-necesidad-de-reformar-el-sistema-aeronautico\/#breadcrumb"},"inLanguage":"es","potentialAction":[{"@type":"ReadAction","target":["https:\/\/www.eldiario.net\/portal\/2026\/07\/19\/crisis-de-boa-impulsa-necesidad-de-reformar-el-sistema-aeronautico\/"]}]},{"@type":"ImageObject","inLanguage":"es","@id":"https:\/\/www.eldiario.net\/portal\/2026\/07\/19\/crisis-de-boa-impulsa-necesidad-de-reformar-el-sistema-aeronautico\/#primaryimage","url":"https:\/\/www.eldiario.net\/portal\/wp-content\/uploads\/2026\/07\/Foto-BOA.webp","contentUrl":"https:\/\/www.eldiario.net\/portal\/wp-content\/uploads\/2026\/07\/Foto-BOA.webp","width":639,"height":480},{"@type":"BreadcrumbList","@id":"https:\/\/www.eldiario.net\/portal\/2026\/07\/19\/crisis-de-boa-impulsa-necesidad-de-reformar-el-sistema-aeronautico\/#breadcrumb","itemListElement":[{"@type":"ListItem","position":1,"name":"Portada","item":"https:\/\/www.eldiario.net\/portal\/"},{"@type":"ListItem","position":2,"name":"Crisis de BOA impulsa necesidad de reformar el sistema aeron\u00e1utico"}]},{"@type":"WebSite","@id":"https:\/\/www.eldiario.net\/portal\/#website","url":"https:\/\/www.eldiario.net\/portal\/","name":"El Diario - Decano de la prensa nacional","description":"El Diario - Decano de la prensa nacional","publisher":{"@id":"https:\/\/www.eldiario.net\/portal\/#organization"},"potentialAction":[{"@type":"SearchAction","target":{"@type":"EntryPoint","urlTemplate":"https:\/\/www.eldiario.net\/portal\/?s={search_term_string}"},"query-input":{"@type":"PropertyValueSpecification","valueRequired":true,"valueName":"search_term_string"}}],"inLanguage":"es"},{"@type":"Organization","@id":"https:\/\/www.eldiario.net\/portal\/#organization","name":"El Diario - Decano de la prensa nacional","url":"https:\/\/www.eldiario.net\/portal\/","logo":{"@type":"ImageObject","inLanguage":"es","@id":"https:\/\/www.eldiario.net\/portal\/#\/schema\/logo\/image\/","url":"https:\/\/www.eldiario.net\/portal\/wp-content\/uploads\/2023\/07\/logo_ED.jpg","contentUrl":"https:\/\/www.eldiario.net\/portal\/wp-content\/uploads\/2023\/07\/logo_ED.jpg","width":272,"height":52,"caption":"El Diario - Decano de la prensa nacional"},"image":{"@id":"https:\/\/www.eldiario.net\/portal\/#\/schema\/logo\/image\/"},"sameAs":["https:\/\/www.facebook.com\/eldiario.bolivia\/","https:\/\/x.com\/eldiario_net"]},{"@type":"Person","@id":"https:\/\/www.eldiario.net\/portal\/#\/schema\/person\/f46445640444750d7d753ccd04ae01b7","name":"Jeanette","image":{"@type":"ImageObject","inLanguage":"es","@id":"https:\/\/secure.gravatar.com\/avatar\/3ea2118a5f7dad2b7138b1187a6b7ee55f160b9968b66013c3a3ef39dd7e5798?s=96&d=mm&r=g","url":"https:\/\/secure.gravatar.com\/avatar\/3ea2118a5f7dad2b7138b1187a6b7ee55f160b9968b66013c3a3ef39dd7e5798?s=96&d=mm&r=g","contentUrl":"https:\/\/secure.gravatar.com\/avatar\/3ea2118a5f7dad2b7138b1187a6b7ee55f160b9968b66013c3a3ef39dd7e5798?s=96&d=mm&r=g","caption":"Jeanette"},"sameAs":["https:\/\/www.eldiario.net\/portal"],"url":"https:\/\/www.eldiario.net\/portal\/author\/jeanette\/"}]}},"_links":{"self":[{"href":"https:\/\/www.eldiario.net\/portal\/wp-json\/wp\/v2\/posts\/413959","targetHints":{"allow":["GET"]}}],"collection":[{"href":"https:\/\/www.eldiario.net\/portal\/wp-json\/wp\/v2\/posts"}],"about":[{"href":"https:\/\/www.eldiario.net\/portal\/wp-json\/wp\/v2\/types\/post"}],"author":[{"embeddable":true,"href":"https:\/\/www.eldiario.net\/portal\/wp-json\/wp\/v2\/users\/1"}],"replies":[{"embeddable":true,"href":"https:\/\/www.eldiario.net\/portal\/wp-json\/wp\/v2\/comments?post=413959"}],"version-history":[{"count":1,"href":"https:\/\/www.eldiario.net\/portal\/wp-json\/wp\/v2\/posts\/413959\/revisions"}],"predecessor-version":[{"id":413962,"href":"https:\/\/www.eldiario.net\/portal\/wp-json\/wp\/v2\/posts\/413959\/revisions\/413962"}],"wp:featuredmedia":[{"embeddable":true,"href":"https:\/\/www.eldiario.net\/portal\/wp-json\/wp\/v2\/media\/413960"}],"wp:attachment":[{"href":"https:\/\/www.eldiario.net\/portal\/wp-json\/wp\/v2\/media?parent=413959"}],"wp:term":[{"taxonomy":"category","embeddable":true,"href":"https:\/\/www.eldiario.net\/portal\/wp-json\/wp\/v2\/categories?post=413959"},{"taxonomy":"post_tag","embeddable":true,"href":"https:\/\/www.eldiario.net\/portal\/wp-json\/wp\/v2\/tags?post=413959"}],"curies":[{"name":"wp","href":"https:\/\/api.w.org\/{rel}","templated":true}]}}