{"id":413956,"date":"2026-07-19T08:12:00","date_gmt":"2026-07-19T12:12:00","guid":{"rendered":"https:\/\/www.eldiario.net\/portal\/?p=413956"},"modified":"2026-07-19T08:12:00","modified_gmt":"2026-07-19T12:12:00","slug":"que-es-la-enfermedad-de-fields","status":"publish","type":"post","link":"https:\/\/www.eldiario.net\/portal\/2026\/07\/19\/que-es-la-enfermedad-de-fields\/","title":{"rendered":"\u00bfQUE ES LA ENFERMEDAD DE FIELDS?"},"content":{"rendered":"<p>Lic. Lupe Fern\u00e1ndez &#8211; Lic. Enfermer\u00eda U.M.S.A.<\/p>\n<p>El s\u00edndrome de Fields es un trastorn\u00f3 raro neurol\u00f3gico \u00a0\u00a0una alteraci\u00f3n en la coordinaci\u00f3n afectando a la funci\u00f3n muscular una degeneraci\u00f3n progresiva de las capacidades motoras presentando movimientos involuntarios llegando a una p\u00e9rdida de la movilidad \u00a0\u00a0pudiendo provocar ca\u00eddas, accidentes, quemaduras, fracturas, requieren el uso de sillas de ruedas \u00a0\u00a0ocacionando el \u00e1mbito laboral, social estr\u00e9s y depresi\u00f3n al que padece las personas se encuentran lucidas. No existe cura ni tratamiento espec\u00edfico para este s\u00edndrome, pero se da apoya con manejo de fisioterapia, se cree que es provocada por mutaciones sin embargo este s\u00edndrome contin\u00faa en estudio en la actualidad.<\/p>\n<p><strong>SINTOMAS DEL SINDROME DE FIELDS <\/strong><\/p>\n<p>Ansiedad<\/p>\n<p>Depresi\u00f3n<\/p>\n<p>Debilidad muscular<\/p>\n<p>Afecta la respiraci\u00f3n (algunos casos)<\/p>\n<p>Sensaci\u00f3n de ca\u00edda<\/p>\n<p>Inestabilidad al movimiento<\/p>\n<p>Aumento del volumen de los miembros inferiores<\/p>\n<p>Rigidez muscular<\/p>\n<p>Por la importancia de este s\u00edndrome raro es necesario acudir a un centro Hospitalario para su manejo<\/p>\n<p><strong>\u201cVALORA Y APRECIA TU SALUD TODOS LOS D\u00cdAS \u201c<\/strong><\/p>\n<p>Foto: Wikipedia<\/p>\n<p><strong>\u00a0<\/strong><\/p>\n","protected":false},"excerpt":{"rendered":"<p>Lic. Lupe Fern\u00e1ndez &#8211; Lic. Enfermer\u00eda U.M.S.A. El s\u00edndrome de Fields es un trastorn\u00f3 raro neurol\u00f3gico \u00a0\u00a0una alteraci\u00f3n en la coordinaci\u00f3n afectando a la funci\u00f3n muscular una degeneraci\u00f3n progresiva de las capacidades motoras presentando movimientos involuntarios llegando a una p\u00e9rdida de la movilidad \u00a0\u00a0pudiendo provocar ca\u00eddas, accidentes, quemaduras, fracturas, requieren el uso de sillas de [&hellip;]<\/p>\n","protected":false},"author":1,"featured_media":413957,"comment_status":"closed","ping_status":"open","sticky":false,"template":"","format":"standard","meta":{"_acf_changed":false,"footnotes":""},"categories":[52],"tags":[],"class_list":["post-413956","post","type-post","status-publish","format-standard","has-post-thumbnail","category-de-salud-mas-vida"],"acf":{"antetitulo":""},"yoast_head":"<!-- This site is optimized with the Yoast SEO plugin v28.4 - https:\/\/yoast.com\/product\/yoast-seo-wordpress\/ -->\n<title>\u00bfQUE ES LA ENFERMEDAD DE FIELDS? - El Diario - Bolivia<\/title>\n<meta name=\"robots\" content=\"index, follow, max-snippet:-1, max-image-preview:large, max-video-preview:-1\" \/>\n<link rel=\"canonical\" href=\"https:\/\/www.eldiario.net\/portal\/2026\/07\/19\/que-es-la-enfermedad-de-fields\/\" \/>\n<meta property=\"og:locale\" content=\"es_ES\" \/>\n<meta property=\"og:type\" content=\"article\" \/>\n<meta property=\"og:title\" content=\"\u00bfQUE ES LA ENFERMEDAD DE FIELDS? - El Diario - Bolivia\" \/>\n<meta property=\"og:description\" content=\"Lic. Lupe Fern\u00e1ndez &#8211; Lic. Enfermer\u00eda U.M.S.A. El s\u00edndrome de Fields es un trastorn\u00f3 raro neurol\u00f3gico \u00a0\u00a0una alteraci\u00f3n en la coordinaci\u00f3n afectando a la funci\u00f3n muscular una degeneraci\u00f3n progresiva de las capacidades motoras presentando movimientos involuntarios llegando a una p\u00e9rdida de la movilidad \u00a0\u00a0pudiendo provocar ca\u00eddas, accidentes, quemaduras, fracturas, requieren el uso de sillas de [&hellip;]\" \/>\n<meta property=\"og:url\" content=\"https:\/\/www.eldiario.net\/portal\/2026\/07\/19\/que-es-la-enfermedad-de-fields\/\" \/>\n<meta property=\"og:site_name\" content=\"El Diario - Bolivia\" \/>\n<meta property=\"article:publisher\" content=\"https:\/\/www.facebook.com\/eldiario.bolivia\/\" \/>\n<meta property=\"article:published_time\" content=\"2026-07-19T12:12:00+00:00\" \/>\n<meta property=\"og:image\" content=\"https:\/\/www.eldiario.net\/portal\/wp-content\/uploads\/2026\/07\/\u00bfQUE-ES-LA-ENFERMEDAD-DE-FIELDS-copia.webp\" \/>\n\t<meta property=\"og:image:width\" content=\"800\" \/>\n\t<meta property=\"og:image:height\" content=\"975\" \/>\n\t<meta property=\"og:image:type\" content=\"image\/webp\" \/>\n<meta name=\"author\" content=\"Jeanette\" \/>\n<meta name=\"twitter:card\" content=\"summary_large_image\" \/>\n<meta name=\"twitter:creator\" content=\"@eldiario_net\" \/>\n<meta name=\"twitter:site\" content=\"@eldiario_net\" \/>\n<meta name=\"twitter:label1\" content=\"Escrito por\" \/>\n\t<meta name=\"twitter:data1\" content=\"Jeanette\" \/>\n\t<meta name=\"twitter:label2\" content=\"Tiempo de lectura\" \/>\n\t<meta name=\"twitter:data2\" content=\"1 minuto\" \/>\n<script type=\"application\/ld+json\" class=\"yoast-schema-graph\">{\"@context\":\"https:\\\/\\\/schema.org\",\"@graph\":[{\"@type\":\"Article\",\"@id\":\"https:\\\/\\\/www.eldiario.net\\\/portal\\\/2026\\\/07\\\/19\\\/que-es-la-enfermedad-de-fields\\\/#article\",\"isPartOf\":{\"@id\":\"https:\\\/\\\/www.eldiario.net\\\/portal\\\/2026\\\/07\\\/19\\\/que-es-la-enfermedad-de-fields\\\/\"},\"author\":{\"name\":\"Jeanette\",\"@id\":\"https:\\\/\\\/www.eldiario.net\\\/portal\\\/#\\\/schema\\\/person\\\/f46445640444750d7d753ccd04ae01b7\"},\"headline\":\"\u00bfQUE ES LA ENFERMEDAD DE FIELDS?\",\"datePublished\":\"2026-07-19T12:12:00+00:00\",\"mainEntityOfPage\":{\"@id\":\"https:\\\/\\\/www.eldiario.net\\\/portal\\\/2026\\\/07\\\/19\\\/que-es-la-enfermedad-de-fields\\\/\"},\"wordCount\":193,\"publisher\":{\"@id\":\"https:\\\/\\\/www.eldiario.net\\\/portal\\\/#organization\"},\"image\":{\"@id\":\"https:\\\/\\\/www.eldiario.net\\\/portal\\\/2026\\\/07\\\/19\\\/que-es-la-enfermedad-de-fields\\\/#primaryimage\"},\"thumbnailUrl\":\"https:\\\/\\\/www.eldiario.net\\\/portal\\\/wp-content\\\/uploads\\\/2026\\\/07\\\/\u00bfQUE-ES-LA-ENFERMEDAD-DE-FIELDS-copia.webp\",\"articleSection\":[\"De Salud + vida\"],\"inLanguage\":\"es\"},{\"@type\":\"WebPage\",\"@id\":\"https:\\\/\\\/www.eldiario.net\\\/portal\\\/2026\\\/07\\\/19\\\/que-es-la-enfermedad-de-fields\\\/\",\"url\":\"https:\\\/\\\/www.eldiario.net\\\/portal\\\/2026\\\/07\\\/19\\\/que-es-la-enfermedad-de-fields\\\/\",\"name\":\"\u00bfQUE ES LA ENFERMEDAD DE FIELDS? - El Diario - Bolivia\",\"isPartOf\":{\"@id\":\"https:\\\/\\\/www.eldiario.net\\\/portal\\\/#website\"},\"primaryImageOfPage\":{\"@id\":\"https:\\\/\\\/www.eldiario.net\\\/portal\\\/2026\\\/07\\\/19\\\/que-es-la-enfermedad-de-fields\\\/#primaryimage\"},\"image\":{\"@id\":\"https:\\\/\\\/www.eldiario.net\\\/portal\\\/2026\\\/07\\\/19\\\/que-es-la-enfermedad-de-fields\\\/#primaryimage\"},\"thumbnailUrl\":\"https:\\\/\\\/www.eldiario.net\\\/portal\\\/wp-content\\\/uploads\\\/2026\\\/07\\\/\u00bfQUE-ES-LA-ENFERMEDAD-DE-FIELDS-copia.webp\",\"datePublished\":\"2026-07-19T12:12:00+00:00\",\"breadcrumb\":{\"@id\":\"https:\\\/\\\/www.eldiario.net\\\/portal\\\/2026\\\/07\\\/19\\\/que-es-la-enfermedad-de-fields\\\/#breadcrumb\"},\"inLanguage\":\"es\",\"potentialAction\":[{\"@type\":\"ReadAction\",\"target\":[\"https:\\\/\\\/www.eldiario.net\\\/portal\\\/2026\\\/07\\\/19\\\/que-es-la-enfermedad-de-fields\\\/\"]}]},{\"@type\":\"ImageObject\",\"inLanguage\":\"es\",\"@id\":\"https:\\\/\\\/www.eldiario.net\\\/portal\\\/2026\\\/07\\\/19\\\/que-es-la-enfermedad-de-fields\\\/#primaryimage\",\"url\":\"https:\\\/\\\/www.eldiario.net\\\/portal\\\/wp-content\\\/uploads\\\/2026\\\/07\\\/\u00bfQUE-ES-LA-ENFERMEDAD-DE-FIELDS-copia.webp\",\"contentUrl\":\"https:\\\/\\\/www.eldiario.net\\\/portal\\\/wp-content\\\/uploads\\\/2026\\\/07\\\/\u00bfQUE-ES-LA-ENFERMEDAD-DE-FIELDS-copia.webp\",\"width\":800,\"height\":975},{\"@type\":\"BreadcrumbList\",\"@id\":\"https:\\\/\\\/www.eldiario.net\\\/portal\\\/2026\\\/07\\\/19\\\/que-es-la-enfermedad-de-fields\\\/#breadcrumb\",\"itemListElement\":[{\"@type\":\"ListItem\",\"position\":1,\"name\":\"Portada\",\"item\":\"https:\\\/\\\/www.eldiario.net\\\/portal\\\/\"},{\"@type\":\"ListItem\",\"position\":2,\"name\":\"\u00bfQUE ES LA ENFERMEDAD DE FIELDS?\"}]},{\"@type\":\"WebSite\",\"@id\":\"https:\\\/\\\/www.eldiario.net\\\/portal\\\/#website\",\"url\":\"https:\\\/\\\/www.eldiario.net\\\/portal\\\/\",\"name\":\"El Diario - Decano de la prensa nacional\",\"description\":\"El Diario - Decano de la prensa nacional\",\"publisher\":{\"@id\":\"https:\\\/\\\/www.eldiario.net\\\/portal\\\/#organization\"},\"potentialAction\":[{\"@type\":\"SearchAction\",\"target\":{\"@type\":\"EntryPoint\",\"urlTemplate\":\"https:\\\/\\\/www.eldiario.net\\\/portal\\\/?s={search_term_string}\"},\"query-input\":{\"@type\":\"PropertyValueSpecification\",\"valueRequired\":true,\"valueName\":\"search_term_string\"}}],\"inLanguage\":\"es\"},{\"@type\":\"Organization\",\"@id\":\"https:\\\/\\\/www.eldiario.net\\\/portal\\\/#organization\",\"name\":\"El Diario - Decano de la prensa nacional\",\"url\":\"https:\\\/\\\/www.eldiario.net\\\/portal\\\/\",\"logo\":{\"@type\":\"ImageObject\",\"inLanguage\":\"es\",\"@id\":\"https:\\\/\\\/www.eldiario.net\\\/portal\\\/#\\\/schema\\\/logo\\\/image\\\/\",\"url\":\"https:\\\/\\\/www.eldiario.net\\\/portal\\\/wp-content\\\/uploads\\\/2023\\\/07\\\/logo_ED.jpg\",\"contentUrl\":\"https:\\\/\\\/www.eldiario.net\\\/portal\\\/wp-content\\\/uploads\\\/2023\\\/07\\\/logo_ED.jpg\",\"width\":272,\"height\":52,\"caption\":\"El Diario - Decano de la prensa nacional\"},\"image\":{\"@id\":\"https:\\\/\\\/www.eldiario.net\\\/portal\\\/#\\\/schema\\\/logo\\\/image\\\/\"},\"sameAs\":[\"https:\\\/\\\/www.facebook.com\\\/eldiario.bolivia\\\/\",\"https:\\\/\\\/x.com\\\/eldiario_net\"]},{\"@type\":\"Person\",\"@id\":\"https:\\\/\\\/www.eldiario.net\\\/portal\\\/#\\\/schema\\\/person\\\/f46445640444750d7d753ccd04ae01b7\",\"name\":\"Jeanette\",\"image\":{\"@type\":\"ImageObject\",\"inLanguage\":\"es\",\"@id\":\"https:\\\/\\\/secure.gravatar.com\\\/avatar\\\/3ea2118a5f7dad2b7138b1187a6b7ee55f160b9968b66013c3a3ef39dd7e5798?s=96&d=mm&r=g\",\"url\":\"https:\\\/\\\/secure.gravatar.com\\\/avatar\\\/3ea2118a5f7dad2b7138b1187a6b7ee55f160b9968b66013c3a3ef39dd7e5798?s=96&d=mm&r=g\",\"contentUrl\":\"https:\\\/\\\/secure.gravatar.com\\\/avatar\\\/3ea2118a5f7dad2b7138b1187a6b7ee55f160b9968b66013c3a3ef39dd7e5798?s=96&d=mm&r=g\",\"caption\":\"Jeanette\"},\"sameAs\":[\"https:\\\/\\\/www.eldiario.net\\\/portal\"],\"url\":\"https:\\\/\\\/www.eldiario.net\\\/portal\\\/author\\\/jeanette\\\/\"}]}<\/script>\n<!-- \/ Yoast SEO plugin. -->","yoast_head_json":{"title":"\u00bfQUE ES LA ENFERMEDAD DE FIELDS? - El Diario - Bolivia","robots":{"index":"index","follow":"follow","max-snippet":"max-snippet:-1","max-image-preview":"max-image-preview:large","max-video-preview":"max-video-preview:-1"},"canonical":"https:\/\/www.eldiario.net\/portal\/2026\/07\/19\/que-es-la-enfermedad-de-fields\/","og_locale":"es_ES","og_type":"article","og_title":"\u00bfQUE ES LA ENFERMEDAD DE FIELDS? - El Diario - Bolivia","og_description":"Lic. Lupe Fern\u00e1ndez &#8211; Lic. Enfermer\u00eda U.M.S.A. El s\u00edndrome de Fields es un trastorn\u00f3 raro neurol\u00f3gico \u00a0\u00a0una alteraci\u00f3n en la coordinaci\u00f3n afectando a la funci\u00f3n muscular una degeneraci\u00f3n progresiva de las capacidades motoras presentando movimientos involuntarios llegando a una p\u00e9rdida de la movilidad \u00a0\u00a0pudiendo provocar ca\u00eddas, accidentes, quemaduras, fracturas, requieren el uso de sillas de [&hellip;]","og_url":"https:\/\/www.eldiario.net\/portal\/2026\/07\/19\/que-es-la-enfermedad-de-fields\/","og_site_name":"El Diario - Bolivia","article_publisher":"https:\/\/www.facebook.com\/eldiario.bolivia\/","article_published_time":"2026-07-19T12:12:00+00:00","og_image":[{"width":800,"height":975,"url":"https:\/\/www.eldiario.net\/portal\/wp-content\/uploads\/2026\/07\/\u00bfQUE-ES-LA-ENFERMEDAD-DE-FIELDS-copia.webp","type":"image\/webp"}],"author":"Jeanette","twitter_card":"summary_large_image","twitter_creator":"@eldiario_net","twitter_site":"@eldiario_net","twitter_misc":{"Escrito por":"Jeanette","Tiempo de lectura":"1 minuto"},"schema":{"@context":"https:\/\/schema.org","@graph":[{"@type":"Article","@id":"https:\/\/www.eldiario.net\/portal\/2026\/07\/19\/que-es-la-enfermedad-de-fields\/#article","isPartOf":{"@id":"https:\/\/www.eldiario.net\/portal\/2026\/07\/19\/que-es-la-enfermedad-de-fields\/"},"author":{"name":"Jeanette","@id":"https:\/\/www.eldiario.net\/portal\/#\/schema\/person\/f46445640444750d7d753ccd04ae01b7"},"headline":"\u00bfQUE ES LA ENFERMEDAD DE FIELDS?","datePublished":"2026-07-19T12:12:00+00:00","mainEntityOfPage":{"@id":"https:\/\/www.eldiario.net\/portal\/2026\/07\/19\/que-es-la-enfermedad-de-fields\/"},"wordCount":193,"publisher":{"@id":"https:\/\/www.eldiario.net\/portal\/#organization"},"image":{"@id":"https:\/\/www.eldiario.net\/portal\/2026\/07\/19\/que-es-la-enfermedad-de-fields\/#primaryimage"},"thumbnailUrl":"https:\/\/www.eldiario.net\/portal\/wp-content\/uploads\/2026\/07\/\u00bfQUE-ES-LA-ENFERMEDAD-DE-FIELDS-copia.webp","articleSection":["De Salud + vida"],"inLanguage":"es"},{"@type":"WebPage","@id":"https:\/\/www.eldiario.net\/portal\/2026\/07\/19\/que-es-la-enfermedad-de-fields\/","url":"https:\/\/www.eldiario.net\/portal\/2026\/07\/19\/que-es-la-enfermedad-de-fields\/","name":"\u00bfQUE ES LA ENFERMEDAD DE FIELDS? - El Diario - Bolivia","isPartOf":{"@id":"https:\/\/www.eldiario.net\/portal\/#website"},"primaryImageOfPage":{"@id":"https:\/\/www.eldiario.net\/portal\/2026\/07\/19\/que-es-la-enfermedad-de-fields\/#primaryimage"},"image":{"@id":"https:\/\/www.eldiario.net\/portal\/2026\/07\/19\/que-es-la-enfermedad-de-fields\/#primaryimage"},"thumbnailUrl":"https:\/\/www.eldiario.net\/portal\/wp-content\/uploads\/2026\/07\/\u00bfQUE-ES-LA-ENFERMEDAD-DE-FIELDS-copia.webp","datePublished":"2026-07-19T12:12:00+00:00","breadcrumb":{"@id":"https:\/\/www.eldiario.net\/portal\/2026\/07\/19\/que-es-la-enfermedad-de-fields\/#breadcrumb"},"inLanguage":"es","potentialAction":[{"@type":"ReadAction","target":["https:\/\/www.eldiario.net\/portal\/2026\/07\/19\/que-es-la-enfermedad-de-fields\/"]}]},{"@type":"ImageObject","inLanguage":"es","@id":"https:\/\/www.eldiario.net\/portal\/2026\/07\/19\/que-es-la-enfermedad-de-fields\/#primaryimage","url":"https:\/\/www.eldiario.net\/portal\/wp-content\/uploads\/2026\/07\/\u00bfQUE-ES-LA-ENFERMEDAD-DE-FIELDS-copia.webp","contentUrl":"https:\/\/www.eldiario.net\/portal\/wp-content\/uploads\/2026\/07\/\u00bfQUE-ES-LA-ENFERMEDAD-DE-FIELDS-copia.webp","width":800,"height":975},{"@type":"BreadcrumbList","@id":"https:\/\/www.eldiario.net\/portal\/2026\/07\/19\/que-es-la-enfermedad-de-fields\/#breadcrumb","itemListElement":[{"@type":"ListItem","position":1,"name":"Portada","item":"https:\/\/www.eldiario.net\/portal\/"},{"@type":"ListItem","position":2,"name":"\u00bfQUE ES LA ENFERMEDAD DE FIELDS?"}]},{"@type":"WebSite","@id":"https:\/\/www.eldiario.net\/portal\/#website","url":"https:\/\/www.eldiario.net\/portal\/","name":"El Diario - Decano de la prensa nacional","description":"El Diario - Decano de la prensa nacional","publisher":{"@id":"https:\/\/www.eldiario.net\/portal\/#organization"},"potentialAction":[{"@type":"SearchAction","target":{"@type":"EntryPoint","urlTemplate":"https:\/\/www.eldiario.net\/portal\/?s={search_term_string}"},"query-input":{"@type":"PropertyValueSpecification","valueRequired":true,"valueName":"search_term_string"}}],"inLanguage":"es"},{"@type":"Organization","@id":"https:\/\/www.eldiario.net\/portal\/#organization","name":"El Diario - Decano de la prensa nacional","url":"https:\/\/www.eldiario.net\/portal\/","logo":{"@type":"ImageObject","inLanguage":"es","@id":"https:\/\/www.eldiario.net\/portal\/#\/schema\/logo\/image\/","url":"https:\/\/www.eldiario.net\/portal\/wp-content\/uploads\/2023\/07\/logo_ED.jpg","contentUrl":"https:\/\/www.eldiario.net\/portal\/wp-content\/uploads\/2023\/07\/logo_ED.jpg","width":272,"height":52,"caption":"El Diario - Decano de la prensa nacional"},"image":{"@id":"https:\/\/www.eldiario.net\/portal\/#\/schema\/logo\/image\/"},"sameAs":["https:\/\/www.facebook.com\/eldiario.bolivia\/","https:\/\/x.com\/eldiario_net"]},{"@type":"Person","@id":"https:\/\/www.eldiario.net\/portal\/#\/schema\/person\/f46445640444750d7d753ccd04ae01b7","name":"Jeanette","image":{"@type":"ImageObject","inLanguage":"es","@id":"https:\/\/secure.gravatar.com\/avatar\/3ea2118a5f7dad2b7138b1187a6b7ee55f160b9968b66013c3a3ef39dd7e5798?s=96&d=mm&r=g","url":"https:\/\/secure.gravatar.com\/avatar\/3ea2118a5f7dad2b7138b1187a6b7ee55f160b9968b66013c3a3ef39dd7e5798?s=96&d=mm&r=g","contentUrl":"https:\/\/secure.gravatar.com\/avatar\/3ea2118a5f7dad2b7138b1187a6b7ee55f160b9968b66013c3a3ef39dd7e5798?s=96&d=mm&r=g","caption":"Jeanette"},"sameAs":["https:\/\/www.eldiario.net\/portal"],"url":"https:\/\/www.eldiario.net\/portal\/author\/jeanette\/"}]}},"_links":{"self":[{"href":"https:\/\/www.eldiario.net\/portal\/wp-json\/wp\/v2\/posts\/413956","targetHints":{"allow":["GET"]}}],"collection":[{"href":"https:\/\/www.eldiario.net\/portal\/wp-json\/wp\/v2\/posts"}],"about":[{"href":"https:\/\/www.eldiario.net\/portal\/wp-json\/wp\/v2\/types\/post"}],"author":[{"embeddable":true,"href":"https:\/\/www.eldiario.net\/portal\/wp-json\/wp\/v2\/users\/1"}],"replies":[{"embeddable":true,"href":"https:\/\/www.eldiario.net\/portal\/wp-json\/wp\/v2\/comments?post=413956"}],"version-history":[{"count":1,"href":"https:\/\/www.eldiario.net\/portal\/wp-json\/wp\/v2\/posts\/413956\/revisions"}],"predecessor-version":[{"id":413958,"href":"https:\/\/www.eldiario.net\/portal\/wp-json\/wp\/v2\/posts\/413956\/revisions\/413958"}],"wp:featuredmedia":[{"embeddable":true,"href":"https:\/\/www.eldiario.net\/portal\/wp-json\/wp\/v2\/media\/413957"}],"wp:attachment":[{"href":"https:\/\/www.eldiario.net\/portal\/wp-json\/wp\/v2\/media?parent=413956"}],"wp:term":[{"taxonomy":"category","embeddable":true,"href":"https:\/\/www.eldiario.net\/portal\/wp-json\/wp\/v2\/categories?post=413956"},{"taxonomy":"post_tag","embeddable":true,"href":"https:\/\/www.eldiario.net\/portal\/wp-json\/wp\/v2\/tags?post=413956"}],"curies":[{"name":"wp","href":"https:\/\/api.w.org\/{rel}","templated":true}]}}