{"id":413950,"date":"2026-07-19T08:10:59","date_gmt":"2026-07-19T12:10:59","guid":{"rendered":"https:\/\/www.eldiario.net\/portal\/?p=413950"},"modified":"2026-07-19T08:10:59","modified_gmt":"2026-07-19T12:10:59","slug":"beneficios-de-la-rosa-para-la-piel-y-la-salud-2","status":"publish","type":"post","link":"https:\/\/www.eldiario.net\/portal\/2026\/07\/19\/beneficios-de-la-rosa-para-la-piel-y-la-salud-2\/","title":{"rendered":"BENEFICIOS DE LA ROSA PARA LA PIEL Y LA SALUD"},"content":{"rendered":"<p>Las rosas contiene varios componentes que podr\u00edan tener <a href=\"https:\/\/www.ncbi.nlm.nih.gov\/pmc\/articles\/PMC3586833\/\">efectos beneficiosos<\/a> para la salud. Tiene<strong> efectos antiinflamatorios y antioxidantes.<\/strong><\/p>\n<p>Las rosas se usan en productos de belleza, en los que se aprovechan <strong>los p\u00e9talos, el aceite y el agua de rosas.<\/strong> A continuaci\u00f3n te damos algunos de sus usos:<\/p>\n<ul>\n<li><strong>T\u00f3nico para la piel:<\/strong> El agua de rosas podr\u00eda ser utilizado como t\u00f3nico natural, pues algunas <a href=\"https:\/\/www.ncbi.nlm.nih.gov\/pmc\/articles\/PMC6261181\/#fsn3870-bib-0019\">investigaciones<\/a> aseguran que podr\u00eda tener un efecto antioxidante y antiinflamatorio. Se recomienda tomar un pedazo de algod\u00f3n, humedecerlo con una buena cantidad de agua floral y frotarlo sobre el rostro. Se pueden hacer suaves masajes circulares.<\/li>\n<li><strong>Suavizante para la piel:<\/strong> Los aceites naturales que se encuentran en las rosas pueden usarse para humectar la piel. As\u00ed le brindan una sensaci\u00f3n suave y tersa. El <a href=\"https:\/\/www.ncbi.nlm.nih.gov\/pubmed\/20711260\">aceite de rosas<\/a> tambi\u00e9n podr\u00eda ser adecuado para aquellas personas que tienen una piel sensible. Aunque siempre es mejor consultar su aplicaci\u00f3n con el dermat\u00f3logo.<\/li>\n<\/ul>\n<ul>\n<li><strong>Podr\u00eda actuar como un protector solar:<\/strong> se cree que los p\u00e9talos de rosa podr\u00edan ayudar contra los <a href=\"https:\/\/www.ncbi.nlm.nih.gov\/pmc\/articles\/PMC3673383\/\">radicales libres<\/a> de la exposici\u00f3n al sol. Sin embargo, es muy importante que antes de tomar el sol apliques una crema protectora con un factor FPS alto.<\/li>\n<li><strong>Podr\u00eda mejorar el acn\u00e9:<\/strong> El aceite de rosa se puede utilizar como <a href=\"https:\/\/www.ncbi.nlm.nih.gov\/pmc\/articles\/PMC6273829\/\">astringente<\/a> para tonificar y limpiar la piel. En un <a href=\"https:\/\/www.sciencedirect.com\/science\/article\/abs\/pii\/S0308814609009650?via%3Dihub\">estudio<\/a> se observ\u00f3 una notable actividad antimicrobiana contra el acn\u00e9. Sin embargo, los autores sugirieron que se requieren estudios adicionales.<\/li>\n<\/ul>\n<p><strong>Las rosas tambi\u00e9n tienen muchas propiedades para la salud. <\/strong><\/p>\n<ul>\n<li><strong>Buena para los dolores menstruales: <\/strong>Aunque se requieren estudios adicionales, seg\u00fan algunas <a href=\"https:\/\/www.ncbi.nlm.nih.gov\/pmc\/articles\/PMC3964428\/\">investigaciones<\/a>, el extracto de rosa damascena podr\u00eda ser utilizado como complemento al tratamiento de la dismenorrea primaria.<\/li>\n<li><strong>Podr\u00eda tener efectos terap\u00e9uticos:<\/strong> Si vamos a hablar de aromaterapia, las rosas son una de las mejores aliadas. Esta flor podr\u00eda tener algunos <a href=\"https:\/\/www.ncbi.nlm.nih.gov\/pmc\/articles\/PMC5511972\/\">efectos terap\u00e9uticos<\/a>. <strong>A partir de esta flor se pueden hacer aceites, fragancias y esencias<\/strong>. Por sus grandes efectos, podr\u00edan contribuir a aliviar el estr\u00e9s, reducir la depresi\u00f3n, as\u00ed como <a href=\"https:\/\/www.ncbi.nlm.nih.gov\/pubmed\/16504433\">relajar la mente<\/a>.<\/li>\n<li><strong>Tiene actividad antioxidante: <\/strong>El t\u00e9 de rosa se suele consumir como bebida <a href=\"https:\/\/www.ncbi.nlm.nih.gov\/pubmed\/11880572\">antioxidante<\/a> en algunas culturas.<\/li>\n<\/ul>\n<p><strong>Fuente:<\/strong> Mejor con Salud<\/p>\n","protected":false},"excerpt":{"rendered":"<p>Las rosas contiene varios componentes que podr\u00edan tener efectos beneficiosos para la salud. Tiene efectos antiinflamatorios y antioxidantes. Las rosas se usan en productos de belleza, en los que se aprovechan los p\u00e9talos, el aceite y el agua de rosas. A continuaci\u00f3n te damos algunos de sus usos: T\u00f3nico para la piel: El agua de [&hellip;]<\/p>\n","protected":false},"author":1,"featured_media":413951,"comment_status":"closed","ping_status":"open","sticky":false,"template":"","format":"standard","meta":{"_acf_changed":false,"footnotes":""},"categories":[52],"tags":[],"class_list":["post-413950","post","type-post","status-publish","format-standard","has-post-thumbnail","category-de-salud-mas-vida"],"acf":{"antetitulo":""},"yoast_head":"<!-- This site is optimized with the Yoast SEO plugin v28.4 - https:\/\/yoast.com\/product\/yoast-seo-wordpress\/ -->\n<title>BENEFICIOS DE LA ROSA PARA LA PIEL Y LA SALUD - El Diario - Bolivia<\/title>\n<meta name=\"robots\" content=\"index, follow, max-snippet:-1, max-image-preview:large, max-video-preview:-1\" \/>\n<link rel=\"canonical\" href=\"https:\/\/www.eldiario.net\/portal\/2026\/07\/19\/beneficios-de-la-rosa-para-la-piel-y-la-salud-2\/\" \/>\n<meta property=\"og:locale\" content=\"es_ES\" \/>\n<meta property=\"og:type\" content=\"article\" \/>\n<meta property=\"og:title\" content=\"BENEFICIOS DE LA ROSA PARA LA PIEL Y LA SALUD - El Diario - Bolivia\" \/>\n<meta property=\"og:description\" content=\"Las rosas contiene varios componentes que podr\u00edan tener efectos beneficiosos para la salud. Tiene efectos antiinflamatorios y antioxidantes. Las rosas se usan en productos de belleza, en los que se aprovechan los p\u00e9talos, el aceite y el agua de rosas. A continuaci\u00f3n te damos algunos de sus usos: T\u00f3nico para la piel: El agua de [&hellip;]\" \/>\n<meta property=\"og:url\" content=\"https:\/\/www.eldiario.net\/portal\/2026\/07\/19\/beneficios-de-la-rosa-para-la-piel-y-la-salud-2\/\" \/>\n<meta property=\"og:site_name\" content=\"El Diario - Bolivia\" \/>\n<meta property=\"article:publisher\" content=\"https:\/\/www.facebook.com\/eldiario.bolivia\/\" \/>\n<meta property=\"article:published_time\" content=\"2026-07-19T12:10:59+00:00\" \/>\n<meta property=\"og:image\" content=\"https:\/\/www.eldiario.net\/portal\/wp-content\/uploads\/2026\/07\/BENEFICIOS-DE-LA-ROSA-PARA-LA-PIEL-Y-LA-SALUD-copia.webp\" \/>\n\t<meta property=\"og:image:width\" content=\"1080\" \/>\n\t<meta property=\"og:image:height\" content=\"1149\" \/>\n\t<meta property=\"og:image:type\" content=\"image\/webp\" \/>\n<meta name=\"author\" content=\"Jeanette\" \/>\n<meta name=\"twitter:card\" content=\"summary_large_image\" \/>\n<meta name=\"twitter:creator\" content=\"@eldiario_net\" \/>\n<meta name=\"twitter:site\" content=\"@eldiario_net\" \/>\n<meta name=\"twitter:label1\" content=\"Escrito por\" \/>\n\t<meta name=\"twitter:data1\" content=\"Jeanette\" \/>\n\t<meta name=\"twitter:label2\" content=\"Tiempo de lectura\" \/>\n\t<meta name=\"twitter:data2\" content=\"2 minutos\" \/>\n<script type=\"application\/ld+json\" class=\"yoast-schema-graph\">{\"@context\":\"https:\\\/\\\/schema.org\",\"@graph\":[{\"@type\":\"Article\",\"@id\":\"https:\\\/\\\/www.eldiario.net\\\/portal\\\/2026\\\/07\\\/19\\\/beneficios-de-la-rosa-para-la-piel-y-la-salud-2\\\/#article\",\"isPartOf\":{\"@id\":\"https:\\\/\\\/www.eldiario.net\\\/portal\\\/2026\\\/07\\\/19\\\/beneficios-de-la-rosa-para-la-piel-y-la-salud-2\\\/\"},\"author\":{\"name\":\"Jeanette\",\"@id\":\"https:\\\/\\\/www.eldiario.net\\\/portal\\\/#\\\/schema\\\/person\\\/f46445640444750d7d753ccd04ae01b7\"},\"headline\":\"BENEFICIOS DE LA ROSA PARA LA PIEL Y LA SALUD\",\"datePublished\":\"2026-07-19T12:10:59+00:00\",\"mainEntityOfPage\":{\"@id\":\"https:\\\/\\\/www.eldiario.net\\\/portal\\\/2026\\\/07\\\/19\\\/beneficios-de-la-rosa-para-la-piel-y-la-salud-2\\\/\"},\"wordCount\":389,\"publisher\":{\"@id\":\"https:\\\/\\\/www.eldiario.net\\\/portal\\\/#organization\"},\"image\":{\"@id\":\"https:\\\/\\\/www.eldiario.net\\\/portal\\\/2026\\\/07\\\/19\\\/beneficios-de-la-rosa-para-la-piel-y-la-salud-2\\\/#primaryimage\"},\"thumbnailUrl\":\"https:\\\/\\\/www.eldiario.net\\\/portal\\\/wp-content\\\/uploads\\\/2026\\\/07\\\/BENEFICIOS-DE-LA-ROSA-PARA-LA-PIEL-Y-LA-SALUD-copia.webp\",\"articleSection\":[\"De Salud + vida\"],\"inLanguage\":\"es\"},{\"@type\":\"WebPage\",\"@id\":\"https:\\\/\\\/www.eldiario.net\\\/portal\\\/2026\\\/07\\\/19\\\/beneficios-de-la-rosa-para-la-piel-y-la-salud-2\\\/\",\"url\":\"https:\\\/\\\/www.eldiario.net\\\/portal\\\/2026\\\/07\\\/19\\\/beneficios-de-la-rosa-para-la-piel-y-la-salud-2\\\/\",\"name\":\"BENEFICIOS DE LA ROSA PARA LA PIEL Y LA SALUD - El Diario - Bolivia\",\"isPartOf\":{\"@id\":\"https:\\\/\\\/www.eldiario.net\\\/portal\\\/#website\"},\"primaryImageOfPage\":{\"@id\":\"https:\\\/\\\/www.eldiario.net\\\/portal\\\/2026\\\/07\\\/19\\\/beneficios-de-la-rosa-para-la-piel-y-la-salud-2\\\/#primaryimage\"},\"image\":{\"@id\":\"https:\\\/\\\/www.eldiario.net\\\/portal\\\/2026\\\/07\\\/19\\\/beneficios-de-la-rosa-para-la-piel-y-la-salud-2\\\/#primaryimage\"},\"thumbnailUrl\":\"https:\\\/\\\/www.eldiario.net\\\/portal\\\/wp-content\\\/uploads\\\/2026\\\/07\\\/BENEFICIOS-DE-LA-ROSA-PARA-LA-PIEL-Y-LA-SALUD-copia.webp\",\"datePublished\":\"2026-07-19T12:10:59+00:00\",\"breadcrumb\":{\"@id\":\"https:\\\/\\\/www.eldiario.net\\\/portal\\\/2026\\\/07\\\/19\\\/beneficios-de-la-rosa-para-la-piel-y-la-salud-2\\\/#breadcrumb\"},\"inLanguage\":\"es\",\"potentialAction\":[{\"@type\":\"ReadAction\",\"target\":[\"https:\\\/\\\/www.eldiario.net\\\/portal\\\/2026\\\/07\\\/19\\\/beneficios-de-la-rosa-para-la-piel-y-la-salud-2\\\/\"]}]},{\"@type\":\"ImageObject\",\"inLanguage\":\"es\",\"@id\":\"https:\\\/\\\/www.eldiario.net\\\/portal\\\/2026\\\/07\\\/19\\\/beneficios-de-la-rosa-para-la-piel-y-la-salud-2\\\/#primaryimage\",\"url\":\"https:\\\/\\\/www.eldiario.net\\\/portal\\\/wp-content\\\/uploads\\\/2026\\\/07\\\/BENEFICIOS-DE-LA-ROSA-PARA-LA-PIEL-Y-LA-SALUD-copia.webp\",\"contentUrl\":\"https:\\\/\\\/www.eldiario.net\\\/portal\\\/wp-content\\\/uploads\\\/2026\\\/07\\\/BENEFICIOS-DE-LA-ROSA-PARA-LA-PIEL-Y-LA-SALUD-copia.webp\",\"width\":1080,\"height\":1149},{\"@type\":\"BreadcrumbList\",\"@id\":\"https:\\\/\\\/www.eldiario.net\\\/portal\\\/2026\\\/07\\\/19\\\/beneficios-de-la-rosa-para-la-piel-y-la-salud-2\\\/#breadcrumb\",\"itemListElement\":[{\"@type\":\"ListItem\",\"position\":1,\"name\":\"Portada\",\"item\":\"https:\\\/\\\/www.eldiario.net\\\/portal\\\/\"},{\"@type\":\"ListItem\",\"position\":2,\"name\":\"BENEFICIOS DE LA ROSA PARA LA PIEL Y LA SALUD\"}]},{\"@type\":\"WebSite\",\"@id\":\"https:\\\/\\\/www.eldiario.net\\\/portal\\\/#website\",\"url\":\"https:\\\/\\\/www.eldiario.net\\\/portal\\\/\",\"name\":\"El Diario - Decano de la prensa nacional\",\"description\":\"El Diario - Decano de la prensa nacional\",\"publisher\":{\"@id\":\"https:\\\/\\\/www.eldiario.net\\\/portal\\\/#organization\"},\"potentialAction\":[{\"@type\":\"SearchAction\",\"target\":{\"@type\":\"EntryPoint\",\"urlTemplate\":\"https:\\\/\\\/www.eldiario.net\\\/portal\\\/?s={search_term_string}\"},\"query-input\":{\"@type\":\"PropertyValueSpecification\",\"valueRequired\":true,\"valueName\":\"search_term_string\"}}],\"inLanguage\":\"es\"},{\"@type\":\"Organization\",\"@id\":\"https:\\\/\\\/www.eldiario.net\\\/portal\\\/#organization\",\"name\":\"El Diario - Decano de la prensa nacional\",\"url\":\"https:\\\/\\\/www.eldiario.net\\\/portal\\\/\",\"logo\":{\"@type\":\"ImageObject\",\"inLanguage\":\"es\",\"@id\":\"https:\\\/\\\/www.eldiario.net\\\/portal\\\/#\\\/schema\\\/logo\\\/image\\\/\",\"url\":\"https:\\\/\\\/www.eldiario.net\\\/portal\\\/wp-content\\\/uploads\\\/2023\\\/07\\\/logo_ED.jpg\",\"contentUrl\":\"https:\\\/\\\/www.eldiario.net\\\/portal\\\/wp-content\\\/uploads\\\/2023\\\/07\\\/logo_ED.jpg\",\"width\":272,\"height\":52,\"caption\":\"El Diario - Decano de la prensa nacional\"},\"image\":{\"@id\":\"https:\\\/\\\/www.eldiario.net\\\/portal\\\/#\\\/schema\\\/logo\\\/image\\\/\"},\"sameAs\":[\"https:\\\/\\\/www.facebook.com\\\/eldiario.bolivia\\\/\",\"https:\\\/\\\/x.com\\\/eldiario_net\"]},{\"@type\":\"Person\",\"@id\":\"https:\\\/\\\/www.eldiario.net\\\/portal\\\/#\\\/schema\\\/person\\\/f46445640444750d7d753ccd04ae01b7\",\"name\":\"Jeanette\",\"image\":{\"@type\":\"ImageObject\",\"inLanguage\":\"es\",\"@id\":\"https:\\\/\\\/secure.gravatar.com\\\/avatar\\\/3ea2118a5f7dad2b7138b1187a6b7ee55f160b9968b66013c3a3ef39dd7e5798?s=96&d=mm&r=g\",\"url\":\"https:\\\/\\\/secure.gravatar.com\\\/avatar\\\/3ea2118a5f7dad2b7138b1187a6b7ee55f160b9968b66013c3a3ef39dd7e5798?s=96&d=mm&r=g\",\"contentUrl\":\"https:\\\/\\\/secure.gravatar.com\\\/avatar\\\/3ea2118a5f7dad2b7138b1187a6b7ee55f160b9968b66013c3a3ef39dd7e5798?s=96&d=mm&r=g\",\"caption\":\"Jeanette\"},\"sameAs\":[\"https:\\\/\\\/www.eldiario.net\\\/portal\"],\"url\":\"https:\\\/\\\/www.eldiario.net\\\/portal\\\/author\\\/jeanette\\\/\"}]}<\/script>\n<!-- \/ Yoast SEO plugin. -->","yoast_head_json":{"title":"BENEFICIOS DE LA ROSA PARA LA PIEL Y LA SALUD - El Diario - Bolivia","robots":{"index":"index","follow":"follow","max-snippet":"max-snippet:-1","max-image-preview":"max-image-preview:large","max-video-preview":"max-video-preview:-1"},"canonical":"https:\/\/www.eldiario.net\/portal\/2026\/07\/19\/beneficios-de-la-rosa-para-la-piel-y-la-salud-2\/","og_locale":"es_ES","og_type":"article","og_title":"BENEFICIOS DE LA ROSA PARA LA PIEL Y LA SALUD - El Diario - Bolivia","og_description":"Las rosas contiene varios componentes que podr\u00edan tener efectos beneficiosos para la salud. Tiene efectos antiinflamatorios y antioxidantes. Las rosas se usan en productos de belleza, en los que se aprovechan los p\u00e9talos, el aceite y el agua de rosas. A continuaci\u00f3n te damos algunos de sus usos: T\u00f3nico para la piel: El agua de [&hellip;]","og_url":"https:\/\/www.eldiario.net\/portal\/2026\/07\/19\/beneficios-de-la-rosa-para-la-piel-y-la-salud-2\/","og_site_name":"El Diario - Bolivia","article_publisher":"https:\/\/www.facebook.com\/eldiario.bolivia\/","article_published_time":"2026-07-19T12:10:59+00:00","og_image":[{"width":1080,"height":1149,"url":"https:\/\/www.eldiario.net\/portal\/wp-content\/uploads\/2026\/07\/BENEFICIOS-DE-LA-ROSA-PARA-LA-PIEL-Y-LA-SALUD-copia.webp","type":"image\/webp"}],"author":"Jeanette","twitter_card":"summary_large_image","twitter_creator":"@eldiario_net","twitter_site":"@eldiario_net","twitter_misc":{"Escrito por":"Jeanette","Tiempo de lectura":"2 minutos"},"schema":{"@context":"https:\/\/schema.org","@graph":[{"@type":"Article","@id":"https:\/\/www.eldiario.net\/portal\/2026\/07\/19\/beneficios-de-la-rosa-para-la-piel-y-la-salud-2\/#article","isPartOf":{"@id":"https:\/\/www.eldiario.net\/portal\/2026\/07\/19\/beneficios-de-la-rosa-para-la-piel-y-la-salud-2\/"},"author":{"name":"Jeanette","@id":"https:\/\/www.eldiario.net\/portal\/#\/schema\/person\/f46445640444750d7d753ccd04ae01b7"},"headline":"BENEFICIOS DE LA ROSA PARA LA PIEL Y LA SALUD","datePublished":"2026-07-19T12:10:59+00:00","mainEntityOfPage":{"@id":"https:\/\/www.eldiario.net\/portal\/2026\/07\/19\/beneficios-de-la-rosa-para-la-piel-y-la-salud-2\/"},"wordCount":389,"publisher":{"@id":"https:\/\/www.eldiario.net\/portal\/#organization"},"image":{"@id":"https:\/\/www.eldiario.net\/portal\/2026\/07\/19\/beneficios-de-la-rosa-para-la-piel-y-la-salud-2\/#primaryimage"},"thumbnailUrl":"https:\/\/www.eldiario.net\/portal\/wp-content\/uploads\/2026\/07\/BENEFICIOS-DE-LA-ROSA-PARA-LA-PIEL-Y-LA-SALUD-copia.webp","articleSection":["De Salud + vida"],"inLanguage":"es"},{"@type":"WebPage","@id":"https:\/\/www.eldiario.net\/portal\/2026\/07\/19\/beneficios-de-la-rosa-para-la-piel-y-la-salud-2\/","url":"https:\/\/www.eldiario.net\/portal\/2026\/07\/19\/beneficios-de-la-rosa-para-la-piel-y-la-salud-2\/","name":"BENEFICIOS DE LA ROSA PARA LA PIEL Y LA SALUD - El Diario - Bolivia","isPartOf":{"@id":"https:\/\/www.eldiario.net\/portal\/#website"},"primaryImageOfPage":{"@id":"https:\/\/www.eldiario.net\/portal\/2026\/07\/19\/beneficios-de-la-rosa-para-la-piel-y-la-salud-2\/#primaryimage"},"image":{"@id":"https:\/\/www.eldiario.net\/portal\/2026\/07\/19\/beneficios-de-la-rosa-para-la-piel-y-la-salud-2\/#primaryimage"},"thumbnailUrl":"https:\/\/www.eldiario.net\/portal\/wp-content\/uploads\/2026\/07\/BENEFICIOS-DE-LA-ROSA-PARA-LA-PIEL-Y-LA-SALUD-copia.webp","datePublished":"2026-07-19T12:10:59+00:00","breadcrumb":{"@id":"https:\/\/www.eldiario.net\/portal\/2026\/07\/19\/beneficios-de-la-rosa-para-la-piel-y-la-salud-2\/#breadcrumb"},"inLanguage":"es","potentialAction":[{"@type":"ReadAction","target":["https:\/\/www.eldiario.net\/portal\/2026\/07\/19\/beneficios-de-la-rosa-para-la-piel-y-la-salud-2\/"]}]},{"@type":"ImageObject","inLanguage":"es","@id":"https:\/\/www.eldiario.net\/portal\/2026\/07\/19\/beneficios-de-la-rosa-para-la-piel-y-la-salud-2\/#primaryimage","url":"https:\/\/www.eldiario.net\/portal\/wp-content\/uploads\/2026\/07\/BENEFICIOS-DE-LA-ROSA-PARA-LA-PIEL-Y-LA-SALUD-copia.webp","contentUrl":"https:\/\/www.eldiario.net\/portal\/wp-content\/uploads\/2026\/07\/BENEFICIOS-DE-LA-ROSA-PARA-LA-PIEL-Y-LA-SALUD-copia.webp","width":1080,"height":1149},{"@type":"BreadcrumbList","@id":"https:\/\/www.eldiario.net\/portal\/2026\/07\/19\/beneficios-de-la-rosa-para-la-piel-y-la-salud-2\/#breadcrumb","itemListElement":[{"@type":"ListItem","position":1,"name":"Portada","item":"https:\/\/www.eldiario.net\/portal\/"},{"@type":"ListItem","position":2,"name":"BENEFICIOS DE LA ROSA PARA LA PIEL Y LA SALUD"}]},{"@type":"WebSite","@id":"https:\/\/www.eldiario.net\/portal\/#website","url":"https:\/\/www.eldiario.net\/portal\/","name":"El Diario - Decano de la prensa nacional","description":"El Diario - Decano de la prensa nacional","publisher":{"@id":"https:\/\/www.eldiario.net\/portal\/#organization"},"potentialAction":[{"@type":"SearchAction","target":{"@type":"EntryPoint","urlTemplate":"https:\/\/www.eldiario.net\/portal\/?s={search_term_string}"},"query-input":{"@type":"PropertyValueSpecification","valueRequired":true,"valueName":"search_term_string"}}],"inLanguage":"es"},{"@type":"Organization","@id":"https:\/\/www.eldiario.net\/portal\/#organization","name":"El Diario - Decano de la prensa nacional","url":"https:\/\/www.eldiario.net\/portal\/","logo":{"@type":"ImageObject","inLanguage":"es","@id":"https:\/\/www.eldiario.net\/portal\/#\/schema\/logo\/image\/","url":"https:\/\/www.eldiario.net\/portal\/wp-content\/uploads\/2023\/07\/logo_ED.jpg","contentUrl":"https:\/\/www.eldiario.net\/portal\/wp-content\/uploads\/2023\/07\/logo_ED.jpg","width":272,"height":52,"caption":"El Diario - Decano de la prensa nacional"},"image":{"@id":"https:\/\/www.eldiario.net\/portal\/#\/schema\/logo\/image\/"},"sameAs":["https:\/\/www.facebook.com\/eldiario.bolivia\/","https:\/\/x.com\/eldiario_net"]},{"@type":"Person","@id":"https:\/\/www.eldiario.net\/portal\/#\/schema\/person\/f46445640444750d7d753ccd04ae01b7","name":"Jeanette","image":{"@type":"ImageObject","inLanguage":"es","@id":"https:\/\/secure.gravatar.com\/avatar\/3ea2118a5f7dad2b7138b1187a6b7ee55f160b9968b66013c3a3ef39dd7e5798?s=96&d=mm&r=g","url":"https:\/\/secure.gravatar.com\/avatar\/3ea2118a5f7dad2b7138b1187a6b7ee55f160b9968b66013c3a3ef39dd7e5798?s=96&d=mm&r=g","contentUrl":"https:\/\/secure.gravatar.com\/avatar\/3ea2118a5f7dad2b7138b1187a6b7ee55f160b9968b66013c3a3ef39dd7e5798?s=96&d=mm&r=g","caption":"Jeanette"},"sameAs":["https:\/\/www.eldiario.net\/portal"],"url":"https:\/\/www.eldiario.net\/portal\/author\/jeanette\/"}]}},"_links":{"self":[{"href":"https:\/\/www.eldiario.net\/portal\/wp-json\/wp\/v2\/posts\/413950","targetHints":{"allow":["GET"]}}],"collection":[{"href":"https:\/\/www.eldiario.net\/portal\/wp-json\/wp\/v2\/posts"}],"about":[{"href":"https:\/\/www.eldiario.net\/portal\/wp-json\/wp\/v2\/types\/post"}],"author":[{"embeddable":true,"href":"https:\/\/www.eldiario.net\/portal\/wp-json\/wp\/v2\/users\/1"}],"replies":[{"embeddable":true,"href":"https:\/\/www.eldiario.net\/portal\/wp-json\/wp\/v2\/comments?post=413950"}],"version-history":[{"count":1,"href":"https:\/\/www.eldiario.net\/portal\/wp-json\/wp\/v2\/posts\/413950\/revisions"}],"predecessor-version":[{"id":413952,"href":"https:\/\/www.eldiario.net\/portal\/wp-json\/wp\/v2\/posts\/413950\/revisions\/413952"}],"wp:featuredmedia":[{"embeddable":true,"href":"https:\/\/www.eldiario.net\/portal\/wp-json\/wp\/v2\/media\/413951"}],"wp:attachment":[{"href":"https:\/\/www.eldiario.net\/portal\/wp-json\/wp\/v2\/media?parent=413950"}],"wp:term":[{"taxonomy":"category","embeddable":true,"href":"https:\/\/www.eldiario.net\/portal\/wp-json\/wp\/v2\/categories?post=413950"},{"taxonomy":"post_tag","embeddable":true,"href":"https:\/\/www.eldiario.net\/portal\/wp-json\/wp\/v2\/tags?post=413950"}],"curies":[{"name":"wp","href":"https:\/\/api.w.org\/{rel}","templated":true}]}}