{"id":413837,"date":"2026-07-19T07:33:25","date_gmt":"2026-07-19T11:33:25","guid":{"rendered":"https:\/\/www.eldiario.net\/portal\/?p=413837"},"modified":"2026-07-19T07:33:25","modified_gmt":"2026-07-19T11:33:25","slug":"preven-problemas-climaticos-que-podrian-surgir-en-agosto","status":"publish","type":"post","link":"https:\/\/www.eldiario.net\/portal\/2026\/07\/19\/preven-problemas-climaticos-que-podrian-surgir-en-agosto\/","title":{"rendered":"Prev\u00e9n problemas clim\u00e1ticos que podr\u00edan surgir en agosto"},"content":{"rendered":"<p>Seg\u00fan el Servicio Nacional de Meteorolog\u00eda e Hidrolog\u00eda (Senamhi) en junio de este a\u00f1o, realizando seguimiento a los modelos para ver ocurrencia del fen\u00f3meno de El Ni\u00f1o, estableci\u00f3 un 62% de probabilidad de que comience en Bolivia, en agosto 2026 hasta mediados 2027, y la categor\u00eda que indican es un \u201cNi\u00f1o Fuerte\u201d, ya que a\u00fan no super\u00f3 los 2 grados Celsius de la temperatura de las aguas del pac\u00edfico, seg\u00fan el investigador y docente de la Universidad Mayor de San Andr\u00e9s (UMSA), Lucio Tito.<br \/>\nEl mandato de la Constituci\u00f3n Pol\u00edtica del Estado (CPE) Art. 407 indica: proteger la producci\u00f3n agropecuaria y agroindustrial ante desastres naturales e inclemencias clim\u00e1ticas, geol\u00f3gicas y siniestros, es por ello que debemos prepararnos y proteger a las 30.000 comunidades del Pa\u00eds para afrontar el fen\u00f3meno de El Ni\u00f1o 2026-2027, sostiene.<br \/>\nLos an\u00e1lisis del Senamhi y el Enfen confirman que el actual fen\u00f3meno de El Ni\u00f1o 2026-2027 igualar\u00e1 la magnitud extrema y destructiva de los hist\u00f3ricos mega eventos de 1982-1983, 1997-1998 y 2015-2016, pero recalca que se asemejar\u00e1 al ni\u00f1o 2015-2016, en este sentido es necesario revisar qu\u00e9 pas\u00f3 en esta gesti\u00f3n, c\u00f3mo afect\u00f3 y prepararnos para afrontarlo, sugiere.<br \/>\nQu\u00e9 pas\u00f3 el 2015\u20132016, donde seg\u00fan la Comisi\u00f3n Econ\u00f3mica para Am\u00e9rica Latina y el Caribe (Cepal) m\u00e1s de 350 millones d\u00f3lares de p\u00e9rdida se registraron.<br \/>\nSectores<br \/>\nEn el sector agr\u00edcola, se estimar\u00eda una p\u00e9rdida de 14% del volumen de la producci\u00f3n que se generar\u00eda en la siguiente campa\u00f1a, es decir se estima sembrar en la siguiente campa\u00f1a agr\u00edcola 2026-2027 4.580.000 hect\u00e1reas y se generar\u00eda un volumen de producci\u00f3n de 23.450.000 tn producci\u00f3n, pero el fen\u00f3meno de El Ni\u00f1o nos quitar\u00eda 3.283.000 toneladas (14%).<br \/>\nEn el tema ganadero, considerando la cantidad de cabezas de ganado en las manchas amarillas (sequ\u00edas) y azules (inundaciones), estar\u00edan en riesgo de muerte 580.000 bovinos, 73.793 cam\u00e9lidos y 287.615 ovinos.<\/p>\n<p><strong>Proyecciones de afectaci\u00f3n de cada regi\u00f3n<\/strong><\/p>\n<p>\u2022 Altiplano y Valles. En estas regiones el impacto dominante ser\u00e1 el d\u00e9ficit de precipitaciones y el aumento de temperaturas. Sequ\u00eda severa: se prev\u00e9 una reducci\u00f3n significativa de lluvias desde octubre de 2026, lo que afectar\u00eda la disponibilidad de agua para consumo y riego. Agricultura en riesgo: la falta de humedad comprometer\u00eda cultivos esenciales como la papa y el ma\u00edz. Heladas intensas: parad\u00f3jicamente, las noches despejadas t\u00edpicas de la sequ\u00eda pueden provocar heladas m\u00e1s severas que da\u00f1an la producci\u00f3n agr\u00edcola.<br \/>\n\u2022 Chaco. Es una de las zonas m\u00e1s vulnerables debido a su clima ya semi\u00e1rido. D\u00e9ficit h\u00eddrico extremo: se esperan sequ\u00edas prolongadas con lluvias muy por debajo del promedio hacia finales de 2026. Calor extremo: las temperaturas podr\u00edan superar frecuentemente los 40\u00b0C, aumentando el estr\u00e9s h\u00eddrico en la ganader\u00eda y los cultivos. Incendios: la combinaci\u00f3n de calor y sequedad eleva dr\u00e1sticamente el riesgo de incendios forestales y de pastizales.<br \/>\n\u2022 Llanos (Santa Cruz y Beni). Aqu\u00ed el fen\u00f3meno presenta una dualidad entre el calor extremo y lluvias irregulares. Santa Cruz: se proyectan d\u00e9ficits de lluvia cercanos al 40% en algunas zonas productoras, con temperaturas m\u00e1ximas que podr\u00edan superar los 40\u00b0C desde octubre. Beni: en regiones como Trinidad, se estima una disminuci\u00f3n del 30% en las lluvias respecto a lo normal, aunque hist\u00f3ricamente El Ni\u00f1o tambi\u00e9n puede causar inundaciones por desbordes de r\u00edos que bajan de las cuencas altas. Riesgo de incendios: especialmente elevado en la Chiquitania y zonas cercanas al Pantanal.<br \/>\n\u2022 Amazonia (Pando y norte del Beni). En esta regi\u00f3n, los efectos pueden variar dr\u00e1sticamente seg\u00fan la fase del fen\u00f3meno. Lluvias tempranas: entre mayo y julio de 2026, podr\u00edan registrarse lluvias por encima de lo normal. Sequ\u00eda posterior: hacia finales de 2026 y principios de 2027, la regi\u00f3n amaz\u00f3nica suele enfrentar sequ\u00edas intensas que reducen los caudales de los r\u00edos e impactan la biodiversidad y el transporte fluvial. Salud p\u00fablica: El estancamiento de agua y el calor favorecen la propagaci\u00f3n de enfermedades como el dengue, zika y chikungunya.<\/p>\n<p><strong>Tareas a realizar<\/strong><\/p>\n<p>1) Preparaci\u00f3n y gesti\u00f3n del riesgo (transversal)<br \/>\n\u2022 Activar alertas tempranas y planes por fases: usar boletines estacionales y climatol\u00f3gicos para pasar de \u201cprevenci\u00f3n\u201d a \u201crespuesta\u201d (p. ej., sequ\u00eda, escasez de agua; luego posible empeoramiento\/otros extremos). En la regi\u00f3n, FAO y WFP ya trabajan con \u201canticipatory action\u201d para El Ni\u00f1o (jun 2026\u2013mar 2027), incluyendo alertas y acciones anticipadas.<br \/>\n\u2022 Mapear vulnerabilidad y asegurar focalizaci\u00f3n: identificar comunidades con mayor estr\u00e9s h\u00eddrico, p\u00e9rdida de cultivos y alta exposici\u00f3n a arbovirosis (dengue\/zika\/chikungunya).<br \/>\n\u2022 Planes de continuidad de servicios: agua potable (operaci\u00f3n de plantas\/pozos\/almacenamiento), salud (referencia y manejo cl\u00ednico), y emergencias (log\u00edstica y respuesta).<br \/>\n2) Agua y seguridad h\u00eddrica (prioridad alta en sequ\u00eda)<br \/>\n\u2022 Captaci\u00f3n y almacenamiento (micro\/meso): cosecha de agua de techos, reservorios comunitarios, mejoramiento de aljibes y limpieza\/rehabilitaci\u00f3n de infraestructura existente.<br \/>\n\u2022 Eficiencia y tecnificaci\u00f3n del riego:<br \/>\no riego presurizado\/micro-riego donde sea viable,<br \/>\no programaci\u00f3n por turnos seg\u00fan disponibilidad,<br \/>\no manejo de cobertura del suelo (mulch) para reducir evaporaci\u00f3n.<br \/>\n\u2022 Gesti\u00f3n de redes y reducci\u00f3n de p\u00e9rdidas: sectorizaci\u00f3n, control de fugas y horarios de abastecimiento cuando haya d\u00e9ficit.<br \/>\n\u2022 Planes para agua potable: priorizar cloraci\u00f3n\/aseguramiento de calidad, y rutas log\u00edsticas de reposici\u00f3n (si se reduce caudal\/aforo de fuentes).<br \/>\nEn sequ\u00eda, la l\u00f3gica t\u00e9cnica es \u201casegurar agua para consumo primero y luego producci\u00f3n\u201d, y sostenerlo con almacenamiento y eficiencia.<br \/>\n3) Agricultura y producci\u00f3n (respuesta r\u00e1pida + ajustes productivos)<br \/>\na) Medidas \u201cantes y durante\u201d el d\u00e9ficit de lluvias<br \/>\n\u2022 Calendarios agr\u00edcolas ajustados: reprogramar siembras\/trasplantes donde la ventana de lluvias se desplace o se reduzca.<br \/>\n\u2022 Semillas y manejo adaptado: promover variedades\/t\u00e9cnicas tolerantes a d\u00e9ficit h\u00eddrico (y manejo de estr\u00e9s).<br \/>\n\u2022 Cobertura del suelo y conservaci\u00f3n: siembra en surcos con barreras vivas, cobertura org\u00e1nica, labranza m\u00ednima donde aplique.<br \/>\nb) Protecci\u00f3n espec\u00edfica por regi\u00f3n (alineado a tu descripci\u00f3n)<br \/>\n\u2022 Altiplano y Valles (sequ\u00eda + heladas)<br \/>\no Gesti\u00f3n de heladas: alertas para helada, coberturas\/\u201cmulch\u201d en semilleros, protecci\u00f3n de parcelas cr\u00edticas y manejo de fechas.<br \/>\no Priorizar cultivos y manejo de humedad: estrategias de conservaci\u00f3n de humedad del suelo y riego m\u00ednimo (cuando exista posibilidad) para cultivos esenciales.<br \/>\n\u2022 Chaco (d\u00e9ficit h\u00eddrico extremo + calor + incendios)<br \/>\no Planes de manejo de forrajes: estrategias para sostener alimentaci\u00f3n del ganado (reservas forrajeras donde sea posible).<br \/>\no Sistemas de riego\/abrevaderos focalizados y rutas de abastecimiento de agua.<br \/>\n\u2022 Llanos (Santa Cruz y Beni: calor + lluvias irregulares; riesgo de incendios)<br \/>\no Riego suplementario selectivo para cultivos de alto impacto econ\u00f3mico,<br \/>\no manejo de pastizales para reducir \u201ccarga combustible\u201d (en coordinaci\u00f3n con prevenci\u00f3n de incendios).<br \/>\nc) Seguro, asistencia y protecci\u00f3n social (t\u00e9cnico-operativo)<br \/>\n\u2022 Transferencias\/ayuda anticipatoria vinculadas a alertas clim\u00e1ticas (cuando hay validaci\u00f3n institucional).<br \/>\n\u2022 Apoyo en efectivo o insumos para re-siembra o ajuste de cultivo, en lugar de solo respuesta tard\u00eda.<br \/>\n4) Ganader\u00eda (estr\u00e9s t\u00e9rmico + estr\u00e9s h\u00eddrico + forrajes)<br \/>\n\u2022 Plan de agua para hatos: abrevaderos, puntos de carga, y continuidad log\u00edstica.<br \/>\n\u2022 Sistemas de sombra y manejo del estr\u00e9s: sombra artificial\/natural donde sea posible y pr\u00e1cticas para reducir horas de mayor calor.<br \/>\n\u2022 Plan forrajero y sanitario: reservas\/compra focalizada de alimento, y vigilancia de efectos indirectos (baja condici\u00f3n corporal &#8211; mayor susceptibilidad).<br \/>\n5) Incendios y manejo del fuego (Chaco + Llanos)<br \/>\n\u2022 Prevenci\u00f3n activa:<br \/>\no quemas controladas solo si hay regulaci\u00f3n\/planes,<br \/>\no corta-fuegos en zonas cr\u00edticas,<br \/>\no manejo de pastizales y reducci\u00f3n de carga combustible.<br \/>\n\u2022 Sistema de vigilancia y respuesta: puntos de observaci\u00f3n, coordinaci\u00f3n con bomberos\/brigadas comunitarias y protocolos de respuesta.<br \/>\n\u2022 Comunicaci\u00f3n de riesgo: mensajes por temporadas de alto riesgo (calor + sequedad).<br \/>\n6) Salud p\u00fablica (sequ\u00eda\/agua estancada\/calor &#8211; arbovirosis; y vigilancia cl\u00ednica)<br \/>\n\u2022 Control de vectores (en \u00e9poca previa y durante): campa\u00f1as para eliminar criaderos, larvicidas biol\u00f3gicos cuando corresponda y fortalecimiento de vigilancia entomol\u00f3gica\/epidemiol\u00f3gica.<br \/>\n\u2022 Comunicaci\u00f3n de riesgo y participaci\u00f3n comunitaria (eliminar agua acumulada, reconocer signos de alarma).<br \/>\n\u2022 Capacitaci\u00f3n y manejo cl\u00ednico: asegurar que los establecimientos sepan manejar casos y detectar severidad.<br \/>\n\u2022 Plan de vigilancia intensificada (dengue\/zika\/chikungunya), especialmente donde el calendario hist\u00f3rico y el ambiente cambien con El Ni\u00f1o.<br \/>\n7) Recomendaciones espec\u00edficas para tu bloque \u201cAmazon\u00eda\u201d (variabilidad lluvias\u2013sequ\u00eda)<br \/>\n\u2022 Si hay lluvias tempranas (mayo\u2013julio 2026): reforzar manejo de vectores y vigilancia (m\u00e1s criaderos por acumulaci\u00f3n\/escorrent\u00eda).<br \/>\n\u2022 Si luego domina sequ\u00eda (fin 2026\u2013inicio 2027):<br \/>\no vigilancia de calidad de agua y abastecimiento,<br \/>\no preparaci\u00f3n para reducci\u00f3n de caudales y efectos en movilidad (transporte fluvial),<br \/>\no continuidad de respuesta sanitaria en comunidades con acceso dif\u00edcil.<br \/>\n8) Gobernanza y coordinaci\u00f3n (para que sea ejecutable)<br \/>\n\u2022 Comit\u00e9s interinstitucionales (clima\u2013agua\u2013agricultura\u2013salud\u2013protecci\u00f3n civil) con:<br \/>\no metas por trimestre,<br \/>\no responsables por actividad,<br \/>\no presupuesto y rutas log\u00edsticas,<br \/>\no indicadores (agua almacenada, % riego tecnificado, superficie sembrada ajustada, focos de mosquitos, etc.).<br \/>\nFuente: Lucio Tito<\/p>\n","protected":false},"excerpt":{"rendered":"<p>Seg\u00fan el Servicio Nacional de Meteorolog\u00eda e Hidrolog\u00eda (Senamhi) en junio de este a\u00f1o, realizando seguimiento a los modelos para ver ocurrencia del fen\u00f3meno de El Ni\u00f1o, estableci\u00f3 un 62% de probabilidad de que comience en Bolivia, en agosto 2026 hasta mediados 2027, y la categor\u00eda que indican es un \u201cNi\u00f1o Fuerte\u201d, ya que a\u00fan [&hellip;]<\/p>\n","protected":false},"author":1,"featured_media":413838,"comment_status":"closed","ping_status":"open","sticky":false,"template":"","format":"standard","meta":{"_acf_changed":false,"footnotes":""},"categories":[7],"tags":[],"class_list":["post-413837","post","type-post","status-publish","format-standard","has-post-thumbnail","category-economia"],"acf":{"antetitulo":""},"yoast_head":"<!-- This site is optimized with the Yoast SEO plugin v28.4 - https:\/\/yoast.com\/product\/yoast-seo-wordpress\/ -->\n<title>Prev\u00e9n problemas clim\u00e1ticos que podr\u00edan surgir en agosto - El Diario - Bolivia<\/title>\n<meta name=\"robots\" content=\"index, follow, max-snippet:-1, max-image-preview:large, max-video-preview:-1\" \/>\n<link rel=\"canonical\" href=\"https:\/\/www.eldiario.net\/portal\/2026\/07\/19\/preven-problemas-climaticos-que-podrian-surgir-en-agosto\/\" \/>\n<meta property=\"og:locale\" content=\"es_ES\" \/>\n<meta property=\"og:type\" content=\"article\" \/>\n<meta property=\"og:title\" content=\"Prev\u00e9n problemas clim\u00e1ticos que podr\u00edan surgir en agosto - El Diario - Bolivia\" \/>\n<meta property=\"og:description\" content=\"Seg\u00fan el Servicio Nacional de Meteorolog\u00eda e Hidrolog\u00eda (Senamhi) en junio de este a\u00f1o, realizando seguimiento a los modelos para ver ocurrencia del fen\u00f3meno de El Ni\u00f1o, estableci\u00f3 un 62% de probabilidad de que comience en Bolivia, en agosto 2026 hasta mediados 2027, y la categor\u00eda que indican es un \u201cNi\u00f1o Fuerte\u201d, ya que a\u00fan [&hellip;]\" \/>\n<meta property=\"og:url\" content=\"https:\/\/www.eldiario.net\/portal\/2026\/07\/19\/preven-problemas-climaticos-que-podrian-surgir-en-agosto\/\" \/>\n<meta property=\"og:site_name\" content=\"El Diario - Bolivia\" \/>\n<meta property=\"article:publisher\" content=\"https:\/\/www.facebook.com\/eldiario.bolivia\/\" \/>\n<meta property=\"article:published_time\" content=\"2026-07-19T11:33:25+00:00\" \/>\n<meta property=\"og:image\" content=\"https:\/\/www.eldiario.net\/portal\/wp-content\/uploads\/2026\/07\/nino-1.webp\" \/>\n\t<meta property=\"og:image:width\" content=\"1045\" \/>\n\t<meta property=\"og:image:height\" content=\"598\" \/>\n\t<meta property=\"og:image:type\" content=\"image\/webp\" \/>\n<meta name=\"author\" content=\"Jeanette\" \/>\n<meta name=\"twitter:card\" content=\"summary_large_image\" \/>\n<meta name=\"twitter:creator\" content=\"@eldiario_net\" \/>\n<meta name=\"twitter:site\" content=\"@eldiario_net\" \/>\n<meta name=\"twitter:label1\" content=\"Escrito por\" \/>\n\t<meta name=\"twitter:data1\" content=\"Jeanette\" \/>\n\t<meta name=\"twitter:label2\" content=\"Tiempo de lectura\" \/>\n\t<meta name=\"twitter:data2\" content=\"7 minutos\" \/>\n<script type=\"application\/ld+json\" class=\"yoast-schema-graph\">{\"@context\":\"https:\\\/\\\/schema.org\",\"@graph\":[{\"@type\":\"Article\",\"@id\":\"https:\\\/\\\/www.eldiario.net\\\/portal\\\/2026\\\/07\\\/19\\\/preven-problemas-climaticos-que-podrian-surgir-en-agosto\\\/#article\",\"isPartOf\":{\"@id\":\"https:\\\/\\\/www.eldiario.net\\\/portal\\\/2026\\\/07\\\/19\\\/preven-problemas-climaticos-que-podrian-surgir-en-agosto\\\/\"},\"author\":{\"name\":\"Jeanette\",\"@id\":\"https:\\\/\\\/www.eldiario.net\\\/portal\\\/#\\\/schema\\\/person\\\/f46445640444750d7d753ccd04ae01b7\"},\"headline\":\"Prev\u00e9n problemas clim\u00e1ticos que podr\u00edan surgir en agosto\",\"datePublished\":\"2026-07-19T11:33:25+00:00\",\"mainEntityOfPage\":{\"@id\":\"https:\\\/\\\/www.eldiario.net\\\/portal\\\/2026\\\/07\\\/19\\\/preven-problemas-climaticos-que-podrian-surgir-en-agosto\\\/\"},\"wordCount\":1582,\"publisher\":{\"@id\":\"https:\\\/\\\/www.eldiario.net\\\/portal\\\/#organization\"},\"image\":{\"@id\":\"https:\\\/\\\/www.eldiario.net\\\/portal\\\/2026\\\/07\\\/19\\\/preven-problemas-climaticos-que-podrian-surgir-en-agosto\\\/#primaryimage\"},\"thumbnailUrl\":\"https:\\\/\\\/www.eldiario.net\\\/portal\\\/wp-content\\\/uploads\\\/2026\\\/07\\\/nino-1.webp\",\"articleSection\":[\"Econom\u00eda\"],\"inLanguage\":\"es\"},{\"@type\":\"WebPage\",\"@id\":\"https:\\\/\\\/www.eldiario.net\\\/portal\\\/2026\\\/07\\\/19\\\/preven-problemas-climaticos-que-podrian-surgir-en-agosto\\\/\",\"url\":\"https:\\\/\\\/www.eldiario.net\\\/portal\\\/2026\\\/07\\\/19\\\/preven-problemas-climaticos-que-podrian-surgir-en-agosto\\\/\",\"name\":\"Prev\u00e9n problemas clim\u00e1ticos que podr\u00edan surgir en agosto - El Diario - Bolivia\",\"isPartOf\":{\"@id\":\"https:\\\/\\\/www.eldiario.net\\\/portal\\\/#website\"},\"primaryImageOfPage\":{\"@id\":\"https:\\\/\\\/www.eldiario.net\\\/portal\\\/2026\\\/07\\\/19\\\/preven-problemas-climaticos-que-podrian-surgir-en-agosto\\\/#primaryimage\"},\"image\":{\"@id\":\"https:\\\/\\\/www.eldiario.net\\\/portal\\\/2026\\\/07\\\/19\\\/preven-problemas-climaticos-que-podrian-surgir-en-agosto\\\/#primaryimage\"},\"thumbnailUrl\":\"https:\\\/\\\/www.eldiario.net\\\/portal\\\/wp-content\\\/uploads\\\/2026\\\/07\\\/nino-1.webp\",\"datePublished\":\"2026-07-19T11:33:25+00:00\",\"breadcrumb\":{\"@id\":\"https:\\\/\\\/www.eldiario.net\\\/portal\\\/2026\\\/07\\\/19\\\/preven-problemas-climaticos-que-podrian-surgir-en-agosto\\\/#breadcrumb\"},\"inLanguage\":\"es\",\"potentialAction\":[{\"@type\":\"ReadAction\",\"target\":[\"https:\\\/\\\/www.eldiario.net\\\/portal\\\/2026\\\/07\\\/19\\\/preven-problemas-climaticos-que-podrian-surgir-en-agosto\\\/\"]}]},{\"@type\":\"ImageObject\",\"inLanguage\":\"es\",\"@id\":\"https:\\\/\\\/www.eldiario.net\\\/portal\\\/2026\\\/07\\\/19\\\/preven-problemas-climaticos-que-podrian-surgir-en-agosto\\\/#primaryimage\",\"url\":\"https:\\\/\\\/www.eldiario.net\\\/portal\\\/wp-content\\\/uploads\\\/2026\\\/07\\\/nino-1.webp\",\"contentUrl\":\"https:\\\/\\\/www.eldiario.net\\\/portal\\\/wp-content\\\/uploads\\\/2026\\\/07\\\/nino-1.webp\",\"width\":1045,\"height\":598},{\"@type\":\"BreadcrumbList\",\"@id\":\"https:\\\/\\\/www.eldiario.net\\\/portal\\\/2026\\\/07\\\/19\\\/preven-problemas-climaticos-que-podrian-surgir-en-agosto\\\/#breadcrumb\",\"itemListElement\":[{\"@type\":\"ListItem\",\"position\":1,\"name\":\"Portada\",\"item\":\"https:\\\/\\\/www.eldiario.net\\\/portal\\\/\"},{\"@type\":\"ListItem\",\"position\":2,\"name\":\"Prev\u00e9n problemas clim\u00e1ticos que podr\u00edan surgir en agosto\"}]},{\"@type\":\"WebSite\",\"@id\":\"https:\\\/\\\/www.eldiario.net\\\/portal\\\/#website\",\"url\":\"https:\\\/\\\/www.eldiario.net\\\/portal\\\/\",\"name\":\"El Diario - Decano de la prensa nacional\",\"description\":\"El Diario - Decano de la prensa nacional\",\"publisher\":{\"@id\":\"https:\\\/\\\/www.eldiario.net\\\/portal\\\/#organization\"},\"potentialAction\":[{\"@type\":\"SearchAction\",\"target\":{\"@type\":\"EntryPoint\",\"urlTemplate\":\"https:\\\/\\\/www.eldiario.net\\\/portal\\\/?s={search_term_string}\"},\"query-input\":{\"@type\":\"PropertyValueSpecification\",\"valueRequired\":true,\"valueName\":\"search_term_string\"}}],\"inLanguage\":\"es\"},{\"@type\":\"Organization\",\"@id\":\"https:\\\/\\\/www.eldiario.net\\\/portal\\\/#organization\",\"name\":\"El Diario - Decano de la prensa nacional\",\"url\":\"https:\\\/\\\/www.eldiario.net\\\/portal\\\/\",\"logo\":{\"@type\":\"ImageObject\",\"inLanguage\":\"es\",\"@id\":\"https:\\\/\\\/www.eldiario.net\\\/portal\\\/#\\\/schema\\\/logo\\\/image\\\/\",\"url\":\"https:\\\/\\\/www.eldiario.net\\\/portal\\\/wp-content\\\/uploads\\\/2023\\\/07\\\/logo_ED.jpg\",\"contentUrl\":\"https:\\\/\\\/www.eldiario.net\\\/portal\\\/wp-content\\\/uploads\\\/2023\\\/07\\\/logo_ED.jpg\",\"width\":272,\"height\":52,\"caption\":\"El Diario - Decano de la prensa nacional\"},\"image\":{\"@id\":\"https:\\\/\\\/www.eldiario.net\\\/portal\\\/#\\\/schema\\\/logo\\\/image\\\/\"},\"sameAs\":[\"https:\\\/\\\/www.facebook.com\\\/eldiario.bolivia\\\/\",\"https:\\\/\\\/x.com\\\/eldiario_net\"]},{\"@type\":\"Person\",\"@id\":\"https:\\\/\\\/www.eldiario.net\\\/portal\\\/#\\\/schema\\\/person\\\/f46445640444750d7d753ccd04ae01b7\",\"name\":\"Jeanette\",\"image\":{\"@type\":\"ImageObject\",\"inLanguage\":\"es\",\"@id\":\"https:\\\/\\\/secure.gravatar.com\\\/avatar\\\/3ea2118a5f7dad2b7138b1187a6b7ee55f160b9968b66013c3a3ef39dd7e5798?s=96&d=mm&r=g\",\"url\":\"https:\\\/\\\/secure.gravatar.com\\\/avatar\\\/3ea2118a5f7dad2b7138b1187a6b7ee55f160b9968b66013c3a3ef39dd7e5798?s=96&d=mm&r=g\",\"contentUrl\":\"https:\\\/\\\/secure.gravatar.com\\\/avatar\\\/3ea2118a5f7dad2b7138b1187a6b7ee55f160b9968b66013c3a3ef39dd7e5798?s=96&d=mm&r=g\",\"caption\":\"Jeanette\"},\"sameAs\":[\"https:\\\/\\\/www.eldiario.net\\\/portal\"],\"url\":\"https:\\\/\\\/www.eldiario.net\\\/portal\\\/author\\\/jeanette\\\/\"}]}<\/script>\n<!-- \/ Yoast SEO plugin. -->","yoast_head_json":{"title":"Prev\u00e9n problemas clim\u00e1ticos que podr\u00edan surgir en agosto - El Diario - Bolivia","robots":{"index":"index","follow":"follow","max-snippet":"max-snippet:-1","max-image-preview":"max-image-preview:large","max-video-preview":"max-video-preview:-1"},"canonical":"https:\/\/www.eldiario.net\/portal\/2026\/07\/19\/preven-problemas-climaticos-que-podrian-surgir-en-agosto\/","og_locale":"es_ES","og_type":"article","og_title":"Prev\u00e9n problemas clim\u00e1ticos que podr\u00edan surgir en agosto - El Diario - Bolivia","og_description":"Seg\u00fan el Servicio Nacional de Meteorolog\u00eda e Hidrolog\u00eda (Senamhi) en junio de este a\u00f1o, realizando seguimiento a los modelos para ver ocurrencia del fen\u00f3meno de El Ni\u00f1o, estableci\u00f3 un 62% de probabilidad de que comience en Bolivia, en agosto 2026 hasta mediados 2027, y la categor\u00eda que indican es un \u201cNi\u00f1o Fuerte\u201d, ya que a\u00fan [&hellip;]","og_url":"https:\/\/www.eldiario.net\/portal\/2026\/07\/19\/preven-problemas-climaticos-que-podrian-surgir-en-agosto\/","og_site_name":"El Diario - Bolivia","article_publisher":"https:\/\/www.facebook.com\/eldiario.bolivia\/","article_published_time":"2026-07-19T11:33:25+00:00","og_image":[{"width":1045,"height":598,"url":"https:\/\/www.eldiario.net\/portal\/wp-content\/uploads\/2026\/07\/nino-1.webp","type":"image\/webp"}],"author":"Jeanette","twitter_card":"summary_large_image","twitter_creator":"@eldiario_net","twitter_site":"@eldiario_net","twitter_misc":{"Escrito por":"Jeanette","Tiempo de lectura":"7 minutos"},"schema":{"@context":"https:\/\/schema.org","@graph":[{"@type":"Article","@id":"https:\/\/www.eldiario.net\/portal\/2026\/07\/19\/preven-problemas-climaticos-que-podrian-surgir-en-agosto\/#article","isPartOf":{"@id":"https:\/\/www.eldiario.net\/portal\/2026\/07\/19\/preven-problemas-climaticos-que-podrian-surgir-en-agosto\/"},"author":{"name":"Jeanette","@id":"https:\/\/www.eldiario.net\/portal\/#\/schema\/person\/f46445640444750d7d753ccd04ae01b7"},"headline":"Prev\u00e9n problemas clim\u00e1ticos que podr\u00edan surgir en agosto","datePublished":"2026-07-19T11:33:25+00:00","mainEntityOfPage":{"@id":"https:\/\/www.eldiario.net\/portal\/2026\/07\/19\/preven-problemas-climaticos-que-podrian-surgir-en-agosto\/"},"wordCount":1582,"publisher":{"@id":"https:\/\/www.eldiario.net\/portal\/#organization"},"image":{"@id":"https:\/\/www.eldiario.net\/portal\/2026\/07\/19\/preven-problemas-climaticos-que-podrian-surgir-en-agosto\/#primaryimage"},"thumbnailUrl":"https:\/\/www.eldiario.net\/portal\/wp-content\/uploads\/2026\/07\/nino-1.webp","articleSection":["Econom\u00eda"],"inLanguage":"es"},{"@type":"WebPage","@id":"https:\/\/www.eldiario.net\/portal\/2026\/07\/19\/preven-problemas-climaticos-que-podrian-surgir-en-agosto\/","url":"https:\/\/www.eldiario.net\/portal\/2026\/07\/19\/preven-problemas-climaticos-que-podrian-surgir-en-agosto\/","name":"Prev\u00e9n problemas clim\u00e1ticos que podr\u00edan surgir en agosto - El Diario - Bolivia","isPartOf":{"@id":"https:\/\/www.eldiario.net\/portal\/#website"},"primaryImageOfPage":{"@id":"https:\/\/www.eldiario.net\/portal\/2026\/07\/19\/preven-problemas-climaticos-que-podrian-surgir-en-agosto\/#primaryimage"},"image":{"@id":"https:\/\/www.eldiario.net\/portal\/2026\/07\/19\/preven-problemas-climaticos-que-podrian-surgir-en-agosto\/#primaryimage"},"thumbnailUrl":"https:\/\/www.eldiario.net\/portal\/wp-content\/uploads\/2026\/07\/nino-1.webp","datePublished":"2026-07-19T11:33:25+00:00","breadcrumb":{"@id":"https:\/\/www.eldiario.net\/portal\/2026\/07\/19\/preven-problemas-climaticos-que-podrian-surgir-en-agosto\/#breadcrumb"},"inLanguage":"es","potentialAction":[{"@type":"ReadAction","target":["https:\/\/www.eldiario.net\/portal\/2026\/07\/19\/preven-problemas-climaticos-que-podrian-surgir-en-agosto\/"]}]},{"@type":"ImageObject","inLanguage":"es","@id":"https:\/\/www.eldiario.net\/portal\/2026\/07\/19\/preven-problemas-climaticos-que-podrian-surgir-en-agosto\/#primaryimage","url":"https:\/\/www.eldiario.net\/portal\/wp-content\/uploads\/2026\/07\/nino-1.webp","contentUrl":"https:\/\/www.eldiario.net\/portal\/wp-content\/uploads\/2026\/07\/nino-1.webp","width":1045,"height":598},{"@type":"BreadcrumbList","@id":"https:\/\/www.eldiario.net\/portal\/2026\/07\/19\/preven-problemas-climaticos-que-podrian-surgir-en-agosto\/#breadcrumb","itemListElement":[{"@type":"ListItem","position":1,"name":"Portada","item":"https:\/\/www.eldiario.net\/portal\/"},{"@type":"ListItem","position":2,"name":"Prev\u00e9n problemas clim\u00e1ticos que podr\u00edan surgir en agosto"}]},{"@type":"WebSite","@id":"https:\/\/www.eldiario.net\/portal\/#website","url":"https:\/\/www.eldiario.net\/portal\/","name":"El Diario - Decano de la prensa nacional","description":"El Diario - Decano de la prensa nacional","publisher":{"@id":"https:\/\/www.eldiario.net\/portal\/#organization"},"potentialAction":[{"@type":"SearchAction","target":{"@type":"EntryPoint","urlTemplate":"https:\/\/www.eldiario.net\/portal\/?s={search_term_string}"},"query-input":{"@type":"PropertyValueSpecification","valueRequired":true,"valueName":"search_term_string"}}],"inLanguage":"es"},{"@type":"Organization","@id":"https:\/\/www.eldiario.net\/portal\/#organization","name":"El Diario - Decano de la prensa nacional","url":"https:\/\/www.eldiario.net\/portal\/","logo":{"@type":"ImageObject","inLanguage":"es","@id":"https:\/\/www.eldiario.net\/portal\/#\/schema\/logo\/image\/","url":"https:\/\/www.eldiario.net\/portal\/wp-content\/uploads\/2023\/07\/logo_ED.jpg","contentUrl":"https:\/\/www.eldiario.net\/portal\/wp-content\/uploads\/2023\/07\/logo_ED.jpg","width":272,"height":52,"caption":"El Diario - Decano de la prensa nacional"},"image":{"@id":"https:\/\/www.eldiario.net\/portal\/#\/schema\/logo\/image\/"},"sameAs":["https:\/\/www.facebook.com\/eldiario.bolivia\/","https:\/\/x.com\/eldiario_net"]},{"@type":"Person","@id":"https:\/\/www.eldiario.net\/portal\/#\/schema\/person\/f46445640444750d7d753ccd04ae01b7","name":"Jeanette","image":{"@type":"ImageObject","inLanguage":"es","@id":"https:\/\/secure.gravatar.com\/avatar\/3ea2118a5f7dad2b7138b1187a6b7ee55f160b9968b66013c3a3ef39dd7e5798?s=96&d=mm&r=g","url":"https:\/\/secure.gravatar.com\/avatar\/3ea2118a5f7dad2b7138b1187a6b7ee55f160b9968b66013c3a3ef39dd7e5798?s=96&d=mm&r=g","contentUrl":"https:\/\/secure.gravatar.com\/avatar\/3ea2118a5f7dad2b7138b1187a6b7ee55f160b9968b66013c3a3ef39dd7e5798?s=96&d=mm&r=g","caption":"Jeanette"},"sameAs":["https:\/\/www.eldiario.net\/portal"],"url":"https:\/\/www.eldiario.net\/portal\/author\/jeanette\/"}]}},"_links":{"self":[{"href":"https:\/\/www.eldiario.net\/portal\/wp-json\/wp\/v2\/posts\/413837","targetHints":{"allow":["GET"]}}],"collection":[{"href":"https:\/\/www.eldiario.net\/portal\/wp-json\/wp\/v2\/posts"}],"about":[{"href":"https:\/\/www.eldiario.net\/portal\/wp-json\/wp\/v2\/types\/post"}],"author":[{"embeddable":true,"href":"https:\/\/www.eldiario.net\/portal\/wp-json\/wp\/v2\/users\/1"}],"replies":[{"embeddable":true,"href":"https:\/\/www.eldiario.net\/portal\/wp-json\/wp\/v2\/comments?post=413837"}],"version-history":[{"count":1,"href":"https:\/\/www.eldiario.net\/portal\/wp-json\/wp\/v2\/posts\/413837\/revisions"}],"predecessor-version":[{"id":413839,"href":"https:\/\/www.eldiario.net\/portal\/wp-json\/wp\/v2\/posts\/413837\/revisions\/413839"}],"wp:featuredmedia":[{"embeddable":true,"href":"https:\/\/www.eldiario.net\/portal\/wp-json\/wp\/v2\/media\/413838"}],"wp:attachment":[{"href":"https:\/\/www.eldiario.net\/portal\/wp-json\/wp\/v2\/media?parent=413837"}],"wp:term":[{"taxonomy":"category","embeddable":true,"href":"https:\/\/www.eldiario.net\/portal\/wp-json\/wp\/v2\/categories?post=413837"},{"taxonomy":"post_tag","embeddable":true,"href":"https:\/\/www.eldiario.net\/portal\/wp-json\/wp\/v2\/tags?post=413837"}],"curies":[{"name":"wp","href":"https:\/\/api.w.org\/{rel}","templated":true}]}}