{"id":413727,"date":"2026-07-18T08:27:44","date_gmt":"2026-07-18T12:27:44","guid":{"rendered":"https:\/\/www.eldiario.net\/portal\/?p=413727"},"modified":"2026-07-18T08:27:44","modified_gmt":"2026-07-18T12:27:44","slug":"ministro-romero-consolida-alianzas-climaticas-para-bolivia-en-londres","status":"publish","type":"post","link":"https:\/\/www.eldiario.net\/portal\/2026\/07\/18\/ministro-romero-consolida-alianzas-climaticas-para-bolivia-en-londres\/","title":{"rendered":"Ministro Romero consolida alianzas clim\u00e1ticas para Bolivia en Londres"},"content":{"rendered":"<p>El ministro de Planificaci\u00f3n del Desarrollo y Medio Ambiente de Bolivia, Fernando Romero, lider\u00f3 una exitosa agenda de diplomacia ambiental en la London Climate Action Week 2026, un evento global que reuni\u00f3 a m\u00e1s de 75.000 participantes en la capital brit\u00e1nica. Encabezando una comitiva integrada por l\u00edderes ind\u00edgenas de Charagua y representantes del sector privado boliviano, el ministro sostuvo reuniones de alto nivel con el viceprimer Ministro del Reino Unido, David Lammy, y la ministra de Asuntos Clim\u00e1ticos, Kate White, con el objetivo de consolidar inversiones sostenibles y fortalecer la resiliencia frente al cambio clim\u00e1tico.<br \/>\nDurante los encuentros bilaterales, el ministro Romero destac\u00f3 que Bolivia se est\u00e1 posicionando nuevamente ante el mundo como un pa\u00eds comprometido con proyectos de biodiversidad, agradeciendo el respaldo y la excelente acogida del Gobierno brit\u00e1nico. En el marco de esta creciente alianza, se ratific\u00f3 el compromiso del Reino Unido de destinar US$7 millones \u2014a trav\u00e9s de la Iniciativa Darwin\u2014 para apoyar la conservaci\u00f3n de 4 millones de hect\u00e1reas de la Amazon\u00eda boliviana y mitigar el impacto de los incendios forestales severos.<br \/>\nAl respecto, Zeno Van Den Hoek, encargado de negocios de la Embajada Brit\u00e1nica en La Paz, reafirm\u00f3 la importancia de este lazo se\u00f1alando que la London Climate Action Week volvi\u00f3 a demostrar la fortaleza de la alianza entre el Reino Unido y Bolivia, permitiendo que ambos pa\u00edses trabajen juntos en la movilizaci\u00f3n de inversiones para proteger la Amazon\u00eda boliviana, conservar la biodiversidad y fortalecer la resiliencia frente a los incendios forestales y otros impactos del cambio clim\u00e1tico.Asimismo, la gesti\u00f3n del ministro Romero incluy\u00f3 la presentaci\u00f3n oficial del programa verde de la autonom\u00eda ind\u00edgena Charagua Iyambae, bajo el est\u00e1ndar internacional ART TREES, ante inversores globales y la Coalici\u00f3n LEAF. Esta participaci\u00f3n estrat\u00e9gica coincidi\u00f3 con el anuncio del Reino Unido sobre la movilizaci\u00f3n de m\u00e1s de US$135 mil millones en inversi\u00f3n privada para energ\u00eda limpia desde 2024 y el lanzamiento de m\u00e1s de US$57 millones en nuevas iniciativas globales de resi-liencia y adaptaci\u00f3n clim\u00e1tica.<\/p>\n\r\n                <style type=\"text\/css\">\r\n                    \r\n                    #tdi_1  .td-doubleSlider-2 .td-item1 {\r\n                        background: url(https:\/\/www.eldiario.net\/portal\/wp-content\/uploads\/2026\/07\/MI-1-80x60.webp) 0 0 no-repeat;\r\n                    }\r\n                    #tdi_1  .td-doubleSlider-2 .td-item2 {\r\n                        background: url(https:\/\/www.eldiario.net\/portal\/wp-content\/uploads\/2026\/07\/MI-2-80x60.webp) 0 0 no-repeat;\r\n                    }\r\n                    #tdi_1  .td-doubleSlider-2 .td-item3 {\r\n                        background: url(https:\/\/www.eldiario.net\/portal\/wp-content\/uploads\/2026\/07\/MI-3-80x60.webp) 0 0 no-repeat;\r\n                    }\r\n                    #tdi_1  .td-doubleSlider-2 .td-item4 {\r\n                        background: url(https:\/\/www.eldiario.net\/portal\/wp-content\/uploads\/2026\/07\/MI-4-80x60.webp) 0 0 no-repeat;\r\n                    }\r\n                <\/style>\r\n\r\n                <div id=\"tdi_1\" class=\"td-gallery td-slide-on-2-columns\">\r\n                    <div class=\"post_td_gallery\">\r\n                        <div class=\"td-gallery-slide-top\">\r\n                           <div class=\"td-gallery-title\"><\/div>\r\n\r\n                            <div class=\"td-gallery-controls-wrapper\">\r\n                                <div class=\"td-gallery-slide-count\"><span class=\"td-gallery-slide-item-focus\">1<\/span> de 4<\/div>\r\n                                <div class=\"td-gallery-slide-prev-next-but\">\r\n                                    <i class = \"td-icon-left doubleSliderPrevButton\"><\/i>\r\n                                    <i class = \"td-icon-right doubleSliderNextButton\"><\/i>\r\n                                <\/div>\r\n                            <\/div>\r\n                        <\/div>\r\n\r\n                        <div class = \"td-doubleSlider-1 \">\r\n                            <div class = \"td-slider\">\r\n                                \r\n                    <div class = \"td-slide-item td-item1\">\r\n                        <figure class=\"td-slide-galery-figure td-slide-popup-gallery\">\r\n                            <a class=\"slide-gallery-image-link\" href=\"https:\/\/www.eldiario.net\/portal\/wp-content\/uploads\/2026\/07\/MI-1.webp\" title=\"MI-1\"  data-caption=\"ANDREW STEER, PRESIDENTE DEL CONSEJO DEL REAL JARD\u00cdN BOT\u00c1NICO DE KEW; FERNANDO ROMERO, MINISTRO DE PLANIFICACI\u00d3N DEL DESARROLLO Y MEDIO AMBIENTE DE BOLIVI; EMMA REYNOLDS, \nSECRETARIA DE ESTADO DE MEDIO AMBIENTE, ALIMENTACI\u00d3N Y ASUNTOS RURALES DEL REINO UNIDO; DAVID LAMMY, VICEPRIMER MINISTRO DEL REINO UNID; RICHARD DEVERELL, DIRECTOR DEL REAL JARD\u00cdN BOT\u00c1NICO DE KEW SOSTUVIERON UN ENCUENTRO DURANTE DEL D\u00cdA DE FINANCIAMIENTO PARA LA \nNATURALEZA DE LA SEMANA DE ACCI\u00d3N CLIM\u00c1TICA DE LONDRES.\"  data-description=\"ANDREW STEER, PRESIDENTE DEL CONSEJO DEL REAL JARD&Iacute;N BOT&Aacute;NICO DE KEW; FERNANDO ROMERO, MINISTRO DE PLANIFICACI&Oacute;N DEL DESARROLLO Y MEDIO AMBIENTE DE BOLIVI; EMMA REYNOLDS, \nSECRETARIA DE ESTADO DE MEDIO AMBIENTE, ALIMENTACI&Oacute;N Y ASUNTOS RURALES DEL REINO UNIDO; DAVID LAMMY, VICEPRIMER MINISTRO DEL REINO UNID; RICHARD DEVERELL, DIRECTOR DEL REAL JARD&Iacute;N BOT&Aacute;NICO DE KEW SOSTUVIERON UN ENCUENTRO DURANTE DEL D&Iacute;A DE FINANCIAMIENTO PARA LA \nNATURALEZA DE LA SEMANA DE ACCI&Oacute;N CLIM&Aacute;TICA DE LONDRES.\">\r\n                                <img decoding=\"async\" src=\"https:\/\/www.eldiario.net\/portal\/wp-content\/uploads\/2026\/07\/MI-1-748x420.webp\" srcset=\"https:\/\/www.eldiario.net\/portal\/wp-content\/uploads\/2026\/07\/MI-1-748x420.webp 748w, https:\/\/www.eldiario.net\/portal\/wp-content\/uploads\/2026\/07\/MI-1-300x169.webp 300w, https:\/\/www.eldiario.net\/portal\/wp-content\/uploads\/2026\/07\/MI-1-1024x575.webp 1024w, https:\/\/www.eldiario.net\/portal\/wp-content\/uploads\/2026\/07\/MI-1-768x431.webp 768w, https:\/\/www.eldiario.net\/portal\/wp-content\/uploads\/2026\/07\/MI-1-150x84.webp 150w, https:\/\/www.eldiario.net\/portal\/wp-content\/uploads\/2026\/07\/MI-1-696x391.webp 696w, https:\/\/www.eldiario.net\/portal\/wp-content\/uploads\/2026\/07\/MI-1-1068x600.webp 1068w, https:\/\/www.eldiario.net\/portal\/wp-content\/uploads\/2026\/07\/MI-1.webp 1200w\" sizes=\"(max-width: 748px) 100vw, 748px\" alt=\"\">\r\n                            <\/a>\r\n                            <figcaption class = \"td-slide-caption td-gallery-slide-content\"><div class = \"td-gallery-slide-copywrite\">ANDREW STEER, PRESIDENTE DEL CONSEJO DEL REAL JARD\u00cdN BOT\u00c1NICO DE KEW; FERNANDO ROMERO, MINISTRO DE PLANIFICACI\u00d3N DEL DESARROLLO Y MEDIO AMBIENTE DE BOLIVI; EMMA REYNOLDS, \nSECRETARIA DE ESTADO DE MEDIO AMBIENTE, ALIMENTACI\u00d3N Y ASUNTOS RURALES DEL REINO UNIDO; DAVID LAMMY, VICEPRIMER MINISTRO DEL REINO UNID; RICHARD DEVERELL, DIRECTOR DEL REAL JARD\u00cdN BOT\u00c1NICO DE KEW SOSTUVIERON UN ENCUENTRO DURANTE DEL D\u00cdA DE FINANCIAMIENTO PARA LA \nNATURALEZA DE LA SEMANA DE ACCI\u00d3N CLIM\u00c1TICA DE LONDRES.<\/div><span>ANDREW STEER, PRESIDENTE DEL CONSEJO DEL REAL JARD\u00cdN BOT\u00c1NICO DE KEW; FERNANDO ROMERO, MINISTRO DE PLANIFICACI\u00d3N DEL DESARROLLO Y MEDIO AMBIENTE DE BOLIVI; EMMA REYNOLDS, \nSECRETARIA DE ESTADO DE MEDIO AMBIENTE, ALIMENTACI\u00d3N Y ASUNTOS RURALES DEL REINO UNIDO; DAVID LAMMY, VICEPRIMER MINISTRO DEL REINO UNID; RICHARD DEVERELL, DIRECTOR DEL REAL JARD\u00cdN BOT\u00c1NICO DE KEW SOSTUVIERON UN ENCUENTRO DURANTE DEL D\u00cdA DE FINANCIAMIENTO PARA LA \nNATURALEZA DE LA SEMANA DE ACCI\u00d3N CLIM\u00c1TICA DE LONDRES.<\/span><\/figcaption>\r\n                        <\/figure>\r\n                    <\/div>\r\n                    <div class = \"td-slide-item td-item2\">\r\n                        <figure class=\"td-slide-galery-figure td-slide-popup-gallery\">\r\n                            <a class=\"slide-gallery-image-link\" href=\"https:\/\/www.eldiario.net\/portal\/wp-content\/uploads\/2026\/07\/MI-2.webp\" title=\"MI-2\"  data-caption=\"EL VICEPRIMER MINISTRO DEL REINO UNIDO, DAVID LAMMY, EN CONVERSACI\u00d3N CON EL MINISTRO DE PLANIFICACI\u00d3N DEL DESARROLO Y MEDIO AMBIENTE, FERNANDO ROMERO.\"  data-description=\"EL VICEPRIMER MINISTRO DEL REINO UNIDO, DAVID LAMMY, EN CONVERSACI&Oacute;N CON EL MINISTRO DE PLANIFICACI&Oacute;N DEL DESARROLO Y MEDIO AMBIENTE, FERNANDO ROMERO.\">\r\n                                <img decoding=\"async\" src=\"https:\/\/www.eldiario.net\/portal\/wp-content\/uploads\/2026\/07\/MI-2-748x420.webp\" srcset=\"https:\/\/www.eldiario.net\/portal\/wp-content\/uploads\/2026\/07\/MI-2-748x420.webp 748w, https:\/\/www.eldiario.net\/portal\/wp-content\/uploads\/2026\/07\/MI-2-300x169.webp 300w, https:\/\/www.eldiario.net\/portal\/wp-content\/uploads\/2026\/07\/MI-2-1024x575.webp 1024w, https:\/\/www.eldiario.net\/portal\/wp-content\/uploads\/2026\/07\/MI-2-768x431.webp 768w, https:\/\/www.eldiario.net\/portal\/wp-content\/uploads\/2026\/07\/MI-2-150x84.webp 150w, https:\/\/www.eldiario.net\/portal\/wp-content\/uploads\/2026\/07\/MI-2-696x391.webp 696w, https:\/\/www.eldiario.net\/portal\/wp-content\/uploads\/2026\/07\/MI-2-1068x600.webp 1068w, https:\/\/www.eldiario.net\/portal\/wp-content\/uploads\/2026\/07\/MI-2.webp 1200w\" sizes=\"(max-width: 748px) 100vw, 748px\" alt=\"\">\r\n                            <\/a>\r\n                            <figcaption class = \"td-slide-caption td-gallery-slide-content\"><div class = \"td-gallery-slide-copywrite\">EL VICEPRIMER MINISTRO DEL REINO UNIDO, DAVID LAMMY, EN CONVERSACI\u00d3N CON EL MINISTRO DE PLANIFICACI\u00d3N DEL DESARROLO Y MEDIO AMBIENTE, FERNANDO ROMERO.<\/div><span>EL VICEPRIMER MINISTRO DEL REINO UNIDO, DAVID LAMMY, EN CONVERSACI\u00d3N CON EL MINISTRO DE PLANIFICACI\u00d3N DEL DESARROLO Y MEDIO AMBIENTE, FERNANDO ROMERO.<\/span><\/figcaption>\r\n                        <\/figure>\r\n                    <\/div>\r\n                    <div class = \"td-slide-item td-item3\">\r\n                        <figure class=\"td-slide-galery-figure td-slide-popup-gallery\">\r\n                            <a class=\"slide-gallery-image-link\" href=\"https:\/\/www.eldiario.net\/portal\/wp-content\/uploads\/2026\/07\/MI-3.webp\" title=\"MI-3\"  data-caption=\"RIVELINO SEGUNDO, CAPIT\u00c1N GRANDE DEL BAJO ISOSO DEL TERRITORIO AUT\u00d3NOMO IND\u00cdGENA DE CHARAGUA IYAMBAE, PARTICIP\u00d3 EN UN PANEL SOBRE REDD JURISDICCIONAL DE ALTA INTEGRIDAD  DURANTE LA SEMANA DE ACCI\u00d3N CLIM\u00c1TICA EN LONDRES.\"  data-description=\"RIVELINO SEGUNDO, CAPIT&Aacute;N GRANDE DEL BAJO ISOSO DEL TERRITORIO AUT&Oacute;NOMO IND&Iacute;GENA DE CHARAGUA IYAMBAE, PARTICIP&Oacute; EN UN PANEL SOBRE REDD JURISDICCIONAL DE ALTA INTEGRIDAD  DURANTE LA SEMANA DE ACCI&Oacute;N CLIM&Aacute;TICA EN LONDRES.\">\r\n                                <img decoding=\"async\" src=\"https:\/\/www.eldiario.net\/portal\/wp-content\/uploads\/2026\/07\/MI-3-748x420.webp\" srcset=\"https:\/\/www.eldiario.net\/portal\/wp-content\/uploads\/2026\/07\/MI-3-748x420.webp 748w, https:\/\/www.eldiario.net\/portal\/wp-content\/uploads\/2026\/07\/MI-3-300x169.webp 300w, https:\/\/www.eldiario.net\/portal\/wp-content\/uploads\/2026\/07\/MI-3-1024x575.webp 1024w, https:\/\/www.eldiario.net\/portal\/wp-content\/uploads\/2026\/07\/MI-3-768x431.webp 768w, https:\/\/www.eldiario.net\/portal\/wp-content\/uploads\/2026\/07\/MI-3-150x84.webp 150w, https:\/\/www.eldiario.net\/portal\/wp-content\/uploads\/2026\/07\/MI-3-696x391.webp 696w, https:\/\/www.eldiario.net\/portal\/wp-content\/uploads\/2026\/07\/MI-3-1068x600.webp 1068w, https:\/\/www.eldiario.net\/portal\/wp-content\/uploads\/2026\/07\/MI-3.webp 1200w\" sizes=\"(max-width: 748px) 100vw, 748px\" alt=\"\">\r\n                            <\/a>\r\n                            <figcaption class = \"td-slide-caption td-gallery-slide-content\"><div class = \"td-gallery-slide-copywrite\">RIVELINO SEGUNDO, CAPIT\u00c1N GRANDE DEL BAJO ISOSO DEL TERRITORIO AUT\u00d3NOMO IND\u00cdGENA DE CHARAGUA IYAMBAE, PARTICIP\u00d3 EN UN PANEL SOBRE REDD JURISDICCIONAL DE ALTA INTEGRIDAD  DURANTE LA SEMANA DE ACCI\u00d3N CLIM\u00c1TICA EN LONDRES.<\/div><span>RIVELINO SEGUNDO, CAPIT\u00c1N GRANDE DEL BAJO ISOSO DEL TERRITORIO AUT\u00d3NOMO IND\u00cdGENA DE CHARAGUA IYAMBAE, PARTICIP\u00d3 EN UN PANEL SOBRE REDD JURISDICCIONAL DE ALTA INTEGRIDAD  DURANTE LA SEMANA DE ACCI\u00d3N CLIM\u00c1TICA EN LONDRES.<\/span><\/figcaption>\r\n                        <\/figure>\r\n                    <\/div>\r\n                    <div class = \"td-slide-item td-item4\">\r\n                        <figure class=\"td-slide-galery-figure td-slide-popup-gallery\">\r\n                            <a class=\"slide-gallery-image-link\" href=\"https:\/\/www.eldiario.net\/portal\/wp-content\/uploads\/2026\/07\/MI-4.webp\" title=\"MI-4\"  data-caption=\"EL PANEL &quot;DE GLASGOW A ADDIS ABEBA: CONSOLIDANDO EN IMPULSO A FAVOR DE LOS BOSQUES DESDE LA COP30 HASTA LA COP32&quot; ORGANIZADO POR EL GOBIERNO BRIT\u00c1NICO Y EL FOREST AND CLIMATE LEADERS&#039; PARTNERSHIP.\"  data-description=\"EL PANEL &quot;DE GLASGOW A ADDIS ABEBA: CONSOLIDANDO EN IMPULSO A FAVOR DE LOS BOSQUES DESDE LA COP30 HASTA LA COP32&quot; ORGANIZADO POR EL GOBIERNO BRIT&Aacute;NICO Y EL FOREST AND CLIMATE LEADERS&#039; PARTNERSHIP.\">\r\n                                <img decoding=\"async\" src=\"https:\/\/www.eldiario.net\/portal\/wp-content\/uploads\/2026\/07\/MI-4-748x420.webp\" srcset=\"https:\/\/www.eldiario.net\/portal\/wp-content\/uploads\/2026\/07\/MI-4-748x420.webp 748w, https:\/\/www.eldiario.net\/portal\/wp-content\/uploads\/2026\/07\/MI-4-300x169.webp 300w, https:\/\/www.eldiario.net\/portal\/wp-content\/uploads\/2026\/07\/MI-4-1024x575.webp 1024w, https:\/\/www.eldiario.net\/portal\/wp-content\/uploads\/2026\/07\/MI-4-768x431.webp 768w, https:\/\/www.eldiario.net\/portal\/wp-content\/uploads\/2026\/07\/MI-4-150x84.webp 150w, https:\/\/www.eldiario.net\/portal\/wp-content\/uploads\/2026\/07\/MI-4-696x391.webp 696w, https:\/\/www.eldiario.net\/portal\/wp-content\/uploads\/2026\/07\/MI-4-1068x600.webp 1068w, https:\/\/www.eldiario.net\/portal\/wp-content\/uploads\/2026\/07\/MI-4.webp 1200w\" sizes=\"(max-width: 748px) 100vw, 748px\" alt=\"\">\r\n                            <\/a>\r\n                            <figcaption class = \"td-slide-caption td-gallery-slide-content\"><div class = \"td-gallery-slide-copywrite\">EL PANEL \"DE GLASGOW A ADDIS ABEBA: CONSOLIDANDO EN IMPULSO A FAVOR DE LOS BOSQUES DESDE LA COP30 HASTA LA COP32\" ORGANIZADO POR EL GOBIERNO BRIT\u00c1NICO Y EL FOREST AND CLIMATE LEADERS' PARTNERSHIP.<\/div><span>EL PANEL \"DE GLASGOW A ADDIS ABEBA: CONSOLIDANDO EN IMPULSO A FAVOR DE LOS BOSQUES DESDE LA COP30 HASTA LA COP32\" ORGANIZADO POR EL GOBIERNO BRIT\u00c1NICO Y EL FOREST AND CLIMATE LEADERS' PARTNERSHIP.<\/span><\/figcaption>\r\n                        <\/figure>\r\n                    <\/div>\r\n                            <\/div>\r\n                        <\/div>\r\n\r\n                        <div class = \"td-doubleSlider-2\">\r\n                            <div class = \"td-slider\">\r\n                                \r\n                    <div class = \"td-button td-item1\">\r\n                        <div class = \"td-border\"><\/div>\r\n                    <\/div>\r\n                    <div class = \"td-button td-item2\">\r\n                        <div class = \"td-border\"><\/div>\r\n                    <\/div>\r\n                    <div class = \"td-button td-item3\">\r\n                        <div class = \"td-border\"><\/div>\r\n                    <\/div>\r\n                    <div class = \"td-button td-item4\">\r\n                        <div class = \"td-border\"><\/div>\r\n                    <\/div>\r\n                            <\/div>\r\n                        <\/div>\r\n\r\n                    <\/div>\r\n\r\n                <\/div>\r\n                \n","protected":false},"excerpt":{"rendered":"<p>El ministro de Planificaci\u00f3n del Desarrollo y Medio Ambiente de Bolivia, Fernando Romero, lider\u00f3 una exitosa agenda de diplomacia ambiental en la London Climate Action Week 2026, un evento global que reuni\u00f3 a m\u00e1s de 75.000 participantes en la capital brit\u00e1nica. Encabezando una comitiva integrada por l\u00edderes ind\u00edgenas de Charagua y representantes del sector privado [&hellip;]<\/p>\n","protected":false},"author":1,"featured_media":413728,"comment_status":"closed","ping_status":"open","sticky":false,"template":"","format":"standard","meta":{"_acf_changed":false,"footnotes":""},"categories":[40],"tags":[],"class_list":["post-413727","post","type-post","status-publish","format-standard","has-post-thumbnail","category-sociales"],"acf":{"antetitulo":""},"yoast_head":"<!-- This site is optimized with the Yoast SEO plugin v28.4 - https:\/\/yoast.com\/product\/yoast-seo-wordpress\/ -->\n<title>Ministro Romero consolida alianzas clim\u00e1ticas para Bolivia en Londres - El Diario - Bolivia<\/title>\n<meta name=\"robots\" content=\"index, follow, max-snippet:-1, max-image-preview:large, max-video-preview:-1\" \/>\n<link rel=\"canonical\" href=\"https:\/\/www.eldiario.net\/portal\/2026\/07\/18\/ministro-romero-consolida-alianzas-climaticas-para-bolivia-en-londres\/\" \/>\n<meta property=\"og:locale\" content=\"es_ES\" \/>\n<meta property=\"og:type\" content=\"article\" \/>\n<meta property=\"og:title\" content=\"Ministro Romero consolida alianzas clim\u00e1ticas para Bolivia en Londres - El Diario - Bolivia\" \/>\n<meta property=\"og:description\" content=\"El ministro de Planificaci\u00f3n del Desarrollo y Medio Ambiente de Bolivia, Fernando Romero, lider\u00f3 una exitosa agenda de diplomacia ambiental en la London Climate Action Week 2026, un evento global que reuni\u00f3 a m\u00e1s de 75.000 participantes en la capital brit\u00e1nica. Encabezando una comitiva integrada por l\u00edderes ind\u00edgenas de Charagua y representantes del sector privado [&hellip;]\" \/>\n<meta property=\"og:url\" content=\"https:\/\/www.eldiario.net\/portal\/2026\/07\/18\/ministro-romero-consolida-alianzas-climaticas-para-bolivia-en-londres\/\" \/>\n<meta property=\"og:site_name\" content=\"El Diario - Bolivia\" \/>\n<meta property=\"article:publisher\" content=\"https:\/\/www.facebook.com\/eldiario.bolivia\/\" \/>\n<meta property=\"article:published_time\" content=\"2026-07-18T12:27:44+00:00\" \/>\n<meta property=\"og:image\" content=\"https:\/\/www.eldiario.net\/portal\/wp-content\/uploads\/2026\/07\/MI-1.webp\" \/>\n\t<meta property=\"og:image:width\" content=\"1200\" \/>\n\t<meta property=\"og:image:height\" content=\"674\" \/>\n\t<meta property=\"og:image:type\" content=\"image\/webp\" \/>\n<meta name=\"author\" content=\"Jeanette\" \/>\n<meta name=\"twitter:card\" content=\"summary_large_image\" \/>\n<meta name=\"twitter:creator\" content=\"@eldiario_net\" \/>\n<meta name=\"twitter:site\" content=\"@eldiario_net\" \/>\n<meta name=\"twitter:label1\" content=\"Escrito por\" \/>\n\t<meta name=\"twitter:data1\" content=\"Jeanette\" \/>\n\t<meta name=\"twitter:label2\" content=\"Tiempo de lectura\" \/>\n\t<meta name=\"twitter:data2\" content=\"2 minutos\" \/>\n<script type=\"application\/ld+json\" class=\"yoast-schema-graph\">{\"@context\":\"https:\\\/\\\/schema.org\",\"@graph\":[{\"@type\":\"Article\",\"@id\":\"https:\\\/\\\/www.eldiario.net\\\/portal\\\/2026\\\/07\\\/18\\\/ministro-romero-consolida-alianzas-climaticas-para-bolivia-en-londres\\\/#article\",\"isPartOf\":{\"@id\":\"https:\\\/\\\/www.eldiario.net\\\/portal\\\/2026\\\/07\\\/18\\\/ministro-romero-consolida-alianzas-climaticas-para-bolivia-en-londres\\\/\"},\"author\":{\"name\":\"Jeanette\",\"@id\":\"https:\\\/\\\/www.eldiario.net\\\/portal\\\/#\\\/schema\\\/person\\\/2c57cf2b7a7ae032e449e4c9b1019eac\"},\"headline\":\"Ministro Romero consolida alianzas clim\u00e1ticas para Bolivia en Londres\",\"datePublished\":\"2026-07-18T12:27:44+00:00\",\"mainEntityOfPage\":{\"@id\":\"https:\\\/\\\/www.eldiario.net\\\/portal\\\/2026\\\/07\\\/18\\\/ministro-romero-consolida-alianzas-climaticas-para-bolivia-en-londres\\\/\"},\"wordCount\":378,\"publisher\":{\"@id\":\"https:\\\/\\\/www.eldiario.net\\\/portal\\\/#organization\"},\"image\":{\"@id\":\"https:\\\/\\\/www.eldiario.net\\\/portal\\\/2026\\\/07\\\/18\\\/ministro-romero-consolida-alianzas-climaticas-para-bolivia-en-londres\\\/#primaryimage\"},\"thumbnailUrl\":\"https:\\\/\\\/www.eldiario.net\\\/portal\\\/wp-content\\\/uploads\\\/2026\\\/07\\\/MI-1.webp\",\"articleSection\":[\"Sociales\"],\"inLanguage\":\"es\"},{\"@type\":\"WebPage\",\"@id\":\"https:\\\/\\\/www.eldiario.net\\\/portal\\\/2026\\\/07\\\/18\\\/ministro-romero-consolida-alianzas-climaticas-para-bolivia-en-londres\\\/\",\"url\":\"https:\\\/\\\/www.eldiario.net\\\/portal\\\/2026\\\/07\\\/18\\\/ministro-romero-consolida-alianzas-climaticas-para-bolivia-en-londres\\\/\",\"name\":\"Ministro Romero consolida alianzas clim\u00e1ticas para Bolivia en Londres - El Diario - Bolivia\",\"isPartOf\":{\"@id\":\"https:\\\/\\\/www.eldiario.net\\\/portal\\\/#website\"},\"primaryImageOfPage\":{\"@id\":\"https:\\\/\\\/www.eldiario.net\\\/portal\\\/2026\\\/07\\\/18\\\/ministro-romero-consolida-alianzas-climaticas-para-bolivia-en-londres\\\/#primaryimage\"},\"image\":{\"@id\":\"https:\\\/\\\/www.eldiario.net\\\/portal\\\/2026\\\/07\\\/18\\\/ministro-romero-consolida-alianzas-climaticas-para-bolivia-en-londres\\\/#primaryimage\"},\"thumbnailUrl\":\"https:\\\/\\\/www.eldiario.net\\\/portal\\\/wp-content\\\/uploads\\\/2026\\\/07\\\/MI-1.webp\",\"datePublished\":\"2026-07-18T12:27:44+00:00\",\"breadcrumb\":{\"@id\":\"https:\\\/\\\/www.eldiario.net\\\/portal\\\/2026\\\/07\\\/18\\\/ministro-romero-consolida-alianzas-climaticas-para-bolivia-en-londres\\\/#breadcrumb\"},\"inLanguage\":\"es\",\"potentialAction\":[{\"@type\":\"ReadAction\",\"target\":[\"https:\\\/\\\/www.eldiario.net\\\/portal\\\/2026\\\/07\\\/18\\\/ministro-romero-consolida-alianzas-climaticas-para-bolivia-en-londres\\\/\"]}]},{\"@type\":\"ImageObject\",\"inLanguage\":\"es\",\"@id\":\"https:\\\/\\\/www.eldiario.net\\\/portal\\\/2026\\\/07\\\/18\\\/ministro-romero-consolida-alianzas-climaticas-para-bolivia-en-londres\\\/#primaryimage\",\"url\":\"https:\\\/\\\/www.eldiario.net\\\/portal\\\/wp-content\\\/uploads\\\/2026\\\/07\\\/MI-1.webp\",\"contentUrl\":\"https:\\\/\\\/www.eldiario.net\\\/portal\\\/wp-content\\\/uploads\\\/2026\\\/07\\\/MI-1.webp\",\"width\":1200,\"height\":674,\"caption\":\"ANDREW STEER, PRESIDENTE DEL CONSEJO DEL REAL JARD\u00cdN BOT\u00c1NICO DE KEW; FERNANDO ROMERO, MINISTRO DE PLANIFICACI\u00d3N DEL DESARROLLO Y MEDIO AMBIENTE DE BOLIVI; EMMA REYNOLDS, SECRETARIA DE ESTADO DE MEDIO AMBIENTE, ALIMENTACI\u00d3N Y ASUNTOS RURALES DEL REINO UNIDO; DAVID LAMMY, VICEPRIMER MINISTRO DEL REINO UNID; RICHARD DEVERELL, DIRECTOR DEL REAL JARD\u00cdN BOT\u00c1NICO DE KEW SOSTUVIERON UN ENCUENTRO DURANTE DEL D\u00cdA DE FINANCIAMIENTO PARA LA NATURALEZA DE LA SEMANA DE ACCI\u00d3N CLIM\u00c1TICA DE LONDRES.\"},{\"@type\":\"BreadcrumbList\",\"@id\":\"https:\\\/\\\/www.eldiario.net\\\/portal\\\/2026\\\/07\\\/18\\\/ministro-romero-consolida-alianzas-climaticas-para-bolivia-en-londres\\\/#breadcrumb\",\"itemListElement\":[{\"@type\":\"ListItem\",\"position\":1,\"name\":\"Portada\",\"item\":\"https:\\\/\\\/www.eldiario.net\\\/portal\\\/\"},{\"@type\":\"ListItem\",\"position\":2,\"name\":\"Ministro Romero consolida alianzas clim\u00e1ticas para Bolivia en Londres\"}]},{\"@type\":\"WebSite\",\"@id\":\"https:\\\/\\\/www.eldiario.net\\\/portal\\\/#website\",\"url\":\"https:\\\/\\\/www.eldiario.net\\\/portal\\\/\",\"name\":\"El Diario - Decano de la prensa nacional\",\"description\":\"El Diario - Decano de la prensa nacional\",\"publisher\":{\"@id\":\"https:\\\/\\\/www.eldiario.net\\\/portal\\\/#organization\"},\"potentialAction\":[{\"@type\":\"SearchAction\",\"target\":{\"@type\":\"EntryPoint\",\"urlTemplate\":\"https:\\\/\\\/www.eldiario.net\\\/portal\\\/?s={search_term_string}\"},\"query-input\":{\"@type\":\"PropertyValueSpecification\",\"valueRequired\":true,\"valueName\":\"search_term_string\"}}],\"inLanguage\":\"es\"},{\"@type\":\"Organization\",\"@id\":\"https:\\\/\\\/www.eldiario.net\\\/portal\\\/#organization\",\"name\":\"El Diario - Decano de la prensa nacional\",\"url\":\"https:\\\/\\\/www.eldiario.net\\\/portal\\\/\",\"logo\":{\"@type\":\"ImageObject\",\"inLanguage\":\"es\",\"@id\":\"https:\\\/\\\/www.eldiario.net\\\/portal\\\/#\\\/schema\\\/logo\\\/image\\\/\",\"url\":\"https:\\\/\\\/www.eldiario.net\\\/portal\\\/wp-content\\\/uploads\\\/2023\\\/07\\\/logo_ED.jpg\",\"contentUrl\":\"https:\\\/\\\/www.eldiario.net\\\/portal\\\/wp-content\\\/uploads\\\/2023\\\/07\\\/logo_ED.jpg\",\"width\":272,\"height\":52,\"caption\":\"El Diario - Decano de la prensa nacional\"},\"image\":{\"@id\":\"https:\\\/\\\/www.eldiario.net\\\/portal\\\/#\\\/schema\\\/logo\\\/image\\\/\"},\"sameAs\":[\"https:\\\/\\\/www.facebook.com\\\/eldiario.bolivia\\\/\",\"https:\\\/\\\/x.com\\\/eldiario_net\"]},{\"@type\":\"Person\",\"@id\":\"https:\\\/\\\/www.eldiario.net\\\/portal\\\/#\\\/schema\\\/person\\\/2c57cf2b7a7ae032e449e4c9b1019eac\",\"name\":\"Jeanette\",\"image\":{\"@type\":\"ImageObject\",\"inLanguage\":\"es\",\"@id\":\"https:\\\/\\\/secure.gravatar.com\\\/avatar\\\/3ea2118a5f7dad2b7138b1187a6b7ee55f160b9968b66013c3a3ef39dd7e5798?s=96&d=mm&r=g\",\"url\":\"https:\\\/\\\/secure.gravatar.com\\\/avatar\\\/3ea2118a5f7dad2b7138b1187a6b7ee55f160b9968b66013c3a3ef39dd7e5798?s=96&d=mm&r=g\",\"contentUrl\":\"https:\\\/\\\/secure.gravatar.com\\\/avatar\\\/3ea2118a5f7dad2b7138b1187a6b7ee55f160b9968b66013c3a3ef39dd7e5798?s=96&d=mm&r=g\",\"caption\":\"Jeanette\"},\"sameAs\":[\"https:\\\/\\\/www.eldiario.net\\\/portal\"],\"url\":\"https:\\\/\\\/www.eldiario.net\\\/portal\\\/author\\\/jeanette\\\/\"}]}<\/script>\n<!-- \/ Yoast SEO plugin. -->","yoast_head_json":{"title":"Ministro Romero consolida alianzas clim\u00e1ticas para Bolivia en Londres - El Diario - Bolivia","robots":{"index":"index","follow":"follow","max-snippet":"max-snippet:-1","max-image-preview":"max-image-preview:large","max-video-preview":"max-video-preview:-1"},"canonical":"https:\/\/www.eldiario.net\/portal\/2026\/07\/18\/ministro-romero-consolida-alianzas-climaticas-para-bolivia-en-londres\/","og_locale":"es_ES","og_type":"article","og_title":"Ministro Romero consolida alianzas clim\u00e1ticas para Bolivia en Londres - El Diario - Bolivia","og_description":"El ministro de Planificaci\u00f3n del Desarrollo y Medio Ambiente de Bolivia, Fernando Romero, lider\u00f3 una exitosa agenda de diplomacia ambiental en la London Climate Action Week 2026, un evento global que reuni\u00f3 a m\u00e1s de 75.000 participantes en la capital brit\u00e1nica. Encabezando una comitiva integrada por l\u00edderes ind\u00edgenas de Charagua y representantes del sector privado [&hellip;]","og_url":"https:\/\/www.eldiario.net\/portal\/2026\/07\/18\/ministro-romero-consolida-alianzas-climaticas-para-bolivia-en-londres\/","og_site_name":"El Diario - Bolivia","article_publisher":"https:\/\/www.facebook.com\/eldiario.bolivia\/","article_published_time":"2026-07-18T12:27:44+00:00","og_image":[{"width":1200,"height":674,"url":"https:\/\/www.eldiario.net\/portal\/wp-content\/uploads\/2026\/07\/MI-1.webp","type":"image\/webp"}],"author":"Jeanette","twitter_card":"summary_large_image","twitter_creator":"@eldiario_net","twitter_site":"@eldiario_net","twitter_misc":{"Escrito por":"Jeanette","Tiempo de lectura":"2 minutos"},"schema":{"@context":"https:\/\/schema.org","@graph":[{"@type":"Article","@id":"https:\/\/www.eldiario.net\/portal\/2026\/07\/18\/ministro-romero-consolida-alianzas-climaticas-para-bolivia-en-londres\/#article","isPartOf":{"@id":"https:\/\/www.eldiario.net\/portal\/2026\/07\/18\/ministro-romero-consolida-alianzas-climaticas-para-bolivia-en-londres\/"},"author":{"name":"Jeanette","@id":"https:\/\/www.eldiario.net\/portal\/#\/schema\/person\/2c57cf2b7a7ae032e449e4c9b1019eac"},"headline":"Ministro Romero consolida alianzas clim\u00e1ticas para Bolivia en Londres","datePublished":"2026-07-18T12:27:44+00:00","mainEntityOfPage":{"@id":"https:\/\/www.eldiario.net\/portal\/2026\/07\/18\/ministro-romero-consolida-alianzas-climaticas-para-bolivia-en-londres\/"},"wordCount":378,"publisher":{"@id":"https:\/\/www.eldiario.net\/portal\/#organization"},"image":{"@id":"https:\/\/www.eldiario.net\/portal\/2026\/07\/18\/ministro-romero-consolida-alianzas-climaticas-para-bolivia-en-londres\/#primaryimage"},"thumbnailUrl":"https:\/\/www.eldiario.net\/portal\/wp-content\/uploads\/2026\/07\/MI-1.webp","articleSection":["Sociales"],"inLanguage":"es"},{"@type":"WebPage","@id":"https:\/\/www.eldiario.net\/portal\/2026\/07\/18\/ministro-romero-consolida-alianzas-climaticas-para-bolivia-en-londres\/","url":"https:\/\/www.eldiario.net\/portal\/2026\/07\/18\/ministro-romero-consolida-alianzas-climaticas-para-bolivia-en-londres\/","name":"Ministro Romero consolida alianzas clim\u00e1ticas para Bolivia en Londres - El Diario - Bolivia","isPartOf":{"@id":"https:\/\/www.eldiario.net\/portal\/#website"},"primaryImageOfPage":{"@id":"https:\/\/www.eldiario.net\/portal\/2026\/07\/18\/ministro-romero-consolida-alianzas-climaticas-para-bolivia-en-londres\/#primaryimage"},"image":{"@id":"https:\/\/www.eldiario.net\/portal\/2026\/07\/18\/ministro-romero-consolida-alianzas-climaticas-para-bolivia-en-londres\/#primaryimage"},"thumbnailUrl":"https:\/\/www.eldiario.net\/portal\/wp-content\/uploads\/2026\/07\/MI-1.webp","datePublished":"2026-07-18T12:27:44+00:00","breadcrumb":{"@id":"https:\/\/www.eldiario.net\/portal\/2026\/07\/18\/ministro-romero-consolida-alianzas-climaticas-para-bolivia-en-londres\/#breadcrumb"},"inLanguage":"es","potentialAction":[{"@type":"ReadAction","target":["https:\/\/www.eldiario.net\/portal\/2026\/07\/18\/ministro-romero-consolida-alianzas-climaticas-para-bolivia-en-londres\/"]}]},{"@type":"ImageObject","inLanguage":"es","@id":"https:\/\/www.eldiario.net\/portal\/2026\/07\/18\/ministro-romero-consolida-alianzas-climaticas-para-bolivia-en-londres\/#primaryimage","url":"https:\/\/www.eldiario.net\/portal\/wp-content\/uploads\/2026\/07\/MI-1.webp","contentUrl":"https:\/\/www.eldiario.net\/portal\/wp-content\/uploads\/2026\/07\/MI-1.webp","width":1200,"height":674,"caption":"ANDREW STEER, PRESIDENTE DEL CONSEJO DEL REAL JARD\u00cdN BOT\u00c1NICO DE KEW; FERNANDO ROMERO, MINISTRO DE PLANIFICACI\u00d3N DEL DESARROLLO Y MEDIO AMBIENTE DE BOLIVI; EMMA REYNOLDS, SECRETARIA DE ESTADO DE MEDIO AMBIENTE, ALIMENTACI\u00d3N Y ASUNTOS RURALES DEL REINO UNIDO; DAVID LAMMY, VICEPRIMER MINISTRO DEL REINO UNID; RICHARD DEVERELL, DIRECTOR DEL REAL JARD\u00cdN BOT\u00c1NICO DE KEW SOSTUVIERON UN ENCUENTRO DURANTE DEL D\u00cdA DE FINANCIAMIENTO PARA LA NATURALEZA DE LA SEMANA DE ACCI\u00d3N CLIM\u00c1TICA DE LONDRES."},{"@type":"BreadcrumbList","@id":"https:\/\/www.eldiario.net\/portal\/2026\/07\/18\/ministro-romero-consolida-alianzas-climaticas-para-bolivia-en-londres\/#breadcrumb","itemListElement":[{"@type":"ListItem","position":1,"name":"Portada","item":"https:\/\/www.eldiario.net\/portal\/"},{"@type":"ListItem","position":2,"name":"Ministro Romero consolida alianzas clim\u00e1ticas para Bolivia en Londres"}]},{"@type":"WebSite","@id":"https:\/\/www.eldiario.net\/portal\/#website","url":"https:\/\/www.eldiario.net\/portal\/","name":"El Diario - Decano de la prensa nacional","description":"El Diario - Decano de la prensa nacional","publisher":{"@id":"https:\/\/www.eldiario.net\/portal\/#organization"},"potentialAction":[{"@type":"SearchAction","target":{"@type":"EntryPoint","urlTemplate":"https:\/\/www.eldiario.net\/portal\/?s={search_term_string}"},"query-input":{"@type":"PropertyValueSpecification","valueRequired":true,"valueName":"search_term_string"}}],"inLanguage":"es"},{"@type":"Organization","@id":"https:\/\/www.eldiario.net\/portal\/#organization","name":"El Diario - Decano de la prensa nacional","url":"https:\/\/www.eldiario.net\/portal\/","logo":{"@type":"ImageObject","inLanguage":"es","@id":"https:\/\/www.eldiario.net\/portal\/#\/schema\/logo\/image\/","url":"https:\/\/www.eldiario.net\/portal\/wp-content\/uploads\/2023\/07\/logo_ED.jpg","contentUrl":"https:\/\/www.eldiario.net\/portal\/wp-content\/uploads\/2023\/07\/logo_ED.jpg","width":272,"height":52,"caption":"El Diario - Decano de la prensa nacional"},"image":{"@id":"https:\/\/www.eldiario.net\/portal\/#\/schema\/logo\/image\/"},"sameAs":["https:\/\/www.facebook.com\/eldiario.bolivia\/","https:\/\/x.com\/eldiario_net"]},{"@type":"Person","@id":"https:\/\/www.eldiario.net\/portal\/#\/schema\/person\/2c57cf2b7a7ae032e449e4c9b1019eac","name":"Jeanette","image":{"@type":"ImageObject","inLanguage":"es","@id":"https:\/\/secure.gravatar.com\/avatar\/3ea2118a5f7dad2b7138b1187a6b7ee55f160b9968b66013c3a3ef39dd7e5798?s=96&d=mm&r=g","url":"https:\/\/secure.gravatar.com\/avatar\/3ea2118a5f7dad2b7138b1187a6b7ee55f160b9968b66013c3a3ef39dd7e5798?s=96&d=mm&r=g","contentUrl":"https:\/\/secure.gravatar.com\/avatar\/3ea2118a5f7dad2b7138b1187a6b7ee55f160b9968b66013c3a3ef39dd7e5798?s=96&d=mm&r=g","caption":"Jeanette"},"sameAs":["https:\/\/www.eldiario.net\/portal"],"url":"https:\/\/www.eldiario.net\/portal\/author\/jeanette\/"}]}},"_links":{"self":[{"href":"https:\/\/www.eldiario.net\/portal\/wp-json\/wp\/v2\/posts\/413727","targetHints":{"allow":["GET"]}}],"collection":[{"href":"https:\/\/www.eldiario.net\/portal\/wp-json\/wp\/v2\/posts"}],"about":[{"href":"https:\/\/www.eldiario.net\/portal\/wp-json\/wp\/v2\/types\/post"}],"author":[{"embeddable":true,"href":"https:\/\/www.eldiario.net\/portal\/wp-json\/wp\/v2\/users\/1"}],"replies":[{"embeddable":true,"href":"https:\/\/www.eldiario.net\/portal\/wp-json\/wp\/v2\/comments?post=413727"}],"version-history":[{"count":1,"href":"https:\/\/www.eldiario.net\/portal\/wp-json\/wp\/v2\/posts\/413727\/revisions"}],"predecessor-version":[{"id":413732,"href":"https:\/\/www.eldiario.net\/portal\/wp-json\/wp\/v2\/posts\/413727\/revisions\/413732"}],"wp:featuredmedia":[{"embeddable":true,"href":"https:\/\/www.eldiario.net\/portal\/wp-json\/wp\/v2\/media\/413728"}],"wp:attachment":[{"href":"https:\/\/www.eldiario.net\/portal\/wp-json\/wp\/v2\/media?parent=413727"}],"wp:term":[{"taxonomy":"category","embeddable":true,"href":"https:\/\/www.eldiario.net\/portal\/wp-json\/wp\/v2\/categories?post=413727"},{"taxonomy":"post_tag","embeddable":true,"href":"https:\/\/www.eldiario.net\/portal\/wp-json\/wp\/v2\/tags?post=413727"}],"curies":[{"name":"wp","href":"https:\/\/api.w.org\/{rel}","templated":true}]}}