{"id":413678,"date":"2026-07-18T07:53:38","date_gmt":"2026-07-18T11:53:38","guid":{"rendered":"https:\/\/www.eldiario.net\/portal\/?p=413678"},"modified":"2026-07-18T07:53:38","modified_gmt":"2026-07-18T11:53:38","slug":"ds-5658-declara-prioridad-nacional-la-realizacion-del-censo-agropecuario-2026","status":"publish","type":"post","link":"https:\/\/www.eldiario.net\/portal\/2026\/07\/18\/ds-5658-declara-prioridad-nacional-la-realizacion-del-censo-agropecuario-2026\/","title":{"rendered":"DS 5658 declara prioridad nacional la realizaci\u00f3n del Censo Agropecuario 2026"},"content":{"rendered":"<p>El Gobierno del Estado Plurinacional de Bolivia promulg\u00f3 el Decreto Supremo No. 5658, que declara de prioridad nacional la realizaci\u00f3n del Censo Agropecuario 2026, consolidando este operativo estad\u00edstico como una herramienta estrat\u00e9gica para fortalecer la planificaci\u00f3n del desarrollo productivo, la seguridad alimentaria y la formulaci\u00f3n de pol\u00edticas p\u00fablicas basadas en informaci\u00f3n confiable y oportuna.<br \/>\nLa norma establece que el Instituto Nacional de Estad\u00edstica (INE) a la cabeza de su director General Ejecutivo, Jorge Akamine Toledo, ser\u00e1 la entidad responsable de la planificaci\u00f3n, organizaci\u00f3n, ejecuci\u00f3n, procesamiento, an\u00e1lisis y difusi\u00f3n de los resultados del Censo Agropecuario, cuyo empadronamiento se desarrollar\u00e1 de septiembre a diciembre de 2026.<br \/>\nEl Decreto Supremo dispone que todas las entidades p\u00fablicas, instituciones privadas, organizaciones sociales y productivas, as\u00ed como la poblaci\u00f3n en general, coadyuven en la realizaci\u00f3n del operativo censal, promoviendo una amplia coordinaci\u00f3n interinstitucional para garantizar el \u00e9xito de dicho proceso.<br \/>\nAsimismo, se instruye el apoyo de las entidades del nivel central del Estado, las Fuerzas Armadas, la Polic\u00eda Boliviana, las Entidades Territoriales Aut\u00f3nomas, universidades e institutos t\u00e9cnicos en las diferentes etapas del proceso censal.<br \/>\nEl Censo Agropecuario permitir\u00e1 actualizar la informaci\u00f3n sobre las unidades de producci\u00f3n agropecuaria de todo el pa\u00eds, generando estad\u00edsticas oficiales que contribuir\u00e1n a la toma de decisiones en materia de desarrollo rural, productividad, seguridad alimentaria y planificaci\u00f3n territorial.<br \/>\nLa informaci\u00f3n obtenida tendr\u00e1 car\u00e1cter estrictamente confidencial y ser\u00e1 utilizada solo con fines estad\u00edsticos, sin fines tributarios, fiscales, administrativos, judiciales o relacionados con derechos de propiedad.<br \/>\nEl operativo ser\u00e1 financiado con recursos del Programa de Fortalecimiento del Sistema Estad\u00edstico del Estado Plurinacional de Bolivia, financiado por el Banco Interamericano de Desarrollo (BID), en el marco del Contrato de Pr\u00e9stamo No. 5514\/OC-BO, aprobado mediante la Ley No. 1447.<\/p>\n","protected":false},"excerpt":{"rendered":"<p>El Gobierno del Estado Plurinacional de Bolivia promulg\u00f3 el Decreto Supremo No. 5658, que declara de prioridad nacional la realizaci\u00f3n del Censo Agropecuario 2026, consolidando este operativo estad\u00edstico como una herramienta estrat\u00e9gica para fortalecer la planificaci\u00f3n del desarrollo productivo, la seguridad alimentaria y la formulaci\u00f3n de pol\u00edticas p\u00fablicas basadas en informaci\u00f3n confiable y oportuna. La [&hellip;]<\/p>\n","protected":false},"author":1,"featured_media":413679,"comment_status":"closed","ping_status":"open","sticky":false,"template":"","format":"standard","meta":{"_acf_changed":false,"footnotes":""},"categories":[7],"tags":[],"class_list":["post-413678","post","type-post","status-publish","format-standard","has-post-thumbnail","category-economia"],"acf":{"antetitulo":""},"yoast_head":"<!-- This site is optimized with the Yoast SEO plugin v28.4 - https:\/\/yoast.com\/product\/yoast-seo-wordpress\/ -->\n<title>DS 5658 declara prioridad nacional la realizaci\u00f3n del Censo Agropecuario 2026 - El Diario - Bolivia<\/title>\n<meta name=\"robots\" content=\"index, follow, max-snippet:-1, max-image-preview:large, max-video-preview:-1\" \/>\n<link rel=\"canonical\" href=\"https:\/\/www.eldiario.net\/portal\/2026\/07\/18\/ds-5658-declara-prioridad-nacional-la-realizacion-del-censo-agropecuario-2026\/\" \/>\n<meta property=\"og:locale\" content=\"es_ES\" \/>\n<meta property=\"og:type\" content=\"article\" \/>\n<meta property=\"og:title\" content=\"DS 5658 declara prioridad nacional la realizaci\u00f3n del Censo Agropecuario 2026 - El Diario - Bolivia\" \/>\n<meta property=\"og:description\" content=\"El Gobierno del Estado Plurinacional de Bolivia promulg\u00f3 el Decreto Supremo No. 5658, que declara de prioridad nacional la realizaci\u00f3n del Censo Agropecuario 2026, consolidando este operativo estad\u00edstico como una herramienta estrat\u00e9gica para fortalecer la planificaci\u00f3n del desarrollo productivo, la seguridad alimentaria y la formulaci\u00f3n de pol\u00edticas p\u00fablicas basadas en informaci\u00f3n confiable y oportuna. La [&hellip;]\" \/>\n<meta property=\"og:url\" content=\"https:\/\/www.eldiario.net\/portal\/2026\/07\/18\/ds-5658-declara-prioridad-nacional-la-realizacion-del-censo-agropecuario-2026\/\" \/>\n<meta property=\"og:site_name\" content=\"El Diario - Bolivia\" \/>\n<meta property=\"article:publisher\" content=\"https:\/\/www.facebook.com\/eldiario.bolivia\/\" \/>\n<meta property=\"article:published_time\" content=\"2026-07-18T11:53:38+00:00\" \/>\n<meta property=\"og:image\" content=\"https:\/\/www.eldiario.net\/portal\/wp-content\/uploads\/2026\/07\/ine.webp\" \/>\n\t<meta property=\"og:image:width\" content=\"768\" \/>\n\t<meta property=\"og:image:height\" content=\"513\" \/>\n\t<meta property=\"og:image:type\" content=\"image\/webp\" \/>\n<meta name=\"author\" content=\"Jeanette\" \/>\n<meta name=\"twitter:card\" content=\"summary_large_image\" \/>\n<meta name=\"twitter:creator\" content=\"@eldiario_net\" \/>\n<meta name=\"twitter:site\" content=\"@eldiario_net\" \/>\n<meta name=\"twitter:label1\" content=\"Escrito por\" \/>\n\t<meta name=\"twitter:data1\" content=\"Jeanette\" \/>\n\t<meta name=\"twitter:label2\" content=\"Tiempo de lectura\" \/>\n\t<meta name=\"twitter:data2\" content=\"2 minutos\" \/>\n<script type=\"application\/ld+json\" class=\"yoast-schema-graph\">{\"@context\":\"https:\\\/\\\/schema.org\",\"@graph\":[{\"@type\":\"Article\",\"@id\":\"https:\\\/\\\/www.eldiario.net\\\/portal\\\/2026\\\/07\\\/18\\\/ds-5658-declara-prioridad-nacional-la-realizacion-del-censo-agropecuario-2026\\\/#article\",\"isPartOf\":{\"@id\":\"https:\\\/\\\/www.eldiario.net\\\/portal\\\/2026\\\/07\\\/18\\\/ds-5658-declara-prioridad-nacional-la-realizacion-del-censo-agropecuario-2026\\\/\"},\"author\":{\"name\":\"Jeanette\",\"@id\":\"https:\\\/\\\/www.eldiario.net\\\/portal\\\/#\\\/schema\\\/person\\\/f46445640444750d7d753ccd04ae01b7\"},\"headline\":\"DS 5658 declara prioridad nacional la realizaci\u00f3n del Censo Agropecuario 2026\",\"datePublished\":\"2026-07-18T11:53:38+00:00\",\"mainEntityOfPage\":{\"@id\":\"https:\\\/\\\/www.eldiario.net\\\/portal\\\/2026\\\/07\\\/18\\\/ds-5658-declara-prioridad-nacional-la-realizacion-del-censo-agropecuario-2026\\\/\"},\"wordCount\":321,\"publisher\":{\"@id\":\"https:\\\/\\\/www.eldiario.net\\\/portal\\\/#organization\"},\"image\":{\"@id\":\"https:\\\/\\\/www.eldiario.net\\\/portal\\\/2026\\\/07\\\/18\\\/ds-5658-declara-prioridad-nacional-la-realizacion-del-censo-agropecuario-2026\\\/#primaryimage\"},\"thumbnailUrl\":\"https:\\\/\\\/www.eldiario.net\\\/portal\\\/wp-content\\\/uploads\\\/2026\\\/07\\\/ine.webp\",\"articleSection\":[\"Econom\u00eda\"],\"inLanguage\":\"es\"},{\"@type\":\"WebPage\",\"@id\":\"https:\\\/\\\/www.eldiario.net\\\/portal\\\/2026\\\/07\\\/18\\\/ds-5658-declara-prioridad-nacional-la-realizacion-del-censo-agropecuario-2026\\\/\",\"url\":\"https:\\\/\\\/www.eldiario.net\\\/portal\\\/2026\\\/07\\\/18\\\/ds-5658-declara-prioridad-nacional-la-realizacion-del-censo-agropecuario-2026\\\/\",\"name\":\"DS 5658 declara prioridad nacional la realizaci\u00f3n del Censo Agropecuario 2026 - El Diario - Bolivia\",\"isPartOf\":{\"@id\":\"https:\\\/\\\/www.eldiario.net\\\/portal\\\/#website\"},\"primaryImageOfPage\":{\"@id\":\"https:\\\/\\\/www.eldiario.net\\\/portal\\\/2026\\\/07\\\/18\\\/ds-5658-declara-prioridad-nacional-la-realizacion-del-censo-agropecuario-2026\\\/#primaryimage\"},\"image\":{\"@id\":\"https:\\\/\\\/www.eldiario.net\\\/portal\\\/2026\\\/07\\\/18\\\/ds-5658-declara-prioridad-nacional-la-realizacion-del-censo-agropecuario-2026\\\/#primaryimage\"},\"thumbnailUrl\":\"https:\\\/\\\/www.eldiario.net\\\/portal\\\/wp-content\\\/uploads\\\/2026\\\/07\\\/ine.webp\",\"datePublished\":\"2026-07-18T11:53:38+00:00\",\"breadcrumb\":{\"@id\":\"https:\\\/\\\/www.eldiario.net\\\/portal\\\/2026\\\/07\\\/18\\\/ds-5658-declara-prioridad-nacional-la-realizacion-del-censo-agropecuario-2026\\\/#breadcrumb\"},\"inLanguage\":\"es\",\"potentialAction\":[{\"@type\":\"ReadAction\",\"target\":[\"https:\\\/\\\/www.eldiario.net\\\/portal\\\/2026\\\/07\\\/18\\\/ds-5658-declara-prioridad-nacional-la-realizacion-del-censo-agropecuario-2026\\\/\"]}]},{\"@type\":\"ImageObject\",\"inLanguage\":\"es\",\"@id\":\"https:\\\/\\\/www.eldiario.net\\\/portal\\\/2026\\\/07\\\/18\\\/ds-5658-declara-prioridad-nacional-la-realizacion-del-censo-agropecuario-2026\\\/#primaryimage\",\"url\":\"https:\\\/\\\/www.eldiario.net\\\/portal\\\/wp-content\\\/uploads\\\/2026\\\/07\\\/ine.webp\",\"contentUrl\":\"https:\\\/\\\/www.eldiario.net\\\/portal\\\/wp-content\\\/uploads\\\/2026\\\/07\\\/ine.webp\",\"width\":768,\"height\":513,\"caption\":\"Autoridades de Gobierno\"},{\"@type\":\"BreadcrumbList\",\"@id\":\"https:\\\/\\\/www.eldiario.net\\\/portal\\\/2026\\\/07\\\/18\\\/ds-5658-declara-prioridad-nacional-la-realizacion-del-censo-agropecuario-2026\\\/#breadcrumb\",\"itemListElement\":[{\"@type\":\"ListItem\",\"position\":1,\"name\":\"Portada\",\"item\":\"https:\\\/\\\/www.eldiario.net\\\/portal\\\/\"},{\"@type\":\"ListItem\",\"position\":2,\"name\":\"DS 5658 declara prioridad nacional la realizaci\u00f3n del Censo Agropecuario 2026\"}]},{\"@type\":\"WebSite\",\"@id\":\"https:\\\/\\\/www.eldiario.net\\\/portal\\\/#website\",\"url\":\"https:\\\/\\\/www.eldiario.net\\\/portal\\\/\",\"name\":\"El Diario - Decano de la prensa nacional\",\"description\":\"El Diario - Decano de la prensa nacional\",\"publisher\":{\"@id\":\"https:\\\/\\\/www.eldiario.net\\\/portal\\\/#organization\"},\"potentialAction\":[{\"@type\":\"SearchAction\",\"target\":{\"@type\":\"EntryPoint\",\"urlTemplate\":\"https:\\\/\\\/www.eldiario.net\\\/portal\\\/?s={search_term_string}\"},\"query-input\":{\"@type\":\"PropertyValueSpecification\",\"valueRequired\":true,\"valueName\":\"search_term_string\"}}],\"inLanguage\":\"es\"},{\"@type\":\"Organization\",\"@id\":\"https:\\\/\\\/www.eldiario.net\\\/portal\\\/#organization\",\"name\":\"El Diario - Decano de la prensa nacional\",\"url\":\"https:\\\/\\\/www.eldiario.net\\\/portal\\\/\",\"logo\":{\"@type\":\"ImageObject\",\"inLanguage\":\"es\",\"@id\":\"https:\\\/\\\/www.eldiario.net\\\/portal\\\/#\\\/schema\\\/logo\\\/image\\\/\",\"url\":\"https:\\\/\\\/www.eldiario.net\\\/portal\\\/wp-content\\\/uploads\\\/2023\\\/07\\\/logo_ED.jpg\",\"contentUrl\":\"https:\\\/\\\/www.eldiario.net\\\/portal\\\/wp-content\\\/uploads\\\/2023\\\/07\\\/logo_ED.jpg\",\"width\":272,\"height\":52,\"caption\":\"El Diario - Decano de la prensa nacional\"},\"image\":{\"@id\":\"https:\\\/\\\/www.eldiario.net\\\/portal\\\/#\\\/schema\\\/logo\\\/image\\\/\"},\"sameAs\":[\"https:\\\/\\\/www.facebook.com\\\/eldiario.bolivia\\\/\",\"https:\\\/\\\/x.com\\\/eldiario_net\"]},{\"@type\":\"Person\",\"@id\":\"https:\\\/\\\/www.eldiario.net\\\/portal\\\/#\\\/schema\\\/person\\\/f46445640444750d7d753ccd04ae01b7\",\"name\":\"Jeanette\",\"image\":{\"@type\":\"ImageObject\",\"inLanguage\":\"es\",\"@id\":\"https:\\\/\\\/secure.gravatar.com\\\/avatar\\\/3ea2118a5f7dad2b7138b1187a6b7ee55f160b9968b66013c3a3ef39dd7e5798?s=96&d=mm&r=g\",\"url\":\"https:\\\/\\\/secure.gravatar.com\\\/avatar\\\/3ea2118a5f7dad2b7138b1187a6b7ee55f160b9968b66013c3a3ef39dd7e5798?s=96&d=mm&r=g\",\"contentUrl\":\"https:\\\/\\\/secure.gravatar.com\\\/avatar\\\/3ea2118a5f7dad2b7138b1187a6b7ee55f160b9968b66013c3a3ef39dd7e5798?s=96&d=mm&r=g\",\"caption\":\"Jeanette\"},\"sameAs\":[\"https:\\\/\\\/www.eldiario.net\\\/portal\"],\"url\":\"https:\\\/\\\/www.eldiario.net\\\/portal\\\/author\\\/jeanette\\\/\"}]}<\/script>\n<!-- \/ Yoast SEO plugin. -->","yoast_head_json":{"title":"DS 5658 declara prioridad nacional la realizaci\u00f3n del Censo Agropecuario 2026 - El Diario - Bolivia","robots":{"index":"index","follow":"follow","max-snippet":"max-snippet:-1","max-image-preview":"max-image-preview:large","max-video-preview":"max-video-preview:-1"},"canonical":"https:\/\/www.eldiario.net\/portal\/2026\/07\/18\/ds-5658-declara-prioridad-nacional-la-realizacion-del-censo-agropecuario-2026\/","og_locale":"es_ES","og_type":"article","og_title":"DS 5658 declara prioridad nacional la realizaci\u00f3n del Censo Agropecuario 2026 - El Diario - Bolivia","og_description":"El Gobierno del Estado Plurinacional de Bolivia promulg\u00f3 el Decreto Supremo No. 5658, que declara de prioridad nacional la realizaci\u00f3n del Censo Agropecuario 2026, consolidando este operativo estad\u00edstico como una herramienta estrat\u00e9gica para fortalecer la planificaci\u00f3n del desarrollo productivo, la seguridad alimentaria y la formulaci\u00f3n de pol\u00edticas p\u00fablicas basadas en informaci\u00f3n confiable y oportuna. La [&hellip;]","og_url":"https:\/\/www.eldiario.net\/portal\/2026\/07\/18\/ds-5658-declara-prioridad-nacional-la-realizacion-del-censo-agropecuario-2026\/","og_site_name":"El Diario - Bolivia","article_publisher":"https:\/\/www.facebook.com\/eldiario.bolivia\/","article_published_time":"2026-07-18T11:53:38+00:00","og_image":[{"width":768,"height":513,"url":"https:\/\/www.eldiario.net\/portal\/wp-content\/uploads\/2026\/07\/ine.webp","type":"image\/webp"}],"author":"Jeanette","twitter_card":"summary_large_image","twitter_creator":"@eldiario_net","twitter_site":"@eldiario_net","twitter_misc":{"Escrito por":"Jeanette","Tiempo de lectura":"2 minutos"},"schema":{"@context":"https:\/\/schema.org","@graph":[{"@type":"Article","@id":"https:\/\/www.eldiario.net\/portal\/2026\/07\/18\/ds-5658-declara-prioridad-nacional-la-realizacion-del-censo-agropecuario-2026\/#article","isPartOf":{"@id":"https:\/\/www.eldiario.net\/portal\/2026\/07\/18\/ds-5658-declara-prioridad-nacional-la-realizacion-del-censo-agropecuario-2026\/"},"author":{"name":"Jeanette","@id":"https:\/\/www.eldiario.net\/portal\/#\/schema\/person\/f46445640444750d7d753ccd04ae01b7"},"headline":"DS 5658 declara prioridad nacional la realizaci\u00f3n del Censo Agropecuario 2026","datePublished":"2026-07-18T11:53:38+00:00","mainEntityOfPage":{"@id":"https:\/\/www.eldiario.net\/portal\/2026\/07\/18\/ds-5658-declara-prioridad-nacional-la-realizacion-del-censo-agropecuario-2026\/"},"wordCount":321,"publisher":{"@id":"https:\/\/www.eldiario.net\/portal\/#organization"},"image":{"@id":"https:\/\/www.eldiario.net\/portal\/2026\/07\/18\/ds-5658-declara-prioridad-nacional-la-realizacion-del-censo-agropecuario-2026\/#primaryimage"},"thumbnailUrl":"https:\/\/www.eldiario.net\/portal\/wp-content\/uploads\/2026\/07\/ine.webp","articleSection":["Econom\u00eda"],"inLanguage":"es"},{"@type":"WebPage","@id":"https:\/\/www.eldiario.net\/portal\/2026\/07\/18\/ds-5658-declara-prioridad-nacional-la-realizacion-del-censo-agropecuario-2026\/","url":"https:\/\/www.eldiario.net\/portal\/2026\/07\/18\/ds-5658-declara-prioridad-nacional-la-realizacion-del-censo-agropecuario-2026\/","name":"DS 5658 declara prioridad nacional la realizaci\u00f3n del Censo Agropecuario 2026 - El Diario - Bolivia","isPartOf":{"@id":"https:\/\/www.eldiario.net\/portal\/#website"},"primaryImageOfPage":{"@id":"https:\/\/www.eldiario.net\/portal\/2026\/07\/18\/ds-5658-declara-prioridad-nacional-la-realizacion-del-censo-agropecuario-2026\/#primaryimage"},"image":{"@id":"https:\/\/www.eldiario.net\/portal\/2026\/07\/18\/ds-5658-declara-prioridad-nacional-la-realizacion-del-censo-agropecuario-2026\/#primaryimage"},"thumbnailUrl":"https:\/\/www.eldiario.net\/portal\/wp-content\/uploads\/2026\/07\/ine.webp","datePublished":"2026-07-18T11:53:38+00:00","breadcrumb":{"@id":"https:\/\/www.eldiario.net\/portal\/2026\/07\/18\/ds-5658-declara-prioridad-nacional-la-realizacion-del-censo-agropecuario-2026\/#breadcrumb"},"inLanguage":"es","potentialAction":[{"@type":"ReadAction","target":["https:\/\/www.eldiario.net\/portal\/2026\/07\/18\/ds-5658-declara-prioridad-nacional-la-realizacion-del-censo-agropecuario-2026\/"]}]},{"@type":"ImageObject","inLanguage":"es","@id":"https:\/\/www.eldiario.net\/portal\/2026\/07\/18\/ds-5658-declara-prioridad-nacional-la-realizacion-del-censo-agropecuario-2026\/#primaryimage","url":"https:\/\/www.eldiario.net\/portal\/wp-content\/uploads\/2026\/07\/ine.webp","contentUrl":"https:\/\/www.eldiario.net\/portal\/wp-content\/uploads\/2026\/07\/ine.webp","width":768,"height":513,"caption":"Autoridades de Gobierno"},{"@type":"BreadcrumbList","@id":"https:\/\/www.eldiario.net\/portal\/2026\/07\/18\/ds-5658-declara-prioridad-nacional-la-realizacion-del-censo-agropecuario-2026\/#breadcrumb","itemListElement":[{"@type":"ListItem","position":1,"name":"Portada","item":"https:\/\/www.eldiario.net\/portal\/"},{"@type":"ListItem","position":2,"name":"DS 5658 declara prioridad nacional la realizaci\u00f3n del Censo Agropecuario 2026"}]},{"@type":"WebSite","@id":"https:\/\/www.eldiario.net\/portal\/#website","url":"https:\/\/www.eldiario.net\/portal\/","name":"El Diario - Decano de la prensa nacional","description":"El Diario - Decano de la prensa nacional","publisher":{"@id":"https:\/\/www.eldiario.net\/portal\/#organization"},"potentialAction":[{"@type":"SearchAction","target":{"@type":"EntryPoint","urlTemplate":"https:\/\/www.eldiario.net\/portal\/?s={search_term_string}"},"query-input":{"@type":"PropertyValueSpecification","valueRequired":true,"valueName":"search_term_string"}}],"inLanguage":"es"},{"@type":"Organization","@id":"https:\/\/www.eldiario.net\/portal\/#organization","name":"El Diario - Decano de la prensa nacional","url":"https:\/\/www.eldiario.net\/portal\/","logo":{"@type":"ImageObject","inLanguage":"es","@id":"https:\/\/www.eldiario.net\/portal\/#\/schema\/logo\/image\/","url":"https:\/\/www.eldiario.net\/portal\/wp-content\/uploads\/2023\/07\/logo_ED.jpg","contentUrl":"https:\/\/www.eldiario.net\/portal\/wp-content\/uploads\/2023\/07\/logo_ED.jpg","width":272,"height":52,"caption":"El Diario - Decano de la prensa nacional"},"image":{"@id":"https:\/\/www.eldiario.net\/portal\/#\/schema\/logo\/image\/"},"sameAs":["https:\/\/www.facebook.com\/eldiario.bolivia\/","https:\/\/x.com\/eldiario_net"]},{"@type":"Person","@id":"https:\/\/www.eldiario.net\/portal\/#\/schema\/person\/f46445640444750d7d753ccd04ae01b7","name":"Jeanette","image":{"@type":"ImageObject","inLanguage":"es","@id":"https:\/\/secure.gravatar.com\/avatar\/3ea2118a5f7dad2b7138b1187a6b7ee55f160b9968b66013c3a3ef39dd7e5798?s=96&d=mm&r=g","url":"https:\/\/secure.gravatar.com\/avatar\/3ea2118a5f7dad2b7138b1187a6b7ee55f160b9968b66013c3a3ef39dd7e5798?s=96&d=mm&r=g","contentUrl":"https:\/\/secure.gravatar.com\/avatar\/3ea2118a5f7dad2b7138b1187a6b7ee55f160b9968b66013c3a3ef39dd7e5798?s=96&d=mm&r=g","caption":"Jeanette"},"sameAs":["https:\/\/www.eldiario.net\/portal"],"url":"https:\/\/www.eldiario.net\/portal\/author\/jeanette\/"}]}},"_links":{"self":[{"href":"https:\/\/www.eldiario.net\/portal\/wp-json\/wp\/v2\/posts\/413678","targetHints":{"allow":["GET"]}}],"collection":[{"href":"https:\/\/www.eldiario.net\/portal\/wp-json\/wp\/v2\/posts"}],"about":[{"href":"https:\/\/www.eldiario.net\/portal\/wp-json\/wp\/v2\/types\/post"}],"author":[{"embeddable":true,"href":"https:\/\/www.eldiario.net\/portal\/wp-json\/wp\/v2\/users\/1"}],"replies":[{"embeddable":true,"href":"https:\/\/www.eldiario.net\/portal\/wp-json\/wp\/v2\/comments?post=413678"}],"version-history":[{"count":1,"href":"https:\/\/www.eldiario.net\/portal\/wp-json\/wp\/v2\/posts\/413678\/revisions"}],"predecessor-version":[{"id":413680,"href":"https:\/\/www.eldiario.net\/portal\/wp-json\/wp\/v2\/posts\/413678\/revisions\/413680"}],"wp:featuredmedia":[{"embeddable":true,"href":"https:\/\/www.eldiario.net\/portal\/wp-json\/wp\/v2\/media\/413679"}],"wp:attachment":[{"href":"https:\/\/www.eldiario.net\/portal\/wp-json\/wp\/v2\/media?parent=413678"}],"wp:term":[{"taxonomy":"category","embeddable":true,"href":"https:\/\/www.eldiario.net\/portal\/wp-json\/wp\/v2\/categories?post=413678"},{"taxonomy":"post_tag","embeddable":true,"href":"https:\/\/www.eldiario.net\/portal\/wp-json\/wp\/v2\/tags?post=413678"}],"curies":[{"name":"wp","href":"https:\/\/api.w.org\/{rel}","templated":true}]}}