{"id":413586,"date":"2026-07-18T07:12:33","date_gmt":"2026-07-18T11:12:33","guid":{"rendered":"https:\/\/www.eldiario.net\/portal\/?p=413586"},"modified":"2026-07-18T07:12:33","modified_gmt":"2026-07-18T11:12:33","slug":"chuquisaca-deja-de-percibir-mas-de-bs-51-millones-por-idh","status":"publish","type":"post","link":"https:\/\/www.eldiario.net\/portal\/2026\/07\/18\/chuquisaca-deja-de-percibir-mas-de-bs-51-millones-por-idh\/","title":{"rendered":"Chuquisaca deja de percibir  m\u00e1s de Bs 51 millones por IDH"},"content":{"rendered":"<p>Chuquisaca dej\u00f3 de percibir m\u00e1s de Bs 51 millones por concepto de regal\u00edas hidrocarbur\u00edferas en los \u00faltimos dos a\u00f1os, como consecuencia de la disminuci\u00f3n sostenida de la producci\u00f3n de gas natural y l\u00edquidos, de acuerdo con datos oficiales presentados por la Secretar\u00eda de Hidrocarburos y Energ\u00eda de la Gobernaci\u00f3n de Chuquisaca, a cargo de Lizeth Antequera.<br \/>\nLos ingresos por este concepto pasaron de Bs 118,9 millones en 2024 a Bs 67,5 millones en 2026, lo que representa una reducci\u00f3n acumulada cercana al 43%.<br \/>\nLos datos comparativos muestran que las regal\u00edas descendieron de Bs 118,9 millones en 2024 a Bs 85,3 millones en 2025, una ca\u00edda del 28,22%. En 2026 volvieron a disminuir hasta Bs 67,5 millones, equivalente a otro 20,84% menos respecto a la gesti\u00f3n anterior. En t\u00e9rminos absolutos, el departamento dej\u00f3 de percibir Bs 51,3 millones en apenas dos a\u00f1os.<br \/>\nLa disminuci\u00f3n de los ingresos responde al descenso de la actividad hidrocarbur\u00edfera. Entre enero y abril de 2026, la producci\u00f3n acumulada de l\u00edquidos (petr\u00f3leo y condensado) alcanz\u00f3 201.567 barriles, por debajo de los 225.897 barriles registrados en el mismo periodo de 2025 y de los 274.524 barriles de 2024.<br \/>\nEsto significa que la producci\u00f3n de l\u00edquidos cay\u00f3 17,71% entre 2024 y 2025 y volvi\u00f3 a disminuir 10,77% entre 2025 y 2026. Aunque el ritmo de la reducci\u00f3n fue menor este a\u00f1o, la tendencia contin\u00faa siendo descendente.<br \/>\nEl comportamiento es similar en la producci\u00f3n de gas natural. Entre enero y abril de 2026, Chuquisaca produjo 6,78 millones de MPC (miles de pies c\u00fabicos), frente a los 7,37 millones de MPC del mismo per\u00edodo de 2025 y los 8,76 millones de MPC registrados en 2024.<br \/>\nLas cifras reflejan una reducci\u00f3n del 15,95% entre 2024 y 2025 y una nueva ca\u00edda del 7,94% entre 2025 y 2026. Si bien el descenso fue menos pronunciado que el a\u00f1o anterior, el departamento contin\u00faa registrando menores vol\u00famenes de producci\u00f3n gas\u00edfera.<br \/>\nLos reportes tambi\u00e9n muestran que la disminuci\u00f3n de las regal\u00edas fue generalizada durante la gesti\u00f3n. Las mayores ca\u00eddas frente a 2025 se registraron en los per\u00edodos febrero-mayo (-45,91%), marzo-junio (-40,78%) y noviembre-febrero (-31,78%). (Erbol)<\/p>\n<p>&nbsp;<\/p>\n","protected":false},"excerpt":{"rendered":"<p>Chuquisaca dej\u00f3 de percibir m\u00e1s de Bs 51 millones por concepto de regal\u00edas hidrocarbur\u00edferas en los \u00faltimos dos a\u00f1os, como consecuencia de la disminuci\u00f3n sostenida de la producci\u00f3n de gas natural y l\u00edquidos, de acuerdo con datos oficiales presentados por la Secretar\u00eda de Hidrocarburos y Energ\u00eda de la Gobernaci\u00f3n de Chuquisaca, a cargo de Lizeth [&hellip;]<\/p>\n","protected":false},"author":1,"featured_media":194726,"comment_status":"closed","ping_status":"open","sticky":false,"template":"","format":"standard","meta":{"_acf_changed":false,"footnotes":""},"categories":[12],"tags":[],"class_list":["post-413586","post","type-post","status-publish","format-standard","has-post-thumbnail","category-nacional"],"acf":{"antetitulo":""},"yoast_head":"<!-- This site is optimized with the Yoast SEO plugin v28.4 - https:\/\/yoast.com\/product\/yoast-seo-wordpress\/ -->\n<title>Chuquisaca deja de percibir m\u00e1s de Bs 51 millones por IDH - El Diario - Bolivia<\/title>\n<meta name=\"robots\" content=\"index, follow, max-snippet:-1, max-image-preview:large, max-video-preview:-1\" \/>\n<link rel=\"canonical\" href=\"https:\/\/www.eldiario.net\/portal\/2026\/07\/18\/chuquisaca-deja-de-percibir-mas-de-bs-51-millones-por-idh\/\" \/>\n<meta property=\"og:locale\" content=\"es_ES\" \/>\n<meta property=\"og:type\" content=\"article\" \/>\n<meta property=\"og:title\" content=\"Chuquisaca deja de percibir m\u00e1s de Bs 51 millones por IDH - El Diario - Bolivia\" \/>\n<meta property=\"og:description\" content=\"Chuquisaca dej\u00f3 de percibir m\u00e1s de Bs 51 millones por concepto de regal\u00edas hidrocarbur\u00edferas en los \u00faltimos dos a\u00f1os, como consecuencia de la disminuci\u00f3n sostenida de la producci\u00f3n de gas natural y l\u00edquidos, de acuerdo con datos oficiales presentados por la Secretar\u00eda de Hidrocarburos y Energ\u00eda de la Gobernaci\u00f3n de Chuquisaca, a cargo de Lizeth [&hellip;]\" \/>\n<meta property=\"og:url\" content=\"https:\/\/www.eldiario.net\/portal\/2026\/07\/18\/chuquisaca-deja-de-percibir-mas-de-bs-51-millones-por-idh\/\" \/>\n<meta property=\"og:site_name\" content=\"El Diario - Bolivia\" \/>\n<meta property=\"article:publisher\" content=\"https:\/\/www.facebook.com\/eldiario.bolivia\/\" \/>\n<meta property=\"article:published_time\" content=\"2026-07-18T11:12:33+00:00\" \/>\n<meta property=\"og:image\" content=\"https:\/\/www.eldiario.net\/portal\/wp-content\/uploads\/2023\/12\/Nacional.jpg\" \/>\n\t<meta property=\"og:image:width\" content=\"800\" \/>\n\t<meta property=\"og:image:height\" content=\"500\" \/>\n\t<meta property=\"og:image:type\" content=\"image\/jpeg\" \/>\n<meta name=\"author\" content=\"Jeanette\" \/>\n<meta name=\"twitter:card\" content=\"summary_large_image\" \/>\n<meta name=\"twitter:creator\" content=\"@eldiario_net\" \/>\n<meta name=\"twitter:site\" content=\"@eldiario_net\" \/>\n<meta name=\"twitter:label1\" content=\"Escrito por\" \/>\n\t<meta name=\"twitter:data1\" content=\"Jeanette\" \/>\n\t<meta name=\"twitter:label2\" content=\"Tiempo de lectura\" \/>\n\t<meta name=\"twitter:data2\" content=\"2 minutos\" \/>\n<script type=\"application\/ld+json\" class=\"yoast-schema-graph\">{\"@context\":\"https:\\\/\\\/schema.org\",\"@graph\":[{\"@type\":\"Article\",\"@id\":\"https:\\\/\\\/www.eldiario.net\\\/portal\\\/2026\\\/07\\\/18\\\/chuquisaca-deja-de-percibir-mas-de-bs-51-millones-por-idh\\\/#article\",\"isPartOf\":{\"@id\":\"https:\\\/\\\/www.eldiario.net\\\/portal\\\/2026\\\/07\\\/18\\\/chuquisaca-deja-de-percibir-mas-de-bs-51-millones-por-idh\\\/\"},\"author\":{\"name\":\"Jeanette\",\"@id\":\"https:\\\/\\\/www.eldiario.net\\\/portal\\\/#\\\/schema\\\/person\\\/2c57cf2b7a7ae032e449e4c9b1019eac\"},\"headline\":\"Chuquisaca deja de percibir m\u00e1s de Bs 51 millones por IDH\",\"datePublished\":\"2026-07-18T11:12:33+00:00\",\"mainEntityOfPage\":{\"@id\":\"https:\\\/\\\/www.eldiario.net\\\/portal\\\/2026\\\/07\\\/18\\\/chuquisaca-deja-de-percibir-mas-de-bs-51-millones-por-idh\\\/\"},\"wordCount\":363,\"publisher\":{\"@id\":\"https:\\\/\\\/www.eldiario.net\\\/portal\\\/#organization\"},\"image\":{\"@id\":\"https:\\\/\\\/www.eldiario.net\\\/portal\\\/2026\\\/07\\\/18\\\/chuquisaca-deja-de-percibir-mas-de-bs-51-millones-por-idh\\\/#primaryimage\"},\"thumbnailUrl\":\"https:\\\/\\\/www.eldiario.net\\\/portal\\\/wp-content\\\/uploads\\\/2023\\\/12\\\/Nacional.jpg\",\"articleSection\":[\"Nacional\"],\"inLanguage\":\"es\"},{\"@type\":\"WebPage\",\"@id\":\"https:\\\/\\\/www.eldiario.net\\\/portal\\\/2026\\\/07\\\/18\\\/chuquisaca-deja-de-percibir-mas-de-bs-51-millones-por-idh\\\/\",\"url\":\"https:\\\/\\\/www.eldiario.net\\\/portal\\\/2026\\\/07\\\/18\\\/chuquisaca-deja-de-percibir-mas-de-bs-51-millones-por-idh\\\/\",\"name\":\"Chuquisaca deja de percibir m\u00e1s de Bs 51 millones por IDH - El Diario - Bolivia\",\"isPartOf\":{\"@id\":\"https:\\\/\\\/www.eldiario.net\\\/portal\\\/#website\"},\"primaryImageOfPage\":{\"@id\":\"https:\\\/\\\/www.eldiario.net\\\/portal\\\/2026\\\/07\\\/18\\\/chuquisaca-deja-de-percibir-mas-de-bs-51-millones-por-idh\\\/#primaryimage\"},\"image\":{\"@id\":\"https:\\\/\\\/www.eldiario.net\\\/portal\\\/2026\\\/07\\\/18\\\/chuquisaca-deja-de-percibir-mas-de-bs-51-millones-por-idh\\\/#primaryimage\"},\"thumbnailUrl\":\"https:\\\/\\\/www.eldiario.net\\\/portal\\\/wp-content\\\/uploads\\\/2023\\\/12\\\/Nacional.jpg\",\"datePublished\":\"2026-07-18T11:12:33+00:00\",\"breadcrumb\":{\"@id\":\"https:\\\/\\\/www.eldiario.net\\\/portal\\\/2026\\\/07\\\/18\\\/chuquisaca-deja-de-percibir-mas-de-bs-51-millones-por-idh\\\/#breadcrumb\"},\"inLanguage\":\"es\",\"potentialAction\":[{\"@type\":\"ReadAction\",\"target\":[\"https:\\\/\\\/www.eldiario.net\\\/portal\\\/2026\\\/07\\\/18\\\/chuquisaca-deja-de-percibir-mas-de-bs-51-millones-por-idh\\\/\"]}]},{\"@type\":\"ImageObject\",\"inLanguage\":\"es\",\"@id\":\"https:\\\/\\\/www.eldiario.net\\\/portal\\\/2026\\\/07\\\/18\\\/chuquisaca-deja-de-percibir-mas-de-bs-51-millones-por-idh\\\/#primaryimage\",\"url\":\"https:\\\/\\\/www.eldiario.net\\\/portal\\\/wp-content\\\/uploads\\\/2023\\\/12\\\/Nacional.jpg\",\"contentUrl\":\"https:\\\/\\\/www.eldiario.net\\\/portal\\\/wp-content\\\/uploads\\\/2023\\\/12\\\/Nacional.jpg\",\"width\":800,\"height\":500},{\"@type\":\"BreadcrumbList\",\"@id\":\"https:\\\/\\\/www.eldiario.net\\\/portal\\\/2026\\\/07\\\/18\\\/chuquisaca-deja-de-percibir-mas-de-bs-51-millones-por-idh\\\/#breadcrumb\",\"itemListElement\":[{\"@type\":\"ListItem\",\"position\":1,\"name\":\"Portada\",\"item\":\"https:\\\/\\\/www.eldiario.net\\\/portal\\\/\"},{\"@type\":\"ListItem\",\"position\":2,\"name\":\"Chuquisaca deja de percibir m\u00e1s de Bs 51 millones por IDH\"}]},{\"@type\":\"WebSite\",\"@id\":\"https:\\\/\\\/www.eldiario.net\\\/portal\\\/#website\",\"url\":\"https:\\\/\\\/www.eldiario.net\\\/portal\\\/\",\"name\":\"El Diario - Decano de la prensa nacional\",\"description\":\"El Diario - Decano de la prensa nacional\",\"publisher\":{\"@id\":\"https:\\\/\\\/www.eldiario.net\\\/portal\\\/#organization\"},\"potentialAction\":[{\"@type\":\"SearchAction\",\"target\":{\"@type\":\"EntryPoint\",\"urlTemplate\":\"https:\\\/\\\/www.eldiario.net\\\/portal\\\/?s={search_term_string}\"},\"query-input\":{\"@type\":\"PropertyValueSpecification\",\"valueRequired\":true,\"valueName\":\"search_term_string\"}}],\"inLanguage\":\"es\"},{\"@type\":\"Organization\",\"@id\":\"https:\\\/\\\/www.eldiario.net\\\/portal\\\/#organization\",\"name\":\"El Diario - Decano de la prensa nacional\",\"url\":\"https:\\\/\\\/www.eldiario.net\\\/portal\\\/\",\"logo\":{\"@type\":\"ImageObject\",\"inLanguage\":\"es\",\"@id\":\"https:\\\/\\\/www.eldiario.net\\\/portal\\\/#\\\/schema\\\/logo\\\/image\\\/\",\"url\":\"https:\\\/\\\/www.eldiario.net\\\/portal\\\/wp-content\\\/uploads\\\/2023\\\/07\\\/logo_ED.jpg\",\"contentUrl\":\"https:\\\/\\\/www.eldiario.net\\\/portal\\\/wp-content\\\/uploads\\\/2023\\\/07\\\/logo_ED.jpg\",\"width\":272,\"height\":52,\"caption\":\"El Diario - Decano de la prensa nacional\"},\"image\":{\"@id\":\"https:\\\/\\\/www.eldiario.net\\\/portal\\\/#\\\/schema\\\/logo\\\/image\\\/\"},\"sameAs\":[\"https:\\\/\\\/www.facebook.com\\\/eldiario.bolivia\\\/\",\"https:\\\/\\\/x.com\\\/eldiario_net\"]},{\"@type\":\"Person\",\"@id\":\"https:\\\/\\\/www.eldiario.net\\\/portal\\\/#\\\/schema\\\/person\\\/2c57cf2b7a7ae032e449e4c9b1019eac\",\"name\":\"Jeanette\",\"image\":{\"@type\":\"ImageObject\",\"inLanguage\":\"es\",\"@id\":\"https:\\\/\\\/secure.gravatar.com\\\/avatar\\\/3ea2118a5f7dad2b7138b1187a6b7ee55f160b9968b66013c3a3ef39dd7e5798?s=96&d=mm&r=g\",\"url\":\"https:\\\/\\\/secure.gravatar.com\\\/avatar\\\/3ea2118a5f7dad2b7138b1187a6b7ee55f160b9968b66013c3a3ef39dd7e5798?s=96&d=mm&r=g\",\"contentUrl\":\"https:\\\/\\\/secure.gravatar.com\\\/avatar\\\/3ea2118a5f7dad2b7138b1187a6b7ee55f160b9968b66013c3a3ef39dd7e5798?s=96&d=mm&r=g\",\"caption\":\"Jeanette\"},\"sameAs\":[\"https:\\\/\\\/www.eldiario.net\\\/portal\"],\"url\":\"https:\\\/\\\/www.eldiario.net\\\/portal\\\/author\\\/jeanette\\\/\"}]}<\/script>\n<!-- \/ Yoast SEO plugin. -->","yoast_head_json":{"title":"Chuquisaca deja de percibir m\u00e1s de Bs 51 millones por IDH - El Diario - Bolivia","robots":{"index":"index","follow":"follow","max-snippet":"max-snippet:-1","max-image-preview":"max-image-preview:large","max-video-preview":"max-video-preview:-1"},"canonical":"https:\/\/www.eldiario.net\/portal\/2026\/07\/18\/chuquisaca-deja-de-percibir-mas-de-bs-51-millones-por-idh\/","og_locale":"es_ES","og_type":"article","og_title":"Chuquisaca deja de percibir m\u00e1s de Bs 51 millones por IDH - El Diario - Bolivia","og_description":"Chuquisaca dej\u00f3 de percibir m\u00e1s de Bs 51 millones por concepto de regal\u00edas hidrocarbur\u00edferas en los \u00faltimos dos a\u00f1os, como consecuencia de la disminuci\u00f3n sostenida de la producci\u00f3n de gas natural y l\u00edquidos, de acuerdo con datos oficiales presentados por la Secretar\u00eda de Hidrocarburos y Energ\u00eda de la Gobernaci\u00f3n de Chuquisaca, a cargo de Lizeth [&hellip;]","og_url":"https:\/\/www.eldiario.net\/portal\/2026\/07\/18\/chuquisaca-deja-de-percibir-mas-de-bs-51-millones-por-idh\/","og_site_name":"El Diario - Bolivia","article_publisher":"https:\/\/www.facebook.com\/eldiario.bolivia\/","article_published_time":"2026-07-18T11:12:33+00:00","og_image":[{"width":800,"height":500,"url":"https:\/\/www.eldiario.net\/portal\/wp-content\/uploads\/2023\/12\/Nacional.jpg","type":"image\/jpeg"}],"author":"Jeanette","twitter_card":"summary_large_image","twitter_creator":"@eldiario_net","twitter_site":"@eldiario_net","twitter_misc":{"Escrito por":"Jeanette","Tiempo de lectura":"2 minutos"},"schema":{"@context":"https:\/\/schema.org","@graph":[{"@type":"Article","@id":"https:\/\/www.eldiario.net\/portal\/2026\/07\/18\/chuquisaca-deja-de-percibir-mas-de-bs-51-millones-por-idh\/#article","isPartOf":{"@id":"https:\/\/www.eldiario.net\/portal\/2026\/07\/18\/chuquisaca-deja-de-percibir-mas-de-bs-51-millones-por-idh\/"},"author":{"name":"Jeanette","@id":"https:\/\/www.eldiario.net\/portal\/#\/schema\/person\/2c57cf2b7a7ae032e449e4c9b1019eac"},"headline":"Chuquisaca deja de percibir m\u00e1s de Bs 51 millones por IDH","datePublished":"2026-07-18T11:12:33+00:00","mainEntityOfPage":{"@id":"https:\/\/www.eldiario.net\/portal\/2026\/07\/18\/chuquisaca-deja-de-percibir-mas-de-bs-51-millones-por-idh\/"},"wordCount":363,"publisher":{"@id":"https:\/\/www.eldiario.net\/portal\/#organization"},"image":{"@id":"https:\/\/www.eldiario.net\/portal\/2026\/07\/18\/chuquisaca-deja-de-percibir-mas-de-bs-51-millones-por-idh\/#primaryimage"},"thumbnailUrl":"https:\/\/www.eldiario.net\/portal\/wp-content\/uploads\/2023\/12\/Nacional.jpg","articleSection":["Nacional"],"inLanguage":"es"},{"@type":"WebPage","@id":"https:\/\/www.eldiario.net\/portal\/2026\/07\/18\/chuquisaca-deja-de-percibir-mas-de-bs-51-millones-por-idh\/","url":"https:\/\/www.eldiario.net\/portal\/2026\/07\/18\/chuquisaca-deja-de-percibir-mas-de-bs-51-millones-por-idh\/","name":"Chuquisaca deja de percibir m\u00e1s de Bs 51 millones por IDH - El Diario - Bolivia","isPartOf":{"@id":"https:\/\/www.eldiario.net\/portal\/#website"},"primaryImageOfPage":{"@id":"https:\/\/www.eldiario.net\/portal\/2026\/07\/18\/chuquisaca-deja-de-percibir-mas-de-bs-51-millones-por-idh\/#primaryimage"},"image":{"@id":"https:\/\/www.eldiario.net\/portal\/2026\/07\/18\/chuquisaca-deja-de-percibir-mas-de-bs-51-millones-por-idh\/#primaryimage"},"thumbnailUrl":"https:\/\/www.eldiario.net\/portal\/wp-content\/uploads\/2023\/12\/Nacional.jpg","datePublished":"2026-07-18T11:12:33+00:00","breadcrumb":{"@id":"https:\/\/www.eldiario.net\/portal\/2026\/07\/18\/chuquisaca-deja-de-percibir-mas-de-bs-51-millones-por-idh\/#breadcrumb"},"inLanguage":"es","potentialAction":[{"@type":"ReadAction","target":["https:\/\/www.eldiario.net\/portal\/2026\/07\/18\/chuquisaca-deja-de-percibir-mas-de-bs-51-millones-por-idh\/"]}]},{"@type":"ImageObject","inLanguage":"es","@id":"https:\/\/www.eldiario.net\/portal\/2026\/07\/18\/chuquisaca-deja-de-percibir-mas-de-bs-51-millones-por-idh\/#primaryimage","url":"https:\/\/www.eldiario.net\/portal\/wp-content\/uploads\/2023\/12\/Nacional.jpg","contentUrl":"https:\/\/www.eldiario.net\/portal\/wp-content\/uploads\/2023\/12\/Nacional.jpg","width":800,"height":500},{"@type":"BreadcrumbList","@id":"https:\/\/www.eldiario.net\/portal\/2026\/07\/18\/chuquisaca-deja-de-percibir-mas-de-bs-51-millones-por-idh\/#breadcrumb","itemListElement":[{"@type":"ListItem","position":1,"name":"Portada","item":"https:\/\/www.eldiario.net\/portal\/"},{"@type":"ListItem","position":2,"name":"Chuquisaca deja de percibir m\u00e1s de Bs 51 millones por IDH"}]},{"@type":"WebSite","@id":"https:\/\/www.eldiario.net\/portal\/#website","url":"https:\/\/www.eldiario.net\/portal\/","name":"El Diario - Decano de la prensa nacional","description":"El Diario - Decano de la prensa nacional","publisher":{"@id":"https:\/\/www.eldiario.net\/portal\/#organization"},"potentialAction":[{"@type":"SearchAction","target":{"@type":"EntryPoint","urlTemplate":"https:\/\/www.eldiario.net\/portal\/?s={search_term_string}"},"query-input":{"@type":"PropertyValueSpecification","valueRequired":true,"valueName":"search_term_string"}}],"inLanguage":"es"},{"@type":"Organization","@id":"https:\/\/www.eldiario.net\/portal\/#organization","name":"El Diario - Decano de la prensa nacional","url":"https:\/\/www.eldiario.net\/portal\/","logo":{"@type":"ImageObject","inLanguage":"es","@id":"https:\/\/www.eldiario.net\/portal\/#\/schema\/logo\/image\/","url":"https:\/\/www.eldiario.net\/portal\/wp-content\/uploads\/2023\/07\/logo_ED.jpg","contentUrl":"https:\/\/www.eldiario.net\/portal\/wp-content\/uploads\/2023\/07\/logo_ED.jpg","width":272,"height":52,"caption":"El Diario - Decano de la prensa nacional"},"image":{"@id":"https:\/\/www.eldiario.net\/portal\/#\/schema\/logo\/image\/"},"sameAs":["https:\/\/www.facebook.com\/eldiario.bolivia\/","https:\/\/x.com\/eldiario_net"]},{"@type":"Person","@id":"https:\/\/www.eldiario.net\/portal\/#\/schema\/person\/2c57cf2b7a7ae032e449e4c9b1019eac","name":"Jeanette","image":{"@type":"ImageObject","inLanguage":"es","@id":"https:\/\/secure.gravatar.com\/avatar\/3ea2118a5f7dad2b7138b1187a6b7ee55f160b9968b66013c3a3ef39dd7e5798?s=96&d=mm&r=g","url":"https:\/\/secure.gravatar.com\/avatar\/3ea2118a5f7dad2b7138b1187a6b7ee55f160b9968b66013c3a3ef39dd7e5798?s=96&d=mm&r=g","contentUrl":"https:\/\/secure.gravatar.com\/avatar\/3ea2118a5f7dad2b7138b1187a6b7ee55f160b9968b66013c3a3ef39dd7e5798?s=96&d=mm&r=g","caption":"Jeanette"},"sameAs":["https:\/\/www.eldiario.net\/portal"],"url":"https:\/\/www.eldiario.net\/portal\/author\/jeanette\/"}]}},"_links":{"self":[{"href":"https:\/\/www.eldiario.net\/portal\/wp-json\/wp\/v2\/posts\/413586","targetHints":{"allow":["GET"]}}],"collection":[{"href":"https:\/\/www.eldiario.net\/portal\/wp-json\/wp\/v2\/posts"}],"about":[{"href":"https:\/\/www.eldiario.net\/portal\/wp-json\/wp\/v2\/types\/post"}],"author":[{"embeddable":true,"href":"https:\/\/www.eldiario.net\/portal\/wp-json\/wp\/v2\/users\/1"}],"replies":[{"embeddable":true,"href":"https:\/\/www.eldiario.net\/portal\/wp-json\/wp\/v2\/comments?post=413586"}],"version-history":[{"count":1,"href":"https:\/\/www.eldiario.net\/portal\/wp-json\/wp\/v2\/posts\/413586\/revisions"}],"predecessor-version":[{"id":413587,"href":"https:\/\/www.eldiario.net\/portal\/wp-json\/wp\/v2\/posts\/413586\/revisions\/413587"}],"wp:featuredmedia":[{"embeddable":true,"href":"https:\/\/www.eldiario.net\/portal\/wp-json\/wp\/v2\/media\/194726"}],"wp:attachment":[{"href":"https:\/\/www.eldiario.net\/portal\/wp-json\/wp\/v2\/media?parent=413586"}],"wp:term":[{"taxonomy":"category","embeddable":true,"href":"https:\/\/www.eldiario.net\/portal\/wp-json\/wp\/v2\/categories?post=413586"},{"taxonomy":"post_tag","embeddable":true,"href":"https:\/\/www.eldiario.net\/portal\/wp-json\/wp\/v2\/tags?post=413586"}],"curies":[{"name":"wp","href":"https:\/\/api.w.org\/{rel}","templated":true}]}}