{"id":413574,"date":"2026-07-18T07:02:06","date_gmt":"2026-07-18T11:02:06","guid":{"rendered":"https:\/\/www.eldiario.net\/portal\/?p=413574"},"modified":"2026-07-18T07:02:06","modified_gmt":"2026-07-18T11:02:06","slug":"se-debe-cambiar-varias-leyes-para-redistribucion-de-recursos","status":"publish","type":"post","link":"https:\/\/www.eldiario.net\/portal\/2026\/07\/18\/se-debe-cambiar-varias-leyes-para-redistribucion-de-recursos\/","title":{"rendered":"Se debe cambiar varias leyes  para redistribuci\u00f3n de recursos"},"content":{"rendered":"<p>Ante el insistente pedido de las regiones por un nuevo pacto fiscal y la redistribuci\u00f3n de la coparticipaci\u00f3n hasta alcanzar el 50\/50, la diputada oficialista Claudia Bilbao sostuvo que el \u00fanico camino para lograr la redistribuci\u00f3n es considerar seriamente estas reformas, sin descartar aquellos criterios que se inclinan por la necesidad de abrir la Constituci\u00f3n Pol\u00edtica del Estado (CPE) en busca de reformas estructurales.<br \/>\nAsimismo, indic\u00f3 que antes de hablar del 50\/50, redistribuci\u00f3n y pacto fiscal, es preciso definir el futuro de normas puntuales como una Ley de Inversiones y similares en las \u00e1reas de miner\u00eda e hidrocarburos, tomando en cuenta que solo viabilizando una nueva pol\u00edtica en dichos rubros se lograr\u00e1 captar recursos para su posterior redistribuci\u00f3n en beneficio de las regiones.<\/p>\n","protected":false},"excerpt":{"rendered":"<p>Ante el insistente pedido de las regiones por un nuevo pacto fiscal y la redistribuci\u00f3n de la coparticipaci\u00f3n hasta alcanzar el 50\/50, la diputada oficialista Claudia Bilbao sostuvo que el \u00fanico camino para lograr la redistribuci\u00f3n es considerar seriamente estas reformas, sin descartar aquellos criterios que se inclinan por la necesidad de abrir la Constituci\u00f3n [&hellip;]<\/p>\n","protected":false},"author":1,"featured_media":413575,"comment_status":"closed","ping_status":"open","sticky":false,"template":"","format":"standard","meta":{"_acf_changed":false,"footnotes":""},"categories":[15],"tags":[],"class_list":["post-413574","post","type-post","status-publish","format-standard","has-post-thumbnail","category-portada"],"acf":{"antetitulo":"Hasta alcanzar el 50\/50"},"yoast_head":"<!-- This site is optimized with the Yoast SEO plugin v28.4 - https:\/\/yoast.com\/product\/yoast-seo-wordpress\/ -->\n<title>Se debe cambiar varias leyes para redistribuci\u00f3n de recursos - El Diario - Bolivia<\/title>\n<meta name=\"robots\" content=\"index, follow, max-snippet:-1, max-image-preview:large, max-video-preview:-1\" \/>\n<link rel=\"canonical\" href=\"https:\/\/www.eldiario.net\/portal\/2026\/07\/18\/se-debe-cambiar-varias-leyes-para-redistribucion-de-recursos\/\" \/>\n<meta property=\"og:locale\" content=\"es_ES\" \/>\n<meta property=\"og:type\" content=\"article\" \/>\n<meta property=\"og:title\" content=\"Se debe cambiar varias leyes para redistribuci\u00f3n de recursos - El Diario - Bolivia\" \/>\n<meta property=\"og:description\" content=\"Ante el insistente pedido de las regiones por un nuevo pacto fiscal y la redistribuci\u00f3n de la coparticipaci\u00f3n hasta alcanzar el 50\/50, la diputada oficialista Claudia Bilbao sostuvo que el \u00fanico camino para lograr la redistribuci\u00f3n es considerar seriamente estas reformas, sin descartar aquellos criterios que se inclinan por la necesidad de abrir la Constituci\u00f3n [&hellip;]\" \/>\n<meta property=\"og:url\" content=\"https:\/\/www.eldiario.net\/portal\/2026\/07\/18\/se-debe-cambiar-varias-leyes-para-redistribucion-de-recursos\/\" \/>\n<meta property=\"og:site_name\" content=\"El Diario - Bolivia\" \/>\n<meta property=\"article:publisher\" content=\"https:\/\/www.facebook.com\/eldiario.bolivia\/\" \/>\n<meta property=\"article:published_time\" content=\"2026-07-18T11:02:06+00:00\" \/>\n<meta property=\"og:image\" content=\"https:\/\/www.eldiario.net\/portal\/wp-content\/uploads\/2026\/07\/gobernadores-apg-15-cm-x-7.webp\" \/>\n\t<meta property=\"og:image:width\" content=\"1200\" \/>\n\t<meta property=\"og:image:height\" content=\"800\" \/>\n\t<meta property=\"og:image:type\" content=\"image\/webp\" \/>\n<meta name=\"author\" content=\"Jeanette\" \/>\n<meta name=\"twitter:card\" content=\"summary_large_image\" \/>\n<meta name=\"twitter:creator\" content=\"@eldiario_net\" \/>\n<meta name=\"twitter:site\" content=\"@eldiario_net\" \/>\n<meta name=\"twitter:label1\" content=\"Escrito por\" \/>\n\t<meta name=\"twitter:data1\" content=\"Jeanette\" \/>\n\t<meta name=\"twitter:label2\" content=\"Tiempo de lectura\" \/>\n\t<meta name=\"twitter:data2\" content=\"1 minuto\" \/>\n<script type=\"application\/ld+json\" class=\"yoast-schema-graph\">{\"@context\":\"https:\\\/\\\/schema.org\",\"@graph\":[{\"@type\":\"Article\",\"@id\":\"https:\\\/\\\/www.eldiario.net\\\/portal\\\/2026\\\/07\\\/18\\\/se-debe-cambiar-varias-leyes-para-redistribucion-de-recursos\\\/#article\",\"isPartOf\":{\"@id\":\"https:\\\/\\\/www.eldiario.net\\\/portal\\\/2026\\\/07\\\/18\\\/se-debe-cambiar-varias-leyes-para-redistribucion-de-recursos\\\/\"},\"author\":{\"name\":\"Jeanette\",\"@id\":\"https:\\\/\\\/www.eldiario.net\\\/portal\\\/#\\\/schema\\\/person\\\/f46445640444750d7d753ccd04ae01b7\"},\"headline\":\"Se debe cambiar varias leyes para redistribuci\u00f3n de recursos\",\"datePublished\":\"2026-07-18T11:02:06+00:00\",\"mainEntityOfPage\":{\"@id\":\"https:\\\/\\\/www.eldiario.net\\\/portal\\\/2026\\\/07\\\/18\\\/se-debe-cambiar-varias-leyes-para-redistribucion-de-recursos\\\/\"},\"wordCount\":140,\"publisher\":{\"@id\":\"https:\\\/\\\/www.eldiario.net\\\/portal\\\/#organization\"},\"image\":{\"@id\":\"https:\\\/\\\/www.eldiario.net\\\/portal\\\/2026\\\/07\\\/18\\\/se-debe-cambiar-varias-leyes-para-redistribucion-de-recursos\\\/#primaryimage\"},\"thumbnailUrl\":\"https:\\\/\\\/www.eldiario.net\\\/portal\\\/wp-content\\\/uploads\\\/2026\\\/07\\\/gobernadores-apg-15-cm-x-7.webp\",\"articleSection\":[\"Portada\"],\"inLanguage\":\"es\"},{\"@type\":\"WebPage\",\"@id\":\"https:\\\/\\\/www.eldiario.net\\\/portal\\\/2026\\\/07\\\/18\\\/se-debe-cambiar-varias-leyes-para-redistribucion-de-recursos\\\/\",\"url\":\"https:\\\/\\\/www.eldiario.net\\\/portal\\\/2026\\\/07\\\/18\\\/se-debe-cambiar-varias-leyes-para-redistribucion-de-recursos\\\/\",\"name\":\"Se debe cambiar varias leyes para redistribuci\u00f3n de recursos - El Diario - Bolivia\",\"isPartOf\":{\"@id\":\"https:\\\/\\\/www.eldiario.net\\\/portal\\\/#website\"},\"primaryImageOfPage\":{\"@id\":\"https:\\\/\\\/www.eldiario.net\\\/portal\\\/2026\\\/07\\\/18\\\/se-debe-cambiar-varias-leyes-para-redistribucion-de-recursos\\\/#primaryimage\"},\"image\":{\"@id\":\"https:\\\/\\\/www.eldiario.net\\\/portal\\\/2026\\\/07\\\/18\\\/se-debe-cambiar-varias-leyes-para-redistribucion-de-recursos\\\/#primaryimage\"},\"thumbnailUrl\":\"https:\\\/\\\/www.eldiario.net\\\/portal\\\/wp-content\\\/uploads\\\/2026\\\/07\\\/gobernadores-apg-15-cm-x-7.webp\",\"datePublished\":\"2026-07-18T11:02:06+00:00\",\"breadcrumb\":{\"@id\":\"https:\\\/\\\/www.eldiario.net\\\/portal\\\/2026\\\/07\\\/18\\\/se-debe-cambiar-varias-leyes-para-redistribucion-de-recursos\\\/#breadcrumb\"},\"inLanguage\":\"es\",\"potentialAction\":[{\"@type\":\"ReadAction\",\"target\":[\"https:\\\/\\\/www.eldiario.net\\\/portal\\\/2026\\\/07\\\/18\\\/se-debe-cambiar-varias-leyes-para-redistribucion-de-recursos\\\/\"]}]},{\"@type\":\"ImageObject\",\"inLanguage\":\"es\",\"@id\":\"https:\\\/\\\/www.eldiario.net\\\/portal\\\/2026\\\/07\\\/18\\\/se-debe-cambiar-varias-leyes-para-redistribucion-de-recursos\\\/#primaryimage\",\"url\":\"https:\\\/\\\/www.eldiario.net\\\/portal\\\/wp-content\\\/uploads\\\/2026\\\/07\\\/gobernadores-apg-15-cm-x-7.webp\",\"contentUrl\":\"https:\\\/\\\/www.eldiario.net\\\/portal\\\/wp-content\\\/uploads\\\/2026\\\/07\\\/gobernadores-apg-15-cm-x-7.webp\",\"width\":1200,\"height\":800},{\"@type\":\"BreadcrumbList\",\"@id\":\"https:\\\/\\\/www.eldiario.net\\\/portal\\\/2026\\\/07\\\/18\\\/se-debe-cambiar-varias-leyes-para-redistribucion-de-recursos\\\/#breadcrumb\",\"itemListElement\":[{\"@type\":\"ListItem\",\"position\":1,\"name\":\"Portada\",\"item\":\"https:\\\/\\\/www.eldiario.net\\\/portal\\\/\"},{\"@type\":\"ListItem\",\"position\":2,\"name\":\"Se debe cambiar varias leyes para redistribuci\u00f3n de recursos\"}]},{\"@type\":\"WebSite\",\"@id\":\"https:\\\/\\\/www.eldiario.net\\\/portal\\\/#website\",\"url\":\"https:\\\/\\\/www.eldiario.net\\\/portal\\\/\",\"name\":\"El Diario - Decano de la prensa nacional\",\"description\":\"El Diario - Decano de la prensa nacional\",\"publisher\":{\"@id\":\"https:\\\/\\\/www.eldiario.net\\\/portal\\\/#organization\"},\"potentialAction\":[{\"@type\":\"SearchAction\",\"target\":{\"@type\":\"EntryPoint\",\"urlTemplate\":\"https:\\\/\\\/www.eldiario.net\\\/portal\\\/?s={search_term_string}\"},\"query-input\":{\"@type\":\"PropertyValueSpecification\",\"valueRequired\":true,\"valueName\":\"search_term_string\"}}],\"inLanguage\":\"es\"},{\"@type\":\"Organization\",\"@id\":\"https:\\\/\\\/www.eldiario.net\\\/portal\\\/#organization\",\"name\":\"El Diario - Decano de la prensa nacional\",\"url\":\"https:\\\/\\\/www.eldiario.net\\\/portal\\\/\",\"logo\":{\"@type\":\"ImageObject\",\"inLanguage\":\"es\",\"@id\":\"https:\\\/\\\/www.eldiario.net\\\/portal\\\/#\\\/schema\\\/logo\\\/image\\\/\",\"url\":\"https:\\\/\\\/www.eldiario.net\\\/portal\\\/wp-content\\\/uploads\\\/2023\\\/07\\\/logo_ED.jpg\",\"contentUrl\":\"https:\\\/\\\/www.eldiario.net\\\/portal\\\/wp-content\\\/uploads\\\/2023\\\/07\\\/logo_ED.jpg\",\"width\":272,\"height\":52,\"caption\":\"El Diario - Decano de la prensa nacional\"},\"image\":{\"@id\":\"https:\\\/\\\/www.eldiario.net\\\/portal\\\/#\\\/schema\\\/logo\\\/image\\\/\"},\"sameAs\":[\"https:\\\/\\\/www.facebook.com\\\/eldiario.bolivia\\\/\",\"https:\\\/\\\/x.com\\\/eldiario_net\"]},{\"@type\":\"Person\",\"@id\":\"https:\\\/\\\/www.eldiario.net\\\/portal\\\/#\\\/schema\\\/person\\\/f46445640444750d7d753ccd04ae01b7\",\"name\":\"Jeanette\",\"image\":{\"@type\":\"ImageObject\",\"inLanguage\":\"es\",\"@id\":\"https:\\\/\\\/secure.gravatar.com\\\/avatar\\\/3ea2118a5f7dad2b7138b1187a6b7ee55f160b9968b66013c3a3ef39dd7e5798?s=96&d=mm&r=g\",\"url\":\"https:\\\/\\\/secure.gravatar.com\\\/avatar\\\/3ea2118a5f7dad2b7138b1187a6b7ee55f160b9968b66013c3a3ef39dd7e5798?s=96&d=mm&r=g\",\"contentUrl\":\"https:\\\/\\\/secure.gravatar.com\\\/avatar\\\/3ea2118a5f7dad2b7138b1187a6b7ee55f160b9968b66013c3a3ef39dd7e5798?s=96&d=mm&r=g\",\"caption\":\"Jeanette\"},\"sameAs\":[\"https:\\\/\\\/www.eldiario.net\\\/portal\"],\"url\":\"https:\\\/\\\/www.eldiario.net\\\/portal\\\/author\\\/jeanette\\\/\"}]}<\/script>\n<!-- \/ Yoast SEO plugin. -->","yoast_head_json":{"title":"Se debe cambiar varias leyes para redistribuci\u00f3n de recursos - El Diario - Bolivia","robots":{"index":"index","follow":"follow","max-snippet":"max-snippet:-1","max-image-preview":"max-image-preview:large","max-video-preview":"max-video-preview:-1"},"canonical":"https:\/\/www.eldiario.net\/portal\/2026\/07\/18\/se-debe-cambiar-varias-leyes-para-redistribucion-de-recursos\/","og_locale":"es_ES","og_type":"article","og_title":"Se debe cambiar varias leyes para redistribuci\u00f3n de recursos - El Diario - Bolivia","og_description":"Ante el insistente pedido de las regiones por un nuevo pacto fiscal y la redistribuci\u00f3n de la coparticipaci\u00f3n hasta alcanzar el 50\/50, la diputada oficialista Claudia Bilbao sostuvo que el \u00fanico camino para lograr la redistribuci\u00f3n es considerar seriamente estas reformas, sin descartar aquellos criterios que se inclinan por la necesidad de abrir la Constituci\u00f3n [&hellip;]","og_url":"https:\/\/www.eldiario.net\/portal\/2026\/07\/18\/se-debe-cambiar-varias-leyes-para-redistribucion-de-recursos\/","og_site_name":"El Diario - Bolivia","article_publisher":"https:\/\/www.facebook.com\/eldiario.bolivia\/","article_published_time":"2026-07-18T11:02:06+00:00","og_image":[{"width":1200,"height":800,"url":"https:\/\/www.eldiario.net\/portal\/wp-content\/uploads\/2026\/07\/gobernadores-apg-15-cm-x-7.webp","type":"image\/webp"}],"author":"Jeanette","twitter_card":"summary_large_image","twitter_creator":"@eldiario_net","twitter_site":"@eldiario_net","twitter_misc":{"Escrito por":"Jeanette","Tiempo de lectura":"1 minuto"},"schema":{"@context":"https:\/\/schema.org","@graph":[{"@type":"Article","@id":"https:\/\/www.eldiario.net\/portal\/2026\/07\/18\/se-debe-cambiar-varias-leyes-para-redistribucion-de-recursos\/#article","isPartOf":{"@id":"https:\/\/www.eldiario.net\/portal\/2026\/07\/18\/se-debe-cambiar-varias-leyes-para-redistribucion-de-recursos\/"},"author":{"name":"Jeanette","@id":"https:\/\/www.eldiario.net\/portal\/#\/schema\/person\/f46445640444750d7d753ccd04ae01b7"},"headline":"Se debe cambiar varias leyes para redistribuci\u00f3n de recursos","datePublished":"2026-07-18T11:02:06+00:00","mainEntityOfPage":{"@id":"https:\/\/www.eldiario.net\/portal\/2026\/07\/18\/se-debe-cambiar-varias-leyes-para-redistribucion-de-recursos\/"},"wordCount":140,"publisher":{"@id":"https:\/\/www.eldiario.net\/portal\/#organization"},"image":{"@id":"https:\/\/www.eldiario.net\/portal\/2026\/07\/18\/se-debe-cambiar-varias-leyes-para-redistribucion-de-recursos\/#primaryimage"},"thumbnailUrl":"https:\/\/www.eldiario.net\/portal\/wp-content\/uploads\/2026\/07\/gobernadores-apg-15-cm-x-7.webp","articleSection":["Portada"],"inLanguage":"es"},{"@type":"WebPage","@id":"https:\/\/www.eldiario.net\/portal\/2026\/07\/18\/se-debe-cambiar-varias-leyes-para-redistribucion-de-recursos\/","url":"https:\/\/www.eldiario.net\/portal\/2026\/07\/18\/se-debe-cambiar-varias-leyes-para-redistribucion-de-recursos\/","name":"Se debe cambiar varias leyes para redistribuci\u00f3n de recursos - El Diario - Bolivia","isPartOf":{"@id":"https:\/\/www.eldiario.net\/portal\/#website"},"primaryImageOfPage":{"@id":"https:\/\/www.eldiario.net\/portal\/2026\/07\/18\/se-debe-cambiar-varias-leyes-para-redistribucion-de-recursos\/#primaryimage"},"image":{"@id":"https:\/\/www.eldiario.net\/portal\/2026\/07\/18\/se-debe-cambiar-varias-leyes-para-redistribucion-de-recursos\/#primaryimage"},"thumbnailUrl":"https:\/\/www.eldiario.net\/portal\/wp-content\/uploads\/2026\/07\/gobernadores-apg-15-cm-x-7.webp","datePublished":"2026-07-18T11:02:06+00:00","breadcrumb":{"@id":"https:\/\/www.eldiario.net\/portal\/2026\/07\/18\/se-debe-cambiar-varias-leyes-para-redistribucion-de-recursos\/#breadcrumb"},"inLanguage":"es","potentialAction":[{"@type":"ReadAction","target":["https:\/\/www.eldiario.net\/portal\/2026\/07\/18\/se-debe-cambiar-varias-leyes-para-redistribucion-de-recursos\/"]}]},{"@type":"ImageObject","inLanguage":"es","@id":"https:\/\/www.eldiario.net\/portal\/2026\/07\/18\/se-debe-cambiar-varias-leyes-para-redistribucion-de-recursos\/#primaryimage","url":"https:\/\/www.eldiario.net\/portal\/wp-content\/uploads\/2026\/07\/gobernadores-apg-15-cm-x-7.webp","contentUrl":"https:\/\/www.eldiario.net\/portal\/wp-content\/uploads\/2026\/07\/gobernadores-apg-15-cm-x-7.webp","width":1200,"height":800},{"@type":"BreadcrumbList","@id":"https:\/\/www.eldiario.net\/portal\/2026\/07\/18\/se-debe-cambiar-varias-leyes-para-redistribucion-de-recursos\/#breadcrumb","itemListElement":[{"@type":"ListItem","position":1,"name":"Portada","item":"https:\/\/www.eldiario.net\/portal\/"},{"@type":"ListItem","position":2,"name":"Se debe cambiar varias leyes para redistribuci\u00f3n de recursos"}]},{"@type":"WebSite","@id":"https:\/\/www.eldiario.net\/portal\/#website","url":"https:\/\/www.eldiario.net\/portal\/","name":"El Diario - Decano de la prensa nacional","description":"El Diario - Decano de la prensa nacional","publisher":{"@id":"https:\/\/www.eldiario.net\/portal\/#organization"},"potentialAction":[{"@type":"SearchAction","target":{"@type":"EntryPoint","urlTemplate":"https:\/\/www.eldiario.net\/portal\/?s={search_term_string}"},"query-input":{"@type":"PropertyValueSpecification","valueRequired":true,"valueName":"search_term_string"}}],"inLanguage":"es"},{"@type":"Organization","@id":"https:\/\/www.eldiario.net\/portal\/#organization","name":"El Diario - Decano de la prensa nacional","url":"https:\/\/www.eldiario.net\/portal\/","logo":{"@type":"ImageObject","inLanguage":"es","@id":"https:\/\/www.eldiario.net\/portal\/#\/schema\/logo\/image\/","url":"https:\/\/www.eldiario.net\/portal\/wp-content\/uploads\/2023\/07\/logo_ED.jpg","contentUrl":"https:\/\/www.eldiario.net\/portal\/wp-content\/uploads\/2023\/07\/logo_ED.jpg","width":272,"height":52,"caption":"El Diario - Decano de la prensa nacional"},"image":{"@id":"https:\/\/www.eldiario.net\/portal\/#\/schema\/logo\/image\/"},"sameAs":["https:\/\/www.facebook.com\/eldiario.bolivia\/","https:\/\/x.com\/eldiario_net"]},{"@type":"Person","@id":"https:\/\/www.eldiario.net\/portal\/#\/schema\/person\/f46445640444750d7d753ccd04ae01b7","name":"Jeanette","image":{"@type":"ImageObject","inLanguage":"es","@id":"https:\/\/secure.gravatar.com\/avatar\/3ea2118a5f7dad2b7138b1187a6b7ee55f160b9968b66013c3a3ef39dd7e5798?s=96&d=mm&r=g","url":"https:\/\/secure.gravatar.com\/avatar\/3ea2118a5f7dad2b7138b1187a6b7ee55f160b9968b66013c3a3ef39dd7e5798?s=96&d=mm&r=g","contentUrl":"https:\/\/secure.gravatar.com\/avatar\/3ea2118a5f7dad2b7138b1187a6b7ee55f160b9968b66013c3a3ef39dd7e5798?s=96&d=mm&r=g","caption":"Jeanette"},"sameAs":["https:\/\/www.eldiario.net\/portal"],"url":"https:\/\/www.eldiario.net\/portal\/author\/jeanette\/"}]}},"_links":{"self":[{"href":"https:\/\/www.eldiario.net\/portal\/wp-json\/wp\/v2\/posts\/413574","targetHints":{"allow":["GET"]}}],"collection":[{"href":"https:\/\/www.eldiario.net\/portal\/wp-json\/wp\/v2\/posts"}],"about":[{"href":"https:\/\/www.eldiario.net\/portal\/wp-json\/wp\/v2\/types\/post"}],"author":[{"embeddable":true,"href":"https:\/\/www.eldiario.net\/portal\/wp-json\/wp\/v2\/users\/1"}],"replies":[{"embeddable":true,"href":"https:\/\/www.eldiario.net\/portal\/wp-json\/wp\/v2\/comments?post=413574"}],"version-history":[{"count":1,"href":"https:\/\/www.eldiario.net\/portal\/wp-json\/wp\/v2\/posts\/413574\/revisions"}],"predecessor-version":[{"id":413576,"href":"https:\/\/www.eldiario.net\/portal\/wp-json\/wp\/v2\/posts\/413574\/revisions\/413576"}],"wp:featuredmedia":[{"embeddable":true,"href":"https:\/\/www.eldiario.net\/portal\/wp-json\/wp\/v2\/media\/413575"}],"wp:attachment":[{"href":"https:\/\/www.eldiario.net\/portal\/wp-json\/wp\/v2\/media?parent=413574"}],"wp:term":[{"taxonomy":"category","embeddable":true,"href":"https:\/\/www.eldiario.net\/portal\/wp-json\/wp\/v2\/categories?post=413574"},{"taxonomy":"post_tag","embeddable":true,"href":"https:\/\/www.eldiario.net\/portal\/wp-json\/wp\/v2\/tags?post=413574"}],"curies":[{"name":"wp","href":"https:\/\/api.w.org\/{rel}","templated":true}]}}