{"id":413562,"date":"2026-07-18T06:56:55","date_gmt":"2026-07-18T10:56:55","guid":{"rendered":"https:\/\/www.eldiario.net\/portal\/?p=413562"},"modified":"2026-07-18T06:56:55","modified_gmt":"2026-07-18T10:56:55","slug":"eeuu-busca-atraer-inversion-extranjera-en-favor-de-bolivia","status":"publish","type":"post","link":"https:\/\/www.eldiario.net\/portal\/2026\/07\/18\/eeuu-busca-atraer-inversion-extranjera-en-favor-de-bolivia\/","title":{"rendered":"EEUU busca atraer inversi\u00f3n extranjera en favor de Bolivia"},"content":{"rendered":"<p class=\"v1MsoNormal\">El encargado de Negocios de Estados Unidos en Bolivia, Erik Martini, afirm\u00f3 que uno de los principales objetivos de su pa\u00eds es contribuir a la apertura de la econom\u00eda boliviana para atraer inversi\u00f3n extranjera, al considerar que ello permitir\u00e1 generar mayores oportunidades econ\u00f3micas y respaldar el proceso de recuperaci\u00f3n impulsado por el gobierno del presidente Rodrigo Paz.<\/p>\n<p class=\"v1MsoNormal\">En una entrevista exclusiva concedida este viernes al programa Sin Maquillaje, de Mery Vaca y que se transmite por Br\u00fajula Digital, Martini sostuvo que Washington busca profundizar la cooperaci\u00f3n bilateral no solo en materia de seguridad, sino tambi\u00e9n en el \u00e1mbito econ\u00f3mico, mediante asistencia t\u00e9cnica y el impulso a inversiones privadas estadounidenses.<\/p>\n<p class=\"v1MsoNormal\">Fue la primera entrevista concedida por Martini desde su llegada al pa\u00eds, hace un mes.<\/p>\n<p class=\"v1MsoNormal\">\u00abLo que estamos muy interesados es en abrir Bolivia a la inversi\u00f3n extranjera, para que Estados Unidos pueda competir con las dem\u00e1s empresas extranjeras y profundizar estas oportunidades econ\u00f3micas\u00bb, se\u00f1al\u00f3 el diplom\u00e1tico.<\/p>\n<p class=\"v1MsoNormal\">Para ello, dijo, son necesarias algunas reformas: \u00abEl presidente Paz ha dicho muchas veces, y nosotros estamos completamente de acuerdo, que necesitamos algunos cambios para atraer inversi\u00f3n extranjera. Esos cambios ser\u00edan en beneficio del pueblo boliviano\u00bb, afirm\u00f3.<\/p>\n<p class=\"v1MsoNormal\">Diversos sectores pol\u00edticos y empresariales insisten en que el gobierno debe aprobar un paquete de normas que alienten las inversiones, entre ellas precisamente una Ley de Inversiones, adem\u00e1s de leyes sectoriales en electricidad, hidrocarburos y miner\u00eda, entre otros.<\/p>\n<p class=\"v1MsoNormal\">Martini mencion\u00f3 como algo positivo el ingreso de la empresa de telecomunicaciones norteamericana Starlink al mercado boliviano. Seg\u00fan explic\u00f3, Estados Unidos promovi\u00f3 las gestiones para que la empresa obtuviera una licencia de operaci\u00f3n en el pa\u00eds, con el objetivo de ampliar el acceso a internet, especialmente en las zonas rurales.<\/p>\n<p class=\"v1MsoNormal\">\n<p class=\"v1MsoNormal\">Bolivia era el \u00fanico pa\u00eds que no<\/p>\n<p class=\"v1MsoNormal\">ten\u00eda los servicios de esa compa\u00f1\u00eda<\/p>\n<p class=\"v1MsoNormal\">Antes de llegar al pa\u00eds, encabez\u00f3 el Consulado General de Estados Unidos en Guayaquil, Ecuador, entre 2023 y 2026, y ocup\u00f3 diversos cargos en el Departamento de Estado, entre ellos subdirector para Asuntos de Venezuela y subdirector de la Oficina para Asia Meridional, Asia Central y Medio Oriente de la Oficina de Contraterrorismo. Tambi\u00e9n desempe\u00f1\u00f3 funciones diplom\u00e1ticas en Viena, Pakist\u00e1n, Camer\u00fan y Ecuador.<\/p>\n<p class=\"v1MsoNormal\">En la entrevista se\u00f1al\u00f3 que el gobierno boliviano hered\u00f3 una situaci\u00f3n econ\u00f3mica compleja y consider\u00f3 que ser\u00e1n necesarias reformas para hacer m\u00e1s atractivo el pa\u00eds para los inversionistas extranjeros.<\/p>\n<p class=\"v1MsoNormal\">El encargado de Negocios a\u00f1adi\u00f3 que Estados Unidos trabaja para ampliar la asistencia t\u00e9cnica y humanitaria hacia Bolivia y acompa\u00f1ar al nuevo gobierno en \u00e1reas como seguridad, desarrollo econ\u00f3mico y fortalecimiento institucional, en el marco de una nueva etapa de las relaciones bilaterales entre ambos pa\u00edses<\/p>\n<p class=\"v1MsoNormal\">\n<p class=\"v1MsoNormal\">Coca y Evo Morales<\/p>\n<p class=\"v1MsoNormal\">El diplom\u00e1tico expres\u00f3 la preocupaci\u00f3n de su pa\u00eds por el incremento de los cultivos de coca y anunci\u00f3 que Washington busca fortalecer la cooperaci\u00f3n antidrogas con el gobierno boliviano, aunque evit\u00f3 pronunciarse sobre la situaci\u00f3n judicial del expresidente Evo Morales al se\u00f1alar que Estados Unidos no comenta investigaciones en curso.<\/p>\n<p class=\"v1MsoNormal\">En una entrevista con el programa Sin Maquillaje, Martini afirm\u00f3 que \u00abla cantidad de coca s\u00ed es preocupante en Bolivia\u00bb y sostuvo que el crecimiento de esos cultivos obliga a reforzar los esfuerzos conjuntos para combatir el narcotr\u00e1fico. Record\u00f3 la experiencia reciente de Ecuador y advirti\u00f3 sobre el riesgo de expansi\u00f3n del crimen organizado en la regi\u00f3n.<\/p>\n<p class=\"v1MsoNormal\">El diplom\u00e1tico explic\u00f3 que la cooperaci\u00f3n estadounidense se desarrollar\u00e1 \u00abbajo el principio de soberan\u00eda boliviana\u00bb e incluir\u00e1 asistencia t\u00e9cnica, equipamiento y apoyo a las fuerzas del orden, siempre a solicitud del gobierno boliviano.<\/p>\n<p class=\"v1MsoNormal\">Consultado sobre el papel de Evo Morales en la conflictividad pol\u00edtica y si las referencias de autoridades estadounidenses al \u00abnarcoterrorismo\u00bb inclu\u00edan al exmandatario, Martini declin\u00f3 responder. \u00abEn los Estados Unidos tenemos la pol\u00edtica de nunca comentar una investigaci\u00f3n, sea abierta o no\u00bb, afirm\u00f3, al se\u00f1alar que se trata de un asunto interno de Bolivia.<\/p>\n<p class=\"v1MsoNormal\">No obstante, reiter\u00f3 que Estados Unidos respalda al gobierno del presidente Rodrigo Paz y se opone \u00aba cualquier tipo de violencia pol\u00edtica\u00bb y al narcoterrorismo \u00aben cualquiera de sus formas\u00bb.<\/p>\n<p class=\"v1MsoNormal\">\n<p class=\"v1MsoNormal\">Relaciones en su mejor momento<\/p>\n<p class=\"v1MsoNormal\">El encargado de Negocios afirm\u00f3 que las relaciones bilaterales atraviesan \u00abel mejor momento que hemos tenido en muchos, muchos a\u00f1os\u00bb y destac\u00f3 el acercamiento alcanzado con el gobierno del presidente Paz.<\/p>\n<p class=\"v1MsoNormal\">\n<p class=\"v1MsoNormal\">\u00abHoy en d\u00eda nuestras relaciones son las mejores que hemos tenido en muchos, muchos a\u00f1os. El gobierno de Rodrigo Paz es un gobierno con el que nosotros queremos trabajar y apoyar\u00bb, afirm\u00f3 Martini.<\/p>\n<p class=\"v1MsoNormal\">Como una muestra de esa nueva etapa, destac\u00f3 la presencia de ministros bolivianos, incluido el canciller, en la recepci\u00f3n organizada por la Embajada de Estados Unidos con motivo del 250 aniversario de la independencia de ese pa\u00eds, el pasado 4 de julio, algo que calific\u00f3 como una se\u00f1al del cambio positivo en la relaci\u00f3n bilateral.<\/p>\n<p class=\"v1MsoNormal\">Asimismo, expres\u00f3 su deseo de que ambos pa\u00edses restablezcan el intercambio de embajadores antes de fin de a\u00f1o, despu\u00e9s de casi dos d\u00e9cadas sin representantes diplom\u00e1ticos de ese nivel. (Br\u00fajula Digital)<\/p>\n<p class=\"v1MsoNormal\">\n","protected":false},"excerpt":{"rendered":"<p>El encargado de Negocios de Estados Unidos en Bolivia, Erik Martini, afirm\u00f3 que uno de los principales objetivos de su pa\u00eds es contribuir a la apertura de la econom\u00eda boliviana para atraer inversi\u00f3n extranjera, al considerar que ello permitir\u00e1 generar mayores oportunidades econ\u00f3micas y respaldar el proceso de recuperaci\u00f3n impulsado por el gobierno del presidente [&hellip;]<\/p>\n","protected":false},"author":1,"featured_media":413563,"comment_status":"closed","ping_status":"open","sticky":false,"template":"","format":"standard","meta":{"_acf_changed":false,"footnotes":""},"categories":[15],"tags":[],"class_list":["post-413562","post","type-post","status-publish","format-standard","has-post-thumbnail","category-portada"],"acf":{"antetitulo":"Encargado de Negocios"},"yoast_head":"<!-- This site is optimized with the Yoast SEO plugin v28.4 - https:\/\/yoast.com\/product\/yoast-seo-wordpress\/ -->\n<title>EEUU busca atraer inversi\u00f3n extranjera en favor de Bolivia - El Diario - Bolivia<\/title>\n<meta name=\"robots\" content=\"index, follow, max-snippet:-1, max-image-preview:large, max-video-preview:-1\" \/>\n<link rel=\"canonical\" href=\"https:\/\/www.eldiario.net\/portal\/2026\/07\/18\/eeuu-busca-atraer-inversion-extranjera-en-favor-de-bolivia\/\" \/>\n<meta property=\"og:locale\" content=\"es_ES\" \/>\n<meta property=\"og:type\" content=\"article\" \/>\n<meta property=\"og:title\" content=\"EEUU busca atraer inversi\u00f3n extranjera en favor de Bolivia - El Diario - Bolivia\" \/>\n<meta property=\"og:description\" content=\"El encargado de Negocios de Estados Unidos en Bolivia, Erik Martini, afirm\u00f3 que uno de los principales objetivos de su pa\u00eds es contribuir a la apertura de la econom\u00eda boliviana para atraer inversi\u00f3n extranjera, al considerar que ello permitir\u00e1 generar mayores oportunidades econ\u00f3micas y respaldar el proceso de recuperaci\u00f3n impulsado por el gobierno del presidente [&hellip;]\" \/>\n<meta property=\"og:url\" content=\"https:\/\/www.eldiario.net\/portal\/2026\/07\/18\/eeuu-busca-atraer-inversion-extranjera-en-favor-de-bolivia\/\" \/>\n<meta property=\"og:site_name\" content=\"El Diario - Bolivia\" \/>\n<meta property=\"article:publisher\" content=\"https:\/\/www.facebook.com\/eldiario.bolivia\/\" \/>\n<meta property=\"article:published_time\" content=\"2026-07-18T10:56:55+00:00\" \/>\n<meta property=\"og:image\" content=\"https:\/\/www.eldiario.net\/portal\/wp-content\/uploads\/2026\/07\/martini-USA-LVT-10-cm-x-7.webp\" \/>\n\t<meta property=\"og:image:width\" content=\"748\" \/>\n\t<meta property=\"og:image:height\" content=\"446\" \/>\n\t<meta property=\"og:image:type\" content=\"image\/webp\" \/>\n<meta name=\"author\" content=\"Jeanette\" \/>\n<meta name=\"twitter:card\" content=\"summary_large_image\" \/>\n<meta name=\"twitter:creator\" content=\"@eldiario_net\" \/>\n<meta name=\"twitter:site\" content=\"@eldiario_net\" \/>\n<meta name=\"twitter:label1\" content=\"Escrito por\" \/>\n\t<meta name=\"twitter:data1\" content=\"Jeanette\" \/>\n\t<meta name=\"twitter:label2\" content=\"Tiempo de lectura\" \/>\n\t<meta name=\"twitter:data2\" content=\"4 minutos\" \/>\n<script type=\"application\/ld+json\" class=\"yoast-schema-graph\">{\"@context\":\"https:\\\/\\\/schema.org\",\"@graph\":[{\"@type\":\"Article\",\"@id\":\"https:\\\/\\\/www.eldiario.net\\\/portal\\\/2026\\\/07\\\/18\\\/eeuu-busca-atraer-inversion-extranjera-en-favor-de-bolivia\\\/#article\",\"isPartOf\":{\"@id\":\"https:\\\/\\\/www.eldiario.net\\\/portal\\\/2026\\\/07\\\/18\\\/eeuu-busca-atraer-inversion-extranjera-en-favor-de-bolivia\\\/\"},\"author\":{\"name\":\"Jeanette\",\"@id\":\"https:\\\/\\\/www.eldiario.net\\\/portal\\\/#\\\/schema\\\/person\\\/f46445640444750d7d753ccd04ae01b7\"},\"headline\":\"EEUU busca atraer inversi\u00f3n extranjera en favor de Bolivia\",\"datePublished\":\"2026-07-18T10:56:55+00:00\",\"mainEntityOfPage\":{\"@id\":\"https:\\\/\\\/www.eldiario.net\\\/portal\\\/2026\\\/07\\\/18\\\/eeuu-busca-atraer-inversion-extranjera-en-favor-de-bolivia\\\/\"},\"wordCount\":896,\"publisher\":{\"@id\":\"https:\\\/\\\/www.eldiario.net\\\/portal\\\/#organization\"},\"image\":{\"@id\":\"https:\\\/\\\/www.eldiario.net\\\/portal\\\/2026\\\/07\\\/18\\\/eeuu-busca-atraer-inversion-extranjera-en-favor-de-bolivia\\\/#primaryimage\"},\"thumbnailUrl\":\"https:\\\/\\\/www.eldiario.net\\\/portal\\\/wp-content\\\/uploads\\\/2026\\\/07\\\/martini-USA-LVT-10-cm-x-7.webp\",\"articleSection\":[\"Portada\"],\"inLanguage\":\"es\"},{\"@type\":\"WebPage\",\"@id\":\"https:\\\/\\\/www.eldiario.net\\\/portal\\\/2026\\\/07\\\/18\\\/eeuu-busca-atraer-inversion-extranjera-en-favor-de-bolivia\\\/\",\"url\":\"https:\\\/\\\/www.eldiario.net\\\/portal\\\/2026\\\/07\\\/18\\\/eeuu-busca-atraer-inversion-extranjera-en-favor-de-bolivia\\\/\",\"name\":\"EEUU busca atraer inversi\u00f3n extranjera en favor de Bolivia - El Diario - Bolivia\",\"isPartOf\":{\"@id\":\"https:\\\/\\\/www.eldiario.net\\\/portal\\\/#website\"},\"primaryImageOfPage\":{\"@id\":\"https:\\\/\\\/www.eldiario.net\\\/portal\\\/2026\\\/07\\\/18\\\/eeuu-busca-atraer-inversion-extranjera-en-favor-de-bolivia\\\/#primaryimage\"},\"image\":{\"@id\":\"https:\\\/\\\/www.eldiario.net\\\/portal\\\/2026\\\/07\\\/18\\\/eeuu-busca-atraer-inversion-extranjera-en-favor-de-bolivia\\\/#primaryimage\"},\"thumbnailUrl\":\"https:\\\/\\\/www.eldiario.net\\\/portal\\\/wp-content\\\/uploads\\\/2026\\\/07\\\/martini-USA-LVT-10-cm-x-7.webp\",\"datePublished\":\"2026-07-18T10:56:55+00:00\",\"breadcrumb\":{\"@id\":\"https:\\\/\\\/www.eldiario.net\\\/portal\\\/2026\\\/07\\\/18\\\/eeuu-busca-atraer-inversion-extranjera-en-favor-de-bolivia\\\/#breadcrumb\"},\"inLanguage\":\"es\",\"potentialAction\":[{\"@type\":\"ReadAction\",\"target\":[\"https:\\\/\\\/www.eldiario.net\\\/portal\\\/2026\\\/07\\\/18\\\/eeuu-busca-atraer-inversion-extranjera-en-favor-de-bolivia\\\/\"]}]},{\"@type\":\"ImageObject\",\"inLanguage\":\"es\",\"@id\":\"https:\\\/\\\/www.eldiario.net\\\/portal\\\/2026\\\/07\\\/18\\\/eeuu-busca-atraer-inversion-extranjera-en-favor-de-bolivia\\\/#primaryimage\",\"url\":\"https:\\\/\\\/www.eldiario.net\\\/portal\\\/wp-content\\\/uploads\\\/2026\\\/07\\\/martini-USA-LVT-10-cm-x-7.webp\",\"contentUrl\":\"https:\\\/\\\/www.eldiario.net\\\/portal\\\/wp-content\\\/uploads\\\/2026\\\/07\\\/martini-USA-LVT-10-cm-x-7.webp\",\"width\":748,\"height\":446,\"caption\":\"Encargado de Negocios de EEUU en Bolivia, Erik Martini. CR\u00c9DITO: LVT\"},{\"@type\":\"BreadcrumbList\",\"@id\":\"https:\\\/\\\/www.eldiario.net\\\/portal\\\/2026\\\/07\\\/18\\\/eeuu-busca-atraer-inversion-extranjera-en-favor-de-bolivia\\\/#breadcrumb\",\"itemListElement\":[{\"@type\":\"ListItem\",\"position\":1,\"name\":\"Portada\",\"item\":\"https:\\\/\\\/www.eldiario.net\\\/portal\\\/\"},{\"@type\":\"ListItem\",\"position\":2,\"name\":\"EEUU busca atraer inversi\u00f3n extranjera en favor de Bolivia\"}]},{\"@type\":\"WebSite\",\"@id\":\"https:\\\/\\\/www.eldiario.net\\\/portal\\\/#website\",\"url\":\"https:\\\/\\\/www.eldiario.net\\\/portal\\\/\",\"name\":\"El Diario - Decano de la prensa nacional\",\"description\":\"El Diario - Decano de la prensa nacional\",\"publisher\":{\"@id\":\"https:\\\/\\\/www.eldiario.net\\\/portal\\\/#organization\"},\"potentialAction\":[{\"@type\":\"SearchAction\",\"target\":{\"@type\":\"EntryPoint\",\"urlTemplate\":\"https:\\\/\\\/www.eldiario.net\\\/portal\\\/?s={search_term_string}\"},\"query-input\":{\"@type\":\"PropertyValueSpecification\",\"valueRequired\":true,\"valueName\":\"search_term_string\"}}],\"inLanguage\":\"es\"},{\"@type\":\"Organization\",\"@id\":\"https:\\\/\\\/www.eldiario.net\\\/portal\\\/#organization\",\"name\":\"El Diario - Decano de la prensa nacional\",\"url\":\"https:\\\/\\\/www.eldiario.net\\\/portal\\\/\",\"logo\":{\"@type\":\"ImageObject\",\"inLanguage\":\"es\",\"@id\":\"https:\\\/\\\/www.eldiario.net\\\/portal\\\/#\\\/schema\\\/logo\\\/image\\\/\",\"url\":\"https:\\\/\\\/www.eldiario.net\\\/portal\\\/wp-content\\\/uploads\\\/2023\\\/07\\\/logo_ED.jpg\",\"contentUrl\":\"https:\\\/\\\/www.eldiario.net\\\/portal\\\/wp-content\\\/uploads\\\/2023\\\/07\\\/logo_ED.jpg\",\"width\":272,\"height\":52,\"caption\":\"El Diario - Decano de la prensa nacional\"},\"image\":{\"@id\":\"https:\\\/\\\/www.eldiario.net\\\/portal\\\/#\\\/schema\\\/logo\\\/image\\\/\"},\"sameAs\":[\"https:\\\/\\\/www.facebook.com\\\/eldiario.bolivia\\\/\",\"https:\\\/\\\/x.com\\\/eldiario_net\"]},{\"@type\":\"Person\",\"@id\":\"https:\\\/\\\/www.eldiario.net\\\/portal\\\/#\\\/schema\\\/person\\\/f46445640444750d7d753ccd04ae01b7\",\"name\":\"Jeanette\",\"image\":{\"@type\":\"ImageObject\",\"inLanguage\":\"es\",\"@id\":\"https:\\\/\\\/secure.gravatar.com\\\/avatar\\\/3ea2118a5f7dad2b7138b1187a6b7ee55f160b9968b66013c3a3ef39dd7e5798?s=96&d=mm&r=g\",\"url\":\"https:\\\/\\\/secure.gravatar.com\\\/avatar\\\/3ea2118a5f7dad2b7138b1187a6b7ee55f160b9968b66013c3a3ef39dd7e5798?s=96&d=mm&r=g\",\"contentUrl\":\"https:\\\/\\\/secure.gravatar.com\\\/avatar\\\/3ea2118a5f7dad2b7138b1187a6b7ee55f160b9968b66013c3a3ef39dd7e5798?s=96&d=mm&r=g\",\"caption\":\"Jeanette\"},\"sameAs\":[\"https:\\\/\\\/www.eldiario.net\\\/portal\"],\"url\":\"https:\\\/\\\/www.eldiario.net\\\/portal\\\/author\\\/jeanette\\\/\"}]}<\/script>\n<!-- \/ Yoast SEO plugin. -->","yoast_head_json":{"title":"EEUU busca atraer inversi\u00f3n extranjera en favor de Bolivia - El Diario - Bolivia","robots":{"index":"index","follow":"follow","max-snippet":"max-snippet:-1","max-image-preview":"max-image-preview:large","max-video-preview":"max-video-preview:-1"},"canonical":"https:\/\/www.eldiario.net\/portal\/2026\/07\/18\/eeuu-busca-atraer-inversion-extranjera-en-favor-de-bolivia\/","og_locale":"es_ES","og_type":"article","og_title":"EEUU busca atraer inversi\u00f3n extranjera en favor de Bolivia - El Diario - Bolivia","og_description":"El encargado de Negocios de Estados Unidos en Bolivia, Erik Martini, afirm\u00f3 que uno de los principales objetivos de su pa\u00eds es contribuir a la apertura de la econom\u00eda boliviana para atraer inversi\u00f3n extranjera, al considerar que ello permitir\u00e1 generar mayores oportunidades econ\u00f3micas y respaldar el proceso de recuperaci\u00f3n impulsado por el gobierno del presidente [&hellip;]","og_url":"https:\/\/www.eldiario.net\/portal\/2026\/07\/18\/eeuu-busca-atraer-inversion-extranjera-en-favor-de-bolivia\/","og_site_name":"El Diario - Bolivia","article_publisher":"https:\/\/www.facebook.com\/eldiario.bolivia\/","article_published_time":"2026-07-18T10:56:55+00:00","og_image":[{"width":748,"height":446,"url":"https:\/\/www.eldiario.net\/portal\/wp-content\/uploads\/2026\/07\/martini-USA-LVT-10-cm-x-7.webp","type":"image\/webp"}],"author":"Jeanette","twitter_card":"summary_large_image","twitter_creator":"@eldiario_net","twitter_site":"@eldiario_net","twitter_misc":{"Escrito por":"Jeanette","Tiempo de lectura":"4 minutos"},"schema":{"@context":"https:\/\/schema.org","@graph":[{"@type":"Article","@id":"https:\/\/www.eldiario.net\/portal\/2026\/07\/18\/eeuu-busca-atraer-inversion-extranjera-en-favor-de-bolivia\/#article","isPartOf":{"@id":"https:\/\/www.eldiario.net\/portal\/2026\/07\/18\/eeuu-busca-atraer-inversion-extranjera-en-favor-de-bolivia\/"},"author":{"name":"Jeanette","@id":"https:\/\/www.eldiario.net\/portal\/#\/schema\/person\/f46445640444750d7d753ccd04ae01b7"},"headline":"EEUU busca atraer inversi\u00f3n extranjera en favor de Bolivia","datePublished":"2026-07-18T10:56:55+00:00","mainEntityOfPage":{"@id":"https:\/\/www.eldiario.net\/portal\/2026\/07\/18\/eeuu-busca-atraer-inversion-extranjera-en-favor-de-bolivia\/"},"wordCount":896,"publisher":{"@id":"https:\/\/www.eldiario.net\/portal\/#organization"},"image":{"@id":"https:\/\/www.eldiario.net\/portal\/2026\/07\/18\/eeuu-busca-atraer-inversion-extranjera-en-favor-de-bolivia\/#primaryimage"},"thumbnailUrl":"https:\/\/www.eldiario.net\/portal\/wp-content\/uploads\/2026\/07\/martini-USA-LVT-10-cm-x-7.webp","articleSection":["Portada"],"inLanguage":"es"},{"@type":"WebPage","@id":"https:\/\/www.eldiario.net\/portal\/2026\/07\/18\/eeuu-busca-atraer-inversion-extranjera-en-favor-de-bolivia\/","url":"https:\/\/www.eldiario.net\/portal\/2026\/07\/18\/eeuu-busca-atraer-inversion-extranjera-en-favor-de-bolivia\/","name":"EEUU busca atraer inversi\u00f3n extranjera en favor de Bolivia - El Diario - Bolivia","isPartOf":{"@id":"https:\/\/www.eldiario.net\/portal\/#website"},"primaryImageOfPage":{"@id":"https:\/\/www.eldiario.net\/portal\/2026\/07\/18\/eeuu-busca-atraer-inversion-extranjera-en-favor-de-bolivia\/#primaryimage"},"image":{"@id":"https:\/\/www.eldiario.net\/portal\/2026\/07\/18\/eeuu-busca-atraer-inversion-extranjera-en-favor-de-bolivia\/#primaryimage"},"thumbnailUrl":"https:\/\/www.eldiario.net\/portal\/wp-content\/uploads\/2026\/07\/martini-USA-LVT-10-cm-x-7.webp","datePublished":"2026-07-18T10:56:55+00:00","breadcrumb":{"@id":"https:\/\/www.eldiario.net\/portal\/2026\/07\/18\/eeuu-busca-atraer-inversion-extranjera-en-favor-de-bolivia\/#breadcrumb"},"inLanguage":"es","potentialAction":[{"@type":"ReadAction","target":["https:\/\/www.eldiario.net\/portal\/2026\/07\/18\/eeuu-busca-atraer-inversion-extranjera-en-favor-de-bolivia\/"]}]},{"@type":"ImageObject","inLanguage":"es","@id":"https:\/\/www.eldiario.net\/portal\/2026\/07\/18\/eeuu-busca-atraer-inversion-extranjera-en-favor-de-bolivia\/#primaryimage","url":"https:\/\/www.eldiario.net\/portal\/wp-content\/uploads\/2026\/07\/martini-USA-LVT-10-cm-x-7.webp","contentUrl":"https:\/\/www.eldiario.net\/portal\/wp-content\/uploads\/2026\/07\/martini-USA-LVT-10-cm-x-7.webp","width":748,"height":446,"caption":"Encargado de Negocios de EEUU en Bolivia, Erik Martini. CR\u00c9DITO: LVT"},{"@type":"BreadcrumbList","@id":"https:\/\/www.eldiario.net\/portal\/2026\/07\/18\/eeuu-busca-atraer-inversion-extranjera-en-favor-de-bolivia\/#breadcrumb","itemListElement":[{"@type":"ListItem","position":1,"name":"Portada","item":"https:\/\/www.eldiario.net\/portal\/"},{"@type":"ListItem","position":2,"name":"EEUU busca atraer inversi\u00f3n extranjera en favor de Bolivia"}]},{"@type":"WebSite","@id":"https:\/\/www.eldiario.net\/portal\/#website","url":"https:\/\/www.eldiario.net\/portal\/","name":"El Diario - Decano de la prensa nacional","description":"El Diario - Decano de la prensa nacional","publisher":{"@id":"https:\/\/www.eldiario.net\/portal\/#organization"},"potentialAction":[{"@type":"SearchAction","target":{"@type":"EntryPoint","urlTemplate":"https:\/\/www.eldiario.net\/portal\/?s={search_term_string}"},"query-input":{"@type":"PropertyValueSpecification","valueRequired":true,"valueName":"search_term_string"}}],"inLanguage":"es"},{"@type":"Organization","@id":"https:\/\/www.eldiario.net\/portal\/#organization","name":"El Diario - Decano de la prensa nacional","url":"https:\/\/www.eldiario.net\/portal\/","logo":{"@type":"ImageObject","inLanguage":"es","@id":"https:\/\/www.eldiario.net\/portal\/#\/schema\/logo\/image\/","url":"https:\/\/www.eldiario.net\/portal\/wp-content\/uploads\/2023\/07\/logo_ED.jpg","contentUrl":"https:\/\/www.eldiario.net\/portal\/wp-content\/uploads\/2023\/07\/logo_ED.jpg","width":272,"height":52,"caption":"El Diario - Decano de la prensa nacional"},"image":{"@id":"https:\/\/www.eldiario.net\/portal\/#\/schema\/logo\/image\/"},"sameAs":["https:\/\/www.facebook.com\/eldiario.bolivia\/","https:\/\/x.com\/eldiario_net"]},{"@type":"Person","@id":"https:\/\/www.eldiario.net\/portal\/#\/schema\/person\/f46445640444750d7d753ccd04ae01b7","name":"Jeanette","image":{"@type":"ImageObject","inLanguage":"es","@id":"https:\/\/secure.gravatar.com\/avatar\/3ea2118a5f7dad2b7138b1187a6b7ee55f160b9968b66013c3a3ef39dd7e5798?s=96&d=mm&r=g","url":"https:\/\/secure.gravatar.com\/avatar\/3ea2118a5f7dad2b7138b1187a6b7ee55f160b9968b66013c3a3ef39dd7e5798?s=96&d=mm&r=g","contentUrl":"https:\/\/secure.gravatar.com\/avatar\/3ea2118a5f7dad2b7138b1187a6b7ee55f160b9968b66013c3a3ef39dd7e5798?s=96&d=mm&r=g","caption":"Jeanette"},"sameAs":["https:\/\/www.eldiario.net\/portal"],"url":"https:\/\/www.eldiario.net\/portal\/author\/jeanette\/"}]}},"_links":{"self":[{"href":"https:\/\/www.eldiario.net\/portal\/wp-json\/wp\/v2\/posts\/413562","targetHints":{"allow":["GET"]}}],"collection":[{"href":"https:\/\/www.eldiario.net\/portal\/wp-json\/wp\/v2\/posts"}],"about":[{"href":"https:\/\/www.eldiario.net\/portal\/wp-json\/wp\/v2\/types\/post"}],"author":[{"embeddable":true,"href":"https:\/\/www.eldiario.net\/portal\/wp-json\/wp\/v2\/users\/1"}],"replies":[{"embeddable":true,"href":"https:\/\/www.eldiario.net\/portal\/wp-json\/wp\/v2\/comments?post=413562"}],"version-history":[{"count":1,"href":"https:\/\/www.eldiario.net\/portal\/wp-json\/wp\/v2\/posts\/413562\/revisions"}],"predecessor-version":[{"id":413564,"href":"https:\/\/www.eldiario.net\/portal\/wp-json\/wp\/v2\/posts\/413562\/revisions\/413564"}],"wp:featuredmedia":[{"embeddable":true,"href":"https:\/\/www.eldiario.net\/portal\/wp-json\/wp\/v2\/media\/413563"}],"wp:attachment":[{"href":"https:\/\/www.eldiario.net\/portal\/wp-json\/wp\/v2\/media?parent=413562"}],"wp:term":[{"taxonomy":"category","embeddable":true,"href":"https:\/\/www.eldiario.net\/portal\/wp-json\/wp\/v2\/categories?post=413562"},{"taxonomy":"post_tag","embeddable":true,"href":"https:\/\/www.eldiario.net\/portal\/wp-json\/wp\/v2\/tags?post=413562"}],"curies":[{"name":"wp","href":"https:\/\/api.w.org\/{rel}","templated":true}]}}