{"id":413556,"date":"2026-07-17T20:12:51","date_gmt":"2026-07-18T00:12:51","guid":{"rendered":"https:\/\/www.eldiario.net\/portal\/?p=413556"},"modified":"2026-07-17T20:12:51","modified_gmt":"2026-07-18T00:12:51","slug":"lula-respondera-al-nuevo-arancel-de-ee-uu-con-una-guerra-de-la-verdad-2012","status":"publish","type":"post","link":"https:\/\/www.eldiario.net\/portal\/2026\/07\/17\/lula-respondera-al-nuevo-arancel-de-ee-uu-con-una-guerra-de-la-verdad-2012\/","title":{"rendered":"Lula responder\u00e1 al nuevo arancel de EE. UU. con una \u00abguerra de la verdad\u00bb (20:12)"},"content":{"rendered":"<p>El presidente de Brasil, Luiz In\u00e1cio Lula da Silva, afirm\u00f3 que responder\u00e1 con una \u00abguerra de la verdad y de la narrativa\u00bb ante los nuevos aranceles del 25% impuestos por el gobierno de Donald Trump a la mayor\u00eda de las importaciones brasile\u00f1as.<\/p>\n<p>Durante un acto en R\u00edo de Janeiro, Lula rechaz\u00f3 las acusaciones de Washington sobre supuestas pr\u00e1cticas desleales, defendi\u00f3 la soberan\u00eda de su pa\u00eds y asegur\u00f3 que Brasil no aceptar\u00e1 presiones externas, instando a su hom\u00f3logo estadounidense a priorizar el di\u00e1logo y la palabra sobre las medidas unilaterales.<\/p>\n<p data-path-to-node=\"2\">La crisis comercial escal\u00f3 luego del sorpresivo anuncio de la Casa Blanca sobre el gravamen del 25%, justific\u00e1ndolo por una aparente falta de avances en las negociaciones bilaterales.<\/p>\n<p>Aunque el mandatario brasile\u00f1o aclar\u00f3 que buscar\u00e1 primero una soluci\u00f3n negociada, advirti\u00f3 que el pa\u00eds dispone de mecanismos legales para defenderse; entre ellos, el Gobierno ya estudia la aplicaci\u00f3n de la Ley de Reciprocidad Comercial y la presentaci\u00f3n de acciones formales ante la Organizaci\u00f3n Mundial del Comercio. (Xinhua-News-Agency)<\/p>\n","protected":false},"excerpt":{"rendered":"<p>El presidente de Brasil, Luiz In\u00e1cio Lula da Silva, afirm\u00f3 que responder\u00e1 con una \u00abguerra de la verdad y de la narrativa\u00bb ante los nuevos aranceles del 25% impuestos por el gobierno de Donald Trump a la mayor\u00eda de las importaciones brasile\u00f1as. Durante un acto en R\u00edo de Janeiro, Lula rechaz\u00f3 las acusaciones de Washington [&hellip;]<\/p>\n","protected":false},"author":7,"featured_media":413559,"comment_status":"closed","ping_status":"open","sticky":false,"template":"","format":"standard","meta":{"_acf_changed":false,"footnotes":""},"categories":[51],"tags":[],"class_list":["post-413556","post","type-post","status-publish","format-standard","has-post-thumbnail","category-ultima-hora"],"acf":{"antetitulo":""},"yoast_head":"<!-- This site is optimized with the Yoast SEO plugin v28.4 - https:\/\/yoast.com\/product\/yoast-seo-wordpress\/ -->\n<title>Lula responder\u00e1 al nuevo arancel de EE. UU. con una &quot;guerra de la verdad&quot; (20:12) - El Diario - Bolivia<\/title>\n<meta name=\"robots\" content=\"index, follow, max-snippet:-1, max-image-preview:large, max-video-preview:-1\" \/>\n<link rel=\"canonical\" href=\"https:\/\/www.eldiario.net\/portal\/2026\/07\/17\/lula-respondera-al-nuevo-arancel-de-ee-uu-con-una-guerra-de-la-verdad-2012\/\" \/>\n<meta property=\"og:locale\" content=\"es_ES\" \/>\n<meta property=\"og:type\" content=\"article\" \/>\n<meta property=\"og:title\" content=\"Lula responder\u00e1 al nuevo arancel de EE. UU. con una &quot;guerra de la verdad&quot; (20:12) - El Diario - Bolivia\" \/>\n<meta property=\"og:description\" content=\"El presidente de Brasil, Luiz In\u00e1cio Lula da Silva, afirm\u00f3 que responder\u00e1 con una \u00abguerra de la verdad y de la narrativa\u00bb ante los nuevos aranceles del 25% impuestos por el gobierno de Donald Trump a la mayor\u00eda de las importaciones brasile\u00f1as. Durante un acto en R\u00edo de Janeiro, Lula rechaz\u00f3 las acusaciones de Washington [&hellip;]\" \/>\n<meta property=\"og:url\" content=\"https:\/\/www.eldiario.net\/portal\/2026\/07\/17\/lula-respondera-al-nuevo-arancel-de-ee-uu-con-una-guerra-de-la-verdad-2012\/\" \/>\n<meta property=\"og:site_name\" content=\"El Diario - Bolivia\" \/>\n<meta property=\"article:publisher\" content=\"https:\/\/www.facebook.com\/eldiario.bolivia\/\" \/>\n<meta property=\"article:published_time\" content=\"2026-07-18T00:12:51+00:00\" \/>\n<meta property=\"og:image\" content=\"https:\/\/www.eldiario.net\/portal\/wp-content\/uploads\/2026\/07\/lula-2-17.07.26-copia.webp\" \/>\n\t<meta property=\"og:image:width\" content=\"500\" \/>\n\t<meta property=\"og:image:height\" content=\"333\" \/>\n\t<meta property=\"og:image:type\" content=\"image\/webp\" \/>\n<meta name=\"author\" content=\"Viviana Monrroy\" \/>\n<meta name=\"twitter:card\" content=\"summary_large_image\" \/>\n<meta name=\"twitter:creator\" content=\"@eldiario_net\" \/>\n<meta name=\"twitter:site\" content=\"@eldiario_net\" \/>\n<meta name=\"twitter:label1\" content=\"Escrito por\" \/>\n\t<meta name=\"twitter:data1\" content=\"Viviana Monrroy\" \/>\n\t<meta name=\"twitter:label2\" content=\"Tiempo de lectura\" \/>\n\t<meta name=\"twitter:data2\" content=\"1 minuto\" \/>\n<script type=\"application\/ld+json\" class=\"yoast-schema-graph\">{\"@context\":\"https:\\\/\\\/schema.org\",\"@graph\":[{\"@type\":\"Article\",\"@id\":\"https:\\\/\\\/www.eldiario.net\\\/portal\\\/2026\\\/07\\\/17\\\/lula-respondera-al-nuevo-arancel-de-ee-uu-con-una-guerra-de-la-verdad-2012\\\/#article\",\"isPartOf\":{\"@id\":\"https:\\\/\\\/www.eldiario.net\\\/portal\\\/2026\\\/07\\\/17\\\/lula-respondera-al-nuevo-arancel-de-ee-uu-con-una-guerra-de-la-verdad-2012\\\/\"},\"author\":{\"name\":\"Viviana Monrroy\",\"@id\":\"https:\\\/\\\/www.eldiario.net\\\/portal\\\/#\\\/schema\\\/person\\\/32cc89e801dfcbad3a54f91da7f2ea06\"},\"headline\":\"Lula responder\u00e1 al nuevo arancel de EE. UU. con una \u00abguerra de la verdad\u00bb (20:12)\",\"datePublished\":\"2026-07-18T00:12:51+00:00\",\"mainEntityOfPage\":{\"@id\":\"https:\\\/\\\/www.eldiario.net\\\/portal\\\/2026\\\/07\\\/17\\\/lula-respondera-al-nuevo-arancel-de-ee-uu-con-una-guerra-de-la-verdad-2012\\\/\"},\"wordCount\":193,\"publisher\":{\"@id\":\"https:\\\/\\\/www.eldiario.net\\\/portal\\\/#organization\"},\"image\":{\"@id\":\"https:\\\/\\\/www.eldiario.net\\\/portal\\\/2026\\\/07\\\/17\\\/lula-respondera-al-nuevo-arancel-de-ee-uu-con-una-guerra-de-la-verdad-2012\\\/#primaryimage\"},\"thumbnailUrl\":\"https:\\\/\\\/www.eldiario.net\\\/portal\\\/wp-content\\\/uploads\\\/2026\\\/07\\\/lula-2-17.07.26-copia.webp\",\"articleSection\":[\"\u00daltima Hora\"],\"inLanguage\":\"es\"},{\"@type\":\"WebPage\",\"@id\":\"https:\\\/\\\/www.eldiario.net\\\/portal\\\/2026\\\/07\\\/17\\\/lula-respondera-al-nuevo-arancel-de-ee-uu-con-una-guerra-de-la-verdad-2012\\\/\",\"url\":\"https:\\\/\\\/www.eldiario.net\\\/portal\\\/2026\\\/07\\\/17\\\/lula-respondera-al-nuevo-arancel-de-ee-uu-con-una-guerra-de-la-verdad-2012\\\/\",\"name\":\"Lula responder\u00e1 al nuevo arancel de EE. UU. con una \\\"guerra de la verdad\\\" (20:12) - El Diario - Bolivia\",\"isPartOf\":{\"@id\":\"https:\\\/\\\/www.eldiario.net\\\/portal\\\/#website\"},\"primaryImageOfPage\":{\"@id\":\"https:\\\/\\\/www.eldiario.net\\\/portal\\\/2026\\\/07\\\/17\\\/lula-respondera-al-nuevo-arancel-de-ee-uu-con-una-guerra-de-la-verdad-2012\\\/#primaryimage\"},\"image\":{\"@id\":\"https:\\\/\\\/www.eldiario.net\\\/portal\\\/2026\\\/07\\\/17\\\/lula-respondera-al-nuevo-arancel-de-ee-uu-con-una-guerra-de-la-verdad-2012\\\/#primaryimage\"},\"thumbnailUrl\":\"https:\\\/\\\/www.eldiario.net\\\/portal\\\/wp-content\\\/uploads\\\/2026\\\/07\\\/lula-2-17.07.26-copia.webp\",\"datePublished\":\"2026-07-18T00:12:51+00:00\",\"breadcrumb\":{\"@id\":\"https:\\\/\\\/www.eldiario.net\\\/portal\\\/2026\\\/07\\\/17\\\/lula-respondera-al-nuevo-arancel-de-ee-uu-con-una-guerra-de-la-verdad-2012\\\/#breadcrumb\"},\"inLanguage\":\"es\",\"potentialAction\":[{\"@type\":\"ReadAction\",\"target\":[\"https:\\\/\\\/www.eldiario.net\\\/portal\\\/2026\\\/07\\\/17\\\/lula-respondera-al-nuevo-arancel-de-ee-uu-con-una-guerra-de-la-verdad-2012\\\/\"]}]},{\"@type\":\"ImageObject\",\"inLanguage\":\"es\",\"@id\":\"https:\\\/\\\/www.eldiario.net\\\/portal\\\/2026\\\/07\\\/17\\\/lula-respondera-al-nuevo-arancel-de-ee-uu-con-una-guerra-de-la-verdad-2012\\\/#primaryimage\",\"url\":\"https:\\\/\\\/www.eldiario.net\\\/portal\\\/wp-content\\\/uploads\\\/2026\\\/07\\\/lula-2-17.07.26-copia.webp\",\"contentUrl\":\"https:\\\/\\\/www.eldiario.net\\\/portal\\\/wp-content\\\/uploads\\\/2026\\\/07\\\/lula-2-17.07.26-copia.webp\",\"width\":500,\"height\":333,\"caption\":\"El presidente Luiz In\u00e1cio Lula da Silva. (Foto: Xinhua News Agency)\"},{\"@type\":\"BreadcrumbList\",\"@id\":\"https:\\\/\\\/www.eldiario.net\\\/portal\\\/2026\\\/07\\\/17\\\/lula-respondera-al-nuevo-arancel-de-ee-uu-con-una-guerra-de-la-verdad-2012\\\/#breadcrumb\",\"itemListElement\":[{\"@type\":\"ListItem\",\"position\":1,\"name\":\"Portada\",\"item\":\"https:\\\/\\\/www.eldiario.net\\\/portal\\\/\"},{\"@type\":\"ListItem\",\"position\":2,\"name\":\"Lula responder\u00e1 al nuevo arancel de EE. UU. con una \u00abguerra de la verdad\u00bb (20:12)\"}]},{\"@type\":\"WebSite\",\"@id\":\"https:\\\/\\\/www.eldiario.net\\\/portal\\\/#website\",\"url\":\"https:\\\/\\\/www.eldiario.net\\\/portal\\\/\",\"name\":\"El Diario - Decano de la prensa nacional\",\"description\":\"El Diario - Decano de la prensa nacional\",\"publisher\":{\"@id\":\"https:\\\/\\\/www.eldiario.net\\\/portal\\\/#organization\"},\"potentialAction\":[{\"@type\":\"SearchAction\",\"target\":{\"@type\":\"EntryPoint\",\"urlTemplate\":\"https:\\\/\\\/www.eldiario.net\\\/portal\\\/?s={search_term_string}\"},\"query-input\":{\"@type\":\"PropertyValueSpecification\",\"valueRequired\":true,\"valueName\":\"search_term_string\"}}],\"inLanguage\":\"es\"},{\"@type\":\"Organization\",\"@id\":\"https:\\\/\\\/www.eldiario.net\\\/portal\\\/#organization\",\"name\":\"El Diario - Decano de la prensa nacional\",\"url\":\"https:\\\/\\\/www.eldiario.net\\\/portal\\\/\",\"logo\":{\"@type\":\"ImageObject\",\"inLanguage\":\"es\",\"@id\":\"https:\\\/\\\/www.eldiario.net\\\/portal\\\/#\\\/schema\\\/logo\\\/image\\\/\",\"url\":\"https:\\\/\\\/www.eldiario.net\\\/portal\\\/wp-content\\\/uploads\\\/2023\\\/07\\\/logo_ED.jpg\",\"contentUrl\":\"https:\\\/\\\/www.eldiario.net\\\/portal\\\/wp-content\\\/uploads\\\/2023\\\/07\\\/logo_ED.jpg\",\"width\":272,\"height\":52,\"caption\":\"El Diario - Decano de la prensa nacional\"},\"image\":{\"@id\":\"https:\\\/\\\/www.eldiario.net\\\/portal\\\/#\\\/schema\\\/logo\\\/image\\\/\"},\"sameAs\":[\"https:\\\/\\\/www.facebook.com\\\/eldiario.bolivia\\\/\",\"https:\\\/\\\/x.com\\\/eldiario_net\"]},{\"@type\":\"Person\",\"@id\":\"https:\\\/\\\/www.eldiario.net\\\/portal\\\/#\\\/schema\\\/person\\\/32cc89e801dfcbad3a54f91da7f2ea06\",\"name\":\"Viviana Monrroy\",\"image\":{\"@type\":\"ImageObject\",\"inLanguage\":\"es\",\"@id\":\"https:\\\/\\\/secure.gravatar.com\\\/avatar\\\/dfd1611ed5600959a0e5a9754503b6c05d1dcf190010998e0363aee2ad98afca?s=96&d=mm&r=g\",\"url\":\"https:\\\/\\\/secure.gravatar.com\\\/avatar\\\/dfd1611ed5600959a0e5a9754503b6c05d1dcf190010998e0363aee2ad98afca?s=96&d=mm&r=g\",\"contentUrl\":\"https:\\\/\\\/secure.gravatar.com\\\/avatar\\\/dfd1611ed5600959a0e5a9754503b6c05d1dcf190010998e0363aee2ad98afca?s=96&d=mm&r=g\",\"caption\":\"Viviana Monrroy\"},\"sameAs\":[\"http:\\\/\\\/www.eldiario.net\"],\"url\":\"https:\\\/\\\/www.eldiario.net\\\/portal\\\/author\\\/vivianamonrroy\\\/\"}]}<\/script>\n<!-- \/ Yoast SEO plugin. -->","yoast_head_json":{"title":"Lula responder\u00e1 al nuevo arancel de EE. UU. con una \"guerra de la verdad\" (20:12) - El Diario - Bolivia","robots":{"index":"index","follow":"follow","max-snippet":"max-snippet:-1","max-image-preview":"max-image-preview:large","max-video-preview":"max-video-preview:-1"},"canonical":"https:\/\/www.eldiario.net\/portal\/2026\/07\/17\/lula-respondera-al-nuevo-arancel-de-ee-uu-con-una-guerra-de-la-verdad-2012\/","og_locale":"es_ES","og_type":"article","og_title":"Lula responder\u00e1 al nuevo arancel de EE. UU. con una \"guerra de la verdad\" (20:12) - El Diario - Bolivia","og_description":"El presidente de Brasil, Luiz In\u00e1cio Lula da Silva, afirm\u00f3 que responder\u00e1 con una \u00abguerra de la verdad y de la narrativa\u00bb ante los nuevos aranceles del 25% impuestos por el gobierno de Donald Trump a la mayor\u00eda de las importaciones brasile\u00f1as. Durante un acto en R\u00edo de Janeiro, Lula rechaz\u00f3 las acusaciones de Washington [&hellip;]","og_url":"https:\/\/www.eldiario.net\/portal\/2026\/07\/17\/lula-respondera-al-nuevo-arancel-de-ee-uu-con-una-guerra-de-la-verdad-2012\/","og_site_name":"El Diario - Bolivia","article_publisher":"https:\/\/www.facebook.com\/eldiario.bolivia\/","article_published_time":"2026-07-18T00:12:51+00:00","og_image":[{"width":500,"height":333,"url":"https:\/\/www.eldiario.net\/portal\/wp-content\/uploads\/2026\/07\/lula-2-17.07.26-copia.webp","type":"image\/webp"}],"author":"Viviana Monrroy","twitter_card":"summary_large_image","twitter_creator":"@eldiario_net","twitter_site":"@eldiario_net","twitter_misc":{"Escrito por":"Viviana Monrroy","Tiempo de lectura":"1 minuto"},"schema":{"@context":"https:\/\/schema.org","@graph":[{"@type":"Article","@id":"https:\/\/www.eldiario.net\/portal\/2026\/07\/17\/lula-respondera-al-nuevo-arancel-de-ee-uu-con-una-guerra-de-la-verdad-2012\/#article","isPartOf":{"@id":"https:\/\/www.eldiario.net\/portal\/2026\/07\/17\/lula-respondera-al-nuevo-arancel-de-ee-uu-con-una-guerra-de-la-verdad-2012\/"},"author":{"name":"Viviana Monrroy","@id":"https:\/\/www.eldiario.net\/portal\/#\/schema\/person\/32cc89e801dfcbad3a54f91da7f2ea06"},"headline":"Lula responder\u00e1 al nuevo arancel de EE. UU. con una \u00abguerra de la verdad\u00bb (20:12)","datePublished":"2026-07-18T00:12:51+00:00","mainEntityOfPage":{"@id":"https:\/\/www.eldiario.net\/portal\/2026\/07\/17\/lula-respondera-al-nuevo-arancel-de-ee-uu-con-una-guerra-de-la-verdad-2012\/"},"wordCount":193,"publisher":{"@id":"https:\/\/www.eldiario.net\/portal\/#organization"},"image":{"@id":"https:\/\/www.eldiario.net\/portal\/2026\/07\/17\/lula-respondera-al-nuevo-arancel-de-ee-uu-con-una-guerra-de-la-verdad-2012\/#primaryimage"},"thumbnailUrl":"https:\/\/www.eldiario.net\/portal\/wp-content\/uploads\/2026\/07\/lula-2-17.07.26-copia.webp","articleSection":["\u00daltima Hora"],"inLanguage":"es"},{"@type":"WebPage","@id":"https:\/\/www.eldiario.net\/portal\/2026\/07\/17\/lula-respondera-al-nuevo-arancel-de-ee-uu-con-una-guerra-de-la-verdad-2012\/","url":"https:\/\/www.eldiario.net\/portal\/2026\/07\/17\/lula-respondera-al-nuevo-arancel-de-ee-uu-con-una-guerra-de-la-verdad-2012\/","name":"Lula responder\u00e1 al nuevo arancel de EE. UU. con una \"guerra de la verdad\" (20:12) - El Diario - Bolivia","isPartOf":{"@id":"https:\/\/www.eldiario.net\/portal\/#website"},"primaryImageOfPage":{"@id":"https:\/\/www.eldiario.net\/portal\/2026\/07\/17\/lula-respondera-al-nuevo-arancel-de-ee-uu-con-una-guerra-de-la-verdad-2012\/#primaryimage"},"image":{"@id":"https:\/\/www.eldiario.net\/portal\/2026\/07\/17\/lula-respondera-al-nuevo-arancel-de-ee-uu-con-una-guerra-de-la-verdad-2012\/#primaryimage"},"thumbnailUrl":"https:\/\/www.eldiario.net\/portal\/wp-content\/uploads\/2026\/07\/lula-2-17.07.26-copia.webp","datePublished":"2026-07-18T00:12:51+00:00","breadcrumb":{"@id":"https:\/\/www.eldiario.net\/portal\/2026\/07\/17\/lula-respondera-al-nuevo-arancel-de-ee-uu-con-una-guerra-de-la-verdad-2012\/#breadcrumb"},"inLanguage":"es","potentialAction":[{"@type":"ReadAction","target":["https:\/\/www.eldiario.net\/portal\/2026\/07\/17\/lula-respondera-al-nuevo-arancel-de-ee-uu-con-una-guerra-de-la-verdad-2012\/"]}]},{"@type":"ImageObject","inLanguage":"es","@id":"https:\/\/www.eldiario.net\/portal\/2026\/07\/17\/lula-respondera-al-nuevo-arancel-de-ee-uu-con-una-guerra-de-la-verdad-2012\/#primaryimage","url":"https:\/\/www.eldiario.net\/portal\/wp-content\/uploads\/2026\/07\/lula-2-17.07.26-copia.webp","contentUrl":"https:\/\/www.eldiario.net\/portal\/wp-content\/uploads\/2026\/07\/lula-2-17.07.26-copia.webp","width":500,"height":333,"caption":"El presidente Luiz In\u00e1cio Lula da Silva. (Foto: Xinhua News Agency)"},{"@type":"BreadcrumbList","@id":"https:\/\/www.eldiario.net\/portal\/2026\/07\/17\/lula-respondera-al-nuevo-arancel-de-ee-uu-con-una-guerra-de-la-verdad-2012\/#breadcrumb","itemListElement":[{"@type":"ListItem","position":1,"name":"Portada","item":"https:\/\/www.eldiario.net\/portal\/"},{"@type":"ListItem","position":2,"name":"Lula responder\u00e1 al nuevo arancel de EE. UU. con una \u00abguerra de la verdad\u00bb (20:12)"}]},{"@type":"WebSite","@id":"https:\/\/www.eldiario.net\/portal\/#website","url":"https:\/\/www.eldiario.net\/portal\/","name":"El Diario - Decano de la prensa nacional","description":"El Diario - Decano de la prensa nacional","publisher":{"@id":"https:\/\/www.eldiario.net\/portal\/#organization"},"potentialAction":[{"@type":"SearchAction","target":{"@type":"EntryPoint","urlTemplate":"https:\/\/www.eldiario.net\/portal\/?s={search_term_string}"},"query-input":{"@type":"PropertyValueSpecification","valueRequired":true,"valueName":"search_term_string"}}],"inLanguage":"es"},{"@type":"Organization","@id":"https:\/\/www.eldiario.net\/portal\/#organization","name":"El Diario - Decano de la prensa nacional","url":"https:\/\/www.eldiario.net\/portal\/","logo":{"@type":"ImageObject","inLanguage":"es","@id":"https:\/\/www.eldiario.net\/portal\/#\/schema\/logo\/image\/","url":"https:\/\/www.eldiario.net\/portal\/wp-content\/uploads\/2023\/07\/logo_ED.jpg","contentUrl":"https:\/\/www.eldiario.net\/portal\/wp-content\/uploads\/2023\/07\/logo_ED.jpg","width":272,"height":52,"caption":"El Diario - Decano de la prensa nacional"},"image":{"@id":"https:\/\/www.eldiario.net\/portal\/#\/schema\/logo\/image\/"},"sameAs":["https:\/\/www.facebook.com\/eldiario.bolivia\/","https:\/\/x.com\/eldiario_net"]},{"@type":"Person","@id":"https:\/\/www.eldiario.net\/portal\/#\/schema\/person\/32cc89e801dfcbad3a54f91da7f2ea06","name":"Viviana Monrroy","image":{"@type":"ImageObject","inLanguage":"es","@id":"https:\/\/secure.gravatar.com\/avatar\/dfd1611ed5600959a0e5a9754503b6c05d1dcf190010998e0363aee2ad98afca?s=96&d=mm&r=g","url":"https:\/\/secure.gravatar.com\/avatar\/dfd1611ed5600959a0e5a9754503b6c05d1dcf190010998e0363aee2ad98afca?s=96&d=mm&r=g","contentUrl":"https:\/\/secure.gravatar.com\/avatar\/dfd1611ed5600959a0e5a9754503b6c05d1dcf190010998e0363aee2ad98afca?s=96&d=mm&r=g","caption":"Viviana Monrroy"},"sameAs":["http:\/\/www.eldiario.net"],"url":"https:\/\/www.eldiario.net\/portal\/author\/vivianamonrroy\/"}]}},"_links":{"self":[{"href":"https:\/\/www.eldiario.net\/portal\/wp-json\/wp\/v2\/posts\/413556","targetHints":{"allow":["GET"]}}],"collection":[{"href":"https:\/\/www.eldiario.net\/portal\/wp-json\/wp\/v2\/posts"}],"about":[{"href":"https:\/\/www.eldiario.net\/portal\/wp-json\/wp\/v2\/types\/post"}],"author":[{"embeddable":true,"href":"https:\/\/www.eldiario.net\/portal\/wp-json\/wp\/v2\/users\/7"}],"replies":[{"embeddable":true,"href":"https:\/\/www.eldiario.net\/portal\/wp-json\/wp\/v2\/comments?post=413556"}],"version-history":[{"count":2,"href":"https:\/\/www.eldiario.net\/portal\/wp-json\/wp\/v2\/posts\/413556\/revisions"}],"predecessor-version":[{"id":413561,"href":"https:\/\/www.eldiario.net\/portal\/wp-json\/wp\/v2\/posts\/413556\/revisions\/413561"}],"wp:featuredmedia":[{"embeddable":true,"href":"https:\/\/www.eldiario.net\/portal\/wp-json\/wp\/v2\/media\/413559"}],"wp:attachment":[{"href":"https:\/\/www.eldiario.net\/portal\/wp-json\/wp\/v2\/media?parent=413556"}],"wp:term":[{"taxonomy":"category","embeddable":true,"href":"https:\/\/www.eldiario.net\/portal\/wp-json\/wp\/v2\/categories?post=413556"},{"taxonomy":"post_tag","embeddable":true,"href":"https:\/\/www.eldiario.net\/portal\/wp-json\/wp\/v2\/tags?post=413556"}],"curies":[{"name":"wp","href":"https:\/\/api.w.org\/{rel}","templated":true}]}}