{"id":413398,"date":"2026-07-17T07:01:37","date_gmt":"2026-07-17T11:01:37","guid":{"rendered":"https:\/\/www.eldiario.net\/portal\/?p=413398"},"modified":"2026-07-17T07:01:37","modified_gmt":"2026-07-17T11:01:37","slug":"argumentacion-y-debate-el-poder-de-la-persuasion-6","status":"publish","type":"post","link":"https:\/\/www.eldiario.net\/portal\/2026\/07\/17\/argumentacion-y-debate-el-poder-de-la-persuasion-6\/","title":{"rendered":"Argumentaci\u00f3n y debate El poder de la persuasi\u00f3n"},"content":{"rendered":"<p><strong>Por. Lic. H\u00e9ctor Molina<\/strong><\/p>\n<p>&nbsp;<\/p>\n<p><strong>Tips para argumentar o contra argumentar con \u00e9xito<\/strong><\/p>\n<p>&nbsp;<\/p>\n<p>El cerebro humano no es un simple receptor de informaci\u00f3n; es un \u00f3rgano dise\u00f1ado para proteger sus propias creencias. Desde la perspectiva de la neurociencia cognitiva, cuando una persona se enfrenta a una idea que contradice sus valores fundamentales, se activa la am\u00edgdala, el centro de procesamiento del miedo y la amenaza en el cerebro, desencadenando una respuesta de resistencia emocional.<\/p>\n<p>&nbsp;<\/p>\n<p>Por el contrario, la argumentaci\u00f3n exitosa activa regiones como la corteza prefrontal dorsomedial (asociada con la capacidad de adoptar la perspectiva del otro) y la corteza prefrontal medial (vinculada con el procesamiento de la relevancia personal). Esto demuestra que convencer a otra persona no consiste en \u201caplastarla\u201d con datos, sino en lograr que se ponga en el lugar de quien habla.<\/p>\n<p>&nbsp;<\/p>\n<p>Para dominar el arte de debatir con \u00e9xito, existen estrategias fundamentales respaldadas por la psicolog\u00eda cognitiva, la neuroeducaci\u00f3n y las ciencias de la comunicaci\u00f3n.<\/p>\n<p>&nbsp;<\/p>\n<ol>\n<li><strong> El arte de construir el argumento &#8211; El Modelo ARE<\/strong><\/li>\n<\/ol>\n<p>&nbsp;<\/p>\n<p>La solidez de un argumento no depende de la intensidad con la que se pronuncie, sino de su estructura interna. El campo de la pedagog\u00eda y la ret\u00f3rica cient\u00edfica suele utilizar el Modelo ARE (Afirmaci\u00f3n, Razonamiento, Evidencia) para validar cualquier postura.<\/p>\n<p>&nbsp;<\/p>\n<ul>\n<li><strong>Afirmaci\u00f3n.<\/strong> Es la tesis o idea central que se desea defender. Debe ser clara, directa y libre de ambig\u00fcedades.<\/li>\n<\/ul>\n<p>&nbsp;<\/p>\n<ul>\n<li>Es la justificaci\u00f3n l\u00f3gica detr\u00e1s de la afirmaci\u00f3n. Explica el \u201cporqu\u00e9\u201d de la postura conectando la idea con conceptos m\u00e1s amplios.<\/li>\n<\/ul>\n<p>&nbsp;<\/p>\n<ul>\n<li>Es el sustento emp\u00edrico o f\u00e1ctico. Consiste en datos estad\u00edsticos, estudios cient\u00edficos publicados, hechos hist\u00f3ricos observables o testimonios de especialistas.<\/li>\n<\/ul>\n<p>&nbsp;<\/p>\n<p>Una afirmaci\u00f3n sin razonamiento es solo una opini\u00f3n; una afirmaci\u00f3n con razonamiento pero sin evidencia es una hip\u00f3tesis. Solo la uni\u00f3n de los tres elementos constituye un argumento cient\u00edficamente v\u00e1lido.<\/p>\n<p>&nbsp;<\/p>\n<ol start=\"2\">\n<li><strong> La psicolog\u00eda de la persuasi\u00f3n &#8211; El Modelo de Probabilidad de Elaboraci\u00f3n (ELM)<\/strong><\/li>\n<\/ol>\n<p>&nbsp;<\/p>\n<p>Desarrollado por los psic\u00f3logos Richard Petty y John Cacioppo, el Modelo de Probabilidad de Elaboraci\u00f3n (ELM) explica c\u00f3mo las personas procesan los mensajes persuasivos a trav\u00e9s de dos v\u00edas principales.<\/p>\n<p>&nbsp;<\/p>\n<ul>\n<li><strong>La ruta central.<\/strong> Se activa cuando el receptor tiene alta motivaci\u00f3n y capacidad para analizar el mensaje. Aqu\u00ed es donde triunfan los argumentos l\u00f3gicos de alta calidad, los datos precisos y la coherencia estructural. Los cambios de opini\u00f3n logrados por esta ruta suelen ser profundos y duraderos.<\/li>\n<\/ul>\n<p>&nbsp;<\/p>\n<ul>\n<li><strong>La ruta perif\u00e9rica.<\/strong> Ocurre cuando el receptor tiene baja motivaci\u00f3n o est\u00e1 distra\u00eddo. En este escenario, el cerebro decide bas\u00e1ndose en factores secundarios como el atractivo del emisor, su credibilidad percibida, la cantidad de argumentos presentados (en lugar de su calidad) o la respuesta emocional.<\/li>\n<\/ul>\n<p>&nbsp;<\/p>\n<p>Para argumentar con \u00e9xito, se debe identificar el estado de la audiencia. Si el interlocutor est\u00e1 interesado e involucrado en el tema, se debe priorizar la ruta central mediante evidencia robusta. Si muestra desinter\u00e9s, se debe capturar primero su atenci\u00f3n mediante la ruta perif\u00e9rica (narrativa atractiva, carisma y empat\u00eda visual) antes de introducir datos complejos.<\/p>\n<p>&nbsp;<\/p>\n<ol start=\"3\">\n<li><strong> T\u00e9cnicas avanzadas de contraargumentaci\u00f3n<\/strong><\/li>\n<\/ol>\n<p>&nbsp;<\/p>\n<p>Refutar una postura ajena requiere precisi\u00f3n quir\u00fargica para evitar el \u201cefecto contraproducente\u201d (backfire effect), un fen\u00f3meno psicol\u00f3gico donde intentar desmentir un mito con datos agresivos termina reforzando la creencia err\u00f3nea del interlocutor. Para contraargumentar de manera constructiva, se sugieren los siguientes pasos.<\/p>\n<p>&nbsp;<\/p>\n<p><strong>La escucha activa y la \u201cT\u00e9cnica del Rapoport\u201d<\/strong><\/p>\n<p>&nbsp;<\/p>\n<p>Formulada por el psic\u00f3logo y matem\u00e1tico Anatol Rapoport, esta estrategia metodol\u00f3gica busca desactivar la actitud defensiva del oponente mediante el respeto intelectual.<\/p>\n<p>&nbsp;<\/p>\n<ol>\n<li>Redactar la postura del oponente de forma clara y justa, de modo que el propio oponente pueda decir. \u201cGracias, desear\u00eda haberlo expresado as\u00ed de bien\u201d.<\/li>\n<\/ol>\n<p>&nbsp;<\/p>\n<ol start=\"2\">\n<li>Mencionar los puntos de coincidencia o cualquier aspecto v\u00e1lido que se comparta con la postura contraria.<\/li>\n<\/ol>\n<p>&nbsp;<\/p>\n<ol start=\"3\">\n<li>Se\u00f1alar lo que se ha aprendido del planteamiento del interlocutor.<\/li>\n<\/ol>\n<p>&nbsp;<\/p>\n<ol start=\"4\">\n<li>Presentar la refutaci\u00f3n solo despu\u00e9s de haber cumplido los tres pasos anteriores. Al sentirse escuchado y valorado, el cerebro del interlocutor reduce la actividad de la am\u00edgdala, mostr\u00e1ndose m\u00e1s receptivo al debate racional.<\/li>\n<\/ol>\n<p>&nbsp;<\/p>\n<p><strong>Identificaci\u00f3n de falacias l\u00f3gicas<\/strong><\/p>\n<p>&nbsp;<\/p>\n<p>Un contraargumento exitoso a menudo consiste en visibilizar los errores de razonamiento del rival sin necesidad de atacar su persona (evitando la falacia ad hominem). Algunas de las fallas l\u00f3gicas m\u00e1s comunes en los debates incluyen.<\/p>\n<p>&nbsp;<\/p>\n<ol>\n<li><strong>Falacia del hombre de paja.<\/strong> Consiste en distorsionar o exagerar el argumento del oponente para que sea m\u00e1s f\u00e1cil de atacar. Al contraargumentar, se debe se\u00f1alar amablemente la distorsi\u00f3n y reencauzar la discusi\u00f3n al punto original.<\/li>\n<\/ol>\n<p>&nbsp;<\/p>\n<ol start=\"2\">\n<li><strong>Falsa equivalencia o falso dilema.<\/strong> Presentar la situaci\u00f3n como si solo existieran dos opciones extremas (blanco o negro), ignorando la amplia gama de matices intermedios.<\/li>\n<\/ol>\n<p>&nbsp;<\/p>\n<ol start=\"3\">\n<li><strong>Apelaci\u00f3n a la ignorancia (Ad ignorantiam).<\/strong> Sostener que una idea es verdadera simplemente porque no se ha demostrado que sea falsa.<\/li>\n<\/ol>\n<p>&nbsp;<\/p>\n<ol start=\"4\">\n<li><strong> Oratoria y neuropedagog\u00eda del mensaje<\/strong><\/li>\n<\/ol>\n<p>&nbsp;<\/p>\n<p>El contenido de un argumento pierde su valor si la transmisi\u00f3n del mensaje falla. Para que las ideas se consoliden en la memoria del interlocutor, la oratoria cient\u00edfica se apoya en principios neuropedag\u00f3gicos.<\/p>\n<p>&nbsp;<\/p>\n<ul>\n<li><strong>Efecto de primac\u00eda y recencia.<\/strong> El cerebro tiende a recordar con mayor claridad el inicio y el final de una exposici\u00f3n. Se deben colocar las ideas de mayor impacto y la tesis central en la introducci\u00f3n, y cerrar la intervenci\u00f3n con una conclusi\u00f3n memorable o una pregunta reflexiva que sintetice el argumento.<\/li>\n<\/ul>\n<p>&nbsp;<\/p>\n<ul>\n<li><strong>Uso del storytelling y met\u00e1foras.<\/strong> La informaci\u00f3n abstracta o puramente num\u00e9rica es dif\u00edcil de procesar para el cerebro humano. Traducir datos complejos a analog\u00edas visuales o narrativas cotidianas activa \u00e1reas del c\u00f3rtex sensorial y motor del oyente, logrando que el mensaje sea m\u00e1s persuasivo y f\u00e1cil de retener.<\/li>\n<\/ul>\n<p>&nbsp;<\/p>\n<ul>\n<li><strong>Control del lenguaje no verbal.<\/strong> La credibilidad percibida se construye en milisegundos a nivel subcortical. Mantener el contacto visual, utilizar gestos abiertos (mostrar las palmas de las manos para proyectar honestidad) y modular el tono de voz para enfatizar los puntos clave evita la monoton\u00eda y sostiene el foco de atenci\u00f3n de la audiencia de manera sostenida.<\/li>\n<\/ul>\n\r\n                <style type=\"text\/css\">\r\n                    \r\n                    #tdi_1  .td-doubleSlider-2 .td-item1 {\r\n                        background: url(https:\/\/www.eldiario.net\/portal\/wp-content\/uploads\/2026\/07\/Len-Oratoria-y-neuropedagogia-del-mensaje-80x60.webp) 0 0 no-repeat;\r\n                    }\r\n                    #tdi_1  .td-doubleSlider-2 .td-item2 {\r\n                        background: url(https:\/\/www.eldiario.net\/portal\/wp-content\/uploads\/2026\/07\/Len-Escucha-activa-80x60.webp) 0 0 no-repeat;\r\n                    }\r\n                    #tdi_1  .td-doubleSlider-2 .td-item3 {\r\n                        background: url(https:\/\/www.eldiario.net\/portal\/wp-content\/uploads\/2026\/07\/Len-Falacias-logicas-80x60.webp) 0 0 no-repeat;\r\n                    }\r\n                    #tdi_1  .td-doubleSlider-2 .td-item4 {\r\n                        background: url(https:\/\/www.eldiario.net\/portal\/wp-content\/uploads\/2026\/07\/Len-La-psicologia-de-la-persuasion-80x60.webp) 0 0 no-repeat;\r\n                    }\r\n                <\/style>\r\n\r\n                <div id=\"tdi_1\" class=\"td-gallery td-slide-on-2-columns\">\r\n                    <div class=\"post_td_gallery\">\r\n                        <div class=\"td-gallery-slide-top\">\r\n                           <div class=\"td-gallery-title\"><\/div>\r\n\r\n                            <div class=\"td-gallery-controls-wrapper\">\r\n                                <div class=\"td-gallery-slide-count\"><span class=\"td-gallery-slide-item-focus\">1<\/span> de 4<\/div>\r\n                                <div class=\"td-gallery-slide-prev-next-but\">\r\n                                    <i class = \"td-icon-left doubleSliderPrevButton\"><\/i>\r\n                                    <i class = \"td-icon-right doubleSliderNextButton\"><\/i>\r\n                                <\/div>\r\n                            <\/div>\r\n                        <\/div>\r\n\r\n                        <div class = \"td-doubleSlider-1 \">\r\n                            <div class = \"td-slider\">\r\n                                \r\n                    <div class = \"td-slide-item td-item1\">\r\n                        <figure class=\"td-slide-galery-figure td-slide-popup-gallery\">\r\n                            <a class=\"slide-gallery-image-link\" href=\"https:\/\/www.eldiario.net\/portal\/wp-content\/uploads\/2026\/07\/Len-Oratoria-y-neuropedagogia-del-mensaje.webp\" title=\"Len - Oratoria y neuropedagog\u00eda del mensaje\"  data-caption=\"\"  data-description=\"\">\r\n                                <img decoding=\"async\" src=\"https:\/\/www.eldiario.net\/portal\/wp-content\/uploads\/2026\/07\/Len-Oratoria-y-neuropedagogia-del-mensaje.webp\" srcset=\"https:\/\/www.eldiario.net\/portal\/wp-content\/uploads\/2026\/07\/Len-Oratoria-y-neuropedagogia-del-mensaje.webp 400w, https:\/\/www.eldiario.net\/portal\/wp-content\/uploads\/2026\/07\/Len-Oratoria-y-neuropedagogia-del-mensaje-300x225.webp 300w, https:\/\/www.eldiario.net\/portal\/wp-content\/uploads\/2026\/07\/Len-Oratoria-y-neuropedagogia-del-mensaje-80x60.webp 80w, https:\/\/www.eldiario.net\/portal\/wp-content\/uploads\/2026\/07\/Len-Oratoria-y-neuropedagogia-del-mensaje-150x113.webp 150w\" sizes=\"(max-width: 400px) 100vw, 400px\" alt=\"\">\r\n                            <\/a>\r\n                            \r\n                        <\/figure>\r\n                    <\/div>\r\n                    <div class = \"td-slide-item td-item2\">\r\n                        <figure class=\"td-slide-galery-figure td-slide-popup-gallery\">\r\n                            <a class=\"slide-gallery-image-link\" href=\"https:\/\/www.eldiario.net\/portal\/wp-content\/uploads\/2026\/07\/Len-Escucha-activa.webp\" title=\"Len - Escucha activa\"  data-caption=\"\"  data-description=\"\">\r\n                                <img decoding=\"async\" src=\"https:\/\/www.eldiario.net\/portal\/wp-content\/uploads\/2026\/07\/Len-Escucha-activa-560x420.webp\" srcset=\"https:\/\/www.eldiario.net\/portal\/wp-content\/uploads\/2026\/07\/Len-Escucha-activa-560x420.webp 560w, https:\/\/www.eldiario.net\/portal\/wp-content\/uploads\/2026\/07\/Len-Escucha-activa-300x225.webp 300w, https:\/\/www.eldiario.net\/portal\/wp-content\/uploads\/2026\/07\/Len-Escucha-activa-768x576.webp 768w, https:\/\/www.eldiario.net\/portal\/wp-content\/uploads\/2026\/07\/Len-Escucha-activa-80x60.webp 80w, https:\/\/www.eldiario.net\/portal\/wp-content\/uploads\/2026\/07\/Len-Escucha-activa-150x112.webp 150w, https:\/\/www.eldiario.net\/portal\/wp-content\/uploads\/2026\/07\/Len-Escucha-activa-696x522.webp 696w, https:\/\/www.eldiario.net\/portal\/wp-content\/uploads\/2026\/07\/Len-Escucha-activa.webp 975w\" sizes=\"(max-width: 560px) 100vw, 560px\" alt=\"\">\r\n                            <\/a>\r\n                            \r\n                        <\/figure>\r\n                    <\/div>\r\n                    <div class = \"td-slide-item td-item3\">\r\n                        <figure class=\"td-slide-galery-figure td-slide-popup-gallery\">\r\n                            <a class=\"slide-gallery-image-link\" href=\"https:\/\/www.eldiario.net\/portal\/wp-content\/uploads\/2026\/07\/Len-Falacias-logicas.webp\" title=\"Len - Falacias l\u00f3gicas\"  data-caption=\"\"  data-description=\"\">\r\n                                <img decoding=\"async\" src=\"https:\/\/www.eldiario.net\/portal\/wp-content\/uploads\/2026\/07\/Len-Falacias-logicas.webp\" srcset=\"https:\/\/www.eldiario.net\/portal\/wp-content\/uploads\/2026\/07\/Len-Falacias-logicas.webp 562w, https:\/\/www.eldiario.net\/portal\/wp-content\/uploads\/2026\/07\/Len-Falacias-logicas-300x177.webp 300w, https:\/\/www.eldiario.net\/portal\/wp-content\/uploads\/2026\/07\/Len-Falacias-logicas-150x89.webp 150w\" sizes=\"(max-width: 562px) 100vw, 562px\" alt=\"\">\r\n                            <\/a>\r\n                            \r\n                        <\/figure>\r\n                    <\/div>\r\n                    <div class = \"td-slide-item td-item4\">\r\n                        <figure class=\"td-slide-galery-figure td-slide-popup-gallery\">\r\n                            <a class=\"slide-gallery-image-link\" href=\"https:\/\/www.eldiario.net\/portal\/wp-content\/uploads\/2026\/07\/Len-La-psicologia-de-la-persuasion.webp\" title=\"Len - La psicolog\u00eda de la persuasi\u00f3n\"  data-caption=\"\"  data-description=\"\">\r\n                                <img decoding=\"async\" src=\"https:\/\/www.eldiario.net\/portal\/wp-content\/uploads\/2026\/07\/Len-La-psicologia-de-la-persuasion.webp\" srcset=\"https:\/\/www.eldiario.net\/portal\/wp-content\/uploads\/2026\/07\/Len-La-psicologia-de-la-persuasion.webp 500w, https:\/\/www.eldiario.net\/portal\/wp-content\/uploads\/2026\/07\/Len-La-psicologia-de-la-persuasion-300x157.webp 300w, https:\/\/www.eldiario.net\/portal\/wp-content\/uploads\/2026\/07\/Len-La-psicologia-de-la-persuasion-150x79.webp 150w\" sizes=\"(max-width: 500px) 100vw, 500px\" alt=\"\">\r\n                            <\/a>\r\n                            \r\n                        <\/figure>\r\n                    <\/div>\r\n                            <\/div>\r\n                        <\/div>\r\n\r\n                        <div class = \"td-doubleSlider-2\">\r\n                            <div class = \"td-slider\">\r\n                                \r\n                    <div class = \"td-button td-item1\">\r\n                        <div class = \"td-border\"><\/div>\r\n                    <\/div>\r\n                    <div class = \"td-button td-item2\">\r\n                        <div class = \"td-border\"><\/div>\r\n                    <\/div>\r\n                    <div class = \"td-button td-item3\">\r\n                        <div class = \"td-border\"><\/div>\r\n                    <\/div>\r\n                    <div class = \"td-button td-item4\">\r\n                        <div class = \"td-border\"><\/div>\r\n                    <\/div>\r\n                            <\/div>\r\n                        <\/div>\r\n\r\n                    <\/div>\r\n\r\n                <\/div>\r\n                \n","protected":false},"excerpt":{"rendered":"<p>Por. Lic. H\u00e9ctor Molina &nbsp; Tips para argumentar o contra argumentar con \u00e9xito &nbsp; El cerebro humano no es un simple receptor de informaci\u00f3n; es un \u00f3rgano dise\u00f1ado para proteger sus propias creencias. Desde la perspectiva de la neurociencia cognitiva, cuando una persona se enfrenta a una idea que contradice sus valores fundamentales, se activa [&hellip;]<\/p>\n","protected":false},"author":1,"featured_media":413400,"comment_status":"closed","ping_status":"open","sticky":false,"template":"","format":"standard","meta":{"_acf_changed":false,"footnotes":""},"categories":[43],"tags":[],"class_list":["post-413398","post","type-post","status-publish","format-standard","has-post-thumbnail","category-nuevos-horizontes"],"acf":{"antetitulo":"S\u00e9ptima Parte"},"yoast_head":"<!-- This site is optimized with the Yoast SEO plugin v28.4 - https:\/\/yoast.com\/product\/yoast-seo-wordpress\/ -->\n<title>Argumentaci\u00f3n y debate El poder de la persuasi\u00f3n - El Diario - Bolivia<\/title>\n<meta name=\"robots\" content=\"index, follow, max-snippet:-1, max-image-preview:large, max-video-preview:-1\" \/>\n<link rel=\"canonical\" href=\"https:\/\/www.eldiario.net\/portal\/2026\/07\/17\/argumentacion-y-debate-el-poder-de-la-persuasion-6\/\" \/>\n<meta property=\"og:locale\" content=\"es_ES\" \/>\n<meta property=\"og:type\" content=\"article\" \/>\n<meta property=\"og:title\" content=\"Argumentaci\u00f3n y debate El poder de la persuasi\u00f3n - El Diario - Bolivia\" \/>\n<meta property=\"og:description\" content=\"Por. Lic. H\u00e9ctor Molina &nbsp; Tips para argumentar o contra argumentar con \u00e9xito &nbsp; El cerebro humano no es un simple receptor de informaci\u00f3n; es un \u00f3rgano dise\u00f1ado para proteger sus propias creencias. Desde la perspectiva de la neurociencia cognitiva, cuando una persona se enfrenta a una idea que contradice sus valores fundamentales, se activa [&hellip;]\" \/>\n<meta property=\"og:url\" content=\"https:\/\/www.eldiario.net\/portal\/2026\/07\/17\/argumentacion-y-debate-el-poder-de-la-persuasion-6\/\" \/>\n<meta property=\"og:site_name\" content=\"El Diario - Bolivia\" \/>\n<meta property=\"article:publisher\" content=\"https:\/\/www.facebook.com\/eldiario.bolivia\/\" \/>\n<meta property=\"article:published_time\" content=\"2026-07-17T11:01:37+00:00\" \/>\n<meta property=\"og:image\" content=\"https:\/\/www.eldiario.net\/portal\/wp-content\/uploads\/2026\/07\/Len-Escucha-activa.webp\" \/>\n\t<meta property=\"og:image:width\" content=\"975\" \/>\n\t<meta property=\"og:image:height\" content=\"731\" \/>\n\t<meta property=\"og:image:type\" content=\"image\/webp\" \/>\n<meta name=\"author\" content=\"Jeanette\" \/>\n<meta name=\"twitter:card\" content=\"summary_large_image\" \/>\n<meta name=\"twitter:creator\" content=\"@eldiario_net\" \/>\n<meta name=\"twitter:site\" content=\"@eldiario_net\" \/>\n<meta name=\"twitter:label1\" content=\"Escrito por\" \/>\n\t<meta name=\"twitter:data1\" content=\"Jeanette\" \/>\n\t<meta name=\"twitter:label2\" content=\"Tiempo de lectura\" \/>\n\t<meta name=\"twitter:data2\" content=\"5 minutos\" \/>\n<script type=\"application\/ld+json\" class=\"yoast-schema-graph\">{\"@context\":\"https:\\\/\\\/schema.org\",\"@graph\":[{\"@type\":\"Article\",\"@id\":\"https:\\\/\\\/www.eldiario.net\\\/portal\\\/2026\\\/07\\\/17\\\/argumentacion-y-debate-el-poder-de-la-persuasion-6\\\/#article\",\"isPartOf\":{\"@id\":\"https:\\\/\\\/www.eldiario.net\\\/portal\\\/2026\\\/07\\\/17\\\/argumentacion-y-debate-el-poder-de-la-persuasion-6\\\/\"},\"author\":{\"name\":\"Jeanette\",\"@id\":\"https:\\\/\\\/www.eldiario.net\\\/portal\\\/#\\\/schema\\\/person\\\/2c57cf2b7a7ae032e449e4c9b1019eac\"},\"headline\":\"Argumentaci\u00f3n y debate El poder de la persuasi\u00f3n\",\"datePublished\":\"2026-07-17T11:01:37+00:00\",\"mainEntityOfPage\":{\"@id\":\"https:\\\/\\\/www.eldiario.net\\\/portal\\\/2026\\\/07\\\/17\\\/argumentacion-y-debate-el-poder-de-la-persuasion-6\\\/\"},\"wordCount\":1117,\"publisher\":{\"@id\":\"https:\\\/\\\/www.eldiario.net\\\/portal\\\/#organization\"},\"image\":{\"@id\":\"https:\\\/\\\/www.eldiario.net\\\/portal\\\/2026\\\/07\\\/17\\\/argumentacion-y-debate-el-poder-de-la-persuasion-6\\\/#primaryimage\"},\"thumbnailUrl\":\"https:\\\/\\\/www.eldiario.net\\\/portal\\\/wp-content\\\/uploads\\\/2026\\\/07\\\/Len-Escucha-activa.webp\",\"articleSection\":[\"Nuevos Horizontes\"],\"inLanguage\":\"es\"},{\"@type\":\"WebPage\",\"@id\":\"https:\\\/\\\/www.eldiario.net\\\/portal\\\/2026\\\/07\\\/17\\\/argumentacion-y-debate-el-poder-de-la-persuasion-6\\\/\",\"url\":\"https:\\\/\\\/www.eldiario.net\\\/portal\\\/2026\\\/07\\\/17\\\/argumentacion-y-debate-el-poder-de-la-persuasion-6\\\/\",\"name\":\"Argumentaci\u00f3n y debate El poder de la persuasi\u00f3n - El Diario - Bolivia\",\"isPartOf\":{\"@id\":\"https:\\\/\\\/www.eldiario.net\\\/portal\\\/#website\"},\"primaryImageOfPage\":{\"@id\":\"https:\\\/\\\/www.eldiario.net\\\/portal\\\/2026\\\/07\\\/17\\\/argumentacion-y-debate-el-poder-de-la-persuasion-6\\\/#primaryimage\"},\"image\":{\"@id\":\"https:\\\/\\\/www.eldiario.net\\\/portal\\\/2026\\\/07\\\/17\\\/argumentacion-y-debate-el-poder-de-la-persuasion-6\\\/#primaryimage\"},\"thumbnailUrl\":\"https:\\\/\\\/www.eldiario.net\\\/portal\\\/wp-content\\\/uploads\\\/2026\\\/07\\\/Len-Escucha-activa.webp\",\"datePublished\":\"2026-07-17T11:01:37+00:00\",\"breadcrumb\":{\"@id\":\"https:\\\/\\\/www.eldiario.net\\\/portal\\\/2026\\\/07\\\/17\\\/argumentacion-y-debate-el-poder-de-la-persuasion-6\\\/#breadcrumb\"},\"inLanguage\":\"es\",\"potentialAction\":[{\"@type\":\"ReadAction\",\"target\":[\"https:\\\/\\\/www.eldiario.net\\\/portal\\\/2026\\\/07\\\/17\\\/argumentacion-y-debate-el-poder-de-la-persuasion-6\\\/\"]}]},{\"@type\":\"ImageObject\",\"inLanguage\":\"es\",\"@id\":\"https:\\\/\\\/www.eldiario.net\\\/portal\\\/2026\\\/07\\\/17\\\/argumentacion-y-debate-el-poder-de-la-persuasion-6\\\/#primaryimage\",\"url\":\"https:\\\/\\\/www.eldiario.net\\\/portal\\\/wp-content\\\/uploads\\\/2026\\\/07\\\/Len-Escucha-activa.webp\",\"contentUrl\":\"https:\\\/\\\/www.eldiario.net\\\/portal\\\/wp-content\\\/uploads\\\/2026\\\/07\\\/Len-Escucha-activa.webp\",\"width\":975,\"height\":731},{\"@type\":\"BreadcrumbList\",\"@id\":\"https:\\\/\\\/www.eldiario.net\\\/portal\\\/2026\\\/07\\\/17\\\/argumentacion-y-debate-el-poder-de-la-persuasion-6\\\/#breadcrumb\",\"itemListElement\":[{\"@type\":\"ListItem\",\"position\":1,\"name\":\"Portada\",\"item\":\"https:\\\/\\\/www.eldiario.net\\\/portal\\\/\"},{\"@type\":\"ListItem\",\"position\":2,\"name\":\"Argumentaci\u00f3n y debate El poder de la persuasi\u00f3n\"}]},{\"@type\":\"WebSite\",\"@id\":\"https:\\\/\\\/www.eldiario.net\\\/portal\\\/#website\",\"url\":\"https:\\\/\\\/www.eldiario.net\\\/portal\\\/\",\"name\":\"El Diario - Decano de la prensa nacional\",\"description\":\"El Diario - Decano de la prensa nacional\",\"publisher\":{\"@id\":\"https:\\\/\\\/www.eldiario.net\\\/portal\\\/#organization\"},\"potentialAction\":[{\"@type\":\"SearchAction\",\"target\":{\"@type\":\"EntryPoint\",\"urlTemplate\":\"https:\\\/\\\/www.eldiario.net\\\/portal\\\/?s={search_term_string}\"},\"query-input\":{\"@type\":\"PropertyValueSpecification\",\"valueRequired\":true,\"valueName\":\"search_term_string\"}}],\"inLanguage\":\"es\"},{\"@type\":\"Organization\",\"@id\":\"https:\\\/\\\/www.eldiario.net\\\/portal\\\/#organization\",\"name\":\"El Diario - Decano de la prensa nacional\",\"url\":\"https:\\\/\\\/www.eldiario.net\\\/portal\\\/\",\"logo\":{\"@type\":\"ImageObject\",\"inLanguage\":\"es\",\"@id\":\"https:\\\/\\\/www.eldiario.net\\\/portal\\\/#\\\/schema\\\/logo\\\/image\\\/\",\"url\":\"https:\\\/\\\/www.eldiario.net\\\/portal\\\/wp-content\\\/uploads\\\/2023\\\/07\\\/logo_ED.jpg\",\"contentUrl\":\"https:\\\/\\\/www.eldiario.net\\\/portal\\\/wp-content\\\/uploads\\\/2023\\\/07\\\/logo_ED.jpg\",\"width\":272,\"height\":52,\"caption\":\"El Diario - Decano de la prensa nacional\"},\"image\":{\"@id\":\"https:\\\/\\\/www.eldiario.net\\\/portal\\\/#\\\/schema\\\/logo\\\/image\\\/\"},\"sameAs\":[\"https:\\\/\\\/www.facebook.com\\\/eldiario.bolivia\\\/\",\"https:\\\/\\\/x.com\\\/eldiario_net\"]},{\"@type\":\"Person\",\"@id\":\"https:\\\/\\\/www.eldiario.net\\\/portal\\\/#\\\/schema\\\/person\\\/2c57cf2b7a7ae032e449e4c9b1019eac\",\"name\":\"Jeanette\",\"image\":{\"@type\":\"ImageObject\",\"inLanguage\":\"es\",\"@id\":\"https:\\\/\\\/secure.gravatar.com\\\/avatar\\\/3ea2118a5f7dad2b7138b1187a6b7ee55f160b9968b66013c3a3ef39dd7e5798?s=96&d=mm&r=g\",\"url\":\"https:\\\/\\\/secure.gravatar.com\\\/avatar\\\/3ea2118a5f7dad2b7138b1187a6b7ee55f160b9968b66013c3a3ef39dd7e5798?s=96&d=mm&r=g\",\"contentUrl\":\"https:\\\/\\\/secure.gravatar.com\\\/avatar\\\/3ea2118a5f7dad2b7138b1187a6b7ee55f160b9968b66013c3a3ef39dd7e5798?s=96&d=mm&r=g\",\"caption\":\"Jeanette\"},\"sameAs\":[\"https:\\\/\\\/www.eldiario.net\\\/portal\"],\"url\":\"https:\\\/\\\/www.eldiario.net\\\/portal\\\/author\\\/jeanette\\\/\"}]}<\/script>\n<!-- \/ Yoast SEO plugin. -->","yoast_head_json":{"title":"Argumentaci\u00f3n y debate El poder de la persuasi\u00f3n - El Diario - Bolivia","robots":{"index":"index","follow":"follow","max-snippet":"max-snippet:-1","max-image-preview":"max-image-preview:large","max-video-preview":"max-video-preview:-1"},"canonical":"https:\/\/www.eldiario.net\/portal\/2026\/07\/17\/argumentacion-y-debate-el-poder-de-la-persuasion-6\/","og_locale":"es_ES","og_type":"article","og_title":"Argumentaci\u00f3n y debate El poder de la persuasi\u00f3n - El Diario - Bolivia","og_description":"Por. Lic. H\u00e9ctor Molina &nbsp; Tips para argumentar o contra argumentar con \u00e9xito &nbsp; El cerebro humano no es un simple receptor de informaci\u00f3n; es un \u00f3rgano dise\u00f1ado para proteger sus propias creencias. Desde la perspectiva de la neurociencia cognitiva, cuando una persona se enfrenta a una idea que contradice sus valores fundamentales, se activa [&hellip;]","og_url":"https:\/\/www.eldiario.net\/portal\/2026\/07\/17\/argumentacion-y-debate-el-poder-de-la-persuasion-6\/","og_site_name":"El Diario - Bolivia","article_publisher":"https:\/\/www.facebook.com\/eldiario.bolivia\/","article_published_time":"2026-07-17T11:01:37+00:00","og_image":[{"width":975,"height":731,"url":"https:\/\/www.eldiario.net\/portal\/wp-content\/uploads\/2026\/07\/Len-Escucha-activa.webp","type":"image\/webp"}],"author":"Jeanette","twitter_card":"summary_large_image","twitter_creator":"@eldiario_net","twitter_site":"@eldiario_net","twitter_misc":{"Escrito por":"Jeanette","Tiempo de lectura":"5 minutos"},"schema":{"@context":"https:\/\/schema.org","@graph":[{"@type":"Article","@id":"https:\/\/www.eldiario.net\/portal\/2026\/07\/17\/argumentacion-y-debate-el-poder-de-la-persuasion-6\/#article","isPartOf":{"@id":"https:\/\/www.eldiario.net\/portal\/2026\/07\/17\/argumentacion-y-debate-el-poder-de-la-persuasion-6\/"},"author":{"name":"Jeanette","@id":"https:\/\/www.eldiario.net\/portal\/#\/schema\/person\/2c57cf2b7a7ae032e449e4c9b1019eac"},"headline":"Argumentaci\u00f3n y debate El poder de la persuasi\u00f3n","datePublished":"2026-07-17T11:01:37+00:00","mainEntityOfPage":{"@id":"https:\/\/www.eldiario.net\/portal\/2026\/07\/17\/argumentacion-y-debate-el-poder-de-la-persuasion-6\/"},"wordCount":1117,"publisher":{"@id":"https:\/\/www.eldiario.net\/portal\/#organization"},"image":{"@id":"https:\/\/www.eldiario.net\/portal\/2026\/07\/17\/argumentacion-y-debate-el-poder-de-la-persuasion-6\/#primaryimage"},"thumbnailUrl":"https:\/\/www.eldiario.net\/portal\/wp-content\/uploads\/2026\/07\/Len-Escucha-activa.webp","articleSection":["Nuevos Horizontes"],"inLanguage":"es"},{"@type":"WebPage","@id":"https:\/\/www.eldiario.net\/portal\/2026\/07\/17\/argumentacion-y-debate-el-poder-de-la-persuasion-6\/","url":"https:\/\/www.eldiario.net\/portal\/2026\/07\/17\/argumentacion-y-debate-el-poder-de-la-persuasion-6\/","name":"Argumentaci\u00f3n y debate El poder de la persuasi\u00f3n - El Diario - Bolivia","isPartOf":{"@id":"https:\/\/www.eldiario.net\/portal\/#website"},"primaryImageOfPage":{"@id":"https:\/\/www.eldiario.net\/portal\/2026\/07\/17\/argumentacion-y-debate-el-poder-de-la-persuasion-6\/#primaryimage"},"image":{"@id":"https:\/\/www.eldiario.net\/portal\/2026\/07\/17\/argumentacion-y-debate-el-poder-de-la-persuasion-6\/#primaryimage"},"thumbnailUrl":"https:\/\/www.eldiario.net\/portal\/wp-content\/uploads\/2026\/07\/Len-Escucha-activa.webp","datePublished":"2026-07-17T11:01:37+00:00","breadcrumb":{"@id":"https:\/\/www.eldiario.net\/portal\/2026\/07\/17\/argumentacion-y-debate-el-poder-de-la-persuasion-6\/#breadcrumb"},"inLanguage":"es","potentialAction":[{"@type":"ReadAction","target":["https:\/\/www.eldiario.net\/portal\/2026\/07\/17\/argumentacion-y-debate-el-poder-de-la-persuasion-6\/"]}]},{"@type":"ImageObject","inLanguage":"es","@id":"https:\/\/www.eldiario.net\/portal\/2026\/07\/17\/argumentacion-y-debate-el-poder-de-la-persuasion-6\/#primaryimage","url":"https:\/\/www.eldiario.net\/portal\/wp-content\/uploads\/2026\/07\/Len-Escucha-activa.webp","contentUrl":"https:\/\/www.eldiario.net\/portal\/wp-content\/uploads\/2026\/07\/Len-Escucha-activa.webp","width":975,"height":731},{"@type":"BreadcrumbList","@id":"https:\/\/www.eldiario.net\/portal\/2026\/07\/17\/argumentacion-y-debate-el-poder-de-la-persuasion-6\/#breadcrumb","itemListElement":[{"@type":"ListItem","position":1,"name":"Portada","item":"https:\/\/www.eldiario.net\/portal\/"},{"@type":"ListItem","position":2,"name":"Argumentaci\u00f3n y debate El poder de la persuasi\u00f3n"}]},{"@type":"WebSite","@id":"https:\/\/www.eldiario.net\/portal\/#website","url":"https:\/\/www.eldiario.net\/portal\/","name":"El Diario - Decano de la prensa nacional","description":"El Diario - Decano de la prensa nacional","publisher":{"@id":"https:\/\/www.eldiario.net\/portal\/#organization"},"potentialAction":[{"@type":"SearchAction","target":{"@type":"EntryPoint","urlTemplate":"https:\/\/www.eldiario.net\/portal\/?s={search_term_string}"},"query-input":{"@type":"PropertyValueSpecification","valueRequired":true,"valueName":"search_term_string"}}],"inLanguage":"es"},{"@type":"Organization","@id":"https:\/\/www.eldiario.net\/portal\/#organization","name":"El Diario - Decano de la prensa nacional","url":"https:\/\/www.eldiario.net\/portal\/","logo":{"@type":"ImageObject","inLanguage":"es","@id":"https:\/\/www.eldiario.net\/portal\/#\/schema\/logo\/image\/","url":"https:\/\/www.eldiario.net\/portal\/wp-content\/uploads\/2023\/07\/logo_ED.jpg","contentUrl":"https:\/\/www.eldiario.net\/portal\/wp-content\/uploads\/2023\/07\/logo_ED.jpg","width":272,"height":52,"caption":"El Diario - Decano de la prensa nacional"},"image":{"@id":"https:\/\/www.eldiario.net\/portal\/#\/schema\/logo\/image\/"},"sameAs":["https:\/\/www.facebook.com\/eldiario.bolivia\/","https:\/\/x.com\/eldiario_net"]},{"@type":"Person","@id":"https:\/\/www.eldiario.net\/portal\/#\/schema\/person\/2c57cf2b7a7ae032e449e4c9b1019eac","name":"Jeanette","image":{"@type":"ImageObject","inLanguage":"es","@id":"https:\/\/secure.gravatar.com\/avatar\/3ea2118a5f7dad2b7138b1187a6b7ee55f160b9968b66013c3a3ef39dd7e5798?s=96&d=mm&r=g","url":"https:\/\/secure.gravatar.com\/avatar\/3ea2118a5f7dad2b7138b1187a6b7ee55f160b9968b66013c3a3ef39dd7e5798?s=96&d=mm&r=g","contentUrl":"https:\/\/secure.gravatar.com\/avatar\/3ea2118a5f7dad2b7138b1187a6b7ee55f160b9968b66013c3a3ef39dd7e5798?s=96&d=mm&r=g","caption":"Jeanette"},"sameAs":["https:\/\/www.eldiario.net\/portal"],"url":"https:\/\/www.eldiario.net\/portal\/author\/jeanette\/"}]}},"_links":{"self":[{"href":"https:\/\/www.eldiario.net\/portal\/wp-json\/wp\/v2\/posts\/413398","targetHints":{"allow":["GET"]}}],"collection":[{"href":"https:\/\/www.eldiario.net\/portal\/wp-json\/wp\/v2\/posts"}],"about":[{"href":"https:\/\/www.eldiario.net\/portal\/wp-json\/wp\/v2\/types\/post"}],"author":[{"embeddable":true,"href":"https:\/\/www.eldiario.net\/portal\/wp-json\/wp\/v2\/users\/1"}],"replies":[{"embeddable":true,"href":"https:\/\/www.eldiario.net\/portal\/wp-json\/wp\/v2\/comments?post=413398"}],"version-history":[{"count":1,"href":"https:\/\/www.eldiario.net\/portal\/wp-json\/wp\/v2\/posts\/413398\/revisions"}],"predecessor-version":[{"id":413403,"href":"https:\/\/www.eldiario.net\/portal\/wp-json\/wp\/v2\/posts\/413398\/revisions\/413403"}],"wp:featuredmedia":[{"embeddable":true,"href":"https:\/\/www.eldiario.net\/portal\/wp-json\/wp\/v2\/media\/413400"}],"wp:attachment":[{"href":"https:\/\/www.eldiario.net\/portal\/wp-json\/wp\/v2\/media?parent=413398"}],"wp:term":[{"taxonomy":"category","embeddable":true,"href":"https:\/\/www.eldiario.net\/portal\/wp-json\/wp\/v2\/categories?post=413398"},{"taxonomy":"post_tag","embeddable":true,"href":"https:\/\/www.eldiario.net\/portal\/wp-json\/wp\/v2\/tags?post=413398"}],"curies":[{"name":"wp","href":"https:\/\/api.w.org\/{rel}","templated":true}]}}