{"id":413393,"date":"2026-07-17T06:59:30","date_gmt":"2026-07-17T10:59:30","guid":{"rendered":"https:\/\/www.eldiario.net\/portal\/?p=413393"},"modified":"2026-07-17T06:59:30","modified_gmt":"2026-07-17T10:59:30","slug":"la-oxitocina-y-como-descargarla-2","status":"publish","type":"post","link":"https:\/\/www.eldiario.net\/portal\/2026\/07\/17\/la-oxitocina-y-como-descargarla-2\/","title":{"rendered":"La oxitocina Y c\u00f3mo descargarla"},"content":{"rendered":"<p><strong>Por. Lic. H\u00e9ctor Molina<\/strong><\/p>\n<p>&nbsp;<\/p>\n<p><strong>Recordemos que\u2026<\/strong><\/p>\n<p>&nbsp;<\/p>\n<p>La oxitocina es una de las mol\u00e9culas m\u00e1s fascinantes y cruciales para comprender la naturaleza humana. A menudo denominada popularmente como la \u201chormona del amor\u201d o del \u201cabrazo\u201d, este compuesto va mucho m\u00e1s all\u00e1 de las din\u00e1micas rom\u00e1nticas; funciona como un engranaje maestro en la arquitectura social, el desarrollo evolutivo y la regulaci\u00f3n de la conducta. Desde una perspectiva neurobiol\u00f3gica y psicopedag\u00f3gica, representa el puente qu\u00edmico entre la biolog\u00eda celular y la empat\u00eda.<\/p>\n<p>&nbsp;<\/p>\n<p>Esta hormona es uno de los neurop\u00e9ptidos m\u00e1s fascinantes del cuerpo humano. Producida en el hipot\u00e1lamo y liberada al torrente sangu\u00edneo por la gl\u00e1ndula hip\u00f3fisis (y tambi\u00e9n directamente en el cerebro como neurotransmisor), esta sustancia qu\u00edmica es la encargada de regular las interacciones sociales m\u00e1s profundas.<\/p>\n<p>&nbsp;<\/p>\n<p>Desde la perspectiva de la neurociencia y la psicolog\u00eda positiva, la oxitocina act\u00faa como un pegamento social que facilita la empat\u00eda y la conexi\u00f3n humana. Sin embargo, la ciencia moderna ha descubierto que este qu\u00edmico cerebral tiene un \u201clado oscuro\u201d que desmonta la visi\u00f3n simplista de que es una hormona puramente beneficiosa. A continuaci\u00f3n, se analiza de manera detallada el impacto biol\u00f3gico y social de la oxitocina, revelando sus ventajas y desventajas bajo una mirada rigurosa.<\/p>\n<p>&nbsp;<\/p>\n<p><strong>Ventajas de la oxitocina<\/strong><\/p>\n<p>&nbsp;<\/p>\n<p>La presencia de niveles \u00f3ptimos de oxitocina en el sistema nervioso central genera m\u00faltiples beneficios que potencian tanto la salud f\u00edsica como el bienestar emocional y social del individuo.<\/p>\n<p>&nbsp;<\/p>\n<ol>\n<li><strong> Facilitaci\u00f3n de la empat\u00eda y la lectura mental social<\/strong><\/li>\n<\/ol>\n<p>&nbsp;<\/p>\n<p>La oxitocina aumenta la capacidad de la corteza prefrontal para interpretar las se\u00f1ales no verbales de otras personas, como las expresiones faciales y los microgestos. Desde el punto de vista neuropedag\u00f3gico, esto mejora la \u201cteor\u00eda de la mente\u201d (la habilidad de atribuir pensamientos e intenciones a los dem\u00e1s), lo que permite a los seres humanos ser m\u00e1s emp\u00e1ticos, comprender mejor el lenguaje corporal y responder con mayor asertividad en din\u00e1micas grupales o de oratoria.<\/p>\n<p>&nbsp;<\/p>\n<ol start=\"2\">\n<li><strong> Reducci\u00f3n del estr\u00e9s y de la ansiedad social<\/strong><\/li>\n<\/ol>\n<p>&nbsp;<\/p>\n<p>A nivel de salud mental, la oxitocina act\u00faa como un amortiguador natural del estr\u00e9s. Cuando se libera tras un contacto f\u00edsico genuino (un abrazo, una conversaci\u00f3n cara a cara o una caricia), este neurotransmisor viaja hacia la am\u00edgdala cerebral e inhibe su actividad. Al calmar el detector de amenazas del cerebro, disminuyen dr\u00e1sticamente los niveles de cortisol (la hormona del estr\u00e9s) y la presi\u00f3n arterial. Esto genera un estado de calma, reduce la ansiedad social y facilita el aprendizaje al colocar a la mente en una disposici\u00f3n receptiva y segura.<\/p>\n<p>&nbsp;<\/p>\n<ol start=\"3\">\n<li><strong> Fomento de la confianza y la cooperaci\u00f3n grupal<\/strong><\/li>\n<\/ol>\n<p>&nbsp;<\/p>\n<p>La oxitocina es el pilar biol\u00f3gico del altruismo. Diversos experimentos de la neuroeconom\u00eda demuestran que las personas con niveles m\u00e1s altos de este compuesto muestran una mayor disposici\u00f3n a confiar en extra\u00f1os y a colaborar en proyectos colectivos. Esto es clave para el desarrollo del liderazgo positivo, ya que un l\u00edder capaz de generar entornos de confianza estimula de manera indirecta la liberaci\u00f3n de oxitocina en su equipo, aumentando la cohesi\u00f3n y el rendimiento grupal.<\/p>\n<p>&nbsp;<\/p>\n<p><strong>Desventajas de la oxitocina<\/strong><\/p>\n<p>&nbsp;<\/p>\n<p>A pesar de su reputaci\u00f3n ben\u00e9vola, la investigaci\u00f3n cient\u00edfica de los \u00faltimos a\u00f1os ha demostrado que la oxitocina no es un qu\u00edmico de amor universal. Su funci\u00f3n evolutiva primordial es proteger el v\u00ednculo con el grupo cercano, lo que puede derivar en conductas marcadamente hostiles hacia el exterior.<\/p>\n<p>&nbsp;<\/p>\n<ol>\n<li><strong> Fomento del favoritismo del grupo e incompatibilidad con el exterior<\/strong><\/li>\n<\/ol>\n<p>&nbsp;<\/p>\n<p>La oxitocina aumenta la lealtad hacia los miembros del propio grupo (lo que en psicolog\u00eda social se llama el ingroup), pero al mismo tiempo incrementa de forma alarmante la sospecha, el rechazo y la agresividad hacia quienes se perciben como ajenos o diferentes (el outgroup). Investigaciones de la Universidad de \u00c1msterdam revelan que la oxitocina puede promover el etnocentrismo y la exclusi\u00f3n social, ya que el cerebro bajo su influencia prioriza proteger a \u201clos suyos\u201d a expensas de tratar con hostilidad o prejuicio a los dem\u00e1s.<\/p>\n<p>&nbsp;<\/p>\n<ol start=\"2\">\n<li><strong> Aumento de la envidia y el regocijo por el mal ajeno<\/strong><\/li>\n<\/ol>\n<p>&nbsp;<\/p>\n<p>Contrario a la idea de que siempre promueve la bondad, estudios neurocient\u00edficos demuestran que cuando la oxitocina se activa en un contexto de competitividad o desigualdad, potencia emociones destructivas. Si una persona se siente en desventaja social, este neurotransmisor intensifica los celos y la envidia. Asimismo, eleva la sensaci\u00f3n de placer o satisfacci\u00f3n cuando el rival del grupo contrario fracasa, un fen\u00f3meno psicol\u00f3gico conocido como Schadenfreude.<\/p>\n<p>&nbsp;<\/p>\n<ol start=\"3\">\n<li><strong> Vulnerabilidad a la manipulaci\u00f3n y p\u00e9rdida de pensamiento cr\u00edtico<\/strong><\/li>\n<\/ol>\n<p>&nbsp;<\/p>\n<p>Debido a que la oxitocina reduce el miedo social y promueve la confianza ciega, una sobreexposici\u00f3n o un nivel desregulado de esta hormona puede nublar el juicio anal\u00edtico de la corteza prefrontal. Esto hace que las personas sean m\u00e1s vulnerables a fraudes, manipulaci\u00f3n emocional o a seguir de manera ciega a l\u00edderes carism\u00e1ticos pero autoritarios. El exceso de confianza inhibe las sospechas naturales que el cerebro utiliza para protegerse de posibles enga\u00f1os o entornos de riesgo.<\/p>\n<p>&nbsp;<\/p>\n<p>En bien de la b\u00fasqueda del desarrollo integral, desde la psicolog\u00eda positiva y la neuroeducaci\u00f3n se sugiere que la oxitocina debe actuar siempre en armon\u00eda con otras sustancias del cerebro, como la dopamina (motivaci\u00f3n) y la serotonina (estabilidad an\u00edmica). El secreto de un cerebro saludable no reside en inundar el sistema con una sola hormona, sino en cultivar relaciones de confianza basadas en la empat\u00eda mutua, manteniendo al mismo tiempo un pensamiento cr\u00edtico activo que nos proteja de los sesgos grupales y la manipulaci\u00f3n.<\/p>\n\r\n                <style type=\"text\/css\">\r\n                    \r\n                    #tdi_1  .td-doubleSlider-2 .td-item1 {\r\n                        background: url(https:\/\/www.eldiario.net\/portal\/wp-content\/uploads\/2026\/07\/Bio-Vulnerabilidad-a-la-manipulacion-80x60.webp) 0 0 no-repeat;\r\n                    }\r\n                    #tdi_1  .td-doubleSlider-2 .td-item2 {\r\n                        background: url(https:\/\/www.eldiario.net\/portal\/wp-content\/uploads\/2026\/07\/Bio-Cooperacion-grupal-80x60.webp) 0 0 no-repeat;\r\n                    }\r\n                    #tdi_1  .td-doubleSlider-2 .td-item3 {\r\n                        background: url(https:\/\/www.eldiario.net\/portal\/wp-content\/uploads\/2026\/07\/Bio-Perdida-de-Pensamiento-Critico-80x60.webp) 0 0 no-repeat;\r\n                    }\r\n                <\/style>\r\n\r\n                <div id=\"tdi_1\" class=\"td-gallery td-slide-on-2-columns\">\r\n                    <div class=\"post_td_gallery\">\r\n                        <div class=\"td-gallery-slide-top\">\r\n                           <div class=\"td-gallery-title\"><\/div>\r\n\r\n                            <div class=\"td-gallery-controls-wrapper\">\r\n                                <div class=\"td-gallery-slide-count\"><span class=\"td-gallery-slide-item-focus\">1<\/span> de 3<\/div>\r\n                                <div class=\"td-gallery-slide-prev-next-but\">\r\n                                    <i class = \"td-icon-left doubleSliderPrevButton\"><\/i>\r\n                                    <i class = \"td-icon-right doubleSliderNextButton\"><\/i>\r\n                                <\/div>\r\n                            <\/div>\r\n                        <\/div>\r\n\r\n                        <div class = \"td-doubleSlider-1 \">\r\n                            <div class = \"td-slider\">\r\n                                \r\n                    <div class = \"td-slide-item td-item1\">\r\n                        <figure class=\"td-slide-galery-figure td-slide-popup-gallery\">\r\n                            <a class=\"slide-gallery-image-link\" href=\"https:\/\/www.eldiario.net\/portal\/wp-content\/uploads\/2026\/07\/Bio-Vulnerabilidad-a-la-manipulacion.webp\" title=\"Bio - Vulnerabilidad a la manipulaci\u00f3n\"  data-caption=\"\"  data-description=\"\">\r\n                                <img decoding=\"async\" src=\"https:\/\/www.eldiario.net\/portal\/wp-content\/uploads\/2026\/07\/Bio-Vulnerabilidad-a-la-manipulacion-646x420.webp\" srcset=\"https:\/\/www.eldiario.net\/portal\/wp-content\/uploads\/2026\/07\/Bio-Vulnerabilidad-a-la-manipulacion-646x420.webp 646w, https:\/\/www.eldiario.net\/portal\/wp-content\/uploads\/2026\/07\/Bio-Vulnerabilidad-a-la-manipulacion-300x195.webp 300w, https:\/\/www.eldiario.net\/portal\/wp-content\/uploads\/2026\/07\/Bio-Vulnerabilidad-a-la-manipulacion-768x499.webp 768w, https:\/\/www.eldiario.net\/portal\/wp-content\/uploads\/2026\/07\/Bio-Vulnerabilidad-a-la-manipulacion-150x98.webp 150w, https:\/\/www.eldiario.net\/portal\/wp-content\/uploads\/2026\/07\/Bio-Vulnerabilidad-a-la-manipulacion-696x452.webp 696w, https:\/\/www.eldiario.net\/portal\/wp-content\/uploads\/2026\/07\/Bio-Vulnerabilidad-a-la-manipulacion.webp 900w\" sizes=\"(max-width: 646px) 100vw, 646px\" alt=\"\">\r\n                            <\/a>\r\n                            \r\n                        <\/figure>\r\n                    <\/div>\r\n                    <div class = \"td-slide-item td-item2\">\r\n                        <figure class=\"td-slide-galery-figure td-slide-popup-gallery\">\r\n                            <a class=\"slide-gallery-image-link\" href=\"https:\/\/www.eldiario.net\/portal\/wp-content\/uploads\/2026\/07\/Bio-Cooperacion-grupal.webp\" title=\"Bio - Cooperaci\u00f3n grupal\"  data-caption=\"\"  data-description=\"\">\r\n                                <img decoding=\"async\" src=\"https:\/\/www.eldiario.net\/portal\/wp-content\/uploads\/2026\/07\/Bio-Cooperacion-grupal-486x420.webp\" srcset=\"https:\/\/www.eldiario.net\/portal\/wp-content\/uploads\/2026\/07\/Bio-Cooperacion-grupal-486x420.webp 486w, https:\/\/www.eldiario.net\/portal\/wp-content\/uploads\/2026\/07\/Bio-Cooperacion-grupal-300x259.webp 300w, https:\/\/www.eldiario.net\/portal\/wp-content\/uploads\/2026\/07\/Bio-Cooperacion-grupal-768x664.webp 768w, https:\/\/www.eldiario.net\/portal\/wp-content\/uploads\/2026\/07\/Bio-Cooperacion-grupal-150x130.webp 150w, https:\/\/www.eldiario.net\/portal\/wp-content\/uploads\/2026\/07\/Bio-Cooperacion-grupal-696x601.webp 696w, https:\/\/www.eldiario.net\/portal\/wp-content\/uploads\/2026\/07\/Bio-Cooperacion-grupal.webp 1000w\" sizes=\"(max-width: 486px) 100vw, 486px\" alt=\"\">\r\n                            <\/a>\r\n                            \r\n                        <\/figure>\r\n                    <\/div>\r\n                    <div class = \"td-slide-item td-item3\">\r\n                        <figure class=\"td-slide-galery-figure td-slide-popup-gallery\">\r\n                            <a class=\"slide-gallery-image-link\" href=\"https:\/\/www.eldiario.net\/portal\/wp-content\/uploads\/2026\/07\/Bio-Perdida-de-Pensamiento-Critico.webp\" title=\"Bio - P\u00e9rdida de Pensamiento Cr\u00edtico\"  data-caption=\"\"  data-description=\"\">\r\n                                <img decoding=\"async\" src=\"https:\/\/www.eldiario.net\/portal\/wp-content\/uploads\/2026\/07\/Bio-Perdida-de-Pensamiento-Critico.webp\" srcset=\"https:\/\/www.eldiario.net\/portal\/wp-content\/uploads\/2026\/07\/Bio-Perdida-de-Pensamiento-Critico.webp 401w, https:\/\/www.eldiario.net\/portal\/wp-content\/uploads\/2026\/07\/Bio-Perdida-de-Pensamiento-Critico-300x299.webp 300w, https:\/\/www.eldiario.net\/portal\/wp-content\/uploads\/2026\/07\/Bio-Perdida-de-Pensamiento-Critico-150x150.webp 150w\" sizes=\"(max-width: 401px) 100vw, 401px\" alt=\"\">\r\n                            <\/a>\r\n                            \r\n                        <\/figure>\r\n                    <\/div>\r\n                            <\/div>\r\n                        <\/div>\r\n\r\n                        <div class = \"td-doubleSlider-2\">\r\n                            <div class = \"td-slider\">\r\n                                \r\n                    <div class = \"td-button td-item1\">\r\n                        <div class = \"td-border\"><\/div>\r\n                    <\/div>\r\n                    <div class = \"td-button td-item2\">\r\n                        <div class = \"td-border\"><\/div>\r\n                    <\/div>\r\n                    <div class = \"td-button td-item3\">\r\n                        <div class = \"td-border\"><\/div>\r\n                    <\/div>\r\n                            <\/div>\r\n                        <\/div>\r\n\r\n                    <\/div>\r\n\r\n                <\/div>\r\n                \n","protected":false},"excerpt":{"rendered":"<p>Por. Lic. H\u00e9ctor Molina &nbsp; Recordemos que\u2026 &nbsp; La oxitocina es una de las mol\u00e9culas m\u00e1s fascinantes y cruciales para comprender la naturaleza humana. A menudo denominada popularmente como la \u201chormona del amor\u201d o del \u201cabrazo\u201d, este compuesto va mucho m\u00e1s all\u00e1 de las din\u00e1micas rom\u00e1nticas; funciona como un engranaje maestro en la arquitectura social, [&hellip;]<\/p>\n","protected":false},"author":1,"featured_media":413394,"comment_status":"closed","ping_status":"open","sticky":false,"template":"","format":"standard","meta":{"_acf_changed":false,"footnotes":""},"categories":[43],"tags":[],"class_list":["post-413393","post","type-post","status-publish","format-standard","has-post-thumbnail","category-nuevos-horizontes"],"acf":{"antetitulo":"Segunda Parte"},"yoast_head":"<!-- This site is optimized with the Yoast SEO plugin v28.4 - https:\/\/yoast.com\/product\/yoast-seo-wordpress\/ -->\n<title>La oxitocina Y c\u00f3mo descargarla - El Diario - Bolivia<\/title>\n<meta name=\"robots\" content=\"index, follow, max-snippet:-1, max-image-preview:large, max-video-preview:-1\" \/>\n<link rel=\"canonical\" href=\"https:\/\/www.eldiario.net\/portal\/2026\/07\/17\/la-oxitocina-y-como-descargarla-2\/\" \/>\n<meta property=\"og:locale\" content=\"es_ES\" \/>\n<meta property=\"og:type\" content=\"article\" \/>\n<meta property=\"og:title\" content=\"La oxitocina Y c\u00f3mo descargarla - El Diario - Bolivia\" \/>\n<meta property=\"og:description\" content=\"Por. Lic. H\u00e9ctor Molina &nbsp; Recordemos que\u2026 &nbsp; La oxitocina es una de las mol\u00e9culas m\u00e1s fascinantes y cruciales para comprender la naturaleza humana. A menudo denominada popularmente como la \u201chormona del amor\u201d o del \u201cabrazo\u201d, este compuesto va mucho m\u00e1s all\u00e1 de las din\u00e1micas rom\u00e1nticas; funciona como un engranaje maestro en la arquitectura social, [&hellip;]\" \/>\n<meta property=\"og:url\" content=\"https:\/\/www.eldiario.net\/portal\/2026\/07\/17\/la-oxitocina-y-como-descargarla-2\/\" \/>\n<meta property=\"og:site_name\" content=\"El Diario - Bolivia\" \/>\n<meta property=\"article:publisher\" content=\"https:\/\/www.facebook.com\/eldiario.bolivia\/\" \/>\n<meta property=\"article:published_time\" content=\"2026-07-17T10:59:30+00:00\" \/>\n<meta property=\"og:image\" content=\"https:\/\/www.eldiario.net\/portal\/wp-content\/uploads\/2026\/07\/Bio-Vulnerabilidad-a-la-manipulacion.webp\" \/>\n\t<meta property=\"og:image:width\" content=\"900\" \/>\n\t<meta property=\"og:image:height\" content=\"585\" \/>\n\t<meta property=\"og:image:type\" content=\"image\/webp\" \/>\n<meta name=\"author\" content=\"Jeanette\" \/>\n<meta name=\"twitter:card\" content=\"summary_large_image\" \/>\n<meta name=\"twitter:creator\" content=\"@eldiario_net\" \/>\n<meta name=\"twitter:site\" content=\"@eldiario_net\" \/>\n<meta name=\"twitter:label1\" content=\"Escrito por\" \/>\n\t<meta name=\"twitter:data1\" content=\"Jeanette\" \/>\n\t<meta name=\"twitter:label2\" content=\"Tiempo de lectura\" \/>\n\t<meta name=\"twitter:data2\" content=\"5 minutos\" \/>\n<script type=\"application\/ld+json\" class=\"yoast-schema-graph\">{\"@context\":\"https:\\\/\\\/schema.org\",\"@graph\":[{\"@type\":\"Article\",\"@id\":\"https:\\\/\\\/www.eldiario.net\\\/portal\\\/2026\\\/07\\\/17\\\/la-oxitocina-y-como-descargarla-2\\\/#article\",\"isPartOf\":{\"@id\":\"https:\\\/\\\/www.eldiario.net\\\/portal\\\/2026\\\/07\\\/17\\\/la-oxitocina-y-como-descargarla-2\\\/\"},\"author\":{\"name\":\"Jeanette\",\"@id\":\"https:\\\/\\\/www.eldiario.net\\\/portal\\\/#\\\/schema\\\/person\\\/2c57cf2b7a7ae032e449e4c9b1019eac\"},\"headline\":\"La oxitocina Y c\u00f3mo descargarla\",\"datePublished\":\"2026-07-17T10:59:30+00:00\",\"mainEntityOfPage\":{\"@id\":\"https:\\\/\\\/www.eldiario.net\\\/portal\\\/2026\\\/07\\\/17\\\/la-oxitocina-y-como-descargarla-2\\\/\"},\"wordCount\":1023,\"publisher\":{\"@id\":\"https:\\\/\\\/www.eldiario.net\\\/portal\\\/#organization\"},\"image\":{\"@id\":\"https:\\\/\\\/www.eldiario.net\\\/portal\\\/2026\\\/07\\\/17\\\/la-oxitocina-y-como-descargarla-2\\\/#primaryimage\"},\"thumbnailUrl\":\"https:\\\/\\\/www.eldiario.net\\\/portal\\\/wp-content\\\/uploads\\\/2026\\\/07\\\/Bio-Vulnerabilidad-a-la-manipulacion.webp\",\"articleSection\":[\"Nuevos Horizontes\"],\"inLanguage\":\"es\"},{\"@type\":\"WebPage\",\"@id\":\"https:\\\/\\\/www.eldiario.net\\\/portal\\\/2026\\\/07\\\/17\\\/la-oxitocina-y-como-descargarla-2\\\/\",\"url\":\"https:\\\/\\\/www.eldiario.net\\\/portal\\\/2026\\\/07\\\/17\\\/la-oxitocina-y-como-descargarla-2\\\/\",\"name\":\"La oxitocina Y c\u00f3mo descargarla - El Diario - Bolivia\",\"isPartOf\":{\"@id\":\"https:\\\/\\\/www.eldiario.net\\\/portal\\\/#website\"},\"primaryImageOfPage\":{\"@id\":\"https:\\\/\\\/www.eldiario.net\\\/portal\\\/2026\\\/07\\\/17\\\/la-oxitocina-y-como-descargarla-2\\\/#primaryimage\"},\"image\":{\"@id\":\"https:\\\/\\\/www.eldiario.net\\\/portal\\\/2026\\\/07\\\/17\\\/la-oxitocina-y-como-descargarla-2\\\/#primaryimage\"},\"thumbnailUrl\":\"https:\\\/\\\/www.eldiario.net\\\/portal\\\/wp-content\\\/uploads\\\/2026\\\/07\\\/Bio-Vulnerabilidad-a-la-manipulacion.webp\",\"datePublished\":\"2026-07-17T10:59:30+00:00\",\"breadcrumb\":{\"@id\":\"https:\\\/\\\/www.eldiario.net\\\/portal\\\/2026\\\/07\\\/17\\\/la-oxitocina-y-como-descargarla-2\\\/#breadcrumb\"},\"inLanguage\":\"es\",\"potentialAction\":[{\"@type\":\"ReadAction\",\"target\":[\"https:\\\/\\\/www.eldiario.net\\\/portal\\\/2026\\\/07\\\/17\\\/la-oxitocina-y-como-descargarla-2\\\/\"]}]},{\"@type\":\"ImageObject\",\"inLanguage\":\"es\",\"@id\":\"https:\\\/\\\/www.eldiario.net\\\/portal\\\/2026\\\/07\\\/17\\\/la-oxitocina-y-como-descargarla-2\\\/#primaryimage\",\"url\":\"https:\\\/\\\/www.eldiario.net\\\/portal\\\/wp-content\\\/uploads\\\/2026\\\/07\\\/Bio-Vulnerabilidad-a-la-manipulacion.webp\",\"contentUrl\":\"https:\\\/\\\/www.eldiario.net\\\/portal\\\/wp-content\\\/uploads\\\/2026\\\/07\\\/Bio-Vulnerabilidad-a-la-manipulacion.webp\",\"width\":900,\"height\":585},{\"@type\":\"BreadcrumbList\",\"@id\":\"https:\\\/\\\/www.eldiario.net\\\/portal\\\/2026\\\/07\\\/17\\\/la-oxitocina-y-como-descargarla-2\\\/#breadcrumb\",\"itemListElement\":[{\"@type\":\"ListItem\",\"position\":1,\"name\":\"Portada\",\"item\":\"https:\\\/\\\/www.eldiario.net\\\/portal\\\/\"},{\"@type\":\"ListItem\",\"position\":2,\"name\":\"La oxitocina Y c\u00f3mo descargarla\"}]},{\"@type\":\"WebSite\",\"@id\":\"https:\\\/\\\/www.eldiario.net\\\/portal\\\/#website\",\"url\":\"https:\\\/\\\/www.eldiario.net\\\/portal\\\/\",\"name\":\"El Diario - Decano de la prensa nacional\",\"description\":\"El Diario - Decano de la prensa nacional\",\"publisher\":{\"@id\":\"https:\\\/\\\/www.eldiario.net\\\/portal\\\/#organization\"},\"potentialAction\":[{\"@type\":\"SearchAction\",\"target\":{\"@type\":\"EntryPoint\",\"urlTemplate\":\"https:\\\/\\\/www.eldiario.net\\\/portal\\\/?s={search_term_string}\"},\"query-input\":{\"@type\":\"PropertyValueSpecification\",\"valueRequired\":true,\"valueName\":\"search_term_string\"}}],\"inLanguage\":\"es\"},{\"@type\":\"Organization\",\"@id\":\"https:\\\/\\\/www.eldiario.net\\\/portal\\\/#organization\",\"name\":\"El Diario - Decano de la prensa nacional\",\"url\":\"https:\\\/\\\/www.eldiario.net\\\/portal\\\/\",\"logo\":{\"@type\":\"ImageObject\",\"inLanguage\":\"es\",\"@id\":\"https:\\\/\\\/www.eldiario.net\\\/portal\\\/#\\\/schema\\\/logo\\\/image\\\/\",\"url\":\"https:\\\/\\\/www.eldiario.net\\\/portal\\\/wp-content\\\/uploads\\\/2023\\\/07\\\/logo_ED.jpg\",\"contentUrl\":\"https:\\\/\\\/www.eldiario.net\\\/portal\\\/wp-content\\\/uploads\\\/2023\\\/07\\\/logo_ED.jpg\",\"width\":272,\"height\":52,\"caption\":\"El Diario - Decano de la prensa nacional\"},\"image\":{\"@id\":\"https:\\\/\\\/www.eldiario.net\\\/portal\\\/#\\\/schema\\\/logo\\\/image\\\/\"},\"sameAs\":[\"https:\\\/\\\/www.facebook.com\\\/eldiario.bolivia\\\/\",\"https:\\\/\\\/x.com\\\/eldiario_net\"]},{\"@type\":\"Person\",\"@id\":\"https:\\\/\\\/www.eldiario.net\\\/portal\\\/#\\\/schema\\\/person\\\/2c57cf2b7a7ae032e449e4c9b1019eac\",\"name\":\"Jeanette\",\"image\":{\"@type\":\"ImageObject\",\"inLanguage\":\"es\",\"@id\":\"https:\\\/\\\/secure.gravatar.com\\\/avatar\\\/3ea2118a5f7dad2b7138b1187a6b7ee55f160b9968b66013c3a3ef39dd7e5798?s=96&d=mm&r=g\",\"url\":\"https:\\\/\\\/secure.gravatar.com\\\/avatar\\\/3ea2118a5f7dad2b7138b1187a6b7ee55f160b9968b66013c3a3ef39dd7e5798?s=96&d=mm&r=g\",\"contentUrl\":\"https:\\\/\\\/secure.gravatar.com\\\/avatar\\\/3ea2118a5f7dad2b7138b1187a6b7ee55f160b9968b66013c3a3ef39dd7e5798?s=96&d=mm&r=g\",\"caption\":\"Jeanette\"},\"sameAs\":[\"https:\\\/\\\/www.eldiario.net\\\/portal\"],\"url\":\"https:\\\/\\\/www.eldiario.net\\\/portal\\\/author\\\/jeanette\\\/\"}]}<\/script>\n<!-- \/ Yoast SEO plugin. -->","yoast_head_json":{"title":"La oxitocina Y c\u00f3mo descargarla - El Diario - Bolivia","robots":{"index":"index","follow":"follow","max-snippet":"max-snippet:-1","max-image-preview":"max-image-preview:large","max-video-preview":"max-video-preview:-1"},"canonical":"https:\/\/www.eldiario.net\/portal\/2026\/07\/17\/la-oxitocina-y-como-descargarla-2\/","og_locale":"es_ES","og_type":"article","og_title":"La oxitocina Y c\u00f3mo descargarla - El Diario - Bolivia","og_description":"Por. Lic. H\u00e9ctor Molina &nbsp; Recordemos que\u2026 &nbsp; La oxitocina es una de las mol\u00e9culas m\u00e1s fascinantes y cruciales para comprender la naturaleza humana. A menudo denominada popularmente como la \u201chormona del amor\u201d o del \u201cabrazo\u201d, este compuesto va mucho m\u00e1s all\u00e1 de las din\u00e1micas rom\u00e1nticas; funciona como un engranaje maestro en la arquitectura social, [&hellip;]","og_url":"https:\/\/www.eldiario.net\/portal\/2026\/07\/17\/la-oxitocina-y-como-descargarla-2\/","og_site_name":"El Diario - Bolivia","article_publisher":"https:\/\/www.facebook.com\/eldiario.bolivia\/","article_published_time":"2026-07-17T10:59:30+00:00","og_image":[{"width":900,"height":585,"url":"https:\/\/www.eldiario.net\/portal\/wp-content\/uploads\/2026\/07\/Bio-Vulnerabilidad-a-la-manipulacion.webp","type":"image\/webp"}],"author":"Jeanette","twitter_card":"summary_large_image","twitter_creator":"@eldiario_net","twitter_site":"@eldiario_net","twitter_misc":{"Escrito por":"Jeanette","Tiempo de lectura":"5 minutos"},"schema":{"@context":"https:\/\/schema.org","@graph":[{"@type":"Article","@id":"https:\/\/www.eldiario.net\/portal\/2026\/07\/17\/la-oxitocina-y-como-descargarla-2\/#article","isPartOf":{"@id":"https:\/\/www.eldiario.net\/portal\/2026\/07\/17\/la-oxitocina-y-como-descargarla-2\/"},"author":{"name":"Jeanette","@id":"https:\/\/www.eldiario.net\/portal\/#\/schema\/person\/2c57cf2b7a7ae032e449e4c9b1019eac"},"headline":"La oxitocina Y c\u00f3mo descargarla","datePublished":"2026-07-17T10:59:30+00:00","mainEntityOfPage":{"@id":"https:\/\/www.eldiario.net\/portal\/2026\/07\/17\/la-oxitocina-y-como-descargarla-2\/"},"wordCount":1023,"publisher":{"@id":"https:\/\/www.eldiario.net\/portal\/#organization"},"image":{"@id":"https:\/\/www.eldiario.net\/portal\/2026\/07\/17\/la-oxitocina-y-como-descargarla-2\/#primaryimage"},"thumbnailUrl":"https:\/\/www.eldiario.net\/portal\/wp-content\/uploads\/2026\/07\/Bio-Vulnerabilidad-a-la-manipulacion.webp","articleSection":["Nuevos Horizontes"],"inLanguage":"es"},{"@type":"WebPage","@id":"https:\/\/www.eldiario.net\/portal\/2026\/07\/17\/la-oxitocina-y-como-descargarla-2\/","url":"https:\/\/www.eldiario.net\/portal\/2026\/07\/17\/la-oxitocina-y-como-descargarla-2\/","name":"La oxitocina Y c\u00f3mo descargarla - El Diario - Bolivia","isPartOf":{"@id":"https:\/\/www.eldiario.net\/portal\/#website"},"primaryImageOfPage":{"@id":"https:\/\/www.eldiario.net\/portal\/2026\/07\/17\/la-oxitocina-y-como-descargarla-2\/#primaryimage"},"image":{"@id":"https:\/\/www.eldiario.net\/portal\/2026\/07\/17\/la-oxitocina-y-como-descargarla-2\/#primaryimage"},"thumbnailUrl":"https:\/\/www.eldiario.net\/portal\/wp-content\/uploads\/2026\/07\/Bio-Vulnerabilidad-a-la-manipulacion.webp","datePublished":"2026-07-17T10:59:30+00:00","breadcrumb":{"@id":"https:\/\/www.eldiario.net\/portal\/2026\/07\/17\/la-oxitocina-y-como-descargarla-2\/#breadcrumb"},"inLanguage":"es","potentialAction":[{"@type":"ReadAction","target":["https:\/\/www.eldiario.net\/portal\/2026\/07\/17\/la-oxitocina-y-como-descargarla-2\/"]}]},{"@type":"ImageObject","inLanguage":"es","@id":"https:\/\/www.eldiario.net\/portal\/2026\/07\/17\/la-oxitocina-y-como-descargarla-2\/#primaryimage","url":"https:\/\/www.eldiario.net\/portal\/wp-content\/uploads\/2026\/07\/Bio-Vulnerabilidad-a-la-manipulacion.webp","contentUrl":"https:\/\/www.eldiario.net\/portal\/wp-content\/uploads\/2026\/07\/Bio-Vulnerabilidad-a-la-manipulacion.webp","width":900,"height":585},{"@type":"BreadcrumbList","@id":"https:\/\/www.eldiario.net\/portal\/2026\/07\/17\/la-oxitocina-y-como-descargarla-2\/#breadcrumb","itemListElement":[{"@type":"ListItem","position":1,"name":"Portada","item":"https:\/\/www.eldiario.net\/portal\/"},{"@type":"ListItem","position":2,"name":"La oxitocina Y c\u00f3mo descargarla"}]},{"@type":"WebSite","@id":"https:\/\/www.eldiario.net\/portal\/#website","url":"https:\/\/www.eldiario.net\/portal\/","name":"El Diario - Decano de la prensa nacional","description":"El Diario - Decano de la prensa nacional","publisher":{"@id":"https:\/\/www.eldiario.net\/portal\/#organization"},"potentialAction":[{"@type":"SearchAction","target":{"@type":"EntryPoint","urlTemplate":"https:\/\/www.eldiario.net\/portal\/?s={search_term_string}"},"query-input":{"@type":"PropertyValueSpecification","valueRequired":true,"valueName":"search_term_string"}}],"inLanguage":"es"},{"@type":"Organization","@id":"https:\/\/www.eldiario.net\/portal\/#organization","name":"El Diario - Decano de la prensa nacional","url":"https:\/\/www.eldiario.net\/portal\/","logo":{"@type":"ImageObject","inLanguage":"es","@id":"https:\/\/www.eldiario.net\/portal\/#\/schema\/logo\/image\/","url":"https:\/\/www.eldiario.net\/portal\/wp-content\/uploads\/2023\/07\/logo_ED.jpg","contentUrl":"https:\/\/www.eldiario.net\/portal\/wp-content\/uploads\/2023\/07\/logo_ED.jpg","width":272,"height":52,"caption":"El Diario - Decano de la prensa nacional"},"image":{"@id":"https:\/\/www.eldiario.net\/portal\/#\/schema\/logo\/image\/"},"sameAs":["https:\/\/www.facebook.com\/eldiario.bolivia\/","https:\/\/x.com\/eldiario_net"]},{"@type":"Person","@id":"https:\/\/www.eldiario.net\/portal\/#\/schema\/person\/2c57cf2b7a7ae032e449e4c9b1019eac","name":"Jeanette","image":{"@type":"ImageObject","inLanguage":"es","@id":"https:\/\/secure.gravatar.com\/avatar\/3ea2118a5f7dad2b7138b1187a6b7ee55f160b9968b66013c3a3ef39dd7e5798?s=96&d=mm&r=g","url":"https:\/\/secure.gravatar.com\/avatar\/3ea2118a5f7dad2b7138b1187a6b7ee55f160b9968b66013c3a3ef39dd7e5798?s=96&d=mm&r=g","contentUrl":"https:\/\/secure.gravatar.com\/avatar\/3ea2118a5f7dad2b7138b1187a6b7ee55f160b9968b66013c3a3ef39dd7e5798?s=96&d=mm&r=g","caption":"Jeanette"},"sameAs":["https:\/\/www.eldiario.net\/portal"],"url":"https:\/\/www.eldiario.net\/portal\/author\/jeanette\/"}]}},"_links":{"self":[{"href":"https:\/\/www.eldiario.net\/portal\/wp-json\/wp\/v2\/posts\/413393","targetHints":{"allow":["GET"]}}],"collection":[{"href":"https:\/\/www.eldiario.net\/portal\/wp-json\/wp\/v2\/posts"}],"about":[{"href":"https:\/\/www.eldiario.net\/portal\/wp-json\/wp\/v2\/types\/post"}],"author":[{"embeddable":true,"href":"https:\/\/www.eldiario.net\/portal\/wp-json\/wp\/v2\/users\/1"}],"replies":[{"embeddable":true,"href":"https:\/\/www.eldiario.net\/portal\/wp-json\/wp\/v2\/comments?post=413393"}],"version-history":[{"count":1,"href":"https:\/\/www.eldiario.net\/portal\/wp-json\/wp\/v2\/posts\/413393\/revisions"}],"predecessor-version":[{"id":413397,"href":"https:\/\/www.eldiario.net\/portal\/wp-json\/wp\/v2\/posts\/413393\/revisions\/413397"}],"wp:featuredmedia":[{"embeddable":true,"href":"https:\/\/www.eldiario.net\/portal\/wp-json\/wp\/v2\/media\/413394"}],"wp:attachment":[{"href":"https:\/\/www.eldiario.net\/portal\/wp-json\/wp\/v2\/media?parent=413393"}],"wp:term":[{"taxonomy":"category","embeddable":true,"href":"https:\/\/www.eldiario.net\/portal\/wp-json\/wp\/v2\/categories?post=413393"},{"taxonomy":"post_tag","embeddable":true,"href":"https:\/\/www.eldiario.net\/portal\/wp-json\/wp\/v2\/tags?post=413393"}],"curies":[{"name":"wp","href":"https:\/\/api.w.org\/{rel}","templated":true}]}}